{"id":2916,"date":"2010-07-19T13:54:52","date_gmt":"2010-07-19T11:54:52","guid":{"rendered":"http:\/\/evertonfc.cz\/?p=2916"},"modified":"2019-02-10T13:57:56","modified_gmt":"2019-02-10T12:57:56","slug":"klicovy-bude-vydareny-start-predpovida-baines","status":"publish","type":"post","link":"https:\/\/evertonfc.cz\/index.php\/2010\/07\/19\/klicovy-bude-vydareny-start-predpovida-baines\/","title":{"rendered":"Kl\u00ed\u010dov\u00fd bude vyda\u0159en\u00fd start, p\u0159edpov\u00edd\u00e1 Baines"},"content":{"rendered":"<h4>V nadch\u00e1zej\u00edc\u00ed sezon\u011b se od Evertonu \u010dekaj\u00ed velk\u00e9 v\u011bci; ambici\u00f3zn\u00ed t\u00fdm chce kone\u010dn\u011b dos\u00e1hnout skute\u010dn\u00e9ho \u00fasp\u011bchu. <em>\u201eMus\u00edme se rozjet od samotn\u00e9ho za\u010d\u00e1tku,\u201c<\/em> rad\u00ed Leighton Baines.<\/h4>\n<p>\u00davodn\u00ed m\u011bs\u00edce byly pro Everton v posledn\u00edch sezon\u00e1ch zaklet\u00e9. Sta\u010d\u00ed se jen ohl\u00e9dnout o necel\u00fd rok zp\u011bt, kdy Toffees hned zkraje zab\u0159edli do bryndy, ze kter\u00e9 se horko t\u011b\u017eko vyhrab\u00e1vali a\u017e do posledn\u00edch t\u00fddn\u016f. Recept na to, jak kone\u010dn\u011b lapit formu od \u00favodn\u00edho kola tak rozhodn\u011b letos nesm\u011bl b\u00fdt opom\u00edjen.<\/p>\n<p>A zat\u00edm se zd\u00e1, \u017ee t\u0159i t\u00fddny p\u0159ed v\u00fdkopem nov\u00e9 sezony \u0161lape v\u0161e jako na dr\u00e1tk\u00e1ch. Australsk\u00e9 soust\u0159ed\u011bn\u00ed Blues zvl\u00e1dli bez ztr\u00e1ty kyti\u010dky, marodka je a\u017e na jedinou v\u00fdjimku vypr\u00e1zdn\u011bn\u00e1, v\u010das sta\u010dily p\u0159ij\u00edt zaj\u00edmav\u00e9 posily. V modr\u00e9m t\u00e1bo\u0159e proto zat\u00edm vl\u00e1dne optimismus. Evertonians nav\u00edc nezapomn\u011bli, \u017ee forma \u010d\u00edtaj\u00edc\u00ed kalend\u00e1\u0159n\u00ed rok 2010, by jejich t\u00fdmu zaru\u010dovala um\u00edst\u011bn\u00ed v prvn\u00ed trojici. Sezona ov\u0161em trv\u00e1 dev\u011bt m\u011bs\u00edc\u016f, a tak bude jedn\u00edm z kl\u00ed\u010dov\u00fdch obdob\u00ed pr\u00e1v\u011b start. Lo\u0148sk\u00e1 \u0161estig\u00f3lov\u00e1 n\u00e1lo\u017e od Arsenalu budi\u017e dostate\u010dn\u00fdm varov\u00e1n\u00edm a odstra\u0161uj\u00edc\u00edm p\u0159\u00edpadem.<\/p>\n<p><em>\u201eVzpom\u00edn\u00e1m si na konec toho z\u00e1pasu,\u201c\u00a0<\/em>u\u0161klebuje se Baines.\u00a0<em>\u201eNedok\u00e1zal jsem to pochopit, zd\u00e1lo se, \u017ee je to cel\u00e9 mimo realitu. Sed\u011bl jsem v \u0161atn\u011b a \u0159\u00edkal jsem si &#8222;tohle se nem\u011blo st\u00e1t. Nikdy&#8220;. Takov\u00fdhle v\u00fdprask si nem\u016f\u017eete dovolit nikde, nato\u017e na Goodisonu.<\/em><\/p>\n<p><em>V\u00edce ne\u017e m\u011bs\u00edc tr\u00e9nujete, c\u00edt\u00edte se p\u0159ipraveni, nat\u011b\u0161en\u00ed na prvn\u00ed z\u00e1pas. A pak ve\u0161ker\u00e1 o\u010dek\u00e1v\u00e1n\u00ed a motivace zmiz\u00ed b\u011bhem 90 minut. Pod\u00edval jsem se v \u0161atn\u011b kolem sebe, nikdo nemohl mluvit. Je to alarmuj\u00edc\u00ed znamen\u00ed, kter\u00e9 n\u00e1m \u0159\u00edk\u00e1, \u017ee takhle to u\u017e p\u0159\u00ed\u0161t\u011b opravdu nep\u016fjde.<\/em><\/p>\n<p><em>Tehdy se po\u0159\u00e1d mluvilo o Joleonov\u011b odchodu. \u010c\u00e1st viny tak\u00e9 le\u017eela na n\u011bm, ale pokud jde o z\u00e1pas proti Arsenalu, podle m\u011b nemohl ani za jeden g\u00f3l. Pro lidi bylo snadn\u00e9 si na n\u011bj uk\u00e1zat prstem. Abych byl k Joleonovi f\u00e9r, i kdy\u017e z Evertonu odch\u00e1zel, po\u0159\u00e1d byl r\u00e1d, \u017ee pro t\u00fdm m\u016f\u017ee je\u0161t\u011b odv\u00e9st n\u011bjakou pr\u00e1ci. To o n\u011bm trochu vypov\u00edd\u00e1,<\/em>\u201c br\u00e1n\u00ed bek sv\u00e9ho b\u00fdval\u00e9ho kolegu.<\/p>\n<p>Nam\u00edsto efektu studen\u00e9 sprchy, ale krize zd\u00e1rn\u011b pokra\u010dovala. Jej\u00ed vyvrcholen\u00ed nastalo a\u017e v listopadu po tr\u00fdzniv\u00e9 por\u00e1\u017ece 2-3 na KC Stadium.<em>\u00a0\u201eDen potom jsme st\u00e1le byli v \u0161oku. Trvalo n\u00e1m dlouh\u00e9 hodiny tr\u00e9ninku, ne\u017e jsme kone\u010dn\u011b na\u0161li svoji v\u00fdkonnost. Nakonec se n\u00e1m to poda\u0159ilo, ale trvalo to a\u017e moc dlouho,\u201c<\/em>\u00a0vrac\u00ed se Leighton k lo\u0148sk\u00e9mu probuzen\u00ed.<\/p>\n<p>Velkou v\u00fdhodou p\u0159ed vypuknut\u00edm nov\u00e9 sezon\u011b jsou podle obr\u00e1nce pr\u00e1v\u011b dobr\u00e9 v\u00fdsledky z p\u0159\u00edpravy. Mnoz\u00ed sice result\u016fm p\u0159\u00e1telsk\u00fdch z\u00e1pas\u016f nep\u0159ikl\u00e1daj\u00ed v\u00fdrazn\u011bj\u0161\u00ed v\u00e1hu, Baines v\u0161ak tvrd\u00ed, \u017ee v\u00edt\u011bzn\u00e1 p\u0159\u00edprava v jist\u00fdch ohledech dod\u00e1v\u00e1 t\u00fdmu s\u00edlu. Jeho slova koneckonc\u016f potvrzuj\u00ed dv\u011b p\u0159edchoz\u00ed letn\u00ed soust\u0159ed\u011bn\u00ed &#8211; Evertonu se neda\u0159ilo a \u0161patnou formu si p\u0159enesl i do sout\u011b\u017ee.<\/p>\n<p><em>\u201eJe jednoduch\u00e9 odsunovat\u00a0d\u016fle\u017eitost p\u0159ipraven\u00fdch\u00a0utk\u00e1n\u00ed stranou, ale d\u00edky tomu, \u017ee jsme v Austr\u00e1lii vyhr\u00e1li v\u0161echny t\u0159i z\u00e1pasy, je z mor\u00e1ln\u00edho hlediska d\u016fle\u017eit\u00e9, \u017ee dom\u016f odj\u00ed\u017ed\u00edme se t\u0159emi v\u00fdhrami. Sice se od n\u00e1s v\u00fdhry o\u010dek\u00e1valy, ale p\u0159\u00edprava v\u017edy nemus\u00ed fungovat, tak jak si p\u0159ejete. Ano, je to hlavn\u011b o nabr\u00e1n\u00ed fyzi\u010dky, ale v\u00fdsledky nelze opom\u00edjet. Letos chceme zm\u011bnu. V\u011b\u0159\u00edme, \u017ee vyda\u0159en\u00e1 p\u0159\u00edprava bude p\u0159edznamen\u00e1vat dobr\u00fd vstup do ligy.\u201c<\/em><\/p>\n<p>Pro samotn\u00e9ho lev\u00e9ho beka bude nov\u00e1 sezona ji\u017e \u010dtvrtou od jeho p\u0159\u00edchodu z Wiganu v l\u00e9t\u011b 2007. V z\u00e1kladn\u00ed sestav\u011b se p\u011btadvacetilet\u00fd rod\u00e1k z Kirkby nemohl dlouho prosadit, ale b\u011bhem ro\u010dn\u00edku 2008\/09 chytil \u0161anci za pa\u010desy a dnes se Everton m\u016f\u017ee chlubit jedn\u00edm z nejlep\u0161\u00edch lev\u00fdch bek\u016f v Premier League.<\/p>\n<p>Od leto\u0161n\u00edho roku anglick\u00fd reprezentant ale nehodl\u00e1 usnout na vav\u0159\u00ednech. P\u0159esto\u017ee mu u Toffees chyb\u00ed konkurence v osob\u011b jin\u00e9ho \u010distokrevn\u00e9ho lev\u00e9ho obr\u00e1nce, st\u00e1le chce j\u00edt ve sv\u00e9m v\u00fdvoji nahoru. Jako motivace mu pr\u00fd slou\u017e\u00ed dostihnut\u00ed mo\u017en\u00e1 dvou nejlep\u0161\u00edch lev\u00fdch bek\u016f sv\u011bta a koleg\u016f z ligov\u00e9 sout\u011b\u017ee &#8211; Patrice Evry a Ashleyho Colea.<\/p>\n<p><em>\u201eOproti minul\u00e9 sezon\u011b se sna\u017e\u00edm je\u0161t\u011b v\u00edc zlep\u0161it. V Evertonu sice jin\u00fd lev\u00fd bek nen\u00ed, ale zn\u00e1m v\u0161echny sv\u00e9 lo\u0148sk\u00e9 statistiky asistenc\u00ed, centr\u016f, prostoru, kter\u00fd jsem pokryl a procentu\u00e1ln\u00ed \u00fasp\u011b\u0161nost v\u0161ech m\u00fdch p\u0159ihr\u00e1vek. Ty informace n\u00e1m jsou dostupn\u00e9, tak\u017ee pro\u010d si je nezjistit a nesna\u017eit se je vylep\u0161it? Sleduji i v\u0161echny ostatn\u00ed lev\u00e9 beky v lize &#8211; na jak\u00e9 \u00farovni jsou oni, a na jak\u00e9 j\u00e1.<\/em><\/p>\n<p><em>Mana\u017eer a Steve Round mi v tom hodn\u011b pom\u00e1haj\u00ed. Loni jsem chyb\u011bl tu\u0161\u00edm v jednom ligov\u00e9m z\u00e1pase a letos nechci zme\u0161kat jedin\u00fd. V\u0161echno je to o stanoven\u00ed c\u00edl\u016f a b\u00fdt ambici\u00f3zn\u00ed, ani\u017e bych nebyl realistou.\u201c<\/em><\/p>\n<p>Z\u00e1sadn\u00ed roli v dosa\u017een\u00ed mnohem lep\u0161\u00edho um\u00edst\u011bn\u00ed ne\u017e loni, by m\u011bla hr\u00e1t pevn\u011bj\u0161\u00ed defenziva. V obrann\u00e9 zdi se d\u00edky po\u010detn\u00fdm zran\u011bn\u00edm v ned\u00e1vn\u00fdch m\u011bs\u00edc\u00edch vyst\u0159\u00eddalo hned n\u011bkolik jmen, a tak zadn\u00ed \u010dty\u0159ce chyb\u011bla sehranost. Bek tak v\u011b\u0159\u00ed, \u017ee Everton znovu zformuje siln\u00fd val, kter\u00fdm se chlubil t\u0159eba v p\u0159edminul\u00e9 sezon\u011b.<\/p>\n<p><em>\u201eChyb\u011bl n\u00e1m Jags a pro Sylvaina to byl prvn\u00ed rok u n\u00e1s, tak\u017ee se sp\u00ed\u0161 seznamoval. Nyn\u00ed m\u00e1me v\u0161echny hr\u00e1\u010de pohromad\u011b. V p\u0159\u00edprav\u011b jsme zat\u00edm udr\u017eeli dv\u011b \u010dist\u00e1 konta, co\u017e je dobr\u00fdm znamen\u00edm. P\u0159ed rokem jsme byli vzadu hodn\u011b siln\u00ed, pak se ale zranil Jags, pozd\u011bji ode\u0161el Joleon, a to obranu hodn\u011b naru\u0161ilo.<\/em><\/p>\n<p><em>Te\u010f n\u00e1m znovu nechyb\u00ed rychlost, s\u00edla a dostatek hr\u00e1\u010d\u016f. Nav\u00edc je\u0161t\u011b v Austr\u00e1lii chyb\u011bl Joseph Yobo, a tak\u00e9 m\u00e1me Seamuse, kter\u00fd bude v t\u00e9hle sezon\u011b hr\u00e1t v\u011bt\u0161\u00ed roli. Vypad\u00e1 p\u0159ipraven\u011b, ale pot\u0159ebuje hrac\u00ed \u010das. Dal\u0161\u00ed \u010d\u00e1st\u00ed jeho v\u00fdvoje je zisk zku\u0161enost\u00ed, a jeho hostov\u00e1n\u00ed mu dost pomohlo. Je pln\u00fd energie\u00a0a m\u00e1 velkou motivaci, a to je velmi d\u016fle\u017eit\u00e9.\u201c<\/em><\/p>\n","protected":false},"excerpt":{"rendered":"<p>V nadch\u00e1zej\u00edc\u00ed sezon\u011b se od Evertonu \u010dekaj\u00ed velk\u00e9 v\u011bci; ambici\u00f3zn\u00ed t\u00fdm chce kone\u010dn\u011b dos\u00e1hnout skute\u010dn\u00e9ho \u00fasp\u011bchu. \u201eMus\u00edme se rozjet od&hellip;<\/p>\n","protected":false},"author":7,"featured_media":1312,"comment_status":"open","ping_status":"closed","sticky":false,"template":"","format":"standard","meta":{"_eb_attr":"","_monsterinsights_skip_tracking":false,"_monsterinsights_sitenote_active":false,"_monsterinsights_sitenote_note":"","_monsterinsights_sitenote_category":0,"footnotes":""},"categories":[1],"tags":[],"yoast_head":"<!-- This site is optimized with the Yoast SEO plugin v23.4 - https:\/\/yoast.com\/wordpress\/plugins\/seo\/ -->\n<title>Kl\u00ed\u010dov\u00fd bude vyda\u0159en\u00fd start, p\u0159edpov\u00edd\u00e1 Baines - Official Czech &amp; Slovak Everton Supporters&#039; Club<\/title>\n<meta name=\"robots\" content=\"index, follow, max-snippet:-1, max-image-preview:large, max-video-preview:-1\" \/>\n<link rel=\"canonical\" href=\"https:\/\/evertonfc.cz\/index.php\/2010\/07\/19\/klicovy-bude-vydareny-start-predpovida-baines\/\" \/>\n<meta property=\"og:locale\" content=\"cs_CZ\" \/>\n<meta property=\"og:type\" content=\"article\" \/>\n<meta property=\"og:title\" content=\"Kl\u00ed\u010dov\u00fd bude vyda\u0159en\u00fd start, p\u0159edpov\u00edd\u00e1 Baines - Official Czech &amp; Slovak Everton Supporters&#039; Club\" \/>\n<meta property=\"og:description\" content=\"V nadch\u00e1zej\u00edc\u00ed sezon\u011b se od Evertonu \u010dekaj\u00ed velk\u00e9 v\u011bci; ambici\u00f3zn\u00ed t\u00fdm chce kone\u010dn\u011b dos\u00e1hnout skute\u010dn\u00e9ho \u00fasp\u011bchu. \u201eMus\u00edme se rozjet od&hellip;\" \/>\n<meta property=\"og:url\" content=\"https:\/\/evertonfc.cz\/index.php\/2010\/07\/19\/klicovy-bude-vydareny-start-predpovida-baines\/\" \/>\n<meta property=\"og:site_name\" content=\"Official Czech &amp; Slovak Everton Supporters&#039; Club\" \/>\n<meta property=\"article:publisher\" content=\"https:\/\/www.facebook.com\/everton.fans.cz.sk\" \/>\n<meta property=\"article:published_time\" content=\"2010-07-19T11:54:52+00:00\" \/>\n<meta property=\"article:modified_time\" content=\"2019-02-10T12:57:56+00:00\" \/>\n<meta property=\"og:image\" content=\"https:\/\/evertonfc.cz\/wp-content\/uploads\/2019\/01\/interview.jpg\" \/>\n\t<meta property=\"og:image:width\" content=\"720\" \/>\n\t<meta property=\"og:image:height\" content=\"405\" \/>\n\t<meta property=\"og:image:type\" content=\"image\/jpeg\" \/>\n<meta name=\"author\" content=\"Me\u0148a\" \/>\n<meta name=\"twitter:card\" content=\"summary_large_image\" \/>\n<meta name=\"twitter:label1\" content=\"Napsal(a)\" \/>\n\t<meta name=\"twitter:data1\" content=\"Me\u0148a\" \/>\n\t<meta name=\"twitter:label2\" content=\"Odhadovan\u00e1 doba \u010dten\u00ed\" \/>\n\t<meta name=\"twitter:data2\" content=\"6 minut\" \/>\n<script type=\"application\/ld+json\" class=\"yoast-schema-graph\">{\"@context\":\"https:\/\/schema.org\",\"@graph\":[{\"@type\":\"Article\",\"@id\":\"https:\/\/evertonfc.cz\/index.php\/2010\/07\/19\/klicovy-bude-vydareny-start-predpovida-baines\/#article\",\"isPartOf\":{\"@id\":\"https:\/\/evertonfc.cz\/index.php\/2010\/07\/19\/klicovy-bude-vydareny-start-predpovida-baines\/\"},\"author\":{\"name\":\"Me\u0148a\",\"@id\":\"https:\/\/evertonfc.cz\/#\/schema\/person\/cd6328a75577de2add7793fd4b0930c3\"},\"headline\":\"Kl\u00ed\u010dov\u00fd bude vyda\u0159en\u00fd start, p\u0159edpov\u00edd\u00e1 Baines\",\"datePublished\":\"2010-07-19T11:54:52+00:00\",\"dateModified\":\"2019-02-10T12:57:56+00:00\",\"mainEntityOfPage\":{\"@id\":\"https:\/\/evertonfc.cz\/index.php\/2010\/07\/19\/klicovy-bude-vydareny-start-predpovida-baines\/\"},\"wordCount\":1200,\"commentCount\":0,\"publisher\":{\"@id\":\"https:\/\/evertonfc.cz\/#organization\"},\"image\":{\"@id\":\"https:\/\/evertonfc.cz\/index.php\/2010\/07\/19\/klicovy-bude-vydareny-start-predpovida-baines\/#primaryimage\"},\"thumbnailUrl\":\"https:\/\/evertonfc.cz\/wp-content\/uploads\/2019\/01\/interview.jpg\",\"articleSection\":[\"Rozhovory\"],\"inLanguage\":\"cs\",\"potentialAction\":[{\"@type\":\"CommentAction\",\"name\":\"Comment\",\"target\":[\"https:\/\/evertonfc.cz\/index.php\/2010\/07\/19\/klicovy-bude-vydareny-start-predpovida-baines\/#respond\"]}]},{\"@type\":\"WebPage\",\"@id\":\"https:\/\/evertonfc.cz\/index.php\/2010\/07\/19\/klicovy-bude-vydareny-start-predpovida-baines\/\",\"url\":\"https:\/\/evertonfc.cz\/index.php\/2010\/07\/19\/klicovy-bude-vydareny-start-predpovida-baines\/\",\"name\":\"Kl\u00ed\u010dov\u00fd bude vyda\u0159en\u00fd start, p\u0159edpov\u00edd\u00e1 Baines - Official Czech &amp; Slovak Everton Supporters&#039; Club\",\"isPartOf\":{\"@id\":\"https:\/\/evertonfc.cz\/#website\"},\"primaryImageOfPage\":{\"@id\":\"https:\/\/evertonfc.cz\/index.php\/2010\/07\/19\/klicovy-bude-vydareny-start-predpovida-baines\/#primaryimage\"},\"image\":{\"@id\":\"https:\/\/evertonfc.cz\/index.php\/2010\/07\/19\/klicovy-bude-vydareny-start-predpovida-baines\/#primaryimage\"},\"thumbnailUrl\":\"https:\/\/evertonfc.cz\/wp-content\/uploads\/2019\/01\/interview.jpg\",\"datePublished\":\"2010-07-19T11:54:52+00:00\",\"dateModified\":\"2019-02-10T12:57:56+00:00\",\"breadcrumb\":{\"@id\":\"https:\/\/evertonfc.cz\/index.php\/2010\/07\/19\/klicovy-bude-vydareny-start-predpovida-baines\/#breadcrumb\"},\"inLanguage\":\"cs\",\"potentialAction\":[{\"@type\":\"ReadAction\",\"target\":[\"https:\/\/evertonfc.cz\/index.php\/2010\/07\/19\/klicovy-bude-vydareny-start-predpovida-baines\/\"]}]},{\"@type\":\"ImageObject\",\"inLanguage\":\"cs\",\"@id\":\"https:\/\/evertonfc.cz\/index.php\/2010\/07\/19\/klicovy-bude-vydareny-start-predpovida-baines\/#primaryimage\",\"url\":\"https:\/\/evertonfc.cz\/wp-content\/uploads\/2019\/01\/interview.jpg\",\"contentUrl\":\"https:\/\/evertonfc.cz\/wp-content\/uploads\/2019\/01\/interview.jpg\",\"width\":720,\"height\":405},{\"@type\":\"BreadcrumbList\",\"@id\":\"https:\/\/evertonfc.cz\/index.php\/2010\/07\/19\/klicovy-bude-vydareny-start-predpovida-baines\/#breadcrumb\",\"itemListElement\":[{\"@type\":\"ListItem\",\"position\":1,\"name\":\"Home\",\"item\":\"https:\/\/evertonfc.cz\/\"},{\"@type\":\"ListItem\",\"position\":2,\"name\":\"Kl\u00ed\u010dov\u00fd bude vyda\u0159en\u00fd start, p\u0159edpov\u00edd\u00e1 Baines\"}]},{\"@type\":\"WebSite\",\"@id\":\"https:\/\/evertonfc.cz\/#website\",\"url\":\"https:\/\/evertonfc.cz\/\",\"name\":\"Official Czech &amp; Slovak Everton Supporters&#039; Club\",\"description\":\"\",\"publisher\":{\"@id\":\"https:\/\/evertonfc.cz\/#organization\"},\"potentialAction\":[{\"@type\":\"SearchAction\",\"target\":{\"@type\":\"EntryPoint\",\"urlTemplate\":\"https:\/\/evertonfc.cz\/?s={search_term_string}\"},\"query-input\":{\"@type\":\"PropertyValueSpecification\",\"valueRequired\":true,\"valueName\":\"search_term_string\"}}],\"inLanguage\":\"cs\"},{\"@type\":\"Organization\",\"@id\":\"https:\/\/evertonfc.cz\/#organization\",\"name\":\"Official Czech & Slovak Everton Supporters' Club\",\"url\":\"https:\/\/evertonfc.cz\/\",\"logo\":{\"@type\":\"ImageObject\",\"inLanguage\":\"cs\",\"@id\":\"https:\/\/evertonfc.cz\/#\/schema\/logo\/image\/\",\"url\":\"https:\/\/evertonfc.cz\/wp-content\/uploads\/2019\/05\/logo.png\",\"contentUrl\":\"https:\/\/evertonfc.cz\/wp-content\/uploads\/2019\/05\/logo.png\",\"width\":112,\"height\":112,\"caption\":\"Official Czech & Slovak Everton Supporters' Club\"},\"image\":{\"@id\":\"https:\/\/evertonfc.cz\/#\/schema\/logo\/image\/\"},\"sameAs\":[\"https:\/\/www.facebook.com\/everton.fans.cz.sk\"]},{\"@type\":\"Person\",\"@id\":\"https:\/\/evertonfc.cz\/#\/schema\/person\/cd6328a75577de2add7793fd4b0930c3\",\"name\":\"Me\u0148a\",\"url\":\"https:\/\/evertonfc.cz\/index.php\/author\/mena\/\"}]}<\/script>\n<!-- \/ Yoast SEO plugin. -->","yoast_head_json":{"title":"Kl\u00ed\u010dov\u00fd bude vyda\u0159en\u00fd start, p\u0159edpov\u00edd\u00e1 Baines - Official Czech &amp; Slovak Everton Supporters&#039; Club","robots":{"index":"index","follow":"follow","max-snippet":"max-snippet:-1","max-image-preview":"max-image-preview:large","max-video-preview":"max-video-preview:-1"},"canonical":"https:\/\/evertonfc.cz\/index.php\/2010\/07\/19\/klicovy-bude-vydareny-start-predpovida-baines\/","og_locale":"cs_CZ","og_type":"article","og_title":"Kl\u00ed\u010dov\u00fd bude vyda\u0159en\u00fd start, p\u0159edpov\u00edd\u00e1 Baines - Official Czech &amp; Slovak Everton Supporters&#039; Club","og_description":"V nadch\u00e1zej\u00edc\u00ed sezon\u011b se od Evertonu \u010dekaj\u00ed velk\u00e9 v\u011bci; ambici\u00f3zn\u00ed t\u00fdm chce kone\u010dn\u011b dos\u00e1hnout skute\u010dn\u00e9ho \u00fasp\u011bchu. \u201eMus\u00edme se rozjet od&hellip;","og_url":"https:\/\/evertonfc.cz\/index.php\/2010\/07\/19\/klicovy-bude-vydareny-start-predpovida-baines\/","og_site_name":"Official Czech &amp; Slovak Everton Supporters&#039; Club","article_publisher":"https:\/\/www.facebook.com\/everton.fans.cz.sk","article_published_time":"2010-07-19T11:54:52+00:00","article_modified_time":"2019-02-10T12:57:56+00:00","og_image":[{"width":720,"height":405,"url":"https:\/\/evertonfc.cz\/wp-content\/uploads\/2019\/01\/interview.jpg","type":"image\/jpeg"}],"author":"Me\u0148a","twitter_card":"summary_large_image","twitter_misc":{"Napsal(a)":"Me\u0148a","Odhadovan\u00e1 doba \u010dten\u00ed":"6 minut"},"schema":{"@context":"https:\/\/schema.org","@graph":[{"@type":"Article","@id":"https:\/\/evertonfc.cz\/index.php\/2010\/07\/19\/klicovy-bude-vydareny-start-predpovida-baines\/#article","isPartOf":{"@id":"https:\/\/evertonfc.cz\/index.php\/2010\/07\/19\/klicovy-bude-vydareny-start-predpovida-baines\/"},"author":{"name":"Me\u0148a","@id":"https:\/\/evertonfc.cz\/#\/schema\/person\/cd6328a75577de2add7793fd4b0930c3"},"headline":"Kl\u00ed\u010dov\u00fd bude vyda\u0159en\u00fd start, p\u0159edpov\u00edd\u00e1 Baines","datePublished":"2010-07-19T11:54:52+00:00","dateModified":"2019-02-10T12:57:56+00:00","mainEntityOfPage":{"@id":"https:\/\/evertonfc.cz\/index.php\/2010\/07\/19\/klicovy-bude-vydareny-start-predpovida-baines\/"},"wordCount":1200,"commentCount":0,"publisher":{"@id":"https:\/\/evertonfc.cz\/#organization"},"image":{"@id":"https:\/\/evertonfc.cz\/index.php\/2010\/07\/19\/klicovy-bude-vydareny-start-predpovida-baines\/#primaryimage"},"thumbnailUrl":"https:\/\/evertonfc.cz\/wp-content\/uploads\/2019\/01\/interview.jpg","articleSection":["Rozhovory"],"inLanguage":"cs","potentialAction":[{"@type":"CommentAction","name":"Comment","target":["https:\/\/evertonfc.cz\/index.php\/2010\/07\/19\/klicovy-bude-vydareny-start-predpovida-baines\/#respond"]}]},{"@type":"WebPage","@id":"https:\/\/evertonfc.cz\/index.php\/2010\/07\/19\/klicovy-bude-vydareny-start-predpovida-baines\/","url":"https:\/\/evertonfc.cz\/index.php\/2010\/07\/19\/klicovy-bude-vydareny-start-predpovida-baines\/","name":"Kl\u00ed\u010dov\u00fd bude vyda\u0159en\u00fd start, p\u0159edpov\u00edd\u00e1 Baines - Official Czech &amp; Slovak Everton Supporters&#039; Club","isPartOf":{"@id":"https:\/\/evertonfc.cz\/#website"},"primaryImageOfPage":{"@id":"https:\/\/evertonfc.cz\/index.php\/2010\/07\/19\/klicovy-bude-vydareny-start-predpovida-baines\/#primaryimage"},"image":{"@id":"https:\/\/evertonfc.cz\/index.php\/2010\/07\/19\/klicovy-bude-vydareny-start-predpovida-baines\/#primaryimage"},"thumbnailUrl":"https:\/\/evertonfc.cz\/wp-content\/uploads\/2019\/01\/interview.jpg","datePublished":"2010-07-19T11:54:52+00:00","dateModified":"2019-02-10T12:57:56+00:00","breadcrumb":{"@id":"https:\/\/evertonfc.cz\/index.php\/2010\/07\/19\/klicovy-bude-vydareny-start-predpovida-baines\/#breadcrumb"},"inLanguage":"cs","potentialAction":[{"@type":"ReadAction","target":["https:\/\/evertonfc.cz\/index.php\/2010\/07\/19\/klicovy-bude-vydareny-start-predpovida-baines\/"]}]},{"@type":"ImageObject","inLanguage":"cs","@id":"https:\/\/evertonfc.cz\/index.php\/2010\/07\/19\/klicovy-bude-vydareny-start-predpovida-baines\/#primaryimage","url":"https:\/\/evertonfc.cz\/wp-content\/uploads\/2019\/01\/interview.jpg","contentUrl":"https:\/\/evertonfc.cz\/wp-content\/uploads\/2019\/01\/interview.jpg","width":720,"height":405},{"@type":"BreadcrumbList","@id":"https:\/\/evertonfc.cz\/index.php\/2010\/07\/19\/klicovy-bude-vydareny-start-predpovida-baines\/#breadcrumb","itemListElement":[{"@type":"ListItem","position":1,"name":"Home","item":"https:\/\/evertonfc.cz\/"},{"@type":"ListItem","position":2,"name":"Kl\u00ed\u010dov\u00fd bude vyda\u0159en\u00fd start, p\u0159edpov\u00edd\u00e1 Baines"}]},{"@type":"WebSite","@id":"https:\/\/evertonfc.cz\/#website","url":"https:\/\/evertonfc.cz\/","name":"Official Czech &amp; Slovak Everton Supporters&#039; Club","description":"","publisher":{"@id":"https:\/\/evertonfc.cz\/#organization"},"potentialAction":[{"@type":"SearchAction","target":{"@type":"EntryPoint","urlTemplate":"https:\/\/evertonfc.cz\/?s={search_term_string}"},"query-input":{"@type":"PropertyValueSpecification","valueRequired":true,"valueName":"search_term_string"}}],"inLanguage":"cs"},{"@type":"Organization","@id":"https:\/\/evertonfc.cz\/#organization","name":"Official Czech & Slovak Everton Supporters' Club","url":"https:\/\/evertonfc.cz\/","logo":{"@type":"ImageObject","inLanguage":"cs","@id":"https:\/\/evertonfc.cz\/#\/schema\/logo\/image\/","url":"https:\/\/evertonfc.cz\/wp-content\/uploads\/2019\/05\/logo.png","contentUrl":"https:\/\/evertonfc.cz\/wp-content\/uploads\/2019\/05\/logo.png","width":112,"height":112,"caption":"Official Czech & Slovak Everton Supporters' Club"},"image":{"@id":"https:\/\/evertonfc.cz\/#\/schema\/logo\/image\/"},"sameAs":["https:\/\/www.facebook.com\/everton.fans.cz.sk"]},{"@type":"Person","@id":"https:\/\/evertonfc.cz\/#\/schema\/person\/cd6328a75577de2add7793fd4b0930c3","name":"Me\u0148a","url":"https:\/\/evertonfc.cz\/index.php\/author\/mena\/"}]}},"_links":{"self":[{"href":"https:\/\/evertonfc.cz\/index.php\/wp-json\/wp\/v2\/posts\/2916"}],"collection":[{"href":"https:\/\/evertonfc.cz\/index.php\/wp-json\/wp\/v2\/posts"}],"about":[{"href":"https:\/\/evertonfc.cz\/index.php\/wp-json\/wp\/v2\/types\/post"}],"author":[{"embeddable":true,"href":"https:\/\/evertonfc.cz\/index.php\/wp-json\/wp\/v2\/users\/7"}],"replies":[{"embeddable":true,"href":"https:\/\/evertonfc.cz\/index.php\/wp-json\/wp\/v2\/comments?post=2916"}],"version-history":[{"count":1,"href":"https:\/\/evertonfc.cz\/index.php\/wp-json\/wp\/v2\/posts\/2916\/revisions"}],"predecessor-version":[{"id":2917,"href":"https:\/\/evertonfc.cz\/index.php\/wp-json\/wp\/v2\/posts\/2916\/revisions\/2917"}],"wp:featuredmedia":[{"embeddable":true,"href":"https:\/\/evertonfc.cz\/index.php\/wp-json\/wp\/v2\/media\/1312"}],"wp:attachment":[{"href":"https:\/\/evertonfc.cz\/index.php\/wp-json\/wp\/v2\/media?parent=2916"}],"wp:term":[{"taxonomy":"category","embeddable":true,"href":"https:\/\/evertonfc.cz\/index.php\/wp-json\/wp\/v2\/categories?post=2916"},{"taxonomy":"post_tag","embeddable":true,"href":"https:\/\/evertonfc.cz\/index.php\/wp-json\/wp\/v2\/tags?post=2916"}],"curies":[{"name":"wp","href":"https:\/\/api.w.org\/{rel}","templated":true}]}}