{"id":2918,"date":"2010-07-24T13:58:15","date_gmt":"2010-07-24T11:58:15","guid":{"rendered":"http:\/\/evertonfc.cz\/?p=2918"},"modified":"2019-02-10T14:00:06","modified_gmt":"2019-02-10T13:00:06","slug":"preston-north-end-everton-03","status":"publish","type":"post","link":"https:\/\/evertonfc.cz\/index.php\/2010\/07\/24\/preston-north-end-everton-03\/","title":{"rendered":"Preston North End &#8211; Everton 0:3"},"content":{"rendered":"<h4>V\u00edt\u011bznou formu si Everton z Austr\u00e1lie p\u0159ivezl i zp\u011bt na ostrovn\u00ed p\u016fdu. Na Deepdale Toffees v poklidu z\u00e1sluhou zejm\u00e9na dvoubrankov\u00e9ho Jermaina Beckforda porazili Preston.<\/h4>\n<p>David Moyes p\u0159i n\u00e1vratu na m\u00edsto, kde se za\u010dal u\u010dit mana\u017eersk\u00e9mu \u0159emeslu, se sestavou p\u0159\u00edli\u0161 neexperimentoval. Nastoupila nejsiln\u011bj\u0161\u00ed mo\u017en\u00e1 jeden\u00e1ctka, do n\u00ed\u017e se znovu ve\u0161el i nad\u011bjn\u00fd Magaye Gueye, sv\u00fdmi dobr\u00fdmi v\u00fdkony \u010d\u00edm d\u00e1l v\u00edce upout\u00e1vaj\u00edc\u00ed pozornost Evertonians.<\/p>\n<p>Jak prvn\u00ed se nicm\u00e9n\u011b o slovo v z\u00e1pase p\u0159ihl\u00e1sili dom\u00e1c\u00ed. Sylvain Distin nevyhodnotil akci Prestonu ide\u00e1ln\u011b a dvojit\u00fdm blokem musel Blues p\u0159ed pokusy Adama Bartona zachra\u0148ovat Phil Jagielka. To ale bylo ze strany Lillywhites na dlouho v\u0161echno. Nejprve prov\u011b\u0159il p\u0159\u00edzemn\u00ed st\u0159elou brank\u00e1\u0159e Andyho Lonergana aktivn\u00ed Louis Saha, kter\u00fd neusp\u011bl ani ve dvou dal\u0161\u00edch p\u0159\u00edle\u017eitostech &#8211; nejd\u0159\u00edve po centru z rohov\u00e9ho kopu hlavi\u010dkoval mimo, a pak p\u0159i &#8222;jeden na jednoho&#8220; nechal vyniknout Lonergana.<\/p>\n<p>Do m\u00ed\u010de se potom op\u0159el i Jack Rodwell a \u010derstv\u00fd \u017een\u00e1\u010d Mikel Arteta, ale nejbl\u00ed\u017ee m\u011bl ke g\u00f3lu znovu sna\u017eiv\u00fd Saha &#8211; jeho leva\u010dka na\u0161la ty\u010dku.<\/p>\n<p>Do druh\u00e9 p\u016fle nakoukl st\u0159\u00eddaj\u00edc\u00ed Seamus Coleman a Jermaine Beckford, a pr\u00e1v\u011b leto\u0161n\u00ed \u00fato\u010dn\u00e1 posila mohla o p\u00e1r minut pozd\u011bji slavit sv\u016fj prvn\u00ed g\u00f3l v modr\u00e9m dresu. Jagielkova p\u0159esn\u00e1 hlavi\u010dka pro\u0161la a\u017e k voln\u00e9mu Beckfordovi, a ten s ledov\u00fdm klidem poslal balon pod Lonerganem do s\u00edt\u011b.<\/p>\n<p>A netrvalo dlouho a zaslou\u017een\u00e9 veden\u00ed Everton zdvojn\u00e1sobil. V 67. minut\u011b Saha vyp\u00e1lil z \u0161estn\u00e1cti metr\u016f a brank\u00e1\u0159 se po m\u00ed\u010di natahoval marn\u011b. Porozum\u011bn\u00ed Sahy s Beckfordem uk\u00e1zkov\u011b vykristalizovala akce p\u0159ed t\u0159et\u00edm g\u00f3lem. Francouz\u016fv lehk\u00fd oblou\u010dek Beckford ve skluzu pohotov\u011b uklidil do s\u00edt\u011b.<\/p>\n<p>Everton m\u011bl bl\u00edzko i ke \u010dtvrt\u00e9 tref\u011b, ale proti byla znovu brankov\u00e1 konstrukce. P\u0159i dal\u0161\u00edm z drz\u00fdch v\u00fdpad\u016f Seamuse Colemana, se mlad\u00fd bek moc nerozpakoval a jeho kr\u00e1sn\u00e1 st\u0159ela oraz\u00edtkovala b\u0159evno. Konec z\u00e1pasu v\u0161ak m\u011bl pro Toffees ho\u0159kou p\u0159\u00edchu\u0165 &#8211; t\u0159i minuty p\u0159ed koncem ze h\u0159i\u0161t\u011b musel odej\u00edt Beckford s poran\u011bn\u00fdm kotn\u00edkem.<\/p>\n<p><em>\u201eJe to dobr\u00e9 v\u00edt\u011bzstv\u00ed, nic jin\u00e9ho se nehod\u00ed \u0159\u00edct. Hr\u00e1li jsme dob\u0159e a v\u00fdhru jsme si zaslou\u017eili,\u201c\u00a0<\/em>\u0159\u00edk\u00e1 David Moyes. <em>\u201eMysl\u00edm, \u017ee u\u017e jsme pot\u0159ebovali za\u010d\u00edt st\u0159\u00edlet v\u00edc g\u00f3l\u016f; byli jsme trochu zklaman\u00ed, \u017ee p\u0159edchoz\u00ed v\u00fdsledky kon\u010d\u00edvaly 1-0, nebo 2-1.&#8220;<\/em><\/p>\n<p><em>&#8222;Cht\u011bl jsem, aby Jermaine s Seamusem odehr\u00e1li alespo\u0148 45 minut. P\u0159i\u0161li na h\u0159i\u0161t\u011b a p\u016fsobili skv\u011bl\u00fdm dojmem. Jermainovo zran\u011bn\u00ed nen\u00ed v\u00e1\u017en\u00e9, mysl\u00edm, \u017ee se nemus\u00edme strachovat. M\u00e1 trochu nakopnut\u00fd kotn\u00edk, ale m\u011bl by b\u00fdt v po\u0159\u00e1dku.\u201c<\/em><\/p>\n<p><strong>Preston:\u00a0<\/strong>Lonergan, Gray, Jones, St. Ledger, Morgan, Mayor, Coutts, Barton, Brown, Hayes, Parry (56. Treacy)<\/p>\n<p><strong>Everton:\u00a0<\/strong>Turner, Hibbert, Jagielka, Distin, Baines (46. Coleman), Neville, Arteta (46. Beckford), Rodwell (80. Wallace), Bilyaletdinov, Gueye (71. Gueye), Saha (71. Vaughan)<\/p>\n<p><strong>Branky:\u00a0<\/strong>56., 70. Beckford, 67. Saha<\/p>\n","protected":false},"excerpt":{"rendered":"<p>V\u00edt\u011bznou formu si Everton z Austr\u00e1lie p\u0159ivezl i zp\u011bt na ostrovn\u00ed p\u016fdu. Na Deepdale Toffees v poklidu z\u00e1sluhou zejm\u00e9na dvoubrankov\u00e9ho&hellip;<\/p>\n","protected":false},"author":7,"featured_media":1315,"comment_status":"open","ping_status":"closed","sticky":false,"template":"","format":"standard","meta":{"_eb_attr":"","_monsterinsights_skip_tracking":false,"_monsterinsights_sitenote_active":false,"_monsterinsights_sitenote_note":"","_monsterinsights_sitenote_category":0,"footnotes":""},"categories":[4],"tags":[],"yoast_head":"<!-- This site is optimized with the Yoast SEO plugin v23.4 - https:\/\/yoast.com\/wordpress\/plugins\/seo\/ -->\n<title>Preston North End - Everton 0:3 - Official Czech &amp; Slovak Everton Supporters&#039; Club<\/title>\n<meta name=\"robots\" content=\"index, follow, max-snippet:-1, max-image-preview:large, max-video-preview:-1\" \/>\n<link rel=\"canonical\" href=\"https:\/\/evertonfc.cz\/index.php\/2010\/07\/24\/preston-north-end-everton-03\/\" \/>\n<meta property=\"og:locale\" content=\"cs_CZ\" \/>\n<meta property=\"og:type\" content=\"article\" \/>\n<meta property=\"og:title\" content=\"Preston North End - Everton 0:3 - Official Czech &amp; Slovak Everton Supporters&#039; Club\" \/>\n<meta property=\"og:description\" content=\"V\u00edt\u011bznou formu si Everton z Austr\u00e1lie p\u0159ivezl i zp\u011bt na ostrovn\u00ed p\u016fdu. Na Deepdale Toffees v poklidu z\u00e1sluhou zejm\u00e9na dvoubrankov\u00e9ho&hellip;\" \/>\n<meta property=\"og:url\" content=\"https:\/\/evertonfc.cz\/index.php\/2010\/07\/24\/preston-north-end-everton-03\/\" \/>\n<meta property=\"og:site_name\" content=\"Official Czech &amp; Slovak Everton Supporters&#039; Club\" \/>\n<meta property=\"article:publisher\" content=\"https:\/\/www.facebook.com\/everton.fans.cz.sk\" \/>\n<meta property=\"article:published_time\" content=\"2010-07-24T11:58:15+00:00\" \/>\n<meta property=\"article:modified_time\" content=\"2019-02-10T13:00:06+00:00\" \/>\n<meta property=\"og:image\" content=\"https:\/\/evertonfc.cz\/wp-content\/uploads\/2019\/01\/report.jpg\" \/>\n\t<meta property=\"og:image:width\" content=\"720\" \/>\n\t<meta property=\"og:image:height\" content=\"405\" \/>\n\t<meta property=\"og:image:type\" content=\"image\/jpeg\" \/>\n<meta name=\"author\" content=\"Me\u0148a\" \/>\n<meta name=\"twitter:card\" content=\"summary_large_image\" \/>\n<meta name=\"twitter:label1\" content=\"Napsal(a)\" \/>\n\t<meta name=\"twitter:data1\" content=\"Me\u0148a\" \/>\n\t<meta name=\"twitter:label2\" content=\"Odhadovan\u00e1 doba \u010dten\u00ed\" \/>\n\t<meta name=\"twitter:data2\" content=\"3 minuty\" \/>\n<script type=\"application\/ld+json\" class=\"yoast-schema-graph\">{\"@context\":\"https:\/\/schema.org\",\"@graph\":[{\"@type\":\"Article\",\"@id\":\"https:\/\/evertonfc.cz\/index.php\/2010\/07\/24\/preston-north-end-everton-03\/#article\",\"isPartOf\":{\"@id\":\"https:\/\/evertonfc.cz\/index.php\/2010\/07\/24\/preston-north-end-everton-03\/\"},\"author\":{\"name\":\"Me\u0148a\",\"@id\":\"https:\/\/evertonfc.cz\/#\/schema\/person\/cd6328a75577de2add7793fd4b0930c3\"},\"headline\":\"Preston North End &#8211; Everton 0:3\",\"datePublished\":\"2010-07-24T11:58:15+00:00\",\"dateModified\":\"2019-02-10T13:00:06+00:00\",\"mainEntityOfPage\":{\"@id\":\"https:\/\/evertonfc.cz\/index.php\/2010\/07\/24\/preston-north-end-everton-03\/\"},\"wordCount\":561,\"commentCount\":0,\"publisher\":{\"@id\":\"https:\/\/evertonfc.cz\/#organization\"},\"image\":{\"@id\":\"https:\/\/evertonfc.cz\/index.php\/2010\/07\/24\/preston-north-end-everton-03\/#primaryimage\"},\"thumbnailUrl\":\"https:\/\/evertonfc.cz\/wp-content\/uploads\/2019\/01\/report.jpg\",\"articleSection\":[\"Z\u00e1pasy\"],\"inLanguage\":\"cs\",\"potentialAction\":[{\"@type\":\"CommentAction\",\"name\":\"Comment\",\"target\":[\"https:\/\/evertonfc.cz\/index.php\/2010\/07\/24\/preston-north-end-everton-03\/#respond\"]}]},{\"@type\":\"WebPage\",\"@id\":\"https:\/\/evertonfc.cz\/index.php\/2010\/07\/24\/preston-north-end-everton-03\/\",\"url\":\"https:\/\/evertonfc.cz\/index.php\/2010\/07\/24\/preston-north-end-everton-03\/\",\"name\":\"Preston North End - Everton 0:3 - Official Czech &amp; Slovak Everton Supporters&#039; Club\",\"isPartOf\":{\"@id\":\"https:\/\/evertonfc.cz\/#website\"},\"primaryImageOfPage\":{\"@id\":\"https:\/\/evertonfc.cz\/index.php\/2010\/07\/24\/preston-north-end-everton-03\/#primaryimage\"},\"image\":{\"@id\":\"https:\/\/evertonfc.cz\/index.php\/2010\/07\/24\/preston-north-end-everton-03\/#primaryimage\"},\"thumbnailUrl\":\"https:\/\/evertonfc.cz\/wp-content\/uploads\/2019\/01\/report.jpg\",\"datePublished\":\"2010-07-24T11:58:15+00:00\",\"dateModified\":\"2019-02-10T13:00:06+00:00\",\"breadcrumb\":{\"@id\":\"https:\/\/evertonfc.cz\/index.php\/2010\/07\/24\/preston-north-end-everton-03\/#breadcrumb\"},\"inLanguage\":\"cs\",\"potentialAction\":[{\"@type\":\"ReadAction\",\"target\":[\"https:\/\/evertonfc.cz\/index.php\/2010\/07\/24\/preston-north-end-everton-03\/\"]}]},{\"@type\":\"ImageObject\",\"inLanguage\":\"cs\",\"@id\":\"https:\/\/evertonfc.cz\/index.php\/2010\/07\/24\/preston-north-end-everton-03\/#primaryimage\",\"url\":\"https:\/\/evertonfc.cz\/wp-content\/uploads\/2019\/01\/report.jpg\",\"contentUrl\":\"https:\/\/evertonfc.cz\/wp-content\/uploads\/2019\/01\/report.jpg\",\"width\":720,\"height\":405},{\"@type\":\"BreadcrumbList\",\"@id\":\"https:\/\/evertonfc.cz\/index.php\/2010\/07\/24\/preston-north-end-everton-03\/#breadcrumb\",\"itemListElement\":[{\"@type\":\"ListItem\",\"position\":1,\"name\":\"Home\",\"item\":\"https:\/\/evertonfc.cz\/\"},{\"@type\":\"ListItem\",\"position\":2,\"name\":\"Preston North End &#8211; Everton 0:3\"}]},{\"@type\":\"WebSite\",\"@id\":\"https:\/\/evertonfc.cz\/#website\",\"url\":\"https:\/\/evertonfc.cz\/\",\"name\":\"Official Czech &amp; Slovak Everton Supporters&#039; Club\",\"description\":\"\",\"publisher\":{\"@id\":\"https:\/\/evertonfc.cz\/#organization\"},\"potentialAction\":[{\"@type\":\"SearchAction\",\"target\":{\"@type\":\"EntryPoint\",\"urlTemplate\":\"https:\/\/evertonfc.cz\/?s={search_term_string}\"},\"query-input\":{\"@type\":\"PropertyValueSpecification\",\"valueRequired\":true,\"valueName\":\"search_term_string\"}}],\"inLanguage\":\"cs\"},{\"@type\":\"Organization\",\"@id\":\"https:\/\/evertonfc.cz\/#organization\",\"name\":\"Official Czech & Slovak Everton Supporters' Club\",\"url\":\"https:\/\/evertonfc.cz\/\",\"logo\":{\"@type\":\"ImageObject\",\"inLanguage\":\"cs\",\"@id\":\"https:\/\/evertonfc.cz\/#\/schema\/logo\/image\/\",\"url\":\"https:\/\/evertonfc.cz\/wp-content\/uploads\/2019\/05\/logo.png\",\"contentUrl\":\"https:\/\/evertonfc.cz\/wp-content\/uploads\/2019\/05\/logo.png\",\"width\":112,\"height\":112,\"caption\":\"Official Czech & Slovak Everton Supporters' Club\"},\"image\":{\"@id\":\"https:\/\/evertonfc.cz\/#\/schema\/logo\/image\/\"},\"sameAs\":[\"https:\/\/www.facebook.com\/everton.fans.cz.sk\"]},{\"@type\":\"Person\",\"@id\":\"https:\/\/evertonfc.cz\/#\/schema\/person\/cd6328a75577de2add7793fd4b0930c3\",\"name\":\"Me\u0148a\",\"url\":\"https:\/\/evertonfc.cz\/index.php\/author\/mena\/\"}]}<\/script>\n<!-- \/ Yoast SEO plugin. -->","yoast_head_json":{"title":"Preston North End - Everton 0:3 - Official Czech &amp; Slovak Everton Supporters&#039; Club","robots":{"index":"index","follow":"follow","max-snippet":"max-snippet:-1","max-image-preview":"max-image-preview:large","max-video-preview":"max-video-preview:-1"},"canonical":"https:\/\/evertonfc.cz\/index.php\/2010\/07\/24\/preston-north-end-everton-03\/","og_locale":"cs_CZ","og_type":"article","og_title":"Preston North End - Everton 0:3 - Official Czech &amp; Slovak Everton Supporters&#039; Club","og_description":"V\u00edt\u011bznou formu si Everton z Austr\u00e1lie p\u0159ivezl i zp\u011bt na ostrovn\u00ed p\u016fdu. Na Deepdale Toffees v poklidu z\u00e1sluhou zejm\u00e9na dvoubrankov\u00e9ho&hellip;","og_url":"https:\/\/evertonfc.cz\/index.php\/2010\/07\/24\/preston-north-end-everton-03\/","og_site_name":"Official Czech &amp; Slovak Everton Supporters&#039; Club","article_publisher":"https:\/\/www.facebook.com\/everton.fans.cz.sk","article_published_time":"2010-07-24T11:58:15+00:00","article_modified_time":"2019-02-10T13:00:06+00:00","og_image":[{"width":720,"height":405,"url":"https:\/\/evertonfc.cz\/wp-content\/uploads\/2019\/01\/report.jpg","type":"image\/jpeg"}],"author":"Me\u0148a","twitter_card":"summary_large_image","twitter_misc":{"Napsal(a)":"Me\u0148a","Odhadovan\u00e1 doba \u010dten\u00ed":"3 minuty"},"schema":{"@context":"https:\/\/schema.org","@graph":[{"@type":"Article","@id":"https:\/\/evertonfc.cz\/index.php\/2010\/07\/24\/preston-north-end-everton-03\/#article","isPartOf":{"@id":"https:\/\/evertonfc.cz\/index.php\/2010\/07\/24\/preston-north-end-everton-03\/"},"author":{"name":"Me\u0148a","@id":"https:\/\/evertonfc.cz\/#\/schema\/person\/cd6328a75577de2add7793fd4b0930c3"},"headline":"Preston North End &#8211; Everton 0:3","datePublished":"2010-07-24T11:58:15+00:00","dateModified":"2019-02-10T13:00:06+00:00","mainEntityOfPage":{"@id":"https:\/\/evertonfc.cz\/index.php\/2010\/07\/24\/preston-north-end-everton-03\/"},"wordCount":561,"commentCount":0,"publisher":{"@id":"https:\/\/evertonfc.cz\/#organization"},"image":{"@id":"https:\/\/evertonfc.cz\/index.php\/2010\/07\/24\/preston-north-end-everton-03\/#primaryimage"},"thumbnailUrl":"https:\/\/evertonfc.cz\/wp-content\/uploads\/2019\/01\/report.jpg","articleSection":["Z\u00e1pasy"],"inLanguage":"cs","potentialAction":[{"@type":"CommentAction","name":"Comment","target":["https:\/\/evertonfc.cz\/index.php\/2010\/07\/24\/preston-north-end-everton-03\/#respond"]}]},{"@type":"WebPage","@id":"https:\/\/evertonfc.cz\/index.php\/2010\/07\/24\/preston-north-end-everton-03\/","url":"https:\/\/evertonfc.cz\/index.php\/2010\/07\/24\/preston-north-end-everton-03\/","name":"Preston North End - Everton 0:3 - Official Czech &amp; Slovak Everton Supporters&#039; Club","isPartOf":{"@id":"https:\/\/evertonfc.cz\/#website"},"primaryImageOfPage":{"@id":"https:\/\/evertonfc.cz\/index.php\/2010\/07\/24\/preston-north-end-everton-03\/#primaryimage"},"image":{"@id":"https:\/\/evertonfc.cz\/index.php\/2010\/07\/24\/preston-north-end-everton-03\/#primaryimage"},"thumbnailUrl":"https:\/\/evertonfc.cz\/wp-content\/uploads\/2019\/01\/report.jpg","datePublished":"2010-07-24T11:58:15+00:00","dateModified":"2019-02-10T13:00:06+00:00","breadcrumb":{"@id":"https:\/\/evertonfc.cz\/index.php\/2010\/07\/24\/preston-north-end-everton-03\/#breadcrumb"},"inLanguage":"cs","potentialAction":[{"@type":"ReadAction","target":["https:\/\/evertonfc.cz\/index.php\/2010\/07\/24\/preston-north-end-everton-03\/"]}]},{"@type":"ImageObject","inLanguage":"cs","@id":"https:\/\/evertonfc.cz\/index.php\/2010\/07\/24\/preston-north-end-everton-03\/#primaryimage","url":"https:\/\/evertonfc.cz\/wp-content\/uploads\/2019\/01\/report.jpg","contentUrl":"https:\/\/evertonfc.cz\/wp-content\/uploads\/2019\/01\/report.jpg","width":720,"height":405},{"@type":"BreadcrumbList","@id":"https:\/\/evertonfc.cz\/index.php\/2010\/07\/24\/preston-north-end-everton-03\/#breadcrumb","itemListElement":[{"@type":"ListItem","position":1,"name":"Home","item":"https:\/\/evertonfc.cz\/"},{"@type":"ListItem","position":2,"name":"Preston North End &#8211; Everton 0:3"}]},{"@type":"WebSite","@id":"https:\/\/evertonfc.cz\/#website","url":"https:\/\/evertonfc.cz\/","name":"Official Czech &amp; Slovak Everton Supporters&#039; Club","description":"","publisher":{"@id":"https:\/\/evertonfc.cz\/#organization"},"potentialAction":[{"@type":"SearchAction","target":{"@type":"EntryPoint","urlTemplate":"https:\/\/evertonfc.cz\/?s={search_term_string}"},"query-input":{"@type":"PropertyValueSpecification","valueRequired":true,"valueName":"search_term_string"}}],"inLanguage":"cs"},{"@type":"Organization","@id":"https:\/\/evertonfc.cz\/#organization","name":"Official Czech & Slovak Everton Supporters' Club","url":"https:\/\/evertonfc.cz\/","logo":{"@type":"ImageObject","inLanguage":"cs","@id":"https:\/\/evertonfc.cz\/#\/schema\/logo\/image\/","url":"https:\/\/evertonfc.cz\/wp-content\/uploads\/2019\/05\/logo.png","contentUrl":"https:\/\/evertonfc.cz\/wp-content\/uploads\/2019\/05\/logo.png","width":112,"height":112,"caption":"Official Czech & Slovak Everton Supporters' Club"},"image":{"@id":"https:\/\/evertonfc.cz\/#\/schema\/logo\/image\/"},"sameAs":["https:\/\/www.facebook.com\/everton.fans.cz.sk"]},{"@type":"Person","@id":"https:\/\/evertonfc.cz\/#\/schema\/person\/cd6328a75577de2add7793fd4b0930c3","name":"Me\u0148a","url":"https:\/\/evertonfc.cz\/index.php\/author\/mena\/"}]}},"_links":{"self":[{"href":"https:\/\/evertonfc.cz\/index.php\/wp-json\/wp\/v2\/posts\/2918"}],"collection":[{"href":"https:\/\/evertonfc.cz\/index.php\/wp-json\/wp\/v2\/posts"}],"about":[{"href":"https:\/\/evertonfc.cz\/index.php\/wp-json\/wp\/v2\/types\/post"}],"author":[{"embeddable":true,"href":"https:\/\/evertonfc.cz\/index.php\/wp-json\/wp\/v2\/users\/7"}],"replies":[{"embeddable":true,"href":"https:\/\/evertonfc.cz\/index.php\/wp-json\/wp\/v2\/comments?post=2918"}],"version-history":[{"count":1,"href":"https:\/\/evertonfc.cz\/index.php\/wp-json\/wp\/v2\/posts\/2918\/revisions"}],"predecessor-version":[{"id":2919,"href":"https:\/\/evertonfc.cz\/index.php\/wp-json\/wp\/v2\/posts\/2918\/revisions\/2919"}],"wp:featuredmedia":[{"embeddable":true,"href":"https:\/\/evertonfc.cz\/index.php\/wp-json\/wp\/v2\/media\/1315"}],"wp:attachment":[{"href":"https:\/\/evertonfc.cz\/index.php\/wp-json\/wp\/v2\/media?parent=2918"}],"wp:term":[{"taxonomy":"category","embeddable":true,"href":"https:\/\/evertonfc.cz\/index.php\/wp-json\/wp\/v2\/categories?post=2918"},{"taxonomy":"post_tag","embeddable":true,"href":"https:\/\/evertonfc.cz\/index.php\/wp-json\/wp\/v2\/tags?post=2918"}],"curies":[{"name":"wp","href":"https:\/\/api.w.org\/{rel}","templated":true}]}}