{"id":2924,"date":"2010-07-30T14:03:27","date_gmt":"2010-07-30T12:03:27","guid":{"rendered":"http:\/\/evertonfc.cz\/?p=2924"},"modified":"2019-02-10T14:04:42","modified_gmt":"2019-02-10T13:04:42","slug":"donovan-by-se-rad-vratil","status":"publish","type":"post","link":"https:\/\/evertonfc.cz\/index.php\/2010\/07\/30\/donovan-by-se-rad-vratil\/","title":{"rendered":"Donovan by se r\u00e1d vr\u00e1til"},"content":{"rendered":"<h4>Americk\u00fd hv\u011bzda Landon Donovan velmi pot\u011b\u0161il v\u0161echny fanou\u0161ky Toffees, kdy\u017e vyj\u00e1d\u0159il p\u0159\u00e1n\u00ed op\u011bt si v dresu Evertonu zahr\u00e1t Premier League.<\/h4>\n<p>Osmadvacetilet\u00fd hr\u00e1\u010d hostoval minulou sez\u00f3nu na Goodison Parku z LA Galaxy po dobu deseti m\u011bs\u00edc\u016f. Na pozici prav\u00e9ho z\u00e1lo\u017en\u00edka odehr\u00e1l celkem 13 utk\u00e1n\u00ed, z toho deset v z\u00e1kladn\u00ed sestav\u011b. Bl\u00fdskl se v\u00fdborn\u00fdmi v\u00fdkony a dokonce vst\u0159elil i dv\u011b branky. Pro Ameri\u010dana, kter\u00fd je v rodn\u00fdch Spojen\u00fdch st\u00e1tech americk\u00fdch velmi popul\u00e1rn\u00edm a oce\u0148ovan\u00fdm fotbalistou, to bylo poprv\u00e9, co se dok\u00e1zal prosadit v Evrop\u011b. V minulosti si toti\u017e zkusil n\u011bmeckou Bundesligu v dresu Bayeru Leverkusen a Bayernu Mnichov, v\u017edy se ale vracel za oce\u00e1n s nepo\u0159\u00edzenou.<\/p>\n<p>Nen\u00ed tedy divu, \u017ee kdy\u017e se Donovanovi v dresu Toffees tak da\u0159ilo, cht\u011bl by se vr\u00e1tit. Probl\u00e9mem je v\u0161ak hr\u00e1\u010d\u016fv dlouholet\u00fd kontrakt v LA Galaxy a nechu\u0165 jeho \u0161\u00e9f\u016f ho prodat.<\/p>\n<p><em>\u201eR\u00e1d bych se vr\u00e1til do Evertonu, velmi jsem si obl\u00edbil tam\u011bj\u0161\u00ed lidi a fanou\u0161ky. Jedn\u00edm dechem ale dod\u00e1v\u00e1m, v Americe se mi tak\u00e9 lib\u00ed, tak\u017ee zat\u00edm mohu jen br\u00e1t v \u00favahu v\u0161echny mo\u017enosti a \u010dekat, jak to v\u0161echno skon\u010d\u00ed.<\/em><\/p>\n<p><em>V tomto obdob\u00ed se m\u016f\u017ee st\u00e1t snad cokoliv, rozhodn\u011b budu ale d\u011blat rozhodnut\u00ed, kter\u00e1 budou pro m\u011b jen ta nejlep\u0161\u00ed. V\u0161ude neust\u00e1le\u00a0sly\u0161\u00edm r\u016fzn\u00e9 spekulace, p\u00e1r klub\u016f m\u00e1 o m\u011b z\u00e1jem, v\u0161e je ale jen neofici\u00e1ln\u00ed.<\/em><\/p>\n<p><em>Do konce p\u0159estupov\u00e9ho obdob\u00ed zb\u00fdv\u00e1 je\u0161t\u011b hodn\u011b \u010dasu, tak\u017ee uvid\u00edme, co se stane. Kdy\u017e ov\u0161em p\u0159ijde ofici\u00e1ln\u00ed a seri\u00f3zn\u00ed nab\u00eddka, budu o n\u00ed v\u00e1\u017en\u011b uva\u017eovat,\u201c<\/em>\u00a0prozradil Donovan.<\/p>\n","protected":false},"excerpt":{"rendered":"<p>Americk\u00fd hv\u011bzda Landon Donovan velmi pot\u011b\u0161il v\u0161echny fanou\u0161ky Toffees, kdy\u017e vyj\u00e1d\u0159il p\u0159\u00e1n\u00ed op\u011bt si v dresu Evertonu zahr\u00e1t Premier League.&hellip;<\/p>\n","protected":false},"author":6,"featured_media":1312,"comment_status":"open","ping_status":"closed","sticky":false,"template":"","format":"standard","meta":{"_eb_attr":"","_monsterinsights_skip_tracking":false,"_monsterinsights_sitenote_active":false,"_monsterinsights_sitenote_note":"","_monsterinsights_sitenote_category":0,"footnotes":""},"categories":[1],"tags":[],"yoast_head":"<!-- This site is optimized with the Yoast SEO plugin v23.4 - https:\/\/yoast.com\/wordpress\/plugins\/seo\/ -->\n<title>Donovan by se r\u00e1d vr\u00e1til - Official Czech &amp; Slovak Everton Supporters&#039; Club<\/title>\n<meta name=\"robots\" content=\"index, follow, max-snippet:-1, max-image-preview:large, max-video-preview:-1\" \/>\n<link rel=\"canonical\" href=\"https:\/\/evertonfc.cz\/index.php\/2010\/07\/30\/donovan-by-se-rad-vratil\/\" \/>\n<meta property=\"og:locale\" content=\"cs_CZ\" \/>\n<meta property=\"og:type\" content=\"article\" \/>\n<meta property=\"og:title\" content=\"Donovan by se r\u00e1d vr\u00e1til - Official Czech &amp; Slovak Everton Supporters&#039; Club\" \/>\n<meta property=\"og:description\" content=\"Americk\u00fd hv\u011bzda Landon Donovan velmi pot\u011b\u0161il v\u0161echny fanou\u0161ky Toffees, kdy\u017e vyj\u00e1d\u0159il p\u0159\u00e1n\u00ed op\u011bt si v dresu Evertonu zahr\u00e1t Premier League.&hellip;\" \/>\n<meta property=\"og:url\" content=\"https:\/\/evertonfc.cz\/index.php\/2010\/07\/30\/donovan-by-se-rad-vratil\/\" \/>\n<meta property=\"og:site_name\" content=\"Official Czech &amp; Slovak Everton Supporters&#039; Club\" \/>\n<meta property=\"article:publisher\" content=\"https:\/\/www.facebook.com\/everton.fans.cz.sk\" \/>\n<meta property=\"article:published_time\" content=\"2010-07-30T12:03:27+00:00\" \/>\n<meta property=\"article:modified_time\" content=\"2019-02-10T13:04:42+00:00\" \/>\n<meta property=\"og:image\" content=\"https:\/\/evertonfc.cz\/wp-content\/uploads\/2019\/01\/interview.jpg\" \/>\n\t<meta property=\"og:image:width\" content=\"720\" \/>\n\t<meta property=\"og:image:height\" content=\"405\" \/>\n\t<meta property=\"og:image:type\" content=\"image\/jpeg\" \/>\n<meta name=\"author\" content=\"Ri\u010di\" \/>\n<meta name=\"twitter:card\" content=\"summary_large_image\" \/>\n<meta name=\"twitter:creator\" content=\"@rbrejsa\" \/>\n<meta name=\"twitter:label1\" content=\"Napsal(a)\" \/>\n\t<meta name=\"twitter:data1\" content=\"Ri\u010di\" \/>\n\t<meta name=\"twitter:label2\" content=\"Odhadovan\u00e1 doba \u010dten\u00ed\" \/>\n\t<meta name=\"twitter:data2\" content=\"2 minuty\" \/>\n<script type=\"application\/ld+json\" class=\"yoast-schema-graph\">{\"@context\":\"https:\/\/schema.org\",\"@graph\":[{\"@type\":\"Article\",\"@id\":\"https:\/\/evertonfc.cz\/index.php\/2010\/07\/30\/donovan-by-se-rad-vratil\/#article\",\"isPartOf\":{\"@id\":\"https:\/\/evertonfc.cz\/index.php\/2010\/07\/30\/donovan-by-se-rad-vratil\/\"},\"author\":{\"name\":\"Ri\u010di\",\"@id\":\"https:\/\/evertonfc.cz\/#\/schema\/person\/f7a5daedb2ffee98480bc70e191aaef1\"},\"headline\":\"Donovan by se r\u00e1d vr\u00e1til\",\"datePublished\":\"2010-07-30T12:03:27+00:00\",\"dateModified\":\"2019-02-10T13:04:42+00:00\",\"mainEntityOfPage\":{\"@id\":\"https:\/\/evertonfc.cz\/index.php\/2010\/07\/30\/donovan-by-se-rad-vratil\/\"},\"wordCount\":325,\"commentCount\":0,\"publisher\":{\"@id\":\"https:\/\/evertonfc.cz\/#organization\"},\"image\":{\"@id\":\"https:\/\/evertonfc.cz\/index.php\/2010\/07\/30\/donovan-by-se-rad-vratil\/#primaryimage\"},\"thumbnailUrl\":\"https:\/\/evertonfc.cz\/wp-content\/uploads\/2019\/01\/interview.jpg\",\"articleSection\":[\"Rozhovory\"],\"inLanguage\":\"cs\",\"potentialAction\":[{\"@type\":\"CommentAction\",\"name\":\"Comment\",\"target\":[\"https:\/\/evertonfc.cz\/index.php\/2010\/07\/30\/donovan-by-se-rad-vratil\/#respond\"]}]},{\"@type\":\"WebPage\",\"@id\":\"https:\/\/evertonfc.cz\/index.php\/2010\/07\/30\/donovan-by-se-rad-vratil\/\",\"url\":\"https:\/\/evertonfc.cz\/index.php\/2010\/07\/30\/donovan-by-se-rad-vratil\/\",\"name\":\"Donovan by se r\u00e1d vr\u00e1til - Official Czech &amp; Slovak Everton Supporters&#039; Club\",\"isPartOf\":{\"@id\":\"https:\/\/evertonfc.cz\/#website\"},\"primaryImageOfPage\":{\"@id\":\"https:\/\/evertonfc.cz\/index.php\/2010\/07\/30\/donovan-by-se-rad-vratil\/#primaryimage\"},\"image\":{\"@id\":\"https:\/\/evertonfc.cz\/index.php\/2010\/07\/30\/donovan-by-se-rad-vratil\/#primaryimage\"},\"thumbnailUrl\":\"https:\/\/evertonfc.cz\/wp-content\/uploads\/2019\/01\/interview.jpg\",\"datePublished\":\"2010-07-30T12:03:27+00:00\",\"dateModified\":\"2019-02-10T13:04:42+00:00\",\"breadcrumb\":{\"@id\":\"https:\/\/evertonfc.cz\/index.php\/2010\/07\/30\/donovan-by-se-rad-vratil\/#breadcrumb\"},\"inLanguage\":\"cs\",\"potentialAction\":[{\"@type\":\"ReadAction\",\"target\":[\"https:\/\/evertonfc.cz\/index.php\/2010\/07\/30\/donovan-by-se-rad-vratil\/\"]}]},{\"@type\":\"ImageObject\",\"inLanguage\":\"cs\",\"@id\":\"https:\/\/evertonfc.cz\/index.php\/2010\/07\/30\/donovan-by-se-rad-vratil\/#primaryimage\",\"url\":\"https:\/\/evertonfc.cz\/wp-content\/uploads\/2019\/01\/interview.jpg\",\"contentUrl\":\"https:\/\/evertonfc.cz\/wp-content\/uploads\/2019\/01\/interview.jpg\",\"width\":720,\"height\":405},{\"@type\":\"BreadcrumbList\",\"@id\":\"https:\/\/evertonfc.cz\/index.php\/2010\/07\/30\/donovan-by-se-rad-vratil\/#breadcrumb\",\"itemListElement\":[{\"@type\":\"ListItem\",\"position\":1,\"name\":\"Home\",\"item\":\"https:\/\/evertonfc.cz\/\"},{\"@type\":\"ListItem\",\"position\":2,\"name\":\"Donovan by se r\u00e1d vr\u00e1til\"}]},{\"@type\":\"WebSite\",\"@id\":\"https:\/\/evertonfc.cz\/#website\",\"url\":\"https:\/\/evertonfc.cz\/\",\"name\":\"Official Czech &amp; Slovak Everton Supporters&#039; Club\",\"description\":\"\",\"publisher\":{\"@id\":\"https:\/\/evertonfc.cz\/#organization\"},\"potentialAction\":[{\"@type\":\"SearchAction\",\"target\":{\"@type\":\"EntryPoint\",\"urlTemplate\":\"https:\/\/evertonfc.cz\/?s={search_term_string}\"},\"query-input\":{\"@type\":\"PropertyValueSpecification\",\"valueRequired\":true,\"valueName\":\"search_term_string\"}}],\"inLanguage\":\"cs\"},{\"@type\":\"Organization\",\"@id\":\"https:\/\/evertonfc.cz\/#organization\",\"name\":\"Official Czech & Slovak Everton Supporters' Club\",\"url\":\"https:\/\/evertonfc.cz\/\",\"logo\":{\"@type\":\"ImageObject\",\"inLanguage\":\"cs\",\"@id\":\"https:\/\/evertonfc.cz\/#\/schema\/logo\/image\/\",\"url\":\"https:\/\/evertonfc.cz\/wp-content\/uploads\/2019\/05\/logo.png\",\"contentUrl\":\"https:\/\/evertonfc.cz\/wp-content\/uploads\/2019\/05\/logo.png\",\"width\":112,\"height\":112,\"caption\":\"Official Czech & Slovak Everton Supporters' Club\"},\"image\":{\"@id\":\"https:\/\/evertonfc.cz\/#\/schema\/logo\/image\/\"},\"sameAs\":[\"https:\/\/www.facebook.com\/everton.fans.cz.sk\"]},{\"@type\":\"Person\",\"@id\":\"https:\/\/evertonfc.cz\/#\/schema\/person\/f7a5daedb2ffee98480bc70e191aaef1\",\"name\":\"Ri\u010di\",\"sameAs\":[\"https:\/\/x.com\/rbrejsa\"],\"url\":\"https:\/\/evertonfc.cz\/index.php\/author\/rici\/\"}]}<\/script>\n<!-- \/ Yoast SEO plugin. -->","yoast_head_json":{"title":"Donovan by se r\u00e1d vr\u00e1til - Official Czech &amp; Slovak Everton Supporters&#039; Club","robots":{"index":"index","follow":"follow","max-snippet":"max-snippet:-1","max-image-preview":"max-image-preview:large","max-video-preview":"max-video-preview:-1"},"canonical":"https:\/\/evertonfc.cz\/index.php\/2010\/07\/30\/donovan-by-se-rad-vratil\/","og_locale":"cs_CZ","og_type":"article","og_title":"Donovan by se r\u00e1d vr\u00e1til - Official Czech &amp; Slovak Everton Supporters&#039; Club","og_description":"Americk\u00fd hv\u011bzda Landon Donovan velmi pot\u011b\u0161il v\u0161echny fanou\u0161ky Toffees, kdy\u017e vyj\u00e1d\u0159il p\u0159\u00e1n\u00ed op\u011bt si v dresu Evertonu zahr\u00e1t Premier League.&hellip;","og_url":"https:\/\/evertonfc.cz\/index.php\/2010\/07\/30\/donovan-by-se-rad-vratil\/","og_site_name":"Official Czech &amp; Slovak Everton Supporters&#039; Club","article_publisher":"https:\/\/www.facebook.com\/everton.fans.cz.sk","article_published_time":"2010-07-30T12:03:27+00:00","article_modified_time":"2019-02-10T13:04:42+00:00","og_image":[{"width":720,"height":405,"url":"https:\/\/evertonfc.cz\/wp-content\/uploads\/2019\/01\/interview.jpg","type":"image\/jpeg"}],"author":"Ri\u010di","twitter_card":"summary_large_image","twitter_creator":"@rbrejsa","twitter_misc":{"Napsal(a)":"Ri\u010di","Odhadovan\u00e1 doba \u010dten\u00ed":"2 minuty"},"schema":{"@context":"https:\/\/schema.org","@graph":[{"@type":"Article","@id":"https:\/\/evertonfc.cz\/index.php\/2010\/07\/30\/donovan-by-se-rad-vratil\/#article","isPartOf":{"@id":"https:\/\/evertonfc.cz\/index.php\/2010\/07\/30\/donovan-by-se-rad-vratil\/"},"author":{"name":"Ri\u010di","@id":"https:\/\/evertonfc.cz\/#\/schema\/person\/f7a5daedb2ffee98480bc70e191aaef1"},"headline":"Donovan by se r\u00e1d vr\u00e1til","datePublished":"2010-07-30T12:03:27+00:00","dateModified":"2019-02-10T13:04:42+00:00","mainEntityOfPage":{"@id":"https:\/\/evertonfc.cz\/index.php\/2010\/07\/30\/donovan-by-se-rad-vratil\/"},"wordCount":325,"commentCount":0,"publisher":{"@id":"https:\/\/evertonfc.cz\/#organization"},"image":{"@id":"https:\/\/evertonfc.cz\/index.php\/2010\/07\/30\/donovan-by-se-rad-vratil\/#primaryimage"},"thumbnailUrl":"https:\/\/evertonfc.cz\/wp-content\/uploads\/2019\/01\/interview.jpg","articleSection":["Rozhovory"],"inLanguage":"cs","potentialAction":[{"@type":"CommentAction","name":"Comment","target":["https:\/\/evertonfc.cz\/index.php\/2010\/07\/30\/donovan-by-se-rad-vratil\/#respond"]}]},{"@type":"WebPage","@id":"https:\/\/evertonfc.cz\/index.php\/2010\/07\/30\/donovan-by-se-rad-vratil\/","url":"https:\/\/evertonfc.cz\/index.php\/2010\/07\/30\/donovan-by-se-rad-vratil\/","name":"Donovan by se r\u00e1d vr\u00e1til - Official Czech &amp; Slovak Everton Supporters&#039; Club","isPartOf":{"@id":"https:\/\/evertonfc.cz\/#website"},"primaryImageOfPage":{"@id":"https:\/\/evertonfc.cz\/index.php\/2010\/07\/30\/donovan-by-se-rad-vratil\/#primaryimage"},"image":{"@id":"https:\/\/evertonfc.cz\/index.php\/2010\/07\/30\/donovan-by-se-rad-vratil\/#primaryimage"},"thumbnailUrl":"https:\/\/evertonfc.cz\/wp-content\/uploads\/2019\/01\/interview.jpg","datePublished":"2010-07-30T12:03:27+00:00","dateModified":"2019-02-10T13:04:42+00:00","breadcrumb":{"@id":"https:\/\/evertonfc.cz\/index.php\/2010\/07\/30\/donovan-by-se-rad-vratil\/#breadcrumb"},"inLanguage":"cs","potentialAction":[{"@type":"ReadAction","target":["https:\/\/evertonfc.cz\/index.php\/2010\/07\/30\/donovan-by-se-rad-vratil\/"]}]},{"@type":"ImageObject","inLanguage":"cs","@id":"https:\/\/evertonfc.cz\/index.php\/2010\/07\/30\/donovan-by-se-rad-vratil\/#primaryimage","url":"https:\/\/evertonfc.cz\/wp-content\/uploads\/2019\/01\/interview.jpg","contentUrl":"https:\/\/evertonfc.cz\/wp-content\/uploads\/2019\/01\/interview.jpg","width":720,"height":405},{"@type":"BreadcrumbList","@id":"https:\/\/evertonfc.cz\/index.php\/2010\/07\/30\/donovan-by-se-rad-vratil\/#breadcrumb","itemListElement":[{"@type":"ListItem","position":1,"name":"Home","item":"https:\/\/evertonfc.cz\/"},{"@type":"ListItem","position":2,"name":"Donovan by se r\u00e1d vr\u00e1til"}]},{"@type":"WebSite","@id":"https:\/\/evertonfc.cz\/#website","url":"https:\/\/evertonfc.cz\/","name":"Official Czech &amp; Slovak Everton Supporters&#039; Club","description":"","publisher":{"@id":"https:\/\/evertonfc.cz\/#organization"},"potentialAction":[{"@type":"SearchAction","target":{"@type":"EntryPoint","urlTemplate":"https:\/\/evertonfc.cz\/?s={search_term_string}"},"query-input":{"@type":"PropertyValueSpecification","valueRequired":true,"valueName":"search_term_string"}}],"inLanguage":"cs"},{"@type":"Organization","@id":"https:\/\/evertonfc.cz\/#organization","name":"Official Czech & Slovak Everton Supporters' Club","url":"https:\/\/evertonfc.cz\/","logo":{"@type":"ImageObject","inLanguage":"cs","@id":"https:\/\/evertonfc.cz\/#\/schema\/logo\/image\/","url":"https:\/\/evertonfc.cz\/wp-content\/uploads\/2019\/05\/logo.png","contentUrl":"https:\/\/evertonfc.cz\/wp-content\/uploads\/2019\/05\/logo.png","width":112,"height":112,"caption":"Official Czech & Slovak Everton Supporters' Club"},"image":{"@id":"https:\/\/evertonfc.cz\/#\/schema\/logo\/image\/"},"sameAs":["https:\/\/www.facebook.com\/everton.fans.cz.sk"]},{"@type":"Person","@id":"https:\/\/evertonfc.cz\/#\/schema\/person\/f7a5daedb2ffee98480bc70e191aaef1","name":"Ri\u010di","sameAs":["https:\/\/x.com\/rbrejsa"],"url":"https:\/\/evertonfc.cz\/index.php\/author\/rici\/"}]}},"_links":{"self":[{"href":"https:\/\/evertonfc.cz\/index.php\/wp-json\/wp\/v2\/posts\/2924"}],"collection":[{"href":"https:\/\/evertonfc.cz\/index.php\/wp-json\/wp\/v2\/posts"}],"about":[{"href":"https:\/\/evertonfc.cz\/index.php\/wp-json\/wp\/v2\/types\/post"}],"author":[{"embeddable":true,"href":"https:\/\/evertonfc.cz\/index.php\/wp-json\/wp\/v2\/users\/6"}],"replies":[{"embeddable":true,"href":"https:\/\/evertonfc.cz\/index.php\/wp-json\/wp\/v2\/comments?post=2924"}],"version-history":[{"count":1,"href":"https:\/\/evertonfc.cz\/index.php\/wp-json\/wp\/v2\/posts\/2924\/revisions"}],"predecessor-version":[{"id":2925,"href":"https:\/\/evertonfc.cz\/index.php\/wp-json\/wp\/v2\/posts\/2924\/revisions\/2925"}],"wp:featuredmedia":[{"embeddable":true,"href":"https:\/\/evertonfc.cz\/index.php\/wp-json\/wp\/v2\/media\/1312"}],"wp:attachment":[{"href":"https:\/\/evertonfc.cz\/index.php\/wp-json\/wp\/v2\/media?parent=2924"}],"wp:term":[{"taxonomy":"category","embeddable":true,"href":"https:\/\/evertonfc.cz\/index.php\/wp-json\/wp\/v2\/categories?post=2924"},{"taxonomy":"post_tag","embeddable":true,"href":"https:\/\/evertonfc.cz\/index.php\/wp-json\/wp\/v2\/tags?post=2924"}],"curies":[{"name":"wp","href":"https:\/\/api.w.org\/{rel}","templated":true}]}}