{"id":2928,"date":"2010-08-01T14:06:57","date_gmt":"2010-08-01T12:06:57","guid":{"rendered":"http:\/\/evertonfc.cz\/?p=2928"},"modified":"2019-02-10T14:09:24","modified_gmt":"2019-02-10T13:09:24","slug":"sharpy-na-chatu","status":"publish","type":"post","link":"https:\/\/evertonfc.cz\/index.php\/2010\/08\/01\/sharpy-na-chatu\/","title":{"rendered":"Sharpy na chatu"},"content":{"rendered":"<p>Je\u0161t\u011b p\u0159ed t\u00edm ne\u017e Graeme Sharp, v\u00fdborn\u00fd \u00fato\u010dn\u00edk Toffees z \u00fasp\u011b\u0161n\u00fdch osmdes\u00e1t\u00fdch let, komentoval p\u0159\u00e1telsk\u00fd z\u00e1pas s Norwichem pro EvertonTV, stihl odpov\u011b\u010f na p\u00e1r ot\u00e1zek od fanou\u0161k\u016f.<\/p>\n<p><strong>Zak Mccartney: Pot\u0159ebujeme p\u0159iv\u00e9st na n\u011bjakou pozici nov\u00e9ho hr\u00e1\u010de?<\/strong><br \/>\nMo\u017en\u00e1 by by mohl p\u0159ij\u00edt n\u00e1hradn\u00edk na lev\u00e9ho obr\u00e1nce, jinak je cel\u00fd t\u00fdm dost siln\u00fd.<\/p>\n<p><strong>woodsy6: Jak to dnes tipuje\u0161?<\/strong><br \/>\nZ\u0159ejm\u011b to bude doposud n\u00e1\u0161 nejt\u011b\u017e\u0161\u00ed z\u00e1pas v p\u0159edsez\u00f3nn\u00ed p\u0159\u00edprav\u011b, jeliko\u017e Norwich u\u017e za t\u00fdden bude hr\u00e1t Championship, a tak na tom budou dob\u0159e fyzicky. Stejn\u011b ale vyhrajeme t\u011bsn\u00fdm rozd\u00edlem.<\/p>\n<p><strong>Jordan Hancox: Ahoj Graeme, jak\u00fd sv\u016fj g\u00f3l za Everton pova\u017euje\u0161 za nejlep\u0161\u00ed, ten proti Spurs nebo ten na Anfieldu?<\/strong><br \/>\nNa trefu proti Liverpoolu se bude vzpom\u00ednat v\u00edce, pro m\u011b je ale nejlep\u0161\u00ed g\u00f3l ten proti Spurs.<\/p>\n<p><strong>clarky21: Disponuje nyn\u00ed Everton nejlep\u0161\u00edm k\u00e1drem od doby, co si hr\u00e1val za klub?<\/strong><br \/>\nBez jak\u00fdkoliv pochybnost\u00ed je sou\u010dasn\u00fd t\u00fdm velmi siln\u00fd, m\u00e1 p\u00e1r kvalitn\u00edch hr\u00e1\u010d\u016f jako je t\u0159eba Arteta. David nakupoval dob\u0159e, te\u010f by mohl za\u010d\u00edt skl\u00edzet plody. Postupn\u011b si pe\u010dliv\u011b vytvo\u0159il dobr\u00e9 mu\u017estvo.<\/p>\n<p><strong>Dave Aspey: Ahoj Graeme, mohl bys n\u011bjak objasnit situaci kolem Donovana? A jak se vede tv\u00e9mu synovi, hraje je\u0161t\u011b st\u00e1le vel\u0161skou Premierleague?<\/strong><br \/>\nV\u0161ichni bychom r\u00e1di vid\u011bli Donovana zp\u00e1tky na Goodisonu, v tuto chv\u00edli ale opravdu nev\u00edm, jak to dopadne. M\u016fj kluk Chris hraje za TNS ve vel\u0161sk\u00e9 Premier League a tento t\u00fdden dokonce i Ligu mistr\u016f!<\/p>\n<p><strong>James: Vytla\u010d\u00ed nov\u00fd branka\u0159 J\u00e1n Mucha Tima Howarda z pozice jedni\u010dky?<\/strong><br \/>\nDokud jsem Muchu nevid\u011bl na Mistrovstv\u00ed sv\u011bta, p\u0159\u00edli\u0161 jsem o n\u011bm nev\u011bd\u011bl. Pro Howarda bude dobr\u00e1 konkurence, bude ale t\u011b\u017ek\u00e9 pro n\u011bj vytla\u010dit Tima, kter\u00fd je mimochodem jedn\u00edm z nejlep\u0161\u00edm Davidov\u00fdch n\u00e1kup\u016f, z pozice jedni\u010dky.<\/p>\n<p><strong>Richard Wood: Bude Beckford t\u00edm chyb\u011bj\u00edc\u00edm \u010dl\u00e1nek na\u0161\u00ed sestavy, jen\u017e jsme hledali? A t\u00edm mysl\u00edm p\u0159\u00edrozen\u00e9 st\u0159elce.<\/strong><br \/>\nTo uk\u00e1\u017ee pouze \u010das. Pro n\u011bj je to velk\u00fd skok, proto bychom od n\u011bj nem\u011bli \u010dekat \u017e\u00e1dn\u00e9 z\u00e1zraky. Mus\u00ed se p\u0159izp\u016fsobit tempu Premier League. Proti Prestonu si p\u0159ipsal dobr\u00fd start, tak snad p\u0159edvede je\u0161t\u011b n\u011bco v\u00edce.<\/p>\n<p><strong>James: Gueye vypad\u00e1 jako dobr\u00fd n\u00e1kup Moyese, co si o n\u011bm mysl\u00ed\u0161?<br \/>\n<\/strong>Vid\u011bl jsem ho poprv\u00e9 proti Prestonu a byl jsem ohromen. Je solidn\u00ed na m\u00ed\u010di, sebev\u011bdom\u00fd, m\u016f\u017ee hr\u00e1t lev\u00e9ho z\u00e1lo\u017en\u00edka nebo v \u00fatoku. Nem\u00e1 je\u0161t\u011b moc let, vypad\u00e1 ale na slu\u0161nou investici.<\/p>\n<p><strong>Alan Noonan: Zdrav\u00edm Sharpy, kdo by m\u011bl nastoupit v \u00favodn\u00edm z\u00e1pase proti Blackburnu na prav\u00e9m obr\u00e1nci, Hibbert nebo Coleman?<\/strong><br \/>\nBude to Hibbert. Coleman hraje v\u00fdborn\u011b, pokud jde ov\u0161em o boj ohledn\u011b z\u00e1kladn\u00ed sestavy, po\u0159\u00e1d mu pat\u0159\u00ed druh\u00e9 m\u00edsto za Hibbem.<\/p>\n<p><strong>big shunter: Kter\u00e9 hr\u00e1\u010de ze sou\u010dasn\u00e9 sestavy bys r\u00e1d m\u011bl v t\u00fdmu, s n\u00edm\u017e si vyhr\u00e1l titul?<\/strong><br \/>\nJe t\u011b\u017ek\u00e9 srovn\u00e1vat hr\u00e1\u010de z minulosti a ze sou\u010dasnosti. R\u00e1d bych ale m\u011bl v t\u00fdmu Artetu, jeliko\u017e m\u00e1 neuv\u011b\u0159itelnou kreativitu. Tehdy hr\u00e1li ve st\u0159edu z\u00e1lohy Reidy s Bracem a podle m\u011b by Arteta mohl b\u00fdt o trochu v\u00edce \u0161ikovn\u011bj\u0161\u00ed ne\u017e Reidy!<\/p>\n<p><strong>Alan Noonan: Kde by m\u011bl Anichebe nastupovat, na prav\u00e9 z\u00e1loze nebo v \u00fatoku?<\/strong><br \/>\nAsi na prav\u00e9 stran\u011b z\u00e1lohy, on toti\u017e ned\u00e1v\u00e1 p\u0159\u00edli\u0161 branek, kdy\u017e hraje v \u00fatoku. Nen\u00ed to p\u0159irozen\u00fd st\u0159elec.<\/p>\n<p><strong>clarky21: Jak velkou roli v t\u00fdmu bude m\u00edt v leto\u0161n\u00ed sez\u00f3n\u011b Rodwell?<\/strong><br \/>\nJe to mlad\u00fd kluk, neust\u00e1le se zlep\u0161uje. Letn\u00ed p\u0159\u00edprava mu vych\u00e1z\u00ed fantasticky, lid\u00e9 dokonce mluv\u00ed o jeho nominaci do seniorsk\u00e9ho t\u00fdmu Albionu. On s\u00e1m chce ale z\u016fstat v Evertonu a bojovat s t\u011b\u017ekou konkurenc\u00ed, kterou m\u00e1me v z\u00e1loze.<\/p>\n<p><strong>Callum Wilson: V jak\u00e9 formaci by Evertom m\u011bl nastupovat? Na Mistrovstv\u00ed sv\u011bta se uk\u00e1zalo, \u017ee rozestaven\u00ed 4-2-3-1 je velmi efektivn\u00ed.<\/strong><br \/>\nPodle m\u011b nez\u00e1le\u017e\u00ed a\u017e tak na rozestaven\u00ed, sp\u00ed\u0161e na hr\u00e1\u010d\u00edch. David \u010del\u00ed kritice ohledn\u011b jednoho hr\u00e1\u010de v \u00fatoku v z\u00e1kladn\u00ed sestav\u011b, ale pr\u00e1v\u011b to n\u00e1s dostalo do Ligy mistr\u016f.<\/p>\n<p><strong>paulieg6: Krom\u011b Manchesteru City konkurenti Evertonu neutr\u00e1cej\u00ed zat\u00edm p\u0159\u00edli\u0161 mnoho pen\u011bz. Bude v p\u0159\u00ed\u0161t\u00edch letech Premier League daleko v\u00edce vyrovnan\u00e1, pokud t\u00fdmy nebudou investovat velk\u00e9 finan\u010dn\u00ed \u010d\u00e1stky, a do\u010dk\u00e1me se t\u0159eba nov\u00fdch v\u00edt\u011bz\u016f ligy?<\/strong><br \/>\nAsi ano. P\u0159\u00edli\u0161 mnoho pen\u011bz nemus\u00ed nutn\u011b znamenat \u00fasp\u011bch, samoz\u0159ejm\u011b ale s lep\u0161\u00edmi financemi je to sna\u017e\u0161\u00ed. Manchester City m\u00e1 a bude m\u00edt probl\u00e9my se zabudov\u00e1v\u00e1n\u00edm nov\u00fdch hr\u00e1\u010d\u016f do t\u00fdmu. My jsme k\u00e1dr budovali n\u011bkolik let, proto jsme te\u010f siln\u00ed. \u010c\u00edm d\u00e1l v\u00edce t\u00fdm\u016f p\u016fjde na\u0161\u00ed cestou, pokud nebudou m\u00edt tolik pen\u011bz jako City.<\/p>\n<p><strong>Jack Boughey: Jak\u00e9 jsou letos na\u0161e \u0161ance proti Liverpoolu? Mohli bychom skon\u010dit v tabulce nad nimi?<\/strong><br \/>\nNevid\u00edm d\u016fvod, pro\u010d bychom nemohli. Bude zaj\u00edmav\u00e9 sledovat, jak si Hodgson povede. On je ov\u0161em dobr\u00fd mana\u017eer. Snad ale prodaj\u00ed Gerrarda a Torrese!!<\/p>\n<p><strong>Steven Kelly: V\u00ed\u0161, m\u00e1 Pienaar budoucnost v klubu?<\/strong><br \/>\nNev\u00edm, co se stane, v\u0161ichni ale cht\u011bj\u00ed, aby z\u016fstal. V\u0161e z\u00e1le\u017e\u00ed na samotn\u00e9m hr\u00e1\u010di, snad si av\u0161ak uv\u011bdomuje, jak mu Evertonu pomohl ve fotbalov\u00e9m r\u016fstu.<\/p>\n","protected":false},"excerpt":{"rendered":"<p>Je\u0161t\u011b p\u0159ed t\u00edm ne\u017e Graeme Sharp, v\u00fdborn\u00fd \u00fato\u010dn\u00edk Toffees z \u00fasp\u011b\u0161n\u00fdch osmdes\u00e1t\u00fdch let, komentoval p\u0159\u00e1telsk\u00fd z\u00e1pas s Norwichem pro EvertonTV,&hellip;<\/p>\n","protected":false},"author":6,"featured_media":1312,"comment_status":"open","ping_status":"closed","sticky":false,"template":"","format":"standard","meta":{"_eb_attr":"","_monsterinsights_skip_tracking":false,"_monsterinsights_sitenote_active":false,"_monsterinsights_sitenote_note":"","_monsterinsights_sitenote_category":0,"footnotes":""},"categories":[1],"tags":[],"yoast_head":"<!-- This site is optimized with the Yoast SEO plugin v23.4 - https:\/\/yoast.com\/wordpress\/plugins\/seo\/ -->\n<title>Sharpy na chatu - Official Czech &amp; Slovak Everton Supporters&#039; Club<\/title>\n<meta name=\"robots\" content=\"index, follow, max-snippet:-1, max-image-preview:large, max-video-preview:-1\" \/>\n<link rel=\"canonical\" href=\"https:\/\/evertonfc.cz\/index.php\/2010\/08\/01\/sharpy-na-chatu\/\" \/>\n<meta property=\"og:locale\" content=\"cs_CZ\" \/>\n<meta property=\"og:type\" content=\"article\" \/>\n<meta property=\"og:title\" content=\"Sharpy na chatu - Official Czech &amp; Slovak Everton Supporters&#039; Club\" \/>\n<meta property=\"og:description\" content=\"Je\u0161t\u011b p\u0159ed t\u00edm ne\u017e Graeme Sharp, v\u00fdborn\u00fd \u00fato\u010dn\u00edk Toffees z \u00fasp\u011b\u0161n\u00fdch osmdes\u00e1t\u00fdch let, komentoval p\u0159\u00e1telsk\u00fd z\u00e1pas s Norwichem pro EvertonTV,&hellip;\" \/>\n<meta property=\"og:url\" content=\"https:\/\/evertonfc.cz\/index.php\/2010\/08\/01\/sharpy-na-chatu\/\" \/>\n<meta property=\"og:site_name\" content=\"Official Czech &amp; Slovak Everton Supporters&#039; Club\" \/>\n<meta property=\"article:publisher\" content=\"https:\/\/www.facebook.com\/everton.fans.cz.sk\" \/>\n<meta property=\"article:published_time\" content=\"2010-08-01T12:06:57+00:00\" \/>\n<meta property=\"article:modified_time\" content=\"2019-02-10T13:09:24+00:00\" \/>\n<meta property=\"og:image\" content=\"https:\/\/evertonfc.cz\/wp-content\/uploads\/2019\/01\/interview.jpg\" \/>\n\t<meta property=\"og:image:width\" content=\"720\" \/>\n\t<meta property=\"og:image:height\" content=\"405\" \/>\n\t<meta property=\"og:image:type\" content=\"image\/jpeg\" \/>\n<meta name=\"author\" content=\"Ri\u010di\" \/>\n<meta name=\"twitter:card\" content=\"summary_large_image\" \/>\n<meta name=\"twitter:creator\" content=\"@rbrejsa\" \/>\n<meta name=\"twitter:label1\" content=\"Napsal(a)\" \/>\n\t<meta name=\"twitter:data1\" content=\"Ri\u010di\" \/>\n\t<meta name=\"twitter:label2\" content=\"Odhadovan\u00e1 doba \u010dten\u00ed\" \/>\n\t<meta name=\"twitter:data2\" content=\"5 minut\" \/>\n<script type=\"application\/ld+json\" class=\"yoast-schema-graph\">{\"@context\":\"https:\/\/schema.org\",\"@graph\":[{\"@type\":\"Article\",\"@id\":\"https:\/\/evertonfc.cz\/index.php\/2010\/08\/01\/sharpy-na-chatu\/#article\",\"isPartOf\":{\"@id\":\"https:\/\/evertonfc.cz\/index.php\/2010\/08\/01\/sharpy-na-chatu\/\"},\"author\":{\"name\":\"Ri\u010di\",\"@id\":\"https:\/\/evertonfc.cz\/#\/schema\/person\/f7a5daedb2ffee98480bc70e191aaef1\"},\"headline\":\"Sharpy na chatu\",\"datePublished\":\"2010-08-01T12:06:57+00:00\",\"dateModified\":\"2019-02-10T13:09:24+00:00\",\"mainEntityOfPage\":{\"@id\":\"https:\/\/evertonfc.cz\/index.php\/2010\/08\/01\/sharpy-na-chatu\/\"},\"wordCount\":1000,\"commentCount\":0,\"publisher\":{\"@id\":\"https:\/\/evertonfc.cz\/#organization\"},\"image\":{\"@id\":\"https:\/\/evertonfc.cz\/index.php\/2010\/08\/01\/sharpy-na-chatu\/#primaryimage\"},\"thumbnailUrl\":\"https:\/\/evertonfc.cz\/wp-content\/uploads\/2019\/01\/interview.jpg\",\"articleSection\":[\"Rozhovory\"],\"inLanguage\":\"cs\",\"potentialAction\":[{\"@type\":\"CommentAction\",\"name\":\"Comment\",\"target\":[\"https:\/\/evertonfc.cz\/index.php\/2010\/08\/01\/sharpy-na-chatu\/#respond\"]}]},{\"@type\":\"WebPage\",\"@id\":\"https:\/\/evertonfc.cz\/index.php\/2010\/08\/01\/sharpy-na-chatu\/\",\"url\":\"https:\/\/evertonfc.cz\/index.php\/2010\/08\/01\/sharpy-na-chatu\/\",\"name\":\"Sharpy na chatu - Official Czech &amp; Slovak Everton Supporters&#039; Club\",\"isPartOf\":{\"@id\":\"https:\/\/evertonfc.cz\/#website\"},\"primaryImageOfPage\":{\"@id\":\"https:\/\/evertonfc.cz\/index.php\/2010\/08\/01\/sharpy-na-chatu\/#primaryimage\"},\"image\":{\"@id\":\"https:\/\/evertonfc.cz\/index.php\/2010\/08\/01\/sharpy-na-chatu\/#primaryimage\"},\"thumbnailUrl\":\"https:\/\/evertonfc.cz\/wp-content\/uploads\/2019\/01\/interview.jpg\",\"datePublished\":\"2010-08-01T12:06:57+00:00\",\"dateModified\":\"2019-02-10T13:09:24+00:00\",\"breadcrumb\":{\"@id\":\"https:\/\/evertonfc.cz\/index.php\/2010\/08\/01\/sharpy-na-chatu\/#breadcrumb\"},\"inLanguage\":\"cs\",\"potentialAction\":[{\"@type\":\"ReadAction\",\"target\":[\"https:\/\/evertonfc.cz\/index.php\/2010\/08\/01\/sharpy-na-chatu\/\"]}]},{\"@type\":\"ImageObject\",\"inLanguage\":\"cs\",\"@id\":\"https:\/\/evertonfc.cz\/index.php\/2010\/08\/01\/sharpy-na-chatu\/#primaryimage\",\"url\":\"https:\/\/evertonfc.cz\/wp-content\/uploads\/2019\/01\/interview.jpg\",\"contentUrl\":\"https:\/\/evertonfc.cz\/wp-content\/uploads\/2019\/01\/interview.jpg\",\"width\":720,\"height\":405},{\"@type\":\"BreadcrumbList\",\"@id\":\"https:\/\/evertonfc.cz\/index.php\/2010\/08\/01\/sharpy-na-chatu\/#breadcrumb\",\"itemListElement\":[{\"@type\":\"ListItem\",\"position\":1,\"name\":\"Home\",\"item\":\"https:\/\/evertonfc.cz\/\"},{\"@type\":\"ListItem\",\"position\":2,\"name\":\"Sharpy na chatu\"}]},{\"@type\":\"WebSite\",\"@id\":\"https:\/\/evertonfc.cz\/#website\",\"url\":\"https:\/\/evertonfc.cz\/\",\"name\":\"Official Czech &amp; Slovak Everton Supporters&#039; Club\",\"description\":\"\",\"publisher\":{\"@id\":\"https:\/\/evertonfc.cz\/#organization\"},\"potentialAction\":[{\"@type\":\"SearchAction\",\"target\":{\"@type\":\"EntryPoint\",\"urlTemplate\":\"https:\/\/evertonfc.cz\/?s={search_term_string}\"},\"query-input\":{\"@type\":\"PropertyValueSpecification\",\"valueRequired\":true,\"valueName\":\"search_term_string\"}}],\"inLanguage\":\"cs\"},{\"@type\":\"Organization\",\"@id\":\"https:\/\/evertonfc.cz\/#organization\",\"name\":\"Official Czech & Slovak Everton Supporters' Club\",\"url\":\"https:\/\/evertonfc.cz\/\",\"logo\":{\"@type\":\"ImageObject\",\"inLanguage\":\"cs\",\"@id\":\"https:\/\/evertonfc.cz\/#\/schema\/logo\/image\/\",\"url\":\"https:\/\/evertonfc.cz\/wp-content\/uploads\/2019\/05\/logo.png\",\"contentUrl\":\"https:\/\/evertonfc.cz\/wp-content\/uploads\/2019\/05\/logo.png\",\"width\":112,\"height\":112,\"caption\":\"Official Czech & Slovak Everton Supporters' Club\"},\"image\":{\"@id\":\"https:\/\/evertonfc.cz\/#\/schema\/logo\/image\/\"},\"sameAs\":[\"https:\/\/www.facebook.com\/everton.fans.cz.sk\"]},{\"@type\":\"Person\",\"@id\":\"https:\/\/evertonfc.cz\/#\/schema\/person\/f7a5daedb2ffee98480bc70e191aaef1\",\"name\":\"Ri\u010di\",\"sameAs\":[\"https:\/\/x.com\/rbrejsa\"],\"url\":\"https:\/\/evertonfc.cz\/index.php\/author\/rici\/\"}]}<\/script>\n<!-- \/ Yoast SEO plugin. -->","yoast_head_json":{"title":"Sharpy na chatu - Official Czech &amp; Slovak Everton Supporters&#039; Club","robots":{"index":"index","follow":"follow","max-snippet":"max-snippet:-1","max-image-preview":"max-image-preview:large","max-video-preview":"max-video-preview:-1"},"canonical":"https:\/\/evertonfc.cz\/index.php\/2010\/08\/01\/sharpy-na-chatu\/","og_locale":"cs_CZ","og_type":"article","og_title":"Sharpy na chatu - Official Czech &amp; Slovak Everton Supporters&#039; Club","og_description":"Je\u0161t\u011b p\u0159ed t\u00edm ne\u017e Graeme Sharp, v\u00fdborn\u00fd \u00fato\u010dn\u00edk Toffees z \u00fasp\u011b\u0161n\u00fdch osmdes\u00e1t\u00fdch let, komentoval p\u0159\u00e1telsk\u00fd z\u00e1pas s Norwichem pro EvertonTV,&hellip;","og_url":"https:\/\/evertonfc.cz\/index.php\/2010\/08\/01\/sharpy-na-chatu\/","og_site_name":"Official Czech &amp; Slovak Everton Supporters&#039; Club","article_publisher":"https:\/\/www.facebook.com\/everton.fans.cz.sk","article_published_time":"2010-08-01T12:06:57+00:00","article_modified_time":"2019-02-10T13:09:24+00:00","og_image":[{"width":720,"height":405,"url":"https:\/\/evertonfc.cz\/wp-content\/uploads\/2019\/01\/interview.jpg","type":"image\/jpeg"}],"author":"Ri\u010di","twitter_card":"summary_large_image","twitter_creator":"@rbrejsa","twitter_misc":{"Napsal(a)":"Ri\u010di","Odhadovan\u00e1 doba \u010dten\u00ed":"5 minut"},"schema":{"@context":"https:\/\/schema.org","@graph":[{"@type":"Article","@id":"https:\/\/evertonfc.cz\/index.php\/2010\/08\/01\/sharpy-na-chatu\/#article","isPartOf":{"@id":"https:\/\/evertonfc.cz\/index.php\/2010\/08\/01\/sharpy-na-chatu\/"},"author":{"name":"Ri\u010di","@id":"https:\/\/evertonfc.cz\/#\/schema\/person\/f7a5daedb2ffee98480bc70e191aaef1"},"headline":"Sharpy na chatu","datePublished":"2010-08-01T12:06:57+00:00","dateModified":"2019-02-10T13:09:24+00:00","mainEntityOfPage":{"@id":"https:\/\/evertonfc.cz\/index.php\/2010\/08\/01\/sharpy-na-chatu\/"},"wordCount":1000,"commentCount":0,"publisher":{"@id":"https:\/\/evertonfc.cz\/#organization"},"image":{"@id":"https:\/\/evertonfc.cz\/index.php\/2010\/08\/01\/sharpy-na-chatu\/#primaryimage"},"thumbnailUrl":"https:\/\/evertonfc.cz\/wp-content\/uploads\/2019\/01\/interview.jpg","articleSection":["Rozhovory"],"inLanguage":"cs","potentialAction":[{"@type":"CommentAction","name":"Comment","target":["https:\/\/evertonfc.cz\/index.php\/2010\/08\/01\/sharpy-na-chatu\/#respond"]}]},{"@type":"WebPage","@id":"https:\/\/evertonfc.cz\/index.php\/2010\/08\/01\/sharpy-na-chatu\/","url":"https:\/\/evertonfc.cz\/index.php\/2010\/08\/01\/sharpy-na-chatu\/","name":"Sharpy na chatu - Official Czech &amp; Slovak Everton Supporters&#039; Club","isPartOf":{"@id":"https:\/\/evertonfc.cz\/#website"},"primaryImageOfPage":{"@id":"https:\/\/evertonfc.cz\/index.php\/2010\/08\/01\/sharpy-na-chatu\/#primaryimage"},"image":{"@id":"https:\/\/evertonfc.cz\/index.php\/2010\/08\/01\/sharpy-na-chatu\/#primaryimage"},"thumbnailUrl":"https:\/\/evertonfc.cz\/wp-content\/uploads\/2019\/01\/interview.jpg","datePublished":"2010-08-01T12:06:57+00:00","dateModified":"2019-02-10T13:09:24+00:00","breadcrumb":{"@id":"https:\/\/evertonfc.cz\/index.php\/2010\/08\/01\/sharpy-na-chatu\/#breadcrumb"},"inLanguage":"cs","potentialAction":[{"@type":"ReadAction","target":["https:\/\/evertonfc.cz\/index.php\/2010\/08\/01\/sharpy-na-chatu\/"]}]},{"@type":"ImageObject","inLanguage":"cs","@id":"https:\/\/evertonfc.cz\/index.php\/2010\/08\/01\/sharpy-na-chatu\/#primaryimage","url":"https:\/\/evertonfc.cz\/wp-content\/uploads\/2019\/01\/interview.jpg","contentUrl":"https:\/\/evertonfc.cz\/wp-content\/uploads\/2019\/01\/interview.jpg","width":720,"height":405},{"@type":"BreadcrumbList","@id":"https:\/\/evertonfc.cz\/index.php\/2010\/08\/01\/sharpy-na-chatu\/#breadcrumb","itemListElement":[{"@type":"ListItem","position":1,"name":"Home","item":"https:\/\/evertonfc.cz\/"},{"@type":"ListItem","position":2,"name":"Sharpy na chatu"}]},{"@type":"WebSite","@id":"https:\/\/evertonfc.cz\/#website","url":"https:\/\/evertonfc.cz\/","name":"Official Czech &amp; Slovak Everton Supporters&#039; Club","description":"","publisher":{"@id":"https:\/\/evertonfc.cz\/#organization"},"potentialAction":[{"@type":"SearchAction","target":{"@type":"EntryPoint","urlTemplate":"https:\/\/evertonfc.cz\/?s={search_term_string}"},"query-input":{"@type":"PropertyValueSpecification","valueRequired":true,"valueName":"search_term_string"}}],"inLanguage":"cs"},{"@type":"Organization","@id":"https:\/\/evertonfc.cz\/#organization","name":"Official Czech & Slovak Everton Supporters' Club","url":"https:\/\/evertonfc.cz\/","logo":{"@type":"ImageObject","inLanguage":"cs","@id":"https:\/\/evertonfc.cz\/#\/schema\/logo\/image\/","url":"https:\/\/evertonfc.cz\/wp-content\/uploads\/2019\/05\/logo.png","contentUrl":"https:\/\/evertonfc.cz\/wp-content\/uploads\/2019\/05\/logo.png","width":112,"height":112,"caption":"Official Czech & Slovak Everton Supporters' Club"},"image":{"@id":"https:\/\/evertonfc.cz\/#\/schema\/logo\/image\/"},"sameAs":["https:\/\/www.facebook.com\/everton.fans.cz.sk"]},{"@type":"Person","@id":"https:\/\/evertonfc.cz\/#\/schema\/person\/f7a5daedb2ffee98480bc70e191aaef1","name":"Ri\u010di","sameAs":["https:\/\/x.com\/rbrejsa"],"url":"https:\/\/evertonfc.cz\/index.php\/author\/rici\/"}]}},"_links":{"self":[{"href":"https:\/\/evertonfc.cz\/index.php\/wp-json\/wp\/v2\/posts\/2928"}],"collection":[{"href":"https:\/\/evertonfc.cz\/index.php\/wp-json\/wp\/v2\/posts"}],"about":[{"href":"https:\/\/evertonfc.cz\/index.php\/wp-json\/wp\/v2\/types\/post"}],"author":[{"embeddable":true,"href":"https:\/\/evertonfc.cz\/index.php\/wp-json\/wp\/v2\/users\/6"}],"replies":[{"embeddable":true,"href":"https:\/\/evertonfc.cz\/index.php\/wp-json\/wp\/v2\/comments?post=2928"}],"version-history":[{"count":1,"href":"https:\/\/evertonfc.cz\/index.php\/wp-json\/wp\/v2\/posts\/2928\/revisions"}],"predecessor-version":[{"id":2929,"href":"https:\/\/evertonfc.cz\/index.php\/wp-json\/wp\/v2\/posts\/2928\/revisions\/2929"}],"wp:featuredmedia":[{"embeddable":true,"href":"https:\/\/evertonfc.cz\/index.php\/wp-json\/wp\/v2\/media\/1312"}],"wp:attachment":[{"href":"https:\/\/evertonfc.cz\/index.php\/wp-json\/wp\/v2\/media?parent=2928"}],"wp:term":[{"taxonomy":"category","embeddable":true,"href":"https:\/\/evertonfc.cz\/index.php\/wp-json\/wp\/v2\/categories?post=2928"},{"taxonomy":"post_tag","embeddable":true,"href":"https:\/\/evertonfc.cz\/index.php\/wp-json\/wp\/v2\/tags?post=2928"}],"curies":[{"name":"wp","href":"https:\/\/api.w.org\/{rel}","templated":true}]}}