{"id":2930,"date":"2010-08-03T14:09:35","date_gmt":"2010-08-03T12:09:35","guid":{"rendered":"http:\/\/evertonfc.cz\/?p=2930"},"modified":"2019-02-10T14:10:51","modified_gmt":"2019-02-10T13:10:51","slug":"kousek-z-historie-everton-chile","status":"publish","type":"post","link":"https:\/\/evertonfc.cz\/index.php\/2010\/08\/03\/kousek-z-historie-everton-chile\/","title":{"rendered":"Kousek z historie Everton Chile"},"content":{"rendered":"<h4>U\u017e 4. srpna se na Goodison Parku st\u0159etne Everton FC proti Everton Chile. Dva kluby, dva stejn\u00e9 n\u00e1zvy, poj\u010fme se tak s histori\u00ed toho m\u00e9n\u011b zn\u00e1m\u00e9ho trochu sezn\u00e1mit.<\/h4>\n<p>V tomto z\u00e1pase prost\u011b Everton neprohraje. Z\u00e1le\u017e\u00ed v\u0161ak na tom, jak\u00fd Everton m\u00e1te na mysli. Bu\u010f ten, kter\u00fd vyhr\u00e1l \u010dty\u0159ikr\u00e1t chilskou ligu, naposledy v roce 2008. Nebo ten, jen\u017e se radoval z anglick\u00e9ho ligov\u00e9ho titulu hned dev\u011btkr\u00e1t.<\/p>\n<p>Jeden klub byl p\u0159ed sto lety pojmenov\u00e1n po druh\u00e9m. Aby se vztahy mezi celky je\u0161t\u011b vylep\u0161ily a vzniklo siln\u011bj\u0161\u00ed p\u0159\u00e1telstv\u00ed nap\u0159\u00ed\u010d rozlehl\u00fdm Atlantikem, st\u0159etnou se ob\u011b mu\u017estva na Goodison Parku.<\/p>\n<p>V roce 1909 byli Everton a Tottenham Hotspur pozv\u00e1ni do Ji\u017en\u00ed Ameriky, aby zde sehr\u00e1li p\u00e1r z\u00e1pas\u016f proti nejlep\u0161\u00edm t\u00fdm\u016fm z Argentiny a Uruguaye. Toffees i Spurs se vydali na t\u0159\u00edt\u00fddenn\u00ed fotbalovou pou\u0165 se zast\u00e1vkami v Lisabonu, na Madei\u0159e nebo v Rio de Janeiro, by\u0165 ka\u017ed\u00fd t\u00fdm jin\u00fdm sm\u011brem. Hv\u011bzdou turn\u00e9 se stal anglick\u00fd \u00fato\u010dn\u00edk a hr\u00e1\u010d Evertonu Bert Freeman (v klubu p\u016fsobil v letech 1908-1911 a v 94 z\u00e1pasech vst\u0159elil 67 branek). Freeman m\u011bl pod\u00edl na 14 brank\u00e1ch EFC v p\u011bti z\u00e1pasech a p\u0159\u00edmo exceloval v\u00a0duelech s\u00a0v\u00fdb\u011bry argentinsk\u00e9 a uruguaysk\u00e9 ligy a Tottenhamem.<\/p>\n<p>Po p\u00e1r t\u00fddnech po \u00fasp\u011b\u0161n\u00e9m turn\u00e9, kdy se jeho v\u011bhlas roz\u0161\u00ed\u0159il po cel\u00e9 Ji\u017en\u00ed Americe, se skupina chilsk\u00fdch teenager\u016f s\u00a0anglick\u00fdmi ko\u0159eny (jejich rodi\u010de emigrovali do Chile z\u00a0Liverpoolu v\u00a019. stolet\u00ed) veden\u00e1 Davidem Foxleym se\u0161la v p\u0159\u00edstavu m\u011bsta\u00a0Valpara\u00edso a inspirov\u00e1na v\u00fdkony anglick\u00e9ho Evertonu zalo\u017eila fotbalov\u00fd klub Everton.<\/p>\n<p>Klub se postupn\u011b rozv\u00edjel a z\u00edsk\u00e1val na popularit\u011b. V\u00a0roce 1919 v\u00a0r\u00e1mci oslav des\u00e1t\u00e9ho v\u00fdro\u010d\u00ed od zalo\u017een\u00ed se dokonce spojili sekret\u00e1\u0159i obou klub\u016f a ofici\u00e1ln\u011b stvrdili stejn\u00fd n\u00e1zev. po\u0159\u00e1d ale byly pochybnosti o jeho n\u00e1zvu. Zm\u00edn\u011bn\u00e9 oslavy se v\u0161ak nenesly pouze ve slavnostn\u00edm, chilsk\u00fd Everton stejn\u011b jako cel\u00fd sv\u011bt zas\u00e1hla trag\u00e9die I. sv\u011btov\u00e9 v\u00e1lky. V\u00a0jedn\u00e9 z\u00a0jej\u00ed nejkrvav\u011bj\u0161\u00edch bitev, na Somm\u011b, zem\u0159eli zakladatel\u00e9 klubu Frank Boundy a Malcolm, kte\u0159\u00ed se rozhodli vr\u00e1tit do Evertonu a bojovat v\u00a0britsk\u00e9 arm\u00e1d\u011b.<\/p>\n<p>O n\u011bkolik dek\u00e1d pozd\u011bji do\u0161lo k zaj\u00edmav\u00e9mu propleten\u00ed obou t\u00fdm\u016f. Na mistrovstv\u00ed sv\u011bta 1962 v Chile a 1966 v Anglii odehr\u00e1la brazilsk\u00e1 reprezentace v\u0161echny svoje z\u00e1pasy a\u017e na fin\u00e1lov\u00fd duel v\u00a0roce 1962 na stadionech obou Everton\u016f.<\/p>\n<p>Do t\u00e9 doby se chilsk\u00fd Everton sta\u010dil st\u00e1t dvakr\u00e1t mistrem sv\u00e9 zemi (1950, 1952) a byl p\u0159em\u00edst\u011bn do m\u011bsta Vi\u00f1a del Mar, kter\u00e9 se nach\u00e1z\u00ed jen p\u00e1r kilometr\u016f pod\u00e9l pob\u0159e\u017e\u00ed od metropole Valpara\u00edso. V nov\u00e9m domov\u011b oslavil tak\u00e9 dva tituly, a to v letech 1976 a 2008.<\/p>\n<p>V samotn\u00e9m utk\u00e1n\u00ed dvou Everton\u016f na Goodison Parku budou na obou lavi\u010dk\u00e1ch st\u00e1t velmi uzn\u00e1van\u00e9 persony. David Moyes se stal t\u0159ikr\u00e1t mana\u017eer roku na z\u00e1klad\u011b hlas\u016f sv\u00fdch koleg\u016f a Nelson Acosta vedl Chile, kdy\u017e porazila Anglii ve Wembley. Acosta se p\u0159ed \u010dasem vyj\u00e1d\u0159il, \u017ee jeho sv\u011b\u0159enci budou br\u00e1t utk\u00e1n\u00ed jako by \u0161lo o fin\u00e1le poh\u00e1ru.<\/p>\n<p>Tento jedine\u010dn\u00fd z\u00e1pas se odehraje hlavn\u011b d\u00edky Ruleteros Society, spole\u010dnosti zalo\u017een\u00e9 v roce 2002 na z\u00e1klad\u011b sbl\u00ed\u017eit fanou\u0161ky obou Everton\u016f, v\u00edce informac\u00ed o sdru\u017een\u00ed naleznete na jejich webov\u00e9 str\u00e1nce\u00a0<a href=\"http:\/\/www.ruleteros.com\/\" target=\"_blank\" rel=\"noopener\"><strong>theruleteros.com<\/strong><\/a>. Ruleteros se poda\u0159ilo zorganizovat n\u011bkolik setk\u00e1n\u00ed obou fanklub\u016f a na jednom byl dokonce p\u0159\u00edtomen i Juan Foxley, synovec zakladatele chilsk\u00e9ho klubu Davida Foxleyho.<\/p>\n<p>V \u010dele Ruleteros Society stoj\u00ed John Shearon z Norris Green v Liverpoolu. Shearon se coby dvacetilet\u00fd student latinskoamerick\u00fdch vztah\u016f z Mexika rozhodl v roce 1980 projet Chile autostopem. Na sv\u00e9 cest\u011b se dozv\u011bd\u011bl o chilsk\u00e9m Evertonu, co\u017e ho zaujalo a do zem\u011b se vr\u00e1til u\u017e p\u011btkr\u00e1t, aby o klubu nasb\u00edral v\u00edce informac\u00ed. Nabit\u00e9 znalosti moment\u00e1ln\u011b sepisuje do knihy, ji\u017e hodl\u00e1 vydat v p\u0159\u00ed\u0161t\u00edm roce.<\/p>\n<p>O o\u010dek\u00e1van\u00e9m utk\u00e1n\u00ed Shearon prozradil:\u00a0<em>\u201eV dob\u011b, kdy se fotbal \u0159\u00edd\u00ed finan\u010dn\u00edm ziskem, m\u00e1me mo\u017enost b\u00fdt u setk\u00e1n\u00ed tvou t\u00fdm\u016f, jejich\u017e st\u0159etnut\u00ed bylo zaru\u010deno d\u00edky iniciativ\u011b obou fanklub\u016f za \u00fa\u010delem oslavit toto unik\u00e1tn\u00ed p\u0159\u00e1telstv\u00ed a historii t\u00fdm\u016f.\u201c<\/em><\/p>\n","protected":false},"excerpt":{"rendered":"<p>U\u017e 4. srpna se na Goodison Parku st\u0159etne Everton FC proti Everton Chile. Dva kluby, dva stejn\u00e9 n\u00e1zvy, poj\u010fme se&hellip;<\/p>\n","protected":false},"author":6,"featured_media":1313,"comment_status":"open","ping_status":"closed","sticky":false,"template":"","format":"standard","meta":{"_eb_attr":"","_monsterinsights_skip_tracking":false,"_monsterinsights_sitenote_active":false,"_monsterinsights_sitenote_note":"","_monsterinsights_sitenote_category":0,"footnotes":""},"categories":[42],"tags":[],"yoast_head":"<!-- This site is optimized with the Yoast SEO plugin v23.4 - https:\/\/yoast.com\/wordpress\/plugins\/seo\/ -->\n<title>Kousek z historie Everton Chile - Official Czech &amp; Slovak Everton Supporters&#039; Club<\/title>\n<meta name=\"robots\" content=\"index, follow, max-snippet:-1, max-image-preview:large, max-video-preview:-1\" \/>\n<link rel=\"canonical\" href=\"https:\/\/evertonfc.cz\/index.php\/2010\/08\/03\/kousek-z-historie-everton-chile\/\" \/>\n<meta property=\"og:locale\" content=\"cs_CZ\" \/>\n<meta property=\"og:type\" content=\"article\" \/>\n<meta property=\"og:title\" content=\"Kousek z historie Everton Chile - Official Czech &amp; Slovak Everton Supporters&#039; Club\" \/>\n<meta property=\"og:description\" content=\"U\u017e 4. srpna se na Goodison Parku st\u0159etne Everton FC proti Everton Chile. Dva kluby, dva stejn\u00e9 n\u00e1zvy, poj\u010fme se&hellip;\" \/>\n<meta property=\"og:url\" content=\"https:\/\/evertonfc.cz\/index.php\/2010\/08\/03\/kousek-z-historie-everton-chile\/\" \/>\n<meta property=\"og:site_name\" content=\"Official Czech &amp; Slovak Everton Supporters&#039; Club\" \/>\n<meta property=\"article:publisher\" content=\"https:\/\/www.facebook.com\/everton.fans.cz.sk\" \/>\n<meta property=\"article:published_time\" content=\"2010-08-03T12:09:35+00:00\" \/>\n<meta property=\"article:modified_time\" content=\"2019-02-10T13:10:51+00:00\" \/>\n<meta property=\"og:image\" content=\"https:\/\/evertonfc.cz\/wp-content\/uploads\/2019\/01\/news.jpg\" \/>\n\t<meta property=\"og:image:width\" content=\"720\" \/>\n\t<meta property=\"og:image:height\" content=\"405\" \/>\n\t<meta property=\"og:image:type\" content=\"image\/jpeg\" \/>\n<meta name=\"author\" content=\"Ri\u010di\" \/>\n<meta name=\"twitter:card\" content=\"summary_large_image\" \/>\n<meta name=\"twitter:creator\" content=\"@rbrejsa\" \/>\n<meta name=\"twitter:label1\" content=\"Napsal(a)\" \/>\n\t<meta name=\"twitter:data1\" content=\"Ri\u010di\" \/>\n\t<meta name=\"twitter:label2\" content=\"Odhadovan\u00e1 doba \u010dten\u00ed\" \/>\n\t<meta name=\"twitter:data2\" content=\"4 minuty\" \/>\n<script type=\"application\/ld+json\" class=\"yoast-schema-graph\">{\"@context\":\"https:\/\/schema.org\",\"@graph\":[{\"@type\":\"Article\",\"@id\":\"https:\/\/evertonfc.cz\/index.php\/2010\/08\/03\/kousek-z-historie-everton-chile\/#article\",\"isPartOf\":{\"@id\":\"https:\/\/evertonfc.cz\/index.php\/2010\/08\/03\/kousek-z-historie-everton-chile\/\"},\"author\":{\"name\":\"Ri\u010di\",\"@id\":\"https:\/\/evertonfc.cz\/#\/schema\/person\/f7a5daedb2ffee98480bc70e191aaef1\"},\"headline\":\"Kousek z historie Everton Chile\",\"datePublished\":\"2010-08-03T12:09:35+00:00\",\"dateModified\":\"2019-02-10T13:10:51+00:00\",\"mainEntityOfPage\":{\"@id\":\"https:\/\/evertonfc.cz\/index.php\/2010\/08\/03\/kousek-z-historie-everton-chile\/\"},\"wordCount\":797,\"commentCount\":0,\"publisher\":{\"@id\":\"https:\/\/evertonfc.cz\/#organization\"},\"image\":{\"@id\":\"https:\/\/evertonfc.cz\/index.php\/2010\/08\/03\/kousek-z-historie-everton-chile\/#primaryimage\"},\"thumbnailUrl\":\"https:\/\/evertonfc.cz\/wp-content\/uploads\/2019\/01\/news.jpg\",\"articleSection\":[\"Aktuality\"],\"inLanguage\":\"cs\",\"potentialAction\":[{\"@type\":\"CommentAction\",\"name\":\"Comment\",\"target\":[\"https:\/\/evertonfc.cz\/index.php\/2010\/08\/03\/kousek-z-historie-everton-chile\/#respond\"]}]},{\"@type\":\"WebPage\",\"@id\":\"https:\/\/evertonfc.cz\/index.php\/2010\/08\/03\/kousek-z-historie-everton-chile\/\",\"url\":\"https:\/\/evertonfc.cz\/index.php\/2010\/08\/03\/kousek-z-historie-everton-chile\/\",\"name\":\"Kousek z historie Everton Chile - Official Czech &amp; Slovak Everton Supporters&#039; Club\",\"isPartOf\":{\"@id\":\"https:\/\/evertonfc.cz\/#website\"},\"primaryImageOfPage\":{\"@id\":\"https:\/\/evertonfc.cz\/index.php\/2010\/08\/03\/kousek-z-historie-everton-chile\/#primaryimage\"},\"image\":{\"@id\":\"https:\/\/evertonfc.cz\/index.php\/2010\/08\/03\/kousek-z-historie-everton-chile\/#primaryimage\"},\"thumbnailUrl\":\"https:\/\/evertonfc.cz\/wp-content\/uploads\/2019\/01\/news.jpg\",\"datePublished\":\"2010-08-03T12:09:35+00:00\",\"dateModified\":\"2019-02-10T13:10:51+00:00\",\"breadcrumb\":{\"@id\":\"https:\/\/evertonfc.cz\/index.php\/2010\/08\/03\/kousek-z-historie-everton-chile\/#breadcrumb\"},\"inLanguage\":\"cs\",\"potentialAction\":[{\"@type\":\"ReadAction\",\"target\":[\"https:\/\/evertonfc.cz\/index.php\/2010\/08\/03\/kousek-z-historie-everton-chile\/\"]}]},{\"@type\":\"ImageObject\",\"inLanguage\":\"cs\",\"@id\":\"https:\/\/evertonfc.cz\/index.php\/2010\/08\/03\/kousek-z-historie-everton-chile\/#primaryimage\",\"url\":\"https:\/\/evertonfc.cz\/wp-content\/uploads\/2019\/01\/news.jpg\",\"contentUrl\":\"https:\/\/evertonfc.cz\/wp-content\/uploads\/2019\/01\/news.jpg\",\"width\":720,\"height\":405},{\"@type\":\"BreadcrumbList\",\"@id\":\"https:\/\/evertonfc.cz\/index.php\/2010\/08\/03\/kousek-z-historie-everton-chile\/#breadcrumb\",\"itemListElement\":[{\"@type\":\"ListItem\",\"position\":1,\"name\":\"Home\",\"item\":\"https:\/\/evertonfc.cz\/\"},{\"@type\":\"ListItem\",\"position\":2,\"name\":\"Kousek z historie Everton Chile\"}]},{\"@type\":\"WebSite\",\"@id\":\"https:\/\/evertonfc.cz\/#website\",\"url\":\"https:\/\/evertonfc.cz\/\",\"name\":\"Official Czech &amp; Slovak Everton Supporters&#039; Club\",\"description\":\"\",\"publisher\":{\"@id\":\"https:\/\/evertonfc.cz\/#organization\"},\"potentialAction\":[{\"@type\":\"SearchAction\",\"target\":{\"@type\":\"EntryPoint\",\"urlTemplate\":\"https:\/\/evertonfc.cz\/?s={search_term_string}\"},\"query-input\":{\"@type\":\"PropertyValueSpecification\",\"valueRequired\":true,\"valueName\":\"search_term_string\"}}],\"inLanguage\":\"cs\"},{\"@type\":\"Organization\",\"@id\":\"https:\/\/evertonfc.cz\/#organization\",\"name\":\"Official Czech & Slovak Everton Supporters' Club\",\"url\":\"https:\/\/evertonfc.cz\/\",\"logo\":{\"@type\":\"ImageObject\",\"inLanguage\":\"cs\",\"@id\":\"https:\/\/evertonfc.cz\/#\/schema\/logo\/image\/\",\"url\":\"https:\/\/evertonfc.cz\/wp-content\/uploads\/2019\/05\/logo.png\",\"contentUrl\":\"https:\/\/evertonfc.cz\/wp-content\/uploads\/2019\/05\/logo.png\",\"width\":112,\"height\":112,\"caption\":\"Official Czech & Slovak Everton Supporters' Club\"},\"image\":{\"@id\":\"https:\/\/evertonfc.cz\/#\/schema\/logo\/image\/\"},\"sameAs\":[\"https:\/\/www.facebook.com\/everton.fans.cz.sk\"]},{\"@type\":\"Person\",\"@id\":\"https:\/\/evertonfc.cz\/#\/schema\/person\/f7a5daedb2ffee98480bc70e191aaef1\",\"name\":\"Ri\u010di\",\"sameAs\":[\"https:\/\/x.com\/rbrejsa\"],\"url\":\"https:\/\/evertonfc.cz\/index.php\/author\/rici\/\"}]}<\/script>\n<!-- \/ Yoast SEO plugin. -->","yoast_head_json":{"title":"Kousek z historie Everton Chile - Official Czech &amp; Slovak Everton Supporters&#039; Club","robots":{"index":"index","follow":"follow","max-snippet":"max-snippet:-1","max-image-preview":"max-image-preview:large","max-video-preview":"max-video-preview:-1"},"canonical":"https:\/\/evertonfc.cz\/index.php\/2010\/08\/03\/kousek-z-historie-everton-chile\/","og_locale":"cs_CZ","og_type":"article","og_title":"Kousek z historie Everton Chile - Official Czech &amp; Slovak Everton Supporters&#039; Club","og_description":"U\u017e 4. srpna se na Goodison Parku st\u0159etne Everton FC proti Everton Chile. Dva kluby, dva stejn\u00e9 n\u00e1zvy, poj\u010fme se&hellip;","og_url":"https:\/\/evertonfc.cz\/index.php\/2010\/08\/03\/kousek-z-historie-everton-chile\/","og_site_name":"Official Czech &amp; Slovak Everton Supporters&#039; Club","article_publisher":"https:\/\/www.facebook.com\/everton.fans.cz.sk","article_published_time":"2010-08-03T12:09:35+00:00","article_modified_time":"2019-02-10T13:10:51+00:00","og_image":[{"width":720,"height":405,"url":"https:\/\/evertonfc.cz\/wp-content\/uploads\/2019\/01\/news.jpg","type":"image\/jpeg"}],"author":"Ri\u010di","twitter_card":"summary_large_image","twitter_creator":"@rbrejsa","twitter_misc":{"Napsal(a)":"Ri\u010di","Odhadovan\u00e1 doba \u010dten\u00ed":"4 minuty"},"schema":{"@context":"https:\/\/schema.org","@graph":[{"@type":"Article","@id":"https:\/\/evertonfc.cz\/index.php\/2010\/08\/03\/kousek-z-historie-everton-chile\/#article","isPartOf":{"@id":"https:\/\/evertonfc.cz\/index.php\/2010\/08\/03\/kousek-z-historie-everton-chile\/"},"author":{"name":"Ri\u010di","@id":"https:\/\/evertonfc.cz\/#\/schema\/person\/f7a5daedb2ffee98480bc70e191aaef1"},"headline":"Kousek z historie Everton Chile","datePublished":"2010-08-03T12:09:35+00:00","dateModified":"2019-02-10T13:10:51+00:00","mainEntityOfPage":{"@id":"https:\/\/evertonfc.cz\/index.php\/2010\/08\/03\/kousek-z-historie-everton-chile\/"},"wordCount":797,"commentCount":0,"publisher":{"@id":"https:\/\/evertonfc.cz\/#organization"},"image":{"@id":"https:\/\/evertonfc.cz\/index.php\/2010\/08\/03\/kousek-z-historie-everton-chile\/#primaryimage"},"thumbnailUrl":"https:\/\/evertonfc.cz\/wp-content\/uploads\/2019\/01\/news.jpg","articleSection":["Aktuality"],"inLanguage":"cs","potentialAction":[{"@type":"CommentAction","name":"Comment","target":["https:\/\/evertonfc.cz\/index.php\/2010\/08\/03\/kousek-z-historie-everton-chile\/#respond"]}]},{"@type":"WebPage","@id":"https:\/\/evertonfc.cz\/index.php\/2010\/08\/03\/kousek-z-historie-everton-chile\/","url":"https:\/\/evertonfc.cz\/index.php\/2010\/08\/03\/kousek-z-historie-everton-chile\/","name":"Kousek z historie Everton Chile - Official Czech &amp; Slovak Everton Supporters&#039; Club","isPartOf":{"@id":"https:\/\/evertonfc.cz\/#website"},"primaryImageOfPage":{"@id":"https:\/\/evertonfc.cz\/index.php\/2010\/08\/03\/kousek-z-historie-everton-chile\/#primaryimage"},"image":{"@id":"https:\/\/evertonfc.cz\/index.php\/2010\/08\/03\/kousek-z-historie-everton-chile\/#primaryimage"},"thumbnailUrl":"https:\/\/evertonfc.cz\/wp-content\/uploads\/2019\/01\/news.jpg","datePublished":"2010-08-03T12:09:35+00:00","dateModified":"2019-02-10T13:10:51+00:00","breadcrumb":{"@id":"https:\/\/evertonfc.cz\/index.php\/2010\/08\/03\/kousek-z-historie-everton-chile\/#breadcrumb"},"inLanguage":"cs","potentialAction":[{"@type":"ReadAction","target":["https:\/\/evertonfc.cz\/index.php\/2010\/08\/03\/kousek-z-historie-everton-chile\/"]}]},{"@type":"ImageObject","inLanguage":"cs","@id":"https:\/\/evertonfc.cz\/index.php\/2010\/08\/03\/kousek-z-historie-everton-chile\/#primaryimage","url":"https:\/\/evertonfc.cz\/wp-content\/uploads\/2019\/01\/news.jpg","contentUrl":"https:\/\/evertonfc.cz\/wp-content\/uploads\/2019\/01\/news.jpg","width":720,"height":405},{"@type":"BreadcrumbList","@id":"https:\/\/evertonfc.cz\/index.php\/2010\/08\/03\/kousek-z-historie-everton-chile\/#breadcrumb","itemListElement":[{"@type":"ListItem","position":1,"name":"Home","item":"https:\/\/evertonfc.cz\/"},{"@type":"ListItem","position":2,"name":"Kousek z historie Everton Chile"}]},{"@type":"WebSite","@id":"https:\/\/evertonfc.cz\/#website","url":"https:\/\/evertonfc.cz\/","name":"Official Czech &amp; Slovak Everton Supporters&#039; Club","description":"","publisher":{"@id":"https:\/\/evertonfc.cz\/#organization"},"potentialAction":[{"@type":"SearchAction","target":{"@type":"EntryPoint","urlTemplate":"https:\/\/evertonfc.cz\/?s={search_term_string}"},"query-input":{"@type":"PropertyValueSpecification","valueRequired":true,"valueName":"search_term_string"}}],"inLanguage":"cs"},{"@type":"Organization","@id":"https:\/\/evertonfc.cz\/#organization","name":"Official Czech & Slovak Everton Supporters' Club","url":"https:\/\/evertonfc.cz\/","logo":{"@type":"ImageObject","inLanguage":"cs","@id":"https:\/\/evertonfc.cz\/#\/schema\/logo\/image\/","url":"https:\/\/evertonfc.cz\/wp-content\/uploads\/2019\/05\/logo.png","contentUrl":"https:\/\/evertonfc.cz\/wp-content\/uploads\/2019\/05\/logo.png","width":112,"height":112,"caption":"Official Czech & Slovak Everton Supporters' Club"},"image":{"@id":"https:\/\/evertonfc.cz\/#\/schema\/logo\/image\/"},"sameAs":["https:\/\/www.facebook.com\/everton.fans.cz.sk"]},{"@type":"Person","@id":"https:\/\/evertonfc.cz\/#\/schema\/person\/f7a5daedb2ffee98480bc70e191aaef1","name":"Ri\u010di","sameAs":["https:\/\/x.com\/rbrejsa"],"url":"https:\/\/evertonfc.cz\/index.php\/author\/rici\/"}]}},"_links":{"self":[{"href":"https:\/\/evertonfc.cz\/index.php\/wp-json\/wp\/v2\/posts\/2930"}],"collection":[{"href":"https:\/\/evertonfc.cz\/index.php\/wp-json\/wp\/v2\/posts"}],"about":[{"href":"https:\/\/evertonfc.cz\/index.php\/wp-json\/wp\/v2\/types\/post"}],"author":[{"embeddable":true,"href":"https:\/\/evertonfc.cz\/index.php\/wp-json\/wp\/v2\/users\/6"}],"replies":[{"embeddable":true,"href":"https:\/\/evertonfc.cz\/index.php\/wp-json\/wp\/v2\/comments?post=2930"}],"version-history":[{"count":1,"href":"https:\/\/evertonfc.cz\/index.php\/wp-json\/wp\/v2\/posts\/2930\/revisions"}],"predecessor-version":[{"id":2931,"href":"https:\/\/evertonfc.cz\/index.php\/wp-json\/wp\/v2\/posts\/2930\/revisions\/2931"}],"wp:featuredmedia":[{"embeddable":true,"href":"https:\/\/evertonfc.cz\/index.php\/wp-json\/wp\/v2\/media\/1313"}],"wp:attachment":[{"href":"https:\/\/evertonfc.cz\/index.php\/wp-json\/wp\/v2\/media?parent=2930"}],"wp:term":[{"taxonomy":"category","embeddable":true,"href":"https:\/\/evertonfc.cz\/index.php\/wp-json\/wp\/v2\/categories?post=2930"},{"taxonomy":"post_tag","embeddable":true,"href":"https:\/\/evertonfc.cz\/index.php\/wp-json\/wp\/v2\/tags?post=2930"}],"curies":[{"name":"wp","href":"https:\/\/api.w.org\/{rel}","templated":true}]}}