{"id":2936,"date":"2010-08-06T14:14:06","date_gmt":"2010-08-06T12:14:06","guid":{"rendered":"http:\/\/evertonfc.cz\/?p=2936"},"modified":"2019-02-10T14:15:16","modified_gmt":"2019-02-10T13:15:16","slug":"pearce-rodwelluv-cas-v-seniorske-reprezentaci-brzy-prijde","status":"publish","type":"post","link":"https:\/\/evertonfc.cz\/index.php\/2010\/08\/06\/pearce-rodwelluv-cas-v-seniorske-reprezentaci-brzy-prijde\/","title":{"rendered":"Pearce: Rodwell\u016fv \u010das v seniorsk\u00e9 reprezentaci brzy p\u0159ijde"},"content":{"rendered":"<h4>Podle Stuarta Pearce, mana\u017eera anglick\u00e9ho v\u00fdb\u011bru do 21 let a tren\u00e9ra seniorsk\u00e9ho v\u00fdb\u011bru Albionu, obl\u00e9kne Jack Rodwell dres hlavn\u00edho t\u00fdmu Anglie co nevid\u011bt.<\/h4>\n<p>Pot\u00e9, co Anglie neusp\u011bla na Mistrovstv\u00ed sv\u011bta 2010 v Jihoafrick\u00e9 republice, se oz\u00fdvaly \u0159e\u010di o omlazen\u00ed k\u00e1dru. Jedn\u00edm z novic\u016f, kte\u0159\u00ed m\u011bli dostat \u0161anci u\u017e 11. srpna v p\u0159\u00e1telsk\u00e9m z\u00e1pase proti Ma\u010farsku, mohl b\u00fdt i Jack Rodwell. To se ale nakonec nestalo, jeliko\u017e Rodwell byl povol\u00e1n do reprezentace U-21, ta m\u00e1 napl\u00e1novan\u00e9 p\u0159\u00e1telsk\u00e9 utk\u00e1n\u00ed na 10. srpna.<\/p>\n<p>P\u0159esto podle Stuarta Pearce m\u00e1 Jack Rodwell \u0161anci dostat se do seniorsk\u00e9ho v\u00fdb\u011bru v nejbli\u017e\u0161\u00ed budoucnosti, pokud pude pokra\u010dovat ve sv\u00fdch dobr\u00fdch v\u00fdkonech:<\/p>\n<p><em>\u201eJack m\u00e1 \u0161anci. St\u00e1le plat\u00ed to, co po\u0159\u00e1d opakujeme. V\u0161e z\u00e1le\u017e\u00ed na samotn\u00fdch hr\u00e1\u010d\u00edch, jejich forma ur\u010duje, zda dostanou pozv\u00e1nku nebo ne.<\/em><\/p>\n<p><em>Cestoval jsem t\u0159i nebo \u010dty\u0159i hodiny, abych se mohl na Jacka pod\u00edvat proti Everton Chile, zaj\u00edmal jsem se ale i o Phila Jagielku.\u201c<\/em><\/p>\n<p>Pearce uznal, \u017ee po zklam\u00e1n\u00ed na MS mohou v nominaci Albionu nastat zm\u011bny. A jedn\u00edm z nov\u00e1\u010dk\u016f mohl b\u00fdt i Jack Rodwell, o jeho\u017e povol\u00e1n\u00ed realiza\u010dn\u00ed t\u00fdm uva\u017eoval: <em>\u201eKa\u017ed\u00fd m\u00e1 mo\u017enost dostat se do k\u00e1dru. Po ka\u017ed\u00e9m velk\u00e9m turnaji, zvl\u00e1\u0161\u0165 kdy\u017e se p\u0159\u00edli\u0161 nevyda\u0159\u00ed, jeden nebo dva star\u0161\u00ed hr\u00e1\u010di odch\u00e1zej\u00ed z reprezentace a jsou nahrazeni mlad\u0161\u00edmi. Jack je jedn\u00edm z t\u011bch, kte\u0159\u00ed byli u\u017e v minulosti tipov\u00e1ni na reprezenta\u010dn\u00ed kari\u00e9ru.\u201c<\/em><\/p>\n<p>Osmasedmdes\u00e1tin\u00e1sobn\u00fd anglick\u00fd reprezentant je p\u0159\u00edmo ohromem vysp\u011blost\u00ed teprve devaten\u00e1ctilet\u00e9ho Rodwella. Z\u00e1rove\u0148 je tak\u00e9 r\u00e1d, \u017ee vyr\u016fst\u00e1 pod dohledem Davida Moyese:<\/p>\n<p><em>\u201eSta\u010d\u00ed v\u00e1m pob\u00fdt pouze dv\u011b minuty ve spole\u010dnosti s Jackem a vid\u00edte, jak je na tom ment\u00e1ln\u011b v\u00fdborn\u011b. On v\u00ed, co m\u00e1 v z\u00e1pase d\u011blat a je \u0161\u0165astn\u00fd, \u017ee hraje v Evertonu a m\u016f\u017ee b\u00fdt v tom klubu vychov\u00e1v\u00e1n. Za mnoh\u00e9 m\u016f\u017ee vd\u011b\u010dit Davidu Moyesovi. On Jackovi v\u011b\u0159\u00ed a d\u00e1v\u00e1 mu hodn\u011b prostoru na h\u0159i\u0161ti. N\u011bkt\u00e9r\u00e9 jin\u00e9 kluby by nem\u011bli v Jackovi takovou d\u016fv\u011bru, jakou mu poskytuje David.<\/em><\/p>\n<p><em>Jack se rozv\u00edj\u00ed, snad mu to pom\u016f\u017ee do budoucna. J\u00e1 mu mohu pomoct starty v reprezentaci U-21. Pokud si veme k srdci pr\u00e1ci z Evertonu a z reprezentace, jen mu to pom\u016f\u017ee zlep\u0161it se v mate\u0159sk\u00e9m klubu t\u0159eba a\u017e na mezin\u00e1rodn\u00ed \u00farove\u0148.\u201c<\/em><\/p>\n","protected":false},"excerpt":{"rendered":"<p>Podle Stuarta Pearce, mana\u017eera anglick\u00e9ho v\u00fdb\u011bru do 21 let a tren\u00e9ra seniorsk\u00e9ho v\u00fdb\u011bru Albionu, obl\u00e9kne Jack Rodwell dres hlavn\u00edho t\u00fdmu&hellip;<\/p>\n","protected":false},"author":6,"featured_media":1312,"comment_status":"open","ping_status":"closed","sticky":false,"template":"","format":"standard","meta":{"_eb_attr":"","_monsterinsights_skip_tracking":false,"_monsterinsights_sitenote_active":false,"_monsterinsights_sitenote_note":"","_monsterinsights_sitenote_category":0,"footnotes":""},"categories":[1],"tags":[],"yoast_head":"<!-- This site is optimized with the Yoast SEO plugin v23.4 - https:\/\/yoast.com\/wordpress\/plugins\/seo\/ -->\n<title>Pearce: Rodwell\u016fv \u010das v seniorsk\u00e9 reprezentaci brzy p\u0159ijde - Official Czech &amp; Slovak Everton Supporters&#039; Club<\/title>\n<meta name=\"robots\" content=\"index, follow, max-snippet:-1, max-image-preview:large, max-video-preview:-1\" \/>\n<link rel=\"canonical\" href=\"https:\/\/evertonfc.cz\/index.php\/2010\/08\/06\/pearce-rodwelluv-cas-v-seniorske-reprezentaci-brzy-prijde\/\" \/>\n<meta property=\"og:locale\" content=\"cs_CZ\" \/>\n<meta property=\"og:type\" content=\"article\" \/>\n<meta property=\"og:title\" content=\"Pearce: Rodwell\u016fv \u010das v seniorsk\u00e9 reprezentaci brzy p\u0159ijde - Official Czech &amp; Slovak Everton Supporters&#039; Club\" \/>\n<meta property=\"og:description\" content=\"Podle Stuarta Pearce, mana\u017eera anglick\u00e9ho v\u00fdb\u011bru do 21 let a tren\u00e9ra seniorsk\u00e9ho v\u00fdb\u011bru Albionu, obl\u00e9kne Jack Rodwell dres hlavn\u00edho t\u00fdmu&hellip;\" \/>\n<meta property=\"og:url\" content=\"https:\/\/evertonfc.cz\/index.php\/2010\/08\/06\/pearce-rodwelluv-cas-v-seniorske-reprezentaci-brzy-prijde\/\" \/>\n<meta property=\"og:site_name\" content=\"Official Czech &amp; Slovak Everton Supporters&#039; Club\" \/>\n<meta property=\"article:publisher\" content=\"https:\/\/www.facebook.com\/everton.fans.cz.sk\" \/>\n<meta property=\"article:published_time\" content=\"2010-08-06T12:14:06+00:00\" \/>\n<meta property=\"article:modified_time\" content=\"2019-02-10T13:15:16+00:00\" \/>\n<meta property=\"og:image\" content=\"https:\/\/evertonfc.cz\/wp-content\/uploads\/2019\/01\/interview.jpg\" \/>\n\t<meta property=\"og:image:width\" content=\"720\" \/>\n\t<meta property=\"og:image:height\" content=\"405\" \/>\n\t<meta property=\"og:image:type\" content=\"image\/jpeg\" \/>\n<meta name=\"author\" content=\"Ri\u010di\" \/>\n<meta name=\"twitter:card\" content=\"summary_large_image\" \/>\n<meta name=\"twitter:creator\" content=\"@rbrejsa\" \/>\n<meta name=\"twitter:label1\" content=\"Napsal(a)\" \/>\n\t<meta name=\"twitter:data1\" content=\"Ri\u010di\" \/>\n\t<meta name=\"twitter:label2\" content=\"Odhadovan\u00e1 doba \u010dten\u00ed\" \/>\n\t<meta name=\"twitter:data2\" content=\"2 minuty\" \/>\n<script type=\"application\/ld+json\" class=\"yoast-schema-graph\">{\"@context\":\"https:\/\/schema.org\",\"@graph\":[{\"@type\":\"Article\",\"@id\":\"https:\/\/evertonfc.cz\/index.php\/2010\/08\/06\/pearce-rodwelluv-cas-v-seniorske-reprezentaci-brzy-prijde\/#article\",\"isPartOf\":{\"@id\":\"https:\/\/evertonfc.cz\/index.php\/2010\/08\/06\/pearce-rodwelluv-cas-v-seniorske-reprezentaci-brzy-prijde\/\"},\"author\":{\"name\":\"Ri\u010di\",\"@id\":\"https:\/\/evertonfc.cz\/#\/schema\/person\/f7a5daedb2ffee98480bc70e191aaef1\"},\"headline\":\"Pearce: Rodwell\u016fv \u010das v seniorsk\u00e9 reprezentaci brzy p\u0159ijde\",\"datePublished\":\"2010-08-06T12:14:06+00:00\",\"dateModified\":\"2019-02-10T13:15:16+00:00\",\"mainEntityOfPage\":{\"@id\":\"https:\/\/evertonfc.cz\/index.php\/2010\/08\/06\/pearce-rodwelluv-cas-v-seniorske-reprezentaci-brzy-prijde\/\"},\"wordCount\":466,\"commentCount\":0,\"publisher\":{\"@id\":\"https:\/\/evertonfc.cz\/#organization\"},\"image\":{\"@id\":\"https:\/\/evertonfc.cz\/index.php\/2010\/08\/06\/pearce-rodwelluv-cas-v-seniorske-reprezentaci-brzy-prijde\/#primaryimage\"},\"thumbnailUrl\":\"https:\/\/evertonfc.cz\/wp-content\/uploads\/2019\/01\/interview.jpg\",\"articleSection\":[\"Rozhovory\"],\"inLanguage\":\"cs\",\"potentialAction\":[{\"@type\":\"CommentAction\",\"name\":\"Comment\",\"target\":[\"https:\/\/evertonfc.cz\/index.php\/2010\/08\/06\/pearce-rodwelluv-cas-v-seniorske-reprezentaci-brzy-prijde\/#respond\"]}]},{\"@type\":\"WebPage\",\"@id\":\"https:\/\/evertonfc.cz\/index.php\/2010\/08\/06\/pearce-rodwelluv-cas-v-seniorske-reprezentaci-brzy-prijde\/\",\"url\":\"https:\/\/evertonfc.cz\/index.php\/2010\/08\/06\/pearce-rodwelluv-cas-v-seniorske-reprezentaci-brzy-prijde\/\",\"name\":\"Pearce: Rodwell\u016fv \u010das v seniorsk\u00e9 reprezentaci brzy p\u0159ijde - Official Czech &amp; Slovak Everton Supporters&#039; Club\",\"isPartOf\":{\"@id\":\"https:\/\/evertonfc.cz\/#website\"},\"primaryImageOfPage\":{\"@id\":\"https:\/\/evertonfc.cz\/index.php\/2010\/08\/06\/pearce-rodwelluv-cas-v-seniorske-reprezentaci-brzy-prijde\/#primaryimage\"},\"image\":{\"@id\":\"https:\/\/evertonfc.cz\/index.php\/2010\/08\/06\/pearce-rodwelluv-cas-v-seniorske-reprezentaci-brzy-prijde\/#primaryimage\"},\"thumbnailUrl\":\"https:\/\/evertonfc.cz\/wp-content\/uploads\/2019\/01\/interview.jpg\",\"datePublished\":\"2010-08-06T12:14:06+00:00\",\"dateModified\":\"2019-02-10T13:15:16+00:00\",\"breadcrumb\":{\"@id\":\"https:\/\/evertonfc.cz\/index.php\/2010\/08\/06\/pearce-rodwelluv-cas-v-seniorske-reprezentaci-brzy-prijde\/#breadcrumb\"},\"inLanguage\":\"cs\",\"potentialAction\":[{\"@type\":\"ReadAction\",\"target\":[\"https:\/\/evertonfc.cz\/index.php\/2010\/08\/06\/pearce-rodwelluv-cas-v-seniorske-reprezentaci-brzy-prijde\/\"]}]},{\"@type\":\"ImageObject\",\"inLanguage\":\"cs\",\"@id\":\"https:\/\/evertonfc.cz\/index.php\/2010\/08\/06\/pearce-rodwelluv-cas-v-seniorske-reprezentaci-brzy-prijde\/#primaryimage\",\"url\":\"https:\/\/evertonfc.cz\/wp-content\/uploads\/2019\/01\/interview.jpg\",\"contentUrl\":\"https:\/\/evertonfc.cz\/wp-content\/uploads\/2019\/01\/interview.jpg\",\"width\":720,\"height\":405},{\"@type\":\"BreadcrumbList\",\"@id\":\"https:\/\/evertonfc.cz\/index.php\/2010\/08\/06\/pearce-rodwelluv-cas-v-seniorske-reprezentaci-brzy-prijde\/#breadcrumb\",\"itemListElement\":[{\"@type\":\"ListItem\",\"position\":1,\"name\":\"Home\",\"item\":\"https:\/\/evertonfc.cz\/\"},{\"@type\":\"ListItem\",\"position\":2,\"name\":\"Pearce: Rodwell\u016fv \u010das v seniorsk\u00e9 reprezentaci brzy p\u0159ijde\"}]},{\"@type\":\"WebSite\",\"@id\":\"https:\/\/evertonfc.cz\/#website\",\"url\":\"https:\/\/evertonfc.cz\/\",\"name\":\"Official Czech &amp; Slovak Everton Supporters&#039; Club\",\"description\":\"\",\"publisher\":{\"@id\":\"https:\/\/evertonfc.cz\/#organization\"},\"potentialAction\":[{\"@type\":\"SearchAction\",\"target\":{\"@type\":\"EntryPoint\",\"urlTemplate\":\"https:\/\/evertonfc.cz\/?s={search_term_string}\"},\"query-input\":{\"@type\":\"PropertyValueSpecification\",\"valueRequired\":true,\"valueName\":\"search_term_string\"}}],\"inLanguage\":\"cs\"},{\"@type\":\"Organization\",\"@id\":\"https:\/\/evertonfc.cz\/#organization\",\"name\":\"Official Czech & Slovak Everton Supporters' Club\",\"url\":\"https:\/\/evertonfc.cz\/\",\"logo\":{\"@type\":\"ImageObject\",\"inLanguage\":\"cs\",\"@id\":\"https:\/\/evertonfc.cz\/#\/schema\/logo\/image\/\",\"url\":\"https:\/\/evertonfc.cz\/wp-content\/uploads\/2019\/05\/logo.png\",\"contentUrl\":\"https:\/\/evertonfc.cz\/wp-content\/uploads\/2019\/05\/logo.png\",\"width\":112,\"height\":112,\"caption\":\"Official Czech & Slovak Everton Supporters' Club\"},\"image\":{\"@id\":\"https:\/\/evertonfc.cz\/#\/schema\/logo\/image\/\"},\"sameAs\":[\"https:\/\/www.facebook.com\/everton.fans.cz.sk\"]},{\"@type\":\"Person\",\"@id\":\"https:\/\/evertonfc.cz\/#\/schema\/person\/f7a5daedb2ffee98480bc70e191aaef1\",\"name\":\"Ri\u010di\",\"sameAs\":[\"https:\/\/x.com\/rbrejsa\"],\"url\":\"https:\/\/evertonfc.cz\/index.php\/author\/rici\/\"}]}<\/script>\n<!-- \/ Yoast SEO plugin. -->","yoast_head_json":{"title":"Pearce: Rodwell\u016fv \u010das v seniorsk\u00e9 reprezentaci brzy p\u0159ijde - Official Czech &amp; Slovak Everton Supporters&#039; Club","robots":{"index":"index","follow":"follow","max-snippet":"max-snippet:-1","max-image-preview":"max-image-preview:large","max-video-preview":"max-video-preview:-1"},"canonical":"https:\/\/evertonfc.cz\/index.php\/2010\/08\/06\/pearce-rodwelluv-cas-v-seniorske-reprezentaci-brzy-prijde\/","og_locale":"cs_CZ","og_type":"article","og_title":"Pearce: Rodwell\u016fv \u010das v seniorsk\u00e9 reprezentaci brzy p\u0159ijde - Official Czech &amp; Slovak Everton Supporters&#039; Club","og_description":"Podle Stuarta Pearce, mana\u017eera anglick\u00e9ho v\u00fdb\u011bru do 21 let a tren\u00e9ra seniorsk\u00e9ho v\u00fdb\u011bru Albionu, obl\u00e9kne Jack Rodwell dres hlavn\u00edho t\u00fdmu&hellip;","og_url":"https:\/\/evertonfc.cz\/index.php\/2010\/08\/06\/pearce-rodwelluv-cas-v-seniorske-reprezentaci-brzy-prijde\/","og_site_name":"Official Czech &amp; Slovak Everton Supporters&#039; Club","article_publisher":"https:\/\/www.facebook.com\/everton.fans.cz.sk","article_published_time":"2010-08-06T12:14:06+00:00","article_modified_time":"2019-02-10T13:15:16+00:00","og_image":[{"width":720,"height":405,"url":"https:\/\/evertonfc.cz\/wp-content\/uploads\/2019\/01\/interview.jpg","type":"image\/jpeg"}],"author":"Ri\u010di","twitter_card":"summary_large_image","twitter_creator":"@rbrejsa","twitter_misc":{"Napsal(a)":"Ri\u010di","Odhadovan\u00e1 doba \u010dten\u00ed":"2 minuty"},"schema":{"@context":"https:\/\/schema.org","@graph":[{"@type":"Article","@id":"https:\/\/evertonfc.cz\/index.php\/2010\/08\/06\/pearce-rodwelluv-cas-v-seniorske-reprezentaci-brzy-prijde\/#article","isPartOf":{"@id":"https:\/\/evertonfc.cz\/index.php\/2010\/08\/06\/pearce-rodwelluv-cas-v-seniorske-reprezentaci-brzy-prijde\/"},"author":{"name":"Ri\u010di","@id":"https:\/\/evertonfc.cz\/#\/schema\/person\/f7a5daedb2ffee98480bc70e191aaef1"},"headline":"Pearce: Rodwell\u016fv \u010das v seniorsk\u00e9 reprezentaci brzy p\u0159ijde","datePublished":"2010-08-06T12:14:06+00:00","dateModified":"2019-02-10T13:15:16+00:00","mainEntityOfPage":{"@id":"https:\/\/evertonfc.cz\/index.php\/2010\/08\/06\/pearce-rodwelluv-cas-v-seniorske-reprezentaci-brzy-prijde\/"},"wordCount":466,"commentCount":0,"publisher":{"@id":"https:\/\/evertonfc.cz\/#organization"},"image":{"@id":"https:\/\/evertonfc.cz\/index.php\/2010\/08\/06\/pearce-rodwelluv-cas-v-seniorske-reprezentaci-brzy-prijde\/#primaryimage"},"thumbnailUrl":"https:\/\/evertonfc.cz\/wp-content\/uploads\/2019\/01\/interview.jpg","articleSection":["Rozhovory"],"inLanguage":"cs","potentialAction":[{"@type":"CommentAction","name":"Comment","target":["https:\/\/evertonfc.cz\/index.php\/2010\/08\/06\/pearce-rodwelluv-cas-v-seniorske-reprezentaci-brzy-prijde\/#respond"]}]},{"@type":"WebPage","@id":"https:\/\/evertonfc.cz\/index.php\/2010\/08\/06\/pearce-rodwelluv-cas-v-seniorske-reprezentaci-brzy-prijde\/","url":"https:\/\/evertonfc.cz\/index.php\/2010\/08\/06\/pearce-rodwelluv-cas-v-seniorske-reprezentaci-brzy-prijde\/","name":"Pearce: Rodwell\u016fv \u010das v seniorsk\u00e9 reprezentaci brzy p\u0159ijde - Official Czech &amp; Slovak Everton Supporters&#039; Club","isPartOf":{"@id":"https:\/\/evertonfc.cz\/#website"},"primaryImageOfPage":{"@id":"https:\/\/evertonfc.cz\/index.php\/2010\/08\/06\/pearce-rodwelluv-cas-v-seniorske-reprezentaci-brzy-prijde\/#primaryimage"},"image":{"@id":"https:\/\/evertonfc.cz\/index.php\/2010\/08\/06\/pearce-rodwelluv-cas-v-seniorske-reprezentaci-brzy-prijde\/#primaryimage"},"thumbnailUrl":"https:\/\/evertonfc.cz\/wp-content\/uploads\/2019\/01\/interview.jpg","datePublished":"2010-08-06T12:14:06+00:00","dateModified":"2019-02-10T13:15:16+00:00","breadcrumb":{"@id":"https:\/\/evertonfc.cz\/index.php\/2010\/08\/06\/pearce-rodwelluv-cas-v-seniorske-reprezentaci-brzy-prijde\/#breadcrumb"},"inLanguage":"cs","potentialAction":[{"@type":"ReadAction","target":["https:\/\/evertonfc.cz\/index.php\/2010\/08\/06\/pearce-rodwelluv-cas-v-seniorske-reprezentaci-brzy-prijde\/"]}]},{"@type":"ImageObject","inLanguage":"cs","@id":"https:\/\/evertonfc.cz\/index.php\/2010\/08\/06\/pearce-rodwelluv-cas-v-seniorske-reprezentaci-brzy-prijde\/#primaryimage","url":"https:\/\/evertonfc.cz\/wp-content\/uploads\/2019\/01\/interview.jpg","contentUrl":"https:\/\/evertonfc.cz\/wp-content\/uploads\/2019\/01\/interview.jpg","width":720,"height":405},{"@type":"BreadcrumbList","@id":"https:\/\/evertonfc.cz\/index.php\/2010\/08\/06\/pearce-rodwelluv-cas-v-seniorske-reprezentaci-brzy-prijde\/#breadcrumb","itemListElement":[{"@type":"ListItem","position":1,"name":"Home","item":"https:\/\/evertonfc.cz\/"},{"@type":"ListItem","position":2,"name":"Pearce: Rodwell\u016fv \u010das v seniorsk\u00e9 reprezentaci brzy p\u0159ijde"}]},{"@type":"WebSite","@id":"https:\/\/evertonfc.cz\/#website","url":"https:\/\/evertonfc.cz\/","name":"Official Czech &amp; Slovak Everton Supporters&#039; Club","description":"","publisher":{"@id":"https:\/\/evertonfc.cz\/#organization"},"potentialAction":[{"@type":"SearchAction","target":{"@type":"EntryPoint","urlTemplate":"https:\/\/evertonfc.cz\/?s={search_term_string}"},"query-input":{"@type":"PropertyValueSpecification","valueRequired":true,"valueName":"search_term_string"}}],"inLanguage":"cs"},{"@type":"Organization","@id":"https:\/\/evertonfc.cz\/#organization","name":"Official Czech & Slovak Everton Supporters' Club","url":"https:\/\/evertonfc.cz\/","logo":{"@type":"ImageObject","inLanguage":"cs","@id":"https:\/\/evertonfc.cz\/#\/schema\/logo\/image\/","url":"https:\/\/evertonfc.cz\/wp-content\/uploads\/2019\/05\/logo.png","contentUrl":"https:\/\/evertonfc.cz\/wp-content\/uploads\/2019\/05\/logo.png","width":112,"height":112,"caption":"Official Czech & Slovak Everton Supporters' Club"},"image":{"@id":"https:\/\/evertonfc.cz\/#\/schema\/logo\/image\/"},"sameAs":["https:\/\/www.facebook.com\/everton.fans.cz.sk"]},{"@type":"Person","@id":"https:\/\/evertonfc.cz\/#\/schema\/person\/f7a5daedb2ffee98480bc70e191aaef1","name":"Ri\u010di","sameAs":["https:\/\/x.com\/rbrejsa"],"url":"https:\/\/evertonfc.cz\/index.php\/author\/rici\/"}]}},"_links":{"self":[{"href":"https:\/\/evertonfc.cz\/index.php\/wp-json\/wp\/v2\/posts\/2936"}],"collection":[{"href":"https:\/\/evertonfc.cz\/index.php\/wp-json\/wp\/v2\/posts"}],"about":[{"href":"https:\/\/evertonfc.cz\/index.php\/wp-json\/wp\/v2\/types\/post"}],"author":[{"embeddable":true,"href":"https:\/\/evertonfc.cz\/index.php\/wp-json\/wp\/v2\/users\/6"}],"replies":[{"embeddable":true,"href":"https:\/\/evertonfc.cz\/index.php\/wp-json\/wp\/v2\/comments?post=2936"}],"version-history":[{"count":1,"href":"https:\/\/evertonfc.cz\/index.php\/wp-json\/wp\/v2\/posts\/2936\/revisions"}],"predecessor-version":[{"id":2937,"href":"https:\/\/evertonfc.cz\/index.php\/wp-json\/wp\/v2\/posts\/2936\/revisions\/2937"}],"wp:featuredmedia":[{"embeddable":true,"href":"https:\/\/evertonfc.cz\/index.php\/wp-json\/wp\/v2\/media\/1312"}],"wp:attachment":[{"href":"https:\/\/evertonfc.cz\/index.php\/wp-json\/wp\/v2\/media?parent=2936"}],"wp:term":[{"taxonomy":"category","embeddable":true,"href":"https:\/\/evertonfc.cz\/index.php\/wp-json\/wp\/v2\/categories?post=2936"},{"taxonomy":"post_tag","embeddable":true,"href":"https:\/\/evertonfc.cz\/index.php\/wp-json\/wp\/v2\/tags?post=2936"}],"curies":[{"name":"wp","href":"https:\/\/api.w.org\/{rel}","templated":true}]}}