{"id":2938,"date":"2010-08-07T14:21:41","date_gmt":"2010-08-07T12:21:41","guid":{"rendered":"http:\/\/evertonfc.cz\/?p=2938"},"modified":"2019-02-10T14:23:54","modified_gmt":"2019-02-10T13:23:54","slug":"goodison-cekaji-zmeny","status":"publish","type":"post","link":"https:\/\/evertonfc.cz\/index.php\/2010\/08\/07\/goodison-cekaji-zmeny\/","title":{"rendered":"Goodison \u010dekaj\u00ed zm\u011bny"},"content":{"rendered":"<h4>Na n\u011bjakou p\u0159evratnou rekonstrukci se ov\u0161em t\u011b\u0161it nem\u016f\u017eeme. Everton toti\u017e po\u010d\u00edt\u00e1 s v\u00fdstavbou nov\u00e9 administrativn\u00ed budovy v t\u011bsn\u00e9 bl\u00edzkosti stadionu.<\/h4>\n<p>\u010cty\u0159patrov\u00e1 budova, jej\u00ed\u017e pl\u00e1ny klub zve\u0159ejnil tento t\u00fdden, vyroste jen n\u011bkolik metr\u016f od tribuny Park End. Projekt o hodnot\u011b 9 milion\u016f liber, kter\u00fd budou z cel\u00e9 \u010d\u00e1sti financovat obchodn\u00ed partne\u0159i, bude obsahovat klubov\u00fd shop, muzeum, kav\u00e1rnu, nebo kancel\u00e1\u0159e.<\/p>\n<p>Nov\u00e1 p\u0159\u00edstavba, k jej\u00ed\u017e realizaci klub prozat\u00edm nem\u00e1 stavebn\u00ed povolen\u00ed, tak mimojin\u00e9 znamen\u00e1 i to, \u017ee Everton se z Goodison Parku jen tak st\u011bhovat nebude. Podle gener\u00e1ln\u00edho \u0159editele Roberta Elstona, nav\u00edc pl\u00e1ny v\u00fdstavby, kter\u00e1 by mohla b\u00fdt dokon\u010dena v l\u00e9t\u011b p\u0159\u00ed\u0161t\u00edho roku, nijak nezas\u00e1hnou chudou klubovou pokladnu. Financov\u00e1n\u00ed toti\u017e poskytne cateringov\u00fd partner Sodexo z\u00e1rove\u0148 se spole\u010dnost\u00ed Kitbag. A co v\u00edc, ve v\u00fdhledu se po\u010d\u00edt\u00e1 s t\u00edm, \u017ee budova Evertonu zv\u00fd\u0161\u00ed p\u0159\u00edjmy i kone\u010dn\u00fd zisk.<\/p>\n<p><em>\u201eNa\u0161\u00ed povinnost\u00ed je sna\u017eit se o progres a vylep\u0161ovat Goodison Park. Po podobn\u00fdch sch\u00e9matech jsme se poohl\u00ed\u017eeli ji\u017e n\u011bjakou dobu,&#8220;<\/em>\u00a0informuje Elstone.\u00a0<em>&#8222;Klub tento projekt nebude st\u00e1t v\u016fbec nic, naopak je pro n\u00e1s finan\u010dn\u011b v\u00fdhodn\u00fd. T\u011b\u0161\u00edme se, jak zlep\u0161\u00ed klubov\u00fd byznys.&#8220;<\/em><\/p>\n<p>Z\u00e1rove\u0148 ale Elstone vyvrac\u00ed, \u017ee projekt zpomal\u00ed, nebo dokonce zastav\u00ed cestu za hled\u00e1n\u00edm nov\u00e9ho stadionu. Ten je pot\u00e9, co vl\u00e1da loni smetla ze stolu pl\u00e1novan\u00fd stadion v Kirkby, st\u00e1le v nedohlednu. V sou\u010dasn\u00e9 dob\u011b se klub poohl\u00ed\u017e\u00ed po variant\u00e1ch uvnit\u0159 Liverpoolu, ov\u0161em cesta za nov\u00fdm domovem bude je\u0161t\u011b po\u0159\u00e1dn\u011b zdlouhav\u00e1.<\/p>\n<p><em>\u201ePokud m\u00e1me b\u00fdt realisti\u010dt\u00ed, st\u011bhovat se na nov\u00fd stadion v rozmez\u00ed p\u0159\u00ed\u0161t\u00edch p\u011bti let, je neuskute\u010dniteln\u00e9. A to je d\u016fvod, pro\u010d se n\u00e1m mus\u00ed v\u00fdstavba nov\u00e9 budovy okam\u017eit\u011b za\u010d\u00edt vypl\u00e1cet. Na\u0161e diskuze s m\u011bstskou radou jsou pozitivn\u00ed, ale pot\u0159ebujeme podporu, kter\u00e1 mus\u00ed p\u0159ij\u00edt od obchodn\u00edch spole\u010dnost\u00ed. M\u011bstsk\u00e1 rada uzn\u00e1v\u00e1, \u017ee zajistit to, je velmi slo\u017eit\u00e9. Jde o probl\u00e9m, kter\u00e9mu \u010del\u00edme u\u017e 10, 15 let. Je obt\u00ed\u017en\u00e9 si p\u0159edstavit nov\u00fd stadion v kr\u00e1tk\u00e9m i st\u0159edn\u011bdob\u00e9m v\u00fdhledu,\u201c<\/em>\u00a0kr\u010d\u00ed Elstone rameny.<\/p>\n<p><em>\u201eJedn\u00edm z prim\u00e1rn\u00edch bod\u016f nov\u00e9 p\u0159\u00edstavby bylo, abychom si mohli \u0159\u00edct, &#8222;jsme na Goodison hrd\u00ed a chceme to v\u0161em uk\u00e1zat.&#8220; Chceme fanou\u0161k\u016fm n\u011bco d\u00e1t a mysl\u00edm, \u017ee to vypad\u00e1 bezvadn\u011b,\u201c<\/em>\u00a0\u0159\u00edk\u00e1 chairman Bill Kenwright.<\/p>\n<p><em>\u201eDokud zde budeme a pokud nejsou v ohro\u017een\u00ed finance pro Davida Moyese, ud\u011bl\u00e1me cokoliv, co m\u016f\u017ee Goodison Parku prosp\u011bt. Na\u0161i partne\u0159i byli v pom\u00e1h\u00e1n\u00ed fenomen\u00e1ln\u00ed, ale to neznamen\u00e1, \u017ee nepokra\u010dujeme ve hled\u00e1n\u00ed nov\u00e9ho stadionu uvnit\u0159 m\u011bsta.\u201c<\/em><\/p>\n<p>V z\u00e1ruku setrv\u00e1n\u00ed na Goodison Parku naproti zve\u0159ejn\u011bn\u00e9mu projektu, nev\u011b\u0159\u00ed ani liverpool\u0161t\u00ed radn\u00ed<em>.\u00a0<\/em>Novinky sice uv\u00edtali, ov\u0161em z\u00e1rove\u0148 je neberou jako znamen\u00ed toho, \u017ee dlouhodob\u00e1 budoucnost Evertonu le\u017e\u00ed na Goodison Parku. Radn\u00ed Joe Anderson dokonce tvrd\u00ed, \u017ee setrv\u00e1n\u00ed na Goodisonu by bylo nejm\u00e9n\u011b atraktivn\u00ed variantou.<\/p>\n<p><em>\u201eKdy\u017e prov\u00e1d\u00edte rekonstrukci stadionu, mus\u00edte ztratit \u010d\u00e1st p\u0159\u00edjm\u016f. Everton s t\u00edm m\u00e1 zku\u0161enosti z doby, kdy rekonstruoval Park End,\u201c<\/em>\u00a0od\u016fvod\u0148uje Anderson svoje stanovisko.\u00a0<em>\u201eSt\u00e1le v\u011b\u0159\u00edm, \u017ee rekonstrukce je provediteln\u00e1, ale tohle nez\u00e1le\u017e\u00ed na m\u011b. Nemysl\u00edm si, \u017ee tento projekt nazna\u010duje, \u017ee Everton z\u016fst\u00e1v\u00e1 na Goodisonu. Signalizuje, \u017ee jde o dlouh\u00fd proces, kter\u00fd se bude hodn\u011b protahovat.\u201c<\/em><\/p>\n","protected":false},"excerpt":{"rendered":"<p>Na n\u011bjakou p\u0159evratnou rekonstrukci se ov\u0161em t\u011b\u0161it nem\u016f\u017eeme. Everton toti\u017e po\u010d\u00edt\u00e1 s v\u00fdstavbou nov\u00e9 administrativn\u00ed budovy v t\u011bsn\u00e9 bl\u00edzkosti stadionu.&hellip;<\/p>\n","protected":false},"author":7,"featured_media":1313,"comment_status":"open","ping_status":"closed","sticky":false,"template":"","format":"standard","meta":{"_eb_attr":"","_monsterinsights_skip_tracking":false,"_monsterinsights_sitenote_active":false,"_monsterinsights_sitenote_note":"","_monsterinsights_sitenote_category":0,"footnotes":""},"categories":[42],"tags":[],"yoast_head":"<!-- This site is optimized with the Yoast SEO plugin v23.4 - https:\/\/yoast.com\/wordpress\/plugins\/seo\/ -->\n<title>Goodison \u010dekaj\u00ed zm\u011bny - Official Czech &amp; Slovak Everton Supporters&#039; Club<\/title>\n<meta name=\"robots\" content=\"index, follow, max-snippet:-1, max-image-preview:large, max-video-preview:-1\" \/>\n<link rel=\"canonical\" href=\"https:\/\/evertonfc.cz\/index.php\/2010\/08\/07\/goodison-cekaji-zmeny\/\" \/>\n<meta property=\"og:locale\" content=\"cs_CZ\" \/>\n<meta property=\"og:type\" content=\"article\" \/>\n<meta property=\"og:title\" content=\"Goodison \u010dekaj\u00ed zm\u011bny - Official Czech &amp; Slovak Everton Supporters&#039; Club\" \/>\n<meta property=\"og:description\" content=\"Na n\u011bjakou p\u0159evratnou rekonstrukci se ov\u0161em t\u011b\u0161it nem\u016f\u017eeme. Everton toti\u017e po\u010d\u00edt\u00e1 s v\u00fdstavbou nov\u00e9 administrativn\u00ed budovy v t\u011bsn\u00e9 bl\u00edzkosti stadionu.&hellip;\" \/>\n<meta property=\"og:url\" content=\"https:\/\/evertonfc.cz\/index.php\/2010\/08\/07\/goodison-cekaji-zmeny\/\" \/>\n<meta property=\"og:site_name\" content=\"Official Czech &amp; Slovak Everton Supporters&#039; Club\" \/>\n<meta property=\"article:publisher\" content=\"https:\/\/www.facebook.com\/everton.fans.cz.sk\" \/>\n<meta property=\"article:published_time\" content=\"2010-08-07T12:21:41+00:00\" \/>\n<meta property=\"article:modified_time\" content=\"2019-02-10T13:23:54+00:00\" \/>\n<meta property=\"og:image\" content=\"https:\/\/evertonfc.cz\/wp-content\/uploads\/2019\/01\/news.jpg\" \/>\n\t<meta property=\"og:image:width\" content=\"720\" \/>\n\t<meta property=\"og:image:height\" content=\"405\" \/>\n\t<meta property=\"og:image:type\" content=\"image\/jpeg\" \/>\n<meta name=\"author\" content=\"Me\u0148a\" \/>\n<meta name=\"twitter:card\" content=\"summary_large_image\" \/>\n<meta name=\"twitter:label1\" content=\"Napsal(a)\" \/>\n\t<meta name=\"twitter:data1\" content=\"Me\u0148a\" \/>\n\t<meta name=\"twitter:label2\" content=\"Odhadovan\u00e1 doba \u010dten\u00ed\" \/>\n\t<meta name=\"twitter:data2\" content=\"3 minuty\" \/>\n<script type=\"application\/ld+json\" class=\"yoast-schema-graph\">{\"@context\":\"https:\/\/schema.org\",\"@graph\":[{\"@type\":\"Article\",\"@id\":\"https:\/\/evertonfc.cz\/index.php\/2010\/08\/07\/goodison-cekaji-zmeny\/#article\",\"isPartOf\":{\"@id\":\"https:\/\/evertonfc.cz\/index.php\/2010\/08\/07\/goodison-cekaji-zmeny\/\"},\"author\":{\"name\":\"Me\u0148a\",\"@id\":\"https:\/\/evertonfc.cz\/#\/schema\/person\/cd6328a75577de2add7793fd4b0930c3\"},\"headline\":\"Goodison \u010dekaj\u00ed zm\u011bny\",\"datePublished\":\"2010-08-07T12:21:41+00:00\",\"dateModified\":\"2019-02-10T13:23:54+00:00\",\"mainEntityOfPage\":{\"@id\":\"https:\/\/evertonfc.cz\/index.php\/2010\/08\/07\/goodison-cekaji-zmeny\/\"},\"wordCount\":624,\"commentCount\":0,\"publisher\":{\"@id\":\"https:\/\/evertonfc.cz\/#organization\"},\"image\":{\"@id\":\"https:\/\/evertonfc.cz\/index.php\/2010\/08\/07\/goodison-cekaji-zmeny\/#primaryimage\"},\"thumbnailUrl\":\"https:\/\/evertonfc.cz\/wp-content\/uploads\/2019\/01\/news.jpg\",\"articleSection\":[\"Aktuality\"],\"inLanguage\":\"cs\",\"potentialAction\":[{\"@type\":\"CommentAction\",\"name\":\"Comment\",\"target\":[\"https:\/\/evertonfc.cz\/index.php\/2010\/08\/07\/goodison-cekaji-zmeny\/#respond\"]}]},{\"@type\":\"WebPage\",\"@id\":\"https:\/\/evertonfc.cz\/index.php\/2010\/08\/07\/goodison-cekaji-zmeny\/\",\"url\":\"https:\/\/evertonfc.cz\/index.php\/2010\/08\/07\/goodison-cekaji-zmeny\/\",\"name\":\"Goodison \u010dekaj\u00ed zm\u011bny - Official Czech &amp; Slovak Everton Supporters&#039; Club\",\"isPartOf\":{\"@id\":\"https:\/\/evertonfc.cz\/#website\"},\"primaryImageOfPage\":{\"@id\":\"https:\/\/evertonfc.cz\/index.php\/2010\/08\/07\/goodison-cekaji-zmeny\/#primaryimage\"},\"image\":{\"@id\":\"https:\/\/evertonfc.cz\/index.php\/2010\/08\/07\/goodison-cekaji-zmeny\/#primaryimage\"},\"thumbnailUrl\":\"https:\/\/evertonfc.cz\/wp-content\/uploads\/2019\/01\/news.jpg\",\"datePublished\":\"2010-08-07T12:21:41+00:00\",\"dateModified\":\"2019-02-10T13:23:54+00:00\",\"breadcrumb\":{\"@id\":\"https:\/\/evertonfc.cz\/index.php\/2010\/08\/07\/goodison-cekaji-zmeny\/#breadcrumb\"},\"inLanguage\":\"cs\",\"potentialAction\":[{\"@type\":\"ReadAction\",\"target\":[\"https:\/\/evertonfc.cz\/index.php\/2010\/08\/07\/goodison-cekaji-zmeny\/\"]}]},{\"@type\":\"ImageObject\",\"inLanguage\":\"cs\",\"@id\":\"https:\/\/evertonfc.cz\/index.php\/2010\/08\/07\/goodison-cekaji-zmeny\/#primaryimage\",\"url\":\"https:\/\/evertonfc.cz\/wp-content\/uploads\/2019\/01\/news.jpg\",\"contentUrl\":\"https:\/\/evertonfc.cz\/wp-content\/uploads\/2019\/01\/news.jpg\",\"width\":720,\"height\":405},{\"@type\":\"BreadcrumbList\",\"@id\":\"https:\/\/evertonfc.cz\/index.php\/2010\/08\/07\/goodison-cekaji-zmeny\/#breadcrumb\",\"itemListElement\":[{\"@type\":\"ListItem\",\"position\":1,\"name\":\"Home\",\"item\":\"https:\/\/evertonfc.cz\/\"},{\"@type\":\"ListItem\",\"position\":2,\"name\":\"Goodison \u010dekaj\u00ed zm\u011bny\"}]},{\"@type\":\"WebSite\",\"@id\":\"https:\/\/evertonfc.cz\/#website\",\"url\":\"https:\/\/evertonfc.cz\/\",\"name\":\"Official Czech &amp; Slovak Everton Supporters&#039; Club\",\"description\":\"\",\"publisher\":{\"@id\":\"https:\/\/evertonfc.cz\/#organization\"},\"potentialAction\":[{\"@type\":\"SearchAction\",\"target\":{\"@type\":\"EntryPoint\",\"urlTemplate\":\"https:\/\/evertonfc.cz\/?s={search_term_string}\"},\"query-input\":{\"@type\":\"PropertyValueSpecification\",\"valueRequired\":true,\"valueName\":\"search_term_string\"}}],\"inLanguage\":\"cs\"},{\"@type\":\"Organization\",\"@id\":\"https:\/\/evertonfc.cz\/#organization\",\"name\":\"Official Czech & Slovak Everton Supporters' Club\",\"url\":\"https:\/\/evertonfc.cz\/\",\"logo\":{\"@type\":\"ImageObject\",\"inLanguage\":\"cs\",\"@id\":\"https:\/\/evertonfc.cz\/#\/schema\/logo\/image\/\",\"url\":\"https:\/\/evertonfc.cz\/wp-content\/uploads\/2019\/05\/logo.png\",\"contentUrl\":\"https:\/\/evertonfc.cz\/wp-content\/uploads\/2019\/05\/logo.png\",\"width\":112,\"height\":112,\"caption\":\"Official Czech & Slovak Everton Supporters' Club\"},\"image\":{\"@id\":\"https:\/\/evertonfc.cz\/#\/schema\/logo\/image\/\"},\"sameAs\":[\"https:\/\/www.facebook.com\/everton.fans.cz.sk\"]},{\"@type\":\"Person\",\"@id\":\"https:\/\/evertonfc.cz\/#\/schema\/person\/cd6328a75577de2add7793fd4b0930c3\",\"name\":\"Me\u0148a\",\"url\":\"https:\/\/evertonfc.cz\/index.php\/author\/mena\/\"}]}<\/script>\n<!-- \/ Yoast SEO plugin. -->","yoast_head_json":{"title":"Goodison \u010dekaj\u00ed zm\u011bny - Official Czech &amp; Slovak Everton Supporters&#039; Club","robots":{"index":"index","follow":"follow","max-snippet":"max-snippet:-1","max-image-preview":"max-image-preview:large","max-video-preview":"max-video-preview:-1"},"canonical":"https:\/\/evertonfc.cz\/index.php\/2010\/08\/07\/goodison-cekaji-zmeny\/","og_locale":"cs_CZ","og_type":"article","og_title":"Goodison \u010dekaj\u00ed zm\u011bny - Official Czech &amp; Slovak Everton Supporters&#039; Club","og_description":"Na n\u011bjakou p\u0159evratnou rekonstrukci se ov\u0161em t\u011b\u0161it nem\u016f\u017eeme. Everton toti\u017e po\u010d\u00edt\u00e1 s v\u00fdstavbou nov\u00e9 administrativn\u00ed budovy v t\u011bsn\u00e9 bl\u00edzkosti stadionu.&hellip;","og_url":"https:\/\/evertonfc.cz\/index.php\/2010\/08\/07\/goodison-cekaji-zmeny\/","og_site_name":"Official Czech &amp; Slovak Everton Supporters&#039; Club","article_publisher":"https:\/\/www.facebook.com\/everton.fans.cz.sk","article_published_time":"2010-08-07T12:21:41+00:00","article_modified_time":"2019-02-10T13:23:54+00:00","og_image":[{"width":720,"height":405,"url":"https:\/\/evertonfc.cz\/wp-content\/uploads\/2019\/01\/news.jpg","type":"image\/jpeg"}],"author":"Me\u0148a","twitter_card":"summary_large_image","twitter_misc":{"Napsal(a)":"Me\u0148a","Odhadovan\u00e1 doba \u010dten\u00ed":"3 minuty"},"schema":{"@context":"https:\/\/schema.org","@graph":[{"@type":"Article","@id":"https:\/\/evertonfc.cz\/index.php\/2010\/08\/07\/goodison-cekaji-zmeny\/#article","isPartOf":{"@id":"https:\/\/evertonfc.cz\/index.php\/2010\/08\/07\/goodison-cekaji-zmeny\/"},"author":{"name":"Me\u0148a","@id":"https:\/\/evertonfc.cz\/#\/schema\/person\/cd6328a75577de2add7793fd4b0930c3"},"headline":"Goodison \u010dekaj\u00ed zm\u011bny","datePublished":"2010-08-07T12:21:41+00:00","dateModified":"2019-02-10T13:23:54+00:00","mainEntityOfPage":{"@id":"https:\/\/evertonfc.cz\/index.php\/2010\/08\/07\/goodison-cekaji-zmeny\/"},"wordCount":624,"commentCount":0,"publisher":{"@id":"https:\/\/evertonfc.cz\/#organization"},"image":{"@id":"https:\/\/evertonfc.cz\/index.php\/2010\/08\/07\/goodison-cekaji-zmeny\/#primaryimage"},"thumbnailUrl":"https:\/\/evertonfc.cz\/wp-content\/uploads\/2019\/01\/news.jpg","articleSection":["Aktuality"],"inLanguage":"cs","potentialAction":[{"@type":"CommentAction","name":"Comment","target":["https:\/\/evertonfc.cz\/index.php\/2010\/08\/07\/goodison-cekaji-zmeny\/#respond"]}]},{"@type":"WebPage","@id":"https:\/\/evertonfc.cz\/index.php\/2010\/08\/07\/goodison-cekaji-zmeny\/","url":"https:\/\/evertonfc.cz\/index.php\/2010\/08\/07\/goodison-cekaji-zmeny\/","name":"Goodison \u010dekaj\u00ed zm\u011bny - Official Czech &amp; Slovak Everton Supporters&#039; Club","isPartOf":{"@id":"https:\/\/evertonfc.cz\/#website"},"primaryImageOfPage":{"@id":"https:\/\/evertonfc.cz\/index.php\/2010\/08\/07\/goodison-cekaji-zmeny\/#primaryimage"},"image":{"@id":"https:\/\/evertonfc.cz\/index.php\/2010\/08\/07\/goodison-cekaji-zmeny\/#primaryimage"},"thumbnailUrl":"https:\/\/evertonfc.cz\/wp-content\/uploads\/2019\/01\/news.jpg","datePublished":"2010-08-07T12:21:41+00:00","dateModified":"2019-02-10T13:23:54+00:00","breadcrumb":{"@id":"https:\/\/evertonfc.cz\/index.php\/2010\/08\/07\/goodison-cekaji-zmeny\/#breadcrumb"},"inLanguage":"cs","potentialAction":[{"@type":"ReadAction","target":["https:\/\/evertonfc.cz\/index.php\/2010\/08\/07\/goodison-cekaji-zmeny\/"]}]},{"@type":"ImageObject","inLanguage":"cs","@id":"https:\/\/evertonfc.cz\/index.php\/2010\/08\/07\/goodison-cekaji-zmeny\/#primaryimage","url":"https:\/\/evertonfc.cz\/wp-content\/uploads\/2019\/01\/news.jpg","contentUrl":"https:\/\/evertonfc.cz\/wp-content\/uploads\/2019\/01\/news.jpg","width":720,"height":405},{"@type":"BreadcrumbList","@id":"https:\/\/evertonfc.cz\/index.php\/2010\/08\/07\/goodison-cekaji-zmeny\/#breadcrumb","itemListElement":[{"@type":"ListItem","position":1,"name":"Home","item":"https:\/\/evertonfc.cz\/"},{"@type":"ListItem","position":2,"name":"Goodison \u010dekaj\u00ed zm\u011bny"}]},{"@type":"WebSite","@id":"https:\/\/evertonfc.cz\/#website","url":"https:\/\/evertonfc.cz\/","name":"Official Czech &amp; Slovak Everton Supporters&#039; Club","description":"","publisher":{"@id":"https:\/\/evertonfc.cz\/#organization"},"potentialAction":[{"@type":"SearchAction","target":{"@type":"EntryPoint","urlTemplate":"https:\/\/evertonfc.cz\/?s={search_term_string}"},"query-input":{"@type":"PropertyValueSpecification","valueRequired":true,"valueName":"search_term_string"}}],"inLanguage":"cs"},{"@type":"Organization","@id":"https:\/\/evertonfc.cz\/#organization","name":"Official Czech & Slovak Everton Supporters' Club","url":"https:\/\/evertonfc.cz\/","logo":{"@type":"ImageObject","inLanguage":"cs","@id":"https:\/\/evertonfc.cz\/#\/schema\/logo\/image\/","url":"https:\/\/evertonfc.cz\/wp-content\/uploads\/2019\/05\/logo.png","contentUrl":"https:\/\/evertonfc.cz\/wp-content\/uploads\/2019\/05\/logo.png","width":112,"height":112,"caption":"Official Czech & Slovak Everton Supporters' Club"},"image":{"@id":"https:\/\/evertonfc.cz\/#\/schema\/logo\/image\/"},"sameAs":["https:\/\/www.facebook.com\/everton.fans.cz.sk"]},{"@type":"Person","@id":"https:\/\/evertonfc.cz\/#\/schema\/person\/cd6328a75577de2add7793fd4b0930c3","name":"Me\u0148a","url":"https:\/\/evertonfc.cz\/index.php\/author\/mena\/"}]}},"_links":{"self":[{"href":"https:\/\/evertonfc.cz\/index.php\/wp-json\/wp\/v2\/posts\/2938"}],"collection":[{"href":"https:\/\/evertonfc.cz\/index.php\/wp-json\/wp\/v2\/posts"}],"about":[{"href":"https:\/\/evertonfc.cz\/index.php\/wp-json\/wp\/v2\/types\/post"}],"author":[{"embeddable":true,"href":"https:\/\/evertonfc.cz\/index.php\/wp-json\/wp\/v2\/users\/7"}],"replies":[{"embeddable":true,"href":"https:\/\/evertonfc.cz\/index.php\/wp-json\/wp\/v2\/comments?post=2938"}],"version-history":[{"count":1,"href":"https:\/\/evertonfc.cz\/index.php\/wp-json\/wp\/v2\/posts\/2938\/revisions"}],"predecessor-version":[{"id":2940,"href":"https:\/\/evertonfc.cz\/index.php\/wp-json\/wp\/v2\/posts\/2938\/revisions\/2940"}],"wp:featuredmedia":[{"embeddable":true,"href":"https:\/\/evertonfc.cz\/index.php\/wp-json\/wp\/v2\/media\/1313"}],"wp:attachment":[{"href":"https:\/\/evertonfc.cz\/index.php\/wp-json\/wp\/v2\/media?parent=2938"}],"wp:term":[{"taxonomy":"category","embeddable":true,"href":"https:\/\/evertonfc.cz\/index.php\/wp-json\/wp\/v2\/categories?post=2938"},{"taxonomy":"post_tag","embeddable":true,"href":"https:\/\/evertonfc.cz\/index.php\/wp-json\/wp\/v2\/tags?post=2938"}],"curies":[{"name":"wp","href":"https:\/\/api.w.org\/{rel}","templated":true}]}}