{"id":2939,"date":"2017-08-04T14:23:20","date_gmt":"2017-08-04T12:23:20","guid":{"rendered":"http:\/\/evertonfc.cz\/?p=2939"},"modified":"2019-02-10T14:25:23","modified_gmt":"2019-02-10T13:25:23","slug":"o-zakladni-skupinu-el-s-hajdukem-split","status":"publish","type":"post","link":"https:\/\/evertonfc.cz\/index.php\/2017\/08\/04\/o-zakladni-skupinu-el-s-hajdukem-split\/","title":{"rendered":"O z\u00e1kladn\u00ed skupinu EL s Hajdukem Split"},"content":{"rendered":"<h4 id=\"NewsPostDetailSummary\">Everton se o postup do z\u00e1kladn\u00ed skupiny Evropsk\u00e9 ligy utk\u00e1 s Hajdukem Split. Prvn\u00ed z\u00e1pas bude hostit 17. srpna Goodison Park, odveta v Chorvatsku je na programu t\u00fdden pot\u00e9.<\/h4>\n<div id=\"NewsPostDetailContent\">\n<p>Souboj s t\u0159et\u00edm t\u00fdmem uplynul\u00e9 sez\u00f3ny chorvatsk\u00e9 ligy ur\u010dil dne\u0161n\u00ed los ve \u0161v\u00fdcarsk\u00e9m Nyonu. Everton byl v osud\u00ed mezi nasazen\u00fdmi celky.<\/p>\n<p>Zat\u00edmco Toffees \u00fasp\u011b\u0161n\u011b zvl\u00e1dli 3. p\u0159edkolo Evropsk\u00e9 ligy s Ru\u017eomberokem, Hajduk do sout\u011b\u017ee nasko\u010dil u\u017e ve druh\u00e9m p\u0159edkole, v n\u011bm\u017e vy\u0159adil Levski Sofia po v\u00fdhr\u00e1ch 1:0 doma a 2:1 venku. V dal\u0161\u00edm kole si poradil s Brondby IF, kdy\u017e po bezbrankov\u00e9 rem\u00edze v D\u00e1nsku zv\u00edt\u011bzil p\u0159ed zraky vlastn\u00edch fanou\u0161k\u016f 2:0.<\/p>\n<p>Klub, kter\u00fd zalo\u017eili chorvat\u0161t\u00ed studenti ve zn\u00e1m\u00e9m pra\u017esk\u00e9m pivovaru U Flek\u016f v roce 1911, se letos kvalifikoval do p\u0159edkol Evropsk\u00e9 ligy u\u017e pojeden\u00e1ct\u00e9 v\u00a0\u0159ad\u011b. Do z\u00e1kladn\u00ed skupiny naposledy pro\u0161el v sez\u00f3n\u011b 2010\/11, kde n\u00e1sledn\u011b v konkurenci Zenitu Petrohrad, Anderlechtu a AEK At\u00e9ny skon\u010dil na posledn\u00edm \u010dtvrt\u00e9m m\u00edst\u011b.<\/p>\n<p>V aktu\u00e1ln\u00ed ro\u010dn\u00edku chorvatsk\u00e9 ligy m\u00e1 zat\u00edm na kont\u011b dv\u011b v\u00fdhry a jednu rem\u00edzu.<\/p>\n<p>Pro Everton bude d\u016fle\u017eit\u00e9 p\u0159ipravit si n\u00e1skok do odvety, proto\u017ee p\u0159\u00edznivci Hajduku um\u00ed na 35 tis\u00edcov\u00e9m stadionu Poljud vytvo\u0159it doslova pekelnou atmosf\u00e9rou. O tu se star\u00e1 zejm\u00e9na Torcida Split, nejstar\u0161\u00ed ultras skupina v Evrop\u011b s datem vzniku v roce 1950.<\/p>\n<p>Sv\u011b\u0159ence Ronalda Koemana tak \u010dek\u00e1 po\u0159\u00e1dn\u011b t\u011b\u017ek\u00fd vstup do nov\u00e9 sez\u00f3ny, v srpnu se zapot\u00ed:<\/p>\n<table border=\"1\" frame=\"box\" rules=\"all\" cellpadding=\"3\" align=\"center\">\n<tbody>\n<tr>\n<td>Ne 6. 8.<\/td>\n<td>P\u0159\u00e1telsk\u00fd z\u00e1pas<\/td>\n<td><\/td>\n<td>Sevilla (d)<\/td>\n<\/tr>\n<tr>\n<td>So 12. 8.<\/td>\n<td>Premier League<\/td>\n<td>1. kolo<\/td>\n<td>Stoke City (d)<\/td>\n<\/tr>\n<tr>\n<td>\u010ct 17. 8.<\/td>\n<td>Evropsk\u00e1 liga<\/td>\n<td>4. p\u0159edkolo, 1. z.<\/td>\n<td>Hajduk Split (d)<\/td>\n<\/tr>\n<tr>\n<td>Po 21. 8.<\/td>\n<td>Premier League<\/td>\n<td>2. kolo<\/td>\n<td>Manchester City (v)<\/td>\n<\/tr>\n<tr>\n<td>\u010ct 24. 8.<\/td>\n<td>Evropsk\u00e1 liga<\/td>\n<td>4. p\u0159edkolo, 2. z.<\/td>\n<td>Hajduk Split (v)<\/td>\n<\/tr>\n<tr>\n<td>Ne 27. 8.<\/td>\n<td>Premier League<\/td>\n<td>3. kolo<\/td>\n<td>Chelsea (v)<\/td>\n<\/tr>\n<\/tbody>\n<\/table>\n<\/div>\n","protected":false},"excerpt":{"rendered":"<p>Everton se o postup do z\u00e1kladn\u00ed skupiny Evropsk\u00e9 ligy utk\u00e1 s Hajdukem Split. Prvn\u00ed z\u00e1pas bude hostit 17. srpna Goodison&hellip;<\/p>\n","protected":false},"author":6,"featured_media":1313,"comment_status":"open","ping_status":"closed","sticky":false,"template":"","format":"standard","meta":{"_eb_attr":"","_monsterinsights_skip_tracking":false,"_monsterinsights_sitenote_active":false,"_monsterinsights_sitenote_note":"","_monsterinsights_sitenote_category":0,"footnotes":""},"categories":[42],"tags":[],"yoast_head":"<!-- This site is optimized with the Yoast SEO plugin v23.4 - https:\/\/yoast.com\/wordpress\/plugins\/seo\/ -->\n<title>O z\u00e1kladn\u00ed skupinu EL s Hajdukem Split - Official Czech &amp; Slovak Everton Supporters&#039; Club<\/title>\n<meta name=\"robots\" content=\"index, follow, max-snippet:-1, max-image-preview:large, max-video-preview:-1\" \/>\n<link rel=\"canonical\" href=\"https:\/\/evertonfc.cz\/index.php\/2017\/08\/04\/o-zakladni-skupinu-el-s-hajdukem-split\/\" \/>\n<meta property=\"og:locale\" content=\"cs_CZ\" \/>\n<meta property=\"og:type\" content=\"article\" \/>\n<meta property=\"og:title\" content=\"O z\u00e1kladn\u00ed skupinu EL s Hajdukem Split - Official Czech &amp; Slovak Everton Supporters&#039; Club\" \/>\n<meta property=\"og:description\" content=\"Everton se o postup do z\u00e1kladn\u00ed skupiny Evropsk\u00e9 ligy utk\u00e1 s Hajdukem Split. Prvn\u00ed z\u00e1pas bude hostit 17. srpna Goodison&hellip;\" \/>\n<meta property=\"og:url\" content=\"https:\/\/evertonfc.cz\/index.php\/2017\/08\/04\/o-zakladni-skupinu-el-s-hajdukem-split\/\" \/>\n<meta property=\"og:site_name\" content=\"Official Czech &amp; Slovak Everton Supporters&#039; Club\" \/>\n<meta property=\"article:publisher\" content=\"https:\/\/www.facebook.com\/everton.fans.cz.sk\" \/>\n<meta property=\"article:published_time\" content=\"2017-08-04T12:23:20+00:00\" \/>\n<meta property=\"article:modified_time\" content=\"2019-02-10T13:25:23+00:00\" \/>\n<meta property=\"og:image\" content=\"https:\/\/evertonfc.cz\/wp-content\/uploads\/2019\/01\/news.jpg\" \/>\n\t<meta property=\"og:image:width\" content=\"720\" \/>\n\t<meta property=\"og:image:height\" content=\"405\" \/>\n\t<meta property=\"og:image:type\" content=\"image\/jpeg\" \/>\n<meta name=\"author\" content=\"Ri\u010di\" \/>\n<meta name=\"twitter:card\" content=\"summary_large_image\" \/>\n<meta name=\"twitter:creator\" content=\"@rbrejsa\" \/>\n<meta name=\"twitter:label1\" content=\"Napsal(a)\" \/>\n\t<meta name=\"twitter:data1\" content=\"Ri\u010di\" \/>\n\t<meta name=\"twitter:label2\" content=\"Odhadovan\u00e1 doba \u010dten\u00ed\" \/>\n\t<meta name=\"twitter:data2\" content=\"2 minuty\" \/>\n<script type=\"application\/ld+json\" class=\"yoast-schema-graph\">{\"@context\":\"https:\/\/schema.org\",\"@graph\":[{\"@type\":\"Article\",\"@id\":\"https:\/\/evertonfc.cz\/index.php\/2017\/08\/04\/o-zakladni-skupinu-el-s-hajdukem-split\/#article\",\"isPartOf\":{\"@id\":\"https:\/\/evertonfc.cz\/index.php\/2017\/08\/04\/o-zakladni-skupinu-el-s-hajdukem-split\/\"},\"author\":{\"name\":\"Ri\u010di\",\"@id\":\"https:\/\/evertonfc.cz\/#\/schema\/person\/f7a5daedb2ffee98480bc70e191aaef1\"},\"headline\":\"O z\u00e1kladn\u00ed skupinu EL s Hajdukem Split\",\"datePublished\":\"2017-08-04T12:23:20+00:00\",\"dateModified\":\"2019-02-10T13:25:23+00:00\",\"mainEntityOfPage\":{\"@id\":\"https:\/\/evertonfc.cz\/index.php\/2017\/08\/04\/o-zakladni-skupinu-el-s-hajdukem-split\/\"},\"wordCount\":332,\"commentCount\":0,\"publisher\":{\"@id\":\"https:\/\/evertonfc.cz\/#organization\"},\"image\":{\"@id\":\"https:\/\/evertonfc.cz\/index.php\/2017\/08\/04\/o-zakladni-skupinu-el-s-hajdukem-split\/#primaryimage\"},\"thumbnailUrl\":\"https:\/\/evertonfc.cz\/wp-content\/uploads\/2019\/01\/news.jpg\",\"articleSection\":[\"Aktuality\"],\"inLanguage\":\"cs\",\"potentialAction\":[{\"@type\":\"CommentAction\",\"name\":\"Comment\",\"target\":[\"https:\/\/evertonfc.cz\/index.php\/2017\/08\/04\/o-zakladni-skupinu-el-s-hajdukem-split\/#respond\"]}]},{\"@type\":\"WebPage\",\"@id\":\"https:\/\/evertonfc.cz\/index.php\/2017\/08\/04\/o-zakladni-skupinu-el-s-hajdukem-split\/\",\"url\":\"https:\/\/evertonfc.cz\/index.php\/2017\/08\/04\/o-zakladni-skupinu-el-s-hajdukem-split\/\",\"name\":\"O z\u00e1kladn\u00ed skupinu EL s Hajdukem Split - Official Czech &amp; Slovak Everton Supporters&#039; Club\",\"isPartOf\":{\"@id\":\"https:\/\/evertonfc.cz\/#website\"},\"primaryImageOfPage\":{\"@id\":\"https:\/\/evertonfc.cz\/index.php\/2017\/08\/04\/o-zakladni-skupinu-el-s-hajdukem-split\/#primaryimage\"},\"image\":{\"@id\":\"https:\/\/evertonfc.cz\/index.php\/2017\/08\/04\/o-zakladni-skupinu-el-s-hajdukem-split\/#primaryimage\"},\"thumbnailUrl\":\"https:\/\/evertonfc.cz\/wp-content\/uploads\/2019\/01\/news.jpg\",\"datePublished\":\"2017-08-04T12:23:20+00:00\",\"dateModified\":\"2019-02-10T13:25:23+00:00\",\"breadcrumb\":{\"@id\":\"https:\/\/evertonfc.cz\/index.php\/2017\/08\/04\/o-zakladni-skupinu-el-s-hajdukem-split\/#breadcrumb\"},\"inLanguage\":\"cs\",\"potentialAction\":[{\"@type\":\"ReadAction\",\"target\":[\"https:\/\/evertonfc.cz\/index.php\/2017\/08\/04\/o-zakladni-skupinu-el-s-hajdukem-split\/\"]}]},{\"@type\":\"ImageObject\",\"inLanguage\":\"cs\",\"@id\":\"https:\/\/evertonfc.cz\/index.php\/2017\/08\/04\/o-zakladni-skupinu-el-s-hajdukem-split\/#primaryimage\",\"url\":\"https:\/\/evertonfc.cz\/wp-content\/uploads\/2019\/01\/news.jpg\",\"contentUrl\":\"https:\/\/evertonfc.cz\/wp-content\/uploads\/2019\/01\/news.jpg\",\"width\":720,\"height\":405},{\"@type\":\"BreadcrumbList\",\"@id\":\"https:\/\/evertonfc.cz\/index.php\/2017\/08\/04\/o-zakladni-skupinu-el-s-hajdukem-split\/#breadcrumb\",\"itemListElement\":[{\"@type\":\"ListItem\",\"position\":1,\"name\":\"Home\",\"item\":\"https:\/\/evertonfc.cz\/\"},{\"@type\":\"ListItem\",\"position\":2,\"name\":\"O z\u00e1kladn\u00ed skupinu EL s Hajdukem Split\"}]},{\"@type\":\"WebSite\",\"@id\":\"https:\/\/evertonfc.cz\/#website\",\"url\":\"https:\/\/evertonfc.cz\/\",\"name\":\"Official Czech &amp; Slovak Everton Supporters&#039; Club\",\"description\":\"\",\"publisher\":{\"@id\":\"https:\/\/evertonfc.cz\/#organization\"},\"potentialAction\":[{\"@type\":\"SearchAction\",\"target\":{\"@type\":\"EntryPoint\",\"urlTemplate\":\"https:\/\/evertonfc.cz\/?s={search_term_string}\"},\"query-input\":{\"@type\":\"PropertyValueSpecification\",\"valueRequired\":true,\"valueName\":\"search_term_string\"}}],\"inLanguage\":\"cs\"},{\"@type\":\"Organization\",\"@id\":\"https:\/\/evertonfc.cz\/#organization\",\"name\":\"Official Czech & Slovak Everton Supporters' Club\",\"url\":\"https:\/\/evertonfc.cz\/\",\"logo\":{\"@type\":\"ImageObject\",\"inLanguage\":\"cs\",\"@id\":\"https:\/\/evertonfc.cz\/#\/schema\/logo\/image\/\",\"url\":\"https:\/\/evertonfc.cz\/wp-content\/uploads\/2019\/05\/logo.png\",\"contentUrl\":\"https:\/\/evertonfc.cz\/wp-content\/uploads\/2019\/05\/logo.png\",\"width\":112,\"height\":112,\"caption\":\"Official Czech & Slovak Everton Supporters' Club\"},\"image\":{\"@id\":\"https:\/\/evertonfc.cz\/#\/schema\/logo\/image\/\"},\"sameAs\":[\"https:\/\/www.facebook.com\/everton.fans.cz.sk\"]},{\"@type\":\"Person\",\"@id\":\"https:\/\/evertonfc.cz\/#\/schema\/person\/f7a5daedb2ffee98480bc70e191aaef1\",\"name\":\"Ri\u010di\",\"sameAs\":[\"https:\/\/x.com\/rbrejsa\"],\"url\":\"https:\/\/evertonfc.cz\/index.php\/author\/rici\/\"}]}<\/script>\n<!-- \/ Yoast SEO plugin. -->","yoast_head_json":{"title":"O z\u00e1kladn\u00ed skupinu EL s Hajdukem Split - Official Czech &amp; Slovak Everton Supporters&#039; Club","robots":{"index":"index","follow":"follow","max-snippet":"max-snippet:-1","max-image-preview":"max-image-preview:large","max-video-preview":"max-video-preview:-1"},"canonical":"https:\/\/evertonfc.cz\/index.php\/2017\/08\/04\/o-zakladni-skupinu-el-s-hajdukem-split\/","og_locale":"cs_CZ","og_type":"article","og_title":"O z\u00e1kladn\u00ed skupinu EL s Hajdukem Split - Official Czech &amp; Slovak Everton Supporters&#039; Club","og_description":"Everton se o postup do z\u00e1kladn\u00ed skupiny Evropsk\u00e9 ligy utk\u00e1 s Hajdukem Split. Prvn\u00ed z\u00e1pas bude hostit 17. srpna Goodison&hellip;","og_url":"https:\/\/evertonfc.cz\/index.php\/2017\/08\/04\/o-zakladni-skupinu-el-s-hajdukem-split\/","og_site_name":"Official Czech &amp; Slovak Everton Supporters&#039; Club","article_publisher":"https:\/\/www.facebook.com\/everton.fans.cz.sk","article_published_time":"2017-08-04T12:23:20+00:00","article_modified_time":"2019-02-10T13:25:23+00:00","og_image":[{"width":720,"height":405,"url":"https:\/\/evertonfc.cz\/wp-content\/uploads\/2019\/01\/news.jpg","type":"image\/jpeg"}],"author":"Ri\u010di","twitter_card":"summary_large_image","twitter_creator":"@rbrejsa","twitter_misc":{"Napsal(a)":"Ri\u010di","Odhadovan\u00e1 doba \u010dten\u00ed":"2 minuty"},"schema":{"@context":"https:\/\/schema.org","@graph":[{"@type":"Article","@id":"https:\/\/evertonfc.cz\/index.php\/2017\/08\/04\/o-zakladni-skupinu-el-s-hajdukem-split\/#article","isPartOf":{"@id":"https:\/\/evertonfc.cz\/index.php\/2017\/08\/04\/o-zakladni-skupinu-el-s-hajdukem-split\/"},"author":{"name":"Ri\u010di","@id":"https:\/\/evertonfc.cz\/#\/schema\/person\/f7a5daedb2ffee98480bc70e191aaef1"},"headline":"O z\u00e1kladn\u00ed skupinu EL s Hajdukem Split","datePublished":"2017-08-04T12:23:20+00:00","dateModified":"2019-02-10T13:25:23+00:00","mainEntityOfPage":{"@id":"https:\/\/evertonfc.cz\/index.php\/2017\/08\/04\/o-zakladni-skupinu-el-s-hajdukem-split\/"},"wordCount":332,"commentCount":0,"publisher":{"@id":"https:\/\/evertonfc.cz\/#organization"},"image":{"@id":"https:\/\/evertonfc.cz\/index.php\/2017\/08\/04\/o-zakladni-skupinu-el-s-hajdukem-split\/#primaryimage"},"thumbnailUrl":"https:\/\/evertonfc.cz\/wp-content\/uploads\/2019\/01\/news.jpg","articleSection":["Aktuality"],"inLanguage":"cs","potentialAction":[{"@type":"CommentAction","name":"Comment","target":["https:\/\/evertonfc.cz\/index.php\/2017\/08\/04\/o-zakladni-skupinu-el-s-hajdukem-split\/#respond"]}]},{"@type":"WebPage","@id":"https:\/\/evertonfc.cz\/index.php\/2017\/08\/04\/o-zakladni-skupinu-el-s-hajdukem-split\/","url":"https:\/\/evertonfc.cz\/index.php\/2017\/08\/04\/o-zakladni-skupinu-el-s-hajdukem-split\/","name":"O z\u00e1kladn\u00ed skupinu EL s Hajdukem Split - Official Czech &amp; Slovak Everton Supporters&#039; Club","isPartOf":{"@id":"https:\/\/evertonfc.cz\/#website"},"primaryImageOfPage":{"@id":"https:\/\/evertonfc.cz\/index.php\/2017\/08\/04\/o-zakladni-skupinu-el-s-hajdukem-split\/#primaryimage"},"image":{"@id":"https:\/\/evertonfc.cz\/index.php\/2017\/08\/04\/o-zakladni-skupinu-el-s-hajdukem-split\/#primaryimage"},"thumbnailUrl":"https:\/\/evertonfc.cz\/wp-content\/uploads\/2019\/01\/news.jpg","datePublished":"2017-08-04T12:23:20+00:00","dateModified":"2019-02-10T13:25:23+00:00","breadcrumb":{"@id":"https:\/\/evertonfc.cz\/index.php\/2017\/08\/04\/o-zakladni-skupinu-el-s-hajdukem-split\/#breadcrumb"},"inLanguage":"cs","potentialAction":[{"@type":"ReadAction","target":["https:\/\/evertonfc.cz\/index.php\/2017\/08\/04\/o-zakladni-skupinu-el-s-hajdukem-split\/"]}]},{"@type":"ImageObject","inLanguage":"cs","@id":"https:\/\/evertonfc.cz\/index.php\/2017\/08\/04\/o-zakladni-skupinu-el-s-hajdukem-split\/#primaryimage","url":"https:\/\/evertonfc.cz\/wp-content\/uploads\/2019\/01\/news.jpg","contentUrl":"https:\/\/evertonfc.cz\/wp-content\/uploads\/2019\/01\/news.jpg","width":720,"height":405},{"@type":"BreadcrumbList","@id":"https:\/\/evertonfc.cz\/index.php\/2017\/08\/04\/o-zakladni-skupinu-el-s-hajdukem-split\/#breadcrumb","itemListElement":[{"@type":"ListItem","position":1,"name":"Home","item":"https:\/\/evertonfc.cz\/"},{"@type":"ListItem","position":2,"name":"O z\u00e1kladn\u00ed skupinu EL s Hajdukem Split"}]},{"@type":"WebSite","@id":"https:\/\/evertonfc.cz\/#website","url":"https:\/\/evertonfc.cz\/","name":"Official Czech &amp; Slovak Everton Supporters&#039; Club","description":"","publisher":{"@id":"https:\/\/evertonfc.cz\/#organization"},"potentialAction":[{"@type":"SearchAction","target":{"@type":"EntryPoint","urlTemplate":"https:\/\/evertonfc.cz\/?s={search_term_string}"},"query-input":{"@type":"PropertyValueSpecification","valueRequired":true,"valueName":"search_term_string"}}],"inLanguage":"cs"},{"@type":"Organization","@id":"https:\/\/evertonfc.cz\/#organization","name":"Official Czech & Slovak Everton Supporters' Club","url":"https:\/\/evertonfc.cz\/","logo":{"@type":"ImageObject","inLanguage":"cs","@id":"https:\/\/evertonfc.cz\/#\/schema\/logo\/image\/","url":"https:\/\/evertonfc.cz\/wp-content\/uploads\/2019\/05\/logo.png","contentUrl":"https:\/\/evertonfc.cz\/wp-content\/uploads\/2019\/05\/logo.png","width":112,"height":112,"caption":"Official Czech & Slovak Everton Supporters' Club"},"image":{"@id":"https:\/\/evertonfc.cz\/#\/schema\/logo\/image\/"},"sameAs":["https:\/\/www.facebook.com\/everton.fans.cz.sk"]},{"@type":"Person","@id":"https:\/\/evertonfc.cz\/#\/schema\/person\/f7a5daedb2ffee98480bc70e191aaef1","name":"Ri\u010di","sameAs":["https:\/\/x.com\/rbrejsa"],"url":"https:\/\/evertonfc.cz\/index.php\/author\/rici\/"}]}},"_links":{"self":[{"href":"https:\/\/evertonfc.cz\/index.php\/wp-json\/wp\/v2\/posts\/2939"}],"collection":[{"href":"https:\/\/evertonfc.cz\/index.php\/wp-json\/wp\/v2\/posts"}],"about":[{"href":"https:\/\/evertonfc.cz\/index.php\/wp-json\/wp\/v2\/types\/post"}],"author":[{"embeddable":true,"href":"https:\/\/evertonfc.cz\/index.php\/wp-json\/wp\/v2\/users\/6"}],"replies":[{"embeddable":true,"href":"https:\/\/evertonfc.cz\/index.php\/wp-json\/wp\/v2\/comments?post=2939"}],"version-history":[{"count":1,"href":"https:\/\/evertonfc.cz\/index.php\/wp-json\/wp\/v2\/posts\/2939\/revisions"}],"predecessor-version":[{"id":2943,"href":"https:\/\/evertonfc.cz\/index.php\/wp-json\/wp\/v2\/posts\/2939\/revisions\/2943"}],"wp:featuredmedia":[{"embeddable":true,"href":"https:\/\/evertonfc.cz\/index.php\/wp-json\/wp\/v2\/media\/1313"}],"wp:attachment":[{"href":"https:\/\/evertonfc.cz\/index.php\/wp-json\/wp\/v2\/media?parent=2939"}],"wp:term":[{"taxonomy":"category","embeddable":true,"href":"https:\/\/evertonfc.cz\/index.php\/wp-json\/wp\/v2\/categories?post=2939"},{"taxonomy":"post_tag","embeddable":true,"href":"https:\/\/evertonfc.cz\/index.php\/wp-json\/wp\/v2\/tags?post=2939"}],"curies":[{"name":"wp","href":"https:\/\/api.w.org\/{rel}","templated":true}]}}