{"id":2941,"date":"2010-08-07T14:24:58","date_gmt":"2010-08-07T12:24:58","guid":{"rendered":"http:\/\/evertonfc.cz\/?p=2941"},"modified":"2019-02-10T14:27:10","modified_gmt":"2019-02-10T13:27:10","slug":"__trashed","status":"publish","type":"post","link":"https:\/\/evertonfc.cz\/index.php\/2010\/08\/07\/__trashed\/","title":{"rendered":"VfL Wolfsburg &#8211; Everton FC 2:0"},"content":{"rendered":"<h4>V posledn\u00edm p\u0159\u00e1telsk\u00e9m z\u00e1pase a t\u00fdden p\u0159ed startem Premier League Everton poprv\u00e9 v letn\u00ed p\u0159\u00edprav\u011b klop\u00fdtl, kdy\u017e prohr\u00e1l s Wolfsburgem 0:2.<\/h4>\n<p><strong>Branky:<\/strong>\u00a019. Mandzukic, 39. Ziani<br \/>\n<strong>VfL:<\/strong>\u00a0Benaglio \u2013 Sch\u00e4fer, Kjaer, Barzagli, Riehter (87.Cigerci) \u2013 Josue (76. Pekarik), Hasebe (83. Kahlenberg) \u2013 Mandzukic (81. Dejagah), Misimovic (80. Cicero), Ziani (82. Johnson) \u2013 Dzeko (87. Ben Khalifa)<br \/>\n<strong>Everton:\u00a0<\/strong>Howard (46. Mucha) \u2013 Baines, Hibbert, Jagielka (76. Yobo), Distin \u2013 Arteta (76. Yakubu), Neville (69. Rodwell) \u2013 Pienaar (76. Gueye), Osman (83. Coleman), Bilyaletdinov (46. Fellaini) \u2013 Saha (46. Cahill)<\/p>\n","protected":false},"excerpt":{"rendered":"<p>V posledn\u00edm p\u0159\u00e1telsk\u00e9m z\u00e1pase a t\u00fdden p\u0159ed startem Premier League Everton poprv\u00e9 v letn\u00ed p\u0159\u00edprav\u011b klop\u00fdtl, kdy\u017e prohr\u00e1l s Wolfsburgem&hellip;<\/p>\n","protected":false},"author":6,"featured_media":1315,"comment_status":"open","ping_status":"closed","sticky":false,"template":"","format":"standard","meta":{"_eb_attr":"","_monsterinsights_skip_tracking":false,"_monsterinsights_sitenote_active":false,"_monsterinsights_sitenote_note":"","_monsterinsights_sitenote_category":0,"footnotes":""},"categories":[4],"tags":[],"yoast_head":"<!-- This site is optimized with the Yoast SEO plugin v23.4 - https:\/\/yoast.com\/wordpress\/plugins\/seo\/ -->\n<title>VfL Wolfsburg - Everton FC 2:0 - Official Czech &amp; Slovak Everton Supporters&#039; Club<\/title>\n<meta name=\"robots\" content=\"index, follow, max-snippet:-1, max-image-preview:large, max-video-preview:-1\" \/>\n<link rel=\"canonical\" href=\"https:\/\/evertonfc.cz\/index.php\/2010\/08\/07\/__trashed\/\" \/>\n<meta property=\"og:locale\" content=\"cs_CZ\" \/>\n<meta property=\"og:type\" content=\"article\" \/>\n<meta property=\"og:title\" content=\"VfL Wolfsburg - Everton FC 2:0 - Official Czech &amp; Slovak Everton Supporters&#039; Club\" \/>\n<meta property=\"og:description\" content=\"V posledn\u00edm p\u0159\u00e1telsk\u00e9m z\u00e1pase a t\u00fdden p\u0159ed startem Premier League Everton poprv\u00e9 v letn\u00ed p\u0159\u00edprav\u011b klop\u00fdtl, kdy\u017e prohr\u00e1l s Wolfsburgem&hellip;\" \/>\n<meta property=\"og:url\" content=\"https:\/\/evertonfc.cz\/index.php\/2010\/08\/07\/__trashed\/\" \/>\n<meta property=\"og:site_name\" content=\"Official Czech &amp; Slovak Everton Supporters&#039; Club\" \/>\n<meta property=\"article:publisher\" content=\"https:\/\/www.facebook.com\/everton.fans.cz.sk\" \/>\n<meta property=\"article:published_time\" content=\"2010-08-07T12:24:58+00:00\" \/>\n<meta property=\"article:modified_time\" content=\"2019-02-10T13:27:10+00:00\" \/>\n<meta property=\"og:image\" content=\"https:\/\/evertonfc.cz\/wp-content\/uploads\/2019\/01\/report.jpg\" \/>\n\t<meta property=\"og:image:width\" content=\"720\" \/>\n\t<meta property=\"og:image:height\" content=\"405\" \/>\n\t<meta property=\"og:image:type\" content=\"image\/jpeg\" \/>\n<meta name=\"author\" content=\"Ri\u010di\" \/>\n<meta name=\"twitter:card\" content=\"summary_large_image\" \/>\n<meta name=\"twitter:creator\" content=\"@rbrejsa\" \/>\n<meta name=\"twitter:label1\" content=\"Napsal(a)\" \/>\n\t<meta name=\"twitter:data1\" content=\"Ri\u010di\" \/>\n<script type=\"application\/ld+json\" class=\"yoast-schema-graph\">{\"@context\":\"https:\/\/schema.org\",\"@graph\":[{\"@type\":\"Article\",\"@id\":\"https:\/\/evertonfc.cz\/index.php\/2010\/08\/07\/__trashed\/#article\",\"isPartOf\":{\"@id\":\"https:\/\/evertonfc.cz\/index.php\/2010\/08\/07\/__trashed\/\"},\"author\":{\"name\":\"Ri\u010di\",\"@id\":\"https:\/\/evertonfc.cz\/#\/schema\/person\/f7a5daedb2ffee98480bc70e191aaef1\"},\"headline\":\"VfL Wolfsburg &#8211; Everton FC 2:0\",\"datePublished\":\"2010-08-07T12:24:58+00:00\",\"dateModified\":\"2019-02-10T13:27:10+00:00\",\"mainEntityOfPage\":{\"@id\":\"https:\/\/evertonfc.cz\/index.php\/2010\/08\/07\/__trashed\/\"},\"wordCount\":78,\"commentCount\":0,\"publisher\":{\"@id\":\"https:\/\/evertonfc.cz\/#organization\"},\"image\":{\"@id\":\"https:\/\/evertonfc.cz\/index.php\/2010\/08\/07\/__trashed\/#primaryimage\"},\"thumbnailUrl\":\"https:\/\/evertonfc.cz\/wp-content\/uploads\/2019\/01\/report.jpg\",\"articleSection\":[\"Z\u00e1pasy\"],\"inLanguage\":\"cs\",\"potentialAction\":[{\"@type\":\"CommentAction\",\"name\":\"Comment\",\"target\":[\"https:\/\/evertonfc.cz\/index.php\/2010\/08\/07\/__trashed\/#respond\"]}]},{\"@type\":\"WebPage\",\"@id\":\"https:\/\/evertonfc.cz\/index.php\/2010\/08\/07\/__trashed\/\",\"url\":\"https:\/\/evertonfc.cz\/index.php\/2010\/08\/07\/__trashed\/\",\"name\":\"VfL Wolfsburg - Everton FC 2:0 - Official Czech &amp; Slovak Everton Supporters&#039; Club\",\"isPartOf\":{\"@id\":\"https:\/\/evertonfc.cz\/#website\"},\"primaryImageOfPage\":{\"@id\":\"https:\/\/evertonfc.cz\/index.php\/2010\/08\/07\/__trashed\/#primaryimage\"},\"image\":{\"@id\":\"https:\/\/evertonfc.cz\/index.php\/2010\/08\/07\/__trashed\/#primaryimage\"},\"thumbnailUrl\":\"https:\/\/evertonfc.cz\/wp-content\/uploads\/2019\/01\/report.jpg\",\"datePublished\":\"2010-08-07T12:24:58+00:00\",\"dateModified\":\"2019-02-10T13:27:10+00:00\",\"breadcrumb\":{\"@id\":\"https:\/\/evertonfc.cz\/index.php\/2010\/08\/07\/__trashed\/#breadcrumb\"},\"inLanguage\":\"cs\",\"potentialAction\":[{\"@type\":\"ReadAction\",\"target\":[\"https:\/\/evertonfc.cz\/index.php\/2010\/08\/07\/__trashed\/\"]}]},{\"@type\":\"ImageObject\",\"inLanguage\":\"cs\",\"@id\":\"https:\/\/evertonfc.cz\/index.php\/2010\/08\/07\/__trashed\/#primaryimage\",\"url\":\"https:\/\/evertonfc.cz\/wp-content\/uploads\/2019\/01\/report.jpg\",\"contentUrl\":\"https:\/\/evertonfc.cz\/wp-content\/uploads\/2019\/01\/report.jpg\",\"width\":720,\"height\":405},{\"@type\":\"BreadcrumbList\",\"@id\":\"https:\/\/evertonfc.cz\/index.php\/2010\/08\/07\/__trashed\/#breadcrumb\",\"itemListElement\":[{\"@type\":\"ListItem\",\"position\":1,\"name\":\"Home\",\"item\":\"https:\/\/evertonfc.cz\/\"},{\"@type\":\"ListItem\",\"position\":2,\"name\":\"VfL Wolfsburg &#8211; Everton FC 2:0\"}]},{\"@type\":\"WebSite\",\"@id\":\"https:\/\/evertonfc.cz\/#website\",\"url\":\"https:\/\/evertonfc.cz\/\",\"name\":\"Official Czech &amp; Slovak Everton Supporters&#039; Club\",\"description\":\"\",\"publisher\":{\"@id\":\"https:\/\/evertonfc.cz\/#organization\"},\"potentialAction\":[{\"@type\":\"SearchAction\",\"target\":{\"@type\":\"EntryPoint\",\"urlTemplate\":\"https:\/\/evertonfc.cz\/?s={search_term_string}\"},\"query-input\":{\"@type\":\"PropertyValueSpecification\",\"valueRequired\":true,\"valueName\":\"search_term_string\"}}],\"inLanguage\":\"cs\"},{\"@type\":\"Organization\",\"@id\":\"https:\/\/evertonfc.cz\/#organization\",\"name\":\"Official Czech & Slovak Everton Supporters' Club\",\"url\":\"https:\/\/evertonfc.cz\/\",\"logo\":{\"@type\":\"ImageObject\",\"inLanguage\":\"cs\",\"@id\":\"https:\/\/evertonfc.cz\/#\/schema\/logo\/image\/\",\"url\":\"https:\/\/evertonfc.cz\/wp-content\/uploads\/2019\/05\/logo.png\",\"contentUrl\":\"https:\/\/evertonfc.cz\/wp-content\/uploads\/2019\/05\/logo.png\",\"width\":112,\"height\":112,\"caption\":\"Official Czech & Slovak Everton Supporters' Club\"},\"image\":{\"@id\":\"https:\/\/evertonfc.cz\/#\/schema\/logo\/image\/\"},\"sameAs\":[\"https:\/\/www.facebook.com\/everton.fans.cz.sk\"]},{\"@type\":\"Person\",\"@id\":\"https:\/\/evertonfc.cz\/#\/schema\/person\/f7a5daedb2ffee98480bc70e191aaef1\",\"name\":\"Ri\u010di\",\"sameAs\":[\"https:\/\/x.com\/rbrejsa\"],\"url\":\"https:\/\/evertonfc.cz\/index.php\/author\/rici\/\"}]}<\/script>\n<!-- \/ Yoast SEO plugin. -->","yoast_head_json":{"title":"VfL Wolfsburg - Everton FC 2:0 - Official Czech &amp; Slovak Everton Supporters&#039; Club","robots":{"index":"index","follow":"follow","max-snippet":"max-snippet:-1","max-image-preview":"max-image-preview:large","max-video-preview":"max-video-preview:-1"},"canonical":"https:\/\/evertonfc.cz\/index.php\/2010\/08\/07\/__trashed\/","og_locale":"cs_CZ","og_type":"article","og_title":"VfL Wolfsburg - Everton FC 2:0 - Official Czech &amp; Slovak Everton Supporters&#039; Club","og_description":"V posledn\u00edm p\u0159\u00e1telsk\u00e9m z\u00e1pase a t\u00fdden p\u0159ed startem Premier League Everton poprv\u00e9 v letn\u00ed p\u0159\u00edprav\u011b klop\u00fdtl, kdy\u017e prohr\u00e1l s Wolfsburgem&hellip;","og_url":"https:\/\/evertonfc.cz\/index.php\/2010\/08\/07\/__trashed\/","og_site_name":"Official Czech &amp; Slovak Everton Supporters&#039; Club","article_publisher":"https:\/\/www.facebook.com\/everton.fans.cz.sk","article_published_time":"2010-08-07T12:24:58+00:00","article_modified_time":"2019-02-10T13:27:10+00:00","og_image":[{"width":720,"height":405,"url":"https:\/\/evertonfc.cz\/wp-content\/uploads\/2019\/01\/report.jpg","type":"image\/jpeg"}],"author":"Ri\u010di","twitter_card":"summary_large_image","twitter_creator":"@rbrejsa","twitter_misc":{"Napsal(a)":"Ri\u010di"},"schema":{"@context":"https:\/\/schema.org","@graph":[{"@type":"Article","@id":"https:\/\/evertonfc.cz\/index.php\/2010\/08\/07\/__trashed\/#article","isPartOf":{"@id":"https:\/\/evertonfc.cz\/index.php\/2010\/08\/07\/__trashed\/"},"author":{"name":"Ri\u010di","@id":"https:\/\/evertonfc.cz\/#\/schema\/person\/f7a5daedb2ffee98480bc70e191aaef1"},"headline":"VfL Wolfsburg &#8211; Everton FC 2:0","datePublished":"2010-08-07T12:24:58+00:00","dateModified":"2019-02-10T13:27:10+00:00","mainEntityOfPage":{"@id":"https:\/\/evertonfc.cz\/index.php\/2010\/08\/07\/__trashed\/"},"wordCount":78,"commentCount":0,"publisher":{"@id":"https:\/\/evertonfc.cz\/#organization"},"image":{"@id":"https:\/\/evertonfc.cz\/index.php\/2010\/08\/07\/__trashed\/#primaryimage"},"thumbnailUrl":"https:\/\/evertonfc.cz\/wp-content\/uploads\/2019\/01\/report.jpg","articleSection":["Z\u00e1pasy"],"inLanguage":"cs","potentialAction":[{"@type":"CommentAction","name":"Comment","target":["https:\/\/evertonfc.cz\/index.php\/2010\/08\/07\/__trashed\/#respond"]}]},{"@type":"WebPage","@id":"https:\/\/evertonfc.cz\/index.php\/2010\/08\/07\/__trashed\/","url":"https:\/\/evertonfc.cz\/index.php\/2010\/08\/07\/__trashed\/","name":"VfL Wolfsburg - Everton FC 2:0 - Official Czech &amp; Slovak Everton Supporters&#039; Club","isPartOf":{"@id":"https:\/\/evertonfc.cz\/#website"},"primaryImageOfPage":{"@id":"https:\/\/evertonfc.cz\/index.php\/2010\/08\/07\/__trashed\/#primaryimage"},"image":{"@id":"https:\/\/evertonfc.cz\/index.php\/2010\/08\/07\/__trashed\/#primaryimage"},"thumbnailUrl":"https:\/\/evertonfc.cz\/wp-content\/uploads\/2019\/01\/report.jpg","datePublished":"2010-08-07T12:24:58+00:00","dateModified":"2019-02-10T13:27:10+00:00","breadcrumb":{"@id":"https:\/\/evertonfc.cz\/index.php\/2010\/08\/07\/__trashed\/#breadcrumb"},"inLanguage":"cs","potentialAction":[{"@type":"ReadAction","target":["https:\/\/evertonfc.cz\/index.php\/2010\/08\/07\/__trashed\/"]}]},{"@type":"ImageObject","inLanguage":"cs","@id":"https:\/\/evertonfc.cz\/index.php\/2010\/08\/07\/__trashed\/#primaryimage","url":"https:\/\/evertonfc.cz\/wp-content\/uploads\/2019\/01\/report.jpg","contentUrl":"https:\/\/evertonfc.cz\/wp-content\/uploads\/2019\/01\/report.jpg","width":720,"height":405},{"@type":"BreadcrumbList","@id":"https:\/\/evertonfc.cz\/index.php\/2010\/08\/07\/__trashed\/#breadcrumb","itemListElement":[{"@type":"ListItem","position":1,"name":"Home","item":"https:\/\/evertonfc.cz\/"},{"@type":"ListItem","position":2,"name":"VfL Wolfsburg &#8211; Everton FC 2:0"}]},{"@type":"WebSite","@id":"https:\/\/evertonfc.cz\/#website","url":"https:\/\/evertonfc.cz\/","name":"Official Czech &amp; Slovak Everton Supporters&#039; Club","description":"","publisher":{"@id":"https:\/\/evertonfc.cz\/#organization"},"potentialAction":[{"@type":"SearchAction","target":{"@type":"EntryPoint","urlTemplate":"https:\/\/evertonfc.cz\/?s={search_term_string}"},"query-input":{"@type":"PropertyValueSpecification","valueRequired":true,"valueName":"search_term_string"}}],"inLanguage":"cs"},{"@type":"Organization","@id":"https:\/\/evertonfc.cz\/#organization","name":"Official Czech & Slovak Everton Supporters' Club","url":"https:\/\/evertonfc.cz\/","logo":{"@type":"ImageObject","inLanguage":"cs","@id":"https:\/\/evertonfc.cz\/#\/schema\/logo\/image\/","url":"https:\/\/evertonfc.cz\/wp-content\/uploads\/2019\/05\/logo.png","contentUrl":"https:\/\/evertonfc.cz\/wp-content\/uploads\/2019\/05\/logo.png","width":112,"height":112,"caption":"Official Czech & Slovak Everton Supporters' Club"},"image":{"@id":"https:\/\/evertonfc.cz\/#\/schema\/logo\/image\/"},"sameAs":["https:\/\/www.facebook.com\/everton.fans.cz.sk"]},{"@type":"Person","@id":"https:\/\/evertonfc.cz\/#\/schema\/person\/f7a5daedb2ffee98480bc70e191aaef1","name":"Ri\u010di","sameAs":["https:\/\/x.com\/rbrejsa"],"url":"https:\/\/evertonfc.cz\/index.php\/author\/rici\/"}]}},"_links":{"self":[{"href":"https:\/\/evertonfc.cz\/index.php\/wp-json\/wp\/v2\/posts\/2941"}],"collection":[{"href":"https:\/\/evertonfc.cz\/index.php\/wp-json\/wp\/v2\/posts"}],"about":[{"href":"https:\/\/evertonfc.cz\/index.php\/wp-json\/wp\/v2\/types\/post"}],"author":[{"embeddable":true,"href":"https:\/\/evertonfc.cz\/index.php\/wp-json\/wp\/v2\/users\/6"}],"replies":[{"embeddable":true,"href":"https:\/\/evertonfc.cz\/index.php\/wp-json\/wp\/v2\/comments?post=2941"}],"version-history":[{"count":3,"href":"https:\/\/evertonfc.cz\/index.php\/wp-json\/wp\/v2\/posts\/2941\/revisions"}],"predecessor-version":[{"id":2945,"href":"https:\/\/evertonfc.cz\/index.php\/wp-json\/wp\/v2\/posts\/2941\/revisions\/2945"}],"wp:featuredmedia":[{"embeddable":true,"href":"https:\/\/evertonfc.cz\/index.php\/wp-json\/wp\/v2\/media\/1315"}],"wp:attachment":[{"href":"https:\/\/evertonfc.cz\/index.php\/wp-json\/wp\/v2\/media?parent=2941"}],"wp:term":[{"taxonomy":"category","embeddable":true,"href":"https:\/\/evertonfc.cz\/index.php\/wp-json\/wp\/v2\/categories?post=2941"},{"taxonomy":"post_tag","embeddable":true,"href":"https:\/\/evertonfc.cz\/index.php\/wp-json\/wp\/v2\/tags?post=2941"}],"curies":[{"name":"wp","href":"https:\/\/api.w.org\/{rel}","templated":true}]}}