{"id":29445,"date":"2026-09-01T19:16:00","date_gmt":"2026-09-01T17:16:00","guid":{"rendered":"https:\/\/evertonfc.cz\/?p=29445"},"modified":"2026-09-01T20:46:25","modified_gmt":"2026-09-01T18:46:25","slug":"beto-odchazi-do-fiorentiny","status":"publish","type":"post","link":"https:\/\/evertonfc.cz\/index.php\/2026\/09\/01\/beto-odchazi-do-fiorentiny\/","title":{"rendered":"Beto odch\u00e1z\u00ed do Fiorentiny"},"content":{"rendered":"<h4>Mezi fanou\u0161ky obl\u00edben\u00fd \u00fato\u010dn\u00edk Beto po t\u0159ech letech opou\u0161t\u00ed Everton a p\u0159estupuje do italsk\u00e9 Fiorentiny.<\/h4>\n<p>Dnes osmadvacetilet\u00fd \u00fato\u010dn\u00edk p\u0159i\u0161el je\u0161t\u011b na Goodison Park v l\u00e9t\u011b 2023 z Udinese za 21 milion\u016f liber, p\u0159i\u010dem\u017e dal\u0161\u00ed \u010dty\u0159i miliony byly ukotveny ve v\u00fdkonnostn\u00edch bonusech.<\/p>\n<p>Hned po p\u0159\u00edchodu se uvedl g\u00f3lem v z\u00e1pase Ligov\u00e9ho poh\u00e1ru proti Doncasteru Rovers a sv\u00fdm energick\u00fdm v\u00fdkonem velmi navnadil. Jeho nasazen\u00ed a pokora mu z\u016fstaly v pr\u016fb\u011bhu cel\u00e9ho anga\u017em\u00e1, brzy ale bylo z\u0159ejm\u00e9, \u017ee sv\u00fdmi kvalitami se jedn\u00e1 nanejv\u00fd\u0161e o pr\u016fm\u011brn\u00e9ho \u00fato\u010dn\u00edka Premier League.<\/p>\n<p>\u00davodn\u00ed ro\u010dn\u00edk 2023\/24 zakon\u010dil jen t\u0159emi vst\u0159elen\u00fdmi ligov\u00fdmi g\u00f3ly ve 30 z\u00e1pasech. N\u00e1sleduj\u00edc\u00ed sez\u00f3nu po\u010det branek v Premier League nav\u00fd\u0161il na osm a v lo\u0148sk\u00e9 jich vst\u0159elil dev\u011bt. Nikdy si v\u0161ak natrvalo neuzmul pozici \u00fato\u010dn\u00edka \u010d\u00edslo 1, o kterou nejd\u0159\u00edve bojoval s Calvertem-Lewinem a posl\u00e9ze s Barrym.<\/p>\n<p>Reprezentant Guineje-Bissau m\u011bl ve sv\u00e9 form\u011b velk\u00e9 v\u00fdkyvy a z nezn\u00e1m\u00e9ho d\u016fvodu dok\u00e1zal pravideln\u011b st\u0159\u00edlet branky pouze v jarn\u00ed \u010d\u00e1sti sez\u00f3ny, naopak na podzim se velmi tr\u00e1pil. Celkov\u011b nastoupil za Toffees do 113 z\u00e1pas\u016f, v 66 z nich ale pouze jako st\u0159\u00eddaj\u00edc\u00ed hr\u00e1\u010d, a vst\u0159elil 25 g\u00f3l\u016f.<\/p>\n<p>N\u011bkter\u00e9 jeho branky v\u0161ak, jako nap\u0159\u00edklad <a href=\"https:\/\/youtu.be\/2qjaZgDIh78?si=wmQw6BomOd0y8FIe&amp;t=16\" target=\"_blank\" rel=\"noopener\">lob \u0161ajtl\u00ed p\u0159i leto\u0161n\u00ed dom\u00e1c\u00ed v\u00fdh\u0159e 3:0 nad Chelsea<\/a>, z\u016fstanou dlouho v pam\u011bti fanou\u0161k\u016f Evertonu.<\/p>\n<p>Neofici\u00e1ln\u00ed zdroje uv\u00e1d\u011bj\u00ed, \u017ee Fiorentina, kter\u00e1 se na za\u010d\u00e1tku nov\u00e9 sez\u00f3ny velmi tr\u00e1p\u00ed a prodala \u00fato\u010dn\u00edka Keana do Coma, zaplat\u00ed za Bet\u016fv p\u0159estup 17 milion\u016f liber. V Evertonu m\u011bl smlouvu u\u017e jen na rok do l\u00e9ta 2027.<\/p>\n<p>Ol\u00e9, Ol\u00e9, Ol\u00e9, Ol\u00e9, Beto, Beto!<\/p>\n","protected":false},"excerpt":{"rendered":"<p>Mezi fanou\u0161ky obl\u00edben\u00fd \u00fato\u010dn\u00edk Beto po t\u0159ech letech opou\u0161t\u00ed Everton a p\u0159estupuje do italsk\u00e9 Fiorentiny.<\/p>\n","protected":false},"author":6,"featured_media":29444,"comment_status":"open","ping_status":"closed","sticky":false,"template":"","format":"standard","meta":{"_eb_attr":"","_monsterinsights_skip_tracking":false,"footnotes":""},"categories":[41],"tags":[],"ppma_author":[214],"class_list":["post-29445","post","type-post","status-publish","format-standard","has-post-thumbnail","hentry","category-prestupy"],"yoast_head":"<!-- This site is optimized with the Yoast SEO plugin v28.2 - https:\/\/yoast.com\/product\/yoast-seo-wordpress\/ -->\n<title>Beto odch\u00e1z\u00ed do Fiorentiny - Official Czech &amp; Slovak Everton Supporters&#039; Club<\/title>\n<meta name=\"robots\" content=\"index, follow, max-snippet:-1, max-image-preview:large, max-video-preview:-1\" \/>\n<link rel=\"canonical\" href=\"https:\/\/evertonfc.cz\/index.php\/2026\/09\/01\/beto-odchazi-do-fiorentiny\/\" \/>\n<meta property=\"og:locale\" content=\"cs_CZ\" \/>\n<meta property=\"og:type\" content=\"article\" \/>\n<meta property=\"og:title\" content=\"Beto odch\u00e1z\u00ed do Fiorentiny - Official Czech &amp; Slovak Everton Supporters&#039; Club\" \/>\n<meta property=\"og:description\" content=\"Mezi fanou\u0161ky obl\u00edben\u00fd \u00fato\u010dn\u00edk Beto po t\u0159ech letech opou\u0161t\u00ed Everton a p\u0159estupuje do italsk\u00e9 Fiorentiny.\" \/>\n<meta property=\"og:url\" content=\"https:\/\/evertonfc.cz\/index.php\/2026\/09\/01\/beto-odchazi-do-fiorentiny\/\" \/>\n<meta property=\"og:site_name\" content=\"Official Czech &amp; Slovak Everton Supporters&#039; Club\" \/>\n<meta property=\"article:publisher\" content=\"https:\/\/www.facebook.com\/everton.fans.cz.sk\" \/>\n<meta property=\"article:published_time\" content=\"2026-09-01T17:16:00+00:00\" \/>\n<meta property=\"article:modified_time\" content=\"2026-09-01T18:46:25+00:00\" \/>\n<meta property=\"og:image\" content=\"https:\/\/evertonfc.cz\/wp-content\/uploads\/2026\/08\/beto_31_8_2026.jpg\" \/>\n\t<meta property=\"og:image:width\" content=\"720\" \/>\n\t<meta property=\"og:image:height\" content=\"405\" \/>\n\t<meta property=\"og:image:type\" content=\"image\/jpeg\" \/>\n<meta name=\"author\" content=\"Ri\u010di\" \/>\n<meta name=\"twitter:card\" content=\"summary_large_image\" \/>\n<meta name=\"twitter:creator\" content=\"@rbrejsa\" \/>\n<meta name=\"twitter:label1\" content=\"Napsal(a)\" \/>\n\t<meta name=\"twitter:data1\" content=\"Ri\u010di\" \/>\n\t<meta name=\"twitter:label2\" content=\"Odhadovan\u00e1 doba \u010dten\u00ed\" \/>\n\t<meta name=\"twitter:data2\" content=\"2 minuty\" \/>\n<script type=\"application\/ld+json\" class=\"yoast-schema-graph\">{\"@context\":\"https:\\\/\\\/schema.org\",\"@graph\":[{\"@type\":\"Article\",\"@id\":\"https:\\\/\\\/evertonfc.cz\\\/index.php\\\/2026\\\/09\\\/01\\\/beto-odchazi-do-fiorentiny\\\/#article\",\"isPartOf\":{\"@id\":\"https:\\\/\\\/evertonfc.cz\\\/index.php\\\/2026\\\/09\\\/01\\\/beto-odchazi-do-fiorentiny\\\/\"},\"author\":{\"name\":\"Ri\u010di\",\"@id\":\"https:\\\/\\\/evertonfc.cz\\\/#\\\/schema\\\/person\\\/f7a5daedb2ffee98480bc70e191aaef1\"},\"headline\":\"Beto odch\u00e1z\u00ed do Fiorentiny\",\"datePublished\":\"2026-09-01T17:16:00+00:00\",\"dateModified\":\"2026-09-01T18:46:25+00:00\",\"mainEntityOfPage\":{\"@id\":\"https:\\\/\\\/evertonfc.cz\\\/index.php\\\/2026\\\/09\\\/01\\\/beto-odchazi-do-fiorentiny\\\/\"},\"wordCount\":335,\"commentCount\":5,\"publisher\":{\"@id\":\"https:\\\/\\\/evertonfc.cz\\\/#organization\"},\"image\":{\"@id\":\"https:\\\/\\\/evertonfc.cz\\\/index.php\\\/2026\\\/09\\\/01\\\/beto-odchazi-do-fiorentiny\\\/#primaryimage\"},\"thumbnailUrl\":\"https:\\\/\\\/evertonfc.cz\\\/wp-content\\\/uploads\\\/2026\\\/08\\\/beto_31_8_2026.jpg\",\"articleSection\":[\"P\u0159estupy\"],\"inLanguage\":\"cs\",\"potentialAction\":[{\"@type\":\"CommentAction\",\"name\":\"Comment\",\"target\":[\"https:\\\/\\\/evertonfc.cz\\\/index.php\\\/2026\\\/09\\\/01\\\/beto-odchazi-do-fiorentiny\\\/#respond\"]}]},{\"@type\":\"WebPage\",\"@id\":\"https:\\\/\\\/evertonfc.cz\\\/index.php\\\/2026\\\/09\\\/01\\\/beto-odchazi-do-fiorentiny\\\/\",\"url\":\"https:\\\/\\\/evertonfc.cz\\\/index.php\\\/2026\\\/09\\\/01\\\/beto-odchazi-do-fiorentiny\\\/\",\"name\":\"Beto odch\u00e1z\u00ed do Fiorentiny - Official Czech &amp; Slovak Everton Supporters&#039; Club\",\"isPartOf\":{\"@id\":\"https:\\\/\\\/evertonfc.cz\\\/#website\"},\"primaryImageOfPage\":{\"@id\":\"https:\\\/\\\/evertonfc.cz\\\/index.php\\\/2026\\\/09\\\/01\\\/beto-odchazi-do-fiorentiny\\\/#primaryimage\"},\"image\":{\"@id\":\"https:\\\/\\\/evertonfc.cz\\\/index.php\\\/2026\\\/09\\\/01\\\/beto-odchazi-do-fiorentiny\\\/#primaryimage\"},\"thumbnailUrl\":\"https:\\\/\\\/evertonfc.cz\\\/wp-content\\\/uploads\\\/2026\\\/08\\\/beto_31_8_2026.jpg\",\"datePublished\":\"2026-09-01T17:16:00+00:00\",\"dateModified\":\"2026-09-01T18:46:25+00:00\",\"breadcrumb\":{\"@id\":\"https:\\\/\\\/evertonfc.cz\\\/index.php\\\/2026\\\/09\\\/01\\\/beto-odchazi-do-fiorentiny\\\/#breadcrumb\"},\"inLanguage\":\"cs\",\"potentialAction\":[{\"@type\":\"ReadAction\",\"target\":[\"https:\\\/\\\/evertonfc.cz\\\/index.php\\\/2026\\\/09\\\/01\\\/beto-odchazi-do-fiorentiny\\\/\"]}]},{\"@type\":\"ImageObject\",\"inLanguage\":\"cs\",\"@id\":\"https:\\\/\\\/evertonfc.cz\\\/index.php\\\/2026\\\/09\\\/01\\\/beto-odchazi-do-fiorentiny\\\/#primaryimage\",\"url\":\"https:\\\/\\\/evertonfc.cz\\\/wp-content\\\/uploads\\\/2026\\\/08\\\/beto_31_8_2026.jpg\",\"contentUrl\":\"https:\\\/\\\/evertonfc.cz\\\/wp-content\\\/uploads\\\/2026\\\/08\\\/beto_31_8_2026.jpg\",\"width\":720,\"height\":405,\"caption\":\"2199167238\"},{\"@type\":\"BreadcrumbList\",\"@id\":\"https:\\\/\\\/evertonfc.cz\\\/index.php\\\/2026\\\/09\\\/01\\\/beto-odchazi-do-fiorentiny\\\/#breadcrumb\",\"itemListElement\":[{\"@type\":\"ListItem\",\"position\":1,\"name\":\"Home\",\"item\":\"https:\\\/\\\/evertonfc.cz\\\/\"},{\"@type\":\"ListItem\",\"position\":2,\"name\":\"Beto odch\u00e1z\u00ed do Fiorentiny\"}]},{\"@type\":\"WebSite\",\"@id\":\"https:\\\/\\\/evertonfc.cz\\\/#website\",\"url\":\"https:\\\/\\\/evertonfc.cz\\\/\",\"name\":\"Official Czech &amp; Slovak Everton Supporters&#039; Club\",\"description\":\"\",\"publisher\":{\"@id\":\"https:\\\/\\\/evertonfc.cz\\\/#organization\"},\"potentialAction\":[{\"@type\":\"SearchAction\",\"target\":{\"@type\":\"EntryPoint\",\"urlTemplate\":\"https:\\\/\\\/evertonfc.cz\\\/?s={search_term_string}\"},\"query-input\":{\"@type\":\"PropertyValueSpecification\",\"valueRequired\":true,\"valueName\":\"search_term_string\"}}],\"inLanguage\":\"cs\"},{\"@type\":\"Organization\",\"@id\":\"https:\\\/\\\/evertonfc.cz\\\/#organization\",\"name\":\"Official Czech & Slovak Everton Supporters' Club\",\"url\":\"https:\\\/\\\/evertonfc.cz\\\/\",\"logo\":{\"@type\":\"ImageObject\",\"inLanguage\":\"cs\",\"@id\":\"https:\\\/\\\/evertonfc.cz\\\/#\\\/schema\\\/logo\\\/image\\\/\",\"url\":\"https:\\\/\\\/evertonfc.cz\\\/wp-content\\\/uploads\\\/2019\\\/05\\\/logo.png\",\"contentUrl\":\"https:\\\/\\\/evertonfc.cz\\\/wp-content\\\/uploads\\\/2019\\\/05\\\/logo.png\",\"width\":112,\"height\":112,\"caption\":\"Official Czech & Slovak Everton Supporters' Club\"},\"image\":{\"@id\":\"https:\\\/\\\/evertonfc.cz\\\/#\\\/schema\\\/logo\\\/image\\\/\"},\"sameAs\":[\"https:\\\/\\\/www.facebook.com\\\/everton.fans.cz.sk\"]},{\"@type\":\"Person\",\"@id\":\"https:\\\/\\\/evertonfc.cz\\\/#\\\/schema\\\/person\\\/f7a5daedb2ffee98480bc70e191aaef1\",\"name\":\"Ri\u010di\",\"sameAs\":[\"https:\\\/\\\/x.com\\\/rbrejsa\"],\"url\":\"https:\\\/\\\/evertonfc.cz\\\/index.php\\\/author\\\/rici\\\/\"}]}<\/script>\n<!-- \/ Yoast SEO plugin. -->","yoast_head_json":{"title":"Beto odch\u00e1z\u00ed do Fiorentiny - Official Czech &amp; Slovak Everton Supporters&#039; Club","robots":{"index":"index","follow":"follow","max-snippet":"max-snippet:-1","max-image-preview":"max-image-preview:large","max-video-preview":"max-video-preview:-1"},"canonical":"https:\/\/evertonfc.cz\/index.php\/2026\/09\/01\/beto-odchazi-do-fiorentiny\/","og_locale":"cs_CZ","og_type":"article","og_title":"Beto odch\u00e1z\u00ed do Fiorentiny - Official Czech &amp; Slovak Everton Supporters&#039; Club","og_description":"Mezi fanou\u0161ky obl\u00edben\u00fd \u00fato\u010dn\u00edk Beto po t\u0159ech letech opou\u0161t\u00ed Everton a p\u0159estupuje do italsk\u00e9 Fiorentiny.","og_url":"https:\/\/evertonfc.cz\/index.php\/2026\/09\/01\/beto-odchazi-do-fiorentiny\/","og_site_name":"Official Czech &amp; Slovak Everton Supporters&#039; Club","article_publisher":"https:\/\/www.facebook.com\/everton.fans.cz.sk","article_published_time":"2026-09-01T17:16:00+00:00","article_modified_time":"2026-09-01T18:46:25+00:00","og_image":[{"width":720,"height":405,"url":"https:\/\/evertonfc.cz\/wp-content\/uploads\/2026\/08\/beto_31_8_2026.jpg","type":"image\/jpeg"}],"author":"Ri\u010di","twitter_card":"summary_large_image","twitter_creator":"@rbrejsa","twitter_misc":{"Napsal(a)":"Ri\u010di","Odhadovan\u00e1 doba \u010dten\u00ed":"2 minuty"},"schema":{"@context":"https:\/\/schema.org","@graph":[{"@type":"Article","@id":"https:\/\/evertonfc.cz\/index.php\/2026\/09\/01\/beto-odchazi-do-fiorentiny\/#article","isPartOf":{"@id":"https:\/\/evertonfc.cz\/index.php\/2026\/09\/01\/beto-odchazi-do-fiorentiny\/"},"author":{"name":"Ri\u010di","@id":"https:\/\/evertonfc.cz\/#\/schema\/person\/f7a5daedb2ffee98480bc70e191aaef1"},"headline":"Beto odch\u00e1z\u00ed do Fiorentiny","datePublished":"2026-09-01T17:16:00+00:00","dateModified":"2026-09-01T18:46:25+00:00","mainEntityOfPage":{"@id":"https:\/\/evertonfc.cz\/index.php\/2026\/09\/01\/beto-odchazi-do-fiorentiny\/"},"wordCount":335,"commentCount":5,"publisher":{"@id":"https:\/\/evertonfc.cz\/#organization"},"image":{"@id":"https:\/\/evertonfc.cz\/index.php\/2026\/09\/01\/beto-odchazi-do-fiorentiny\/#primaryimage"},"thumbnailUrl":"https:\/\/evertonfc.cz\/wp-content\/uploads\/2026\/08\/beto_31_8_2026.jpg","articleSection":["P\u0159estupy"],"inLanguage":"cs","potentialAction":[{"@type":"CommentAction","name":"Comment","target":["https:\/\/evertonfc.cz\/index.php\/2026\/09\/01\/beto-odchazi-do-fiorentiny\/#respond"]}]},{"@type":"WebPage","@id":"https:\/\/evertonfc.cz\/index.php\/2026\/09\/01\/beto-odchazi-do-fiorentiny\/","url":"https:\/\/evertonfc.cz\/index.php\/2026\/09\/01\/beto-odchazi-do-fiorentiny\/","name":"Beto odch\u00e1z\u00ed do Fiorentiny - Official Czech &amp; Slovak Everton Supporters&#039; Club","isPartOf":{"@id":"https:\/\/evertonfc.cz\/#website"},"primaryImageOfPage":{"@id":"https:\/\/evertonfc.cz\/index.php\/2026\/09\/01\/beto-odchazi-do-fiorentiny\/#primaryimage"},"image":{"@id":"https:\/\/evertonfc.cz\/index.php\/2026\/09\/01\/beto-odchazi-do-fiorentiny\/#primaryimage"},"thumbnailUrl":"https:\/\/evertonfc.cz\/wp-content\/uploads\/2026\/08\/beto_31_8_2026.jpg","datePublished":"2026-09-01T17:16:00+00:00","dateModified":"2026-09-01T18:46:25+00:00","breadcrumb":{"@id":"https:\/\/evertonfc.cz\/index.php\/2026\/09\/01\/beto-odchazi-do-fiorentiny\/#breadcrumb"},"inLanguage":"cs","potentialAction":[{"@type":"ReadAction","target":["https:\/\/evertonfc.cz\/index.php\/2026\/09\/01\/beto-odchazi-do-fiorentiny\/"]}]},{"@type":"ImageObject","inLanguage":"cs","@id":"https:\/\/evertonfc.cz\/index.php\/2026\/09\/01\/beto-odchazi-do-fiorentiny\/#primaryimage","url":"https:\/\/evertonfc.cz\/wp-content\/uploads\/2026\/08\/beto_31_8_2026.jpg","contentUrl":"https:\/\/evertonfc.cz\/wp-content\/uploads\/2026\/08\/beto_31_8_2026.jpg","width":720,"height":405,"caption":"2199167238"},{"@type":"BreadcrumbList","@id":"https:\/\/evertonfc.cz\/index.php\/2026\/09\/01\/beto-odchazi-do-fiorentiny\/#breadcrumb","itemListElement":[{"@type":"ListItem","position":1,"name":"Home","item":"https:\/\/evertonfc.cz\/"},{"@type":"ListItem","position":2,"name":"Beto odch\u00e1z\u00ed do Fiorentiny"}]},{"@type":"WebSite","@id":"https:\/\/evertonfc.cz\/#website","url":"https:\/\/evertonfc.cz\/","name":"Official Czech &amp; Slovak Everton Supporters&#039; Club","description":"","publisher":{"@id":"https:\/\/evertonfc.cz\/#organization"},"potentialAction":[{"@type":"SearchAction","target":{"@type":"EntryPoint","urlTemplate":"https:\/\/evertonfc.cz\/?s={search_term_string}"},"query-input":{"@type":"PropertyValueSpecification","valueRequired":true,"valueName":"search_term_string"}}],"inLanguage":"cs"},{"@type":"Organization","@id":"https:\/\/evertonfc.cz\/#organization","name":"Official Czech & Slovak Everton Supporters' Club","url":"https:\/\/evertonfc.cz\/","logo":{"@type":"ImageObject","inLanguage":"cs","@id":"https:\/\/evertonfc.cz\/#\/schema\/logo\/image\/","url":"https:\/\/evertonfc.cz\/wp-content\/uploads\/2019\/05\/logo.png","contentUrl":"https:\/\/evertonfc.cz\/wp-content\/uploads\/2019\/05\/logo.png","width":112,"height":112,"caption":"Official Czech & Slovak Everton Supporters' Club"},"image":{"@id":"https:\/\/evertonfc.cz\/#\/schema\/logo\/image\/"},"sameAs":["https:\/\/www.facebook.com\/everton.fans.cz.sk"]},{"@type":"Person","@id":"https:\/\/evertonfc.cz\/#\/schema\/person\/f7a5daedb2ffee98480bc70e191aaef1","name":"Ri\u010di","sameAs":["https:\/\/x.com\/rbrejsa"],"url":"https:\/\/evertonfc.cz\/index.php\/author\/rici\/"}]}},"authors":[{"term_id":214,"user_id":6,"is_guest":0,"slug":"rici","display_name":"Ri\u010di","avatar_url":"https:\/\/secure.gravatar.com\/avatar\/b57e3556345cfcc42ad37460e809adcd2c8b187c8a83a17fd4bb8a2697502162?s=96&d=mm&r=g","author_category":"","first_name":"","last_name":"","user_url":"","job_title":"","description":""}],"_links":{"self":[{"href":"https:\/\/evertonfc.cz\/index.php\/wp-json\/wp\/v2\/posts\/29445","targetHints":{"allow":["GET"]}}],"collection":[{"href":"https:\/\/evertonfc.cz\/index.php\/wp-json\/wp\/v2\/posts"}],"about":[{"href":"https:\/\/evertonfc.cz\/index.php\/wp-json\/wp\/v2\/types\/post"}],"author":[{"embeddable":true,"href":"https:\/\/evertonfc.cz\/index.php\/wp-json\/wp\/v2\/users\/6"}],"replies":[{"embeddable":true,"href":"https:\/\/evertonfc.cz\/index.php\/wp-json\/wp\/v2\/comments?post=29445"}],"version-history":[{"count":4,"href":"https:\/\/evertonfc.cz\/index.php\/wp-json\/wp\/v2\/posts\/29445\/revisions"}],"predecessor-version":[{"id":29496,"href":"https:\/\/evertonfc.cz\/index.php\/wp-json\/wp\/v2\/posts\/29445\/revisions\/29496"}],"wp:featuredmedia":[{"embeddable":true,"href":"https:\/\/evertonfc.cz\/index.php\/wp-json\/wp\/v2\/media\/29444"}],"wp:attachment":[{"href":"https:\/\/evertonfc.cz\/index.php\/wp-json\/wp\/v2\/media?parent=29445"}],"wp:term":[{"taxonomy":"category","embeddable":true,"href":"https:\/\/evertonfc.cz\/index.php\/wp-json\/wp\/v2\/categories?post=29445"},{"taxonomy":"post_tag","embeddable":true,"href":"https:\/\/evertonfc.cz\/index.php\/wp-json\/wp\/v2\/tags?post=29445"},{"taxonomy":"author","embeddable":true,"href":"https:\/\/evertonfc.cz\/index.php\/wp-json\/wp\/v2\/ppma_author?post=29445"}],"curies":[{"name":"wp","href":"https:\/\/api.w.org\/{rel}","templated":true}]}}