{"id":29468,"date":"2026-09-01T23:01:14","date_gmt":"2026-09-01T21:01:14","guid":{"rendered":"https:\/\/evertonfc.cz\/?p=29468"},"modified":"2026-09-01T23:02:06","modified_gmt":"2026-09-01T21:02:06","slug":"iroegbunam-prestupuje-do-hullu","status":"publish","type":"post","link":"https:\/\/evertonfc.cz\/index.php\/2026\/09\/01\/iroegbunam-prestupuje-do-hullu\/","title":{"rendered":"Iroegbunam p\u0159estupuje do Hullu"},"content":{"rendered":"<h4 class=\"PDq2pG_selectionAnchorContainer\" data-start=\"36\" data-end=\"203\">Tim Iroegbunam po dvou letech uzav\u00edr\u00e1 sv\u00e9 p\u016fsoben\u00ed v Evertonu, kdy\u017e si jeho slu\u017eby rok p\u0159ed koncem smlouvy zajistil ligov\u00fd nov\u00e1\u010dek Hull City.<\/h4>\n<p data-start=\"205\" data-end=\"406\">\u010c\u00e1stka p\u0159estupu se skl\u00e1d\u00e1 ze z\u00e1kladn\u00ed sumy 15 milion\u016f liber, kterou mohou nav\u00fd\u0161it bonusy v hodnot\u011b dal\u0161\u00edch sedm milion\u016f liber, pravd\u011bpodobn\u011b v\u00e1zan\u00e9 zejm\u00e9na na udr\u017een\u00ed Tigers v Premier League.<\/p>\n<p data-start=\"408\" data-end=\"802\">T\u0159iadvacetilet\u00fd defenzivn\u00ed z\u00e1lo\u017en\u00edk p\u0159estoupil do Evertonu v l\u00e9t\u011b 2023 z Aston Villy za dev\u011bt milion\u016f liber. Opa\u010dn\u00fdm sm\u011brem tenkr\u00e1t m\u00ed\u0159il odchovanec Lewis Dobbin, oba transfery m\u011bly tak\u00e9 pomoct klub\u016fm zlep\u0161it jejich postaven\u00ed v\u016f\u010di finan\u010dn\u00edm pravidl\u016fm. Mimochodem Dobbin u\u017e tak\u00e9 nen\u00ed hr\u00e1\u010dem Villans, po hostov\u00e1n\u00edch ve West Bromu, Norwichi a Prestonu ode\u0161el letos v l\u00e9t\u011b natrvalo za dev\u011bt milion\u016f liber do Southamptonu.<\/p>\n<p data-start=\"804\" data-end=\"1105\">Iroegbunam odehr\u00e1l za Everton b\u011bhem dvou let 53 sout\u011b\u017en\u00edch z\u00e1pas\u016f, pouze jeden\u00e1ctkr\u00e1t ale z\u016fstal na h\u0159i\u0161ti cel\u00fdch 90 minut. \u010casto st\u0159\u00eddal brilantn\u00ed momenty, a to zejm\u00e9na p\u0159i obrann\u00fdch z\u00e1kroc\u00edch, s t\u011bmi m\u00e9n\u011b poveden\u00fdmi. Jeho slabinou byly p\u0159ihr\u00e1vky a zpracov\u00e1n\u00ed m\u00ed\u010de, p\u0159i nich\u017e a\u017e nepochopiteln\u011b opakoval \u0161kol\u00e1ck\u00e9 ztr\u00e1ty.<\/p>\n<p data-start=\"1107\" data-end=\"1338\" data-is-last-node=\"\" data-is-only-node=\"\">Na druhou stranu se st\u00e1le jedn\u00e1 o mlad\u00e9ho hr\u00e1\u010de, kter\u00fd, pokud dostane pravideln\u00fd prostor na h\u0159i\u0161ti, m\u016f\u017ee rozvinout sv\u016fj zaj\u00edmav\u00fd potenci\u00e1l. V Evertonu se s n\u00edm p\u0159estalo po\u010d\u00edtat po letn\u00edch p\u0159\u00edchodech z\u00e1lo\u017en\u00edk\u016f Norgaarda a Hackneyho.<\/p>\n","protected":false},"excerpt":{"rendered":"<p>Tim Iroegbunam po dvou letech uzav\u00edr\u00e1 sv\u00e9 p\u016fsoben\u00ed v Evertonu, kdy\u017e si jeho slu\u017eby rok p\u0159ed koncem smlouvy zajistil ligov\u00fd nov\u00e1\u010dek Hull City.<\/p>\n","protected":false},"author":6,"featured_media":29469,"comment_status":"open","ping_status":"closed","sticky":false,"template":"","format":"standard","meta":{"_eb_attr":"","_monsterinsights_skip_tracking":false,"footnotes":""},"categories":[41],"tags":[],"ppma_author":[214],"class_list":["post-29468","post","type-post","status-publish","format-standard","has-post-thumbnail","hentry","category-prestupy"],"yoast_head":"<!-- This site is optimized with the Yoast SEO plugin v28.2 - https:\/\/yoast.com\/product\/yoast-seo-wordpress\/ -->\n<title>Iroegbunam p\u0159estupuje do Hullu - Official Czech &amp; Slovak Everton Supporters&#039; Club<\/title>\n<meta name=\"robots\" content=\"index, follow, max-snippet:-1, max-image-preview:large, max-video-preview:-1\" \/>\n<link rel=\"canonical\" href=\"https:\/\/evertonfc.cz\/index.php\/2026\/09\/01\/iroegbunam-prestupuje-do-hullu\/\" \/>\n<meta property=\"og:locale\" content=\"cs_CZ\" \/>\n<meta property=\"og:type\" content=\"article\" \/>\n<meta property=\"og:title\" content=\"Iroegbunam p\u0159estupuje do Hullu - Official Czech &amp; Slovak Everton Supporters&#039; Club\" \/>\n<meta property=\"og:description\" content=\"Tim Iroegbunam po dvou letech uzav\u00edr\u00e1 sv\u00e9 p\u016fsoben\u00ed v Evertonu, kdy\u017e si jeho slu\u017eby rok p\u0159ed koncem smlouvy zajistil ligov\u00fd nov\u00e1\u010dek Hull City.\" \/>\n<meta property=\"og:url\" content=\"https:\/\/evertonfc.cz\/index.php\/2026\/09\/01\/iroegbunam-prestupuje-do-hullu\/\" \/>\n<meta property=\"og:site_name\" content=\"Official Czech &amp; Slovak Everton Supporters&#039; Club\" \/>\n<meta property=\"article:publisher\" content=\"https:\/\/www.facebook.com\/everton.fans.cz.sk\" \/>\n<meta property=\"article:published_time\" content=\"2026-09-01T21:01:14+00:00\" \/>\n<meta property=\"article:modified_time\" content=\"2026-09-01T21:02:06+00:00\" \/>\n<meta property=\"og:image\" content=\"https:\/\/evertonfc.cz\/wp-content\/uploads\/2026\/08\/iro_31_8_2026.jpg\" \/>\n\t<meta property=\"og:image:width\" content=\"720\" \/>\n\t<meta property=\"og:image:height\" content=\"405\" \/>\n\t<meta property=\"og:image:type\" content=\"image\/jpeg\" \/>\n<meta name=\"author\" content=\"Ri\u010di\" \/>\n<meta name=\"twitter:card\" content=\"summary_large_image\" \/>\n<meta name=\"twitter:creator\" content=\"@rbrejsa\" \/>\n<meta name=\"twitter:label1\" content=\"Napsal(a)\" \/>\n\t<meta name=\"twitter:data1\" content=\"Ri\u010di\" \/>\n\t<meta name=\"twitter:label2\" content=\"Odhadovan\u00e1 doba \u010dten\u00ed\" \/>\n\t<meta name=\"twitter:data2\" content=\"2 minuty\" \/>\n<script type=\"application\/ld+json\" class=\"yoast-schema-graph\">{\"@context\":\"https:\\\/\\\/schema.org\",\"@graph\":[{\"@type\":\"Article\",\"@id\":\"https:\\\/\\\/evertonfc.cz\\\/index.php\\\/2026\\\/09\\\/01\\\/iroegbunam-prestupuje-do-hullu\\\/#article\",\"isPartOf\":{\"@id\":\"https:\\\/\\\/evertonfc.cz\\\/index.php\\\/2026\\\/09\\\/01\\\/iroegbunam-prestupuje-do-hullu\\\/\"},\"author\":{\"name\":\"Ri\u010di\",\"@id\":\"https:\\\/\\\/evertonfc.cz\\\/#\\\/schema\\\/person\\\/f7a5daedb2ffee98480bc70e191aaef1\"},\"headline\":\"Iroegbunam p\u0159estupuje do Hullu\",\"datePublished\":\"2026-09-01T21:01:14+00:00\",\"dateModified\":\"2026-09-01T21:02:06+00:00\",\"mainEntityOfPage\":{\"@id\":\"https:\\\/\\\/evertonfc.cz\\\/index.php\\\/2026\\\/09\\\/01\\\/iroegbunam-prestupuje-do-hullu\\\/\"},\"wordCount\":279,\"commentCount\":2,\"publisher\":{\"@id\":\"https:\\\/\\\/evertonfc.cz\\\/#organization\"},\"image\":{\"@id\":\"https:\\\/\\\/evertonfc.cz\\\/index.php\\\/2026\\\/09\\\/01\\\/iroegbunam-prestupuje-do-hullu\\\/#primaryimage\"},\"thumbnailUrl\":\"https:\\\/\\\/evertonfc.cz\\\/wp-content\\\/uploads\\\/2026\\\/08\\\/iro_31_8_2026.jpg\",\"articleSection\":[\"P\u0159estupy\"],\"inLanguage\":\"cs\",\"potentialAction\":[{\"@type\":\"CommentAction\",\"name\":\"Comment\",\"target\":[\"https:\\\/\\\/evertonfc.cz\\\/index.php\\\/2026\\\/09\\\/01\\\/iroegbunam-prestupuje-do-hullu\\\/#respond\"]}]},{\"@type\":\"WebPage\",\"@id\":\"https:\\\/\\\/evertonfc.cz\\\/index.php\\\/2026\\\/09\\\/01\\\/iroegbunam-prestupuje-do-hullu\\\/\",\"url\":\"https:\\\/\\\/evertonfc.cz\\\/index.php\\\/2026\\\/09\\\/01\\\/iroegbunam-prestupuje-do-hullu\\\/\",\"name\":\"Iroegbunam p\u0159estupuje do Hullu - Official Czech &amp; Slovak Everton Supporters&#039; Club\",\"isPartOf\":{\"@id\":\"https:\\\/\\\/evertonfc.cz\\\/#website\"},\"primaryImageOfPage\":{\"@id\":\"https:\\\/\\\/evertonfc.cz\\\/index.php\\\/2026\\\/09\\\/01\\\/iroegbunam-prestupuje-do-hullu\\\/#primaryimage\"},\"image\":{\"@id\":\"https:\\\/\\\/evertonfc.cz\\\/index.php\\\/2026\\\/09\\\/01\\\/iroegbunam-prestupuje-do-hullu\\\/#primaryimage\"},\"thumbnailUrl\":\"https:\\\/\\\/evertonfc.cz\\\/wp-content\\\/uploads\\\/2026\\\/08\\\/iro_31_8_2026.jpg\",\"datePublished\":\"2026-09-01T21:01:14+00:00\",\"dateModified\":\"2026-09-01T21:02:06+00:00\",\"breadcrumb\":{\"@id\":\"https:\\\/\\\/evertonfc.cz\\\/index.php\\\/2026\\\/09\\\/01\\\/iroegbunam-prestupuje-do-hullu\\\/#breadcrumb\"},\"inLanguage\":\"cs\",\"potentialAction\":[{\"@type\":\"ReadAction\",\"target\":[\"https:\\\/\\\/evertonfc.cz\\\/index.php\\\/2026\\\/09\\\/01\\\/iroegbunam-prestupuje-do-hullu\\\/\"]}]},{\"@type\":\"ImageObject\",\"inLanguage\":\"cs\",\"@id\":\"https:\\\/\\\/evertonfc.cz\\\/index.php\\\/2026\\\/09\\\/01\\\/iroegbunam-prestupuje-do-hullu\\\/#primaryimage\",\"url\":\"https:\\\/\\\/evertonfc.cz\\\/wp-content\\\/uploads\\\/2026\\\/08\\\/iro_31_8_2026.jpg\",\"contentUrl\":\"https:\\\/\\\/evertonfc.cz\\\/wp-content\\\/uploads\\\/2026\\\/08\\\/iro_31_8_2026.jpg\",\"width\":720,\"height\":405},{\"@type\":\"BreadcrumbList\",\"@id\":\"https:\\\/\\\/evertonfc.cz\\\/index.php\\\/2026\\\/09\\\/01\\\/iroegbunam-prestupuje-do-hullu\\\/#breadcrumb\",\"itemListElement\":[{\"@type\":\"ListItem\",\"position\":1,\"name\":\"Home\",\"item\":\"https:\\\/\\\/evertonfc.cz\\\/\"},{\"@type\":\"ListItem\",\"position\":2,\"name\":\"Iroegbunam p\u0159estupuje do Hullu\"}]},{\"@type\":\"WebSite\",\"@id\":\"https:\\\/\\\/evertonfc.cz\\\/#website\",\"url\":\"https:\\\/\\\/evertonfc.cz\\\/\",\"name\":\"Official Czech &amp; Slovak Everton Supporters&#039; Club\",\"description\":\"\",\"publisher\":{\"@id\":\"https:\\\/\\\/evertonfc.cz\\\/#organization\"},\"potentialAction\":[{\"@type\":\"SearchAction\",\"target\":{\"@type\":\"EntryPoint\",\"urlTemplate\":\"https:\\\/\\\/evertonfc.cz\\\/?s={search_term_string}\"},\"query-input\":{\"@type\":\"PropertyValueSpecification\",\"valueRequired\":true,\"valueName\":\"search_term_string\"}}],\"inLanguage\":\"cs\"},{\"@type\":\"Organization\",\"@id\":\"https:\\\/\\\/evertonfc.cz\\\/#organization\",\"name\":\"Official Czech & Slovak Everton Supporters' Club\",\"url\":\"https:\\\/\\\/evertonfc.cz\\\/\",\"logo\":{\"@type\":\"ImageObject\",\"inLanguage\":\"cs\",\"@id\":\"https:\\\/\\\/evertonfc.cz\\\/#\\\/schema\\\/logo\\\/image\\\/\",\"url\":\"https:\\\/\\\/evertonfc.cz\\\/wp-content\\\/uploads\\\/2019\\\/05\\\/logo.png\",\"contentUrl\":\"https:\\\/\\\/evertonfc.cz\\\/wp-content\\\/uploads\\\/2019\\\/05\\\/logo.png\",\"width\":112,\"height\":112,\"caption\":\"Official Czech & Slovak Everton Supporters' Club\"},\"image\":{\"@id\":\"https:\\\/\\\/evertonfc.cz\\\/#\\\/schema\\\/logo\\\/image\\\/\"},\"sameAs\":[\"https:\\\/\\\/www.facebook.com\\\/everton.fans.cz.sk\"]},{\"@type\":\"Person\",\"@id\":\"https:\\\/\\\/evertonfc.cz\\\/#\\\/schema\\\/person\\\/f7a5daedb2ffee98480bc70e191aaef1\",\"name\":\"Ri\u010di\",\"sameAs\":[\"https:\\\/\\\/x.com\\\/rbrejsa\"],\"url\":\"https:\\\/\\\/evertonfc.cz\\\/index.php\\\/author\\\/rici\\\/\"}]}<\/script>\n<!-- \/ Yoast SEO plugin. -->","yoast_head_json":{"title":"Iroegbunam p\u0159estupuje do Hullu - Official Czech &amp; Slovak Everton Supporters&#039; Club","robots":{"index":"index","follow":"follow","max-snippet":"max-snippet:-1","max-image-preview":"max-image-preview:large","max-video-preview":"max-video-preview:-1"},"canonical":"https:\/\/evertonfc.cz\/index.php\/2026\/09\/01\/iroegbunam-prestupuje-do-hullu\/","og_locale":"cs_CZ","og_type":"article","og_title":"Iroegbunam p\u0159estupuje do Hullu - Official Czech &amp; Slovak Everton Supporters&#039; Club","og_description":"Tim Iroegbunam po dvou letech uzav\u00edr\u00e1 sv\u00e9 p\u016fsoben\u00ed v Evertonu, kdy\u017e si jeho slu\u017eby rok p\u0159ed koncem smlouvy zajistil ligov\u00fd nov\u00e1\u010dek Hull City.","og_url":"https:\/\/evertonfc.cz\/index.php\/2026\/09\/01\/iroegbunam-prestupuje-do-hullu\/","og_site_name":"Official Czech &amp; Slovak Everton Supporters&#039; Club","article_publisher":"https:\/\/www.facebook.com\/everton.fans.cz.sk","article_published_time":"2026-09-01T21:01:14+00:00","article_modified_time":"2026-09-01T21:02:06+00:00","og_image":[{"width":720,"height":405,"url":"https:\/\/evertonfc.cz\/wp-content\/uploads\/2026\/08\/iro_31_8_2026.jpg","type":"image\/jpeg"}],"author":"Ri\u010di","twitter_card":"summary_large_image","twitter_creator":"@rbrejsa","twitter_misc":{"Napsal(a)":"Ri\u010di","Odhadovan\u00e1 doba \u010dten\u00ed":"2 minuty"},"schema":{"@context":"https:\/\/schema.org","@graph":[{"@type":"Article","@id":"https:\/\/evertonfc.cz\/index.php\/2026\/09\/01\/iroegbunam-prestupuje-do-hullu\/#article","isPartOf":{"@id":"https:\/\/evertonfc.cz\/index.php\/2026\/09\/01\/iroegbunam-prestupuje-do-hullu\/"},"author":{"name":"Ri\u010di","@id":"https:\/\/evertonfc.cz\/#\/schema\/person\/f7a5daedb2ffee98480bc70e191aaef1"},"headline":"Iroegbunam p\u0159estupuje do Hullu","datePublished":"2026-09-01T21:01:14+00:00","dateModified":"2026-09-01T21:02:06+00:00","mainEntityOfPage":{"@id":"https:\/\/evertonfc.cz\/index.php\/2026\/09\/01\/iroegbunam-prestupuje-do-hullu\/"},"wordCount":279,"commentCount":2,"publisher":{"@id":"https:\/\/evertonfc.cz\/#organization"},"image":{"@id":"https:\/\/evertonfc.cz\/index.php\/2026\/09\/01\/iroegbunam-prestupuje-do-hullu\/#primaryimage"},"thumbnailUrl":"https:\/\/evertonfc.cz\/wp-content\/uploads\/2026\/08\/iro_31_8_2026.jpg","articleSection":["P\u0159estupy"],"inLanguage":"cs","potentialAction":[{"@type":"CommentAction","name":"Comment","target":["https:\/\/evertonfc.cz\/index.php\/2026\/09\/01\/iroegbunam-prestupuje-do-hullu\/#respond"]}]},{"@type":"WebPage","@id":"https:\/\/evertonfc.cz\/index.php\/2026\/09\/01\/iroegbunam-prestupuje-do-hullu\/","url":"https:\/\/evertonfc.cz\/index.php\/2026\/09\/01\/iroegbunam-prestupuje-do-hullu\/","name":"Iroegbunam p\u0159estupuje do Hullu - Official Czech &amp; Slovak Everton Supporters&#039; Club","isPartOf":{"@id":"https:\/\/evertonfc.cz\/#website"},"primaryImageOfPage":{"@id":"https:\/\/evertonfc.cz\/index.php\/2026\/09\/01\/iroegbunam-prestupuje-do-hullu\/#primaryimage"},"image":{"@id":"https:\/\/evertonfc.cz\/index.php\/2026\/09\/01\/iroegbunam-prestupuje-do-hullu\/#primaryimage"},"thumbnailUrl":"https:\/\/evertonfc.cz\/wp-content\/uploads\/2026\/08\/iro_31_8_2026.jpg","datePublished":"2026-09-01T21:01:14+00:00","dateModified":"2026-09-01T21:02:06+00:00","breadcrumb":{"@id":"https:\/\/evertonfc.cz\/index.php\/2026\/09\/01\/iroegbunam-prestupuje-do-hullu\/#breadcrumb"},"inLanguage":"cs","potentialAction":[{"@type":"ReadAction","target":["https:\/\/evertonfc.cz\/index.php\/2026\/09\/01\/iroegbunam-prestupuje-do-hullu\/"]}]},{"@type":"ImageObject","inLanguage":"cs","@id":"https:\/\/evertonfc.cz\/index.php\/2026\/09\/01\/iroegbunam-prestupuje-do-hullu\/#primaryimage","url":"https:\/\/evertonfc.cz\/wp-content\/uploads\/2026\/08\/iro_31_8_2026.jpg","contentUrl":"https:\/\/evertonfc.cz\/wp-content\/uploads\/2026\/08\/iro_31_8_2026.jpg","width":720,"height":405},{"@type":"BreadcrumbList","@id":"https:\/\/evertonfc.cz\/index.php\/2026\/09\/01\/iroegbunam-prestupuje-do-hullu\/#breadcrumb","itemListElement":[{"@type":"ListItem","position":1,"name":"Home","item":"https:\/\/evertonfc.cz\/"},{"@type":"ListItem","position":2,"name":"Iroegbunam p\u0159estupuje do Hullu"}]},{"@type":"WebSite","@id":"https:\/\/evertonfc.cz\/#website","url":"https:\/\/evertonfc.cz\/","name":"Official Czech &amp; Slovak Everton Supporters&#039; Club","description":"","publisher":{"@id":"https:\/\/evertonfc.cz\/#organization"},"potentialAction":[{"@type":"SearchAction","target":{"@type":"EntryPoint","urlTemplate":"https:\/\/evertonfc.cz\/?s={search_term_string}"},"query-input":{"@type":"PropertyValueSpecification","valueRequired":true,"valueName":"search_term_string"}}],"inLanguage":"cs"},{"@type":"Organization","@id":"https:\/\/evertonfc.cz\/#organization","name":"Official Czech & Slovak Everton Supporters' Club","url":"https:\/\/evertonfc.cz\/","logo":{"@type":"ImageObject","inLanguage":"cs","@id":"https:\/\/evertonfc.cz\/#\/schema\/logo\/image\/","url":"https:\/\/evertonfc.cz\/wp-content\/uploads\/2019\/05\/logo.png","contentUrl":"https:\/\/evertonfc.cz\/wp-content\/uploads\/2019\/05\/logo.png","width":112,"height":112,"caption":"Official Czech & Slovak Everton Supporters' Club"},"image":{"@id":"https:\/\/evertonfc.cz\/#\/schema\/logo\/image\/"},"sameAs":["https:\/\/www.facebook.com\/everton.fans.cz.sk"]},{"@type":"Person","@id":"https:\/\/evertonfc.cz\/#\/schema\/person\/f7a5daedb2ffee98480bc70e191aaef1","name":"Ri\u010di","sameAs":["https:\/\/x.com\/rbrejsa"],"url":"https:\/\/evertonfc.cz\/index.php\/author\/rici\/"}]}},"authors":[{"term_id":214,"user_id":6,"is_guest":0,"slug":"rici","display_name":"Ri\u010di","avatar_url":"https:\/\/secure.gravatar.com\/avatar\/b57e3556345cfcc42ad37460e809adcd2c8b187c8a83a17fd4bb8a2697502162?s=96&d=mm&r=g","author_category":"","first_name":"","last_name":"","user_url":"","job_title":"","description":""}],"_links":{"self":[{"href":"https:\/\/evertonfc.cz\/index.php\/wp-json\/wp\/v2\/posts\/29468","targetHints":{"allow":["GET"]}}],"collection":[{"href":"https:\/\/evertonfc.cz\/index.php\/wp-json\/wp\/v2\/posts"}],"about":[{"href":"https:\/\/evertonfc.cz\/index.php\/wp-json\/wp\/v2\/types\/post"}],"author":[{"embeddable":true,"href":"https:\/\/evertonfc.cz\/index.php\/wp-json\/wp\/v2\/users\/6"}],"replies":[{"embeddable":true,"href":"https:\/\/evertonfc.cz\/index.php\/wp-json\/wp\/v2\/comments?post=29468"}],"version-history":[{"count":3,"href":"https:\/\/evertonfc.cz\/index.php\/wp-json\/wp\/v2\/posts\/29468\/revisions"}],"predecessor-version":[{"id":29475,"href":"https:\/\/evertonfc.cz\/index.php\/wp-json\/wp\/v2\/posts\/29468\/revisions\/29475"}],"wp:featuredmedia":[{"embeddable":true,"href":"https:\/\/evertonfc.cz\/index.php\/wp-json\/wp\/v2\/media\/29469"}],"wp:attachment":[{"href":"https:\/\/evertonfc.cz\/index.php\/wp-json\/wp\/v2\/media?parent=29468"}],"wp:term":[{"taxonomy":"category","embeddable":true,"href":"https:\/\/evertonfc.cz\/index.php\/wp-json\/wp\/v2\/categories?post=29468"},{"taxonomy":"post_tag","embeddable":true,"href":"https:\/\/evertonfc.cz\/index.php\/wp-json\/wp\/v2\/tags?post=29468"},{"taxonomy":"author","embeddable":true,"href":"https:\/\/evertonfc.cz\/index.php\/wp-json\/wp\/v2\/ppma_author?post=29468"}],"curies":[{"name":"wp","href":"https:\/\/api.w.org\/{rel}","templated":true}]}}