{"id":2947,"date":"2017-08-03T14:27:41","date_gmt":"2017-08-03T12:27:41","guid":{"rendered":"http:\/\/evertonfc.cz\/?p=2947"},"modified":"2019-02-10T14:31:10","modified_gmt":"2019-02-10T13:31:10","slug":"ruzomberok-everton-01","status":"publish","type":"post","link":"https:\/\/evertonfc.cz\/index.php\/2017\/08\/03\/ruzomberok-everton-01\/","title":{"rendered":"Ru\u017eomberok &#8211; Everton 0:1"},"content":{"rendered":"<h4 id=\"NewsPostDetailSummary\">Everton v\u00fdkonem op\u011bt nenadchl a hern\u011b nudil, p\u0159esto ale na tr\u00e1vn\u00edku slovensk\u00e9ho outsidera zaznamenal d\u016fle\u017eit\u00fd postupov\u00fd v\u00fdsledek a dal\u0161\u00ed v\u00edt\u011bzstv\u00ed a m\u016f\u017ee se tak t\u011b\u0161it na soupe\u0159e pro posledn\u00ed p\u0159edkolo Evropsk\u00e9 ligy.<\/h4>\n<div id=\"NewsPostDetailContent\">\n<p>Oproti minul\u00e9mu z\u00e1pasu mana\u017eer Ronald Koeman tentokr\u00e1t zm\u011bnil rozestaven\u00ed na 5-3-2. V brance host\u00ed si sout\u011b\u017en\u00ed debut odbyl Jordan Pickford a poprv\u00e9 v z\u00e1kladu se objevil Sandro Ram\u00edrez. Oproti minul\u00e9mu z\u00e1pasu ud\u011blal Koeman v sestav\u011b je\u0161t\u011b dv\u011b dal\u0161\u00ed zm\u011bny. Na prav\u00e9m kraji obrany Martinu nahradil trochu ne\u010dekan\u011b Tom Davies a podobn\u011b v minul\u00e9m utk\u00e1n\u00ed neosl\u0148uj\u00edc\u00edho Calverta-Lewina nahradil stoper Phil Jagielka, kter\u00fd si p\u0159ipsal ji\u017e celkov\u011b 350. sout\u011b\u017en\u00ed start za EFC, kdy\u017e nav\u00edc v tomto t\u00fddnu prodlou\u017eil smlouvu o dal\u0161\u00ed rok a\u017e do l\u00e9ta 2019.<\/p>\n<p>Everton za\u010dal utk\u00e1n\u00ed vla\u017en\u011b. Snaha o dr\u017een\u00ed m\u00ed\u010de a postupn\u00e9 vytv\u00e1\u0159en\u00ed \u0161anc\u00ed byla proti o\u010dek\u00e1van\u00e9mu bloku slovensk\u00e9ho soupe\u0159e o\u010dividn\u00e1 a p\u0159edv\u00eddateln\u00e1, byl to ale Ru\u017eomberok, kter\u00fd m\u011bl prvn\u00ed n\u00e1znak p\u0159\u00edle\u017eitosti: v 6. minut\u011b po rohov\u00e9m kopu nep\u0159esn\u011b vysoko nad hlavi\u010dkoval \u00fapln\u011b osamocen\u00fd Kru\u017eliak. Nechv\u00edli pot\u00e9 se do velk\u00e9 p\u0159ile\u017eitosti dost\u00e1val Haski\u010d, Pickford ale v\u010das zas\u00e1hl.<\/p>\n<p>I v dal\u0161\u00edch minut\u00e1ch se Toffees p\u0159\u00edli\u0161 neda\u0159ilo, nicm\u00e9n\u011b on se Everton ani nikam nehnal, \u010demu\u017e kr\u00e1sn\u011b napov\u00edd\u00e1 i zvolen\u00e9 rozestaven\u00ed. A\u017e v 15. minut\u011b si prvn\u00ed propaga\u010dn\u00ed pokus na branku soupe\u0159e p\u0159ipsal Tom Davies, kter\u00fd ale sp\u00ed\u0161 centroval ne\u017e st\u0159\u00edlel z velk\u00e9ho \u00fahlu. Jen o chv\u00edli pozd\u011bji Ram\u00edrez hezky pati\u010dkou uvolnil Rooneyho, p\u0159i pokusu p\u0159elobovat brank\u00e1\u0159e ale st\u0159ela \u0161la hodn\u011b nad branku Mac\u00edka.<\/p>\n<p>Po dal\u0161\u00ed nep\u0159\u00edli\u0161 zaj\u00edmav\u00e9 p\u0159ibli\u017en\u011b \u010dtvrthodin\u011b se o chvilku vzru\u0161en\u00ed postaral znovu Tom Davies, kter\u00fd hezky unikl po prav\u00e9m k\u0159\u00eddle, naserv\u00edroval dobr\u00fd balon Rooneymu, ten ale v dobr\u00e9 pozici o m\u00ed\u010d sp\u00ed\u0161e jen zakopl a z p\u0159\u00edle\u017eitosti tedy nic nebylo. Jen o p\u00e1r chvil pozd\u011bji podklouzl s balonem obr\u00e1nce dom\u00e1c\u00edch a Klaassen mohl p\u0159istr\u010dit balon na rozb\u011bhnut\u00e9ho Ram\u00edreze, ten ale v zaj\u00edmav\u00e9 pozici m\u00edsto st\u0159elby balon p\u0159edr\u017eel a dot\u00edraj\u00edc\u00ed obr\u00e1nce mu balon odkopl pry\u010d na roh. Po n\u011bm Keane poslal balon sp\u00ed\u0161 na rohov\u00fd praporek ne\u017e aby zas\u00e1hl branku, z dal\u0161\u00edho rohu Schneiderlin nem\u00ed\u0159il, tentokr\u00e1t hlavou, o moc l\u00e9pe.<\/p>\n<p>V z\u00e1v\u011bru polo\u010dasu slab\u0161\u00ed nohou m\u00ed\u0159il z \u00fahlu vysoko nad op\u011bt Ram\u00edrez. V\u00edce ne\u017e o\u0161et\u0159en\u00ed dom\u00e1c\u00edho Tak\u00e1\u010de a tvrd\u00fd z\u00e1krok na Ram\u00edreze, po kter\u00e9m se nov\u00e1 posila Blues jen t\u011b\u017eko zvedala, pak ji\u017e nep\u0159ili\u0161 z\u00e1\u017eivn\u00e1 prvn\u00ed p\u016fle nenab\u00eddla. Everton na h\u0159i\u0161ti vypadal pomale a svoj\u00ed hrou si \u017e\u00e1dnou vylo\u017eenou \u0161anci nevytvo\u0159il.<\/p>\n<p>Do druh\u00e9 \u010d\u00e1sti vstoupil Everton beze zm\u011bn, dom\u00e1c\u00ed na h\u0159i\u0161t\u011b poslali La\u010dn\u00e9ho za Menicha. Nicm\u00e9n\u011b pr\u016fb\u011bh utk\u00e1n\u00ed vypadal vlastn\u011b i d\u00e1le beze zm\u011bn. Daniel\u016fv pokus m\u00ed\u0159il o dost vedle br\u00e1ny Pickforda.\u00a0Nudn\u00fd pr\u016fb\u011bh z\u00e1pasu nezm\u011bnil ani pr\u016fnik Keanea po prav\u00e9 stran\u011b, kter\u00fd centrem nana\u0161el adres\u00e1ta, stejn\u00e1 v\u011bc se nepovedla ani Bainesovi, kter\u00e9mu hezky prodlou\u017eil balon pr\u00e1v\u011b Rooney. A\u017e v 69. minut\u011b na utk\u00e1n\u00ed reagoval Koeman, kdy nep\u0159\u00edli\u0161 oslniv\u00e9ho Ram\u00edreze nahradil Calvert-Lewin. O minutu pozd\u011bji reagoval Ru\u017eomberok v\u00fdmenou Tak\u00e1\u010de za veter\u00e1na Saparu.<\/p>\n<p>Ale byl to pr\u00e1v\u011b prvn\u011b jmenovan\u00fd anglick\u00fd mlad\u00edk, kter\u00fd se kone\u010dn\u011b dostal do prvn\u00ed opravdov\u00e9 g\u00f3lov\u00e9 \u0161ance utk\u00e1n\u00ed. Chvilku pot\u00e9, co posledn\u00edm st\u0159\u00edd\u00e1n\u00edm Gerec vyst\u0159\u00eddal Haski\u010de a Ru\u017eomberok se o\u010dividn\u011b odhodlal v\u00edce \u00fato\u010dit a vyt\u00e1hl obranu sm\u011brem ke st\u0159edov\u00e9mu kruhu, tak se ve st\u0159edu h\u0159i\u0161t\u011b balonu zmocnil Klaassen. Ten vyslal pr\u016fnikovou p\u0159ihr\u00e1vku do b\u011bhu pr\u00e1v\u011b Calvertu-Lewinovi, kter\u00fd v kon\u010d\u00edc\u00ed 80. minut\u011b mohl postupovat s\u00e1m na Mac\u00edka. V souboji jeden na jednoho se nem\u00fdlil a precizn\u00ed st\u0159elou na zadn\u00ed ty\u010d rozhodl o postupu host\u00ed &#8211; <strong>1:0<\/strong>.<\/p>\n<p>Koeman pot\u00e9 st\u00e1hl Schneiderlina s Rooneym za Barryho s Mirallasem, v\u00fdvoj nudn\u00e9ho z\u00e1pasu ale ani jeden ji\u017e neovlivnil, utk\u00e1n\u00ed se v \u0161edi \u010dtvrte\u010dn\u00edho hork\u00e9ho ve\u010dera jen dohr\u00e1valo. Everton i tak ale zaznamenal d\u016fle\u017eitou v\u00fdhru a postup, v\u00fdkonem sice op\u011bt nenadchl, z\u00e1sadn\u00ed duely ale teprve je\u0161t\u011b p\u0159ijdou.<\/p>\n<p><strong>Branka:<\/strong> 80. Calvert-Lewin<\/p>\n<p><strong>Everton:<\/strong> Pickford &#8211; Davies, Keane, Williams, Jagielka, Baines &#8211; Gueye, Schneiderlin (81. Barry), Klaassen &#8211; Rooney (86. Mirallas), Ram\u00edrez (69. Calvert-Lewin)<\/p>\n<p><strong>Ru\u017eomberok:<\/strong> Mac\u00edk &#8211; P. Maslo, J. Maslo, Kru\u017eliak, Menich (46. La\u010dn\u00fd) &#8211; Tak\u00e1\u010d (71. Sapara), Qose, Kochan &#8211; Daniel, Haski\u010d (80. Gerec), Gal-Andrezly<\/p>\n<p><strong>Rozhod\u010d\u00ed:<\/strong> Michael Tykgaard (D\u00e1n.)<\/p>\n<p><strong>Div\u00e1ci: <\/strong>4 752<\/p>\n<\/div>\n","protected":false},"excerpt":{"rendered":"<p>Everton v\u00fdkonem op\u011bt nenadchl a hern\u011b nudil, p\u0159esto ale na tr\u00e1vn\u00edku slovensk\u00e9ho outsidera zaznamenal d\u016fle\u017eit\u00fd postupov\u00fd v\u00fdsledek a dal\u0161\u00ed v\u00edt\u011bzstv\u00ed&hellip;<\/p>\n","protected":false},"author":13,"featured_media":1315,"comment_status":"open","ping_status":"closed","sticky":false,"template":"","format":"standard","meta":{"_eb_attr":"","_monsterinsights_skip_tracking":false,"_monsterinsights_sitenote_active":false,"_monsterinsights_sitenote_note":"","_monsterinsights_sitenote_category":0,"footnotes":""},"categories":[4],"tags":[],"yoast_head":"<!-- This site is optimized with the Yoast SEO plugin v23.4 - https:\/\/yoast.com\/wordpress\/plugins\/seo\/ -->\n<title>Ru\u017eomberok - Everton 0:1 - Official Czech &amp; Slovak Everton Supporters&#039; Club<\/title>\n<meta name=\"robots\" content=\"index, follow, max-snippet:-1, max-image-preview:large, max-video-preview:-1\" \/>\n<link rel=\"canonical\" href=\"https:\/\/evertonfc.cz\/index.php\/2017\/08\/03\/ruzomberok-everton-01\/\" \/>\n<meta property=\"og:locale\" content=\"cs_CZ\" \/>\n<meta property=\"og:type\" content=\"article\" \/>\n<meta property=\"og:title\" content=\"Ru\u017eomberok - Everton 0:1 - Official Czech &amp; Slovak Everton Supporters&#039; Club\" \/>\n<meta property=\"og:description\" content=\"Everton v\u00fdkonem op\u011bt nenadchl a hern\u011b nudil, p\u0159esto ale na tr\u00e1vn\u00edku slovensk\u00e9ho outsidera zaznamenal d\u016fle\u017eit\u00fd postupov\u00fd v\u00fdsledek a dal\u0161\u00ed v\u00edt\u011bzstv\u00ed&hellip;\" \/>\n<meta property=\"og:url\" content=\"https:\/\/evertonfc.cz\/index.php\/2017\/08\/03\/ruzomberok-everton-01\/\" \/>\n<meta property=\"og:site_name\" content=\"Official Czech &amp; Slovak Everton Supporters&#039; Club\" \/>\n<meta property=\"article:publisher\" content=\"https:\/\/www.facebook.com\/everton.fans.cz.sk\" \/>\n<meta property=\"article:published_time\" content=\"2017-08-03T12:27:41+00:00\" \/>\n<meta property=\"article:modified_time\" content=\"2019-02-10T13:31:10+00:00\" \/>\n<meta property=\"og:image\" content=\"https:\/\/evertonfc.cz\/wp-content\/uploads\/2019\/01\/report.jpg\" \/>\n\t<meta property=\"og:image:width\" content=\"720\" \/>\n\t<meta property=\"og:image:height\" content=\"405\" \/>\n\t<meta property=\"og:image:type\" content=\"image\/jpeg\" \/>\n<meta name=\"author\" content=\"Zaschrona\" \/>\n<meta name=\"twitter:card\" content=\"summary_large_image\" \/>\n<meta name=\"twitter:label1\" content=\"Napsal(a)\" \/>\n\t<meta name=\"twitter:data1\" content=\"Zaschrona\" \/>\n\t<meta name=\"twitter:label2\" content=\"Odhadovan\u00e1 doba \u010dten\u00ed\" \/>\n\t<meta name=\"twitter:data2\" content=\"4 minuty\" \/>\n<script type=\"application\/ld+json\" class=\"yoast-schema-graph\">{\"@context\":\"https:\/\/schema.org\",\"@graph\":[{\"@type\":\"Article\",\"@id\":\"https:\/\/evertonfc.cz\/index.php\/2017\/08\/03\/ruzomberok-everton-01\/#article\",\"isPartOf\":{\"@id\":\"https:\/\/evertonfc.cz\/index.php\/2017\/08\/03\/ruzomberok-everton-01\/\"},\"author\":{\"name\":\"Zaschrona\",\"@id\":\"https:\/\/evertonfc.cz\/#\/schema\/person\/255585c2926c8c27a4eb6c74f4ecd704\"},\"headline\":\"Ru\u017eomberok &#8211; Everton 0:1\",\"datePublished\":\"2017-08-03T12:27:41+00:00\",\"dateModified\":\"2019-02-10T13:31:10+00:00\",\"mainEntityOfPage\":{\"@id\":\"https:\/\/evertonfc.cz\/index.php\/2017\/08\/03\/ruzomberok-everton-01\/\"},\"wordCount\":882,\"commentCount\":0,\"publisher\":{\"@id\":\"https:\/\/evertonfc.cz\/#organization\"},\"image\":{\"@id\":\"https:\/\/evertonfc.cz\/index.php\/2017\/08\/03\/ruzomberok-everton-01\/#primaryimage\"},\"thumbnailUrl\":\"https:\/\/evertonfc.cz\/wp-content\/uploads\/2019\/01\/report.jpg\",\"articleSection\":[\"Z\u00e1pasy\"],\"inLanguage\":\"cs\",\"potentialAction\":[{\"@type\":\"CommentAction\",\"name\":\"Comment\",\"target\":[\"https:\/\/evertonfc.cz\/index.php\/2017\/08\/03\/ruzomberok-everton-01\/#respond\"]}]},{\"@type\":\"WebPage\",\"@id\":\"https:\/\/evertonfc.cz\/index.php\/2017\/08\/03\/ruzomberok-everton-01\/\",\"url\":\"https:\/\/evertonfc.cz\/index.php\/2017\/08\/03\/ruzomberok-everton-01\/\",\"name\":\"Ru\u017eomberok - Everton 0:1 - Official Czech &amp; Slovak Everton Supporters&#039; Club\",\"isPartOf\":{\"@id\":\"https:\/\/evertonfc.cz\/#website\"},\"primaryImageOfPage\":{\"@id\":\"https:\/\/evertonfc.cz\/index.php\/2017\/08\/03\/ruzomberok-everton-01\/#primaryimage\"},\"image\":{\"@id\":\"https:\/\/evertonfc.cz\/index.php\/2017\/08\/03\/ruzomberok-everton-01\/#primaryimage\"},\"thumbnailUrl\":\"https:\/\/evertonfc.cz\/wp-content\/uploads\/2019\/01\/report.jpg\",\"datePublished\":\"2017-08-03T12:27:41+00:00\",\"dateModified\":\"2019-02-10T13:31:10+00:00\",\"breadcrumb\":{\"@id\":\"https:\/\/evertonfc.cz\/index.php\/2017\/08\/03\/ruzomberok-everton-01\/#breadcrumb\"},\"inLanguage\":\"cs\",\"potentialAction\":[{\"@type\":\"ReadAction\",\"target\":[\"https:\/\/evertonfc.cz\/index.php\/2017\/08\/03\/ruzomberok-everton-01\/\"]}]},{\"@type\":\"ImageObject\",\"inLanguage\":\"cs\",\"@id\":\"https:\/\/evertonfc.cz\/index.php\/2017\/08\/03\/ruzomberok-everton-01\/#primaryimage\",\"url\":\"https:\/\/evertonfc.cz\/wp-content\/uploads\/2019\/01\/report.jpg\",\"contentUrl\":\"https:\/\/evertonfc.cz\/wp-content\/uploads\/2019\/01\/report.jpg\",\"width\":720,\"height\":405},{\"@type\":\"BreadcrumbList\",\"@id\":\"https:\/\/evertonfc.cz\/index.php\/2017\/08\/03\/ruzomberok-everton-01\/#breadcrumb\",\"itemListElement\":[{\"@type\":\"ListItem\",\"position\":1,\"name\":\"Home\",\"item\":\"https:\/\/evertonfc.cz\/\"},{\"@type\":\"ListItem\",\"position\":2,\"name\":\"Ru\u017eomberok &#8211; Everton 0:1\"}]},{\"@type\":\"WebSite\",\"@id\":\"https:\/\/evertonfc.cz\/#website\",\"url\":\"https:\/\/evertonfc.cz\/\",\"name\":\"Official Czech &amp; Slovak Everton Supporters&#039; Club\",\"description\":\"\",\"publisher\":{\"@id\":\"https:\/\/evertonfc.cz\/#organization\"},\"potentialAction\":[{\"@type\":\"SearchAction\",\"target\":{\"@type\":\"EntryPoint\",\"urlTemplate\":\"https:\/\/evertonfc.cz\/?s={search_term_string}\"},\"query-input\":{\"@type\":\"PropertyValueSpecification\",\"valueRequired\":true,\"valueName\":\"search_term_string\"}}],\"inLanguage\":\"cs\"},{\"@type\":\"Organization\",\"@id\":\"https:\/\/evertonfc.cz\/#organization\",\"name\":\"Official Czech & Slovak Everton Supporters' Club\",\"url\":\"https:\/\/evertonfc.cz\/\",\"logo\":{\"@type\":\"ImageObject\",\"inLanguage\":\"cs\",\"@id\":\"https:\/\/evertonfc.cz\/#\/schema\/logo\/image\/\",\"url\":\"https:\/\/evertonfc.cz\/wp-content\/uploads\/2019\/05\/logo.png\",\"contentUrl\":\"https:\/\/evertonfc.cz\/wp-content\/uploads\/2019\/05\/logo.png\",\"width\":112,\"height\":112,\"caption\":\"Official Czech & Slovak Everton Supporters' Club\"},\"image\":{\"@id\":\"https:\/\/evertonfc.cz\/#\/schema\/logo\/image\/\"},\"sameAs\":[\"https:\/\/www.facebook.com\/everton.fans.cz.sk\"]},{\"@type\":\"Person\",\"@id\":\"https:\/\/evertonfc.cz\/#\/schema\/person\/255585c2926c8c27a4eb6c74f4ecd704\",\"name\":\"Zaschrona\",\"url\":\"https:\/\/evertonfc.cz\/index.php\/author\/zaschrona\/\"}]}<\/script>\n<!-- \/ Yoast SEO plugin. -->","yoast_head_json":{"title":"Ru\u017eomberok - Everton 0:1 - Official Czech &amp; Slovak Everton Supporters&#039; Club","robots":{"index":"index","follow":"follow","max-snippet":"max-snippet:-1","max-image-preview":"max-image-preview:large","max-video-preview":"max-video-preview:-1"},"canonical":"https:\/\/evertonfc.cz\/index.php\/2017\/08\/03\/ruzomberok-everton-01\/","og_locale":"cs_CZ","og_type":"article","og_title":"Ru\u017eomberok - Everton 0:1 - Official Czech &amp; Slovak Everton Supporters&#039; Club","og_description":"Everton v\u00fdkonem op\u011bt nenadchl a hern\u011b nudil, p\u0159esto ale na tr\u00e1vn\u00edku slovensk\u00e9ho outsidera zaznamenal d\u016fle\u017eit\u00fd postupov\u00fd v\u00fdsledek a dal\u0161\u00ed v\u00edt\u011bzstv\u00ed&hellip;","og_url":"https:\/\/evertonfc.cz\/index.php\/2017\/08\/03\/ruzomberok-everton-01\/","og_site_name":"Official Czech &amp; Slovak Everton Supporters&#039; Club","article_publisher":"https:\/\/www.facebook.com\/everton.fans.cz.sk","article_published_time":"2017-08-03T12:27:41+00:00","article_modified_time":"2019-02-10T13:31:10+00:00","og_image":[{"width":720,"height":405,"url":"https:\/\/evertonfc.cz\/wp-content\/uploads\/2019\/01\/report.jpg","type":"image\/jpeg"}],"author":"Zaschrona","twitter_card":"summary_large_image","twitter_misc":{"Napsal(a)":"Zaschrona","Odhadovan\u00e1 doba \u010dten\u00ed":"4 minuty"},"schema":{"@context":"https:\/\/schema.org","@graph":[{"@type":"Article","@id":"https:\/\/evertonfc.cz\/index.php\/2017\/08\/03\/ruzomberok-everton-01\/#article","isPartOf":{"@id":"https:\/\/evertonfc.cz\/index.php\/2017\/08\/03\/ruzomberok-everton-01\/"},"author":{"name":"Zaschrona","@id":"https:\/\/evertonfc.cz\/#\/schema\/person\/255585c2926c8c27a4eb6c74f4ecd704"},"headline":"Ru\u017eomberok &#8211; Everton 0:1","datePublished":"2017-08-03T12:27:41+00:00","dateModified":"2019-02-10T13:31:10+00:00","mainEntityOfPage":{"@id":"https:\/\/evertonfc.cz\/index.php\/2017\/08\/03\/ruzomberok-everton-01\/"},"wordCount":882,"commentCount":0,"publisher":{"@id":"https:\/\/evertonfc.cz\/#organization"},"image":{"@id":"https:\/\/evertonfc.cz\/index.php\/2017\/08\/03\/ruzomberok-everton-01\/#primaryimage"},"thumbnailUrl":"https:\/\/evertonfc.cz\/wp-content\/uploads\/2019\/01\/report.jpg","articleSection":["Z\u00e1pasy"],"inLanguage":"cs","potentialAction":[{"@type":"CommentAction","name":"Comment","target":["https:\/\/evertonfc.cz\/index.php\/2017\/08\/03\/ruzomberok-everton-01\/#respond"]}]},{"@type":"WebPage","@id":"https:\/\/evertonfc.cz\/index.php\/2017\/08\/03\/ruzomberok-everton-01\/","url":"https:\/\/evertonfc.cz\/index.php\/2017\/08\/03\/ruzomberok-everton-01\/","name":"Ru\u017eomberok - Everton 0:1 - Official Czech &amp; Slovak Everton Supporters&#039; Club","isPartOf":{"@id":"https:\/\/evertonfc.cz\/#website"},"primaryImageOfPage":{"@id":"https:\/\/evertonfc.cz\/index.php\/2017\/08\/03\/ruzomberok-everton-01\/#primaryimage"},"image":{"@id":"https:\/\/evertonfc.cz\/index.php\/2017\/08\/03\/ruzomberok-everton-01\/#primaryimage"},"thumbnailUrl":"https:\/\/evertonfc.cz\/wp-content\/uploads\/2019\/01\/report.jpg","datePublished":"2017-08-03T12:27:41+00:00","dateModified":"2019-02-10T13:31:10+00:00","breadcrumb":{"@id":"https:\/\/evertonfc.cz\/index.php\/2017\/08\/03\/ruzomberok-everton-01\/#breadcrumb"},"inLanguage":"cs","potentialAction":[{"@type":"ReadAction","target":["https:\/\/evertonfc.cz\/index.php\/2017\/08\/03\/ruzomberok-everton-01\/"]}]},{"@type":"ImageObject","inLanguage":"cs","@id":"https:\/\/evertonfc.cz\/index.php\/2017\/08\/03\/ruzomberok-everton-01\/#primaryimage","url":"https:\/\/evertonfc.cz\/wp-content\/uploads\/2019\/01\/report.jpg","contentUrl":"https:\/\/evertonfc.cz\/wp-content\/uploads\/2019\/01\/report.jpg","width":720,"height":405},{"@type":"BreadcrumbList","@id":"https:\/\/evertonfc.cz\/index.php\/2017\/08\/03\/ruzomberok-everton-01\/#breadcrumb","itemListElement":[{"@type":"ListItem","position":1,"name":"Home","item":"https:\/\/evertonfc.cz\/"},{"@type":"ListItem","position":2,"name":"Ru\u017eomberok &#8211; Everton 0:1"}]},{"@type":"WebSite","@id":"https:\/\/evertonfc.cz\/#website","url":"https:\/\/evertonfc.cz\/","name":"Official Czech &amp; Slovak Everton Supporters&#039; Club","description":"","publisher":{"@id":"https:\/\/evertonfc.cz\/#organization"},"potentialAction":[{"@type":"SearchAction","target":{"@type":"EntryPoint","urlTemplate":"https:\/\/evertonfc.cz\/?s={search_term_string}"},"query-input":{"@type":"PropertyValueSpecification","valueRequired":true,"valueName":"search_term_string"}}],"inLanguage":"cs"},{"@type":"Organization","@id":"https:\/\/evertonfc.cz\/#organization","name":"Official Czech & Slovak Everton Supporters' Club","url":"https:\/\/evertonfc.cz\/","logo":{"@type":"ImageObject","inLanguage":"cs","@id":"https:\/\/evertonfc.cz\/#\/schema\/logo\/image\/","url":"https:\/\/evertonfc.cz\/wp-content\/uploads\/2019\/05\/logo.png","contentUrl":"https:\/\/evertonfc.cz\/wp-content\/uploads\/2019\/05\/logo.png","width":112,"height":112,"caption":"Official Czech & Slovak Everton Supporters' Club"},"image":{"@id":"https:\/\/evertonfc.cz\/#\/schema\/logo\/image\/"},"sameAs":["https:\/\/www.facebook.com\/everton.fans.cz.sk"]},{"@type":"Person","@id":"https:\/\/evertonfc.cz\/#\/schema\/person\/255585c2926c8c27a4eb6c74f4ecd704","name":"Zaschrona","url":"https:\/\/evertonfc.cz\/index.php\/author\/zaschrona\/"}]}},"_links":{"self":[{"href":"https:\/\/evertonfc.cz\/index.php\/wp-json\/wp\/v2\/posts\/2947"}],"collection":[{"href":"https:\/\/evertonfc.cz\/index.php\/wp-json\/wp\/v2\/posts"}],"about":[{"href":"https:\/\/evertonfc.cz\/index.php\/wp-json\/wp\/v2\/types\/post"}],"author":[{"embeddable":true,"href":"https:\/\/evertonfc.cz\/index.php\/wp-json\/wp\/v2\/users\/13"}],"replies":[{"embeddable":true,"href":"https:\/\/evertonfc.cz\/index.php\/wp-json\/wp\/v2\/comments?post=2947"}],"version-history":[{"count":1,"href":"https:\/\/evertonfc.cz\/index.php\/wp-json\/wp\/v2\/posts\/2947\/revisions"}],"predecessor-version":[{"id":2950,"href":"https:\/\/evertonfc.cz\/index.php\/wp-json\/wp\/v2\/posts\/2947\/revisions\/2950"}],"wp:featuredmedia":[{"embeddable":true,"href":"https:\/\/evertonfc.cz\/index.php\/wp-json\/wp\/v2\/media\/1315"}],"wp:attachment":[{"href":"https:\/\/evertonfc.cz\/index.php\/wp-json\/wp\/v2\/media?parent=2947"}],"wp:term":[{"taxonomy":"category","embeddable":true,"href":"https:\/\/evertonfc.cz\/index.php\/wp-json\/wp\/v2\/categories?post=2947"},{"taxonomy":"post_tag","embeddable":true,"href":"https:\/\/evertonfc.cz\/index.php\/wp-json\/wp\/v2\/tags?post=2947"}],"curies":[{"name":"wp","href":"https:\/\/api.w.org\/{rel}","templated":true}]}}