{"id":29505,"date":"2026-09-01T23:12:16","date_gmt":"2026-09-01T21:12:16","guid":{"rendered":"https:\/\/evertonfc.cz\/?p=29505"},"modified":"2026-09-01T23:39:22","modified_gmt":"2026-09-01T21:39:22","slug":"ndiaye-si-meni-kluby-s-grealishem","status":"publish","type":"post","link":"https:\/\/evertonfc.cz\/index.php\/2026\/09\/01\/ndiaye-si-meni-kluby-s-grealishem\/","title":{"rendered":"Ndiaye si m\u011bn\u00ed kluby s Grealishem"},"content":{"rendered":"<h4>A\u017e na sam\u00e9m konci p\u0159estupov\u00e9ho obdob\u00ed se zpe\u010detil rekordn\u00ed prodej Ilimana Ndiayeho do Manchesteru City. Ut\u011b\u0161\u00ed alespo\u0148 trochu \u017eal dal\u0161\u00ed hostov\u00e1n\u00ed Jacka Grealishe?<\/h4>\n<p>Odchod senegalsk\u00e9ho prince driblinku byl na spadnut\u00ed cel\u00e9 l\u00e9to. Toffees svou oporu necht\u011bli prod\u00e1vat, t\u0159eba\u017ee b\u011bhem posledn\u00edho roku opakovan\u011b odm\u00edtala nab\u00eddku nov\u00e9 smlouvy, nakonec ale svolili k p\u0159estupu do Tottenhamu. Ten se v\u0161ak nesta\u010dil dot\u00e1hnout do konce, jeliko\u017e do hry vstoupil Manchester City.<\/p>\n<p>Jeho nab\u00eddku ve v\u00fd\u0161i 60 milion\u016f liber a dal\u0161\u00edch p\u011bti milion\u016f v bonusech Everton akceptoval. Jde p\u0159itom o nejvy\u0161\u0161\u00ed prodej v historii klubu, p\u0159evl\u00e1daj\u00ed v\u0161ak opr\u00e1vn\u011bn\u00e9 pochybnosti, \u017ee i vzhledem k leto\u0161n\u00edmu trendu m\u011bla b\u00fdt v\u00fdsledn\u00e1 \u010d\u00e1stka o n\u011bkolik des\u00edtek milion\u016f vy\u0161\u0161\u00ed.<\/p>\n<p>Ndiaye se ve sv\u00fdch 26 letech st\u00e1le je\u0161t\u011b m\u016f\u017ee zlep\u0161ovat a v Evertonu byl, a\u010d necht\u011bl prodlou\u017eit kontrakt, v\u00e1z\u00e1n na dal\u0161\u00ed t\u0159i roky.<\/p>\n<p>Na Goodison Park p\u0159i\u0161el v l\u00e9t\u011b 2024 z Marseille za 15 milion\u016f liber a okam\u017eit\u011b se za\u0159adil mezi opory t\u00fdmu a nejlep\u0161\u00ed dribl\u00e9ry v lize. B\u011bhem dvou cel\u00fdch sezon a za\u010d\u00e1tku aktu\u00e1ln\u00ed se p\u0159\u00edmo pod\u00edlel na 19 brank\u00e1ch Toffees (15 g\u00f3l\u016f, \u010dty\u0159i asistence), v tomto ohledu byl nejlep\u0161\u00ed ze v\u0161ech hr\u00e1\u010d\u016f v modr\u00e9m dresu.<\/p>\n<h4>Welcome back, Super Jack<\/h4>\n<p>Everton se tak bude muset popasovat se ztr\u00e1tou kl\u00ed\u010dov\u00e9ho k\u0159\u00eddeln\u00edka. U\u017e d\u0159\u00edve koupil Tyriquea Georgea a Brennana Johnsona, kter\u00e9 nyn\u00ed dopln\u00ed na sv\u00e9m dal\u0161\u00edm hostov\u00e1n\u00ed Jack Grealish.<\/p>\n<p>Brzy jednat\u0159icetilet\u00fd anglick\u00fd reprezentant hostoval na Hill Dickinson Stadium u\u017e loni a sv\u00fdmi v\u00fdkony p\u0159ed\u010dil mnoh\u00e1 o\u010dek\u00e1v\u00e1n\u00ed. Ne\u017e si na za\u010d\u00e1tku roku 2026 p\u0159ivodil \u00fanavovou zlomeninu chodidla a musel podstoupit operaci, stihl nastoupit do 20 ligov\u00fdch z\u00e1pas\u016f, v nich\u017e vst\u0159elil dv\u011b branky a zaznamenal \u0161est asistenc\u00ed. Pro Toffees byl ale velmi d\u016fle\u017eit\u00fdm \u010dl\u00e1nkem ofenzivy a tak\u00e9 jeho absence ve druh\u00e9 polovin\u011b ro\u010dn\u00edku p\u0159isp\u011bla k \u00fato\u010dn\u00e9mu tr\u00e1pen\u00ed cel\u00e9ho t\u00fdmu.<\/p>\n<p>V l\u00e9t\u011b se ze zran\u011bn\u00ed stihl zotavit a nasko\u010dit do \u00favodn\u00edch z\u00e1pas\u016f Manchesteru City. Dokonce se na n\u011bj vypt\u00e1valy Sunderland \u010di jeho mate\u0159sk\u00e1 Aston Villa. Grealish v\u0161ak preferoval n\u00e1vrat do Evertonu, kter\u00fd vyhovoval v\u0161em z\u00fa\u010dastn\u011bn\u00fdm stran\u00e1m. Toffees budou op\u011bt hradit v\u011bt\u0161inu jeho mzdy, jej\u00ed\u017e t\u00fddenn\u00ed v\u00fdm\u011br \u010din\u00ed 300 tis\u00edc liber. Jeho smlouva v City ale vypr\u0161\u00ed po sezon\u011b a Grealish pot\u00e9 bude k m\u00e1n\u00ed zdarma.<\/p>\n<p data-start=\"0\" data-end=\"195\"><em>\u201eDnes budu us\u00ednat s \u00fasm\u011bvem na tv\u00e1\u0159i a z\u00edtra budu nachystan\u00fd na tr\u00e9nink. U\u017e se nemohu do\u010dkat ned\u011bln\u00edho dom\u00e1c\u00edho z\u00e1pasu, jsem stra\u0161n\u011b r\u00e1d zp\u011bt a pro tento okam\u017eik jsem tvrd\u011b makal posledn\u00ed m\u011bs\u00edce.<\/em><\/p>\n<p data-start=\"197\" data-end=\"496\" data-is-last-node=\"\" data-is-only-node=\"\"><em>\u201eV Evertonu se c\u00edt\u00edm skv\u011ble, proto\u017ee jsem milov\u00e1n. Pod mana\u017eerem Moyesem jsem pro\u017eil jedno z nejlep\u0161\u00edch obdob\u00ed v kari\u00e9\u0159e, p\u0159ijali m\u011b spoluhr\u00e1\u010di a fanou\u0161ci. Klub p\u0159es l\u00e9to p\u0159ivedl n\u011bkolik skv\u011bl\u00fdch hr\u00e1\u010d\u016f. T\u011b\u0161\u00edm se, \u017ee budu moct pomoct t\u00fdmu na h\u0159i\u0161ti,\u201c<\/em> prozradil po n\u00e1vratu \u0161\u0165astn\u00fd Grealish.<\/p>\n","protected":false},"excerpt":{"rendered":"<p>A\u017e na sam\u00e9m konci p\u0159estupov\u00e9ho obdob\u00ed se zpe\u010detil rekordn\u00ed prodej Ilimana Ndiayeho do Manchesteru City. Ut\u011b\u0161\u00ed alespo\u0148 trochu \u017eal dal\u0161\u00ed hostov\u00e1n\u00ed Jacka Grealishe?<\/p>\n","protected":false},"author":6,"featured_media":29478,"comment_status":"open","ping_status":"closed","sticky":false,"template":"","format":"standard","meta":{"_eb_attr":"","_monsterinsights_skip_tracking":false,"footnotes":""},"categories":[41],"tags":[],"ppma_author":[214],"class_list":["post-29505","post","type-post","status-publish","format-standard","has-post-thumbnail","hentry","category-prestupy"],"yoast_head":"<!-- This site is optimized with the Yoast SEO plugin v28.2 - https:\/\/yoast.com\/product\/yoast-seo-wordpress\/ -->\n<title>Ndiaye si m\u011bn\u00ed kluby s Grealishem - Official Czech &amp; Slovak Everton Supporters&#039; Club<\/title>\n<meta name=\"robots\" content=\"index, follow, max-snippet:-1, max-image-preview:large, max-video-preview:-1\" \/>\n<link rel=\"canonical\" href=\"https:\/\/evertonfc.cz\/index.php\/2026\/09\/01\/ndiaye-si-meni-kluby-s-grealishem\/\" \/>\n<meta property=\"og:locale\" content=\"cs_CZ\" \/>\n<meta property=\"og:type\" content=\"article\" \/>\n<meta property=\"og:title\" content=\"Ndiaye si m\u011bn\u00ed kluby s Grealishem - Official Czech &amp; Slovak Everton Supporters&#039; Club\" \/>\n<meta property=\"og:description\" content=\"A\u017e na sam\u00e9m konci p\u0159estupov\u00e9ho obdob\u00ed se zpe\u010detil rekordn\u00ed prodej Ilimana Ndiayeho do Manchesteru City. Ut\u011b\u0161\u00ed alespo\u0148 trochu \u017eal dal\u0161\u00ed hostov\u00e1n\u00ed Jacka Grealishe?\" \/>\n<meta property=\"og:url\" content=\"https:\/\/evertonfc.cz\/index.php\/2026\/09\/01\/ndiaye-si-meni-kluby-s-grealishem\/\" \/>\n<meta property=\"og:site_name\" content=\"Official Czech &amp; Slovak Everton Supporters&#039; Club\" \/>\n<meta property=\"article:publisher\" content=\"https:\/\/www.facebook.com\/everton.fans.cz.sk\" \/>\n<meta property=\"article:published_time\" content=\"2026-09-01T21:12:16+00:00\" \/>\n<meta property=\"article:modified_time\" content=\"2026-09-01T21:39:22+00:00\" \/>\n<meta property=\"og:image\" content=\"https:\/\/evertonfc.cz\/wp-content\/uploads\/2026\/09\/grealish_1_9_2026.jpg\" \/>\n\t<meta property=\"og:image:width\" content=\"720\" \/>\n\t<meta property=\"og:image:height\" content=\"405\" \/>\n\t<meta property=\"og:image:type\" content=\"image\/jpeg\" \/>\n<meta name=\"author\" content=\"Ri\u010di\" \/>\n<meta name=\"twitter:card\" content=\"summary_large_image\" \/>\n<meta name=\"twitter:creator\" content=\"@rbrejsa\" \/>\n<meta name=\"twitter:label1\" content=\"Napsal(a)\" \/>\n\t<meta name=\"twitter:data1\" content=\"Ri\u010di\" \/>\n\t<meta name=\"twitter:label2\" content=\"Odhadovan\u00e1 doba \u010dten\u00ed\" \/>\n\t<meta name=\"twitter:data2\" content=\"3 minuty\" \/>\n<script type=\"application\/ld+json\" class=\"yoast-schema-graph\">{\"@context\":\"https:\\\/\\\/schema.org\",\"@graph\":[{\"@type\":\"Article\",\"@id\":\"https:\\\/\\\/evertonfc.cz\\\/index.php\\\/2026\\\/09\\\/01\\\/ndiaye-si-meni-kluby-s-grealishem\\\/#article\",\"isPartOf\":{\"@id\":\"https:\\\/\\\/evertonfc.cz\\\/index.php\\\/2026\\\/09\\\/01\\\/ndiaye-si-meni-kluby-s-grealishem\\\/\"},\"author\":{\"name\":\"Ri\u010di\",\"@id\":\"https:\\\/\\\/evertonfc.cz\\\/#\\\/schema\\\/person\\\/f7a5daedb2ffee98480bc70e191aaef1\"},\"headline\":\"Ndiaye si m\u011bn\u00ed kluby s Grealishem\",\"datePublished\":\"2026-09-01T21:12:16+00:00\",\"dateModified\":\"2026-09-01T21:39:22+00:00\",\"mainEntityOfPage\":{\"@id\":\"https:\\\/\\\/evertonfc.cz\\\/index.php\\\/2026\\\/09\\\/01\\\/ndiaye-si-meni-kluby-s-grealishem\\\/\"},\"wordCount\":587,\"commentCount\":3,\"publisher\":{\"@id\":\"https:\\\/\\\/evertonfc.cz\\\/#organization\"},\"image\":{\"@id\":\"https:\\\/\\\/evertonfc.cz\\\/index.php\\\/2026\\\/09\\\/01\\\/ndiaye-si-meni-kluby-s-grealishem\\\/#primaryimage\"},\"thumbnailUrl\":\"https:\\\/\\\/evertonfc.cz\\\/wp-content\\\/uploads\\\/2026\\\/09\\\/grealish_1_9_2026.jpg\",\"articleSection\":[\"P\u0159estupy\"],\"inLanguage\":\"cs\",\"potentialAction\":[{\"@type\":\"CommentAction\",\"name\":\"Comment\",\"target\":[\"https:\\\/\\\/evertonfc.cz\\\/index.php\\\/2026\\\/09\\\/01\\\/ndiaye-si-meni-kluby-s-grealishem\\\/#respond\"]}]},{\"@type\":\"WebPage\",\"@id\":\"https:\\\/\\\/evertonfc.cz\\\/index.php\\\/2026\\\/09\\\/01\\\/ndiaye-si-meni-kluby-s-grealishem\\\/\",\"url\":\"https:\\\/\\\/evertonfc.cz\\\/index.php\\\/2026\\\/09\\\/01\\\/ndiaye-si-meni-kluby-s-grealishem\\\/\",\"name\":\"Ndiaye si m\u011bn\u00ed kluby s Grealishem - Official Czech &amp; Slovak Everton Supporters&#039; Club\",\"isPartOf\":{\"@id\":\"https:\\\/\\\/evertonfc.cz\\\/#website\"},\"primaryImageOfPage\":{\"@id\":\"https:\\\/\\\/evertonfc.cz\\\/index.php\\\/2026\\\/09\\\/01\\\/ndiaye-si-meni-kluby-s-grealishem\\\/#primaryimage\"},\"image\":{\"@id\":\"https:\\\/\\\/evertonfc.cz\\\/index.php\\\/2026\\\/09\\\/01\\\/ndiaye-si-meni-kluby-s-grealishem\\\/#primaryimage\"},\"thumbnailUrl\":\"https:\\\/\\\/evertonfc.cz\\\/wp-content\\\/uploads\\\/2026\\\/09\\\/grealish_1_9_2026.jpg\",\"datePublished\":\"2026-09-01T21:12:16+00:00\",\"dateModified\":\"2026-09-01T21:39:22+00:00\",\"breadcrumb\":{\"@id\":\"https:\\\/\\\/evertonfc.cz\\\/index.php\\\/2026\\\/09\\\/01\\\/ndiaye-si-meni-kluby-s-grealishem\\\/#breadcrumb\"},\"inLanguage\":\"cs\",\"potentialAction\":[{\"@type\":\"ReadAction\",\"target\":[\"https:\\\/\\\/evertonfc.cz\\\/index.php\\\/2026\\\/09\\\/01\\\/ndiaye-si-meni-kluby-s-grealishem\\\/\"]}]},{\"@type\":\"ImageObject\",\"inLanguage\":\"cs\",\"@id\":\"https:\\\/\\\/evertonfc.cz\\\/index.php\\\/2026\\\/09\\\/01\\\/ndiaye-si-meni-kluby-s-grealishem\\\/#primaryimage\",\"url\":\"https:\\\/\\\/evertonfc.cz\\\/wp-content\\\/uploads\\\/2026\\\/09\\\/grealish_1_9_2026.jpg\",\"contentUrl\":\"https:\\\/\\\/evertonfc.cz\\\/wp-content\\\/uploads\\\/2026\\\/09\\\/grealish_1_9_2026.jpg\",\"width\":720,\"height\":405},{\"@type\":\"BreadcrumbList\",\"@id\":\"https:\\\/\\\/evertonfc.cz\\\/index.php\\\/2026\\\/09\\\/01\\\/ndiaye-si-meni-kluby-s-grealishem\\\/#breadcrumb\",\"itemListElement\":[{\"@type\":\"ListItem\",\"position\":1,\"name\":\"Home\",\"item\":\"https:\\\/\\\/evertonfc.cz\\\/\"},{\"@type\":\"ListItem\",\"position\":2,\"name\":\"Ndiaye si m\u011bn\u00ed kluby s Grealishem\"}]},{\"@type\":\"WebSite\",\"@id\":\"https:\\\/\\\/evertonfc.cz\\\/#website\",\"url\":\"https:\\\/\\\/evertonfc.cz\\\/\",\"name\":\"Official Czech &amp; Slovak Everton Supporters&#039; Club\",\"description\":\"\",\"publisher\":{\"@id\":\"https:\\\/\\\/evertonfc.cz\\\/#organization\"},\"potentialAction\":[{\"@type\":\"SearchAction\",\"target\":{\"@type\":\"EntryPoint\",\"urlTemplate\":\"https:\\\/\\\/evertonfc.cz\\\/?s={search_term_string}\"},\"query-input\":{\"@type\":\"PropertyValueSpecification\",\"valueRequired\":true,\"valueName\":\"search_term_string\"}}],\"inLanguage\":\"cs\"},{\"@type\":\"Organization\",\"@id\":\"https:\\\/\\\/evertonfc.cz\\\/#organization\",\"name\":\"Official Czech & Slovak Everton Supporters' Club\",\"url\":\"https:\\\/\\\/evertonfc.cz\\\/\",\"logo\":{\"@type\":\"ImageObject\",\"inLanguage\":\"cs\",\"@id\":\"https:\\\/\\\/evertonfc.cz\\\/#\\\/schema\\\/logo\\\/image\\\/\",\"url\":\"https:\\\/\\\/evertonfc.cz\\\/wp-content\\\/uploads\\\/2019\\\/05\\\/logo.png\",\"contentUrl\":\"https:\\\/\\\/evertonfc.cz\\\/wp-content\\\/uploads\\\/2019\\\/05\\\/logo.png\",\"width\":112,\"height\":112,\"caption\":\"Official Czech & Slovak Everton Supporters' Club\"},\"image\":{\"@id\":\"https:\\\/\\\/evertonfc.cz\\\/#\\\/schema\\\/logo\\\/image\\\/\"},\"sameAs\":[\"https:\\\/\\\/www.facebook.com\\\/everton.fans.cz.sk\"]},{\"@type\":\"Person\",\"@id\":\"https:\\\/\\\/evertonfc.cz\\\/#\\\/schema\\\/person\\\/f7a5daedb2ffee98480bc70e191aaef1\",\"name\":\"Ri\u010di\",\"sameAs\":[\"https:\\\/\\\/x.com\\\/rbrejsa\"],\"url\":\"https:\\\/\\\/evertonfc.cz\\\/index.php\\\/author\\\/rici\\\/\"}]}<\/script>\n<!-- \/ Yoast SEO plugin. -->","yoast_head_json":{"title":"Ndiaye si m\u011bn\u00ed kluby s Grealishem - Official Czech &amp; Slovak Everton Supporters&#039; Club","robots":{"index":"index","follow":"follow","max-snippet":"max-snippet:-1","max-image-preview":"max-image-preview:large","max-video-preview":"max-video-preview:-1"},"canonical":"https:\/\/evertonfc.cz\/index.php\/2026\/09\/01\/ndiaye-si-meni-kluby-s-grealishem\/","og_locale":"cs_CZ","og_type":"article","og_title":"Ndiaye si m\u011bn\u00ed kluby s Grealishem - Official Czech &amp; Slovak Everton Supporters&#039; Club","og_description":"A\u017e na sam\u00e9m konci p\u0159estupov\u00e9ho obdob\u00ed se zpe\u010detil rekordn\u00ed prodej Ilimana Ndiayeho do Manchesteru City. Ut\u011b\u0161\u00ed alespo\u0148 trochu \u017eal dal\u0161\u00ed hostov\u00e1n\u00ed Jacka Grealishe?","og_url":"https:\/\/evertonfc.cz\/index.php\/2026\/09\/01\/ndiaye-si-meni-kluby-s-grealishem\/","og_site_name":"Official Czech &amp; Slovak Everton Supporters&#039; Club","article_publisher":"https:\/\/www.facebook.com\/everton.fans.cz.sk","article_published_time":"2026-09-01T21:12:16+00:00","article_modified_time":"2026-09-01T21:39:22+00:00","og_image":[{"width":720,"height":405,"url":"https:\/\/evertonfc.cz\/wp-content\/uploads\/2026\/09\/grealish_1_9_2026.jpg","type":"image\/jpeg"}],"author":"Ri\u010di","twitter_card":"summary_large_image","twitter_creator":"@rbrejsa","twitter_misc":{"Napsal(a)":"Ri\u010di","Odhadovan\u00e1 doba \u010dten\u00ed":"3 minuty"},"schema":{"@context":"https:\/\/schema.org","@graph":[{"@type":"Article","@id":"https:\/\/evertonfc.cz\/index.php\/2026\/09\/01\/ndiaye-si-meni-kluby-s-grealishem\/#article","isPartOf":{"@id":"https:\/\/evertonfc.cz\/index.php\/2026\/09\/01\/ndiaye-si-meni-kluby-s-grealishem\/"},"author":{"name":"Ri\u010di","@id":"https:\/\/evertonfc.cz\/#\/schema\/person\/f7a5daedb2ffee98480bc70e191aaef1"},"headline":"Ndiaye si m\u011bn\u00ed kluby s Grealishem","datePublished":"2026-09-01T21:12:16+00:00","dateModified":"2026-09-01T21:39:22+00:00","mainEntityOfPage":{"@id":"https:\/\/evertonfc.cz\/index.php\/2026\/09\/01\/ndiaye-si-meni-kluby-s-grealishem\/"},"wordCount":587,"commentCount":3,"publisher":{"@id":"https:\/\/evertonfc.cz\/#organization"},"image":{"@id":"https:\/\/evertonfc.cz\/index.php\/2026\/09\/01\/ndiaye-si-meni-kluby-s-grealishem\/#primaryimage"},"thumbnailUrl":"https:\/\/evertonfc.cz\/wp-content\/uploads\/2026\/09\/grealish_1_9_2026.jpg","articleSection":["P\u0159estupy"],"inLanguage":"cs","potentialAction":[{"@type":"CommentAction","name":"Comment","target":["https:\/\/evertonfc.cz\/index.php\/2026\/09\/01\/ndiaye-si-meni-kluby-s-grealishem\/#respond"]}]},{"@type":"WebPage","@id":"https:\/\/evertonfc.cz\/index.php\/2026\/09\/01\/ndiaye-si-meni-kluby-s-grealishem\/","url":"https:\/\/evertonfc.cz\/index.php\/2026\/09\/01\/ndiaye-si-meni-kluby-s-grealishem\/","name":"Ndiaye si m\u011bn\u00ed kluby s Grealishem - Official Czech &amp; Slovak Everton Supporters&#039; Club","isPartOf":{"@id":"https:\/\/evertonfc.cz\/#website"},"primaryImageOfPage":{"@id":"https:\/\/evertonfc.cz\/index.php\/2026\/09\/01\/ndiaye-si-meni-kluby-s-grealishem\/#primaryimage"},"image":{"@id":"https:\/\/evertonfc.cz\/index.php\/2026\/09\/01\/ndiaye-si-meni-kluby-s-grealishem\/#primaryimage"},"thumbnailUrl":"https:\/\/evertonfc.cz\/wp-content\/uploads\/2026\/09\/grealish_1_9_2026.jpg","datePublished":"2026-09-01T21:12:16+00:00","dateModified":"2026-09-01T21:39:22+00:00","breadcrumb":{"@id":"https:\/\/evertonfc.cz\/index.php\/2026\/09\/01\/ndiaye-si-meni-kluby-s-grealishem\/#breadcrumb"},"inLanguage":"cs","potentialAction":[{"@type":"ReadAction","target":["https:\/\/evertonfc.cz\/index.php\/2026\/09\/01\/ndiaye-si-meni-kluby-s-grealishem\/"]}]},{"@type":"ImageObject","inLanguage":"cs","@id":"https:\/\/evertonfc.cz\/index.php\/2026\/09\/01\/ndiaye-si-meni-kluby-s-grealishem\/#primaryimage","url":"https:\/\/evertonfc.cz\/wp-content\/uploads\/2026\/09\/grealish_1_9_2026.jpg","contentUrl":"https:\/\/evertonfc.cz\/wp-content\/uploads\/2026\/09\/grealish_1_9_2026.jpg","width":720,"height":405},{"@type":"BreadcrumbList","@id":"https:\/\/evertonfc.cz\/index.php\/2026\/09\/01\/ndiaye-si-meni-kluby-s-grealishem\/#breadcrumb","itemListElement":[{"@type":"ListItem","position":1,"name":"Home","item":"https:\/\/evertonfc.cz\/"},{"@type":"ListItem","position":2,"name":"Ndiaye si m\u011bn\u00ed kluby s Grealishem"}]},{"@type":"WebSite","@id":"https:\/\/evertonfc.cz\/#website","url":"https:\/\/evertonfc.cz\/","name":"Official Czech &amp; Slovak Everton Supporters&#039; Club","description":"","publisher":{"@id":"https:\/\/evertonfc.cz\/#organization"},"potentialAction":[{"@type":"SearchAction","target":{"@type":"EntryPoint","urlTemplate":"https:\/\/evertonfc.cz\/?s={search_term_string}"},"query-input":{"@type":"PropertyValueSpecification","valueRequired":true,"valueName":"search_term_string"}}],"inLanguage":"cs"},{"@type":"Organization","@id":"https:\/\/evertonfc.cz\/#organization","name":"Official Czech & Slovak Everton Supporters' Club","url":"https:\/\/evertonfc.cz\/","logo":{"@type":"ImageObject","inLanguage":"cs","@id":"https:\/\/evertonfc.cz\/#\/schema\/logo\/image\/","url":"https:\/\/evertonfc.cz\/wp-content\/uploads\/2019\/05\/logo.png","contentUrl":"https:\/\/evertonfc.cz\/wp-content\/uploads\/2019\/05\/logo.png","width":112,"height":112,"caption":"Official Czech & Slovak Everton Supporters' Club"},"image":{"@id":"https:\/\/evertonfc.cz\/#\/schema\/logo\/image\/"},"sameAs":["https:\/\/www.facebook.com\/everton.fans.cz.sk"]},{"@type":"Person","@id":"https:\/\/evertonfc.cz\/#\/schema\/person\/f7a5daedb2ffee98480bc70e191aaef1","name":"Ri\u010di","sameAs":["https:\/\/x.com\/rbrejsa"],"url":"https:\/\/evertonfc.cz\/index.php\/author\/rici\/"}]}},"authors":[{"term_id":214,"user_id":6,"is_guest":0,"slug":"rici","display_name":"Ri\u010di","avatar_url":"https:\/\/secure.gravatar.com\/avatar\/b57e3556345cfcc42ad37460e809adcd2c8b187c8a83a17fd4bb8a2697502162?s=96&d=mm&r=g","author_category":"","first_name":"","last_name":"","user_url":"","job_title":"","description":""}],"_links":{"self":[{"href":"https:\/\/evertonfc.cz\/index.php\/wp-json\/wp\/v2\/posts\/29505","targetHints":{"allow":["GET"]}}],"collection":[{"href":"https:\/\/evertonfc.cz\/index.php\/wp-json\/wp\/v2\/posts"}],"about":[{"href":"https:\/\/evertonfc.cz\/index.php\/wp-json\/wp\/v2\/types\/post"}],"author":[{"embeddable":true,"href":"https:\/\/evertonfc.cz\/index.php\/wp-json\/wp\/v2\/users\/6"}],"replies":[{"embeddable":true,"href":"https:\/\/evertonfc.cz\/index.php\/wp-json\/wp\/v2\/comments?post=29505"}],"version-history":[{"count":6,"href":"https:\/\/evertonfc.cz\/index.php\/wp-json\/wp\/v2\/posts\/29505\/revisions"}],"predecessor-version":[{"id":29516,"href":"https:\/\/evertonfc.cz\/index.php\/wp-json\/wp\/v2\/posts\/29505\/revisions\/29516"}],"wp:featuredmedia":[{"embeddable":true,"href":"https:\/\/evertonfc.cz\/index.php\/wp-json\/wp\/v2\/media\/29478"}],"wp:attachment":[{"href":"https:\/\/evertonfc.cz\/index.php\/wp-json\/wp\/v2\/media?parent=29505"}],"wp:term":[{"taxonomy":"category","embeddable":true,"href":"https:\/\/evertonfc.cz\/index.php\/wp-json\/wp\/v2\/categories?post=29505"},{"taxonomy":"post_tag","embeddable":true,"href":"https:\/\/evertonfc.cz\/index.php\/wp-json\/wp\/v2\/tags?post=29505"},{"taxonomy":"author","embeddable":true,"href":"https:\/\/evertonfc.cz\/index.php\/wp-json\/wp\/v2\/ppma_author?post=29505"}],"curies":[{"name":"wp","href":"https:\/\/api.w.org\/{rel}","templated":true}]}}