{"id":2953,"date":"2017-08-01T14:31:35","date_gmt":"2017-08-01T12:31:35","guid":{"rendered":"http:\/\/evertonfc.cz\/?p=2953"},"modified":"2019-02-10T14:32:59","modified_gmt":"2019-02-10T13:32:59","slug":"el-preview-ruzomberok-everton","status":"publish","type":"post","link":"https:\/\/evertonfc.cz\/index.php\/2017\/08\/01\/el-preview-ruzomberok-everton\/","title":{"rendered":"EL Preview: Ru\u017eomberok &#8211; Everton"},"content":{"rendered":"<h4 id=\"NewsPostDetailSummary\">Ve \u010dtvrtek se pod Tatrami uskute\u010dn\u00ed fotbalov\u00fd sv\u00e1tek. Do Ru\u017eomberoku p\u0159ijede zakl\u00e1daj\u00edc\u00ed \u010dlen Division One. Suver\u00e9nn\u011b nejslavn\u011bj\u0161\u00ed klub, kter\u00fd kdy na stadionku Pod \u010cebra\u0165om hr\u00e1l.<\/h4>\n<div id=\"NewsPostDetailContent\">\n<p>Ale Evertonu se z\u00e1pas nepovedl. V\u00fdkon slab\u00fd, v\u00fdhra nejt\u011bsn\u011bj\u0161\u00ed a je\u0161t\u011b polovlastn\u00edm g\u00f3lem. Sk\u0159\u00edpalo to p\u0159edev\u0161\u00edm v obran\u011b, nesehranost byla zn\u00e1t a pokud by hlavi\u010dka stoper Jana Masla (by\u0165 z ofsajdov\u00e9 pozice, ale pomezn\u00ed nechal praporek dole) netrefila b\u0159evno, ale skon\u010dila o n\u011bkolik cm n\u00ed\u017ee, tak se rozhodn\u011b dalo mluvit o senzaci. P\u0159ece jen se vyhr\u00e1lo, to je rozhodn\u011b klad, i Koeman se vyj\u00e1d\u0159il ve smyslu, \u017ee je to dobr\u00fd v\u00fdsledek. Pravda, neinkasovalo se.\u00a0Ru\u017eomberoku se mus\u00ed nechat, \u017ee dob\u0159e organizoval obranu.<\/p>\n<p>Co Sapara a spol.? Poprv\u00e9 se o v\u00edkendu p\u0159edstavili doma ve slovensk\u00e9 nejvy\u0161\u0161\u00ed sout\u011b\u017ei &#8211; a \u017ee to soupe\u0159 p\u011bkn\u011b schytal. Senica po proh\u0159e 0:4 odj\u00ed\u017ed\u011bla jako spr\u00e1skan\u00fd pes. St\u0159eleckou slinu chytil p\u0159edev\u0161\u00edm obr\u00e1nce Kru\u017eliak, kter\u00fd konto soupe\u0159e zat\u00ed\u017eil dv\u011bma brankami, by\u0165 jedna byla z penalty. Dal\u0161\u00edmi st\u0159elci byli Haski\u0107 a La\u010dn\u00fd. A co pov\u00edd\u00e1 Kru\u017eliak k samotn\u00e9mu z\u00e1pasu s Evertonem? <em>&#8222;My budeme robi\u0165 v\u0161etko preto, aby sme sa pok\u00fasili o mal\u00fd z\u00e1zrak.&#8220;<\/em><\/p>\n<p>Kapit\u00e1nem typu a suver\u00e9nn\u011b nejzn\u00e1m\u011bj\u0161\u00edm hr\u00e1\u010dem t\u00fdmu je Marek Sapara, b\u00fdval\u00fd reprezentant. Ten v\u010dera (v pond\u011bl\u00ed 31. 7.) oslavil sv\u00e9 35. narozeniny. P\u0159ejeme mu hodn\u011b zdrav\u00ed, \u0161t\u011bst\u00ed a gratulujeme mu k p\u011bkn\u00e9mu d\u00e1rku z ned\u011ble, proto\u017ee opo\u017ed\u011bn\u00fd d\u00e1rek ve \u010dtvrtek nep\u0159ijde, a\u010d si to v\u00fdslovn\u011b p\u0159eje.<\/p>\n<p>Co host\u00e9? O v\u00edkendu p\u0159\u00e1telsk\u00fd z\u00e1pas nem\u011bli, tak\u017ee se v\u011bnovali tr\u00e9ninku. P\u0159estupov\u00e9 spekulace pat\u0159\u00ed jinam, ani jeden hr\u00e1\u010d nen\u00ed v karetn\u00edm ohro\u017een\u00ed a tak\u00e9 v\u0161ichni zvl\u00e1dli z\u00e1pas ve zdrav\u00ed. A jak\u00e9 by mohla b\u00fdt sestava? No, rozhodn\u011b jin\u00e1, ne\u017e se \u010dekalo. Sc\u00e9n\u00e1\u0159 &#8222;doma vyhrajeme o t\u0159i nebo \u010dty\u0159i g\u00f3ly, tak\u017ee v odvet\u011b nasad\u00edme mlad\u00edky&#8220; se nekonal a konat nebude. Koeman bude proto muset nasadit siln\u011bj\u0161\u00ed sestavu, z\u0159ejm\u011b s Rooneym v z\u00e1kladu. Sloven\u0161t\u00ed fanou\u0161ci se ho tedy do\u010dkaj\u00ed&#8230; A kdo by je\u0161t\u011b mohl hr\u00e1t od za\u010d\u00e1tku? Nab\u00edz\u00ed se t\u0159eba Pozrimu\u017e \u010di Pickford.<\/p>\n<p>Utk\u00e1n\u00ed vys\u00edl\u00e1 p\u0159\u00edm\u00fdm p\u0159enosem stanice STV2.<\/p>\n<p>A te\u010f m\u011b omluvte, mus\u00edm zcela v souladu s dne\u0161n\u00edm po\u010das\u00edm p\u0159ipravit tomu adekv\u00e1tn\u00ed v\u011bdomostn\u00ed kv\u00edz na sraz.<\/p>\n<p><strong>Co: <\/strong>MFK Ru\u017eomberok &#8211; Everton FC, 3. p\u0159edkolo Evropsk\u00e9 ligy, odveta<strong><br \/>\nKdy:<\/strong> 3. 8. 2017 od 20:45 SE\u010c<strong><br \/>\nKde:<\/strong> Stadion Pod \u010cebra\u0165om, \u017dilinsk\u00e1 cesta 21, Ru\u017eomberok (kapacita: 4870)<strong><br \/>\n<\/strong><\/p>\n<\/div>\n","protected":false},"excerpt":{"rendered":"<p>Ve \u010dtvrtek se pod Tatrami uskute\u010dn\u00ed fotbalov\u00fd sv\u00e1tek. Do Ru\u017eomberoku p\u0159ijede zakl\u00e1daj\u00edc\u00ed \u010dlen Division One. Suver\u00e9nn\u011b nejslavn\u011bj\u0161\u00ed klub, kter\u00fd kdy&hellip;<\/p>\n","protected":false},"author":12,"featured_media":1314,"comment_status":"open","ping_status":"closed","sticky":false,"template":"","format":"standard","meta":{"_eb_attr":"","_monsterinsights_skip_tracking":false,"_monsterinsights_sitenote_active":false,"_monsterinsights_sitenote_note":"","_monsterinsights_sitenote_category":0,"footnotes":""},"categories":[4],"tags":[],"yoast_head":"<!-- This site is optimized with the Yoast SEO plugin v23.4 - https:\/\/yoast.com\/wordpress\/plugins\/seo\/ -->\n<title>EL Preview: Ru\u017eomberok - Everton - Official Czech &amp; Slovak Everton Supporters&#039; Club<\/title>\n<meta name=\"robots\" content=\"index, follow, max-snippet:-1, max-image-preview:large, max-video-preview:-1\" \/>\n<link rel=\"canonical\" href=\"https:\/\/evertonfc.cz\/index.php\/2017\/08\/01\/el-preview-ruzomberok-everton\/\" \/>\n<meta property=\"og:locale\" content=\"cs_CZ\" \/>\n<meta property=\"og:type\" content=\"article\" \/>\n<meta property=\"og:title\" content=\"EL Preview: Ru\u017eomberok - Everton - Official Czech &amp; Slovak Everton Supporters&#039; Club\" \/>\n<meta property=\"og:description\" content=\"Ve \u010dtvrtek se pod Tatrami uskute\u010dn\u00ed fotbalov\u00fd sv\u00e1tek. Do Ru\u017eomberoku p\u0159ijede zakl\u00e1daj\u00edc\u00ed \u010dlen Division One. Suver\u00e9nn\u011b nejslavn\u011bj\u0161\u00ed klub, kter\u00fd kdy&hellip;\" \/>\n<meta property=\"og:url\" content=\"https:\/\/evertonfc.cz\/index.php\/2017\/08\/01\/el-preview-ruzomberok-everton\/\" \/>\n<meta property=\"og:site_name\" content=\"Official Czech &amp; Slovak Everton Supporters&#039; Club\" \/>\n<meta property=\"article:publisher\" content=\"https:\/\/www.facebook.com\/everton.fans.cz.sk\" \/>\n<meta property=\"article:published_time\" content=\"2017-08-01T12:31:35+00:00\" \/>\n<meta property=\"article:modified_time\" content=\"2019-02-10T13:32:59+00:00\" \/>\n<meta property=\"og:image\" content=\"https:\/\/evertonfc.cz\/wp-content\/uploads\/2019\/01\/preview.jpg\" \/>\n\t<meta property=\"og:image:width\" content=\"720\" \/>\n\t<meta property=\"og:image:height\" content=\"405\" \/>\n\t<meta property=\"og:image:type\" content=\"image\/jpeg\" \/>\n<meta name=\"author\" content=\"Javor\" \/>\n<meta name=\"twitter:card\" content=\"summary_large_image\" \/>\n<meta name=\"twitter:creator\" content=\"@LoudinJan\" \/>\n<meta name=\"twitter:label1\" content=\"Napsal(a)\" \/>\n\t<meta name=\"twitter:data1\" content=\"Javor\" \/>\n\t<meta name=\"twitter:label2\" content=\"Odhadovan\u00e1 doba \u010dten\u00ed\" \/>\n\t<meta name=\"twitter:data2\" content=\"2 minuty\" \/>\n<script type=\"application\/ld+json\" class=\"yoast-schema-graph\">{\"@context\":\"https:\/\/schema.org\",\"@graph\":[{\"@type\":\"Article\",\"@id\":\"https:\/\/evertonfc.cz\/index.php\/2017\/08\/01\/el-preview-ruzomberok-everton\/#article\",\"isPartOf\":{\"@id\":\"https:\/\/evertonfc.cz\/index.php\/2017\/08\/01\/el-preview-ruzomberok-everton\/\"},\"author\":{\"name\":\"Javor\",\"@id\":\"https:\/\/evertonfc.cz\/#\/schema\/person\/b30daf6a5852f4811f8207a17ec1bf78\"},\"headline\":\"EL Preview: Ru\u017eomberok &#8211; Everton\",\"datePublished\":\"2017-08-01T12:31:35+00:00\",\"dateModified\":\"2019-02-10T13:32:59+00:00\",\"mainEntityOfPage\":{\"@id\":\"https:\/\/evertonfc.cz\/index.php\/2017\/08\/01\/el-preview-ruzomberok-everton\/\"},\"wordCount\":497,\"commentCount\":0,\"publisher\":{\"@id\":\"https:\/\/evertonfc.cz\/#organization\"},\"image\":{\"@id\":\"https:\/\/evertonfc.cz\/index.php\/2017\/08\/01\/el-preview-ruzomberok-everton\/#primaryimage\"},\"thumbnailUrl\":\"https:\/\/evertonfc.cz\/wp-content\/uploads\/2019\/01\/preview.jpg\",\"articleSection\":[\"Z\u00e1pasy\"],\"inLanguage\":\"cs\",\"potentialAction\":[{\"@type\":\"CommentAction\",\"name\":\"Comment\",\"target\":[\"https:\/\/evertonfc.cz\/index.php\/2017\/08\/01\/el-preview-ruzomberok-everton\/#respond\"]}]},{\"@type\":\"WebPage\",\"@id\":\"https:\/\/evertonfc.cz\/index.php\/2017\/08\/01\/el-preview-ruzomberok-everton\/\",\"url\":\"https:\/\/evertonfc.cz\/index.php\/2017\/08\/01\/el-preview-ruzomberok-everton\/\",\"name\":\"EL Preview: Ru\u017eomberok - Everton - Official Czech &amp; Slovak Everton Supporters&#039; Club\",\"isPartOf\":{\"@id\":\"https:\/\/evertonfc.cz\/#website\"},\"primaryImageOfPage\":{\"@id\":\"https:\/\/evertonfc.cz\/index.php\/2017\/08\/01\/el-preview-ruzomberok-everton\/#primaryimage\"},\"image\":{\"@id\":\"https:\/\/evertonfc.cz\/index.php\/2017\/08\/01\/el-preview-ruzomberok-everton\/#primaryimage\"},\"thumbnailUrl\":\"https:\/\/evertonfc.cz\/wp-content\/uploads\/2019\/01\/preview.jpg\",\"datePublished\":\"2017-08-01T12:31:35+00:00\",\"dateModified\":\"2019-02-10T13:32:59+00:00\",\"breadcrumb\":{\"@id\":\"https:\/\/evertonfc.cz\/index.php\/2017\/08\/01\/el-preview-ruzomberok-everton\/#breadcrumb\"},\"inLanguage\":\"cs\",\"potentialAction\":[{\"@type\":\"ReadAction\",\"target\":[\"https:\/\/evertonfc.cz\/index.php\/2017\/08\/01\/el-preview-ruzomberok-everton\/\"]}]},{\"@type\":\"ImageObject\",\"inLanguage\":\"cs\",\"@id\":\"https:\/\/evertonfc.cz\/index.php\/2017\/08\/01\/el-preview-ruzomberok-everton\/#primaryimage\",\"url\":\"https:\/\/evertonfc.cz\/wp-content\/uploads\/2019\/01\/preview.jpg\",\"contentUrl\":\"https:\/\/evertonfc.cz\/wp-content\/uploads\/2019\/01\/preview.jpg\",\"width\":720,\"height\":405},{\"@type\":\"BreadcrumbList\",\"@id\":\"https:\/\/evertonfc.cz\/index.php\/2017\/08\/01\/el-preview-ruzomberok-everton\/#breadcrumb\",\"itemListElement\":[{\"@type\":\"ListItem\",\"position\":1,\"name\":\"Home\",\"item\":\"https:\/\/evertonfc.cz\/\"},{\"@type\":\"ListItem\",\"position\":2,\"name\":\"EL Preview: Ru\u017eomberok &#8211; Everton\"}]},{\"@type\":\"WebSite\",\"@id\":\"https:\/\/evertonfc.cz\/#website\",\"url\":\"https:\/\/evertonfc.cz\/\",\"name\":\"Official Czech &amp; Slovak Everton Supporters&#039; Club\",\"description\":\"\",\"publisher\":{\"@id\":\"https:\/\/evertonfc.cz\/#organization\"},\"potentialAction\":[{\"@type\":\"SearchAction\",\"target\":{\"@type\":\"EntryPoint\",\"urlTemplate\":\"https:\/\/evertonfc.cz\/?s={search_term_string}\"},\"query-input\":{\"@type\":\"PropertyValueSpecification\",\"valueRequired\":true,\"valueName\":\"search_term_string\"}}],\"inLanguage\":\"cs\"},{\"@type\":\"Organization\",\"@id\":\"https:\/\/evertonfc.cz\/#organization\",\"name\":\"Official Czech & Slovak Everton Supporters' Club\",\"url\":\"https:\/\/evertonfc.cz\/\",\"logo\":{\"@type\":\"ImageObject\",\"inLanguage\":\"cs\",\"@id\":\"https:\/\/evertonfc.cz\/#\/schema\/logo\/image\/\",\"url\":\"https:\/\/evertonfc.cz\/wp-content\/uploads\/2019\/05\/logo.png\",\"contentUrl\":\"https:\/\/evertonfc.cz\/wp-content\/uploads\/2019\/05\/logo.png\",\"width\":112,\"height\":112,\"caption\":\"Official Czech & Slovak Everton Supporters' Club\"},\"image\":{\"@id\":\"https:\/\/evertonfc.cz\/#\/schema\/logo\/image\/\"},\"sameAs\":[\"https:\/\/www.facebook.com\/everton.fans.cz.sk\"]},{\"@type\":\"Person\",\"@id\":\"https:\/\/evertonfc.cz\/#\/schema\/person\/b30daf6a5852f4811f8207a17ec1bf78\",\"name\":\"Javor\",\"sameAs\":[\"https:\/\/x.com\/LoudinJan\"],\"url\":\"https:\/\/evertonfc.cz\/index.php\/author\/javor\/\"}]}<\/script>\n<!-- \/ Yoast SEO plugin. -->","yoast_head_json":{"title":"EL Preview: Ru\u017eomberok - Everton - Official Czech &amp; Slovak Everton Supporters&#039; Club","robots":{"index":"index","follow":"follow","max-snippet":"max-snippet:-1","max-image-preview":"max-image-preview:large","max-video-preview":"max-video-preview:-1"},"canonical":"https:\/\/evertonfc.cz\/index.php\/2017\/08\/01\/el-preview-ruzomberok-everton\/","og_locale":"cs_CZ","og_type":"article","og_title":"EL Preview: Ru\u017eomberok - Everton - Official Czech &amp; Slovak Everton Supporters&#039; Club","og_description":"Ve \u010dtvrtek se pod Tatrami uskute\u010dn\u00ed fotbalov\u00fd sv\u00e1tek. Do Ru\u017eomberoku p\u0159ijede zakl\u00e1daj\u00edc\u00ed \u010dlen Division One. Suver\u00e9nn\u011b nejslavn\u011bj\u0161\u00ed klub, kter\u00fd kdy&hellip;","og_url":"https:\/\/evertonfc.cz\/index.php\/2017\/08\/01\/el-preview-ruzomberok-everton\/","og_site_name":"Official Czech &amp; Slovak Everton Supporters&#039; Club","article_publisher":"https:\/\/www.facebook.com\/everton.fans.cz.sk","article_published_time":"2017-08-01T12:31:35+00:00","article_modified_time":"2019-02-10T13:32:59+00:00","og_image":[{"width":720,"height":405,"url":"https:\/\/evertonfc.cz\/wp-content\/uploads\/2019\/01\/preview.jpg","type":"image\/jpeg"}],"author":"Javor","twitter_card":"summary_large_image","twitter_creator":"@LoudinJan","twitter_misc":{"Napsal(a)":"Javor","Odhadovan\u00e1 doba \u010dten\u00ed":"2 minuty"},"schema":{"@context":"https:\/\/schema.org","@graph":[{"@type":"Article","@id":"https:\/\/evertonfc.cz\/index.php\/2017\/08\/01\/el-preview-ruzomberok-everton\/#article","isPartOf":{"@id":"https:\/\/evertonfc.cz\/index.php\/2017\/08\/01\/el-preview-ruzomberok-everton\/"},"author":{"name":"Javor","@id":"https:\/\/evertonfc.cz\/#\/schema\/person\/b30daf6a5852f4811f8207a17ec1bf78"},"headline":"EL Preview: Ru\u017eomberok &#8211; Everton","datePublished":"2017-08-01T12:31:35+00:00","dateModified":"2019-02-10T13:32:59+00:00","mainEntityOfPage":{"@id":"https:\/\/evertonfc.cz\/index.php\/2017\/08\/01\/el-preview-ruzomberok-everton\/"},"wordCount":497,"commentCount":0,"publisher":{"@id":"https:\/\/evertonfc.cz\/#organization"},"image":{"@id":"https:\/\/evertonfc.cz\/index.php\/2017\/08\/01\/el-preview-ruzomberok-everton\/#primaryimage"},"thumbnailUrl":"https:\/\/evertonfc.cz\/wp-content\/uploads\/2019\/01\/preview.jpg","articleSection":["Z\u00e1pasy"],"inLanguage":"cs","potentialAction":[{"@type":"CommentAction","name":"Comment","target":["https:\/\/evertonfc.cz\/index.php\/2017\/08\/01\/el-preview-ruzomberok-everton\/#respond"]}]},{"@type":"WebPage","@id":"https:\/\/evertonfc.cz\/index.php\/2017\/08\/01\/el-preview-ruzomberok-everton\/","url":"https:\/\/evertonfc.cz\/index.php\/2017\/08\/01\/el-preview-ruzomberok-everton\/","name":"EL Preview: Ru\u017eomberok - Everton - Official Czech &amp; Slovak Everton Supporters&#039; Club","isPartOf":{"@id":"https:\/\/evertonfc.cz\/#website"},"primaryImageOfPage":{"@id":"https:\/\/evertonfc.cz\/index.php\/2017\/08\/01\/el-preview-ruzomberok-everton\/#primaryimage"},"image":{"@id":"https:\/\/evertonfc.cz\/index.php\/2017\/08\/01\/el-preview-ruzomberok-everton\/#primaryimage"},"thumbnailUrl":"https:\/\/evertonfc.cz\/wp-content\/uploads\/2019\/01\/preview.jpg","datePublished":"2017-08-01T12:31:35+00:00","dateModified":"2019-02-10T13:32:59+00:00","breadcrumb":{"@id":"https:\/\/evertonfc.cz\/index.php\/2017\/08\/01\/el-preview-ruzomberok-everton\/#breadcrumb"},"inLanguage":"cs","potentialAction":[{"@type":"ReadAction","target":["https:\/\/evertonfc.cz\/index.php\/2017\/08\/01\/el-preview-ruzomberok-everton\/"]}]},{"@type":"ImageObject","inLanguage":"cs","@id":"https:\/\/evertonfc.cz\/index.php\/2017\/08\/01\/el-preview-ruzomberok-everton\/#primaryimage","url":"https:\/\/evertonfc.cz\/wp-content\/uploads\/2019\/01\/preview.jpg","contentUrl":"https:\/\/evertonfc.cz\/wp-content\/uploads\/2019\/01\/preview.jpg","width":720,"height":405},{"@type":"BreadcrumbList","@id":"https:\/\/evertonfc.cz\/index.php\/2017\/08\/01\/el-preview-ruzomberok-everton\/#breadcrumb","itemListElement":[{"@type":"ListItem","position":1,"name":"Home","item":"https:\/\/evertonfc.cz\/"},{"@type":"ListItem","position":2,"name":"EL Preview: Ru\u017eomberok &#8211; Everton"}]},{"@type":"WebSite","@id":"https:\/\/evertonfc.cz\/#website","url":"https:\/\/evertonfc.cz\/","name":"Official Czech &amp; Slovak Everton Supporters&#039; Club","description":"","publisher":{"@id":"https:\/\/evertonfc.cz\/#organization"},"potentialAction":[{"@type":"SearchAction","target":{"@type":"EntryPoint","urlTemplate":"https:\/\/evertonfc.cz\/?s={search_term_string}"},"query-input":{"@type":"PropertyValueSpecification","valueRequired":true,"valueName":"search_term_string"}}],"inLanguage":"cs"},{"@type":"Organization","@id":"https:\/\/evertonfc.cz\/#organization","name":"Official Czech & Slovak Everton Supporters' Club","url":"https:\/\/evertonfc.cz\/","logo":{"@type":"ImageObject","inLanguage":"cs","@id":"https:\/\/evertonfc.cz\/#\/schema\/logo\/image\/","url":"https:\/\/evertonfc.cz\/wp-content\/uploads\/2019\/05\/logo.png","contentUrl":"https:\/\/evertonfc.cz\/wp-content\/uploads\/2019\/05\/logo.png","width":112,"height":112,"caption":"Official Czech & Slovak Everton Supporters' Club"},"image":{"@id":"https:\/\/evertonfc.cz\/#\/schema\/logo\/image\/"},"sameAs":["https:\/\/www.facebook.com\/everton.fans.cz.sk"]},{"@type":"Person","@id":"https:\/\/evertonfc.cz\/#\/schema\/person\/b30daf6a5852f4811f8207a17ec1bf78","name":"Javor","sameAs":["https:\/\/x.com\/LoudinJan"],"url":"https:\/\/evertonfc.cz\/index.php\/author\/javor\/"}]}},"_links":{"self":[{"href":"https:\/\/evertonfc.cz\/index.php\/wp-json\/wp\/v2\/posts\/2953"}],"collection":[{"href":"https:\/\/evertonfc.cz\/index.php\/wp-json\/wp\/v2\/posts"}],"about":[{"href":"https:\/\/evertonfc.cz\/index.php\/wp-json\/wp\/v2\/types\/post"}],"author":[{"embeddable":true,"href":"https:\/\/evertonfc.cz\/index.php\/wp-json\/wp\/v2\/users\/12"}],"replies":[{"embeddable":true,"href":"https:\/\/evertonfc.cz\/index.php\/wp-json\/wp\/v2\/comments?post=2953"}],"version-history":[{"count":1,"href":"https:\/\/evertonfc.cz\/index.php\/wp-json\/wp\/v2\/posts\/2953\/revisions"}],"predecessor-version":[{"id":2955,"href":"https:\/\/evertonfc.cz\/index.php\/wp-json\/wp\/v2\/posts\/2953\/revisions\/2955"}],"wp:featuredmedia":[{"embeddable":true,"href":"https:\/\/evertonfc.cz\/index.php\/wp-json\/wp\/v2\/media\/1314"}],"wp:attachment":[{"href":"https:\/\/evertonfc.cz\/index.php\/wp-json\/wp\/v2\/media?parent=2953"}],"wp:term":[{"taxonomy":"category","embeddable":true,"href":"https:\/\/evertonfc.cz\/index.php\/wp-json\/wp\/v2\/categories?post=2953"},{"taxonomy":"post_tag","embeddable":true,"href":"https:\/\/evertonfc.cz\/index.php\/wp-json\/wp\/v2\/tags?post=2953"}],"curies":[{"name":"wp","href":"https:\/\/api.w.org\/{rel}","templated":true}]}}