{"id":29533,"date":"2026-09-05T19:45:34","date_gmt":"2026-09-05T17:45:34","guid":{"rendered":"https:\/\/evertonfc.cz\/?p=29533"},"modified":"2026-09-06T13:26:19","modified_gmt":"2026-09-06T11:26:19","slug":"pl-everton-manchester-united","status":"publish","type":"post","link":"https:\/\/evertonfc.cz\/index.php\/2026\/09\/05\/pl-everton-manchester-united\/","title":{"rendered":"PL: Everton &#8211; Manchester United"},"content":{"rendered":"<p><span style=\"color: #f28c28;\"><div class=\"su-tabs su-tabs-style-default su-tabs-mobile-stack\" data-active=\"1\" data-scroll-offset=\"0\" data-anchor-in-url=\"no\"><div class=\"su-tabs-nav\"><span class=\"\" data-url=\"\" data-target=\"blank\" tabindex=\"0\" role=\"button\">Preview<\/span><span class=\"\" data-url=\"\" data-target=\"blank\" tabindex=\"0\" role=\"button\">Report<\/span><\/div><div class=\"su-tabs-panes\"><div class=\"su-tabs-pane su-u-clearfix su-u-trim\" data-title=\"Preview\"><\/span><\/p>\n<h4>Jedna z nejv\u011bt\u0161\u00edch klasik anglick\u00e9ho fotbalu se pod\u00e1v\u00e1 v ned\u011bli odpoledne v liverpoolsk\u00fdch doc\u00edch. Nav\u00e1\u017ee Everton na slu\u0161n\u00fd start?<\/h4>\n<p>Everton za\u017eil v posledn\u00ed den p\u0159estupov\u00e9ho obdob\u00ed slu\u0161n\u00fd debakl. Aznou pry\u010d, Beto pry\u010d, n\u00e1hrada za n\u011b nikde. Ale zato si m\u016f\u017ee klubov\u00fd debut odb\u00fdt velmi vytou\u017een\u00e1 posila na prav\u00e9ho beka.<\/p>\n<p>Moyes se na p\u0159edz\u00e1pasov\u00e9 tiskov\u00e9 konferenci nijak netajil zklam\u00e1n\u00ed. Jednak nep\u0159i\u0161el Balogun, kter\u00fd si to rozmyslel v posledn\u00ed chv\u00edli, druhak Toffees neudr\u017eeli Ndiayeho.\u00a0<em>&#8222;Necht\u011bli jsme p\u0159ij\u00edt o tolik hr\u00e1\u010d\u016f, ale stalo se to&#8220;.\u00a0<\/em>Se startem do sez\u00f3ny (2 v\u00fdhry a rem\u00edza) vyj\u00e1d\u0159il spokojenost a tak\u00e9 prohl\u00e1sil, \u017ee p\u0159\u00edle\u017eitost dostanou ti, kte\u0159\u00ed by jinak tolik nehr\u00e1li. Asi na sv\u00e9 pom\u011bry revolu\u010dn\u011b zapoj\u00ed 15. hr\u00e1\u010de, zat\u00edm doposud mu jich sta\u010dilo 14.<\/p>\n<p>Zaj\u00edmavou v\u011btu \u0159ekl o Danu Friedkinovi. <em>&#8222;Osobn\u011b jsme se nikdy nepotkali. Kdy\u017e pot\u0159ebuji n\u011bco \u0159e\u0161it, zajdu za Angusem Kinnearem.&#8220;<\/em> Pr\u00e1v\u011b na hlavu v\u00fdkonn\u00e9ho \u0159editele klubu se sn\u00e1\u0161\u00ed nepochybn\u011b opr\u00e1vn\u011bn\u00e1 kritika za naprosto nezvl\u00e1dnut\u00e9 letn\u00ed p\u0159estupov\u00e9 obdob\u00ed. Je jist\u00e9, \u017ee v\u016f\u010di n\u011bmu budou z\u00edtra protestovat fanou\u0161ci. Pro \u00faplnost dodejme, \u017ee druh\u00fdm do p\u00e1ru ohledn\u011b denn\u00edho chodu klubu je Ri\u0161i Maajithia, Friedkin\u016fv ze\u0165.<\/p>\n<p>Manchester United v posledn\u00edch dvou sezon\u00e1ch uk\u00e1zal, \u010demu se v \u010de\u0161tin\u011b \u0159\u00edk\u00e1 &#8222;den a noc&#8220;. Zat\u00edmco v sezon\u011b 2024\/2025 skon\u010dili a\u017e 15., tak v minul\u00e9 sez\u00f3n\u011b se zada\u0159ilo. Nehr\u00e1li evropsk\u00e9 poh\u00e1ry, v Ligov\u00e9m i v Anglick\u00e9m poh\u00e1ru vypadli p\u0159i prvn\u00ed p\u0159\u00edle\u017eitosti. Mohli se tak soust\u0159edit na ligu &#8211; a vyplatilo se. Skon\u010dili trochu sezna\u010dn\u011b 3., \u010d\u00edm\u017e se kvalifikovali do Ligy mistr\u016f. Zat\u00edmn\u00ed start do sez\u00f3ny je v\u0161elijak\u00fd, prohra na h\u0159i\u0161ti nov\u00e1\u010dka v Hullu v 1. kole se ne\u010dekala, tak\u017ee si zchladili \u017e\u00e1hu doma proti dal\u0161\u00edmu nov\u00e1\u010dkovi, Ipswichi nasypali popul\u00e1rn\u00edho b\u016fra.<\/p>\n<p>Moyes\u016fv b\u00fdval\u00fd sv\u011b\u0159enec a nyn\u00ed mana\u017eer Man U Carrick na p\u0159edz\u00e1pasov\u00e9 tiskov\u00e9 konferenci prohl\u00e1sil, \u017ee \u0160e\u0161ko zlep\u0161uje svou kondici, nepochybn\u011b bude na lavi\u010dce a pokud bude t\u0159eba, tak nastoup\u00ed v z\u00e1kladn\u00ed sestav\u011b.\u00a0Diallo a Mount ji\u017e tr\u00e9nuj\u00ed s t\u00fdmem, ale do utk\u00e1n\u00ed nezas\u00e1hnou, dal\u0161\u00edmi absent\u00e9ry budou de Ligt, kter\u00fd se zotavuje po operaci zad a Ugarte, kter\u00fd l\u00e9\u010d\u00ed zran\u011bn\u00e9 koleno &#8211; ten opravdu hned tak nenastoup\u00ed.<\/p>\n<p>T\u011b\u017eko \u0159\u00edct, kdo bude n\u011bjak\u00fdm dal\u0161\u00edm absent\u00e9rem za dom\u00e1c\u00ed t\u00fdm krom\u011b N\u00f8rgaarda. S p\u0159\u00edchodem Maitlanda-Nilese se nab\u00edz\u00ed ukon\u010den\u00ed p\u016fsoben\u00ed R\u00f6hla na pozici prav\u00e9ho beka, otazn\u00edkem tak\u00e9 z\u016fst\u00e1v\u00e1 obsazen\u00ed lev\u00e9ho k\u0159\u00eddla, proto\u017ee Ndiaye ode\u0161el do Manchesteru City. Pokud by tam nastoupil Grealish, kdo by nastoupil vpravo? George p\u0159es nohu? Johnson?<\/p>\n<p><strong>Co:\u00a0<\/strong>Everton FC \u2013 Manchester United FC, 3. kolo Premier League<br \/>\n<strong>Kdy: <\/strong>6. z\u00e1\u0159\u00ed 2026 od 15:00<br \/>\n<strong>Kde:\u00a0<\/strong>Hill Dickinson Stadium \u2013 Bramley-Moore Dock, Regent Rd, Liverpool L5 9SR (kapacita: 52 769)<br \/>\n<strong>TV:\u00a0<\/strong>P\u0159\u00edm\u00fd p\u0159enos na stanici Canal+ sport, komentuje Ond\u0159ej L\u00edpa<br \/>\n<strong>Rozhod\u010d\u00ed: <\/strong>John Brooks \u2013 Simon Long, Blake Antrobus <strong>\u010ctvrt\u00fd rozhod\u010d\u00ed:<\/strong> Samuel Barrott<br \/>\n<strong>Videorozhod\u010d\u00ed:\u00a0<\/strong>Paul Howard\u00a0\u00a0<strong>Asistent videorozhod\u010d\u00edho: <\/strong>Craig Taylor<\/p>\n<p><span style=\"color: #f28c28;\"><\/div>\n<div class=\"su-tabs-pane su-u-clearfix su-u-trim\" data-title=\"Report\"><\/span><\/p>\n<p>&nbsp;<\/p>\n<p><span style=\"color: #f28c28;\"><\/div><\/div><\/div><\/span><\/p>\n","protected":false},"excerpt":{"rendered":"<p>Jedna z nejv\u011bt\u0161\u00edch klasik anglick\u00e9ho fotbalu se pod\u00e1v\u00e1 v ned\u011bli odpoledne v liverpoolsk\u00fdch doc\u00edch. Nav\u00e1\u017ee Everton na slu\u0161n\u00fd start?<\/p>\n","protected":false},"author":12,"featured_media":28474,"comment_status":"open","ping_status":"closed","sticky":false,"template":"","format":"standard","meta":{"_eb_attr":"","_monsterinsights_skip_tracking":false,"footnotes":""},"categories":[4],"tags":[],"ppma_author":[216],"class_list":["post-29533","post","type-post","status-publish","format-standard","has-post-thumbnail","hentry","category-zapasy"],"yoast_head":"<!-- This site is optimized with the Yoast SEO plugin v28.2 - https:\/\/yoast.com\/product\/yoast-seo-wordpress\/ -->\n<title>PL: Everton - Manchester United - Official Czech &amp; Slovak Everton Supporters&#039; Club<\/title>\n<meta name=\"description\" content=\"Jedna z nejv\u011bt\u0161\u00edch klasik anglick\u00e9ho fotbalu se pod\u00e1v\u00e1 v ned\u011bli odpoledne v liverpoolsk\u00fdch doc\u00edch. Nav\u00e1\u017ee Everton na slu\u0161n\u00fd start?\" \/>\n<meta name=\"robots\" content=\"index, follow, max-snippet:-1, max-image-preview:large, max-video-preview:-1\" \/>\n<link rel=\"canonical\" href=\"https:\/\/evertonfc.cz\/index.php\/2026\/09\/05\/pl-everton-manchester-united\/\" \/>\n<meta property=\"og:locale\" content=\"cs_CZ\" \/>\n<meta property=\"og:type\" content=\"article\" \/>\n<meta property=\"og:title\" content=\"PL: Everton - Manchester United - Official Czech &amp; Slovak Everton Supporters&#039; Club\" \/>\n<meta property=\"og:description\" content=\"Jedna z nejv\u011bt\u0161\u00edch klasik anglick\u00e9ho fotbalu se pod\u00e1v\u00e1 v ned\u011bli odpoledne v liverpoolsk\u00fdch doc\u00edch. Nav\u00e1\u017ee Everton na slu\u0161n\u00fd start?\" \/>\n<meta property=\"og:url\" content=\"https:\/\/evertonfc.cz\/index.php\/2026\/09\/05\/pl-everton-manchester-united\/\" \/>\n<meta property=\"og:site_name\" content=\"Official Czech &amp; Slovak Everton Supporters&#039; Club\" \/>\n<meta property=\"article:publisher\" content=\"https:\/\/www.facebook.com\/everton.fans.cz.sk\" \/>\n<meta property=\"article:published_time\" content=\"2026-09-05T17:45:34+00:00\" \/>\n<meta property=\"article:modified_time\" content=\"2026-09-06T11:26:19+00:00\" \/>\n<meta property=\"og:image\" content=\"https:\/\/evertonfc.cz\/wp-content\/uploads\/2026\/02\/Everton-BMD-Manchester-United.png\" \/>\n\t<meta property=\"og:image:width\" content=\"720\" \/>\n\t<meta property=\"og:image:height\" content=\"405\" \/>\n\t<meta property=\"og:image:type\" content=\"image\/png\" \/>\n<meta name=\"author\" content=\"Javor\" \/>\n<meta name=\"twitter:card\" content=\"summary_large_image\" \/>\n<meta name=\"twitter:creator\" content=\"@LoudinJan\" \/>\n<meta name=\"twitter:label1\" content=\"Napsal(a)\" \/>\n\t<meta name=\"twitter:data1\" content=\"Javor\" \/>\n\t<meta name=\"twitter:label2\" content=\"Odhadovan\u00e1 doba \u010dten\u00ed\" \/>\n\t<meta name=\"twitter:data2\" content=\"3 minuty\" \/>\n<script type=\"application\/ld+json\" class=\"yoast-schema-graph\">{\"@context\":\"https:\\\/\\\/schema.org\",\"@graph\":[{\"@type\":\"Article\",\"@id\":\"https:\\\/\\\/evertonfc.cz\\\/index.php\\\/2026\\\/09\\\/05\\\/pl-everton-manchester-united\\\/#article\",\"isPartOf\":{\"@id\":\"https:\\\/\\\/evertonfc.cz\\\/index.php\\\/2026\\\/09\\\/05\\\/pl-everton-manchester-united\\\/\"},\"author\":{\"name\":\"Javor\",\"@id\":\"https:\\\/\\\/evertonfc.cz\\\/#\\\/schema\\\/person\\\/b30daf6a5852f4811f8207a17ec1bf78\"},\"headline\":\"PL: Everton &#8211; Manchester United\",\"datePublished\":\"2026-09-05T17:45:34+00:00\",\"dateModified\":\"2026-09-06T11:26:19+00:00\",\"mainEntityOfPage\":{\"@id\":\"https:\\\/\\\/evertonfc.cz\\\/index.php\\\/2026\\\/09\\\/05\\\/pl-everton-manchester-united\\\/\"},\"wordCount\":593,\"commentCount\":3,\"publisher\":{\"@id\":\"https:\\\/\\\/evertonfc.cz\\\/#organization\"},\"image\":{\"@id\":\"https:\\\/\\\/evertonfc.cz\\\/index.php\\\/2026\\\/09\\\/05\\\/pl-everton-manchester-united\\\/#primaryimage\"},\"thumbnailUrl\":\"https:\\\/\\\/evertonfc.cz\\\/wp-content\\\/uploads\\\/2026\\\/02\\\/Everton-BMD-Manchester-United.png\",\"articleSection\":[\"Z\u00e1pasy\"],\"inLanguage\":\"cs\",\"potentialAction\":[{\"@type\":\"CommentAction\",\"name\":\"Comment\",\"target\":[\"https:\\\/\\\/evertonfc.cz\\\/index.php\\\/2026\\\/09\\\/05\\\/pl-everton-manchester-united\\\/#respond\"]}]},{\"@type\":\"WebPage\",\"@id\":\"https:\\\/\\\/evertonfc.cz\\\/index.php\\\/2026\\\/09\\\/05\\\/pl-everton-manchester-united\\\/\",\"url\":\"https:\\\/\\\/evertonfc.cz\\\/index.php\\\/2026\\\/09\\\/05\\\/pl-everton-manchester-united\\\/\",\"name\":\"PL: Everton - Manchester United - Official Czech &amp; Slovak Everton Supporters&#039; Club\",\"isPartOf\":{\"@id\":\"https:\\\/\\\/evertonfc.cz\\\/#website\"},\"primaryImageOfPage\":{\"@id\":\"https:\\\/\\\/evertonfc.cz\\\/index.php\\\/2026\\\/09\\\/05\\\/pl-everton-manchester-united\\\/#primaryimage\"},\"image\":{\"@id\":\"https:\\\/\\\/evertonfc.cz\\\/index.php\\\/2026\\\/09\\\/05\\\/pl-everton-manchester-united\\\/#primaryimage\"},\"thumbnailUrl\":\"https:\\\/\\\/evertonfc.cz\\\/wp-content\\\/uploads\\\/2026\\\/02\\\/Everton-BMD-Manchester-United.png\",\"datePublished\":\"2026-09-05T17:45:34+00:00\",\"dateModified\":\"2026-09-06T11:26:19+00:00\",\"description\":\"Jedna z nejv\u011bt\u0161\u00edch klasik anglick\u00e9ho fotbalu se pod\u00e1v\u00e1 v ned\u011bli odpoledne v liverpoolsk\u00fdch doc\u00edch. Nav\u00e1\u017ee Everton na slu\u0161n\u00fd start?\",\"breadcrumb\":{\"@id\":\"https:\\\/\\\/evertonfc.cz\\\/index.php\\\/2026\\\/09\\\/05\\\/pl-everton-manchester-united\\\/#breadcrumb\"},\"inLanguage\":\"cs\",\"potentialAction\":[{\"@type\":\"ReadAction\",\"target\":[\"https:\\\/\\\/evertonfc.cz\\\/index.php\\\/2026\\\/09\\\/05\\\/pl-everton-manchester-united\\\/\"]}]},{\"@type\":\"ImageObject\",\"inLanguage\":\"cs\",\"@id\":\"https:\\\/\\\/evertonfc.cz\\\/index.php\\\/2026\\\/09\\\/05\\\/pl-everton-manchester-united\\\/#primaryimage\",\"url\":\"https:\\\/\\\/evertonfc.cz\\\/wp-content\\\/uploads\\\/2026\\\/02\\\/Everton-BMD-Manchester-United.png\",\"contentUrl\":\"https:\\\/\\\/evertonfc.cz\\\/wp-content\\\/uploads\\\/2026\\\/02\\\/Everton-BMD-Manchester-United.png\",\"width\":720,\"height\":405},{\"@type\":\"BreadcrumbList\",\"@id\":\"https:\\\/\\\/evertonfc.cz\\\/index.php\\\/2026\\\/09\\\/05\\\/pl-everton-manchester-united\\\/#breadcrumb\",\"itemListElement\":[{\"@type\":\"ListItem\",\"position\":1,\"name\":\"Home\",\"item\":\"https:\\\/\\\/evertonfc.cz\\\/\"},{\"@type\":\"ListItem\",\"position\":2,\"name\":\"PL: Everton &#8211; Manchester United\"}]},{\"@type\":\"WebSite\",\"@id\":\"https:\\\/\\\/evertonfc.cz\\\/#website\",\"url\":\"https:\\\/\\\/evertonfc.cz\\\/\",\"name\":\"Official Czech &amp; Slovak Everton Supporters&#039; Club\",\"description\":\"\",\"publisher\":{\"@id\":\"https:\\\/\\\/evertonfc.cz\\\/#organization\"},\"potentialAction\":[{\"@type\":\"SearchAction\",\"target\":{\"@type\":\"EntryPoint\",\"urlTemplate\":\"https:\\\/\\\/evertonfc.cz\\\/?s={search_term_string}\"},\"query-input\":{\"@type\":\"PropertyValueSpecification\",\"valueRequired\":true,\"valueName\":\"search_term_string\"}}],\"inLanguage\":\"cs\"},{\"@type\":\"Organization\",\"@id\":\"https:\\\/\\\/evertonfc.cz\\\/#organization\",\"name\":\"Official Czech & Slovak Everton Supporters' Club\",\"url\":\"https:\\\/\\\/evertonfc.cz\\\/\",\"logo\":{\"@type\":\"ImageObject\",\"inLanguage\":\"cs\",\"@id\":\"https:\\\/\\\/evertonfc.cz\\\/#\\\/schema\\\/logo\\\/image\\\/\",\"url\":\"https:\\\/\\\/evertonfc.cz\\\/wp-content\\\/uploads\\\/2019\\\/05\\\/logo.png\",\"contentUrl\":\"https:\\\/\\\/evertonfc.cz\\\/wp-content\\\/uploads\\\/2019\\\/05\\\/logo.png\",\"width\":112,\"height\":112,\"caption\":\"Official Czech & Slovak Everton Supporters' Club\"},\"image\":{\"@id\":\"https:\\\/\\\/evertonfc.cz\\\/#\\\/schema\\\/logo\\\/image\\\/\"},\"sameAs\":[\"https:\\\/\\\/www.facebook.com\\\/everton.fans.cz.sk\"]},{\"@type\":\"Person\",\"@id\":\"https:\\\/\\\/evertonfc.cz\\\/#\\\/schema\\\/person\\\/b30daf6a5852f4811f8207a17ec1bf78\",\"name\":\"Javor\",\"sameAs\":[\"https:\\\/\\\/x.com\\\/LoudinJan\"],\"url\":\"https:\\\/\\\/evertonfc.cz\\\/index.php\\\/author\\\/javor\\\/\"}]}<\/script>\n<!-- \/ Yoast SEO plugin. -->","yoast_head_json":{"title":"PL: Everton - Manchester United - Official Czech &amp; Slovak Everton Supporters&#039; Club","description":"Jedna z nejv\u011bt\u0161\u00edch klasik anglick\u00e9ho fotbalu se pod\u00e1v\u00e1 v ned\u011bli odpoledne v liverpoolsk\u00fdch doc\u00edch. Nav\u00e1\u017ee Everton na slu\u0161n\u00fd start?","robots":{"index":"index","follow":"follow","max-snippet":"max-snippet:-1","max-image-preview":"max-image-preview:large","max-video-preview":"max-video-preview:-1"},"canonical":"https:\/\/evertonfc.cz\/index.php\/2026\/09\/05\/pl-everton-manchester-united\/","og_locale":"cs_CZ","og_type":"article","og_title":"PL: Everton - Manchester United - Official Czech &amp; Slovak Everton Supporters&#039; Club","og_description":"Jedna z nejv\u011bt\u0161\u00edch klasik anglick\u00e9ho fotbalu se pod\u00e1v\u00e1 v ned\u011bli odpoledne v liverpoolsk\u00fdch doc\u00edch. Nav\u00e1\u017ee Everton na slu\u0161n\u00fd start?","og_url":"https:\/\/evertonfc.cz\/index.php\/2026\/09\/05\/pl-everton-manchester-united\/","og_site_name":"Official Czech &amp; Slovak Everton Supporters&#039; Club","article_publisher":"https:\/\/www.facebook.com\/everton.fans.cz.sk","article_published_time":"2026-09-05T17:45:34+00:00","article_modified_time":"2026-09-06T11:26:19+00:00","og_image":[{"width":720,"height":405,"url":"https:\/\/evertonfc.cz\/wp-content\/uploads\/2026\/02\/Everton-BMD-Manchester-United.png","type":"image\/png"}],"author":"Javor","twitter_card":"summary_large_image","twitter_creator":"@LoudinJan","twitter_misc":{"Napsal(a)":"Javor","Odhadovan\u00e1 doba \u010dten\u00ed":"3 minuty"},"schema":{"@context":"https:\/\/schema.org","@graph":[{"@type":"Article","@id":"https:\/\/evertonfc.cz\/index.php\/2026\/09\/05\/pl-everton-manchester-united\/#article","isPartOf":{"@id":"https:\/\/evertonfc.cz\/index.php\/2026\/09\/05\/pl-everton-manchester-united\/"},"author":{"name":"Javor","@id":"https:\/\/evertonfc.cz\/#\/schema\/person\/b30daf6a5852f4811f8207a17ec1bf78"},"headline":"PL: Everton &#8211; Manchester United","datePublished":"2026-09-05T17:45:34+00:00","dateModified":"2026-09-06T11:26:19+00:00","mainEntityOfPage":{"@id":"https:\/\/evertonfc.cz\/index.php\/2026\/09\/05\/pl-everton-manchester-united\/"},"wordCount":593,"commentCount":3,"publisher":{"@id":"https:\/\/evertonfc.cz\/#organization"},"image":{"@id":"https:\/\/evertonfc.cz\/index.php\/2026\/09\/05\/pl-everton-manchester-united\/#primaryimage"},"thumbnailUrl":"https:\/\/evertonfc.cz\/wp-content\/uploads\/2026\/02\/Everton-BMD-Manchester-United.png","articleSection":["Z\u00e1pasy"],"inLanguage":"cs","potentialAction":[{"@type":"CommentAction","name":"Comment","target":["https:\/\/evertonfc.cz\/index.php\/2026\/09\/05\/pl-everton-manchester-united\/#respond"]}]},{"@type":"WebPage","@id":"https:\/\/evertonfc.cz\/index.php\/2026\/09\/05\/pl-everton-manchester-united\/","url":"https:\/\/evertonfc.cz\/index.php\/2026\/09\/05\/pl-everton-manchester-united\/","name":"PL: Everton - Manchester United - Official Czech &amp; Slovak Everton Supporters&#039; Club","isPartOf":{"@id":"https:\/\/evertonfc.cz\/#website"},"primaryImageOfPage":{"@id":"https:\/\/evertonfc.cz\/index.php\/2026\/09\/05\/pl-everton-manchester-united\/#primaryimage"},"image":{"@id":"https:\/\/evertonfc.cz\/index.php\/2026\/09\/05\/pl-everton-manchester-united\/#primaryimage"},"thumbnailUrl":"https:\/\/evertonfc.cz\/wp-content\/uploads\/2026\/02\/Everton-BMD-Manchester-United.png","datePublished":"2026-09-05T17:45:34+00:00","dateModified":"2026-09-06T11:26:19+00:00","description":"Jedna z nejv\u011bt\u0161\u00edch klasik anglick\u00e9ho fotbalu se pod\u00e1v\u00e1 v ned\u011bli odpoledne v liverpoolsk\u00fdch doc\u00edch. Nav\u00e1\u017ee Everton na slu\u0161n\u00fd start?","breadcrumb":{"@id":"https:\/\/evertonfc.cz\/index.php\/2026\/09\/05\/pl-everton-manchester-united\/#breadcrumb"},"inLanguage":"cs","potentialAction":[{"@type":"ReadAction","target":["https:\/\/evertonfc.cz\/index.php\/2026\/09\/05\/pl-everton-manchester-united\/"]}]},{"@type":"ImageObject","inLanguage":"cs","@id":"https:\/\/evertonfc.cz\/index.php\/2026\/09\/05\/pl-everton-manchester-united\/#primaryimage","url":"https:\/\/evertonfc.cz\/wp-content\/uploads\/2026\/02\/Everton-BMD-Manchester-United.png","contentUrl":"https:\/\/evertonfc.cz\/wp-content\/uploads\/2026\/02\/Everton-BMD-Manchester-United.png","width":720,"height":405},{"@type":"BreadcrumbList","@id":"https:\/\/evertonfc.cz\/index.php\/2026\/09\/05\/pl-everton-manchester-united\/#breadcrumb","itemListElement":[{"@type":"ListItem","position":1,"name":"Home","item":"https:\/\/evertonfc.cz\/"},{"@type":"ListItem","position":2,"name":"PL: Everton &#8211; Manchester United"}]},{"@type":"WebSite","@id":"https:\/\/evertonfc.cz\/#website","url":"https:\/\/evertonfc.cz\/","name":"Official Czech &amp; Slovak Everton Supporters&#039; Club","description":"","publisher":{"@id":"https:\/\/evertonfc.cz\/#organization"},"potentialAction":[{"@type":"SearchAction","target":{"@type":"EntryPoint","urlTemplate":"https:\/\/evertonfc.cz\/?s={search_term_string}"},"query-input":{"@type":"PropertyValueSpecification","valueRequired":true,"valueName":"search_term_string"}}],"inLanguage":"cs"},{"@type":"Organization","@id":"https:\/\/evertonfc.cz\/#organization","name":"Official Czech & Slovak Everton Supporters' Club","url":"https:\/\/evertonfc.cz\/","logo":{"@type":"ImageObject","inLanguage":"cs","@id":"https:\/\/evertonfc.cz\/#\/schema\/logo\/image\/","url":"https:\/\/evertonfc.cz\/wp-content\/uploads\/2019\/05\/logo.png","contentUrl":"https:\/\/evertonfc.cz\/wp-content\/uploads\/2019\/05\/logo.png","width":112,"height":112,"caption":"Official Czech & Slovak Everton Supporters' Club"},"image":{"@id":"https:\/\/evertonfc.cz\/#\/schema\/logo\/image\/"},"sameAs":["https:\/\/www.facebook.com\/everton.fans.cz.sk"]},{"@type":"Person","@id":"https:\/\/evertonfc.cz\/#\/schema\/person\/b30daf6a5852f4811f8207a17ec1bf78","name":"Javor","sameAs":["https:\/\/x.com\/LoudinJan"],"url":"https:\/\/evertonfc.cz\/index.php\/author\/javor\/"}]}},"authors":[{"term_id":216,"user_id":12,"is_guest":0,"slug":"javor","display_name":"Javor","avatar_url":"https:\/\/secure.gravatar.com\/avatar\/a382afb300e45f7d31972b42e13a8148c6f396fcadb5e006fe765591f4bdd334?s=96&d=mm&r=g","author_category":"","first_name":"","last_name":"","user_url":"","job_title":"","description":""}],"_links":{"self":[{"href":"https:\/\/evertonfc.cz\/index.php\/wp-json\/wp\/v2\/posts\/29533","targetHints":{"allow":["GET"]}}],"collection":[{"href":"https:\/\/evertonfc.cz\/index.php\/wp-json\/wp\/v2\/posts"}],"about":[{"href":"https:\/\/evertonfc.cz\/index.php\/wp-json\/wp\/v2\/types\/post"}],"author":[{"embeddable":true,"href":"https:\/\/evertonfc.cz\/index.php\/wp-json\/wp\/v2\/users\/12"}],"replies":[{"embeddable":true,"href":"https:\/\/evertonfc.cz\/index.php\/wp-json\/wp\/v2\/comments?post=29533"}],"version-history":[{"count":6,"href":"https:\/\/evertonfc.cz\/index.php\/wp-json\/wp\/v2\/posts\/29533\/revisions"}],"predecessor-version":[{"id":29542,"href":"https:\/\/evertonfc.cz\/index.php\/wp-json\/wp\/v2\/posts\/29533\/revisions\/29542"}],"wp:featuredmedia":[{"embeddable":true,"href":"https:\/\/evertonfc.cz\/index.php\/wp-json\/wp\/v2\/media\/28474"}],"wp:attachment":[{"href":"https:\/\/evertonfc.cz\/index.php\/wp-json\/wp\/v2\/media?parent=29533"}],"wp:term":[{"taxonomy":"category","embeddable":true,"href":"https:\/\/evertonfc.cz\/index.php\/wp-json\/wp\/v2\/categories?post=29533"},{"taxonomy":"post_tag","embeddable":true,"href":"https:\/\/evertonfc.cz\/index.php\/wp-json\/wp\/v2\/tags?post=29533"},{"taxonomy":"author","embeddable":true,"href":"https:\/\/evertonfc.cz\/index.php\/wp-json\/wp\/v2\/ppma_author?post=29533"}],"curies":[{"name":"wp","href":"https:\/\/api.w.org\/{rel}","templated":true}]}}