{"id":2954,"date":"2010-08-10T14:31:46","date_gmt":"2010-08-10T12:31:46","guid":{"rendered":"http:\/\/evertonfc.cz\/?p=2954"},"modified":"2019-02-10T14:33:35","modified_gmt":"2019-02-10T13:33:35","slug":"preview-nove-sezony","status":"publish","type":"post","link":"https:\/\/evertonfc.cz\/index.php\/2010\/08\/10\/preview-nove-sezony\/","title":{"rendered":"Preview nov\u00e9 sezony"},"content":{"rendered":"<h4>Nov\u00e1 sezona za\u010d\u00edn\u00e1 ji\u017e nadch\u00e1zej\u00edc\u00edm v\u00edkendem. Everton se m\u016f\u017ee py\u0161nit ambiciozn\u00edm a siln\u00fdm mu\u017estvem, dok\u00e1\u017ee tedy letos velk\u00e1 o\u010dek\u00e1v\u00e1n\u00ed naplnit?<\/h4>\n<p>Everton po osmi a p\u016fl letech pr\u00e1ce Davida Moyese. Za t\u00edmto spojen\u00edm hledejte vyv\u00e1\u017een\u00fd, sehran\u00fd a hlavn\u011b vysoce kvalitn\u00ed t\u00fdm, kter\u00fd nejen\u017ee m\u016f\u017ee, on by m\u011bl atakovat ty nejvy\u0161\u0161\u00ed p\u0159\u00ed\u010dky. Jen s podivem si \u010dlov\u011bk uv\u011bdom\u00ed, \u017ee v dne\u0161n\u00edm pen\u011bzi tolik dotovan\u00e9m fotbale, dok\u00e1\u017ee chud\u00fd Everton poskl\u00e1dat vylo\u017een\u011b siln\u00e9 mu\u017estvo, kter\u00e9 je stvo\u0159eno k jedin\u00e9mu &#8211; vyhr\u00e1vat.<\/p>\n<p>Lo\u0148sk\u00e1 sezona tolik vyda\u0159en\u00e1 nebyla. Ztracen\u00e9 manko dok\u00e1zali Toffees st\u00e1hnout jen na kone\u010dnou osmou p\u0159\u00ed\u010dku. P\u0159ed v\u00fdkopem nov\u00e9ho ro\u010dn\u00edku jsem v\u0161ak nejen j\u00e1 optimistou. Everton vykro\u010d\u00ed na tr\u00e1vn\u00edk v \u00favodn\u00edm utk\u00e1n\u00ed na p\u016fd\u011b Blackburnu v pln\u00e9 zbroji bez marod\u016f a s v\u011bdom\u00edm, \u017ee nejsiln\u011bj\u00ed mu\u017estvo za bezm\u00e1la t\u0159i desetilet\u00ed, kter\u00fdm se prvn\u00ed liverpoolsk\u00fd klub m\u016f\u017ee chlubit, na to opravdu m\u00e1. Tolik o\u010dek\u00e1vanou sezonu mohou zhatit jen dva faktory &#8211; dal\u0161\u00ed v\u00e1rka zran\u011bn\u00fdch, nebo jen vlastn\u00ed vina.<\/p>\n<p><strong>Lo\u0148sk\u00e1 sezona:\u00a0<\/strong>8.<\/p>\n<p><strong>P\u0159edpov\u011b\u010f:\u00a0<\/strong>4.<\/p>\n<p><strong>S\u00edla t\u00fdmu:\u00a0<\/strong>Hlavn\u00ed zbran\u00ed Blues je t\u00fdmov\u00fd duch. I d\u00edky velk\u00e9 soudr\u017enosti a bojovnosti vd\u011b\u010d\u00ed Everton za \u00fasp\u011bchy posledn\u00edch let. Kolikr\u00e1t pomohl p\u0159ehr\u00e1t i pap\u00edrov\u011b kvalitn\u011bj\u0161\u00ed man\u010dafty a s optimistick\u00fdmi vyhl\u00eddkami je nab\u00edledni, \u017ee do posledn\u00edch sil se Toffees budou rv\u00e1t i letos. Nesm\u00edme v\u0161ak opomenout ani sou\u010dasnou v\u00fdstavn\u00ed sk\u0159\u00ed\u0148 t\u00fdmu &#8211; z\u00e1lohu. A\u017e na dlouholetou pot\u00ed\u017e na jej\u00edm prav\u00e9m kraji, j\u00ed nechyb\u00ed prakticky nic.<\/p>\n<p><strong>Slabina t\u00fdmu:\u00a0<\/strong>K\u00e1dr je letos zase o n\u011bco \u0161ir\u0161\u00ed, tak\u017ee pokud nep\u0159ijdou dal\u0161\u00ed masivn\u00ed ztr\u00e1ty, zde by probl\u00e9m nastat nem\u011bl. Bohu\u017eel \u010dast\u00e1 zran\u011bn\u00ed jsou v posledn\u00edch letech smutn\u00fdm t\u00fdmov\u00fdm koloritem, a tak se d\u00e1 o\u010dek\u00e1vat, \u017ee ob\u011bti budou. Sm\u016flu si ale Blues snad vybrali na dlouho dop\u0159edu, tak\u017ee se na ofici\u00e1ln\u00edm webu \u010dty\u0159ikr\u00e1t do roka u\u017e douf\u00e1m nedo\u010dtu on\u011bch hr\u016fzu nah\u00e1n\u011bj\u00edc\u00ed slovn\u00edch spojen\u00ed &#8222;ruptured ligaments&#8220; nebo &#8222;out for 6 months&#8220;.<\/p>\n<p><strong>P\u0159\u00edprava:\u00a0<\/strong>Po letech se Evertonu skute\u010dn\u011b vyda\u0159ila. M\u011bl jsem mo\u017enost shl\u00e9dnout jedin\u00fd z\u00e1pas, ale i t\u011bch devades\u00e1t minut pohledn\u00e9ho, n\u00e1padit\u00e9ho fotbalu ud\u011blalo velkou radost. Ze sedmi z\u00e1pas\u016f nav\u00edc Everton \u0161estkr\u00e1t vyhr\u00e1l (a\u010dkoliv se nejednalo o soupe\u0159e, s nimi\u017e by m\u011b\u0159en\u00ed sil dod\u00e1valo n\u011bjakou vypov\u00eddaj\u00edc\u00ed hodnotu). Jedin\u00e1 prohra p\u0159i\u0161la v posledn\u00edm z\u00e1pase na p\u016fd\u011b Wolfsburgu.<\/p>\n<p><strong>Nov\u00ed hr\u00e1\u010di:\u00a0<\/strong>Tak jako ji\u017e tradi\u010dn\u011b Everton v\u00fdraznou aktivitou na trhu neopl\u00fdval. Popravd\u011b \u0159e\u010deno ale ani nebylo t\u0159eba masivn\u011b posilovat. Mu\u017estvo je p\u011bkn\u011b vyv\u00e1\u017een\u00e9 a a\u010dkoliv jej st\u00e1le zlob\u00ed ji\u017e zm\u00edn\u011bn\u00e1 prav\u00e1 z\u00e1loha, do\u010dkalo se pouze men\u0161\u00edch posiln\u011bn\u00ed. Zdarma p\u0159i\u0161el \u00fato\u010dn\u00edk Jermaine Beckford, kter\u00fd se v p\u0159\u00edprav\u011b trefil t\u0159ikr\u00e1t, zkvalitn\u011bn\u00ed brank\u00e1\u0159sk\u00e9 trojice pak p\u0159edstavuje slovensk\u00e1 jedni\u010dka J\u00e1n Mucha a do t\u0159etice bude v prvn\u00edm t\u00fdmu hr\u00e1t roli tak\u00e9 Magaye Gueye, talentovan\u00fd francouzsk\u00fd z\u00e1lo\u017en\u00edk \u010di \u00fato\u010dn\u00edk, jen\u017e se v p\u0159\u00edprav\u011b t\u00e9\u017e jevil v dobr\u00e9m sv\u011btle.<\/p>\n<p><strong>Odchody:\u00a0<\/strong>Ani odchodyzat\u00edm nejsou nijak vysok\u00e9. Klub opustil zat\u00edm pouze Phillipe Senderos, jen\u017e ale na Goodison Parku pob\u00fdval pouze na hostov\u00e1n\u00ed. Hodn\u011b se v\u0161ak namluvilo o kontroverzn\u00edm odchodu Dana Goslinga. Klub se sna\u017e\u00ed hodit vinu na hr\u00e1\u010de a agenta, agent vrac\u00ed stejnou minc\u00ed, no vyznejte se v tom. Pravdou ale je, \u017ee o \u017e\u00e1dn\u00e9 oslaben\u00ed nejde. Gosling je pr\u016fm\u011brn\u00fd, v m\u00fdch o\u010d\u00edch mo\u017en\u00e1 i lehce podpr\u016fm\u011brn\u00fd z\u00e1lo\u017en\u00edk, kter\u00fd t\u00fdm naprosto ni\u010d\u00edm neobohatil, dokonce m\u00e1m prozat\u00edm i pochybnosti o jeho dostate\u010dn\u00fdch kvalit\u00e1ch pro tuto sout\u011b\u017e. Mus\u00edm se proto jen sm\u00e1t n\u011bkter\u00fdm n\u00e1zor\u016fm, podle kter\u00fdch je tohle budouc\u00ed hv\u011bzda anglick\u00e9 reprezentace. Nicm\u00e9n\u011b, d\u00edky Dane alespo\u0148 za ten g\u00f3l.<\/p>\n<p><strong>Koho sledovat:\u00a0<\/strong>Zaj\u00edmav\u00e9 bude sledovat, jak se v Premier League chytne Jermaine Beckford. \u00dato\u010dn\u00edka celou kari\u00e9rou prov\u00e1zej\u00ed bohat\u00e9 g\u00f3lov\u00e9 statistiky a v\u00fdkony z p\u0159\u00edpravy nazna\u010duj\u00ed, \u017ee i na nejvy\u0161\u0161\u00ed \u00farovni od n\u011bj branky \u010dekat m\u016f\u017eeme. Pud zabij\u00e1ka ve v\u00e1pn\u011b zkr\u00e1tka Beckford nezap\u0159e. Dal\u0161\u00ed skv\u011blou sezonu by m\u011bl m\u00edt p\u0159ed sebou i Jack Rodwell. Mladi\u010dk\u00fd univerz\u00e1l vlastn\u011b ani nem\u00e1 svoji st\u00e1lou pozici, proto\u017ee a\u0165 nastoup\u00ed kde nastoup\u00ed, zahraje v\u00fdte\u010dn\u011b. Tak\u017ee nepl\u00e9st s Goslingem, tohle je ta prav\u00e1 budouc\u00ed hv\u011bzda Albionu.<\/p>\n<p><strong>Mlad\u00ed hr\u00e1\u010di:\u00a0<\/strong>Krom zm\u00edn\u011bn\u00e9ho Rodwella se o\u010dek\u00e1v\u00e1, \u017ee v\u00edce a v\u00edce \u0161anc\u00ed bude m\u00edt k dispozici Seamus Coleman, v\u00fdbu\u0161n\u00fd, \u00fato\u010dn\u011b lad\u011bn\u00fd prav\u00fd bek. Dal\u0161\u00edm obrann\u00fdm talentem je Shane Duffy, kter\u00fd sice prod\u011blal v\u00e1\u017en\u00e9 vnit\u0159n\u00ed zran\u011bn\u00ed, kter\u00e9 mlad\u00e9ho Ira dokonce mohlo p\u0159ipravit o \u017eivot, nicm\u00e9n\u011b s jeho potenci\u00e1lem je jen ot\u00e1zkou \u010dasu, kdy v Evertonu dostane po\u0159\u00e1dnou p\u0159\u00edle\u017eitost. A abychom nez\u016fstali jen u defenzivy, tak\u00e9 v z\u00e1lo\u017en\u00ed \u0159ad\u011b Toffees roste &#8222;nov\u00fd Rodwell&#8220;- Ross Barkley ji\u017e \u00fadajn\u011b n\u011bkolikr\u00e1t tr\u00e9noval s prvn\u00edm t\u00fdmem, a takt\u00e9\u017e se d\u00e1 p\u0159edpokl\u00e1dat, \u017ee tento \u0161estn\u00e1ctilet\u00fd kreativn\u00ed st\u0159edopola\u0159 m\u00e1 v Evertonu sv\u011btlou budoucnost.<\/p>\n<p><strong>Trag\u00e9di:\u00a0<\/strong>Ji\u017e nic m\u011b nep\u0159esv\u011bd\u010d\u00ed o d\u016fvodu, pro\u010d by si Everton m\u011b ponechat \u010dasto chybuj\u00edc\u00edho Josepha Yoba, kter\u00fd je jen st\u00ednem spolehliv\u00e9ho stopera, kter\u00fdm kdysi b\u00fdval. V \u00favahu by tak\u00e9 v p\u0159\u00edpad\u011b adekv\u00e1tn\u00ed nab\u00eddky p\u0159ich\u00e1zel prodej Yakubua, kter\u00e9ho \u010dlov\u011bk od v\u00e1\u017en\u00e9ho zran\u011bn\u00ed achillovky nepozn\u00e1v\u00e1. Nav\u00edc by t\u011bmito dv\u011bma prodeji Toffees mo\u017en\u00e1 mohli financovat vysn\u011bnou posilu &#8211; Landona Donovana.<\/p>\n<p><strong>Ide\u00e1ln\u00ed sestava:\u00a0<\/strong>Howard, Neville &#8211; Jagielka &#8211; Heitinga &#8211; Baines, Bilyaletdinov &#8211; Fellaini &#8211; Arteta &#8211; Pienaar &#8211; Cahill, Saha<\/p>\n<p><strong>Nen\u00e1vid\u011bn\u00e9 kluby a hr\u00e1\u010di:\u00a0<\/strong>Liverpool, Manchester City.<\/p>\n<p><strong>Titul vyhraje:\u00a0<\/strong>Manchester United<\/p>\n<p><strong>Sestoup\u00ed:\u00a0<\/strong>Blackpool, Wigan, Blackburn<\/p>\n","protected":false},"excerpt":{"rendered":"<p>Nov\u00e1 sezona za\u010d\u00edn\u00e1 ji\u017e nadch\u00e1zej\u00edc\u00edm v\u00edkendem. Everton se m\u016f\u017ee py\u0161nit ambiciozn\u00edm a siln\u00fdm mu\u017estvem, dok\u00e1\u017ee tedy letos velk\u00e1 o\u010dek\u00e1v\u00e1n\u00ed naplnit?&hellip;<\/p>\n","protected":false},"author":7,"featured_media":1313,"comment_status":"open","ping_status":"closed","sticky":false,"template":"","format":"standard","meta":{"_eb_attr":"","_monsterinsights_skip_tracking":false,"_monsterinsights_sitenote_active":false,"_monsterinsights_sitenote_note":"","_monsterinsights_sitenote_category":0,"footnotes":""},"categories":[42],"tags":[],"yoast_head":"<!-- This site is optimized with the Yoast SEO plugin v23.4 - https:\/\/yoast.com\/wordpress\/plugins\/seo\/ -->\n<title>Preview nov\u00e9 sezony - Official Czech &amp; Slovak Everton Supporters&#039; Club<\/title>\n<meta name=\"robots\" content=\"index, follow, max-snippet:-1, max-image-preview:large, max-video-preview:-1\" \/>\n<link rel=\"canonical\" href=\"https:\/\/evertonfc.cz\/index.php\/2010\/08\/10\/preview-nove-sezony\/\" \/>\n<meta property=\"og:locale\" content=\"cs_CZ\" \/>\n<meta property=\"og:type\" content=\"article\" \/>\n<meta property=\"og:title\" content=\"Preview nov\u00e9 sezony - Official Czech &amp; Slovak Everton Supporters&#039; Club\" \/>\n<meta property=\"og:description\" content=\"Nov\u00e1 sezona za\u010d\u00edn\u00e1 ji\u017e nadch\u00e1zej\u00edc\u00edm v\u00edkendem. Everton se m\u016f\u017ee py\u0161nit ambiciozn\u00edm a siln\u00fdm mu\u017estvem, dok\u00e1\u017ee tedy letos velk\u00e1 o\u010dek\u00e1v\u00e1n\u00ed naplnit?&hellip;\" \/>\n<meta property=\"og:url\" content=\"https:\/\/evertonfc.cz\/index.php\/2010\/08\/10\/preview-nove-sezony\/\" \/>\n<meta property=\"og:site_name\" content=\"Official Czech &amp; Slovak Everton Supporters&#039; Club\" \/>\n<meta property=\"article:publisher\" content=\"https:\/\/www.facebook.com\/everton.fans.cz.sk\" \/>\n<meta property=\"article:published_time\" content=\"2010-08-10T12:31:46+00:00\" \/>\n<meta property=\"article:modified_time\" content=\"2019-02-10T13:33:35+00:00\" \/>\n<meta property=\"og:image\" content=\"https:\/\/evertonfc.cz\/wp-content\/uploads\/2019\/01\/news.jpg\" \/>\n\t<meta property=\"og:image:width\" content=\"720\" \/>\n\t<meta property=\"og:image:height\" content=\"405\" \/>\n\t<meta property=\"og:image:type\" content=\"image\/jpeg\" \/>\n<meta name=\"author\" content=\"Me\u0148a\" \/>\n<meta name=\"twitter:card\" content=\"summary_large_image\" \/>\n<meta name=\"twitter:label1\" content=\"Napsal(a)\" \/>\n\t<meta name=\"twitter:data1\" content=\"Me\u0148a\" \/>\n\t<meta name=\"twitter:label2\" content=\"Odhadovan\u00e1 doba \u010dten\u00ed\" \/>\n\t<meta name=\"twitter:data2\" content=\"6 minut\" \/>\n<script type=\"application\/ld+json\" class=\"yoast-schema-graph\">{\"@context\":\"https:\/\/schema.org\",\"@graph\":[{\"@type\":\"Article\",\"@id\":\"https:\/\/evertonfc.cz\/index.php\/2010\/08\/10\/preview-nove-sezony\/#article\",\"isPartOf\":{\"@id\":\"https:\/\/evertonfc.cz\/index.php\/2010\/08\/10\/preview-nove-sezony\/\"},\"author\":{\"name\":\"Me\u0148a\",\"@id\":\"https:\/\/evertonfc.cz\/#\/schema\/person\/cd6328a75577de2add7793fd4b0930c3\"},\"headline\":\"Preview nov\u00e9 sezony\",\"datePublished\":\"2010-08-10T12:31:46+00:00\",\"dateModified\":\"2019-02-10T13:33:35+00:00\",\"mainEntityOfPage\":{\"@id\":\"https:\/\/evertonfc.cz\/index.php\/2010\/08\/10\/preview-nove-sezony\/\"},\"wordCount\":1135,\"commentCount\":0,\"publisher\":{\"@id\":\"https:\/\/evertonfc.cz\/#organization\"},\"image\":{\"@id\":\"https:\/\/evertonfc.cz\/index.php\/2010\/08\/10\/preview-nove-sezony\/#primaryimage\"},\"thumbnailUrl\":\"https:\/\/evertonfc.cz\/wp-content\/uploads\/2019\/01\/news.jpg\",\"articleSection\":[\"Aktuality\"],\"inLanguage\":\"cs\",\"potentialAction\":[{\"@type\":\"CommentAction\",\"name\":\"Comment\",\"target\":[\"https:\/\/evertonfc.cz\/index.php\/2010\/08\/10\/preview-nove-sezony\/#respond\"]}]},{\"@type\":\"WebPage\",\"@id\":\"https:\/\/evertonfc.cz\/index.php\/2010\/08\/10\/preview-nove-sezony\/\",\"url\":\"https:\/\/evertonfc.cz\/index.php\/2010\/08\/10\/preview-nove-sezony\/\",\"name\":\"Preview nov\u00e9 sezony - Official Czech &amp; Slovak Everton Supporters&#039; Club\",\"isPartOf\":{\"@id\":\"https:\/\/evertonfc.cz\/#website\"},\"primaryImageOfPage\":{\"@id\":\"https:\/\/evertonfc.cz\/index.php\/2010\/08\/10\/preview-nove-sezony\/#primaryimage\"},\"image\":{\"@id\":\"https:\/\/evertonfc.cz\/index.php\/2010\/08\/10\/preview-nove-sezony\/#primaryimage\"},\"thumbnailUrl\":\"https:\/\/evertonfc.cz\/wp-content\/uploads\/2019\/01\/news.jpg\",\"datePublished\":\"2010-08-10T12:31:46+00:00\",\"dateModified\":\"2019-02-10T13:33:35+00:00\",\"breadcrumb\":{\"@id\":\"https:\/\/evertonfc.cz\/index.php\/2010\/08\/10\/preview-nove-sezony\/#breadcrumb\"},\"inLanguage\":\"cs\",\"potentialAction\":[{\"@type\":\"ReadAction\",\"target\":[\"https:\/\/evertonfc.cz\/index.php\/2010\/08\/10\/preview-nove-sezony\/\"]}]},{\"@type\":\"ImageObject\",\"inLanguage\":\"cs\",\"@id\":\"https:\/\/evertonfc.cz\/index.php\/2010\/08\/10\/preview-nove-sezony\/#primaryimage\",\"url\":\"https:\/\/evertonfc.cz\/wp-content\/uploads\/2019\/01\/news.jpg\",\"contentUrl\":\"https:\/\/evertonfc.cz\/wp-content\/uploads\/2019\/01\/news.jpg\",\"width\":720,\"height\":405},{\"@type\":\"BreadcrumbList\",\"@id\":\"https:\/\/evertonfc.cz\/index.php\/2010\/08\/10\/preview-nove-sezony\/#breadcrumb\",\"itemListElement\":[{\"@type\":\"ListItem\",\"position\":1,\"name\":\"Home\",\"item\":\"https:\/\/evertonfc.cz\/\"},{\"@type\":\"ListItem\",\"position\":2,\"name\":\"Preview nov\u00e9 sezony\"}]},{\"@type\":\"WebSite\",\"@id\":\"https:\/\/evertonfc.cz\/#website\",\"url\":\"https:\/\/evertonfc.cz\/\",\"name\":\"Official Czech &amp; Slovak Everton Supporters&#039; Club\",\"description\":\"\",\"publisher\":{\"@id\":\"https:\/\/evertonfc.cz\/#organization\"},\"potentialAction\":[{\"@type\":\"SearchAction\",\"target\":{\"@type\":\"EntryPoint\",\"urlTemplate\":\"https:\/\/evertonfc.cz\/?s={search_term_string}\"},\"query-input\":{\"@type\":\"PropertyValueSpecification\",\"valueRequired\":true,\"valueName\":\"search_term_string\"}}],\"inLanguage\":\"cs\"},{\"@type\":\"Organization\",\"@id\":\"https:\/\/evertonfc.cz\/#organization\",\"name\":\"Official Czech & Slovak Everton Supporters' Club\",\"url\":\"https:\/\/evertonfc.cz\/\",\"logo\":{\"@type\":\"ImageObject\",\"inLanguage\":\"cs\",\"@id\":\"https:\/\/evertonfc.cz\/#\/schema\/logo\/image\/\",\"url\":\"https:\/\/evertonfc.cz\/wp-content\/uploads\/2019\/05\/logo.png\",\"contentUrl\":\"https:\/\/evertonfc.cz\/wp-content\/uploads\/2019\/05\/logo.png\",\"width\":112,\"height\":112,\"caption\":\"Official Czech & Slovak Everton Supporters' Club\"},\"image\":{\"@id\":\"https:\/\/evertonfc.cz\/#\/schema\/logo\/image\/\"},\"sameAs\":[\"https:\/\/www.facebook.com\/everton.fans.cz.sk\"]},{\"@type\":\"Person\",\"@id\":\"https:\/\/evertonfc.cz\/#\/schema\/person\/cd6328a75577de2add7793fd4b0930c3\",\"name\":\"Me\u0148a\",\"url\":\"https:\/\/evertonfc.cz\/index.php\/author\/mena\/\"}]}<\/script>\n<!-- \/ Yoast SEO plugin. -->","yoast_head_json":{"title":"Preview nov\u00e9 sezony - Official Czech &amp; Slovak Everton Supporters&#039; Club","robots":{"index":"index","follow":"follow","max-snippet":"max-snippet:-1","max-image-preview":"max-image-preview:large","max-video-preview":"max-video-preview:-1"},"canonical":"https:\/\/evertonfc.cz\/index.php\/2010\/08\/10\/preview-nove-sezony\/","og_locale":"cs_CZ","og_type":"article","og_title":"Preview nov\u00e9 sezony - Official Czech &amp; Slovak Everton Supporters&#039; Club","og_description":"Nov\u00e1 sezona za\u010d\u00edn\u00e1 ji\u017e nadch\u00e1zej\u00edc\u00edm v\u00edkendem. Everton se m\u016f\u017ee py\u0161nit ambiciozn\u00edm a siln\u00fdm mu\u017estvem, dok\u00e1\u017ee tedy letos velk\u00e1 o\u010dek\u00e1v\u00e1n\u00ed naplnit?&hellip;","og_url":"https:\/\/evertonfc.cz\/index.php\/2010\/08\/10\/preview-nove-sezony\/","og_site_name":"Official Czech &amp; Slovak Everton Supporters&#039; Club","article_publisher":"https:\/\/www.facebook.com\/everton.fans.cz.sk","article_published_time":"2010-08-10T12:31:46+00:00","article_modified_time":"2019-02-10T13:33:35+00:00","og_image":[{"width":720,"height":405,"url":"https:\/\/evertonfc.cz\/wp-content\/uploads\/2019\/01\/news.jpg","type":"image\/jpeg"}],"author":"Me\u0148a","twitter_card":"summary_large_image","twitter_misc":{"Napsal(a)":"Me\u0148a","Odhadovan\u00e1 doba \u010dten\u00ed":"6 minut"},"schema":{"@context":"https:\/\/schema.org","@graph":[{"@type":"Article","@id":"https:\/\/evertonfc.cz\/index.php\/2010\/08\/10\/preview-nove-sezony\/#article","isPartOf":{"@id":"https:\/\/evertonfc.cz\/index.php\/2010\/08\/10\/preview-nove-sezony\/"},"author":{"name":"Me\u0148a","@id":"https:\/\/evertonfc.cz\/#\/schema\/person\/cd6328a75577de2add7793fd4b0930c3"},"headline":"Preview nov\u00e9 sezony","datePublished":"2010-08-10T12:31:46+00:00","dateModified":"2019-02-10T13:33:35+00:00","mainEntityOfPage":{"@id":"https:\/\/evertonfc.cz\/index.php\/2010\/08\/10\/preview-nove-sezony\/"},"wordCount":1135,"commentCount":0,"publisher":{"@id":"https:\/\/evertonfc.cz\/#organization"},"image":{"@id":"https:\/\/evertonfc.cz\/index.php\/2010\/08\/10\/preview-nove-sezony\/#primaryimage"},"thumbnailUrl":"https:\/\/evertonfc.cz\/wp-content\/uploads\/2019\/01\/news.jpg","articleSection":["Aktuality"],"inLanguage":"cs","potentialAction":[{"@type":"CommentAction","name":"Comment","target":["https:\/\/evertonfc.cz\/index.php\/2010\/08\/10\/preview-nove-sezony\/#respond"]}]},{"@type":"WebPage","@id":"https:\/\/evertonfc.cz\/index.php\/2010\/08\/10\/preview-nove-sezony\/","url":"https:\/\/evertonfc.cz\/index.php\/2010\/08\/10\/preview-nove-sezony\/","name":"Preview nov\u00e9 sezony - Official Czech &amp; Slovak Everton Supporters&#039; Club","isPartOf":{"@id":"https:\/\/evertonfc.cz\/#website"},"primaryImageOfPage":{"@id":"https:\/\/evertonfc.cz\/index.php\/2010\/08\/10\/preview-nove-sezony\/#primaryimage"},"image":{"@id":"https:\/\/evertonfc.cz\/index.php\/2010\/08\/10\/preview-nove-sezony\/#primaryimage"},"thumbnailUrl":"https:\/\/evertonfc.cz\/wp-content\/uploads\/2019\/01\/news.jpg","datePublished":"2010-08-10T12:31:46+00:00","dateModified":"2019-02-10T13:33:35+00:00","breadcrumb":{"@id":"https:\/\/evertonfc.cz\/index.php\/2010\/08\/10\/preview-nove-sezony\/#breadcrumb"},"inLanguage":"cs","potentialAction":[{"@type":"ReadAction","target":["https:\/\/evertonfc.cz\/index.php\/2010\/08\/10\/preview-nove-sezony\/"]}]},{"@type":"ImageObject","inLanguage":"cs","@id":"https:\/\/evertonfc.cz\/index.php\/2010\/08\/10\/preview-nove-sezony\/#primaryimage","url":"https:\/\/evertonfc.cz\/wp-content\/uploads\/2019\/01\/news.jpg","contentUrl":"https:\/\/evertonfc.cz\/wp-content\/uploads\/2019\/01\/news.jpg","width":720,"height":405},{"@type":"BreadcrumbList","@id":"https:\/\/evertonfc.cz\/index.php\/2010\/08\/10\/preview-nove-sezony\/#breadcrumb","itemListElement":[{"@type":"ListItem","position":1,"name":"Home","item":"https:\/\/evertonfc.cz\/"},{"@type":"ListItem","position":2,"name":"Preview nov\u00e9 sezony"}]},{"@type":"WebSite","@id":"https:\/\/evertonfc.cz\/#website","url":"https:\/\/evertonfc.cz\/","name":"Official Czech &amp; Slovak Everton Supporters&#039; Club","description":"","publisher":{"@id":"https:\/\/evertonfc.cz\/#organization"},"potentialAction":[{"@type":"SearchAction","target":{"@type":"EntryPoint","urlTemplate":"https:\/\/evertonfc.cz\/?s={search_term_string}"},"query-input":{"@type":"PropertyValueSpecification","valueRequired":true,"valueName":"search_term_string"}}],"inLanguage":"cs"},{"@type":"Organization","@id":"https:\/\/evertonfc.cz\/#organization","name":"Official Czech & Slovak Everton Supporters' Club","url":"https:\/\/evertonfc.cz\/","logo":{"@type":"ImageObject","inLanguage":"cs","@id":"https:\/\/evertonfc.cz\/#\/schema\/logo\/image\/","url":"https:\/\/evertonfc.cz\/wp-content\/uploads\/2019\/05\/logo.png","contentUrl":"https:\/\/evertonfc.cz\/wp-content\/uploads\/2019\/05\/logo.png","width":112,"height":112,"caption":"Official Czech & Slovak Everton Supporters' Club"},"image":{"@id":"https:\/\/evertonfc.cz\/#\/schema\/logo\/image\/"},"sameAs":["https:\/\/www.facebook.com\/everton.fans.cz.sk"]},{"@type":"Person","@id":"https:\/\/evertonfc.cz\/#\/schema\/person\/cd6328a75577de2add7793fd4b0930c3","name":"Me\u0148a","url":"https:\/\/evertonfc.cz\/index.php\/author\/mena\/"}]}},"_links":{"self":[{"href":"https:\/\/evertonfc.cz\/index.php\/wp-json\/wp\/v2\/posts\/2954"}],"collection":[{"href":"https:\/\/evertonfc.cz\/index.php\/wp-json\/wp\/v2\/posts"}],"about":[{"href":"https:\/\/evertonfc.cz\/index.php\/wp-json\/wp\/v2\/types\/post"}],"author":[{"embeddable":true,"href":"https:\/\/evertonfc.cz\/index.php\/wp-json\/wp\/v2\/users\/7"}],"replies":[{"embeddable":true,"href":"https:\/\/evertonfc.cz\/index.php\/wp-json\/wp\/v2\/comments?post=2954"}],"version-history":[{"count":1,"href":"https:\/\/evertonfc.cz\/index.php\/wp-json\/wp\/v2\/posts\/2954\/revisions"}],"predecessor-version":[{"id":2956,"href":"https:\/\/evertonfc.cz\/index.php\/wp-json\/wp\/v2\/posts\/2954\/revisions\/2956"}],"wp:featuredmedia":[{"embeddable":true,"href":"https:\/\/evertonfc.cz\/index.php\/wp-json\/wp\/v2\/media\/1313"}],"wp:attachment":[{"href":"https:\/\/evertonfc.cz\/index.php\/wp-json\/wp\/v2\/media?parent=2954"}],"wp:term":[{"taxonomy":"category","embeddable":true,"href":"https:\/\/evertonfc.cz\/index.php\/wp-json\/wp\/v2\/categories?post=2954"},{"taxonomy":"post_tag","embeddable":true,"href":"https:\/\/evertonfc.cz\/index.php\/wp-json\/wp\/v2\/tags?post=2954"}],"curies":[{"name":"wp","href":"https:\/\/api.w.org\/{rel}","templated":true}]}}