{"id":2959,"date":"2010-08-11T14:36:04","date_gmt":"2010-08-11T12:36:04","guid":{"rendered":"http:\/\/evertonfc.cz\/?p=2959"},"modified":"2019-02-10T14:37:38","modified_gmt":"2019-02-10T13:37:38","slug":"fans-interview-blackburn-rovers","status":"publish","type":"post","link":"https:\/\/evertonfc.cz\/index.php\/2010\/08\/11\/fans-interview-blackburn-rovers\/","title":{"rendered":"Fans interview: Blackburn Rovers"},"content":{"rendered":"<h4>S novou sez\u00f3nou Premier League se op\u011bt vrac\u00edme k ot\u00e1zk\u00e1m s \u010desk\u00fdmi \u010di slovensk\u00fdmi fanou\u0161ky soupe\u0159e Evertonu. Jako prvn\u00ed zodpov\u011bd\u011bl ot\u00e1zky Gamst, p\u0159\u00edznivec Blackburnu Rovers.<\/h4>\n<p><strong>Blackburn minulou sez\u00f3nu skon\u010dil na slu\u0161n\u00e9m des\u00e1t\u00e9m m\u00edst\u011b, s jak\u00fdmi ambicemi jde t\u00fdm do nov\u00e9ho fotbalov\u00e9ho ro\u010dn\u00edku?<\/strong><br \/>\nRovers jdou do ka\u017ed\u00e9 sezony s ambic\u00ed skon\u010dit v Top 10. K\u00e1dr na to maj\u00ed u\u017e n\u011bkolik let a prakticky cel\u00e9 desetilet\u00ed, co jsou v Premier League se jim da\u0159\u00ed udr\u017eet tuto pozici.<\/p>\n<p><strong>Jak\u00e9 se ud\u00e1ly v l\u00e9t\u011b na Ewood Parku zm\u011bny?<\/strong><br \/>\nSam Allardyce po minul\u00e9 vcelku \u00fasp\u011b\u0161n\u00e9 sezon\u011b nem\u00e1 pot\u0159ebu m\u011bnit k\u00e1dr. Jeho c\u00edlem bylo doc\u00edlen\u00ed nov\u00e9 smlouvy s Mortenem Gamstem Pedersenem, co\u017e se poda\u0159ilo, a p\u0159iveden\u00ed st\u0159elce. Nejsem si v\u0161ak jist\u00fd, zda m\u00e1 b\u00fdt odpov\u011bd\u00ed Mame Diouf, kter\u00fd p\u0159i\u0161el z Man U na hostov\u00e1n\u00ed. Rovers pot\u0159ebuj\u00ed prov\u011b\u0159en\u011bj\u0161\u00edho \u00fato\u010dn\u00edka, kter\u00fd je schopn\u00fd nast\u0159\u00edlet 10-15 branek za sezonu. Mo\u017en\u00e1 je\u0161t\u011b n\u011bkdo do konce srpna p\u0159ijde. Bohu\u017eel s finan\u010dn\u00edmi prost\u0159edky Blackburnu to jde t\u011b\u017eko. Uvid\u00edme.<\/p>\n<p><strong>S jak\u00fdm stylem hry hodl\u00e1 Sam Allardyce vyrukovat do nov\u00e9 sez\u00f3ny, bude to jeho klasick\u00e9 4-3-3?<\/strong><br \/>\nMysl\u00edm, \u017ee s t\u00edm m\u016f\u017eeme najisto po\u010d\u00edtat. V ofenzivn\u00edm pojet\u00ed to bude 4-3-3, v defenzivn\u00edm 4-5-1. Letos by to mohlo mo\u017en\u00e1 fungovat je\u0161t\u011b l\u00e9pe ne\u017e loni. Nikola Kalini\u010d by m\u011bl dostat na hrotu je\u0161t\u011b v\u00edce prostoru ne\u017e loni, Jason Roberts s Mame Dioufem by mohli b\u00fdt \u017eol\u00edci.<\/p>\n<p><strong>K\u00e1dr Rovers nevypad\u00e1 v\u016fbec zle, mana\u017eer m\u00e1 k dispozici slibn\u00e9 talenty jako je Jones nebo Kalini\u010d ale z\u00e1rove\u0148 i ost\u0159\u00edlen\u00e9 borce (Dunn, Pedersen, Nelsen). P\u0159esto bys ur\u010dit\u011b uv\u00edtal n\u011bjakou posilu, na jak\u00fd post by to bylo a m\u00e1\u0161 p\u0159edstavu i o konkr\u00e9tn\u00edm hr\u00e1\u010di?<\/strong><br \/>\nJak jsem u\u017e v\u00fd\u0161e zm\u00ednil, cht\u011blo by to po\u0159\u00e1dn\u00e9ho st\u0159elce, ale bez dostate\u010dn\u00e9ho bal\u00edku pen\u011bz to nejde. Kdyby se z Mame Dioufa stala posila jako z McCarthyho \u010di Santa Cruze, tak by bylo na sezonu vystar\u00e1no. Ale mysl\u00edm, \u017ee Big Sam asi v\u00ed nejl\u00e9pe, co d\u011bl\u00e1. Ke zku\u0161en\u00fdm hr\u00e1\u010d\u016fm postupn\u011b zapracov\u00e1v\u00e1 nad\u011bjn\u00e9 mlad\u00edky z akademie Rovers, minulou sezonu se to poda\u0159ilo s Olssonem, Hoilettem a Jonesem. Letos bychom mohli v Ewood Parku spat\u0159it talentovan\u00e9ho stopera Hanleyho \u010di 18let\u00e9ho z\u00e1lo\u017en\u00edka Morrise, kte\u0159\u00ed dost\u00e1vali v p\u0159\u00edprav\u011b dost prostoru.<\/p>\n<p><b>Reprezentaci Anglie u\u017e del\u0161\u00ed dobu tr\u00e1p\u00ed brank\u00e1\u0159sk\u00fd\u00a0post, mysl\u00ed\u0161 proto, \u017ee m\u011bl Paul Robinson dostat od Capella p\u0159ed MS \u0161anci?<\/b><br \/>\nUr\u010dit\u011b j\u00ed m\u011bl Robbo dostat. V Ewood Parku za\u010dne t\u0159et\u00ed sezonu a ty dv\u011b p\u0159edchoz\u00ed byl zaslou\u017eenou jedni\u010dkou a pod\u00e1val mnohem lep\u0161\u00ed v\u00fdkony ne\u017e v Tottenahamu. N\u011bkolikr\u00e1t Rovers zachr\u00e1nil od debaklu nebo vychytal v\u0161echny t\u0159i body. Opravdu ned\u011bl\u00e1 chyby, m\u00e1 mana\u017eerovu d\u016fv\u011bru a chyt\u00e1 opravdu v\u00fdte\u010dn\u011b. Obrana Rovers nikdy nebyla pevn\u00e1, a\u0165 u\u017e byl u kormidla Souness, Hughes, Ince \u010di Big Sam, proto se v\u017edy uk\u00e1zala kvalita brank\u00e1\u0159\u016f, a\u0165 u\u017e Friedela \u010di Robinsona. Paul Robinson kvalitu reprezenta\u010dn\u00edho brank\u00e1\u0159e prok\u00e1zal b\u011bhem posledn\u00edch dvou sezon n\u011bkolikr\u00e1t, \u0161koda \u017ee ukon\u010dil reprezenta\u010dn\u00ed kari\u00e9ru. Z\u0159ejm\u011b c\u00edtil, \u017ee pod Capellem d\u016fv\u011bru m\u00edt nikdy nebude.<\/p>\n<p><strong>Sam Allardyce m\u00e1 v t\u00fdmu pru\u0161vih\u00e1\u0159e El-Hadjiho Dioufa, jak\u00fd m\u00e1\u0161 na n\u011bj n\u00e1zor?<\/strong><br \/>\nMysl\u00edm si, \u017ee je to hr\u00e1\u010d do kabiny, kter\u00fd se star\u00e1 o z\u00e1bavu, a\u0165 u\u017e vt\u00edpky tak svou v\u00fdst\u0159ednost\u00ed. Big Sam ho zn\u00e1 moc dob\u0159e, ale st\u00e1lo to nen\u00ed ten Diouf z Boltonu. Celkov\u011b nen\u00ed tak produktivn\u00ed, co se t\u00fd\u010de jak branek tak asistenc\u00ed. Ale mysl\u00edm, \u017ee v\u017edy se sna\u017e\u00ed pro t\u00fdm odv\u00e9st maximum, i kdy\u017e ten v\u00fdkon leckdy nen\u00ed takov\u00fd, jak\u00fd bych si p\u0159edstavoval.<\/p>\n<p><strong>Jak se vede b\u00fdval\u00e9mu hr\u00e1\u010di Evertonu Larsovi Jacobsenovi?<\/strong><br \/>\nLars Jacobsen byl na za\u010d\u00e1tku minul\u00e9 sezony prvn\u00ed volbou na prav\u00e9m beku. Hr\u00e1l vcelku slu\u0161n\u011b, ale op\u011bt p\u0159i\u0161lo zran\u011bn\u00ed. \u0160anci dostal Michel Salgado, kter\u00fd pak D\u00e1na u\u017e moc na h\u0159i\u0161t\u011b nepustil. Chimbonda a Salgado je nyn\u00ed hodn\u011b slu\u0161n\u00e1 konkurence.<\/p>\n<p><strong>Z\u00e1pasy mezi Rovers a Evertonem jsou v posledn\u00ed dob\u011b pro fanou\u0161ky aktraktivn\u00ed, do\u010dk\u00e1me se dobr\u00e9ho fotbalu i v 1. kole?<\/strong><br \/>\nMysl\u00edm, \u017ee to m\u016f\u017ee b\u00fdt dal\u0161\u00ed p\u011bkn\u00fd z\u00e1pas. Rovers hraj\u00ed v Ewood Parku, musej\u00ed vyhr\u00e1t p\u0159ed vlastn\u00edmi fanou\u0161ky, Everton si nav\u00edc rozhodn\u011b nepojede jen pro bod. Minulou sezonu Rovers doma podlehli tro\u0161ku smoln\u011b, ale byl to p\u011bkn\u00fd match. Snad uvid\u00edme hodn\u011b branek i v sobotu.<\/p>\n","protected":false},"excerpt":{"rendered":"<p>S novou sez\u00f3nou Premier League se op\u011bt vrac\u00edme k ot\u00e1zk\u00e1m s \u010desk\u00fdmi \u010di slovensk\u00fdmi fanou\u0161ky soupe\u0159e Evertonu. Jako prvn\u00ed zodpov\u011bd\u011bl&hellip;<\/p>\n","protected":false},"author":6,"featured_media":1312,"comment_status":"open","ping_status":"closed","sticky":false,"template":"","format":"standard","meta":{"_eb_attr":"","_monsterinsights_skip_tracking":false,"_monsterinsights_sitenote_active":false,"_monsterinsights_sitenote_note":"","_monsterinsights_sitenote_category":0,"footnotes":""},"categories":[1],"tags":[],"yoast_head":"<!-- This site is optimized with the Yoast SEO plugin v23.4 - https:\/\/yoast.com\/wordpress\/plugins\/seo\/ -->\n<title>Fans interview: Blackburn Rovers - Official Czech &amp; Slovak Everton Supporters&#039; Club<\/title>\n<meta name=\"robots\" content=\"index, follow, max-snippet:-1, max-image-preview:large, max-video-preview:-1\" \/>\n<link rel=\"canonical\" href=\"https:\/\/evertonfc.cz\/index.php\/2010\/08\/11\/fans-interview-blackburn-rovers\/\" \/>\n<meta property=\"og:locale\" content=\"cs_CZ\" \/>\n<meta property=\"og:type\" content=\"article\" \/>\n<meta property=\"og:title\" content=\"Fans interview: Blackburn Rovers - Official Czech &amp; Slovak Everton Supporters&#039; Club\" \/>\n<meta property=\"og:description\" content=\"S novou sez\u00f3nou Premier League se op\u011bt vrac\u00edme k ot\u00e1zk\u00e1m s \u010desk\u00fdmi \u010di slovensk\u00fdmi fanou\u0161ky soupe\u0159e Evertonu. Jako prvn\u00ed zodpov\u011bd\u011bl&hellip;\" \/>\n<meta property=\"og:url\" content=\"https:\/\/evertonfc.cz\/index.php\/2010\/08\/11\/fans-interview-blackburn-rovers\/\" \/>\n<meta property=\"og:site_name\" content=\"Official Czech &amp; Slovak Everton Supporters&#039; Club\" \/>\n<meta property=\"article:publisher\" content=\"https:\/\/www.facebook.com\/everton.fans.cz.sk\" \/>\n<meta property=\"article:published_time\" content=\"2010-08-11T12:36:04+00:00\" \/>\n<meta property=\"article:modified_time\" content=\"2019-02-10T13:37:38+00:00\" \/>\n<meta property=\"og:image\" content=\"https:\/\/evertonfc.cz\/wp-content\/uploads\/2019\/01\/interview.jpg\" \/>\n\t<meta property=\"og:image:width\" content=\"720\" \/>\n\t<meta property=\"og:image:height\" content=\"405\" \/>\n\t<meta property=\"og:image:type\" content=\"image\/jpeg\" \/>\n<meta name=\"author\" content=\"Ri\u010di\" \/>\n<meta name=\"twitter:card\" content=\"summary_large_image\" \/>\n<meta name=\"twitter:creator\" content=\"@rbrejsa\" \/>\n<meta name=\"twitter:label1\" content=\"Napsal(a)\" \/>\n\t<meta name=\"twitter:data1\" content=\"Ri\u010di\" \/>\n\t<meta name=\"twitter:label2\" content=\"Odhadovan\u00e1 doba \u010dten\u00ed\" \/>\n\t<meta name=\"twitter:data2\" content=\"4 minuty\" \/>\n<script type=\"application\/ld+json\" class=\"yoast-schema-graph\">{\"@context\":\"https:\/\/schema.org\",\"@graph\":[{\"@type\":\"Article\",\"@id\":\"https:\/\/evertonfc.cz\/index.php\/2010\/08\/11\/fans-interview-blackburn-rovers\/#article\",\"isPartOf\":{\"@id\":\"https:\/\/evertonfc.cz\/index.php\/2010\/08\/11\/fans-interview-blackburn-rovers\/\"},\"author\":{\"name\":\"Ri\u010di\",\"@id\":\"https:\/\/evertonfc.cz\/#\/schema\/person\/f7a5daedb2ffee98480bc70e191aaef1\"},\"headline\":\"Fans interview: Blackburn Rovers\",\"datePublished\":\"2010-08-11T12:36:04+00:00\",\"dateModified\":\"2019-02-10T13:37:38+00:00\",\"mainEntityOfPage\":{\"@id\":\"https:\/\/evertonfc.cz\/index.php\/2010\/08\/11\/fans-interview-blackburn-rovers\/\"},\"wordCount\":879,\"commentCount\":0,\"publisher\":{\"@id\":\"https:\/\/evertonfc.cz\/#organization\"},\"image\":{\"@id\":\"https:\/\/evertonfc.cz\/index.php\/2010\/08\/11\/fans-interview-blackburn-rovers\/#primaryimage\"},\"thumbnailUrl\":\"https:\/\/evertonfc.cz\/wp-content\/uploads\/2019\/01\/interview.jpg\",\"articleSection\":[\"Rozhovory\"],\"inLanguage\":\"cs\",\"potentialAction\":[{\"@type\":\"CommentAction\",\"name\":\"Comment\",\"target\":[\"https:\/\/evertonfc.cz\/index.php\/2010\/08\/11\/fans-interview-blackburn-rovers\/#respond\"]}]},{\"@type\":\"WebPage\",\"@id\":\"https:\/\/evertonfc.cz\/index.php\/2010\/08\/11\/fans-interview-blackburn-rovers\/\",\"url\":\"https:\/\/evertonfc.cz\/index.php\/2010\/08\/11\/fans-interview-blackburn-rovers\/\",\"name\":\"Fans interview: Blackburn Rovers - Official Czech &amp; Slovak Everton Supporters&#039; Club\",\"isPartOf\":{\"@id\":\"https:\/\/evertonfc.cz\/#website\"},\"primaryImageOfPage\":{\"@id\":\"https:\/\/evertonfc.cz\/index.php\/2010\/08\/11\/fans-interview-blackburn-rovers\/#primaryimage\"},\"image\":{\"@id\":\"https:\/\/evertonfc.cz\/index.php\/2010\/08\/11\/fans-interview-blackburn-rovers\/#primaryimage\"},\"thumbnailUrl\":\"https:\/\/evertonfc.cz\/wp-content\/uploads\/2019\/01\/interview.jpg\",\"datePublished\":\"2010-08-11T12:36:04+00:00\",\"dateModified\":\"2019-02-10T13:37:38+00:00\",\"breadcrumb\":{\"@id\":\"https:\/\/evertonfc.cz\/index.php\/2010\/08\/11\/fans-interview-blackburn-rovers\/#breadcrumb\"},\"inLanguage\":\"cs\",\"potentialAction\":[{\"@type\":\"ReadAction\",\"target\":[\"https:\/\/evertonfc.cz\/index.php\/2010\/08\/11\/fans-interview-blackburn-rovers\/\"]}]},{\"@type\":\"ImageObject\",\"inLanguage\":\"cs\",\"@id\":\"https:\/\/evertonfc.cz\/index.php\/2010\/08\/11\/fans-interview-blackburn-rovers\/#primaryimage\",\"url\":\"https:\/\/evertonfc.cz\/wp-content\/uploads\/2019\/01\/interview.jpg\",\"contentUrl\":\"https:\/\/evertonfc.cz\/wp-content\/uploads\/2019\/01\/interview.jpg\",\"width\":720,\"height\":405},{\"@type\":\"BreadcrumbList\",\"@id\":\"https:\/\/evertonfc.cz\/index.php\/2010\/08\/11\/fans-interview-blackburn-rovers\/#breadcrumb\",\"itemListElement\":[{\"@type\":\"ListItem\",\"position\":1,\"name\":\"Home\",\"item\":\"https:\/\/evertonfc.cz\/\"},{\"@type\":\"ListItem\",\"position\":2,\"name\":\"Fans interview: Blackburn Rovers\"}]},{\"@type\":\"WebSite\",\"@id\":\"https:\/\/evertonfc.cz\/#website\",\"url\":\"https:\/\/evertonfc.cz\/\",\"name\":\"Official Czech &amp; Slovak Everton Supporters&#039; Club\",\"description\":\"\",\"publisher\":{\"@id\":\"https:\/\/evertonfc.cz\/#organization\"},\"potentialAction\":[{\"@type\":\"SearchAction\",\"target\":{\"@type\":\"EntryPoint\",\"urlTemplate\":\"https:\/\/evertonfc.cz\/?s={search_term_string}\"},\"query-input\":{\"@type\":\"PropertyValueSpecification\",\"valueRequired\":true,\"valueName\":\"search_term_string\"}}],\"inLanguage\":\"cs\"},{\"@type\":\"Organization\",\"@id\":\"https:\/\/evertonfc.cz\/#organization\",\"name\":\"Official Czech & Slovak Everton Supporters' Club\",\"url\":\"https:\/\/evertonfc.cz\/\",\"logo\":{\"@type\":\"ImageObject\",\"inLanguage\":\"cs\",\"@id\":\"https:\/\/evertonfc.cz\/#\/schema\/logo\/image\/\",\"url\":\"https:\/\/evertonfc.cz\/wp-content\/uploads\/2019\/05\/logo.png\",\"contentUrl\":\"https:\/\/evertonfc.cz\/wp-content\/uploads\/2019\/05\/logo.png\",\"width\":112,\"height\":112,\"caption\":\"Official Czech & Slovak Everton Supporters' Club\"},\"image\":{\"@id\":\"https:\/\/evertonfc.cz\/#\/schema\/logo\/image\/\"},\"sameAs\":[\"https:\/\/www.facebook.com\/everton.fans.cz.sk\"]},{\"@type\":\"Person\",\"@id\":\"https:\/\/evertonfc.cz\/#\/schema\/person\/f7a5daedb2ffee98480bc70e191aaef1\",\"name\":\"Ri\u010di\",\"sameAs\":[\"https:\/\/x.com\/rbrejsa\"],\"url\":\"https:\/\/evertonfc.cz\/index.php\/author\/rici\/\"}]}<\/script>\n<!-- \/ Yoast SEO plugin. -->","yoast_head_json":{"title":"Fans interview: Blackburn Rovers - Official Czech &amp; Slovak Everton Supporters&#039; Club","robots":{"index":"index","follow":"follow","max-snippet":"max-snippet:-1","max-image-preview":"max-image-preview:large","max-video-preview":"max-video-preview:-1"},"canonical":"https:\/\/evertonfc.cz\/index.php\/2010\/08\/11\/fans-interview-blackburn-rovers\/","og_locale":"cs_CZ","og_type":"article","og_title":"Fans interview: Blackburn Rovers - Official Czech &amp; Slovak Everton Supporters&#039; Club","og_description":"S novou sez\u00f3nou Premier League se op\u011bt vrac\u00edme k ot\u00e1zk\u00e1m s \u010desk\u00fdmi \u010di slovensk\u00fdmi fanou\u0161ky soupe\u0159e Evertonu. Jako prvn\u00ed zodpov\u011bd\u011bl&hellip;","og_url":"https:\/\/evertonfc.cz\/index.php\/2010\/08\/11\/fans-interview-blackburn-rovers\/","og_site_name":"Official Czech &amp; Slovak Everton Supporters&#039; Club","article_publisher":"https:\/\/www.facebook.com\/everton.fans.cz.sk","article_published_time":"2010-08-11T12:36:04+00:00","article_modified_time":"2019-02-10T13:37:38+00:00","og_image":[{"width":720,"height":405,"url":"https:\/\/evertonfc.cz\/wp-content\/uploads\/2019\/01\/interview.jpg","type":"image\/jpeg"}],"author":"Ri\u010di","twitter_card":"summary_large_image","twitter_creator":"@rbrejsa","twitter_misc":{"Napsal(a)":"Ri\u010di","Odhadovan\u00e1 doba \u010dten\u00ed":"4 minuty"},"schema":{"@context":"https:\/\/schema.org","@graph":[{"@type":"Article","@id":"https:\/\/evertonfc.cz\/index.php\/2010\/08\/11\/fans-interview-blackburn-rovers\/#article","isPartOf":{"@id":"https:\/\/evertonfc.cz\/index.php\/2010\/08\/11\/fans-interview-blackburn-rovers\/"},"author":{"name":"Ri\u010di","@id":"https:\/\/evertonfc.cz\/#\/schema\/person\/f7a5daedb2ffee98480bc70e191aaef1"},"headline":"Fans interview: Blackburn Rovers","datePublished":"2010-08-11T12:36:04+00:00","dateModified":"2019-02-10T13:37:38+00:00","mainEntityOfPage":{"@id":"https:\/\/evertonfc.cz\/index.php\/2010\/08\/11\/fans-interview-blackburn-rovers\/"},"wordCount":879,"commentCount":0,"publisher":{"@id":"https:\/\/evertonfc.cz\/#organization"},"image":{"@id":"https:\/\/evertonfc.cz\/index.php\/2010\/08\/11\/fans-interview-blackburn-rovers\/#primaryimage"},"thumbnailUrl":"https:\/\/evertonfc.cz\/wp-content\/uploads\/2019\/01\/interview.jpg","articleSection":["Rozhovory"],"inLanguage":"cs","potentialAction":[{"@type":"CommentAction","name":"Comment","target":["https:\/\/evertonfc.cz\/index.php\/2010\/08\/11\/fans-interview-blackburn-rovers\/#respond"]}]},{"@type":"WebPage","@id":"https:\/\/evertonfc.cz\/index.php\/2010\/08\/11\/fans-interview-blackburn-rovers\/","url":"https:\/\/evertonfc.cz\/index.php\/2010\/08\/11\/fans-interview-blackburn-rovers\/","name":"Fans interview: Blackburn Rovers - Official Czech &amp; Slovak Everton Supporters&#039; Club","isPartOf":{"@id":"https:\/\/evertonfc.cz\/#website"},"primaryImageOfPage":{"@id":"https:\/\/evertonfc.cz\/index.php\/2010\/08\/11\/fans-interview-blackburn-rovers\/#primaryimage"},"image":{"@id":"https:\/\/evertonfc.cz\/index.php\/2010\/08\/11\/fans-interview-blackburn-rovers\/#primaryimage"},"thumbnailUrl":"https:\/\/evertonfc.cz\/wp-content\/uploads\/2019\/01\/interview.jpg","datePublished":"2010-08-11T12:36:04+00:00","dateModified":"2019-02-10T13:37:38+00:00","breadcrumb":{"@id":"https:\/\/evertonfc.cz\/index.php\/2010\/08\/11\/fans-interview-blackburn-rovers\/#breadcrumb"},"inLanguage":"cs","potentialAction":[{"@type":"ReadAction","target":["https:\/\/evertonfc.cz\/index.php\/2010\/08\/11\/fans-interview-blackburn-rovers\/"]}]},{"@type":"ImageObject","inLanguage":"cs","@id":"https:\/\/evertonfc.cz\/index.php\/2010\/08\/11\/fans-interview-blackburn-rovers\/#primaryimage","url":"https:\/\/evertonfc.cz\/wp-content\/uploads\/2019\/01\/interview.jpg","contentUrl":"https:\/\/evertonfc.cz\/wp-content\/uploads\/2019\/01\/interview.jpg","width":720,"height":405},{"@type":"BreadcrumbList","@id":"https:\/\/evertonfc.cz\/index.php\/2010\/08\/11\/fans-interview-blackburn-rovers\/#breadcrumb","itemListElement":[{"@type":"ListItem","position":1,"name":"Home","item":"https:\/\/evertonfc.cz\/"},{"@type":"ListItem","position":2,"name":"Fans interview: Blackburn Rovers"}]},{"@type":"WebSite","@id":"https:\/\/evertonfc.cz\/#website","url":"https:\/\/evertonfc.cz\/","name":"Official Czech &amp; Slovak Everton Supporters&#039; Club","description":"","publisher":{"@id":"https:\/\/evertonfc.cz\/#organization"},"potentialAction":[{"@type":"SearchAction","target":{"@type":"EntryPoint","urlTemplate":"https:\/\/evertonfc.cz\/?s={search_term_string}"},"query-input":{"@type":"PropertyValueSpecification","valueRequired":true,"valueName":"search_term_string"}}],"inLanguage":"cs"},{"@type":"Organization","@id":"https:\/\/evertonfc.cz\/#organization","name":"Official Czech & Slovak Everton Supporters' Club","url":"https:\/\/evertonfc.cz\/","logo":{"@type":"ImageObject","inLanguage":"cs","@id":"https:\/\/evertonfc.cz\/#\/schema\/logo\/image\/","url":"https:\/\/evertonfc.cz\/wp-content\/uploads\/2019\/05\/logo.png","contentUrl":"https:\/\/evertonfc.cz\/wp-content\/uploads\/2019\/05\/logo.png","width":112,"height":112,"caption":"Official Czech & Slovak Everton Supporters' Club"},"image":{"@id":"https:\/\/evertonfc.cz\/#\/schema\/logo\/image\/"},"sameAs":["https:\/\/www.facebook.com\/everton.fans.cz.sk"]},{"@type":"Person","@id":"https:\/\/evertonfc.cz\/#\/schema\/person\/f7a5daedb2ffee98480bc70e191aaef1","name":"Ri\u010di","sameAs":["https:\/\/x.com\/rbrejsa"],"url":"https:\/\/evertonfc.cz\/index.php\/author\/rici\/"}]}},"_links":{"self":[{"href":"https:\/\/evertonfc.cz\/index.php\/wp-json\/wp\/v2\/posts\/2959"}],"collection":[{"href":"https:\/\/evertonfc.cz\/index.php\/wp-json\/wp\/v2\/posts"}],"about":[{"href":"https:\/\/evertonfc.cz\/index.php\/wp-json\/wp\/v2\/types\/post"}],"author":[{"embeddable":true,"href":"https:\/\/evertonfc.cz\/index.php\/wp-json\/wp\/v2\/users\/6"}],"replies":[{"embeddable":true,"href":"https:\/\/evertonfc.cz\/index.php\/wp-json\/wp\/v2\/comments?post=2959"}],"version-history":[{"count":1,"href":"https:\/\/evertonfc.cz\/index.php\/wp-json\/wp\/v2\/posts\/2959\/revisions"}],"predecessor-version":[{"id":2960,"href":"https:\/\/evertonfc.cz\/index.php\/wp-json\/wp\/v2\/posts\/2959\/revisions\/2960"}],"wp:featuredmedia":[{"embeddable":true,"href":"https:\/\/evertonfc.cz\/index.php\/wp-json\/wp\/v2\/media\/1312"}],"wp:attachment":[{"href":"https:\/\/evertonfc.cz\/index.php\/wp-json\/wp\/v2\/media?parent=2959"}],"wp:term":[{"taxonomy":"category","embeddable":true,"href":"https:\/\/evertonfc.cz\/index.php\/wp-json\/wp\/v2\/categories?post=2959"},{"taxonomy":"post_tag","embeddable":true,"href":"https:\/\/evertonfc.cz\/index.php\/wp-json\/wp\/v2\/tags?post=2959"}],"curies":[{"name":"wp","href":"https:\/\/api.w.org\/{rel}","templated":true}]}}