{"id":2962,"date":"2017-07-31T14:40:54","date_gmt":"2017-07-31T12:40:54","guid":{"rendered":"http:\/\/evertonfc.cz\/?p=2962"},"modified":"2020-05-14T12:23:21","modified_gmt":"2020-05-14T10:23:21","slug":"zapas-ruzomberok-everton-a-stretnutie-ceskych-a-slovenskych-priaznivcov-evertonu","status":"publish","type":"post","link":"https:\/\/evertonfc.cz\/index.php\/2017\/07\/31\/zapas-ruzomberok-everton-a-stretnutie-ceskych-a-slovenskych-priaznivcov-evertonu\/","title":{"rendered":"Z\u00e1pas Ru\u017eomberok &#8211; Everton a stretnutie \u010desk\u00fdch a slovensk\u00fdch priaznivcov Evertonu"},"content":{"rendered":"<h4 id=\"NewsPostDetailSummary\">Everton F.C. sa stretne v\u00a0tre\u0165om predkole Eur\u00f3pskej ligy s\u00a0MFK Ru\u017eomberok. Z\u00e1rove\u0148, tak ako sme sa pred rokom dohodli, vyu\u017eijeme t\u00fato pr\u00edle\u017eitos\u0165 \/ n\u00e1\u0161 v\u00fdjazd na z\u00e1pas Evertonu v SR aj na stretnutie \u010desk\u00fdch a slovensk\u00fdch priaznivcov EFC. V\u00a0\u010dl\u00e1nku, ktor\u00fd sa postupne bude aktualizova\u0165, n\u00e1jdete z\u00e1kladn\u00e9 inform\u00e1cie k\u00a0t\u00fdmto dvom akci\u00e1m.<\/h4>\n<div id=\"NewsPostDetailContent\">\n<p><strong>K\u00a0z\u00e1pasu Evertonu v\u00a0Ru\u017eomberku:<\/strong><\/p>\n<p>V Ru\u017eomberku sa odohr\u00e1 odvetn\u00fd z\u00e1pas Eur\u00f3pskej ligy 3. augusta o 20.45. L\u00edstky nakoniec MFK Ru\u017eomberok neuviedol do predaja, rozhodol sa ve\u013ek\u00fd z\u00e1ujem o ne rie\u0161i\u0165 emailov\u00fdm p\u00edsan\u00edm\u00a0 \u017eiadosti o l\u00edstky zo strany z\u00e1ujemcov. Z nich dnes (31.7.) vy\u017ereboval v\u00ed\u0165azov, ktor\u00ed si m\u00f4\u017eu vstupenky zak\u00fapi\u0165 v stredu 2. augusta od 10.00 do 20.00 v pokladni ru\u017eombersk\u00e9ho \u0161tadi\u00f3na pri vstupe na v\u00fdchodn\u00fa A trib\u00fanu (pri penzi\u00f3ne Blesk). Ak ste niekto z V\u00e1s p\u00edsal emailov\u00fa \u017eiados\u0165, skontrolujte si va\u0161u schr\u00e1nku \u010di nem\u00e1te po\u0161tu od MFK Ru\u017eomberok.<\/p>\n<p>Pre \u010dlenov n\u00e1\u0161ho ofici\u00e1lneho \u010cesko \u2013 Slovensk\u00e9ho klubu podporovate\u013eov Evertonu (Czech &amp; Slovak Everton Supportes Club, \u010falej len SC) sme intenz\u00edvne zh\u00e1\u0148ali l\u00edstky r\u00f4znymi cestami. Jednak priamo z Evertonu ako ofici\u00e1lny klub podporovate\u013eov, taktie\u017e sme telefonicky aj p\u00edsomne kontaktovali MFK Ru\u017eomberok a vykonali sme aj mno\u017estvo \u010fal\u0161\u00edch aktiv\u00edt, ktor\u00fdmi sme sa sna\u017eili z\u00edska\u0165 l\u00edstky in\u00fdm sp\u00f4sobom.<\/p>\n<p>\u010co v\u0161etko sme od 20. j\u00fala spravili pre z\u00edskanie l\u00edstkov by posta\u010dilo na nap\u00edsanie men\u0161ej knihy. Nebudeme V\u00e1s zdr\u017eiava\u0165 cel\u00fdm pr\u00edbehom, spomeniem len to podstatn\u00e9. N\u00e1dejn\u00e9 n\u00e1znaky v r\u00e1mci r\u00f4znych ciest k l\u00edstkom boli a\u017e doposia\u013e v\u017edy zarezan\u00e9 v\u00fdslednou negat\u00edvnou odpove\u010fou. Cel\u00e1 s\u00e1ga sa menila zo d\u0148a na de\u0148, tak\u017ee bolo \u0165a\u017ek\u00e9 aktualizova\u0165 tento \u010dl\u00e1nok, ked\u017ee sme dodnes nevedeli na \u010dom sme, ale v\u0161etko nasved\u010dovalo tomu, \u017ee l\u00edstky vopred nek\u00fapime a budeme sa musie\u0165 do Ru\u017eomberka vybra\u0165 bez nich, na risk. S t\u00fdm, \u017ee sa pok\u00fasime k\u00fapi\u0165 si ich na z\u00e1pas jednotlivo, od \u013eud\u00ed ktor\u00ed ich bud\u00fa pred\u00e1va\u0165 pred \u0161tadi\u00f3nom (pr\u00edpade cez internet).<\/p>\n<p>Tu v\u0161ak zabrali skvel\u00ed \u013eudia v Evertone, ktor\u00ed prejavili ve\u013ek\u00e9 pochopenie pre na\u0161u situ\u00e1ciu a nad r\u00e1mec svojich povinnost\u00ed, dobrovo\u013ene nieko\u013eko dn\u00ed makali na tom, aby pre komunitu n\u00e1\u0161ho \u010desko &#8211; slovensk\u00e9ho klubu podporovate\u013eov Evertonu (ktor\u00ed chceli vycestova\u0165 na z\u00e1pas) vydolovali s\u00e9riu l\u00edstkov.<\/p>\n<p><strong>A dnes sme sa dozvedeli \u00fa\u017easn\u00fa spr\u00e1vu &#8211; tie l\u00edstky sa Evertonu podarilo zabezpe\u010di\u0165 pre n\u00e1s a my sme ich dnes mohli pre na\u0161ich \u010dlenov k\u00fapi\u0165!<\/strong> Aj touto cestou nesmierne \u010fakujeme v\u0161etk\u00fdm kompetentn\u00fdm v Evertone, ktor\u00ed n\u00e1m nad r\u00e1mec svojich povinnost\u00ed nieko\u013eko dn\u00ed pom\u00e1hali. M\u00e1me to \u0161\u0165astie fandi\u0165 skvel\u00e9mu klubu, nie ka\u017ed\u00fd ve\u013ek\u00fd klub by rie\u0161il l\u00edstky pre mal\u00fa skupinu zahrani\u010dn\u00fdch fan\u00fa\u0161ikov pri tak miniat\u00farnej alok\u00e1cii l\u00edstkov a v tak komplikovanej situ\u00e1cii.<\/p>\n<p><strong>V\u0161etci \u010dlenovia n\u00e1\u0161ej komunity ofici\u00e1lneho Czech &amp;\u00a0Slovak Everton Supporters Clubu, pre ktor\u00fdch sa n\u00e1 podarilo k\u00fapi\u0165 l\u00edstky, bud\u00fa podrobne informovan\u00ed emailom tak skoro ako z\u00edskame v\u0161etky in\u0161trukcie k l\u00edstkom &#8211; pravdepodobne zajtra v utorok 1.8., najnesk\u00f4r v stredu 2.8. Pros\u00edm sledujte si emailov\u00fa schr\u00e1nku. <\/strong><\/p>\n<p><strong>K\u00a0zrazu \u010desk\u00fdch a\u00a0slovensk\u00fdch priaznivcov Everton F.C.<\/strong><\/p>\n<p>Z\u00e1rove\u0148 vyu\u017eijeme t\u00fato pr\u00edle\u017eitos\u0165 a v r\u00e1mci v\u00fdjazdu na z\u00e1pas si sprav\u00edme mal\u00e9 stretnutie \u010desk\u00fdch a slovensk\u00fdch priaznivcov Evertonu v meste Ru\u017eomberok. V\u0161etci \u010dlenovia ofici\u00e1lneho klubu podporovate\u013eov Evertonu (samozrejme hlavne t\u00ed, ktor\u00ed id\u00fa na v\u00fdjazd) obdr\u017eia email s obsahom a \u010dasov\u00fdm harmonogramom programu.<\/p>\n<p>Ak by sa chceli tohto men\u0161ieho stretnutia fan\u00fa\u0161ikov Evertonu zo SR a \u010cR z\u00fa\u010dastni\u0165 aj \u010fal\u0161\u00ed Evertonians z na\u0161ich kon\u010d\u00edn, ktor\u00ed sa zatia\u013e u n\u00e1s nezaregistrovali, nap\u00ed\u0161te n\u00e1m na email: czskevertonians@gmail.com\u00a0\u00a0 V emaily pros\u00edm uve\u010fte V\u00e1\u0161 nick, ktor\u00ed pou\u017e\u00edvate na tejto str\u00e1nke. Odpovieme ka\u017ed\u00e9mu, koho pozn\u00e1me z tejto web str\u00e1nky, pr\u00edpadne z FB str\u00e1nky CZ\/SK Evertonu (po konzult\u00e1cii s jej adminom).<\/p>\n<p>Aby nedo\u0161lo k nedorozumeniu u \u013eud\u00ed, ktor\u00ed sa odrazu sna\u017eia tv\u00e1ri\u0165 ako fan\u00fa\u0161ikovia EFC, aby sa dostali k\u00a0 l\u00edstkom \ud83d\ude42\u00a0 Pojedn\u00e1vame len o stretnut\u00ed fan\u00fa\u0161ikov Evertonu zo SR a \u010cR, nie o l\u00edstkoch, tie s\u00fa uzavretou t\u00e9mou.<\/p>\n<p>S\u00fa\u010das\u0165ou zrazu bud\u00fa diskusie, vedomostn\u00fd kv\u00edz (pripravuje ho Javor, tak\u017ee to bud\u00fa pekelne \u0165a\u017ek\u00e9 ot\u00e1zky \ud83d\ude42 a diskusie s Evertonians z Merseyside.<\/p>\n<\/div>\n","protected":false},"excerpt":{"rendered":"<p>Everton F.C. sa stretne v\u00a0tre\u0165om predkole Eur\u00f3pskej ligy s\u00a0MFK Ru\u017eomberok. Z\u00e1rove\u0148, tak ako sme sa pred rokom dohodli, vyu\u017eijeme t\u00fato&hellip;<\/p>\n","protected":false},"author":23,"featured_media":1313,"comment_status":"open","ping_status":"closed","sticky":false,"template":"","format":"standard","meta":{"_eb_attr":"","_monsterinsights_skip_tracking":false,"_monsterinsights_sitenote_active":false,"_monsterinsights_sitenote_note":"","_monsterinsights_sitenote_category":0,"footnotes":""},"categories":[85],"tags":[],"yoast_head":"<!-- This site is optimized with the Yoast SEO plugin v23.4 - https:\/\/yoast.com\/wordpress\/plugins\/seo\/ -->\n<title>Z\u00e1pas Ru\u017eomberok - Everton a stretnutie \u010desk\u00fdch a slovensk\u00fdch priaznivcov Evertonu - Official Czech &amp; Slovak Everton Supporters&#039; Club<\/title>\n<meta name=\"robots\" content=\"index, follow, max-snippet:-1, max-image-preview:large, max-video-preview:-1\" \/>\n<link rel=\"canonical\" href=\"https:\/\/evertonfc.cz\/index.php\/2017\/07\/31\/zapas-ruzomberok-everton-a-stretnutie-ceskych-a-slovenskych-priaznivcov-evertonu\/\" \/>\n<meta property=\"og:locale\" content=\"cs_CZ\" \/>\n<meta property=\"og:type\" content=\"article\" \/>\n<meta property=\"og:title\" content=\"Z\u00e1pas Ru\u017eomberok - Everton a stretnutie \u010desk\u00fdch a slovensk\u00fdch priaznivcov Evertonu - Official Czech &amp; Slovak Everton Supporters&#039; Club\" \/>\n<meta property=\"og:description\" content=\"Everton F.C. sa stretne v\u00a0tre\u0165om predkole Eur\u00f3pskej ligy s\u00a0MFK Ru\u017eomberok. Z\u00e1rove\u0148, tak ako sme sa pred rokom dohodli, vyu\u017eijeme t\u00fato&hellip;\" \/>\n<meta property=\"og:url\" content=\"https:\/\/evertonfc.cz\/index.php\/2017\/07\/31\/zapas-ruzomberok-everton-a-stretnutie-ceskych-a-slovenskych-priaznivcov-evertonu\/\" \/>\n<meta property=\"og:site_name\" content=\"Official Czech &amp; Slovak Everton Supporters&#039; Club\" \/>\n<meta property=\"article:publisher\" content=\"https:\/\/www.facebook.com\/everton.fans.cz.sk\" \/>\n<meta property=\"article:published_time\" content=\"2017-07-31T12:40:54+00:00\" \/>\n<meta property=\"article:modified_time\" content=\"2020-05-14T10:23:21+00:00\" \/>\n<meta property=\"og:image\" content=\"https:\/\/evertonfc.cz\/wp-content\/uploads\/2019\/01\/news.jpg\" \/>\n\t<meta property=\"og:image:width\" content=\"720\" \/>\n\t<meta property=\"og:image:height\" content=\"405\" \/>\n\t<meta property=\"og:image:type\" content=\"image\/jpeg\" \/>\n<meta name=\"author\" content=\"Everton1878\" \/>\n<meta name=\"twitter:card\" content=\"summary_large_image\" \/>\n<meta name=\"twitter:label1\" content=\"Napsal(a)\" \/>\n\t<meta name=\"twitter:data1\" content=\"Everton1878\" \/>\n\t<meta name=\"twitter:label2\" content=\"Odhadovan\u00e1 doba \u010dten\u00ed\" \/>\n\t<meta name=\"twitter:data2\" content=\"4 minuty\" \/>\n<script type=\"application\/ld+json\" class=\"yoast-schema-graph\">{\"@context\":\"https:\/\/schema.org\",\"@graph\":[{\"@type\":\"Article\",\"@id\":\"https:\/\/evertonfc.cz\/index.php\/2017\/07\/31\/zapas-ruzomberok-everton-a-stretnutie-ceskych-a-slovenskych-priaznivcov-evertonu\/#article\",\"isPartOf\":{\"@id\":\"https:\/\/evertonfc.cz\/index.php\/2017\/07\/31\/zapas-ruzomberok-everton-a-stretnutie-ceskych-a-slovenskych-priaznivcov-evertonu\/\"},\"author\":{\"name\":\"Everton1878\",\"@id\":\"https:\/\/evertonfc.cz\/#\/schema\/person\/c495ad9c14eabaab7ff243473d85758c\"},\"headline\":\"Z\u00e1pas Ru\u017eomberok &#8211; Everton a stretnutie \u010desk\u00fdch a slovensk\u00fdch priaznivcov Evertonu\",\"datePublished\":\"2017-07-31T12:40:54+00:00\",\"dateModified\":\"2020-05-14T10:23:21+00:00\",\"mainEntityOfPage\":{\"@id\":\"https:\/\/evertonfc.cz\/index.php\/2017\/07\/31\/zapas-ruzomberok-everton-a-stretnutie-ceskych-a-slovenskych-priaznivcov-evertonu\/\"},\"wordCount\":854,\"commentCount\":0,\"publisher\":{\"@id\":\"https:\/\/evertonfc.cz\/#organization\"},\"image\":{\"@id\":\"https:\/\/evertonfc.cz\/index.php\/2017\/07\/31\/zapas-ruzomberok-everton-a-stretnutie-ceskych-a-slovenskych-priaznivcov-evertonu\/#primaryimage\"},\"thumbnailUrl\":\"https:\/\/evertonfc.cz\/wp-content\/uploads\/2019\/01\/news.jpg\",\"articleSection\":[\"Supporters' Club\"],\"inLanguage\":\"cs\",\"potentialAction\":[{\"@type\":\"CommentAction\",\"name\":\"Comment\",\"target\":[\"https:\/\/evertonfc.cz\/index.php\/2017\/07\/31\/zapas-ruzomberok-everton-a-stretnutie-ceskych-a-slovenskych-priaznivcov-evertonu\/#respond\"]}]},{\"@type\":\"WebPage\",\"@id\":\"https:\/\/evertonfc.cz\/index.php\/2017\/07\/31\/zapas-ruzomberok-everton-a-stretnutie-ceskych-a-slovenskych-priaznivcov-evertonu\/\",\"url\":\"https:\/\/evertonfc.cz\/index.php\/2017\/07\/31\/zapas-ruzomberok-everton-a-stretnutie-ceskych-a-slovenskych-priaznivcov-evertonu\/\",\"name\":\"Z\u00e1pas Ru\u017eomberok - Everton a stretnutie \u010desk\u00fdch a slovensk\u00fdch priaznivcov Evertonu - Official Czech &amp; Slovak Everton Supporters&#039; Club\",\"isPartOf\":{\"@id\":\"https:\/\/evertonfc.cz\/#website\"},\"primaryImageOfPage\":{\"@id\":\"https:\/\/evertonfc.cz\/index.php\/2017\/07\/31\/zapas-ruzomberok-everton-a-stretnutie-ceskych-a-slovenskych-priaznivcov-evertonu\/#primaryimage\"},\"image\":{\"@id\":\"https:\/\/evertonfc.cz\/index.php\/2017\/07\/31\/zapas-ruzomberok-everton-a-stretnutie-ceskych-a-slovenskych-priaznivcov-evertonu\/#primaryimage\"},\"thumbnailUrl\":\"https:\/\/evertonfc.cz\/wp-content\/uploads\/2019\/01\/news.jpg\",\"datePublished\":\"2017-07-31T12:40:54+00:00\",\"dateModified\":\"2020-05-14T10:23:21+00:00\",\"breadcrumb\":{\"@id\":\"https:\/\/evertonfc.cz\/index.php\/2017\/07\/31\/zapas-ruzomberok-everton-a-stretnutie-ceskych-a-slovenskych-priaznivcov-evertonu\/#breadcrumb\"},\"inLanguage\":\"cs\",\"potentialAction\":[{\"@type\":\"ReadAction\",\"target\":[\"https:\/\/evertonfc.cz\/index.php\/2017\/07\/31\/zapas-ruzomberok-everton-a-stretnutie-ceskych-a-slovenskych-priaznivcov-evertonu\/\"]}]},{\"@type\":\"ImageObject\",\"inLanguage\":\"cs\",\"@id\":\"https:\/\/evertonfc.cz\/index.php\/2017\/07\/31\/zapas-ruzomberok-everton-a-stretnutie-ceskych-a-slovenskych-priaznivcov-evertonu\/#primaryimage\",\"url\":\"https:\/\/evertonfc.cz\/wp-content\/uploads\/2019\/01\/news.jpg\",\"contentUrl\":\"https:\/\/evertonfc.cz\/wp-content\/uploads\/2019\/01\/news.jpg\",\"width\":720,\"height\":405},{\"@type\":\"BreadcrumbList\",\"@id\":\"https:\/\/evertonfc.cz\/index.php\/2017\/07\/31\/zapas-ruzomberok-everton-a-stretnutie-ceskych-a-slovenskych-priaznivcov-evertonu\/#breadcrumb\",\"itemListElement\":[{\"@type\":\"ListItem\",\"position\":1,\"name\":\"Home\",\"item\":\"https:\/\/evertonfc.cz\/\"},{\"@type\":\"ListItem\",\"position\":2,\"name\":\"Z\u00e1pas Ru\u017eomberok &#8211; Everton a stretnutie \u010desk\u00fdch a slovensk\u00fdch priaznivcov Evertonu\"}]},{\"@type\":\"WebSite\",\"@id\":\"https:\/\/evertonfc.cz\/#website\",\"url\":\"https:\/\/evertonfc.cz\/\",\"name\":\"Official Czech &amp; Slovak Everton Supporters&#039; Club\",\"description\":\"\",\"publisher\":{\"@id\":\"https:\/\/evertonfc.cz\/#organization\"},\"potentialAction\":[{\"@type\":\"SearchAction\",\"target\":{\"@type\":\"EntryPoint\",\"urlTemplate\":\"https:\/\/evertonfc.cz\/?s={search_term_string}\"},\"query-input\":{\"@type\":\"PropertyValueSpecification\",\"valueRequired\":true,\"valueName\":\"search_term_string\"}}],\"inLanguage\":\"cs\"},{\"@type\":\"Organization\",\"@id\":\"https:\/\/evertonfc.cz\/#organization\",\"name\":\"Official Czech & Slovak Everton Supporters' Club\",\"url\":\"https:\/\/evertonfc.cz\/\",\"logo\":{\"@type\":\"ImageObject\",\"inLanguage\":\"cs\",\"@id\":\"https:\/\/evertonfc.cz\/#\/schema\/logo\/image\/\",\"url\":\"https:\/\/evertonfc.cz\/wp-content\/uploads\/2019\/05\/logo.png\",\"contentUrl\":\"https:\/\/evertonfc.cz\/wp-content\/uploads\/2019\/05\/logo.png\",\"width\":112,\"height\":112,\"caption\":\"Official Czech & Slovak Everton Supporters' Club\"},\"image\":{\"@id\":\"https:\/\/evertonfc.cz\/#\/schema\/logo\/image\/\"},\"sameAs\":[\"https:\/\/www.facebook.com\/everton.fans.cz.sk\"]},{\"@type\":\"Person\",\"@id\":\"https:\/\/evertonfc.cz\/#\/schema\/person\/c495ad9c14eabaab7ff243473d85758c\",\"name\":\"Everton1878\",\"url\":\"https:\/\/evertonfc.cz\/index.php\/author\/everton1878\/\"}]}<\/script>\n<!-- \/ Yoast SEO plugin. -->","yoast_head_json":{"title":"Z\u00e1pas Ru\u017eomberok - Everton a stretnutie \u010desk\u00fdch a slovensk\u00fdch priaznivcov Evertonu - Official Czech &amp; Slovak Everton Supporters&#039; Club","robots":{"index":"index","follow":"follow","max-snippet":"max-snippet:-1","max-image-preview":"max-image-preview:large","max-video-preview":"max-video-preview:-1"},"canonical":"https:\/\/evertonfc.cz\/index.php\/2017\/07\/31\/zapas-ruzomberok-everton-a-stretnutie-ceskych-a-slovenskych-priaznivcov-evertonu\/","og_locale":"cs_CZ","og_type":"article","og_title":"Z\u00e1pas Ru\u017eomberok - Everton a stretnutie \u010desk\u00fdch a slovensk\u00fdch priaznivcov Evertonu - Official Czech &amp; Slovak Everton Supporters&#039; Club","og_description":"Everton F.C. sa stretne v\u00a0tre\u0165om predkole Eur\u00f3pskej ligy s\u00a0MFK Ru\u017eomberok. Z\u00e1rove\u0148, tak ako sme sa pred rokom dohodli, vyu\u017eijeme t\u00fato&hellip;","og_url":"https:\/\/evertonfc.cz\/index.php\/2017\/07\/31\/zapas-ruzomberok-everton-a-stretnutie-ceskych-a-slovenskych-priaznivcov-evertonu\/","og_site_name":"Official Czech &amp; Slovak Everton Supporters&#039; Club","article_publisher":"https:\/\/www.facebook.com\/everton.fans.cz.sk","article_published_time":"2017-07-31T12:40:54+00:00","article_modified_time":"2020-05-14T10:23:21+00:00","og_image":[{"width":720,"height":405,"url":"https:\/\/evertonfc.cz\/wp-content\/uploads\/2019\/01\/news.jpg","type":"image\/jpeg"}],"author":"Everton1878","twitter_card":"summary_large_image","twitter_misc":{"Napsal(a)":"Everton1878","Odhadovan\u00e1 doba \u010dten\u00ed":"4 minuty"},"schema":{"@context":"https:\/\/schema.org","@graph":[{"@type":"Article","@id":"https:\/\/evertonfc.cz\/index.php\/2017\/07\/31\/zapas-ruzomberok-everton-a-stretnutie-ceskych-a-slovenskych-priaznivcov-evertonu\/#article","isPartOf":{"@id":"https:\/\/evertonfc.cz\/index.php\/2017\/07\/31\/zapas-ruzomberok-everton-a-stretnutie-ceskych-a-slovenskych-priaznivcov-evertonu\/"},"author":{"name":"Everton1878","@id":"https:\/\/evertonfc.cz\/#\/schema\/person\/c495ad9c14eabaab7ff243473d85758c"},"headline":"Z\u00e1pas Ru\u017eomberok &#8211; Everton a stretnutie \u010desk\u00fdch a slovensk\u00fdch priaznivcov Evertonu","datePublished":"2017-07-31T12:40:54+00:00","dateModified":"2020-05-14T10:23:21+00:00","mainEntityOfPage":{"@id":"https:\/\/evertonfc.cz\/index.php\/2017\/07\/31\/zapas-ruzomberok-everton-a-stretnutie-ceskych-a-slovenskych-priaznivcov-evertonu\/"},"wordCount":854,"commentCount":0,"publisher":{"@id":"https:\/\/evertonfc.cz\/#organization"},"image":{"@id":"https:\/\/evertonfc.cz\/index.php\/2017\/07\/31\/zapas-ruzomberok-everton-a-stretnutie-ceskych-a-slovenskych-priaznivcov-evertonu\/#primaryimage"},"thumbnailUrl":"https:\/\/evertonfc.cz\/wp-content\/uploads\/2019\/01\/news.jpg","articleSection":["Supporters' Club"],"inLanguage":"cs","potentialAction":[{"@type":"CommentAction","name":"Comment","target":["https:\/\/evertonfc.cz\/index.php\/2017\/07\/31\/zapas-ruzomberok-everton-a-stretnutie-ceskych-a-slovenskych-priaznivcov-evertonu\/#respond"]}]},{"@type":"WebPage","@id":"https:\/\/evertonfc.cz\/index.php\/2017\/07\/31\/zapas-ruzomberok-everton-a-stretnutie-ceskych-a-slovenskych-priaznivcov-evertonu\/","url":"https:\/\/evertonfc.cz\/index.php\/2017\/07\/31\/zapas-ruzomberok-everton-a-stretnutie-ceskych-a-slovenskych-priaznivcov-evertonu\/","name":"Z\u00e1pas Ru\u017eomberok - Everton a stretnutie \u010desk\u00fdch a slovensk\u00fdch priaznivcov Evertonu - Official Czech &amp; Slovak Everton Supporters&#039; Club","isPartOf":{"@id":"https:\/\/evertonfc.cz\/#website"},"primaryImageOfPage":{"@id":"https:\/\/evertonfc.cz\/index.php\/2017\/07\/31\/zapas-ruzomberok-everton-a-stretnutie-ceskych-a-slovenskych-priaznivcov-evertonu\/#primaryimage"},"image":{"@id":"https:\/\/evertonfc.cz\/index.php\/2017\/07\/31\/zapas-ruzomberok-everton-a-stretnutie-ceskych-a-slovenskych-priaznivcov-evertonu\/#primaryimage"},"thumbnailUrl":"https:\/\/evertonfc.cz\/wp-content\/uploads\/2019\/01\/news.jpg","datePublished":"2017-07-31T12:40:54+00:00","dateModified":"2020-05-14T10:23:21+00:00","breadcrumb":{"@id":"https:\/\/evertonfc.cz\/index.php\/2017\/07\/31\/zapas-ruzomberok-everton-a-stretnutie-ceskych-a-slovenskych-priaznivcov-evertonu\/#breadcrumb"},"inLanguage":"cs","potentialAction":[{"@type":"ReadAction","target":["https:\/\/evertonfc.cz\/index.php\/2017\/07\/31\/zapas-ruzomberok-everton-a-stretnutie-ceskych-a-slovenskych-priaznivcov-evertonu\/"]}]},{"@type":"ImageObject","inLanguage":"cs","@id":"https:\/\/evertonfc.cz\/index.php\/2017\/07\/31\/zapas-ruzomberok-everton-a-stretnutie-ceskych-a-slovenskych-priaznivcov-evertonu\/#primaryimage","url":"https:\/\/evertonfc.cz\/wp-content\/uploads\/2019\/01\/news.jpg","contentUrl":"https:\/\/evertonfc.cz\/wp-content\/uploads\/2019\/01\/news.jpg","width":720,"height":405},{"@type":"BreadcrumbList","@id":"https:\/\/evertonfc.cz\/index.php\/2017\/07\/31\/zapas-ruzomberok-everton-a-stretnutie-ceskych-a-slovenskych-priaznivcov-evertonu\/#breadcrumb","itemListElement":[{"@type":"ListItem","position":1,"name":"Home","item":"https:\/\/evertonfc.cz\/"},{"@type":"ListItem","position":2,"name":"Z\u00e1pas Ru\u017eomberok &#8211; Everton a stretnutie \u010desk\u00fdch a slovensk\u00fdch priaznivcov Evertonu"}]},{"@type":"WebSite","@id":"https:\/\/evertonfc.cz\/#website","url":"https:\/\/evertonfc.cz\/","name":"Official Czech &amp; Slovak Everton Supporters&#039; Club","description":"","publisher":{"@id":"https:\/\/evertonfc.cz\/#organization"},"potentialAction":[{"@type":"SearchAction","target":{"@type":"EntryPoint","urlTemplate":"https:\/\/evertonfc.cz\/?s={search_term_string}"},"query-input":{"@type":"PropertyValueSpecification","valueRequired":true,"valueName":"search_term_string"}}],"inLanguage":"cs"},{"@type":"Organization","@id":"https:\/\/evertonfc.cz\/#organization","name":"Official Czech & Slovak Everton Supporters' Club","url":"https:\/\/evertonfc.cz\/","logo":{"@type":"ImageObject","inLanguage":"cs","@id":"https:\/\/evertonfc.cz\/#\/schema\/logo\/image\/","url":"https:\/\/evertonfc.cz\/wp-content\/uploads\/2019\/05\/logo.png","contentUrl":"https:\/\/evertonfc.cz\/wp-content\/uploads\/2019\/05\/logo.png","width":112,"height":112,"caption":"Official Czech & Slovak Everton Supporters' Club"},"image":{"@id":"https:\/\/evertonfc.cz\/#\/schema\/logo\/image\/"},"sameAs":["https:\/\/www.facebook.com\/everton.fans.cz.sk"]},{"@type":"Person","@id":"https:\/\/evertonfc.cz\/#\/schema\/person\/c495ad9c14eabaab7ff243473d85758c","name":"Everton1878","url":"https:\/\/evertonfc.cz\/index.php\/author\/everton1878\/"}]}},"_links":{"self":[{"href":"https:\/\/evertonfc.cz\/index.php\/wp-json\/wp\/v2\/posts\/2962"}],"collection":[{"href":"https:\/\/evertonfc.cz\/index.php\/wp-json\/wp\/v2\/posts"}],"about":[{"href":"https:\/\/evertonfc.cz\/index.php\/wp-json\/wp\/v2\/types\/post"}],"author":[{"embeddable":true,"href":"https:\/\/evertonfc.cz\/index.php\/wp-json\/wp\/v2\/users\/23"}],"replies":[{"embeddable":true,"href":"https:\/\/evertonfc.cz\/index.php\/wp-json\/wp\/v2\/comments?post=2962"}],"version-history":[{"count":1,"href":"https:\/\/evertonfc.cz\/index.php\/wp-json\/wp\/v2\/posts\/2962\/revisions"}],"predecessor-version":[{"id":2964,"href":"https:\/\/evertonfc.cz\/index.php\/wp-json\/wp\/v2\/posts\/2962\/revisions\/2964"}],"wp:featuredmedia":[{"embeddable":true,"href":"https:\/\/evertonfc.cz\/index.php\/wp-json\/wp\/v2\/media\/1313"}],"wp:attachment":[{"href":"https:\/\/evertonfc.cz\/index.php\/wp-json\/wp\/v2\/media?parent=2962"}],"wp:term":[{"taxonomy":"category","embeddable":true,"href":"https:\/\/evertonfc.cz\/index.php\/wp-json\/wp\/v2\/categories?post=2962"},{"taxonomy":"post_tag","embeddable":true,"href":"https:\/\/evertonfc.cz\/index.php\/wp-json\/wp\/v2\/tags?post=2962"}],"curies":[{"name":"wp","href":"https:\/\/api.w.org\/{rel}","templated":true}]}}