{"id":2967,"date":"2017-07-27T14:50:39","date_gmt":"2017-07-27T12:50:39","guid":{"rendered":"http:\/\/evertonfc.cz\/?p=2967"},"modified":"2021-03-12T10:41:47","modified_gmt":"2021-03-12T09:41:47","slug":"finale-cee-cupu-burnley-everton-13","status":"publish","type":"post","link":"https:\/\/evertonfc.cz\/index.php\/2017\/07\/27\/finale-cee-cupu-burnley-everton-13\/","title":{"rendered":"Fin\u00e1le CEE Cupu: Burnley &#8211; Everton 1:3"},"content":{"rendered":"<h4 id=\"NewsPostDetailSummary\">Budoucnost je modr\u00e1.<\/h4>\n<div id=\"NewsPostDetailContent\">\n<p>Nejprve osv\u011btlen\u00ed pro ty, kte\u0159\u00ed nev\u00ed, co je CEE Cup. Po\u0159\u00e1d\u00e1 ho p\u0159ed sezonou Sparta a \u0161lo ji\u017e o sedm\u00fd ro\u010dn\u00edk tohoto dorosteneck\u00e9ho turnaje. Tentokr\u00e1t ale bylo fin\u00e1le \u010dist\u011b anglick\u00e9 a v podstat\u011b derby, proto\u017ee Burnley, kter\u00e9 ve skupin\u011b vy\u0159adilo Spartu, je od modr\u00e9ho m\u011bsta celkem kousek.<\/p>\n<p>Proto\u017ee bylo d\u011btsk\u00e9 odpoledne, tak pivo jste si mohli koupit pouze nealkoholick\u00e9. Ale to nevad\u00ed, dob\u0159e jsem si sedl. Vedle m\u011b toti\u017e sed\u011bl t\u00e1ta jedn\u00e9 evertonsk\u00e9 nad\u011bje, tak jsme se dali do \u0159e\u010di, kdy\u017e vid\u011bl, \u017ee m\u00e1m na sob\u011b tmav\u011bmodr\u00fd dres. Py\u0161n\u011b mi ukazoval na sv\u00e9m mobilu, jak syn hraje&#8230; A um\u00ed st\u0159\u00edlet branky? O tom potom.<\/p>\n<p>Everton \u0161el do z\u00e1pasu nepochybn\u011b jako favorit, i kv\u016fli tomu, \u017ee m\u011bl v k\u00e1dru nejlep\u0161\u00edho st\u0159elce turnaje, \u0161estn\u00e1ctilet\u00e9ho Simmse, n\u00e1kup z Manchesteru City. Ten samoz\u0159ejm\u011b nastoupil v z\u00e1kladn\u00ed sestav\u011b, par\u0165\u00e1ka v \u00fatoku mu d\u011blal nejlep\u0161\u00ed hr\u00e1\u010d turnaje, tedy Anthony Gordon. \u010cestn\u00fd v\u00fdkop fin\u00e1le provedla britsk\u00e1 velvyslankyn\u011b a ochotnick\u00e1 here\u010dka Jan Thompsonov\u00e1, kter\u00e1 si na to vzala lodi\u010dky a p\u0159iznala, \u017ee kdysi byla permanentk\u00e1\u0159kou Tottenhamu. Burnley p\u0159ekvapiv\u011b nenasadilo od za\u010d\u00e1tku jejich nejlep\u0161\u00edho st\u0159elce Fowlera.<\/p>\n<h4>Prvn\u00ed polo\u010das<\/h4>\n<p>Hned z prvn\u00edho \u00fatoku mohl Everton sk\u00f3rovat, po p\u0159ihr\u00e1vce Gordona zleva se k m\u00ed\u010di dostal Simms, ale merunu \u0161patn\u011b trefil a puml\u00ed\u010d k nejlep\u0161\u00edmu brank\u00e1\u0159i turnaje Bruceovi sotva dosk\u00e1kal. Burnley ob\u010das zahrozilo a n\u00e1kop na hro\u0165\u00e1ka Croppera musel \u0159e\u0161it v\u010dasn\u00fdm vyb\u011bhnut\u00edm Defreitas-Hansen. A hodn\u011b pr\u00e1ce po celou prvn\u00ed p\u016fli m\u011bl s Jumeauem (asi nejlep\u0161\u00edm plejerem Burnley v prvn\u00edm polo\u010dase) lev\u00fd obr\u00e1nce Evertonu Duke-McKenna.<\/p>\n<p>V des\u00e1t\u00e9 minut\u011b hezky pronikl po lev\u00e9 stran\u011b Gordon, ale Simmse zradilo zpracov\u00e1n\u00ed na prsa a zp\u011btnou p\u0159ihr\u00e1vku na Kerra (n\u00e1kup z Chelsea) z brankov\u00e9 \u010d\u00e1ry nezvl\u00e1dl. O chvilku pozd\u011bji po trestn\u00e9m kopu vznikl z\u00e1var p\u0159ed brankou Burnley, ale nakonec rozhod\u010d\u00ed odp\u00edskal \u00fato\u010dn\u00fd faul. T\u011bsn\u011b p\u0159ed prvn\u00ed brankou z\u00e1pasu p\u011bkn\u011b vyp\u00e1lil Samms a Defreitas-Hansen m\u011bl v brance Evertonu co d\u011blat, aby m\u00ed\u010d zkrotil.<\/p>\n<p>Ale to se povedlo a z proti\u00fatoku ji\u017e bylo otev\u0159eno sk\u00f3re. Dlouh\u00fd n\u00e1kop v Austr\u00e1lii narozen\u00e9ho stopera Ouzounidise prodlou\u017eil hlavou Simms na Warrena, ten p\u0159esprintoval obr\u00e1nce a prost\u0159elil Bruce na zadn\u00ed ty\u010d &#8211;<strong> 0:1! <\/strong>A pr\u00e1v\u011b s jeho t\u00e1tou jsem se bavil p\u0159ed utk\u00e1n\u00edm, ten si dal kr\u00e1tk\u00fd b\u011bh na tribun\u011b tam a zp\u011bt.<\/p>\n<p>O dv\u011b minuty pozd\u011bji bylo je\u0161t\u011b veseleji, dlouh\u00fd n\u00e1kop Kerra na\u0161el Simmse, ten m\u00ed\u010d nijak nezpracov\u00e1val a ranou z prvn\u00ed g\u00f3lmana z hranice velk\u00e9ho v\u00e1pna zkr\u00e1tka prost\u0159elil &#8211; <strong>0:2! <\/strong>T\u0159et\u00ed dlouh\u00fd n\u00e1kop, tentokr\u00e1t na Gordona, ji\u017e nevy\u0161el, Bruce byl u m\u00ed\u010de o krok d\u0159\u00edv.<\/p>\n<p>Dal\u0161\u00ed zaj\u00edmavou st\u0159elu p\u0159edvedl Scully, ale plac\u00edrka z cca 25 metr\u016f byla nepoveden\u00e1. Burnley za\u010dalo hodn\u011b hr\u00e1t dop\u0159edu, kapit\u00e1n Younger ve slibn\u00e9 pozici \u0161patn\u011b hlavou trefil centr Allana-Mereditha z trestn\u00e9ho kopu. O tvorbu hry se v dresu host\u00ed staral sm\u011brem dop\u0159edu hodn\u011b Gordon, hr\u00e1l n\u011bco mezi hrotem, podhrotem a tv\u016frcem hry. V podstat\u011b to bylo klasick\u00e9 sp\u00e1rov\u00e1n\u00ed mal\u00e9ho a velk\u00e9ho v \u00fatoku, kdy\u017e t\u00fdm hraje na dva vep\u0159edu.<\/p>\n<p>Simms n\u00e1sledn\u011b p\u0159ehr\u00e1l stopera Wilsona, ale op\u011bt ho zradilo zakon\u010den\u00ed a vy\u0161la z toho jen takov\u00e1 sk\u00e1kav\u00e1 \u017eblabu\u0148ka. O jeden \u00fatok pozd\u011bji dvojice Kerr-\u017duk vymyslela hezk\u00e9 zakon\u010den\u00ed pro Gordona, ale ten cht\u011bl d\u00e1vat do pr\u00e1zdn\u00e9 a m\u00ed\u010d mu byl ukopnut na roh. O dv\u011b minuty pozd\u011bji se op\u011bt Gordon tentokr\u00e1t ke st\u0159ele dostal a Mpofu jeho \u010fahu srazil na b\u0159evno. Z n\u00e1sledn\u00e9ho z\u00e1mku nic nebylo.<\/p>\n<p>Pokud Burnley hrozilo v \u00fatoku, tak obvykle z dlouh\u00fdch aut\u016f hro\u0165\u00e1ka Croppera. S t\u011bmi si ale obrana Evertonu poradila. Do konce prvn\u00edho polo\u010dasu stoj\u00ed za zm\u00ednku ji\u017e jen \u017elut\u00e1 karta pro Wilsona, kter\u00e1 mohla klidn\u011b b\u00fdt \u010derven\u00e1.<\/p>\n<h4>Druh\u00fd polo\u010das<\/h4>\n<p>Druhou p\u016fli odstartovalo Burnley dvoj\u00edm st\u0159\u00edd\u00e1n\u00edm, p\u0159i\u0161li McNeil a Fowler. A tak se \u0161lo aspo\u0148 za sn\u00ed\u017een\u00edm. Prvn\u00ed pozdrav poslal sm\u011brem na br\u00e1nu Evertonu pr\u00e1v\u011b Mcneil, g\u00f3lman kryl. Ten ve sv\u00e9 aktivit\u011b pokra\u010doval trestn\u00fdm kopem, ale centr pro\u0161el nete\u010dovan\u00fd asi dva metry vedle ty\u010de.<\/p>\n<p>Co p\u0159edvedli sm\u011brem dop\u0159edu Toffees? Gordonova st\u0159ela zblokov\u00e1na po pr\u016fniku Simmse a \u017dukovo sklepnut\u00ed hlavou skon\u010dilo jen u stoper\u016f Burnley. Na druh\u00e9 stran\u011b se bl\u00fdskl hezkou hlavi\u010dkou Younger, ale Defreitas-Hansen v klidu kryl. Dal\u0161\u00ed \u0161anci m\u011bli dom\u00e1c\u00ed pot\u00e9, co Ouzounidis p\u0159i\u0161el o m\u00ed\u010d v soboji s Fowlerem a Woodsovu st\u0159elu musel brank\u00e1\u0159 vyrazit na roh. \u0160patn\u00fd polo\u010das odehr\u00e1l kapit\u00e1n Moore, t\u0159ikr\u00e1t p\u0159i\u0161el o m\u00ed\u010d a poka\u017ed\u00e9 to dost ho\u0159elo.<\/p>\n<p>T\u011bsn\u011b p\u0159ed prvn\u00ed brankou p\u0159edvedl uk\u00e1zkov\u00e9 zadrb\u00e1n\u00ed Gordon, kdy\u017e m\u00edsto p\u0159ihr\u00e1vky doprava zcela voln\u00e9mu Corkeovi poslal m\u00ed\u010d Simmsovi, kter\u00e9ho stope\u0159i sta\u010dili zdvojit &#8211; a bylo po \u0161anci.<\/p>\n<p>Pak ji\u017e Burnley zaslou\u017een\u011b sn\u00ed\u017eilo. Fowler se dostal k odra\u017een\u00e9mu m\u00ed\u010di po p\u0159ihr\u00e1vce rukou sv\u00e9ho spoluhr\u00e1\u010de a se zakon\u010den\u00edm z mal\u00e9ho v\u00e1pna nem\u011bl probl\u00e9m &#8211; <strong>1:2. <\/strong>Z dal\u0161\u00ed akce hlavi\u010dkoval op\u011bt Fowler, brank\u00e1\u0159 kryl. Dvoubrankov\u00e9 veden\u00ed ale bylo brzy obnoveno. N\u00e1sleduj\u00edc\u00ed akci si za r\u00e1me\u010dek Egan ned\u00e1.<\/p>\n<p>Jeho odkop zachytil Gordon, tentokr\u00e1t se rozhodl spr\u00e1vn\u011b a posunul m\u00ed\u010d doleva na Warrena. Tomu se s pomoc\u00ed te\u010de pr\u00e1v\u011b prav\u00e9ho obr\u00e1nce Burnley poda\u0159ilo prost\u0159elit brank\u00e1\u0159e Bruce, op\u011bt ke vzd\u00e1len\u011bj\u0161\u00ed ty\u010di &#8211; <strong>1:3! <\/strong>T\u00e1tovi Warrenovi se za\u010daly lesknout o\u010di. Ve zbytku z\u00e1pasu se utk\u00e1n\u00ed ji\u017e jen dohr\u00e1valo, bez n\u011bjak\u00e9ho v\u011bt\u0161\u00edho vzruchu.<\/p>\n<h4>Shrnut\u00ed<\/h4>\n<p>Cestou ze stadionu jsem prohodil p\u00e1r v\u011bt s t\u00e1tou Warrenem, \u0159\u00edkal, \u017ee je na syna py\u0161n\u00fd (nep\u0159ekvapiv\u011b) a shodli jsme se, \u017ee d\u016fle\u017eit\u00e9 byli, \u017ee Everton pot\u0159et\u00ed zav\u011bsil tak rychle po sn\u00ed\u017een\u00ed Burnley.<\/p>\n<p>Co k v\u00fdkonu Evertonu na turnaji \u0159\u00edci z\u00e1v\u011brem? Po bezbrankov\u00e9 rem\u00edze s t\u00fdmem z Makedonie ud\u011blili ho\u0161i v modr\u00e9m soupe\u0159\u016fm dva kan\u00e1ry, celkov\u011b vyhr\u00e1li turnaj se sk\u00f3re 15:1, co\u017e ve \u010dty\u0159ech z\u00e1pasech jde. Fungovala obrana, i ve fin\u00e1le hr\u00e1la stopersk\u00e1 dvojice Collins &#8211; Ouzonidis solidn\u011b.<\/p>\n<p>P. S. \u00daryvky z ti\u0161t\u011bn\u00e9ho programu ohledn\u011b Evertonu: &#8222;Nejv\u011bt\u0161\u00edmi \u00fasp\u011bchy klubu jsou (&#8230;) a 1 celkov\u00fd triumf v Poh\u00e1ru mistr\u016f evropsk\u00fdch zem\u00ed. Od mlad\u00edk\u016f v modrob\u00edl\u00fdch dresech nem\u016f\u017eeme na na\u0161em turnaji \u010dekat top fotbalovou kvalitu.&#8220;<\/p>\n<p>Druh\u00e1 v\u011bta byla do angli\u010dtiny p\u0159elo\u017eena takto: &#8222;We can expect nothing other than top football quality from the youths in blue and white jerseys as they compete in our tournament.&#8220;<\/p>\n<p><strong>Branky:<\/strong> 17. a 77. Warren, 19. Simms \u2013 74. Fowler<\/p>\n<p><strong>K:<\/strong> Wilson<\/p>\n<p><strong>Burnley<\/strong>: Bruce &#8211; Mpofu, Wilson, Younger (C), Egan &#8211; Samms (85. Taylor), Mupariwa, Woods (pouh\u00fdch 15 let), Jumeau (56. Kershaw) &#8211; Allan-Meredith, Cropper. Tren\u00e9r: Danny Cadamarteri (ex EFC)<\/p>\n<p><strong>Everton<\/strong>: Defreitas-Hansen &#8211; Duke-Mckenna, Coolins, Ouzounidis, Moore (C) &#8211; Warren (90+2. Anderson), Kerr, Scully, \u017duk (65. Corke) &#8211; Simms (89. McKeown), Gordon. Tren\u00e9r: Paul Tait<\/p>\n<\/div>\n","protected":false},"excerpt":{"rendered":"<p>Budoucnost je modr\u00e1. Nejprve osv\u011btlen\u00ed pro ty, kte\u0159\u00ed nev\u00ed, co je CEE Cup. Po\u0159\u00e1d\u00e1 ho p\u0159ed sezonou Sparta a \u0161lo&hellip;<\/p>\n","protected":false},"author":12,"featured_media":1969,"comment_status":"open","ping_status":"closed","sticky":false,"template":"","format":"standard","meta":{"_eb_attr":"","_monsterinsights_skip_tracking":false,"_monsterinsights_sitenote_active":false,"_monsterinsights_sitenote_note":"","_monsterinsights_sitenote_category":0,"footnotes":""},"categories":[42],"tags":[],"yoast_head":"<!-- This site is optimized with the Yoast SEO plugin v23.4 - https:\/\/yoast.com\/wordpress\/plugins\/seo\/ -->\n<title>Fin\u00e1le CEE Cupu: Burnley - Everton 1:3 - Official Czech &amp; Slovak Everton Supporters&#039; Club<\/title>\n<meta name=\"robots\" content=\"index, follow, max-snippet:-1, max-image-preview:large, max-video-preview:-1\" \/>\n<link rel=\"canonical\" href=\"https:\/\/evertonfc.cz\/index.php\/2017\/07\/27\/finale-cee-cupu-burnley-everton-13\/\" \/>\n<meta property=\"og:locale\" content=\"cs_CZ\" \/>\n<meta property=\"og:type\" content=\"article\" \/>\n<meta property=\"og:title\" content=\"Fin\u00e1le CEE Cupu: Burnley - Everton 1:3 - Official Czech &amp; Slovak Everton Supporters&#039; Club\" \/>\n<meta property=\"og:description\" content=\"Budoucnost je modr\u00e1. Nejprve osv\u011btlen\u00ed pro ty, kte\u0159\u00ed nev\u00ed, co je CEE Cup. Po\u0159\u00e1d\u00e1 ho p\u0159ed sezonou Sparta a \u0161lo&hellip;\" \/>\n<meta property=\"og:url\" content=\"https:\/\/evertonfc.cz\/index.php\/2017\/07\/27\/finale-cee-cupu-burnley-everton-13\/\" \/>\n<meta property=\"og:site_name\" content=\"Official Czech &amp; Slovak Everton Supporters&#039; Club\" \/>\n<meta property=\"article:publisher\" content=\"https:\/\/www.facebook.com\/everton.fans.cz.sk\" \/>\n<meta property=\"article:published_time\" content=\"2017-07-27T12:50:39+00:00\" \/>\n<meta property=\"article:modified_time\" content=\"2021-03-12T09:41:47+00:00\" \/>\n<meta property=\"og:image\" content=\"https:\/\/evertonfc.cz\/wp-content\/uploads\/2019\/01\/cee_17_7_2018.jpg\" \/>\n\t<meta property=\"og:image:width\" content=\"720\" \/>\n\t<meta property=\"og:image:height\" content=\"405\" \/>\n\t<meta property=\"og:image:type\" content=\"image\/jpeg\" \/>\n<meta name=\"author\" content=\"Javor\" \/>\n<meta name=\"twitter:card\" content=\"summary_large_image\" \/>\n<meta name=\"twitter:creator\" content=\"@LoudinJan\" \/>\n<meta name=\"twitter:label1\" content=\"Napsal(a)\" \/>\n\t<meta name=\"twitter:data1\" content=\"Javor\" \/>\n\t<meta name=\"twitter:label2\" content=\"Odhadovan\u00e1 doba \u010dten\u00ed\" \/>\n\t<meta name=\"twitter:data2\" content=\"5 minut\" \/>\n<script type=\"application\/ld+json\" class=\"yoast-schema-graph\">{\"@context\":\"https:\/\/schema.org\",\"@graph\":[{\"@type\":\"Article\",\"@id\":\"https:\/\/evertonfc.cz\/index.php\/2017\/07\/27\/finale-cee-cupu-burnley-everton-13\/#article\",\"isPartOf\":{\"@id\":\"https:\/\/evertonfc.cz\/index.php\/2017\/07\/27\/finale-cee-cupu-burnley-everton-13\/\"},\"author\":{\"name\":\"Javor\",\"@id\":\"https:\/\/evertonfc.cz\/#\/schema\/person\/b30daf6a5852f4811f8207a17ec1bf78\"},\"headline\":\"Fin\u00e1le CEE Cupu: Burnley &#8211; Everton 1:3\",\"datePublished\":\"2017-07-27T12:50:39+00:00\",\"dateModified\":\"2021-03-12T09:41:47+00:00\",\"mainEntityOfPage\":{\"@id\":\"https:\/\/evertonfc.cz\/index.php\/2017\/07\/27\/finale-cee-cupu-burnley-everton-13\/\"},\"wordCount\":1332,\"commentCount\":0,\"publisher\":{\"@id\":\"https:\/\/evertonfc.cz\/#organization\"},\"image\":{\"@id\":\"https:\/\/evertonfc.cz\/index.php\/2017\/07\/27\/finale-cee-cupu-burnley-everton-13\/#primaryimage\"},\"thumbnailUrl\":\"https:\/\/evertonfc.cz\/wp-content\/uploads\/2019\/01\/cee_17_7_2018.jpg\",\"articleSection\":[\"Aktuality\"],\"inLanguage\":\"cs\",\"potentialAction\":[{\"@type\":\"CommentAction\",\"name\":\"Comment\",\"target\":[\"https:\/\/evertonfc.cz\/index.php\/2017\/07\/27\/finale-cee-cupu-burnley-everton-13\/#respond\"]}]},{\"@type\":\"WebPage\",\"@id\":\"https:\/\/evertonfc.cz\/index.php\/2017\/07\/27\/finale-cee-cupu-burnley-everton-13\/\",\"url\":\"https:\/\/evertonfc.cz\/index.php\/2017\/07\/27\/finale-cee-cupu-burnley-everton-13\/\",\"name\":\"Fin\u00e1le CEE Cupu: Burnley - Everton 1:3 - Official Czech &amp; Slovak Everton Supporters&#039; Club\",\"isPartOf\":{\"@id\":\"https:\/\/evertonfc.cz\/#website\"},\"primaryImageOfPage\":{\"@id\":\"https:\/\/evertonfc.cz\/index.php\/2017\/07\/27\/finale-cee-cupu-burnley-everton-13\/#primaryimage\"},\"image\":{\"@id\":\"https:\/\/evertonfc.cz\/index.php\/2017\/07\/27\/finale-cee-cupu-burnley-everton-13\/#primaryimage\"},\"thumbnailUrl\":\"https:\/\/evertonfc.cz\/wp-content\/uploads\/2019\/01\/cee_17_7_2018.jpg\",\"datePublished\":\"2017-07-27T12:50:39+00:00\",\"dateModified\":\"2021-03-12T09:41:47+00:00\",\"breadcrumb\":{\"@id\":\"https:\/\/evertonfc.cz\/index.php\/2017\/07\/27\/finale-cee-cupu-burnley-everton-13\/#breadcrumb\"},\"inLanguage\":\"cs\",\"potentialAction\":[{\"@type\":\"ReadAction\",\"target\":[\"https:\/\/evertonfc.cz\/index.php\/2017\/07\/27\/finale-cee-cupu-burnley-everton-13\/\"]}]},{\"@type\":\"ImageObject\",\"inLanguage\":\"cs\",\"@id\":\"https:\/\/evertonfc.cz\/index.php\/2017\/07\/27\/finale-cee-cupu-burnley-everton-13\/#primaryimage\",\"url\":\"https:\/\/evertonfc.cz\/wp-content\/uploads\/2019\/01\/cee_17_7_2018.jpg\",\"contentUrl\":\"https:\/\/evertonfc.cz\/wp-content\/uploads\/2019\/01\/cee_17_7_2018.jpg\",\"width\":720,\"height\":405},{\"@type\":\"BreadcrumbList\",\"@id\":\"https:\/\/evertonfc.cz\/index.php\/2017\/07\/27\/finale-cee-cupu-burnley-everton-13\/#breadcrumb\",\"itemListElement\":[{\"@type\":\"ListItem\",\"position\":1,\"name\":\"Home\",\"item\":\"https:\/\/evertonfc.cz\/\"},{\"@type\":\"ListItem\",\"position\":2,\"name\":\"Fin\u00e1le CEE Cupu: Burnley &#8211; Everton 1:3\"}]},{\"@type\":\"WebSite\",\"@id\":\"https:\/\/evertonfc.cz\/#website\",\"url\":\"https:\/\/evertonfc.cz\/\",\"name\":\"Official Czech &amp; Slovak Everton Supporters&#039; Club\",\"description\":\"\",\"publisher\":{\"@id\":\"https:\/\/evertonfc.cz\/#organization\"},\"potentialAction\":[{\"@type\":\"SearchAction\",\"target\":{\"@type\":\"EntryPoint\",\"urlTemplate\":\"https:\/\/evertonfc.cz\/?s={search_term_string}\"},\"query-input\":{\"@type\":\"PropertyValueSpecification\",\"valueRequired\":true,\"valueName\":\"search_term_string\"}}],\"inLanguage\":\"cs\"},{\"@type\":\"Organization\",\"@id\":\"https:\/\/evertonfc.cz\/#organization\",\"name\":\"Official Czech & Slovak Everton Supporters' Club\",\"url\":\"https:\/\/evertonfc.cz\/\",\"logo\":{\"@type\":\"ImageObject\",\"inLanguage\":\"cs\",\"@id\":\"https:\/\/evertonfc.cz\/#\/schema\/logo\/image\/\",\"url\":\"https:\/\/evertonfc.cz\/wp-content\/uploads\/2019\/05\/logo.png\",\"contentUrl\":\"https:\/\/evertonfc.cz\/wp-content\/uploads\/2019\/05\/logo.png\",\"width\":112,\"height\":112,\"caption\":\"Official Czech & Slovak Everton Supporters' Club\"},\"image\":{\"@id\":\"https:\/\/evertonfc.cz\/#\/schema\/logo\/image\/\"},\"sameAs\":[\"https:\/\/www.facebook.com\/everton.fans.cz.sk\"]},{\"@type\":\"Person\",\"@id\":\"https:\/\/evertonfc.cz\/#\/schema\/person\/b30daf6a5852f4811f8207a17ec1bf78\",\"name\":\"Javor\",\"sameAs\":[\"https:\/\/x.com\/LoudinJan\"],\"url\":\"https:\/\/evertonfc.cz\/index.php\/author\/javor\/\"}]}<\/script>\n<!-- \/ Yoast SEO plugin. -->","yoast_head_json":{"title":"Fin\u00e1le CEE Cupu: Burnley - Everton 1:3 - Official Czech &amp; Slovak Everton Supporters&#039; Club","robots":{"index":"index","follow":"follow","max-snippet":"max-snippet:-1","max-image-preview":"max-image-preview:large","max-video-preview":"max-video-preview:-1"},"canonical":"https:\/\/evertonfc.cz\/index.php\/2017\/07\/27\/finale-cee-cupu-burnley-everton-13\/","og_locale":"cs_CZ","og_type":"article","og_title":"Fin\u00e1le CEE Cupu: Burnley - Everton 1:3 - Official Czech &amp; Slovak Everton Supporters&#039; Club","og_description":"Budoucnost je modr\u00e1. Nejprve osv\u011btlen\u00ed pro ty, kte\u0159\u00ed nev\u00ed, co je CEE Cup. Po\u0159\u00e1d\u00e1 ho p\u0159ed sezonou Sparta a \u0161lo&hellip;","og_url":"https:\/\/evertonfc.cz\/index.php\/2017\/07\/27\/finale-cee-cupu-burnley-everton-13\/","og_site_name":"Official Czech &amp; Slovak Everton Supporters&#039; Club","article_publisher":"https:\/\/www.facebook.com\/everton.fans.cz.sk","article_published_time":"2017-07-27T12:50:39+00:00","article_modified_time":"2021-03-12T09:41:47+00:00","og_image":[{"width":720,"height":405,"url":"https:\/\/evertonfc.cz\/wp-content\/uploads\/2019\/01\/cee_17_7_2018.jpg","type":"image\/jpeg"}],"author":"Javor","twitter_card":"summary_large_image","twitter_creator":"@LoudinJan","twitter_misc":{"Napsal(a)":"Javor","Odhadovan\u00e1 doba \u010dten\u00ed":"5 minut"},"schema":{"@context":"https:\/\/schema.org","@graph":[{"@type":"Article","@id":"https:\/\/evertonfc.cz\/index.php\/2017\/07\/27\/finale-cee-cupu-burnley-everton-13\/#article","isPartOf":{"@id":"https:\/\/evertonfc.cz\/index.php\/2017\/07\/27\/finale-cee-cupu-burnley-everton-13\/"},"author":{"name":"Javor","@id":"https:\/\/evertonfc.cz\/#\/schema\/person\/b30daf6a5852f4811f8207a17ec1bf78"},"headline":"Fin\u00e1le CEE Cupu: Burnley &#8211; Everton 1:3","datePublished":"2017-07-27T12:50:39+00:00","dateModified":"2021-03-12T09:41:47+00:00","mainEntityOfPage":{"@id":"https:\/\/evertonfc.cz\/index.php\/2017\/07\/27\/finale-cee-cupu-burnley-everton-13\/"},"wordCount":1332,"commentCount":0,"publisher":{"@id":"https:\/\/evertonfc.cz\/#organization"},"image":{"@id":"https:\/\/evertonfc.cz\/index.php\/2017\/07\/27\/finale-cee-cupu-burnley-everton-13\/#primaryimage"},"thumbnailUrl":"https:\/\/evertonfc.cz\/wp-content\/uploads\/2019\/01\/cee_17_7_2018.jpg","articleSection":["Aktuality"],"inLanguage":"cs","potentialAction":[{"@type":"CommentAction","name":"Comment","target":["https:\/\/evertonfc.cz\/index.php\/2017\/07\/27\/finale-cee-cupu-burnley-everton-13\/#respond"]}]},{"@type":"WebPage","@id":"https:\/\/evertonfc.cz\/index.php\/2017\/07\/27\/finale-cee-cupu-burnley-everton-13\/","url":"https:\/\/evertonfc.cz\/index.php\/2017\/07\/27\/finale-cee-cupu-burnley-everton-13\/","name":"Fin\u00e1le CEE Cupu: Burnley - Everton 1:3 - Official Czech &amp; Slovak Everton Supporters&#039; Club","isPartOf":{"@id":"https:\/\/evertonfc.cz\/#website"},"primaryImageOfPage":{"@id":"https:\/\/evertonfc.cz\/index.php\/2017\/07\/27\/finale-cee-cupu-burnley-everton-13\/#primaryimage"},"image":{"@id":"https:\/\/evertonfc.cz\/index.php\/2017\/07\/27\/finale-cee-cupu-burnley-everton-13\/#primaryimage"},"thumbnailUrl":"https:\/\/evertonfc.cz\/wp-content\/uploads\/2019\/01\/cee_17_7_2018.jpg","datePublished":"2017-07-27T12:50:39+00:00","dateModified":"2021-03-12T09:41:47+00:00","breadcrumb":{"@id":"https:\/\/evertonfc.cz\/index.php\/2017\/07\/27\/finale-cee-cupu-burnley-everton-13\/#breadcrumb"},"inLanguage":"cs","potentialAction":[{"@type":"ReadAction","target":["https:\/\/evertonfc.cz\/index.php\/2017\/07\/27\/finale-cee-cupu-burnley-everton-13\/"]}]},{"@type":"ImageObject","inLanguage":"cs","@id":"https:\/\/evertonfc.cz\/index.php\/2017\/07\/27\/finale-cee-cupu-burnley-everton-13\/#primaryimage","url":"https:\/\/evertonfc.cz\/wp-content\/uploads\/2019\/01\/cee_17_7_2018.jpg","contentUrl":"https:\/\/evertonfc.cz\/wp-content\/uploads\/2019\/01\/cee_17_7_2018.jpg","width":720,"height":405},{"@type":"BreadcrumbList","@id":"https:\/\/evertonfc.cz\/index.php\/2017\/07\/27\/finale-cee-cupu-burnley-everton-13\/#breadcrumb","itemListElement":[{"@type":"ListItem","position":1,"name":"Home","item":"https:\/\/evertonfc.cz\/"},{"@type":"ListItem","position":2,"name":"Fin\u00e1le CEE Cupu: Burnley &#8211; Everton 1:3"}]},{"@type":"WebSite","@id":"https:\/\/evertonfc.cz\/#website","url":"https:\/\/evertonfc.cz\/","name":"Official Czech &amp; Slovak Everton Supporters&#039; Club","description":"","publisher":{"@id":"https:\/\/evertonfc.cz\/#organization"},"potentialAction":[{"@type":"SearchAction","target":{"@type":"EntryPoint","urlTemplate":"https:\/\/evertonfc.cz\/?s={search_term_string}"},"query-input":{"@type":"PropertyValueSpecification","valueRequired":true,"valueName":"search_term_string"}}],"inLanguage":"cs"},{"@type":"Organization","@id":"https:\/\/evertonfc.cz\/#organization","name":"Official Czech & Slovak Everton Supporters' Club","url":"https:\/\/evertonfc.cz\/","logo":{"@type":"ImageObject","inLanguage":"cs","@id":"https:\/\/evertonfc.cz\/#\/schema\/logo\/image\/","url":"https:\/\/evertonfc.cz\/wp-content\/uploads\/2019\/05\/logo.png","contentUrl":"https:\/\/evertonfc.cz\/wp-content\/uploads\/2019\/05\/logo.png","width":112,"height":112,"caption":"Official Czech & Slovak Everton Supporters' Club"},"image":{"@id":"https:\/\/evertonfc.cz\/#\/schema\/logo\/image\/"},"sameAs":["https:\/\/www.facebook.com\/everton.fans.cz.sk"]},{"@type":"Person","@id":"https:\/\/evertonfc.cz\/#\/schema\/person\/b30daf6a5852f4811f8207a17ec1bf78","name":"Javor","sameAs":["https:\/\/x.com\/LoudinJan"],"url":"https:\/\/evertonfc.cz\/index.php\/author\/javor\/"}]}},"_links":{"self":[{"href":"https:\/\/evertonfc.cz\/index.php\/wp-json\/wp\/v2\/posts\/2967"}],"collection":[{"href":"https:\/\/evertonfc.cz\/index.php\/wp-json\/wp\/v2\/posts"}],"about":[{"href":"https:\/\/evertonfc.cz\/index.php\/wp-json\/wp\/v2\/types\/post"}],"author":[{"embeddable":true,"href":"https:\/\/evertonfc.cz\/index.php\/wp-json\/wp\/v2\/users\/12"}],"replies":[{"embeddable":true,"href":"https:\/\/evertonfc.cz\/index.php\/wp-json\/wp\/v2\/comments?post=2967"}],"version-history":[{"count":3,"href":"https:\/\/evertonfc.cz\/index.php\/wp-json\/wp\/v2\/posts\/2967\/revisions"}],"predecessor-version":[{"id":14588,"href":"https:\/\/evertonfc.cz\/index.php\/wp-json\/wp\/v2\/posts\/2967\/revisions\/14588"}],"wp:featuredmedia":[{"embeddable":true,"href":"https:\/\/evertonfc.cz\/index.php\/wp-json\/wp\/v2\/media\/1969"}],"wp:attachment":[{"href":"https:\/\/evertonfc.cz\/index.php\/wp-json\/wp\/v2\/media?parent=2967"}],"wp:term":[{"taxonomy":"category","embeddable":true,"href":"https:\/\/evertonfc.cz\/index.php\/wp-json\/wp\/v2\/categories?post=2967"},{"taxonomy":"post_tag","embeddable":true,"href":"https:\/\/evertonfc.cz\/index.php\/wp-json\/wp\/v2\/tags?post=2967"}],"curies":[{"name":"wp","href":"https:\/\/api.w.org\/{rel}","templated":true}]}}