{"id":2969,"date":"2017-07-27T14:52:51","date_gmt":"2017-07-27T12:52:51","guid":{"rendered":"http:\/\/evertonfc.cz\/?p=2969"},"modified":"2021-02-24T14:52:45","modified_gmt":"2021-02-24T13:52:45","slug":"el-preview-everton-ruzomberok","status":"publish","type":"post","link":"https:\/\/evertonfc.cz\/index.php\/2017\/07\/27\/el-preview-everton-ruzomberok\/","title":{"rendered":"EL Preview: Everton &#8211; Ru\u017eomberok"},"content":{"rendered":"<h4 id=\"NewsPostDetailSummary\">Dnes sa napln\u00ed cie\u013e minulej sez\u00f3ny \u2013 eur\u00f3psky futbal op\u00e4\u0165 v Goodison Parku. Hoci len predkolo, ni\u010d to nemen\u00ed na vzru\u0161en\u00ed z konfront\u00e1cie so s\u00faperom z tunaj\u0161\u00edch kon\u010d\u00edn, ktor\u00fd sa stane svedkom druh\u00e9ho debutu Waynea Rooneyho v kr\u00e1\u013eovskej modrej.<\/h4>\n<div id=\"NewsPostDetailContent\">\n<p>\u00d3, ak\u00e9 \u017ee to \u010dasy nastali? Kame\u0148 na kameni na Merseyside neost\u00e1va, \u010di vr\u00e1ti sa za\u0161l\u00e1 sl\u00e1va? Po\u013enej tr\u00e1vy toti\u017e bolo dos\u0165, nejeden fan\u00fa\u0161ik skr\u00fdva zlos\u0165. \u010eal\u0161ia do cesty sa Ru\u017ea postav\u00ed, prinesie Slov\u00e1kom futbalovej radosti? Proti Koeman i Rooney bud\u00fa, debut eur\u00f3psky s Evertonom ukuj\u00fa. Nech sa teda rozhodne na vyhrievanej tr\u00e1ve, to v\u0161etko uvid\u00edme na Starej D\u00e1me&#8230;<\/p>\n<p>Pardon, nechal som sa unies\u0165 v toto kr\u00e1sne, futbalov\u00e9 r\u00e1no. Tak\u017ee, pre\u010do \u010d\u00edtame tieto riadky? Karamelky skon\u010dili v minulej sez\u00f3ne siedme a ako vysvitlo z v\u00fdsledkov s\u00faperov a ich poh\u00e1rov\u00fdch \u00faspechov, do\u017ei\u010dilo sa n\u00e1m n\u00e1vratu do kontinent\u00e1lnej s\u00fa\u0165a\u017ee \u010d\u00edslo dva a to po dvoch rokoch. V sez\u00f3ne 2014\/15 sme \u0165a\u017eili z piateho miesta prv\u00e9ho roku re\u017eimu Roberta Mart\u00edneza a neby\u0165 zbabran\u00e9ho v\u00fdkonu v odvete s Dynamom Kyjev, kto vie kde by na\u0161a vtedaj\u0161ia dru\u017eina skon\u010dila. Av\u0161ak to nevad\u00ed, hanbu si Everton rozhodne, a to mysl\u00edm v\u00e1\u017ene, rozhodne nespravil.<\/p>\n<p>Osemfin\u00e1lov\u00e9 br\u00e1ny s\u00fa ur\u010dite re\u00e1lne pre Toffees aj tento ro\u010dn\u00edk, len si ich netreba pred\u010dasne zavrie\u0165 vlastnou naivitou, ako tomu bolo pr\u00edkladom u lond\u00fdnskych klad\u00edv dva ro\u010dn\u00edky po sebe. Dne\u0161n\u00fd s\u00faper sa s\u00edce nevol\u00e1 Astra Giurgiu a nie je majster rumunskej dom\u00e1cej ligovej s\u00fa\u0165a\u017ee, ale \u00faprimne, lopta je gu\u013eat\u00e1&#8230;<\/p>\n<h4>\u201c<em>But OK\u201d<\/em><\/h4>\n<p>\u010eal\u0161\u00ed odsek a v \u0148om \u0161\u00e9fove posolstvo, ktor\u00e9 znie: Wayne Rooney sa po trin\u00e1stich rokoch do\u010dk\u00e1 druh\u00e9ho s\u00fa\u0165a\u017en\u00e9ho debutu v drese milovan\u00e9ho Evertonu a to hne\u010f v prvom s\u00fa\u0165a\u017enom z\u00e1pase a hne\u010f v z\u00e1kladnej zostave! Na akej poz\u00edci\u00ed, to Holan\u010fan prezradi\u0165 nechcel a s istotou teda pote\u0161il s\u00fapera. Vrel\u00e9ho priv\u00edtania sa do\u010dk\u00e1 ur\u010dite nielen on, ale aj zop\u00e1r nov\u00fdch mien, z ktor\u00fdch ak si m\u00f4\u017eem tipn\u00fa\u0165, by to mohli by\u0165 Klaassen, Keane a mysl\u00edm \u017ee aj Pickford. Koeman bere Eur\u00f3pu v\u00e1\u017ene a bude chcie\u0165 aspo\u0148 trojg\u00f3lov\u00fd n\u00e1skok pred odvetou. Ur\u010dite ni\u010d nemo\u017en\u00e9. Ke\u010f v 2008 odch\u00e1dzal SK Brann Bergen z Goodison Parku, viezol si domov \u0161es\u0165dielny n\u00e1klad.<\/p>\n<p>Ako bolo vyjadren\u00e9, mo\u017eno to nebude t\u00e1 najsilnej\u0161ia zostava. A mo\u017eno tak\u00fa e\u0161te ani nem\u00e1me &#8211; zatia\u013e, ale tri a pol t\u00fd\u017ed\u0148a po dovolenke sa v\u017edy sklad\u00e1 \u0165a\u017eko. Zvl\u00e1\u0161\u0165 ak ste neodohrali ani jeden s\u00fa\u0165a\u017en\u00fd z\u00e1pas a s\u00faper u\u017e p\u00e4\u0165. Ch\u00fdba\u0165 iste bud\u00fa mar\u00f3di Coleman, Bolasie, Funes Mori a Ross Barkley, ktor\u00fd aj neby\u0165 oper\u00e1cie triesel, by zrejme ch\u00fdbal aj tak.<\/p>\n<h4>\u201e<em>Tis\u00edc a jeden Ru\u017eomberok\u201c<\/em><\/h4>\n<p>Hist\u00f3ria futbalu na dolnom Liptove je ako zbierka pr\u00edbehov &#8211; ka\u017ed\u00fd by sa mohol p\u00edsa\u0165 samostatne, no len spolu tvoria zauj\u00edmav\u00e9 a vcelku unik\u00e1tne dielo, ktor\u00e9 definuje futbalov\u00fd rozvoj na Slovensku ako tak\u00fd. Nie \u017ee by sa bez Ru\u017ee futbal v na\u0161ich kon\u010din\u00e1ch nekonal, ale ke\u010f sa pozriete na cestu ak\u00fa urazil, zvykne to \u013eud\u00ed fascinova\u0165. Oprava, nie \u013eud\u00ed, futbalov\u00fdch fanatikov. A ako som spom\u00ednal, budem to musie\u0165 zhrn\u00fa\u0165 fakt stru\u010dne, inak by som to u\u017e nemohol klasifikova\u0165 ako z\u00e1pasov\u00e9 preview.<\/p>\n<p>Loptov\u00e9 za\u010diatky v Liptovskej kotline mali na svedom\u00ed zrejme talianski robotn\u00edci. Spom\u00ednaj\u00fa sa aj Angli\u010dania, \u010di pocestn\u00ed z Budape\u0161ti, no usadl\u00edci z Apeninsk\u00e9ho polostrova boli t\u00ed, ktor\u00ed zalo\u017eili v\u00f4bec prv\u00fd futbalov\u00fd oddiel Concordia (1906-14). Samozrejme, vojna futbalu nefand\u00ed ani na Slovensku, tak\u017ee to znamenal jej efekt\u00edvny koniec. Hne\u010f po nej dalo zelen\u00fa \u0161portov\u00e9mu z\u00e1poleniu nov\u00e9, u\u017e klubov\u00e9 zoskupenie \u0160K Vikt\u00f3ria Ru\u017eomberok (1918-26).<\/p>\n<p>Fungovali v\u0161ak v \u0165a\u017ek\u00fdch materi\u00e1lnych podmienkach a aj to mo\u017eno prispelo k rozvratu zvn\u00fatra, kedy sa niektor\u00fd dorastenci odl\u00fa\u010dili a naraz boli v meste tri futbalov\u00e9 t\u00edmy \u2013 spomenut\u00e1 Vikt\u00f3ria, Union Ru\u017eomberok a \u0160K Makkabea Ru\u017eomberok. To nemohlo trva\u0165 ve\u010dne a tak po ich postupn\u00fdch z\u00e1nikoch nast\u00fapil \u0160K Ru\u017eomberok (1926-48) a s n\u00edm aj rozkvet \u00faspechov.<\/p>\n<p>Len\u017ee jeden nikdy nesta\u010d\u00ed a tak vznikali odno\u017ee, ktor\u00e9 sa sna\u017eili kr\u00e1\u010da\u0165 v stop\u00e1ch napr. Vikt\u00f3rie, ako RAC Ru\u017eomberok a konkurent \u0160K RTZ Ryb\u00e1rpole. Po vypadnut\u00ed \u0160K Ru\u017eomberka z najvy\u0161\u0161ej s\u00fa\u0165a\u017ee sa iniciat\u00edvy chopili \u010fal\u0161\u00ed a po spojen\u00ed s\u00edl sa dostalo vzniku Sokol SBZ Ru\u017eomberok (1948-53), nesk\u00f4r premenovan\u00e9ho na Iskru (1953-57).<\/p>\n<p>Zl\u00e9 v\u00fdsledky rovn\u00e1 sa nov\u00fd konkurent a to Slovan Ru\u017eomberok. Len\u017ee ani to neprinieslo siahodlh\u00fa bud\u00facnos\u0165 a \u010fal\u0161ia f\u00fazia bola na svete \u2013 TJ Ru\u017eomberok (1958-93). Pravdepodobne najdlh\u0161ie obdobie bez \u0161trukt\u00farovej zmeny. Menili sa len kozmetick\u00e9 drobnosti v n\u00e1zvoch pred Ru\u017eomberkom ako TJ BZVIL, TJ BZ, \u0160K Texicom. V 1995 bol pou\u017eit\u00fd n\u00e1zov Mestsk\u00fd \u0160portov\u00fd Klub a o rok na to u\u017e boli majstrami druhej ligy ako M\u0160K SCP.<\/p>\n<p>O p\u00e4\u0165 rokov na to sa prebojovali do (v\u00f4bec prvej) kvalifik\u00e1cie Poh\u00e1ru UEFA, kde boli vyraden\u00ed franc\u00fazskym Troyes v prvom kole. V roku 2003 si kone\u010dne ust\u00e1lili meno na dne\u0161n\u00e9 MFK a ak niekto nebol doteraz zm\u00e4ten\u00fd, u\u017e m\u00f4\u017ee&#8230; Dom\u00e1ce double pri\u0161lo presne po 100 rokoch, \u010do by len tretiemu klubu v hist\u00f3ri\u00ed slovenskej najvy\u0161\u0161ej s\u00fa\u0165a\u017ee. N\u00e1sledn\u00e1 \u00fa\u010das\u0165 v Lige Majstrov mala kr\u00e1tke konanie aj v\u010faka vyradeniu v tre\u0165om predkole, za pomoci CSKA Moskva. Po jeden\u00e1stich rokoch sa za ligov\u00e9 umiestnenie na tre\u0165om mieste Ru\u017eomberok do Eur\u00f3py vr\u00e1til a s Norbertom Hrn\u010d\u00e1rom \u010del\u00ed v\u00fdzve po vyraden\u00ed FK Vojvodina a ne\u010dakane aj SK Brann Bergen. Alebo odmene?<\/p>\n<p>Vcelku relat\u00edvne mlad\u00fd k\u00e1der nem\u00e1 ve\u013ek\u00e9 men\u00e1, jedin\u00fd reprezentant Sapara neb\u00fdva v poslednom \u010dase herne vy\u0165a\u017een\u00fd. Dobre sa ukazuje mlad\u00fd Dalibor Tak\u00e1\u010d s osmi\u010dkou, platn\u00fd b\u00fdva aj kr\u00eddeln\u00edk \u010di ofenz\u00edvny z\u00e1lo\u017en\u00edk G\u00e1l-Andrezly, ktor\u00fd m\u00e1 sk\u00fasenosti aj s futbalom na ostrovoch. Na hrote je e\u0161te nezohran\u00e1 posila Haski\u010d, ktor\u00e1 m\u00e1 zapl\u00e1ta\u0165 odchod najprodukt\u00edvnej\u0161ieho Mare\u0161a.<\/p>\n<p>Vzadu hasia probl\u00e9my menovci J\u00e1n a Peter Maslo a br\u00e1na patr\u00ed vysok\u00e9mu Mac\u00edkovi. Gener\u00e1lka na Everton v prvom kole Fortuna Ligy nevy\u0161la aj v\u010faka piatim absenci\u00e1m op\u00f4r, \u010do zna\u010d\u00ed, \u017ee Ru\u017ea chce odohra\u0165 aspo\u0148 prijate\u013en\u00fd v\u00fdsledok a do Liverpoolu pricestovala v plnej sile. T\u00edm hra v\u00e4\u010d\u0161inou vo form\u00e1ci\u00ed 4-2-3-1 respekt\u00edve 4-3-3. Ako slabinu vid\u00edm \u013eav\u00fa stranu obrany MFK.<\/p>\n<h4>Pr\u00edchody:<\/h4>\n<ul>\n<li>Kristi Qose \u2013 PAOK Sol\u00fan (zadarmo), Dominik Kunca \u2013 MFK Zempl\u00edn Michalovce (zadarmo), Nermin Haski\u010d \u2013 M\u0160K \u017dilina (suma nezverejnen\u00e1), Matej Kochan \u2013 FK \u017deleziarne Podbrezov\u00e1 (zadarmo), Tihomir Kostadinov \u2013 FC Zlat\u00e9 Moravce-Vr\u00e1ble (suma nezverejnen\u00e1)<\/li>\n<\/ul>\n<h4>Odchody:<\/h4>\n<ul>\n<li>Tom\u00e1\u0161 \u010eubek (vo\u013en\u00fd hr\u00e1\u010d &#8211; Zalaegerszeg), Michal Fa\u0161ko (vo\u013en\u00fd hr\u00e1\u010d \u2013 Grasshopper Zurich), Tom\u00e1\u0161 Ger\u00e1t (vo\u013en\u00fd hr\u00e1\u010d &#8211; FK \u017deleziarne Podbrezov\u00e1), Andrej Lov\u00e1s (vo\u013en\u00fd hr\u00e1\u010d \u2013 FC Spartak Trnava), Jakub Mare\u0161 (\u0160K Slovan Bratislava \u2013 suma nezverejnen\u00e1), Martin Nagy (ETO FC Gyor \u2013 suma nezverejnen\u00e1)<\/li>\n<\/ul>\n<h4><strong>Ohlasy pred z\u00e1pasom:<\/strong><\/h4>\n<p><span style=\"text-decoration: underline;\">R.Koeman<\/span> \u2013 &#8222;\u0164a\u017ek\u00e9 meno, v\u0161ak? Tento t\u00fdm u\u017e odohral dve kvalifika\u010dn\u00e9 kol\u00e1 a jedno ligov\u00e9 kolo. A ke\u010f\u017ee by sme sa radi dostali do skupinovej f\u00e1zy, mus\u00edme porazi\u0165 ka\u017ed\u00e9ho, koho n\u00e1m vy\u017erebuj\u00fa. Nie je to \u013eahk\u00e9, ale sme presved\u010den\u00ed, \u017ee sa n\u00e1m to podar\u00ed. Pozerali sme nieko\u013eko z\u00e1pasov Ru\u017eomberku, ukazovali sme si vide\u00e1, dali do hromady inform\u00e1cie a odovzdali hr\u00e1\u010dom. Vieme \u010do n\u00e1s \u010dak\u00e1, nebud\u00fa \u017eiadne prekvapenia. Hoci st\u00e1le sme trochu prekvapen\u00ed ich postupom. Ak toti\u017e prehr\u00e1te doma 0:1, potrebujete naozaj ve\u013ek\u00fd v\u00fdsledok vonku aby ste post\u00fapili. A oni uk\u00e1zali, \u017ee z tej dvojice boli silnej\u0161\u00ed t\u00edm. Tak\u017ee mus\u00edte tvrdo maka\u0165, by\u0165 agres\u00edvni a uk\u00e1za\u0165 kvalitu na tr\u00e1vniku. \u00c1no, sme papierov\u00fdm favoritom, no vo futbale sa m\u00f4\u017ee sta\u0165 \u010doko\u013evek. Mus\u00edme by\u0165 dobre pripraven\u00ed.&#8220;<\/p>\n<p><span style=\"text-decoration: underline;\">N.Hrn\u010d\u00e1r<\/span> \u2013 \u201eEverton je obrovsk\u00fd favorit tohto z\u00e1pasu. M\u00f4\u017eem kon\u0161tatova\u0165, \u017ee je to najv\u00e4\u010d\u0161\u00ed z\u00e1pas ru\u017eombersk\u00e9ho klubu. Tak\u017ee je to odmena za celoro\u010dn\u00fa pr\u00e1cu mu\u017estva a ver\u00edm, \u017ee to bude kr\u00e1sny dvojz\u00e1pas pred vypredan\u00fdmi h\u013eadiskami, nako\u013eko aj Goodison Park, aj ru\u017eombersk\u00fd \u0161tadi\u00f3n s\u00fa u\u017e vypredan\u00e9. Chceme odohra\u0165 dobr\u00fd z\u00e1pas, d\u00f4stojn\u00fa partiu s dobr\u00fdm v\u00fdsledkom. Fand\u00edm susedovi z Anfield Road, o to je to pre m\u0148a v\u00e4\u010d\u0161ia motiv\u00e1cia. Ale v tejto chv\u00edli to nie je podstatn\u00e9. Na\u0161\u00edm s\u00faperom je Everton.\u00a0Ka\u017ed\u00fd jeden hr\u00e1\u010d Evertonu je reprezentant svojej krajiny, alebo bol. To samo o sebe sved\u010d\u00ed, \u017ee mu\u017estvo je poskladan\u00e9 z ve\u013ek\u00fdch individual\u00edt. Ned\u00e1 sa to poveda\u0165 tak, \u017ee tohto jedn\u00e9ho ustr\u00e1\u017eime a m\u00e1me sv\u00e4t\u00fd pokoj. To mu\u017estvo je extr\u00e9mne siln\u00e9 a v porovnan\u00ed s nami je to \u00faplne in\u00fd level.\u201c<\/p>\n<h3 style=\"text-align: center;\"><span style=\"color: #3366ff;\"><em><strong>Up The Toffees !<\/strong><\/em><\/span><\/h3>\n<p><strong>\u010co:<\/strong> Everton FC \u2013 MFK Ru\u017eomberok, 3. predkolo Eur\u00f3pskej Ligy<strong><br \/>\nKedy:<\/strong> 27.7. 2017 od 21:05 SE\u010c<strong><br \/>\nKde:<\/strong> Goodison Park &#8211; Goodison Rd, Liverpool L4 4EL (kapacita: 40 221)<strong><br \/>\nRozhodca:<\/strong> G. Kabakov <strong>Asistenti: <\/strong>M. Margaritov, D. Valkov <strong>\u0160tvrt\u00fd rozhodca: <\/strong>N. Yordanov<\/p>\n<\/div>\n","protected":false},"excerpt":{"rendered":"<p>Dnes sa napln\u00ed cie\u013e minulej sez\u00f3ny \u2013 eur\u00f3psky futbal op\u00e4\u0165 v Goodison Parku. Hoci len predkolo, ni\u010d to nemen\u00ed na&hellip;<\/p>\n","protected":false},"author":1,"featured_media":1314,"comment_status":"open","ping_status":"closed","sticky":false,"template":"","format":"standard","meta":{"_eb_attr":"","_monsterinsights_skip_tracking":false,"_monsterinsights_sitenote_active":false,"_monsterinsights_sitenote_note":"","_monsterinsights_sitenote_category":0,"footnotes":""},"categories":[4],"tags":[],"yoast_head":"<!-- This site is optimized with the Yoast SEO plugin v23.4 - https:\/\/yoast.com\/wordpress\/plugins\/seo\/ -->\n<title>EL Preview: Everton - Ru\u017eomberok - Official Czech &amp; Slovak Everton Supporters&#039; Club<\/title>\n<meta name=\"robots\" content=\"index, follow, max-snippet:-1, max-image-preview:large, max-video-preview:-1\" \/>\n<link rel=\"canonical\" href=\"https:\/\/evertonfc.cz\/index.php\/2017\/07\/27\/el-preview-everton-ruzomberok\/\" \/>\n<meta property=\"og:locale\" content=\"cs_CZ\" \/>\n<meta property=\"og:type\" content=\"article\" \/>\n<meta property=\"og:title\" content=\"EL Preview: Everton - Ru\u017eomberok - Official Czech &amp; Slovak Everton Supporters&#039; Club\" \/>\n<meta property=\"og:description\" content=\"Dnes sa napln\u00ed cie\u013e minulej sez\u00f3ny \u2013 eur\u00f3psky futbal op\u00e4\u0165 v Goodison Parku. Hoci len predkolo, ni\u010d to nemen\u00ed na&hellip;\" \/>\n<meta property=\"og:url\" content=\"https:\/\/evertonfc.cz\/index.php\/2017\/07\/27\/el-preview-everton-ruzomberok\/\" \/>\n<meta property=\"og:site_name\" content=\"Official Czech &amp; Slovak Everton Supporters&#039; Club\" \/>\n<meta property=\"article:publisher\" content=\"https:\/\/www.facebook.com\/everton.fans.cz.sk\" \/>\n<meta property=\"article:published_time\" content=\"2017-07-27T12:52:51+00:00\" \/>\n<meta property=\"article:modified_time\" content=\"2021-02-24T13:52:45+00:00\" \/>\n<meta property=\"og:image\" content=\"https:\/\/evertonfc.cz\/wp-content\/uploads\/2019\/01\/preview.jpg\" \/>\n\t<meta property=\"og:image:width\" content=\"720\" \/>\n\t<meta property=\"og:image:height\" content=\"405\" \/>\n\t<meta property=\"og:image:type\" content=\"image\/jpeg\" \/>\n<meta name=\"author\" content=\"BlueBlooded\" \/>\n<meta name=\"twitter:card\" content=\"summary_large_image\" \/>\n<meta name=\"twitter:label1\" content=\"Napsal(a)\" \/>\n\t<meta name=\"twitter:data1\" content=\"BlueBlooded\" \/>\n\t<meta name=\"twitter:label2\" content=\"Odhadovan\u00e1 doba \u010dten\u00ed\" \/>\n\t<meta name=\"twitter:data2\" content=\"6 minut\" \/>\n<script type=\"application\/ld+json\" class=\"yoast-schema-graph\">{\"@context\":\"https:\/\/schema.org\",\"@graph\":[{\"@type\":\"Article\",\"@id\":\"https:\/\/evertonfc.cz\/index.php\/2017\/07\/27\/el-preview-everton-ruzomberok\/#article\",\"isPartOf\":{\"@id\":\"https:\/\/evertonfc.cz\/index.php\/2017\/07\/27\/el-preview-everton-ruzomberok\/\"},\"author\":{\"name\":\"BlueBlooded\",\"@id\":\"https:\/\/evertonfc.cz\/#\/schema\/person\/d4493b8cbea51532597fbc4685698916\"},\"headline\":\"EL Preview: Everton &#8211; Ru\u017eomberok\",\"datePublished\":\"2017-07-27T12:52:51+00:00\",\"dateModified\":\"2021-02-24T13:52:45+00:00\",\"mainEntityOfPage\":{\"@id\":\"https:\/\/evertonfc.cz\/index.php\/2017\/07\/27\/el-preview-everton-ruzomberok\/\"},\"wordCount\":1669,\"commentCount\":0,\"publisher\":{\"@id\":\"https:\/\/evertonfc.cz\/#organization\"},\"image\":{\"@id\":\"https:\/\/evertonfc.cz\/index.php\/2017\/07\/27\/el-preview-everton-ruzomberok\/#primaryimage\"},\"thumbnailUrl\":\"https:\/\/evertonfc.cz\/wp-content\/uploads\/2019\/01\/preview.jpg\",\"articleSection\":[\"Z\u00e1pasy\"],\"inLanguage\":\"cs\",\"potentialAction\":[{\"@type\":\"CommentAction\",\"name\":\"Comment\",\"target\":[\"https:\/\/evertonfc.cz\/index.php\/2017\/07\/27\/el-preview-everton-ruzomberok\/#respond\"]}]},{\"@type\":\"WebPage\",\"@id\":\"https:\/\/evertonfc.cz\/index.php\/2017\/07\/27\/el-preview-everton-ruzomberok\/\",\"url\":\"https:\/\/evertonfc.cz\/index.php\/2017\/07\/27\/el-preview-everton-ruzomberok\/\",\"name\":\"EL Preview: Everton - Ru\u017eomberok - Official Czech &amp; Slovak Everton Supporters&#039; Club\",\"isPartOf\":{\"@id\":\"https:\/\/evertonfc.cz\/#website\"},\"primaryImageOfPage\":{\"@id\":\"https:\/\/evertonfc.cz\/index.php\/2017\/07\/27\/el-preview-everton-ruzomberok\/#primaryimage\"},\"image\":{\"@id\":\"https:\/\/evertonfc.cz\/index.php\/2017\/07\/27\/el-preview-everton-ruzomberok\/#primaryimage\"},\"thumbnailUrl\":\"https:\/\/evertonfc.cz\/wp-content\/uploads\/2019\/01\/preview.jpg\",\"datePublished\":\"2017-07-27T12:52:51+00:00\",\"dateModified\":\"2021-02-24T13:52:45+00:00\",\"breadcrumb\":{\"@id\":\"https:\/\/evertonfc.cz\/index.php\/2017\/07\/27\/el-preview-everton-ruzomberok\/#breadcrumb\"},\"inLanguage\":\"cs\",\"potentialAction\":[{\"@type\":\"ReadAction\",\"target\":[\"https:\/\/evertonfc.cz\/index.php\/2017\/07\/27\/el-preview-everton-ruzomberok\/\"]}]},{\"@type\":\"ImageObject\",\"inLanguage\":\"cs\",\"@id\":\"https:\/\/evertonfc.cz\/index.php\/2017\/07\/27\/el-preview-everton-ruzomberok\/#primaryimage\",\"url\":\"https:\/\/evertonfc.cz\/wp-content\/uploads\/2019\/01\/preview.jpg\",\"contentUrl\":\"https:\/\/evertonfc.cz\/wp-content\/uploads\/2019\/01\/preview.jpg\",\"width\":720,\"height\":405},{\"@type\":\"BreadcrumbList\",\"@id\":\"https:\/\/evertonfc.cz\/index.php\/2017\/07\/27\/el-preview-everton-ruzomberok\/#breadcrumb\",\"itemListElement\":[{\"@type\":\"ListItem\",\"position\":1,\"name\":\"Home\",\"item\":\"https:\/\/evertonfc.cz\/\"},{\"@type\":\"ListItem\",\"position\":2,\"name\":\"EL Preview: Everton &#8211; Ru\u017eomberok\"}]},{\"@type\":\"WebSite\",\"@id\":\"https:\/\/evertonfc.cz\/#website\",\"url\":\"https:\/\/evertonfc.cz\/\",\"name\":\"Official Czech &amp; Slovak Everton Supporters&#039; Club\",\"description\":\"\",\"publisher\":{\"@id\":\"https:\/\/evertonfc.cz\/#organization\"},\"potentialAction\":[{\"@type\":\"SearchAction\",\"target\":{\"@type\":\"EntryPoint\",\"urlTemplate\":\"https:\/\/evertonfc.cz\/?s={search_term_string}\"},\"query-input\":{\"@type\":\"PropertyValueSpecification\",\"valueRequired\":true,\"valueName\":\"search_term_string\"}}],\"inLanguage\":\"cs\"},{\"@type\":\"Organization\",\"@id\":\"https:\/\/evertonfc.cz\/#organization\",\"name\":\"Official Czech & Slovak Everton Supporters' Club\",\"url\":\"https:\/\/evertonfc.cz\/\",\"logo\":{\"@type\":\"ImageObject\",\"inLanguage\":\"cs\",\"@id\":\"https:\/\/evertonfc.cz\/#\/schema\/logo\/image\/\",\"url\":\"https:\/\/evertonfc.cz\/wp-content\/uploads\/2019\/05\/logo.png\",\"contentUrl\":\"https:\/\/evertonfc.cz\/wp-content\/uploads\/2019\/05\/logo.png\",\"width\":112,\"height\":112,\"caption\":\"Official Czech & Slovak Everton Supporters' Club\"},\"image\":{\"@id\":\"https:\/\/evertonfc.cz\/#\/schema\/logo\/image\/\"},\"sameAs\":[\"https:\/\/www.facebook.com\/everton.fans.cz.sk\"]},{\"@type\":\"Person\",\"@id\":\"https:\/\/evertonfc.cz\/#\/schema\/person\/d4493b8cbea51532597fbc4685698916\",\"name\":\"BlueBlooded\",\"url\":\"https:\/\/evertonfc.cz\/index.php\/author\/admin\/\"}]}<\/script>\n<!-- \/ Yoast SEO plugin. -->","yoast_head_json":{"title":"EL Preview: Everton - Ru\u017eomberok - Official Czech &amp; Slovak Everton Supporters&#039; Club","robots":{"index":"index","follow":"follow","max-snippet":"max-snippet:-1","max-image-preview":"max-image-preview:large","max-video-preview":"max-video-preview:-1"},"canonical":"https:\/\/evertonfc.cz\/index.php\/2017\/07\/27\/el-preview-everton-ruzomberok\/","og_locale":"cs_CZ","og_type":"article","og_title":"EL Preview: Everton - Ru\u017eomberok - Official Czech &amp; Slovak Everton Supporters&#039; Club","og_description":"Dnes sa napln\u00ed cie\u013e minulej sez\u00f3ny \u2013 eur\u00f3psky futbal op\u00e4\u0165 v Goodison Parku. Hoci len predkolo, ni\u010d to nemen\u00ed na&hellip;","og_url":"https:\/\/evertonfc.cz\/index.php\/2017\/07\/27\/el-preview-everton-ruzomberok\/","og_site_name":"Official Czech &amp; Slovak Everton Supporters&#039; Club","article_publisher":"https:\/\/www.facebook.com\/everton.fans.cz.sk","article_published_time":"2017-07-27T12:52:51+00:00","article_modified_time":"2021-02-24T13:52:45+00:00","og_image":[{"width":720,"height":405,"url":"https:\/\/evertonfc.cz\/wp-content\/uploads\/2019\/01\/preview.jpg","type":"image\/jpeg"}],"author":"BlueBlooded","twitter_card":"summary_large_image","twitter_misc":{"Napsal(a)":"BlueBlooded","Odhadovan\u00e1 doba \u010dten\u00ed":"6 minut"},"schema":{"@context":"https:\/\/schema.org","@graph":[{"@type":"Article","@id":"https:\/\/evertonfc.cz\/index.php\/2017\/07\/27\/el-preview-everton-ruzomberok\/#article","isPartOf":{"@id":"https:\/\/evertonfc.cz\/index.php\/2017\/07\/27\/el-preview-everton-ruzomberok\/"},"author":{"name":"BlueBlooded","@id":"https:\/\/evertonfc.cz\/#\/schema\/person\/d4493b8cbea51532597fbc4685698916"},"headline":"EL Preview: Everton &#8211; Ru\u017eomberok","datePublished":"2017-07-27T12:52:51+00:00","dateModified":"2021-02-24T13:52:45+00:00","mainEntityOfPage":{"@id":"https:\/\/evertonfc.cz\/index.php\/2017\/07\/27\/el-preview-everton-ruzomberok\/"},"wordCount":1669,"commentCount":0,"publisher":{"@id":"https:\/\/evertonfc.cz\/#organization"},"image":{"@id":"https:\/\/evertonfc.cz\/index.php\/2017\/07\/27\/el-preview-everton-ruzomberok\/#primaryimage"},"thumbnailUrl":"https:\/\/evertonfc.cz\/wp-content\/uploads\/2019\/01\/preview.jpg","articleSection":["Z\u00e1pasy"],"inLanguage":"cs","potentialAction":[{"@type":"CommentAction","name":"Comment","target":["https:\/\/evertonfc.cz\/index.php\/2017\/07\/27\/el-preview-everton-ruzomberok\/#respond"]}]},{"@type":"WebPage","@id":"https:\/\/evertonfc.cz\/index.php\/2017\/07\/27\/el-preview-everton-ruzomberok\/","url":"https:\/\/evertonfc.cz\/index.php\/2017\/07\/27\/el-preview-everton-ruzomberok\/","name":"EL Preview: Everton - Ru\u017eomberok - Official Czech &amp; Slovak Everton Supporters&#039; Club","isPartOf":{"@id":"https:\/\/evertonfc.cz\/#website"},"primaryImageOfPage":{"@id":"https:\/\/evertonfc.cz\/index.php\/2017\/07\/27\/el-preview-everton-ruzomberok\/#primaryimage"},"image":{"@id":"https:\/\/evertonfc.cz\/index.php\/2017\/07\/27\/el-preview-everton-ruzomberok\/#primaryimage"},"thumbnailUrl":"https:\/\/evertonfc.cz\/wp-content\/uploads\/2019\/01\/preview.jpg","datePublished":"2017-07-27T12:52:51+00:00","dateModified":"2021-02-24T13:52:45+00:00","breadcrumb":{"@id":"https:\/\/evertonfc.cz\/index.php\/2017\/07\/27\/el-preview-everton-ruzomberok\/#breadcrumb"},"inLanguage":"cs","potentialAction":[{"@type":"ReadAction","target":["https:\/\/evertonfc.cz\/index.php\/2017\/07\/27\/el-preview-everton-ruzomberok\/"]}]},{"@type":"ImageObject","inLanguage":"cs","@id":"https:\/\/evertonfc.cz\/index.php\/2017\/07\/27\/el-preview-everton-ruzomberok\/#primaryimage","url":"https:\/\/evertonfc.cz\/wp-content\/uploads\/2019\/01\/preview.jpg","contentUrl":"https:\/\/evertonfc.cz\/wp-content\/uploads\/2019\/01\/preview.jpg","width":720,"height":405},{"@type":"BreadcrumbList","@id":"https:\/\/evertonfc.cz\/index.php\/2017\/07\/27\/el-preview-everton-ruzomberok\/#breadcrumb","itemListElement":[{"@type":"ListItem","position":1,"name":"Home","item":"https:\/\/evertonfc.cz\/"},{"@type":"ListItem","position":2,"name":"EL Preview: Everton &#8211; Ru\u017eomberok"}]},{"@type":"WebSite","@id":"https:\/\/evertonfc.cz\/#website","url":"https:\/\/evertonfc.cz\/","name":"Official Czech &amp; Slovak Everton Supporters&#039; Club","description":"","publisher":{"@id":"https:\/\/evertonfc.cz\/#organization"},"potentialAction":[{"@type":"SearchAction","target":{"@type":"EntryPoint","urlTemplate":"https:\/\/evertonfc.cz\/?s={search_term_string}"},"query-input":{"@type":"PropertyValueSpecification","valueRequired":true,"valueName":"search_term_string"}}],"inLanguage":"cs"},{"@type":"Organization","@id":"https:\/\/evertonfc.cz\/#organization","name":"Official Czech & Slovak Everton Supporters' Club","url":"https:\/\/evertonfc.cz\/","logo":{"@type":"ImageObject","inLanguage":"cs","@id":"https:\/\/evertonfc.cz\/#\/schema\/logo\/image\/","url":"https:\/\/evertonfc.cz\/wp-content\/uploads\/2019\/05\/logo.png","contentUrl":"https:\/\/evertonfc.cz\/wp-content\/uploads\/2019\/05\/logo.png","width":112,"height":112,"caption":"Official Czech & Slovak Everton Supporters' Club"},"image":{"@id":"https:\/\/evertonfc.cz\/#\/schema\/logo\/image\/"},"sameAs":["https:\/\/www.facebook.com\/everton.fans.cz.sk"]},{"@type":"Person","@id":"https:\/\/evertonfc.cz\/#\/schema\/person\/d4493b8cbea51532597fbc4685698916","name":"BlueBlooded","url":"https:\/\/evertonfc.cz\/index.php\/author\/admin\/"}]}},"_links":{"self":[{"href":"https:\/\/evertonfc.cz\/index.php\/wp-json\/wp\/v2\/posts\/2969"}],"collection":[{"href":"https:\/\/evertonfc.cz\/index.php\/wp-json\/wp\/v2\/posts"}],"about":[{"href":"https:\/\/evertonfc.cz\/index.php\/wp-json\/wp\/v2\/types\/post"}],"author":[{"embeddable":true,"href":"https:\/\/evertonfc.cz\/index.php\/wp-json\/wp\/v2\/users\/1"}],"replies":[{"embeddable":true,"href":"https:\/\/evertonfc.cz\/index.php\/wp-json\/wp\/v2\/comments?post=2969"}],"version-history":[{"count":3,"href":"https:\/\/evertonfc.cz\/index.php\/wp-json\/wp\/v2\/posts\/2969\/revisions"}],"predecessor-version":[{"id":14307,"href":"https:\/\/evertonfc.cz\/index.php\/wp-json\/wp\/v2\/posts\/2969\/revisions\/14307"}],"wp:featuredmedia":[{"embeddable":true,"href":"https:\/\/evertonfc.cz\/index.php\/wp-json\/wp\/v2\/media\/1314"}],"wp:attachment":[{"href":"https:\/\/evertonfc.cz\/index.php\/wp-json\/wp\/v2\/media?parent=2969"}],"wp:term":[{"taxonomy":"category","embeddable":true,"href":"https:\/\/evertonfc.cz\/index.php\/wp-json\/wp\/v2\/categories?post=2969"},{"taxonomy":"post_tag","embeddable":true,"href":"https:\/\/evertonfc.cz\/index.php\/wp-json\/wp\/v2\/tags?post=2969"}],"curies":[{"name":"wp","href":"https:\/\/api.w.org\/{rel}","templated":true}]}}