{"id":2971,"date":"2017-07-26T14:58:56","date_gmt":"2017-07-26T12:58:56","guid":{"rendered":"http:\/\/evertonfc.cz\/?p=2971"},"modified":"2019-02-10T16:18:06","modified_gmt":"2019-02-10T15:18:06","slug":"koeman-barkley-stoprocentne-odejde","status":"publish","type":"post","link":"https:\/\/evertonfc.cz\/index.php\/2017\/07\/26\/koeman-barkley-stoprocentne-odejde\/","title":{"rendered":"Koeman: Barkley stoprocentn\u011b odejde"},"content":{"rendered":"<h4>Ronald Koeman na tiskov\u00e9 konferenci p\u0159ed z\u00e1pasem s Ru\u017eomberokem potvrdil, \u017ee Ross Barkley odm\u00edtl prodlou\u017eit smlouvu, a tak v l\u00e9t\u011b stoprocentn\u011b opust\u00ed Everton. Mana\u017eer z\u00e1rove\u0148 p\u0159iznal, \u017ee douf\u00e1 v dal\u0161\u00ed posily.<\/h4>\n<p><em>\u201eSituace je pom\u011brn\u011b jasn\u00e1,\u201c<\/em> za\u010dal Koeman. <em>\u201eP\u0159edlo\u017eili jsme mu velmi dobrou smlouvu, on ji v\u0161ak neakceptoval. Po posledn\u00edm z\u00e1pase minul\u00e9 sez\u00f3ny mi sd\u011blil, \u017ee hled\u00e1 novou v\u00fdzvu.<\/em><\/p>\n<p><em>Je to jeho rozhodnut\u00ed a j\u00e1 ho budu respektovat. Uvid\u00edme, co se stane. Ka\u017edop\u00e1dn\u011b v Evertonu u\u017e nem\u00e1 budoucnost. Co jsem sly\u0161el od veden\u00ed klubu, zat\u00edm nen\u00ed na stole \u017e\u00e1dn\u00e1 ofici\u00e1ln\u00ed nab\u00eddka od jin\u00e9ho t\u00fdmu.\u201c<\/em><\/p>\n<p>Koeman n\u011bkolikr\u00e1t b\u011bhem posledn\u00edch m\u011bs\u00edc\u016f deklaroval, \u017ee pokud Barkley neprodlou\u017e\u00ed st\u00e1vaj\u00edc\u00ed smlouvu, kter\u00e1 mu kon\u010d\u00ed za rok, bude v\u00a0leto\u0161n\u00edm l\u00e9t\u011b prod\u00e1n. Nizozemsk\u00fd strat\u00e9g na ot\u00e1zku, zda se tak skute\u010dn\u011b stane, odpov\u011bd\u011bl rezolutn\u011b: <em>\u201eAno.\u201c<\/em><\/p>\n<p>Podle den\u00edku Liverpool Echo Toffees za sv\u00e9ho odchovance po\u017eaduj\u00ed 30 milion\u016f liber. Britsk\u00e1 m\u00e9dia potom nej\u010dast\u011bji sklo\u0148uj\u00ed z\u00e1jem ze strany Tottenhamu. Ot\u00e1zkou je, nakolik bude p\u0159\u00edpadn\u00fd p\u0159estup komplikovat hr\u00e1\u010dovo zran\u011bn\u00ed t\u0159\u00edsel, kv\u016fli n\u011bmu\u017e bude absentovat minim\u00e1ln\u011b do poloviny srpna.<\/p>\n<p>Everton je p\u0159ed novou sez\u00f3nou nezvykle piln\u00fd na p\u0159estupov\u00e9m trhu. P\u0159ivedl ji\u017e sedm hr\u00e1\u010d\u016f, jejich\u017e celkov\u00e1 hodnota se \u0161plh\u00e1 ke st\u016fm milion\u016fm liber. Koeman p\u0159esto douf\u00e1 v dal\u0161\u00ed akvizice: <em>\u201eV tisku najdete mnoho spekulac\u00ed, realita se ale m\u016f\u017ee li\u0161it.<\/em><\/p>\n<p><em>Na dlouhou dobu jsme ztratili zran\u011bn\u00e9ho Funese Moriho, chceme za n\u011bj p\u0159iv\u00e9st n\u00e1hradu.<\/em><\/p>\n<p><em>Prodali jsme Lukaka a koupili Sandra Ram\u00edreze. Nyn\u00ed se sna\u017e\u00edme o p\u0159\u00edchod je\u0161t\u011b jednoho \u00fato\u010dn\u00edka. Bude z\u00e1le\u017eet, jak si povedeme p\u0159i jedn\u00e1n\u00edch.\u201c<\/em><\/p>\n<p>Koeman tak\u00e9 nevylou\u010dil op\u011btovnou snahu z\u00edskat Gylfiho Sigurdssona. <em>\u201eZaj\u00edm\u00e1me se o hr\u00e1\u010de. Zda za n\u011bj po\u0161leme dal\u0161\u00ed nab\u00eddku? Nev\u00edm,\u201c<\/em> padlo v souvislosti s\u00a0\u00fadajn\u00fdmi odm\u00edtnut\u00fdmi 45 miliony liber. Swansea chce milion\u016f pades\u00e1t.<\/p>\n","protected":false},"excerpt":{"rendered":"<p>Ronald Koeman na tiskov\u00e9 konferenci p\u0159ed z\u00e1pasem s Ru\u017eomberokem potvrdil, \u017ee Ross Barkley odm\u00edtl prodlou\u017eit smlouvu, a tak v l\u00e9t\u011b&hellip;<\/p>\n","protected":false},"author":6,"featured_media":1313,"comment_status":"open","ping_status":"closed","sticky":false,"template":"","format":"standard","meta":{"_eb_attr":"","_monsterinsights_skip_tracking":false,"_monsterinsights_sitenote_active":false,"_monsterinsights_sitenote_note":"","_monsterinsights_sitenote_category":0,"footnotes":""},"categories":[42],"tags":[],"yoast_head":"<!-- This site is optimized with the Yoast SEO plugin v23.4 - https:\/\/yoast.com\/wordpress\/plugins\/seo\/ -->\n<title>Koeman: Barkley stoprocentn\u011b odejde - Official Czech &amp; Slovak Everton Supporters&#039; Club<\/title>\n<meta name=\"robots\" content=\"index, follow, max-snippet:-1, max-image-preview:large, max-video-preview:-1\" \/>\n<link rel=\"canonical\" href=\"https:\/\/evertonfc.cz\/index.php\/2017\/07\/26\/koeman-barkley-stoprocentne-odejde\/\" \/>\n<meta property=\"og:locale\" content=\"cs_CZ\" \/>\n<meta property=\"og:type\" content=\"article\" \/>\n<meta property=\"og:title\" content=\"Koeman: Barkley stoprocentn\u011b odejde - Official Czech &amp; Slovak Everton Supporters&#039; Club\" \/>\n<meta property=\"og:description\" content=\"Ronald Koeman na tiskov\u00e9 konferenci p\u0159ed z\u00e1pasem s Ru\u017eomberokem potvrdil, \u017ee Ross Barkley odm\u00edtl prodlou\u017eit smlouvu, a tak v l\u00e9t\u011b&hellip;\" \/>\n<meta property=\"og:url\" content=\"https:\/\/evertonfc.cz\/index.php\/2017\/07\/26\/koeman-barkley-stoprocentne-odejde\/\" \/>\n<meta property=\"og:site_name\" content=\"Official Czech &amp; Slovak Everton Supporters&#039; Club\" \/>\n<meta property=\"article:publisher\" content=\"https:\/\/www.facebook.com\/everton.fans.cz.sk\" \/>\n<meta property=\"article:published_time\" content=\"2017-07-26T12:58:56+00:00\" \/>\n<meta property=\"article:modified_time\" content=\"2019-02-10T15:18:06+00:00\" \/>\n<meta property=\"og:image\" content=\"https:\/\/evertonfc.cz\/wp-content\/uploads\/2019\/01\/news.jpg\" \/>\n\t<meta property=\"og:image:width\" content=\"720\" \/>\n\t<meta property=\"og:image:height\" content=\"405\" \/>\n\t<meta property=\"og:image:type\" content=\"image\/jpeg\" \/>\n<meta name=\"author\" content=\"Ri\u010di\" \/>\n<meta name=\"twitter:card\" content=\"summary_large_image\" \/>\n<meta name=\"twitter:creator\" content=\"@rbrejsa\" \/>\n<meta name=\"twitter:label1\" content=\"Napsal(a)\" \/>\n\t<meta name=\"twitter:data1\" content=\"Ri\u010di\" \/>\n\t<meta name=\"twitter:label2\" content=\"Odhadovan\u00e1 doba \u010dten\u00ed\" \/>\n\t<meta name=\"twitter:data2\" content=\"2 minuty\" \/>\n<script type=\"application\/ld+json\" class=\"yoast-schema-graph\">{\"@context\":\"https:\/\/schema.org\",\"@graph\":[{\"@type\":\"Article\",\"@id\":\"https:\/\/evertonfc.cz\/index.php\/2017\/07\/26\/koeman-barkley-stoprocentne-odejde\/#article\",\"isPartOf\":{\"@id\":\"https:\/\/evertonfc.cz\/index.php\/2017\/07\/26\/koeman-barkley-stoprocentne-odejde\/\"},\"author\":{\"name\":\"Ri\u010di\",\"@id\":\"https:\/\/evertonfc.cz\/#\/schema\/person\/f7a5daedb2ffee98480bc70e191aaef1\"},\"headline\":\"Koeman: Barkley stoprocentn\u011b odejde\",\"datePublished\":\"2017-07-26T12:58:56+00:00\",\"dateModified\":\"2019-02-10T15:18:06+00:00\",\"mainEntityOfPage\":{\"@id\":\"https:\/\/evertonfc.cz\/index.php\/2017\/07\/26\/koeman-barkley-stoprocentne-odejde\/\"},\"wordCount\":377,\"commentCount\":0,\"publisher\":{\"@id\":\"https:\/\/evertonfc.cz\/#organization\"},\"image\":{\"@id\":\"https:\/\/evertonfc.cz\/index.php\/2017\/07\/26\/koeman-barkley-stoprocentne-odejde\/#primaryimage\"},\"thumbnailUrl\":\"https:\/\/evertonfc.cz\/wp-content\/uploads\/2019\/01\/news.jpg\",\"articleSection\":[\"Aktuality\"],\"inLanguage\":\"cs\",\"potentialAction\":[{\"@type\":\"CommentAction\",\"name\":\"Comment\",\"target\":[\"https:\/\/evertonfc.cz\/index.php\/2017\/07\/26\/koeman-barkley-stoprocentne-odejde\/#respond\"]}]},{\"@type\":\"WebPage\",\"@id\":\"https:\/\/evertonfc.cz\/index.php\/2017\/07\/26\/koeman-barkley-stoprocentne-odejde\/\",\"url\":\"https:\/\/evertonfc.cz\/index.php\/2017\/07\/26\/koeman-barkley-stoprocentne-odejde\/\",\"name\":\"Koeman: Barkley stoprocentn\u011b odejde - Official Czech &amp; Slovak Everton Supporters&#039; Club\",\"isPartOf\":{\"@id\":\"https:\/\/evertonfc.cz\/#website\"},\"primaryImageOfPage\":{\"@id\":\"https:\/\/evertonfc.cz\/index.php\/2017\/07\/26\/koeman-barkley-stoprocentne-odejde\/#primaryimage\"},\"image\":{\"@id\":\"https:\/\/evertonfc.cz\/index.php\/2017\/07\/26\/koeman-barkley-stoprocentne-odejde\/#primaryimage\"},\"thumbnailUrl\":\"https:\/\/evertonfc.cz\/wp-content\/uploads\/2019\/01\/news.jpg\",\"datePublished\":\"2017-07-26T12:58:56+00:00\",\"dateModified\":\"2019-02-10T15:18:06+00:00\",\"breadcrumb\":{\"@id\":\"https:\/\/evertonfc.cz\/index.php\/2017\/07\/26\/koeman-barkley-stoprocentne-odejde\/#breadcrumb\"},\"inLanguage\":\"cs\",\"potentialAction\":[{\"@type\":\"ReadAction\",\"target\":[\"https:\/\/evertonfc.cz\/index.php\/2017\/07\/26\/koeman-barkley-stoprocentne-odejde\/\"]}]},{\"@type\":\"ImageObject\",\"inLanguage\":\"cs\",\"@id\":\"https:\/\/evertonfc.cz\/index.php\/2017\/07\/26\/koeman-barkley-stoprocentne-odejde\/#primaryimage\",\"url\":\"https:\/\/evertonfc.cz\/wp-content\/uploads\/2019\/01\/news.jpg\",\"contentUrl\":\"https:\/\/evertonfc.cz\/wp-content\/uploads\/2019\/01\/news.jpg\",\"width\":720,\"height\":405},{\"@type\":\"BreadcrumbList\",\"@id\":\"https:\/\/evertonfc.cz\/index.php\/2017\/07\/26\/koeman-barkley-stoprocentne-odejde\/#breadcrumb\",\"itemListElement\":[{\"@type\":\"ListItem\",\"position\":1,\"name\":\"Home\",\"item\":\"https:\/\/evertonfc.cz\/\"},{\"@type\":\"ListItem\",\"position\":2,\"name\":\"Koeman: Barkley stoprocentn\u011b odejde\"}]},{\"@type\":\"WebSite\",\"@id\":\"https:\/\/evertonfc.cz\/#website\",\"url\":\"https:\/\/evertonfc.cz\/\",\"name\":\"Official Czech &amp; Slovak Everton Supporters&#039; Club\",\"description\":\"\",\"publisher\":{\"@id\":\"https:\/\/evertonfc.cz\/#organization\"},\"potentialAction\":[{\"@type\":\"SearchAction\",\"target\":{\"@type\":\"EntryPoint\",\"urlTemplate\":\"https:\/\/evertonfc.cz\/?s={search_term_string}\"},\"query-input\":{\"@type\":\"PropertyValueSpecification\",\"valueRequired\":true,\"valueName\":\"search_term_string\"}}],\"inLanguage\":\"cs\"},{\"@type\":\"Organization\",\"@id\":\"https:\/\/evertonfc.cz\/#organization\",\"name\":\"Official Czech & Slovak Everton Supporters' Club\",\"url\":\"https:\/\/evertonfc.cz\/\",\"logo\":{\"@type\":\"ImageObject\",\"inLanguage\":\"cs\",\"@id\":\"https:\/\/evertonfc.cz\/#\/schema\/logo\/image\/\",\"url\":\"https:\/\/evertonfc.cz\/wp-content\/uploads\/2019\/05\/logo.png\",\"contentUrl\":\"https:\/\/evertonfc.cz\/wp-content\/uploads\/2019\/05\/logo.png\",\"width\":112,\"height\":112,\"caption\":\"Official Czech & Slovak Everton Supporters' Club\"},\"image\":{\"@id\":\"https:\/\/evertonfc.cz\/#\/schema\/logo\/image\/\"},\"sameAs\":[\"https:\/\/www.facebook.com\/everton.fans.cz.sk\"]},{\"@type\":\"Person\",\"@id\":\"https:\/\/evertonfc.cz\/#\/schema\/person\/f7a5daedb2ffee98480bc70e191aaef1\",\"name\":\"Ri\u010di\",\"sameAs\":[\"https:\/\/x.com\/rbrejsa\"],\"url\":\"https:\/\/evertonfc.cz\/index.php\/author\/rici\/\"}]}<\/script>\n<!-- \/ Yoast SEO plugin. -->","yoast_head_json":{"title":"Koeman: Barkley stoprocentn\u011b odejde - Official Czech &amp; Slovak Everton Supporters&#039; Club","robots":{"index":"index","follow":"follow","max-snippet":"max-snippet:-1","max-image-preview":"max-image-preview:large","max-video-preview":"max-video-preview:-1"},"canonical":"https:\/\/evertonfc.cz\/index.php\/2017\/07\/26\/koeman-barkley-stoprocentne-odejde\/","og_locale":"cs_CZ","og_type":"article","og_title":"Koeman: Barkley stoprocentn\u011b odejde - Official Czech &amp; Slovak Everton Supporters&#039; Club","og_description":"Ronald Koeman na tiskov\u00e9 konferenci p\u0159ed z\u00e1pasem s Ru\u017eomberokem potvrdil, \u017ee Ross Barkley odm\u00edtl prodlou\u017eit smlouvu, a tak v l\u00e9t\u011b&hellip;","og_url":"https:\/\/evertonfc.cz\/index.php\/2017\/07\/26\/koeman-barkley-stoprocentne-odejde\/","og_site_name":"Official Czech &amp; Slovak Everton Supporters&#039; Club","article_publisher":"https:\/\/www.facebook.com\/everton.fans.cz.sk","article_published_time":"2017-07-26T12:58:56+00:00","article_modified_time":"2019-02-10T15:18:06+00:00","og_image":[{"width":720,"height":405,"url":"https:\/\/evertonfc.cz\/wp-content\/uploads\/2019\/01\/news.jpg","type":"image\/jpeg"}],"author":"Ri\u010di","twitter_card":"summary_large_image","twitter_creator":"@rbrejsa","twitter_misc":{"Napsal(a)":"Ri\u010di","Odhadovan\u00e1 doba \u010dten\u00ed":"2 minuty"},"schema":{"@context":"https:\/\/schema.org","@graph":[{"@type":"Article","@id":"https:\/\/evertonfc.cz\/index.php\/2017\/07\/26\/koeman-barkley-stoprocentne-odejde\/#article","isPartOf":{"@id":"https:\/\/evertonfc.cz\/index.php\/2017\/07\/26\/koeman-barkley-stoprocentne-odejde\/"},"author":{"name":"Ri\u010di","@id":"https:\/\/evertonfc.cz\/#\/schema\/person\/f7a5daedb2ffee98480bc70e191aaef1"},"headline":"Koeman: Barkley stoprocentn\u011b odejde","datePublished":"2017-07-26T12:58:56+00:00","dateModified":"2019-02-10T15:18:06+00:00","mainEntityOfPage":{"@id":"https:\/\/evertonfc.cz\/index.php\/2017\/07\/26\/koeman-barkley-stoprocentne-odejde\/"},"wordCount":377,"commentCount":0,"publisher":{"@id":"https:\/\/evertonfc.cz\/#organization"},"image":{"@id":"https:\/\/evertonfc.cz\/index.php\/2017\/07\/26\/koeman-barkley-stoprocentne-odejde\/#primaryimage"},"thumbnailUrl":"https:\/\/evertonfc.cz\/wp-content\/uploads\/2019\/01\/news.jpg","articleSection":["Aktuality"],"inLanguage":"cs","potentialAction":[{"@type":"CommentAction","name":"Comment","target":["https:\/\/evertonfc.cz\/index.php\/2017\/07\/26\/koeman-barkley-stoprocentne-odejde\/#respond"]}]},{"@type":"WebPage","@id":"https:\/\/evertonfc.cz\/index.php\/2017\/07\/26\/koeman-barkley-stoprocentne-odejde\/","url":"https:\/\/evertonfc.cz\/index.php\/2017\/07\/26\/koeman-barkley-stoprocentne-odejde\/","name":"Koeman: Barkley stoprocentn\u011b odejde - Official Czech &amp; Slovak Everton Supporters&#039; Club","isPartOf":{"@id":"https:\/\/evertonfc.cz\/#website"},"primaryImageOfPage":{"@id":"https:\/\/evertonfc.cz\/index.php\/2017\/07\/26\/koeman-barkley-stoprocentne-odejde\/#primaryimage"},"image":{"@id":"https:\/\/evertonfc.cz\/index.php\/2017\/07\/26\/koeman-barkley-stoprocentne-odejde\/#primaryimage"},"thumbnailUrl":"https:\/\/evertonfc.cz\/wp-content\/uploads\/2019\/01\/news.jpg","datePublished":"2017-07-26T12:58:56+00:00","dateModified":"2019-02-10T15:18:06+00:00","breadcrumb":{"@id":"https:\/\/evertonfc.cz\/index.php\/2017\/07\/26\/koeman-barkley-stoprocentne-odejde\/#breadcrumb"},"inLanguage":"cs","potentialAction":[{"@type":"ReadAction","target":["https:\/\/evertonfc.cz\/index.php\/2017\/07\/26\/koeman-barkley-stoprocentne-odejde\/"]}]},{"@type":"ImageObject","inLanguage":"cs","@id":"https:\/\/evertonfc.cz\/index.php\/2017\/07\/26\/koeman-barkley-stoprocentne-odejde\/#primaryimage","url":"https:\/\/evertonfc.cz\/wp-content\/uploads\/2019\/01\/news.jpg","contentUrl":"https:\/\/evertonfc.cz\/wp-content\/uploads\/2019\/01\/news.jpg","width":720,"height":405},{"@type":"BreadcrumbList","@id":"https:\/\/evertonfc.cz\/index.php\/2017\/07\/26\/koeman-barkley-stoprocentne-odejde\/#breadcrumb","itemListElement":[{"@type":"ListItem","position":1,"name":"Home","item":"https:\/\/evertonfc.cz\/"},{"@type":"ListItem","position":2,"name":"Koeman: Barkley stoprocentn\u011b odejde"}]},{"@type":"WebSite","@id":"https:\/\/evertonfc.cz\/#website","url":"https:\/\/evertonfc.cz\/","name":"Official Czech &amp; Slovak Everton Supporters&#039; Club","description":"","publisher":{"@id":"https:\/\/evertonfc.cz\/#organization"},"potentialAction":[{"@type":"SearchAction","target":{"@type":"EntryPoint","urlTemplate":"https:\/\/evertonfc.cz\/?s={search_term_string}"},"query-input":{"@type":"PropertyValueSpecification","valueRequired":true,"valueName":"search_term_string"}}],"inLanguage":"cs"},{"@type":"Organization","@id":"https:\/\/evertonfc.cz\/#organization","name":"Official Czech & Slovak Everton Supporters' Club","url":"https:\/\/evertonfc.cz\/","logo":{"@type":"ImageObject","inLanguage":"cs","@id":"https:\/\/evertonfc.cz\/#\/schema\/logo\/image\/","url":"https:\/\/evertonfc.cz\/wp-content\/uploads\/2019\/05\/logo.png","contentUrl":"https:\/\/evertonfc.cz\/wp-content\/uploads\/2019\/05\/logo.png","width":112,"height":112,"caption":"Official Czech & Slovak Everton Supporters' Club"},"image":{"@id":"https:\/\/evertonfc.cz\/#\/schema\/logo\/image\/"},"sameAs":["https:\/\/www.facebook.com\/everton.fans.cz.sk"]},{"@type":"Person","@id":"https:\/\/evertonfc.cz\/#\/schema\/person\/f7a5daedb2ffee98480bc70e191aaef1","name":"Ri\u010di","sameAs":["https:\/\/x.com\/rbrejsa"],"url":"https:\/\/evertonfc.cz\/index.php\/author\/rici\/"}]}},"_links":{"self":[{"href":"https:\/\/evertonfc.cz\/index.php\/wp-json\/wp\/v2\/posts\/2971"}],"collection":[{"href":"https:\/\/evertonfc.cz\/index.php\/wp-json\/wp\/v2\/posts"}],"about":[{"href":"https:\/\/evertonfc.cz\/index.php\/wp-json\/wp\/v2\/types\/post"}],"author":[{"embeddable":true,"href":"https:\/\/evertonfc.cz\/index.php\/wp-json\/wp\/v2\/users\/6"}],"replies":[{"embeddable":true,"href":"https:\/\/evertonfc.cz\/index.php\/wp-json\/wp\/v2\/comments?post=2971"}],"version-history":[{"count":3,"href":"https:\/\/evertonfc.cz\/index.php\/wp-json\/wp\/v2\/posts\/2971\/revisions"}],"predecessor-version":[{"id":3043,"href":"https:\/\/evertonfc.cz\/index.php\/wp-json\/wp\/v2\/posts\/2971\/revisions\/3043"}],"wp:featuredmedia":[{"embeddable":true,"href":"https:\/\/evertonfc.cz\/index.php\/wp-json\/wp\/v2\/media\/1313"}],"wp:attachment":[{"href":"https:\/\/evertonfc.cz\/index.php\/wp-json\/wp\/v2\/media?parent=2971"}],"wp:term":[{"taxonomy":"category","embeddable":true,"href":"https:\/\/evertonfc.cz\/index.php\/wp-json\/wp\/v2\/categories?post=2971"},{"taxonomy":"post_tag","embeddable":true,"href":"https:\/\/evertonfc.cz\/index.php\/wp-json\/wp\/v2\/tags?post=2971"}],"curies":[{"name":"wp","href":"https:\/\/api.w.org\/{rel}","templated":true}]}}