{"id":2973,"date":"2017-07-25T15:01:17","date_gmt":"2017-07-25T13:01:17","guid":{"rendered":"http:\/\/evertonfc.cz\/?p=2973"},"modified":"2019-02-10T16:19:37","modified_gmt":"2019-02-10T15:19:37","slug":"klaassen-si-musi-zvyknout-na-vyssi-tempo-manazer-mu-ale-veri","status":"publish","type":"post","link":"https:\/\/evertonfc.cz\/index.php\/2017\/07\/25\/klaassen-si-musi-zvyknout-na-vyssi-tempo-manazer-mu-ale-veri\/","title":{"rendered":"Klaassen si mus\u00ed zvyknout na vy\u0161\u0161\u00ed tempo, mana\u017eer mu ale v\u011b\u0159\u00ed"},"content":{"rendered":"<h4>Davy Klaassen je jednou ze sedmi letn\u00edch posil Evertonu. I kdy\u017e se t\u011b\u0161\u00ed d\u016fv\u011b\u0159e mana\u017eera Ronalda Koemana, aby usp\u011bl, bude se muset adaptovat na vy\u0161\u0161\u00ed n\u00e1roky Premier League.<\/h4>\n<p>\u010cty\u0159iadvacetilet\u00fd Nizozemec byl koupen z Ajaxu za 23,6 milionu liber. Sv\u016fj sout\u011b\u017en\u00ed debut v nov\u00e9m p\u016fsobi\u0161t\u011b si odbude ve \u010dtvrtek, kdy se na Goodison Parku v r\u00e1mci t\u0159et\u00edho p\u0159edkola Evropsk\u00e9 ligy p\u0159edstav\u00ed Ru\u017eomberok.<\/p>\n<p>Nen\u00ed \u017e\u00e1dn\u00fdm tajemstv\u00edm, \u017ee Klaassena si p\u0159\u00e1l Ronald Koeman, kter\u00fd m\u00e1 krajana dob\u0159e nastudovan\u00e9ho.\u00a0<em>\u201eDavy u\u010dinil dal\u0161\u00ed krok v kari\u00e9\u0159e ve spr\u00e1vn\u00fd \u010das. V Ajaxu str\u00e1vil \u010dty\u0159i sez\u00f3ny, nabral zku\u0161enosti v evropsk\u00fdch sout\u011b\u017e\u00edch a tak\u00e9 v barv\u00e1ch nizozemsk\u00e9ho n\u00e1rodn\u00edho t\u00fdmu.<\/em><\/p>\n<p><em>Nyn\u00ed si bude muset zvyknout na vy\u0161\u0161\u00ed tempo fotbalu, co\u017e pro n\u011bj bude t\u011b\u017ek\u00e9, hlavn\u011b po fyzick\u00e9 str\u00e1nce. Davy je ale inteligentn\u00ed hr\u00e1\u010d, kter\u00fd um\u00ed dob\u0159e \u010d\u00edst hru.\u201c<\/em><\/p>\n<p>S ohledem na slo\u017een\u00ed sestavy v p\u0159\u00edpravn\u00fdch z\u00e1pasech, Klaassen ve \u010dtvrtek pravd\u011bpodobn\u011b nastoup\u00ed ve t\u0159\u00ed\u010dlenn\u00e9 z\u00e1lo\u017en\u00ed \u0159ad\u011b po boku Schneiderlina a Gueyeho. <em>\u201ePokud bude hr\u00e1t vedle defenzivn\u00edho z\u00e1lo\u017en\u00edka, Davyho m\u00edsto vid\u00edm na prav\u00e9 \u010di lev\u00e9 stran\u011b ve st\u0159edu pole,\u201c<\/em> nazna\u010dil Koeman.<\/p>\n<p><em>\u201ePokud ale bude hr\u00e1t jako ofenzivn\u00ed z\u00e1lo\u017en\u00edk, zvl\u00e1dne pozici \u010d\u00edsla deset. Jednou z jeho p\u0159ednost\u00ed je efektivita p\u0159ed brankou soupe\u0159e. Bude pro m\u011b v\u00fdzva, abych maxim\u00e1ln\u011b vyu\u017eil jeho schopnost\u00ed.\u201c<\/em><\/p>\n<p>Klaassen p\u0159i\u0161el s pov\u011bst\u00ed g\u00f3lov\u00e9ho z\u00e1lo\u017en\u00edka. Po odchodu Lukaka by Koeman odpov\u011bdnost za st\u0159\u00edlen\u00ed branek r\u00e1d rozlo\u017eil mezi v\u00edce hr\u00e1\u010d\u016f: <em>\u201eV posledn\u00ed sez\u00f3n\u011b byl na\u0161\u00edm nejlep\u0161\u00edm st\u0159elcem Lukaku s 25 g\u00f3ly. Byli jsme z\u00e1visl\u00ed na jedin\u00e9m hr\u00e1\u010di. Ross Barkley jako druh\u00fd nejlep\u0161\u00ed st\u0159elec zaznamenal pouze p\u011bt z\u00e1sah\u016f.<\/em><\/p>\n<p><em>O sk\u00f3rov\u00e1n\u00ed se mus\u00ed pod\u011blit t\u0159i, \u010dty\u0159i hr\u00e1\u010di. Ka\u017ed\u00fd z nich mus\u00ed b\u00fdt schopen nast\u0159\u00edlet deset a\u017e dvan\u00e1ct branek za sez\u00f3nu. Jenom tehdy budeme konkurenceschopn\u00ed v lize.\u201c<\/em><\/p>\n","protected":false},"excerpt":{"rendered":"<p>Davy Klaassen je jednou ze sedmi letn\u00edch posil Evertonu. I kdy\u017e se t\u011b\u0161\u00ed d\u016fv\u011b\u0159e mana\u017eera Ronalda Koemana, aby usp\u011bl, bude&hellip;<\/p>\n","protected":false},"author":6,"featured_media":1312,"comment_status":"open","ping_status":"closed","sticky":false,"template":"","format":"standard","meta":{"_eb_attr":"","_monsterinsights_skip_tracking":false,"_monsterinsights_sitenote_active":false,"_monsterinsights_sitenote_note":"","_monsterinsights_sitenote_category":0,"footnotes":""},"categories":[1],"tags":[],"yoast_head":"<!-- This site is optimized with the Yoast SEO plugin v23.4 - https:\/\/yoast.com\/wordpress\/plugins\/seo\/ -->\n<title>Klaassen si mus\u00ed zvyknout na vy\u0161\u0161\u00ed tempo, mana\u017eer mu ale v\u011b\u0159\u00ed - Official Czech &amp; Slovak Everton Supporters&#039; Club<\/title>\n<meta name=\"robots\" content=\"index, follow, max-snippet:-1, max-image-preview:large, max-video-preview:-1\" \/>\n<link rel=\"canonical\" href=\"https:\/\/evertonfc.cz\/index.php\/2017\/07\/25\/klaassen-si-musi-zvyknout-na-vyssi-tempo-manazer-mu-ale-veri\/\" \/>\n<meta property=\"og:locale\" content=\"cs_CZ\" \/>\n<meta property=\"og:type\" content=\"article\" \/>\n<meta property=\"og:title\" content=\"Klaassen si mus\u00ed zvyknout na vy\u0161\u0161\u00ed tempo, mana\u017eer mu ale v\u011b\u0159\u00ed - Official Czech &amp; Slovak Everton Supporters&#039; Club\" \/>\n<meta property=\"og:description\" content=\"Davy Klaassen je jednou ze sedmi letn\u00edch posil Evertonu. I kdy\u017e se t\u011b\u0161\u00ed d\u016fv\u011b\u0159e mana\u017eera Ronalda Koemana, aby usp\u011bl, bude&hellip;\" \/>\n<meta property=\"og:url\" content=\"https:\/\/evertonfc.cz\/index.php\/2017\/07\/25\/klaassen-si-musi-zvyknout-na-vyssi-tempo-manazer-mu-ale-veri\/\" \/>\n<meta property=\"og:site_name\" content=\"Official Czech &amp; Slovak Everton Supporters&#039; Club\" \/>\n<meta property=\"article:publisher\" content=\"https:\/\/www.facebook.com\/everton.fans.cz.sk\" \/>\n<meta property=\"article:published_time\" content=\"2017-07-25T13:01:17+00:00\" \/>\n<meta property=\"article:modified_time\" content=\"2019-02-10T15:19:37+00:00\" \/>\n<meta property=\"og:image\" content=\"https:\/\/evertonfc.cz\/wp-content\/uploads\/2019\/01\/interview.jpg\" \/>\n\t<meta property=\"og:image:width\" content=\"720\" \/>\n\t<meta property=\"og:image:height\" content=\"405\" \/>\n\t<meta property=\"og:image:type\" content=\"image\/jpeg\" \/>\n<meta name=\"author\" content=\"Ri\u010di\" \/>\n<meta name=\"twitter:card\" content=\"summary_large_image\" \/>\n<meta name=\"twitter:creator\" content=\"@rbrejsa\" \/>\n<meta name=\"twitter:label1\" content=\"Napsal(a)\" \/>\n\t<meta name=\"twitter:data1\" content=\"Ri\u010di\" \/>\n\t<meta name=\"twitter:label2\" content=\"Odhadovan\u00e1 doba \u010dten\u00ed\" \/>\n\t<meta name=\"twitter:data2\" content=\"2 minuty\" \/>\n<script type=\"application\/ld+json\" class=\"yoast-schema-graph\">{\"@context\":\"https:\/\/schema.org\",\"@graph\":[{\"@type\":\"Article\",\"@id\":\"https:\/\/evertonfc.cz\/index.php\/2017\/07\/25\/klaassen-si-musi-zvyknout-na-vyssi-tempo-manazer-mu-ale-veri\/#article\",\"isPartOf\":{\"@id\":\"https:\/\/evertonfc.cz\/index.php\/2017\/07\/25\/klaassen-si-musi-zvyknout-na-vyssi-tempo-manazer-mu-ale-veri\/\"},\"author\":{\"name\":\"Ri\u010di\",\"@id\":\"https:\/\/evertonfc.cz\/#\/schema\/person\/f7a5daedb2ffee98480bc70e191aaef1\"},\"headline\":\"Klaassen si mus\u00ed zvyknout na vy\u0161\u0161\u00ed tempo, mana\u017eer mu ale v\u011b\u0159\u00ed\",\"datePublished\":\"2017-07-25T13:01:17+00:00\",\"dateModified\":\"2019-02-10T15:19:37+00:00\",\"mainEntityOfPage\":{\"@id\":\"https:\/\/evertonfc.cz\/index.php\/2017\/07\/25\/klaassen-si-musi-zvyknout-na-vyssi-tempo-manazer-mu-ale-veri\/\"},\"wordCount\":387,\"commentCount\":0,\"publisher\":{\"@id\":\"https:\/\/evertonfc.cz\/#organization\"},\"image\":{\"@id\":\"https:\/\/evertonfc.cz\/index.php\/2017\/07\/25\/klaassen-si-musi-zvyknout-na-vyssi-tempo-manazer-mu-ale-veri\/#primaryimage\"},\"thumbnailUrl\":\"https:\/\/evertonfc.cz\/wp-content\/uploads\/2019\/01\/interview.jpg\",\"articleSection\":[\"Rozhovory\"],\"inLanguage\":\"cs\",\"potentialAction\":[{\"@type\":\"CommentAction\",\"name\":\"Comment\",\"target\":[\"https:\/\/evertonfc.cz\/index.php\/2017\/07\/25\/klaassen-si-musi-zvyknout-na-vyssi-tempo-manazer-mu-ale-veri\/#respond\"]}]},{\"@type\":\"WebPage\",\"@id\":\"https:\/\/evertonfc.cz\/index.php\/2017\/07\/25\/klaassen-si-musi-zvyknout-na-vyssi-tempo-manazer-mu-ale-veri\/\",\"url\":\"https:\/\/evertonfc.cz\/index.php\/2017\/07\/25\/klaassen-si-musi-zvyknout-na-vyssi-tempo-manazer-mu-ale-veri\/\",\"name\":\"Klaassen si mus\u00ed zvyknout na vy\u0161\u0161\u00ed tempo, mana\u017eer mu ale v\u011b\u0159\u00ed - Official Czech &amp; Slovak Everton Supporters&#039; Club\",\"isPartOf\":{\"@id\":\"https:\/\/evertonfc.cz\/#website\"},\"primaryImageOfPage\":{\"@id\":\"https:\/\/evertonfc.cz\/index.php\/2017\/07\/25\/klaassen-si-musi-zvyknout-na-vyssi-tempo-manazer-mu-ale-veri\/#primaryimage\"},\"image\":{\"@id\":\"https:\/\/evertonfc.cz\/index.php\/2017\/07\/25\/klaassen-si-musi-zvyknout-na-vyssi-tempo-manazer-mu-ale-veri\/#primaryimage\"},\"thumbnailUrl\":\"https:\/\/evertonfc.cz\/wp-content\/uploads\/2019\/01\/interview.jpg\",\"datePublished\":\"2017-07-25T13:01:17+00:00\",\"dateModified\":\"2019-02-10T15:19:37+00:00\",\"breadcrumb\":{\"@id\":\"https:\/\/evertonfc.cz\/index.php\/2017\/07\/25\/klaassen-si-musi-zvyknout-na-vyssi-tempo-manazer-mu-ale-veri\/#breadcrumb\"},\"inLanguage\":\"cs\",\"potentialAction\":[{\"@type\":\"ReadAction\",\"target\":[\"https:\/\/evertonfc.cz\/index.php\/2017\/07\/25\/klaassen-si-musi-zvyknout-na-vyssi-tempo-manazer-mu-ale-veri\/\"]}]},{\"@type\":\"ImageObject\",\"inLanguage\":\"cs\",\"@id\":\"https:\/\/evertonfc.cz\/index.php\/2017\/07\/25\/klaassen-si-musi-zvyknout-na-vyssi-tempo-manazer-mu-ale-veri\/#primaryimage\",\"url\":\"https:\/\/evertonfc.cz\/wp-content\/uploads\/2019\/01\/interview.jpg\",\"contentUrl\":\"https:\/\/evertonfc.cz\/wp-content\/uploads\/2019\/01\/interview.jpg\",\"width\":720,\"height\":405},{\"@type\":\"BreadcrumbList\",\"@id\":\"https:\/\/evertonfc.cz\/index.php\/2017\/07\/25\/klaassen-si-musi-zvyknout-na-vyssi-tempo-manazer-mu-ale-veri\/#breadcrumb\",\"itemListElement\":[{\"@type\":\"ListItem\",\"position\":1,\"name\":\"Home\",\"item\":\"https:\/\/evertonfc.cz\/\"},{\"@type\":\"ListItem\",\"position\":2,\"name\":\"Klaassen si mus\u00ed zvyknout na vy\u0161\u0161\u00ed tempo, mana\u017eer mu ale v\u011b\u0159\u00ed\"}]},{\"@type\":\"WebSite\",\"@id\":\"https:\/\/evertonfc.cz\/#website\",\"url\":\"https:\/\/evertonfc.cz\/\",\"name\":\"Official Czech &amp; Slovak Everton Supporters&#039; Club\",\"description\":\"\",\"publisher\":{\"@id\":\"https:\/\/evertonfc.cz\/#organization\"},\"potentialAction\":[{\"@type\":\"SearchAction\",\"target\":{\"@type\":\"EntryPoint\",\"urlTemplate\":\"https:\/\/evertonfc.cz\/?s={search_term_string}\"},\"query-input\":{\"@type\":\"PropertyValueSpecification\",\"valueRequired\":true,\"valueName\":\"search_term_string\"}}],\"inLanguage\":\"cs\"},{\"@type\":\"Organization\",\"@id\":\"https:\/\/evertonfc.cz\/#organization\",\"name\":\"Official Czech & Slovak Everton Supporters' Club\",\"url\":\"https:\/\/evertonfc.cz\/\",\"logo\":{\"@type\":\"ImageObject\",\"inLanguage\":\"cs\",\"@id\":\"https:\/\/evertonfc.cz\/#\/schema\/logo\/image\/\",\"url\":\"https:\/\/evertonfc.cz\/wp-content\/uploads\/2019\/05\/logo.png\",\"contentUrl\":\"https:\/\/evertonfc.cz\/wp-content\/uploads\/2019\/05\/logo.png\",\"width\":112,\"height\":112,\"caption\":\"Official Czech & Slovak Everton Supporters' Club\"},\"image\":{\"@id\":\"https:\/\/evertonfc.cz\/#\/schema\/logo\/image\/\"},\"sameAs\":[\"https:\/\/www.facebook.com\/everton.fans.cz.sk\"]},{\"@type\":\"Person\",\"@id\":\"https:\/\/evertonfc.cz\/#\/schema\/person\/f7a5daedb2ffee98480bc70e191aaef1\",\"name\":\"Ri\u010di\",\"sameAs\":[\"https:\/\/x.com\/rbrejsa\"],\"url\":\"https:\/\/evertonfc.cz\/index.php\/author\/rici\/\"}]}<\/script>\n<!-- \/ Yoast SEO plugin. -->","yoast_head_json":{"title":"Klaassen si mus\u00ed zvyknout na vy\u0161\u0161\u00ed tempo, mana\u017eer mu ale v\u011b\u0159\u00ed - Official Czech &amp; Slovak Everton Supporters&#039; Club","robots":{"index":"index","follow":"follow","max-snippet":"max-snippet:-1","max-image-preview":"max-image-preview:large","max-video-preview":"max-video-preview:-1"},"canonical":"https:\/\/evertonfc.cz\/index.php\/2017\/07\/25\/klaassen-si-musi-zvyknout-na-vyssi-tempo-manazer-mu-ale-veri\/","og_locale":"cs_CZ","og_type":"article","og_title":"Klaassen si mus\u00ed zvyknout na vy\u0161\u0161\u00ed tempo, mana\u017eer mu ale v\u011b\u0159\u00ed - Official Czech &amp; Slovak Everton Supporters&#039; Club","og_description":"Davy Klaassen je jednou ze sedmi letn\u00edch posil Evertonu. I kdy\u017e se t\u011b\u0161\u00ed d\u016fv\u011b\u0159e mana\u017eera Ronalda Koemana, aby usp\u011bl, bude&hellip;","og_url":"https:\/\/evertonfc.cz\/index.php\/2017\/07\/25\/klaassen-si-musi-zvyknout-na-vyssi-tempo-manazer-mu-ale-veri\/","og_site_name":"Official Czech &amp; Slovak Everton Supporters&#039; Club","article_publisher":"https:\/\/www.facebook.com\/everton.fans.cz.sk","article_published_time":"2017-07-25T13:01:17+00:00","article_modified_time":"2019-02-10T15:19:37+00:00","og_image":[{"width":720,"height":405,"url":"https:\/\/evertonfc.cz\/wp-content\/uploads\/2019\/01\/interview.jpg","type":"image\/jpeg"}],"author":"Ri\u010di","twitter_card":"summary_large_image","twitter_creator":"@rbrejsa","twitter_misc":{"Napsal(a)":"Ri\u010di","Odhadovan\u00e1 doba \u010dten\u00ed":"2 minuty"},"schema":{"@context":"https:\/\/schema.org","@graph":[{"@type":"Article","@id":"https:\/\/evertonfc.cz\/index.php\/2017\/07\/25\/klaassen-si-musi-zvyknout-na-vyssi-tempo-manazer-mu-ale-veri\/#article","isPartOf":{"@id":"https:\/\/evertonfc.cz\/index.php\/2017\/07\/25\/klaassen-si-musi-zvyknout-na-vyssi-tempo-manazer-mu-ale-veri\/"},"author":{"name":"Ri\u010di","@id":"https:\/\/evertonfc.cz\/#\/schema\/person\/f7a5daedb2ffee98480bc70e191aaef1"},"headline":"Klaassen si mus\u00ed zvyknout na vy\u0161\u0161\u00ed tempo, mana\u017eer mu ale v\u011b\u0159\u00ed","datePublished":"2017-07-25T13:01:17+00:00","dateModified":"2019-02-10T15:19:37+00:00","mainEntityOfPage":{"@id":"https:\/\/evertonfc.cz\/index.php\/2017\/07\/25\/klaassen-si-musi-zvyknout-na-vyssi-tempo-manazer-mu-ale-veri\/"},"wordCount":387,"commentCount":0,"publisher":{"@id":"https:\/\/evertonfc.cz\/#organization"},"image":{"@id":"https:\/\/evertonfc.cz\/index.php\/2017\/07\/25\/klaassen-si-musi-zvyknout-na-vyssi-tempo-manazer-mu-ale-veri\/#primaryimage"},"thumbnailUrl":"https:\/\/evertonfc.cz\/wp-content\/uploads\/2019\/01\/interview.jpg","articleSection":["Rozhovory"],"inLanguage":"cs","potentialAction":[{"@type":"CommentAction","name":"Comment","target":["https:\/\/evertonfc.cz\/index.php\/2017\/07\/25\/klaassen-si-musi-zvyknout-na-vyssi-tempo-manazer-mu-ale-veri\/#respond"]}]},{"@type":"WebPage","@id":"https:\/\/evertonfc.cz\/index.php\/2017\/07\/25\/klaassen-si-musi-zvyknout-na-vyssi-tempo-manazer-mu-ale-veri\/","url":"https:\/\/evertonfc.cz\/index.php\/2017\/07\/25\/klaassen-si-musi-zvyknout-na-vyssi-tempo-manazer-mu-ale-veri\/","name":"Klaassen si mus\u00ed zvyknout na vy\u0161\u0161\u00ed tempo, mana\u017eer mu ale v\u011b\u0159\u00ed - Official Czech &amp; Slovak Everton Supporters&#039; Club","isPartOf":{"@id":"https:\/\/evertonfc.cz\/#website"},"primaryImageOfPage":{"@id":"https:\/\/evertonfc.cz\/index.php\/2017\/07\/25\/klaassen-si-musi-zvyknout-na-vyssi-tempo-manazer-mu-ale-veri\/#primaryimage"},"image":{"@id":"https:\/\/evertonfc.cz\/index.php\/2017\/07\/25\/klaassen-si-musi-zvyknout-na-vyssi-tempo-manazer-mu-ale-veri\/#primaryimage"},"thumbnailUrl":"https:\/\/evertonfc.cz\/wp-content\/uploads\/2019\/01\/interview.jpg","datePublished":"2017-07-25T13:01:17+00:00","dateModified":"2019-02-10T15:19:37+00:00","breadcrumb":{"@id":"https:\/\/evertonfc.cz\/index.php\/2017\/07\/25\/klaassen-si-musi-zvyknout-na-vyssi-tempo-manazer-mu-ale-veri\/#breadcrumb"},"inLanguage":"cs","potentialAction":[{"@type":"ReadAction","target":["https:\/\/evertonfc.cz\/index.php\/2017\/07\/25\/klaassen-si-musi-zvyknout-na-vyssi-tempo-manazer-mu-ale-veri\/"]}]},{"@type":"ImageObject","inLanguage":"cs","@id":"https:\/\/evertonfc.cz\/index.php\/2017\/07\/25\/klaassen-si-musi-zvyknout-na-vyssi-tempo-manazer-mu-ale-veri\/#primaryimage","url":"https:\/\/evertonfc.cz\/wp-content\/uploads\/2019\/01\/interview.jpg","contentUrl":"https:\/\/evertonfc.cz\/wp-content\/uploads\/2019\/01\/interview.jpg","width":720,"height":405},{"@type":"BreadcrumbList","@id":"https:\/\/evertonfc.cz\/index.php\/2017\/07\/25\/klaassen-si-musi-zvyknout-na-vyssi-tempo-manazer-mu-ale-veri\/#breadcrumb","itemListElement":[{"@type":"ListItem","position":1,"name":"Home","item":"https:\/\/evertonfc.cz\/"},{"@type":"ListItem","position":2,"name":"Klaassen si mus\u00ed zvyknout na vy\u0161\u0161\u00ed tempo, mana\u017eer mu ale v\u011b\u0159\u00ed"}]},{"@type":"WebSite","@id":"https:\/\/evertonfc.cz\/#website","url":"https:\/\/evertonfc.cz\/","name":"Official Czech &amp; Slovak Everton Supporters&#039; Club","description":"","publisher":{"@id":"https:\/\/evertonfc.cz\/#organization"},"potentialAction":[{"@type":"SearchAction","target":{"@type":"EntryPoint","urlTemplate":"https:\/\/evertonfc.cz\/?s={search_term_string}"},"query-input":{"@type":"PropertyValueSpecification","valueRequired":true,"valueName":"search_term_string"}}],"inLanguage":"cs"},{"@type":"Organization","@id":"https:\/\/evertonfc.cz\/#organization","name":"Official Czech & Slovak Everton Supporters' Club","url":"https:\/\/evertonfc.cz\/","logo":{"@type":"ImageObject","inLanguage":"cs","@id":"https:\/\/evertonfc.cz\/#\/schema\/logo\/image\/","url":"https:\/\/evertonfc.cz\/wp-content\/uploads\/2019\/05\/logo.png","contentUrl":"https:\/\/evertonfc.cz\/wp-content\/uploads\/2019\/05\/logo.png","width":112,"height":112,"caption":"Official Czech & Slovak Everton Supporters' Club"},"image":{"@id":"https:\/\/evertonfc.cz\/#\/schema\/logo\/image\/"},"sameAs":["https:\/\/www.facebook.com\/everton.fans.cz.sk"]},{"@type":"Person","@id":"https:\/\/evertonfc.cz\/#\/schema\/person\/f7a5daedb2ffee98480bc70e191aaef1","name":"Ri\u010di","sameAs":["https:\/\/x.com\/rbrejsa"],"url":"https:\/\/evertonfc.cz\/index.php\/author\/rici\/"}]}},"_links":{"self":[{"href":"https:\/\/evertonfc.cz\/index.php\/wp-json\/wp\/v2\/posts\/2973"}],"collection":[{"href":"https:\/\/evertonfc.cz\/index.php\/wp-json\/wp\/v2\/posts"}],"about":[{"href":"https:\/\/evertonfc.cz\/index.php\/wp-json\/wp\/v2\/types\/post"}],"author":[{"embeddable":true,"href":"https:\/\/evertonfc.cz\/index.php\/wp-json\/wp\/v2\/users\/6"}],"replies":[{"embeddable":true,"href":"https:\/\/evertonfc.cz\/index.php\/wp-json\/wp\/v2\/comments?post=2973"}],"version-history":[{"count":3,"href":"https:\/\/evertonfc.cz\/index.php\/wp-json\/wp\/v2\/posts\/2973\/revisions"}],"predecessor-version":[{"id":3045,"href":"https:\/\/evertonfc.cz\/index.php\/wp-json\/wp\/v2\/posts\/2973\/revisions\/3045"}],"wp:featuredmedia":[{"embeddable":true,"href":"https:\/\/evertonfc.cz\/index.php\/wp-json\/wp\/v2\/media\/1312"}],"wp:attachment":[{"href":"https:\/\/evertonfc.cz\/index.php\/wp-json\/wp\/v2\/media?parent=2973"}],"wp:term":[{"taxonomy":"category","embeddable":true,"href":"https:\/\/evertonfc.cz\/index.php\/wp-json\/wp\/v2\/categories?post=2973"},{"taxonomy":"post_tag","embeddable":true,"href":"https:\/\/evertonfc.cz\/index.php\/wp-json\/wp\/v2\/tags?post=2973"}],"curies":[{"name":"wp","href":"https:\/\/api.w.org\/{rel}","templated":true}]}}