{"id":2986,"date":"2017-07-20T15:14:55","date_gmt":"2017-07-20T13:14:55","guid":{"rendered":"http:\/\/evertonfc.cz\/?p=2986"},"modified":"2019-02-10T15:16:06","modified_gmt":"2019-02-10T14:16:06","slug":"fc-twente-everton-03","status":"publish","type":"post","link":"https:\/\/evertonfc.cz\/index.php\/2017\/07\/20\/fc-twente-everton-03\/","title":{"rendered":"FC Twente &#8211; Everton 0:3"},"content":{"rendered":"<h4 id=\"NewsPostDetailSummary\">Toffees pokra\u010duj\u00fa v stopercentnej pr\u00edprave so zlat\u00fdm pravidlom. V druhom priate\u013eskom z\u00e1pase, si op\u00e4\u0165 len kr\u00e1snymi g\u00f3lmi poradili s holandsk\u00fdm s\u00faperom rozdielom triedy.<\/h4>\n<div id=\"NewsPostDetailContent\">\n<p>Z\u00e1pas sa napokon nekonal na dom\u00e1com \u0161tadi\u00f3ne s\u00fapera a div\u00e1ci si tak museli Everton pr\u00eds\u0165 pozrie\u0165 do ne\u010falekej dedinky menom De Lutte. T\u00e1 le\u017e\u00ed vo v\u00fdchodnej \u010dasti krajiny tejto kon\u0161titu\u010dnej monarchie, necel\u00fdch dvadsa\u0165 kilometrov od Enschede a asi 2 kilometre od hran\u00edc s Nemeckom. Hralo sa na tr\u00e1vniku \u00fatleho Sportpark De Stockakker, \u010do je domov pre SV De Lutte, \u0161portov\u00fd klub hraj\u00faci Vierde Klasse. Nep\u00fdtajte sa ma, neviem \u010do to je. Ale pova\u017eujem to za ekvivalent doln\u00fdch poschod\u00ed ligov\u00e9ho syst\u00e9mu futbalu v Holandsku, nako\u013eko sa pre toto podujatie museli postavi\u0165 aspo\u0148 do\u010dasn\u00e9, mil\u00e9 trib\u00fanky. N\u00e1mietky? Ve\u010f nie ka\u017ed\u00fd de\u0148 mus\u00ed hra\u0165 Everton v Afrike&#8230;<\/p>\n<p>Samotn\u00e9 dianie na tr\u00e1vniku spomeniem bez zbyto\u010dn\u00e9ho zdr\u017eiavania od g\u00f3lov\u00fdch akci\u00ed, preto\u017ee okrem samotn\u00e9ho faktu, \u017ee to bol priate\u013esk\u00fd z\u00e1pas, sa ni\u010d v\u00fdnimo\u010dn\u00e9 nedialo. Hra bola prv\u00fdch 45 min\u00fat celkom strnul\u00e1, s p\u00e1r vlo\u017ekami profesorsk\u00fdch zru\u010dnost\u00ed Barryho a t\u00edned\u017eersk\u00e9ho talentu Lookmana. Sem tam zbyto\u010dne priostroval s\u00faboje McCarthy, ale ako t\u00fa\u017ebu oslni\u0165 Koemana, to bolo pochopite\u013en\u00e9. Tesne pred pol\u010dasom si to Kevin Mirallas namieril s\u00f3lom z \u013eavej strany a\u017e do \u0161estn\u00e1stkov\u00e9ho kruhu, odkia\u013e len tie\u0148ovan\u00fd doslova vymietol prav\u00fd horn\u00fd roh br\u00e1ny. Awesome!<\/p>\n<p>Do druh\u00e9ho pol\u010dasu nast\u00fapila rovnak\u00e1 zostava a\u017e na Keana, ktor\u00e9ho nahradil Jagielka a Bainesa, toho vystriedal Connolly. Inak sa lodivod rozhodol strieda\u0165 hromadne a\u017e okolo 60. min\u00faty. Na hracej ploche sa tak vystriedali prakticky v\u0161etci, a\u017e na Roblesa, ktor\u00fd vyhliada prestup pre\u010d a Pickforda so Sandrom a Holgateom, ktor\u00ed neboli nominovan\u00ed na z\u00e1pas, pravdepodobne kv\u00f4li dovolenkovej kond\u00edci\u00ed. Po striedan\u00ed to sved\u010dalo kombinatorike Rooneyho s Klaassenom, v\u00fdborne sa zap\u00e1jal aj Dowell s Gueyem, av\u0161ak presadi\u0165 sa podarilo a\u017e Aaronovi Lennonovi, a to zo svojej netypickej \u013eavej strany. Po vybojovan\u00ed lopty si to trielil do pokutov\u00e9ho \u00fazemia a tam pomedzi nohy obrancu zakon\u010dil k vzdialenej\u0161ej \u017erdi. Zasl\u00fa\u017een\u00fd a d\u00f4le\u017eit\u00fd g\u00f3l. O desa\u0165 min\u00fat nesk\u00f4r spe\u010datil na 3:0 Kieran Dowell. Nar\u00e1\u017ea\u010dku Gueyeho si zasekol pred obrancom, posunul o p\u00e1r krokov a z hranice v\u00e1pna svojou povestnou \u013eava\u010dkou zasadil loptu popri bezmocnom g\u00f3lmanovi do \u013eav\u00e9ho doln\u00e9ho rohu br\u00e1ny.<\/p>\n<p>Aj tento z\u00e1pas priniesol nieko\u013eko poznatkov. Ten najzauj\u00edmavej\u0161\u00ed zrejme bude zrejme o Be\u0161i\u010dovi, ktor\u00fd sa za\u010d\u00edna usadzova\u0165 na poz\u00edci\u00ed stop\u00e9ra, \u010do mu nie je v\u00f4bec cudzie. A Koeman? Ten pomaly, ale isto, spozn\u00e1va svoju najsilnej\u0161iu zostavu a pravidlom sa st\u00e1va, \u017ee diktova\u0165 ju bude najm\u00e4 zo z\u00e1lohy. Ako v Tanz\u00e1ni\u00ed, tak aj v stredu a sobota to m\u00f4\u017ee len potvrdi\u0165.<\/p>\n<p><strong>Ohlas po z\u00e1pase:<\/strong><\/p>\n<p>G. Barry \u2013 &#8222;Bol to pre n\u00e1s \u010fal\u0161\u00ed dobr\u00fd tr\u00e9ning. Mysl\u00edm, \u017ee Twente bolo asi t\u00fd\u017ede\u0148 pred nami \u010do sa kond\u00edcie t\u00fdka, v tomto dusnom po\u010das\u00ed sme ale dobre dr\u017eali loptu, \u010do nebolo pr\u00e1ve \u013eahk\u00e9. Hrali sme dobr\u00fd futbal, obzvl\u00e1s\u0165 Dominic bol ve\u013emi dobr\u00fd. Svojimi n\u00e1behmi vytv\u00e1ral pre n\u00e1s ve\u013ea miesta. Tla\u010dili sme ich a dominovali obom pol\u010dasom. V sobotu n\u00e1s \u010dak\u00e1 \u010fal\u0161\u00ed d\u00f4le\u017eit\u00fd, posledn\u00fd pred eur\u00f3pou, tak\u017ee by sme sa mali sna\u017ei\u0165 poda\u0165 podobn\u00fd v\u00fdkon. T\u00edmov\u00fd duch je v\u00fdborn\u00fd, ke\u010f\u017ee mana\u017e\u00e9r vie ve\u013emi dobre, ako zoceli\u0165 cel\u00fd t\u00edm.\u201c<\/p>\n<p><strong>G\u00f3ly:<\/strong> 44\u00b4 Mirallas, 73\u00b4 Lennon, 82\u00b4 Dowell<\/p>\n<p><strong>FC Twente:<\/strong> Brondeel \u2013 Andersen, Boere, George, Gjorgjev, Holla, Jensen, ter Avest, Thesker, Trajkovski, Vu\u010dki\u010d<\/p>\n<p><strong>Everton FC: <\/strong>Stekelenburg \u2013 Kenny,\u00a0Keane, Williams,\u00a0Baines, Davies,\u00a0Barry, McCarthy,\u00a0Mirallas, Calvert-Lewin, Lookman<\/p>\n<p>N\u00e1hradn\u00edci \u2013 Robles, Jagielka, Be\u0161i\u010d, Martina, Dowell, Connolly, Schneiderlin, Klaassen, Gueye, Lennon, Rooney<\/p>\n<\/div>\n","protected":false},"excerpt":{"rendered":"<p>Toffees pokra\u010duj\u00fa v stopercentnej pr\u00edprave so zlat\u00fdm pravidlom. V druhom priate\u013eskom z\u00e1pase, si op\u00e4\u0165 len kr\u00e1snymi g\u00f3lmi poradili s holandsk\u00fdm&hellip;<\/p>\n","protected":false},"author":1,"featured_media":1315,"comment_status":"open","ping_status":"closed","sticky":false,"template":"","format":"standard","meta":{"_eb_attr":"","_monsterinsights_skip_tracking":false,"_monsterinsights_sitenote_active":false,"_monsterinsights_sitenote_note":"","_monsterinsights_sitenote_category":0,"footnotes":""},"categories":[4],"tags":[],"yoast_head":"<!-- This site is optimized with the Yoast SEO plugin v23.4 - https:\/\/yoast.com\/wordpress\/plugins\/seo\/ -->\n<title>FC Twente - Everton 0:3 - Official Czech &amp; Slovak Everton Supporters&#039; Club<\/title>\n<meta name=\"robots\" content=\"index, follow, max-snippet:-1, max-image-preview:large, max-video-preview:-1\" \/>\n<link rel=\"canonical\" href=\"https:\/\/evertonfc.cz\/index.php\/2017\/07\/20\/fc-twente-everton-03\/\" \/>\n<meta property=\"og:locale\" content=\"cs_CZ\" \/>\n<meta property=\"og:type\" content=\"article\" \/>\n<meta property=\"og:title\" content=\"FC Twente - Everton 0:3 - Official Czech &amp; Slovak Everton Supporters&#039; Club\" \/>\n<meta property=\"og:description\" content=\"Toffees pokra\u010duj\u00fa v stopercentnej pr\u00edprave so zlat\u00fdm pravidlom. V druhom priate\u013eskom z\u00e1pase, si op\u00e4\u0165 len kr\u00e1snymi g\u00f3lmi poradili s holandsk\u00fdm&hellip;\" \/>\n<meta property=\"og:url\" content=\"https:\/\/evertonfc.cz\/index.php\/2017\/07\/20\/fc-twente-everton-03\/\" \/>\n<meta property=\"og:site_name\" content=\"Official Czech &amp; Slovak Everton Supporters&#039; Club\" \/>\n<meta property=\"article:publisher\" content=\"https:\/\/www.facebook.com\/everton.fans.cz.sk\" \/>\n<meta property=\"article:published_time\" content=\"2017-07-20T13:14:55+00:00\" \/>\n<meta property=\"article:modified_time\" content=\"2019-02-10T14:16:06+00:00\" \/>\n<meta property=\"og:image\" content=\"https:\/\/evertonfc.cz\/wp-content\/uploads\/2019\/01\/report.jpg\" \/>\n\t<meta property=\"og:image:width\" content=\"720\" \/>\n\t<meta property=\"og:image:height\" content=\"405\" \/>\n\t<meta property=\"og:image:type\" content=\"image\/jpeg\" \/>\n<meta name=\"author\" content=\"BlueBlooded\" \/>\n<meta name=\"twitter:card\" content=\"summary_large_image\" \/>\n<meta name=\"twitter:label1\" content=\"Napsal(a)\" \/>\n\t<meta name=\"twitter:data1\" content=\"BlueBlooded\" \/>\n\t<meta name=\"twitter:label2\" content=\"Odhadovan\u00e1 doba \u010dten\u00ed\" \/>\n\t<meta name=\"twitter:data2\" content=\"3 minuty\" \/>\n<script type=\"application\/ld+json\" class=\"yoast-schema-graph\">{\"@context\":\"https:\/\/schema.org\",\"@graph\":[{\"@type\":\"Article\",\"@id\":\"https:\/\/evertonfc.cz\/index.php\/2017\/07\/20\/fc-twente-everton-03\/#article\",\"isPartOf\":{\"@id\":\"https:\/\/evertonfc.cz\/index.php\/2017\/07\/20\/fc-twente-everton-03\/\"},\"author\":{\"name\":\"BlueBlooded\",\"@id\":\"https:\/\/evertonfc.cz\/#\/schema\/person\/d4493b8cbea51532597fbc4685698916\"},\"headline\":\"FC Twente &#8211; Everton 0:3\",\"datePublished\":\"2017-07-20T13:14:55+00:00\",\"dateModified\":\"2019-02-10T14:16:06+00:00\",\"mainEntityOfPage\":{\"@id\":\"https:\/\/evertonfc.cz\/index.php\/2017\/07\/20\/fc-twente-everton-03\/\"},\"wordCount\":693,\"commentCount\":0,\"publisher\":{\"@id\":\"https:\/\/evertonfc.cz\/#organization\"},\"image\":{\"@id\":\"https:\/\/evertonfc.cz\/index.php\/2017\/07\/20\/fc-twente-everton-03\/#primaryimage\"},\"thumbnailUrl\":\"https:\/\/evertonfc.cz\/wp-content\/uploads\/2019\/01\/report.jpg\",\"articleSection\":[\"Z\u00e1pasy\"],\"inLanguage\":\"cs\",\"potentialAction\":[{\"@type\":\"CommentAction\",\"name\":\"Comment\",\"target\":[\"https:\/\/evertonfc.cz\/index.php\/2017\/07\/20\/fc-twente-everton-03\/#respond\"]}]},{\"@type\":\"WebPage\",\"@id\":\"https:\/\/evertonfc.cz\/index.php\/2017\/07\/20\/fc-twente-everton-03\/\",\"url\":\"https:\/\/evertonfc.cz\/index.php\/2017\/07\/20\/fc-twente-everton-03\/\",\"name\":\"FC Twente - Everton 0:3 - Official Czech &amp; Slovak Everton Supporters&#039; Club\",\"isPartOf\":{\"@id\":\"https:\/\/evertonfc.cz\/#website\"},\"primaryImageOfPage\":{\"@id\":\"https:\/\/evertonfc.cz\/index.php\/2017\/07\/20\/fc-twente-everton-03\/#primaryimage\"},\"image\":{\"@id\":\"https:\/\/evertonfc.cz\/index.php\/2017\/07\/20\/fc-twente-everton-03\/#primaryimage\"},\"thumbnailUrl\":\"https:\/\/evertonfc.cz\/wp-content\/uploads\/2019\/01\/report.jpg\",\"datePublished\":\"2017-07-20T13:14:55+00:00\",\"dateModified\":\"2019-02-10T14:16:06+00:00\",\"breadcrumb\":{\"@id\":\"https:\/\/evertonfc.cz\/index.php\/2017\/07\/20\/fc-twente-everton-03\/#breadcrumb\"},\"inLanguage\":\"cs\",\"potentialAction\":[{\"@type\":\"ReadAction\",\"target\":[\"https:\/\/evertonfc.cz\/index.php\/2017\/07\/20\/fc-twente-everton-03\/\"]}]},{\"@type\":\"ImageObject\",\"inLanguage\":\"cs\",\"@id\":\"https:\/\/evertonfc.cz\/index.php\/2017\/07\/20\/fc-twente-everton-03\/#primaryimage\",\"url\":\"https:\/\/evertonfc.cz\/wp-content\/uploads\/2019\/01\/report.jpg\",\"contentUrl\":\"https:\/\/evertonfc.cz\/wp-content\/uploads\/2019\/01\/report.jpg\",\"width\":720,\"height\":405},{\"@type\":\"BreadcrumbList\",\"@id\":\"https:\/\/evertonfc.cz\/index.php\/2017\/07\/20\/fc-twente-everton-03\/#breadcrumb\",\"itemListElement\":[{\"@type\":\"ListItem\",\"position\":1,\"name\":\"Home\",\"item\":\"https:\/\/evertonfc.cz\/\"},{\"@type\":\"ListItem\",\"position\":2,\"name\":\"FC Twente &#8211; Everton 0:3\"}]},{\"@type\":\"WebSite\",\"@id\":\"https:\/\/evertonfc.cz\/#website\",\"url\":\"https:\/\/evertonfc.cz\/\",\"name\":\"Official Czech &amp; Slovak Everton Supporters&#039; Club\",\"description\":\"\",\"publisher\":{\"@id\":\"https:\/\/evertonfc.cz\/#organization\"},\"potentialAction\":[{\"@type\":\"SearchAction\",\"target\":{\"@type\":\"EntryPoint\",\"urlTemplate\":\"https:\/\/evertonfc.cz\/?s={search_term_string}\"},\"query-input\":{\"@type\":\"PropertyValueSpecification\",\"valueRequired\":true,\"valueName\":\"search_term_string\"}}],\"inLanguage\":\"cs\"},{\"@type\":\"Organization\",\"@id\":\"https:\/\/evertonfc.cz\/#organization\",\"name\":\"Official Czech & Slovak Everton Supporters' Club\",\"url\":\"https:\/\/evertonfc.cz\/\",\"logo\":{\"@type\":\"ImageObject\",\"inLanguage\":\"cs\",\"@id\":\"https:\/\/evertonfc.cz\/#\/schema\/logo\/image\/\",\"url\":\"https:\/\/evertonfc.cz\/wp-content\/uploads\/2019\/05\/logo.png\",\"contentUrl\":\"https:\/\/evertonfc.cz\/wp-content\/uploads\/2019\/05\/logo.png\",\"width\":112,\"height\":112,\"caption\":\"Official Czech & Slovak Everton Supporters' Club\"},\"image\":{\"@id\":\"https:\/\/evertonfc.cz\/#\/schema\/logo\/image\/\"},\"sameAs\":[\"https:\/\/www.facebook.com\/everton.fans.cz.sk\"]},{\"@type\":\"Person\",\"@id\":\"https:\/\/evertonfc.cz\/#\/schema\/person\/d4493b8cbea51532597fbc4685698916\",\"name\":\"BlueBlooded\",\"url\":\"https:\/\/evertonfc.cz\/index.php\/author\/admin\/\"}]}<\/script>\n<!-- \/ Yoast SEO plugin. -->","yoast_head_json":{"title":"FC Twente - Everton 0:3 - Official Czech &amp; Slovak Everton Supporters&#039; Club","robots":{"index":"index","follow":"follow","max-snippet":"max-snippet:-1","max-image-preview":"max-image-preview:large","max-video-preview":"max-video-preview:-1"},"canonical":"https:\/\/evertonfc.cz\/index.php\/2017\/07\/20\/fc-twente-everton-03\/","og_locale":"cs_CZ","og_type":"article","og_title":"FC Twente - Everton 0:3 - Official Czech &amp; Slovak Everton Supporters&#039; Club","og_description":"Toffees pokra\u010duj\u00fa v stopercentnej pr\u00edprave so zlat\u00fdm pravidlom. V druhom priate\u013eskom z\u00e1pase, si op\u00e4\u0165 len kr\u00e1snymi g\u00f3lmi poradili s holandsk\u00fdm&hellip;","og_url":"https:\/\/evertonfc.cz\/index.php\/2017\/07\/20\/fc-twente-everton-03\/","og_site_name":"Official Czech &amp; Slovak Everton Supporters&#039; Club","article_publisher":"https:\/\/www.facebook.com\/everton.fans.cz.sk","article_published_time":"2017-07-20T13:14:55+00:00","article_modified_time":"2019-02-10T14:16:06+00:00","og_image":[{"width":720,"height":405,"url":"https:\/\/evertonfc.cz\/wp-content\/uploads\/2019\/01\/report.jpg","type":"image\/jpeg"}],"author":"BlueBlooded","twitter_card":"summary_large_image","twitter_misc":{"Napsal(a)":"BlueBlooded","Odhadovan\u00e1 doba \u010dten\u00ed":"3 minuty"},"schema":{"@context":"https:\/\/schema.org","@graph":[{"@type":"Article","@id":"https:\/\/evertonfc.cz\/index.php\/2017\/07\/20\/fc-twente-everton-03\/#article","isPartOf":{"@id":"https:\/\/evertonfc.cz\/index.php\/2017\/07\/20\/fc-twente-everton-03\/"},"author":{"name":"BlueBlooded","@id":"https:\/\/evertonfc.cz\/#\/schema\/person\/d4493b8cbea51532597fbc4685698916"},"headline":"FC Twente &#8211; Everton 0:3","datePublished":"2017-07-20T13:14:55+00:00","dateModified":"2019-02-10T14:16:06+00:00","mainEntityOfPage":{"@id":"https:\/\/evertonfc.cz\/index.php\/2017\/07\/20\/fc-twente-everton-03\/"},"wordCount":693,"commentCount":0,"publisher":{"@id":"https:\/\/evertonfc.cz\/#organization"},"image":{"@id":"https:\/\/evertonfc.cz\/index.php\/2017\/07\/20\/fc-twente-everton-03\/#primaryimage"},"thumbnailUrl":"https:\/\/evertonfc.cz\/wp-content\/uploads\/2019\/01\/report.jpg","articleSection":["Z\u00e1pasy"],"inLanguage":"cs","potentialAction":[{"@type":"CommentAction","name":"Comment","target":["https:\/\/evertonfc.cz\/index.php\/2017\/07\/20\/fc-twente-everton-03\/#respond"]}]},{"@type":"WebPage","@id":"https:\/\/evertonfc.cz\/index.php\/2017\/07\/20\/fc-twente-everton-03\/","url":"https:\/\/evertonfc.cz\/index.php\/2017\/07\/20\/fc-twente-everton-03\/","name":"FC Twente - Everton 0:3 - Official Czech &amp; Slovak Everton Supporters&#039; Club","isPartOf":{"@id":"https:\/\/evertonfc.cz\/#website"},"primaryImageOfPage":{"@id":"https:\/\/evertonfc.cz\/index.php\/2017\/07\/20\/fc-twente-everton-03\/#primaryimage"},"image":{"@id":"https:\/\/evertonfc.cz\/index.php\/2017\/07\/20\/fc-twente-everton-03\/#primaryimage"},"thumbnailUrl":"https:\/\/evertonfc.cz\/wp-content\/uploads\/2019\/01\/report.jpg","datePublished":"2017-07-20T13:14:55+00:00","dateModified":"2019-02-10T14:16:06+00:00","breadcrumb":{"@id":"https:\/\/evertonfc.cz\/index.php\/2017\/07\/20\/fc-twente-everton-03\/#breadcrumb"},"inLanguage":"cs","potentialAction":[{"@type":"ReadAction","target":["https:\/\/evertonfc.cz\/index.php\/2017\/07\/20\/fc-twente-everton-03\/"]}]},{"@type":"ImageObject","inLanguage":"cs","@id":"https:\/\/evertonfc.cz\/index.php\/2017\/07\/20\/fc-twente-everton-03\/#primaryimage","url":"https:\/\/evertonfc.cz\/wp-content\/uploads\/2019\/01\/report.jpg","contentUrl":"https:\/\/evertonfc.cz\/wp-content\/uploads\/2019\/01\/report.jpg","width":720,"height":405},{"@type":"BreadcrumbList","@id":"https:\/\/evertonfc.cz\/index.php\/2017\/07\/20\/fc-twente-everton-03\/#breadcrumb","itemListElement":[{"@type":"ListItem","position":1,"name":"Home","item":"https:\/\/evertonfc.cz\/"},{"@type":"ListItem","position":2,"name":"FC Twente &#8211; Everton 0:3"}]},{"@type":"WebSite","@id":"https:\/\/evertonfc.cz\/#website","url":"https:\/\/evertonfc.cz\/","name":"Official Czech &amp; Slovak Everton Supporters&#039; Club","description":"","publisher":{"@id":"https:\/\/evertonfc.cz\/#organization"},"potentialAction":[{"@type":"SearchAction","target":{"@type":"EntryPoint","urlTemplate":"https:\/\/evertonfc.cz\/?s={search_term_string}"},"query-input":{"@type":"PropertyValueSpecification","valueRequired":true,"valueName":"search_term_string"}}],"inLanguage":"cs"},{"@type":"Organization","@id":"https:\/\/evertonfc.cz\/#organization","name":"Official Czech & Slovak Everton Supporters' Club","url":"https:\/\/evertonfc.cz\/","logo":{"@type":"ImageObject","inLanguage":"cs","@id":"https:\/\/evertonfc.cz\/#\/schema\/logo\/image\/","url":"https:\/\/evertonfc.cz\/wp-content\/uploads\/2019\/05\/logo.png","contentUrl":"https:\/\/evertonfc.cz\/wp-content\/uploads\/2019\/05\/logo.png","width":112,"height":112,"caption":"Official Czech & Slovak Everton Supporters' Club"},"image":{"@id":"https:\/\/evertonfc.cz\/#\/schema\/logo\/image\/"},"sameAs":["https:\/\/www.facebook.com\/everton.fans.cz.sk"]},{"@type":"Person","@id":"https:\/\/evertonfc.cz\/#\/schema\/person\/d4493b8cbea51532597fbc4685698916","name":"BlueBlooded","url":"https:\/\/evertonfc.cz\/index.php\/author\/admin\/"}]}},"_links":{"self":[{"href":"https:\/\/evertonfc.cz\/index.php\/wp-json\/wp\/v2\/posts\/2986"}],"collection":[{"href":"https:\/\/evertonfc.cz\/index.php\/wp-json\/wp\/v2\/posts"}],"about":[{"href":"https:\/\/evertonfc.cz\/index.php\/wp-json\/wp\/v2\/types\/post"}],"author":[{"embeddable":true,"href":"https:\/\/evertonfc.cz\/index.php\/wp-json\/wp\/v2\/users\/1"}],"replies":[{"embeddable":true,"href":"https:\/\/evertonfc.cz\/index.php\/wp-json\/wp\/v2\/comments?post=2986"}],"version-history":[{"count":1,"href":"https:\/\/evertonfc.cz\/index.php\/wp-json\/wp\/v2\/posts\/2986\/revisions"}],"predecessor-version":[{"id":2987,"href":"https:\/\/evertonfc.cz\/index.php\/wp-json\/wp\/v2\/posts\/2986\/revisions\/2987"}],"wp:featuredmedia":[{"embeddable":true,"href":"https:\/\/evertonfc.cz\/index.php\/wp-json\/wp\/v2\/media\/1315"}],"wp:attachment":[{"href":"https:\/\/evertonfc.cz\/index.php\/wp-json\/wp\/v2\/media?parent=2986"}],"wp:term":[{"taxonomy":"category","embeddable":true,"href":"https:\/\/evertonfc.cz\/index.php\/wp-json\/wp\/v2\/categories?post=2986"},{"taxonomy":"post_tag","embeddable":true,"href":"https:\/\/evertonfc.cz\/index.php\/wp-json\/wp\/v2\/tags?post=2986"}],"curies":[{"name":"wp","href":"https:\/\/api.w.org\/{rel}","templated":true}]}}