{"id":2998,"date":"2010-08-19T15:24:01","date_gmt":"2010-08-19T13:24:01","guid":{"rendered":"http:\/\/evertonfc.cz\/?p=2998"},"modified":"2021-05-19T12:37:04","modified_gmt":"2021-05-19T10:37:04","slug":"preview-everton-wolverhampton-wanderers","status":"publish","type":"post","link":"https:\/\/evertonfc.cz\/index.php\/2010\/08\/19\/preview-everton-wolverhampton-wanderers\/","title":{"rendered":"Preview: Everton &#8211; Wolverhampton Wanderers"},"content":{"rendered":"<h4>Ve druh\u00e9m kole se sezona vrac\u00ed na Goodison Park. V dom\u00e1c\u00edm prost\u0159ed\u00ed bude Everton hostit Wolves, a tak se nab\u00edz\u00ed jedin\u00e9 &#8211; od\u010dinit prohru z minul\u00e9ho v\u00edkendu.<\/h4>\n<p>105 dn\u00ed. P\u0159esn\u011b tak dlouho zel Goodison Park pr\u00e1zdnotou. Zbrusu nov\u00e9mu tr\u00e1vn\u00edku a p\u0159edplacen\u00fdm seda\u010dk\u00e1m zb\u00fdvaj\u00ed jen hodiny, ne\u017e znovu za\u010dnou slou\u017eit sv\u00e9mu \u00fa\u010delu. Poprv\u00e9 v dom\u00e1c\u00edm prost\u0159ed\u00ed zm\u011b\u0159\u00ed Toffees sv\u00e9 s\u00edly s Wolverhamptonem, a tak je favorit duelu v\u00edcem\u00e9n\u011b z\u0159ejm\u00fd.<\/p>\n<p>Goodison nav\u00edc slou\u017e\u00ed jako t\u011b\u017ece dobyvateln\u00e1 pevnost, tedy tak tomu bylo alespo\u0148 v minul\u00e9 sezon\u011b. Ta sice kdov\u00edjak vyda\u0159en\u00e1 nebyla, p\u0159esto Everton doma prohr\u00e1l jen dva z\u00e1pasy; ne\u0161\u0165astn\u00e9 listopadov\u00e9 derby je zat\u00edm posledn\u00edm. P\u0159ed Toffees se zkr\u00e1tka museli sklonit i ti nejsiln\u011bj\u0161\u00ed, a ur\u010dit\u011b by nebylo na \u0161kodu v podobn\u00e9 bilanci pokra\u010dovat. Do p\u0159edchoz\u00edho v\u00edkendu se Blues mohli chlubit i jeden\u00e1ctiz\u00e1pasovou celkovou s\u00e9ri\u00ed neporazitelnosti, ta ale pohasla ji\u017e po \u010dtrn\u00e1cti minut\u00e1ch nov\u00e9ho ro\u010dn\u00edku.<\/p>\n<p>Hrubka Tima Howarda, u n\u011bho\u017e byla podobn\u00e1 klauni\u00e1da k vid\u011bn\u00ed snad v\u016fbec poprv\u00e9, st\u00e1la Everton na Ewood Parku draho, a tak ani do t\u0159etice nedok\u00e1zal David Moyes sv\u00fdm sv\u011b\u0159enc\u016fm naordinovat v\u00edt\u011bzn\u00fd start do sezony. Utr\u00e1pen\u00fd v\u00fdkon ale budi\u017e zapomenut. Doma by m\u011bl Everton sv\u00fdm fand\u016fm n\u00e1ladu zase naladit na optim\u00e1ln\u00ed frekvenci, zvl\u00e1\u0161t\u011b po nep\u0159\u00edjemn\u00e9 por\u00e1\u017ece z \u00favodn\u00edho kola.\u00a0 <em>\u201eHr\u00e1\u010di doufali v lep\u0161\u00ed v\u00fdkon a dob\u0159e v\u011bd\u00ed, \u017ee nehr\u00e1li dob\u0159e. Je ale dob\u0159e, \u017ee hr\u00e1\u010d\u016fm por\u00e1\u017eka nen\u00ed lhostejn\u00e1 a v\u011bd\u00ed, \u017ee m\u011bli zahr\u00e1t l\u00e9pe,\u201c\u00a0<\/em>vrac\u00ed se k minul\u00e9mu z\u00e1pasu David Moyes, kter\u00fd z\u00e1rove\u0148 zved\u00e1 varovn\u00fd prst i p\u0159ed Wolverhamptonem.<em>\u00a0\u201eUtratili pom\u011brn\u011b dost pen\u011bz, a Mick d\u011bl\u00e1 v\u0161e pro to, aby sv\u016fj t\u00fdm udr\u017eel v sout\u011b\u017ei. P\u0159es l\u00e9to p\u0159idal n\u011bkolik dobr\u00fdch hr\u00e1\u010d\u016f a kvalita jeho t\u00fdmu se zase o n\u011bco zv\u011bt\u0161ila. \u010cek\u00e1 n\u00e1s tedy rozhodn\u011b slo\u017eit\u00fd z\u00e1pas, mus\u00edme odv\u00e9st maximum.\u201c<br \/>\n<\/em><\/p>\n<p>Wolverhampton vstupuje do svoj\u00ed druh\u00e9 sezony v nejvy\u0161\u0161\u00ed sout\u011b\u017ei, o n\u00ed\u017e se \u0159\u00edk\u00e1, \u017ee je pro p\u0159e\u017eiv\u0161\u00ed nov\u00e1\u010dky v\u016fbec tou nejt\u011b\u017e\u0161\u00ed. Celek, kter\u00fd loni skon\u010dil na pohodln\u00e9 patn\u00e1ct\u00e9 p\u0159\u00ed\u010dce, se s Premier League ale v kv\u011btnu lou\u010dit ur\u010dit\u011b nechce. Mick McCarthy p\u0159es l\u00e9to p\u0159idal dal\u0161\u00ed d\u00edlky do sv\u00e9 ambici\u00f3zn\u00ed skl\u00e1da\u010dky a jeho mlad\u00fd t\u00fdm rozhodn\u011b mezi sestupov\u00e9 kandid\u00e1ty nepat\u0159\u00ed. Jm\u00e9na jako Stephen Hunt, \u010di Steven Fletcher, kter\u00e1 mezi jin\u00fdmi v l\u00e9t\u011b do klubu z Midlands dorazila, by m\u011bla napomoci Vlk\u016fm k dlouhodob\u011bj\u0161\u00ed aklimatizaci mezi elitou.<\/p>\n<p>A koneckonc\u016f, dob\u0159e to s Wolverhamptonem vypad\u00e1 od samotn\u00e9ho za\u010d\u00e1tku, pokud n\u00e1m tedy k utvo\u0159en\u00ed jak\u00e9hosi obr\u00e1zku sta\u010d\u00ed pouh\u00e9 \u00favodn\u00ed kolo. V n\u011bm Wolves doma p\u0159iv\u00edtali Stoke City a po devades\u00e1ti minut\u00e1ch se Molineux Stadium mohlo radovat z v\u00edt\u011bzstv\u00ed 2-1. Na Goodison Parku ale celek, vyzn\u00e1vaj\u00edc\u00ed zlato-\u010dernou kombinaci \u010dek\u00e1 obt\u00ed\u017en\u011bj\u0161\u00ed protivn\u00edk. Z\u00e1lo\u017en\u00edk Stephen Ward tak varovn\u011b zved\u00e1 prst. <em>\u201eProti Evertonu to bude velmi t\u011b\u017ek\u00fd z\u00e1pas,\u201c\u00a0<\/em>p\u0159ikyvuje.\u00a0<em>\u201eNa Goodisonu jsou hodn\u011b siln\u00ed, ale my tam pojedeme plni sebev\u011bdom\u00ed ze sobotn\u00ed v\u00fdhry. Loni jsme tam podali dobr\u00fd v\u00fdkon, a jen p\u00e1r minut n\u00e1s d\u011blilo od v\u00fdhry. Podobn\u00fd v\u00fdkon ur\u010dit\u011b chceme zopakovat a doufejme, \u017ee dom\u016f pojedeme s bodov\u00fdm ziskem.\u201c<\/em><\/p>\n<p>Tak jako ji\u017e p\u0159ipomn\u011bl Ir ve slu\u017eb\u00e1ch Wolves, chyb\u011blo m\u00e1lo a lo\u0148sk\u00e9 goodisonsk\u00e9 kl\u00e1n\u00ed skute\u010dn\u011b m\u00e1lem p\u0159ineslo v\u00fdhru Wolverhamptonu. Rem\u00edzu 1-1 zachr\u00e1nil a\u017e v posledn\u00edch minut\u00e1ch Diniyar Bilyaletdinov.<\/p>\n<h4><strong>Historie soupe\u0159e<\/strong><\/h4>\n<p>Po\u010d\u00e1tk\u016fm klubu\u00a0vdechl\u00a0\u017eivot \u0159editel\u00a0wolverhamptonsk\u00e9 \u0161koly St. Lukes, Harry Barcroft, jen\u017e pot\u0159eboval slo\u017eit nov\u00e9 \u0161koln\u00ed\u00a0mu\u017esvo. To se psal rok 1877. Po splynut\u00ed m\u00edstn\u00edho fotbalov\u00e9ho a kriketov\u00e9ho t\u00fdmu o dva roky pozd\u011bji byl\u00a0na sv\u011bt\u011b klub s n\u00e1zvem Wolverhampton Wanderers. Podobn\u011b jako Everton, i Wolves si vyzkou\u0161eli hned n\u011bkolik h\u0159i\u0161\u0165, ne\u017e se\u00a0zd\u00e1rn\u011b usadili. Po \u0161tac\u00edch na Windmill Field, John Harper\u00b4s Field a Dudley Road, se v roce 1889\u00a0stali n\u00e1jemn\u00edky\u00a0dosavadn\u00edho Molineux Stadium.<\/p>\n<p>Ji\u017e z historie vypl\u00fdv\u00e1, \u017ee Wolverhampton byl od prvn\u00edch let jedn\u00edm z nejvlivn\u011bj\u0161\u00edch klub\u016f. Roku 1888 se stal zakl\u00e1daj\u00edc\u00edm \u010dlenem Football League a hr\u00e1l tak\u00e9 \u00fast\u0159edn\u00ed roli v zalo\u017een\u00ed Evropsk\u00e9ho poh\u00e1ru. Vedouc\u00ed postaven\u00ed si klub p\u0159ed prvn\u00ed sv\u011btovou v\u00e1lkou pomohl vydob\u00fdt tak\u00e9 ziskem dvou FA Cup\u016f. Pod veden\u00edm legend\u00e1rn\u00edho mana\u017eera Stana Cullise za\u017eili Wolves nejplodn\u011bj\u0161\u00ed \u010dasy. Mezi lety 1949-1960 si Wolverhampton do\u0161el pro t\u0159i mistrovsk\u00e9 tituly a jeden Anglick\u00fd poh\u00e1r. V t\u00e9 dob\u011b se mimojin\u00e9 zrodila my\u0161lenka poh\u00e1ru, sdru\u017euj\u00edc\u00edho nejlep\u0161\u00ed evropsk\u00e9 celky. Wolves se jako\u017eto \u00fa\u0159aduj\u00edc\u00ed ligov\u00ed \u0161ampioni jeho prvn\u00edho ro\u010dn\u00edku \u00fa\u010dastnili a\u00a0d\u00edky v\u00fdhr\u00e1m nad Spartakem Moskva, Realem Madrid, \u010di Barcelonou, se ocitli na vrcholu sl\u00e1vy.<\/p>\n<p>Forma t\u00fdmu m\u011bla nicm\u00e9n\u011b v dal\u0161\u00edch letech sp\u00ed\u0161e lehce sestupnou tendenci, a\u010dkoliv je\u0161t\u011b v roce 1972 Wolves do\u0161li a\u017e do fin\u00e1le poh\u00e1ru UEFA, kde ov\u0161em podlehli Tottenhamu. V roce 1974 a 1980 putoval do Wolverhamptonu Ligov\u00fd poh\u00e1r, ale to u\u017e se o slovo hl\u00e1sil nev\u00eddan\u00fd \u00fapadek, na jeho\u017e konci se klub propadnul a\u017e do Fourth Division. N\u00e1vrat zp\u011bt pomohl vy\u010darovat mana\u017eer Graham Turner, za vydatn\u00e9 pomoci legend\u00e1rn\u00edho \u00fato\u010dn\u00edka Steva Bulla.\u00a0B\u011bhem cesty do Second Division nav\u00edc do klubov\u00e9 vitr\u00edny putovala Football League Trophy. Devaten\u00e1ctilet\u00fd prvoligov\u00fd p\u016fst byl ukon\u010den v roce 2003, hned rok nato v\u0161ak Wolverhampton spadl zp\u011bt do zr\u00e1dn\u00e9 Championship. Roku 2006 se t\u00fdmu ujal irsk\u00fd mana\u017eer Mick McCarthy, jen\u017e na Molinex buduje mlad\u00e9 a ambici\u00f3zn\u00ed mu\u017estvo, je\u017e rozhodn\u011b nem\u00e1 v pl\u00e1nu nejvy\u0161\u0161\u00ed sout\u011b\u017e opou\u0161t\u011bt.<\/p>\n<h4><strong>Z\u00e1pasov\u00e1 fakta<\/strong><\/h4>\n<p>Prvn\u00ed kl\u00e1n\u00ed dvou \u010dlen\u016f slavn\u00e9 zakl\u00e1daj\u00edc\u00ed dvan\u00e1ctky Football League, se prvn\u011b ud\u00e1lo v lednu 1889 a \u0161lo o jednozna\u010dnou z\u00e1le\u017eitost. Evertonu venku schytal p\u011btig\u00f3lovou \u010do\u010dku. Na druhou stranu, posledn\u00ed triumf Wolves na Goodison Parku je po\u0159\u00e1dn\u011b zapr\u00e1\u0161en\u00fd. Stalo se tak v z\u00e1\u0159\u00ed 1979, kdy k v\u00fdh\u0159e 3-2 p\u0159isp\u011bl i budouc\u00ed \u00fato\u010dn\u00edk Blues, Andy Gray. Celkov\u011b se Everton s Wolverhamptonem st\u0159etl 126x; p\u0159i\u010dem\u017e Toffees vyhr\u00e1li 58x, Wolves 44x a ve 24 p\u0159\u00edpadech se zrodila rem\u00edza.<\/p>\n<h4><strong>Everton<\/strong><\/h4>\n<p>T\u00fdden star\u00e1 por\u00e1\u017eka na Ewood Parku ukon\u010dila jeden\u00e1ctiz\u00e1pasovou s\u00e9rii neporazitelnosti. Z\u00e1rove\u0148 bude Everton cht\u00edt zabr\u00e1nit druh\u00e9 po sob\u011b jdouc\u00ed proh\u0159e, a to poprv\u00e9 za \u0161estadvacet z\u00e1pas\u016f.<\/p>\n<h4><strong>Wolverhampton<\/strong><\/h4>\n<p>P\u0159ed leto\u0161n\u00edm \u00favodn\u00edm kolem se Wolves nepoda\u0159ilo do sezony vstoupit v\u00edt\u011bzn\u011b dlouh\u00fdch jeden\u00e1ct let, v\u00fdhra nad Stoke tedy znamenala v\u00edtanou zm\u011bnu. P\u0159ed v\u00fdjezdem na Goodison si v\u0161ak budou Vlci v\u011bdomi zejm\u00e9na skute\u010dnosti, \u017ee mimo domovsk\u00fd st\u00e1nek to nen\u00ed prav\u00e9 o\u0159echov\u00e9 &#8211; loni venku zv\u00edt\u011bzili jen \u010dty\u0159ikr\u00e1t.<\/p>\n<h4><strong>Vz\u00e1jemn\u00e1 bilance<\/strong><\/h4>\n<ul>\n<li>Celkov\u011b:\u00a0\u00a0\u00a0\u00a0\u00a0\u00a0\u00a0\u00a0\u00a0\u00a0\u00a0 \u00a0 \u00a0 \u00a0 58-24-44<\/li>\n<li>Na Goodison Parku:\u00a0 39-12-12<\/li>\n<li>V Premier League:\u00a0\u00a0\u00a0\u00a0 1-2-1<\/li>\n<\/ul>\n<h4><strong>Absence<\/strong><\/h4>\n<p>Krom Victora Anichebeho, kter\u00fd st\u00e1le nedol\u00e9\u010dil pot\u00ed\u017ee s kolenem, bude mo\u017en\u00e1 chyb\u011bt Phil Neville, jeho\u017e tr\u00e1p\u00ed chodidlo a o jeho startu rozhodne a\u017e test p\u0159ed z\u00e1pasem.<\/p>\n<p>Wolves maj\u00ed marodku obs\u00e1hlej\u0161\u00ed. Zran\u011bn\u00fd je David Edwards, Stephen Hunt a je\u0161t\u011b si nezahraje ani Michael Kightly. Nejist\u00e1 je pak \u00fa\u010dast Kevina Doyla, Stevena Fletchera, Stevena Mouyokola a Jella Van Damma.<\/p>\n<p><strong>Everton:<\/strong> Howard, Mucha, Hibbert, Neville, Baines, Distin, Jagielka, Yobo, Heitinga, Coleman, Osman, Arteta, Rodwell, Fellaini, Pienaar, Bilyaletdinov, Cahill, Gueye, Saha, Vaughan, Yakubu, Beckford<\/p>\n<p><strong>Wolverhampton:<\/strong> Hahnemann, Hennessey, Foley, Halford, Berra, Craddock, Stearman, Van Damme (?), Elokobi, Jarvis, Henry, D. Jones, Ward, Milijas, Guedioura, Fletcher (?), Ebanks-Blake, Keogh, Doyle (?)<\/p>\n<ul>\n<li><strong>Kdy:<\/strong>\u00a021.8. 16:00 SE\u010c<\/li>\n<li><strong>Kde:<\/strong>\u00a0Goodison Park<\/li>\n<li><strong>Rozhod\u010d\u00ed:<\/strong>\u00a0Lee Mason<\/li>\n<\/ul>\n","protected":false},"excerpt":{"rendered":"<p>Ve druh\u00e9m kole se sezona vrac\u00ed na Goodison Park. V dom\u00e1c\u00edm prost\u0159ed\u00ed bude Everton hostit Wolves, a tak se nab\u00edz\u00ed jedin\u00e9 &#8211; od\u010dinit prohru z minul\u00e9ho v\u00edkendu.<\/p>\n","protected":false},"author":7,"featured_media":15370,"comment_status":"open","ping_status":"closed","sticky":false,"template":"","format":"standard","meta":{"_eb_attr":"","_monsterinsights_skip_tracking":false,"_monsterinsights_sitenote_active":false,"_monsterinsights_sitenote_note":"","_monsterinsights_sitenote_category":0,"footnotes":""},"categories":[4],"tags":[],"yoast_head":"<!-- This site is optimized with the Yoast SEO plugin v23.4 - https:\/\/yoast.com\/wordpress\/plugins\/seo\/ -->\n<title>Preview: Everton - Wolverhampton Wanderers - Official Czech &amp; Slovak Everton Supporters&#039; Club<\/title>\n<meta name=\"robots\" content=\"index, follow, max-snippet:-1, max-image-preview:large, max-video-preview:-1\" \/>\n<link rel=\"canonical\" href=\"https:\/\/evertonfc.cz\/index.php\/2010\/08\/19\/preview-everton-wolverhampton-wanderers\/\" \/>\n<meta property=\"og:locale\" content=\"cs_CZ\" \/>\n<meta property=\"og:type\" content=\"article\" \/>\n<meta property=\"og:title\" content=\"Preview: Everton - Wolverhampton Wanderers - Official Czech &amp; Slovak Everton Supporters&#039; Club\" \/>\n<meta property=\"og:description\" content=\"Ve druh\u00e9m kole se sezona vrac\u00ed na Goodison Park. V dom\u00e1c\u00edm prost\u0159ed\u00ed bude Everton hostit Wolves, a tak se nab\u00edz\u00ed jedin\u00e9 - od\u010dinit prohru z minul\u00e9ho v\u00edkendu.\" \/>\n<meta property=\"og:url\" content=\"https:\/\/evertonfc.cz\/index.php\/2010\/08\/19\/preview-everton-wolverhampton-wanderers\/\" \/>\n<meta property=\"og:site_name\" content=\"Official Czech &amp; Slovak Everton Supporters&#039; Club\" \/>\n<meta property=\"article:publisher\" content=\"https:\/\/www.facebook.com\/everton.fans.cz.sk\" \/>\n<meta property=\"article:published_time\" content=\"2010-08-19T13:24:01+00:00\" \/>\n<meta property=\"article:modified_time\" content=\"2021-05-19T10:37:04+00:00\" \/>\n<meta property=\"og:image\" content=\"https:\/\/evertonfc.cz\/wp-content\/uploads\/2021\/05\/Everton-VS-Wolverhampton-Wanderers.png\" \/>\n\t<meta property=\"og:image:width\" content=\"720\" \/>\n\t<meta property=\"og:image:height\" content=\"405\" \/>\n\t<meta property=\"og:image:type\" content=\"image\/png\" \/>\n<meta name=\"author\" content=\"Me\u0148a\" \/>\n<meta name=\"twitter:card\" content=\"summary_large_image\" \/>\n<meta name=\"twitter:label1\" content=\"Napsal(a)\" \/>\n\t<meta name=\"twitter:data1\" content=\"Me\u0148a\" \/>\n\t<meta name=\"twitter:label2\" content=\"Odhadovan\u00e1 doba \u010dten\u00ed\" \/>\n\t<meta name=\"twitter:data2\" content=\"5 minut\" \/>\n<script type=\"application\/ld+json\" class=\"yoast-schema-graph\">{\"@context\":\"https:\/\/schema.org\",\"@graph\":[{\"@type\":\"Article\",\"@id\":\"https:\/\/evertonfc.cz\/index.php\/2010\/08\/19\/preview-everton-wolverhampton-wanderers\/#article\",\"isPartOf\":{\"@id\":\"https:\/\/evertonfc.cz\/index.php\/2010\/08\/19\/preview-everton-wolverhampton-wanderers\/\"},\"author\":{\"name\":\"Me\u0148a\",\"@id\":\"https:\/\/evertonfc.cz\/#\/schema\/person\/cd6328a75577de2add7793fd4b0930c3\"},\"headline\":\"Preview: Everton &#8211; Wolverhampton Wanderers\",\"datePublished\":\"2010-08-19T13:24:01+00:00\",\"dateModified\":\"2021-05-19T10:37:04+00:00\",\"mainEntityOfPage\":{\"@id\":\"https:\/\/evertonfc.cz\/index.php\/2010\/08\/19\/preview-everton-wolverhampton-wanderers\/\"},\"wordCount\":1446,\"commentCount\":0,\"publisher\":{\"@id\":\"https:\/\/evertonfc.cz\/#organization\"},\"image\":{\"@id\":\"https:\/\/evertonfc.cz\/index.php\/2010\/08\/19\/preview-everton-wolverhampton-wanderers\/#primaryimage\"},\"thumbnailUrl\":\"https:\/\/evertonfc.cz\/wp-content\/uploads\/2021\/05\/Everton-VS-Wolverhampton-Wanderers.png\",\"articleSection\":[\"Z\u00e1pasy\"],\"inLanguage\":\"cs\",\"potentialAction\":[{\"@type\":\"CommentAction\",\"name\":\"Comment\",\"target\":[\"https:\/\/evertonfc.cz\/index.php\/2010\/08\/19\/preview-everton-wolverhampton-wanderers\/#respond\"]}]},{\"@type\":\"WebPage\",\"@id\":\"https:\/\/evertonfc.cz\/index.php\/2010\/08\/19\/preview-everton-wolverhampton-wanderers\/\",\"url\":\"https:\/\/evertonfc.cz\/index.php\/2010\/08\/19\/preview-everton-wolverhampton-wanderers\/\",\"name\":\"Preview: Everton - Wolverhampton Wanderers - Official Czech &amp; Slovak Everton Supporters&#039; Club\",\"isPartOf\":{\"@id\":\"https:\/\/evertonfc.cz\/#website\"},\"primaryImageOfPage\":{\"@id\":\"https:\/\/evertonfc.cz\/index.php\/2010\/08\/19\/preview-everton-wolverhampton-wanderers\/#primaryimage\"},\"image\":{\"@id\":\"https:\/\/evertonfc.cz\/index.php\/2010\/08\/19\/preview-everton-wolverhampton-wanderers\/#primaryimage\"},\"thumbnailUrl\":\"https:\/\/evertonfc.cz\/wp-content\/uploads\/2021\/05\/Everton-VS-Wolverhampton-Wanderers.png\",\"datePublished\":\"2010-08-19T13:24:01+00:00\",\"dateModified\":\"2021-05-19T10:37:04+00:00\",\"breadcrumb\":{\"@id\":\"https:\/\/evertonfc.cz\/index.php\/2010\/08\/19\/preview-everton-wolverhampton-wanderers\/#breadcrumb\"},\"inLanguage\":\"cs\",\"potentialAction\":[{\"@type\":\"ReadAction\",\"target\":[\"https:\/\/evertonfc.cz\/index.php\/2010\/08\/19\/preview-everton-wolverhampton-wanderers\/\"]}]},{\"@type\":\"ImageObject\",\"inLanguage\":\"cs\",\"@id\":\"https:\/\/evertonfc.cz\/index.php\/2010\/08\/19\/preview-everton-wolverhampton-wanderers\/#primaryimage\",\"url\":\"https:\/\/evertonfc.cz\/wp-content\/uploads\/2021\/05\/Everton-VS-Wolverhampton-Wanderers.png\",\"contentUrl\":\"https:\/\/evertonfc.cz\/wp-content\/uploads\/2021\/05\/Everton-VS-Wolverhampton-Wanderers.png\",\"width\":720,\"height\":405},{\"@type\":\"BreadcrumbList\",\"@id\":\"https:\/\/evertonfc.cz\/index.php\/2010\/08\/19\/preview-everton-wolverhampton-wanderers\/#breadcrumb\",\"itemListElement\":[{\"@type\":\"ListItem\",\"position\":1,\"name\":\"Home\",\"item\":\"https:\/\/evertonfc.cz\/\"},{\"@type\":\"ListItem\",\"position\":2,\"name\":\"Preview: Everton &#8211; Wolverhampton Wanderers\"}]},{\"@type\":\"WebSite\",\"@id\":\"https:\/\/evertonfc.cz\/#website\",\"url\":\"https:\/\/evertonfc.cz\/\",\"name\":\"Official Czech &amp; Slovak Everton Supporters&#039; Club\",\"description\":\"\",\"publisher\":{\"@id\":\"https:\/\/evertonfc.cz\/#organization\"},\"potentialAction\":[{\"@type\":\"SearchAction\",\"target\":{\"@type\":\"EntryPoint\",\"urlTemplate\":\"https:\/\/evertonfc.cz\/?s={search_term_string}\"},\"query-input\":{\"@type\":\"PropertyValueSpecification\",\"valueRequired\":true,\"valueName\":\"search_term_string\"}}],\"inLanguage\":\"cs\"},{\"@type\":\"Organization\",\"@id\":\"https:\/\/evertonfc.cz\/#organization\",\"name\":\"Official Czech & Slovak Everton Supporters' Club\",\"url\":\"https:\/\/evertonfc.cz\/\",\"logo\":{\"@type\":\"ImageObject\",\"inLanguage\":\"cs\",\"@id\":\"https:\/\/evertonfc.cz\/#\/schema\/logo\/image\/\",\"url\":\"https:\/\/evertonfc.cz\/wp-content\/uploads\/2019\/05\/logo.png\",\"contentUrl\":\"https:\/\/evertonfc.cz\/wp-content\/uploads\/2019\/05\/logo.png\",\"width\":112,\"height\":112,\"caption\":\"Official Czech & Slovak Everton Supporters' Club\"},\"image\":{\"@id\":\"https:\/\/evertonfc.cz\/#\/schema\/logo\/image\/\"},\"sameAs\":[\"https:\/\/www.facebook.com\/everton.fans.cz.sk\"]},{\"@type\":\"Person\",\"@id\":\"https:\/\/evertonfc.cz\/#\/schema\/person\/cd6328a75577de2add7793fd4b0930c3\",\"name\":\"Me\u0148a\",\"url\":\"https:\/\/evertonfc.cz\/index.php\/author\/mena\/\"}]}<\/script>\n<!-- \/ Yoast SEO plugin. -->","yoast_head_json":{"title":"Preview: Everton - Wolverhampton Wanderers - Official Czech &amp; Slovak Everton Supporters&#039; Club","robots":{"index":"index","follow":"follow","max-snippet":"max-snippet:-1","max-image-preview":"max-image-preview:large","max-video-preview":"max-video-preview:-1"},"canonical":"https:\/\/evertonfc.cz\/index.php\/2010\/08\/19\/preview-everton-wolverhampton-wanderers\/","og_locale":"cs_CZ","og_type":"article","og_title":"Preview: Everton - Wolverhampton Wanderers - Official Czech &amp; Slovak Everton Supporters&#039; Club","og_description":"Ve druh\u00e9m kole se sezona vrac\u00ed na Goodison Park. V dom\u00e1c\u00edm prost\u0159ed\u00ed bude Everton hostit Wolves, a tak se nab\u00edz\u00ed jedin\u00e9 - od\u010dinit prohru z minul\u00e9ho v\u00edkendu.","og_url":"https:\/\/evertonfc.cz\/index.php\/2010\/08\/19\/preview-everton-wolverhampton-wanderers\/","og_site_name":"Official Czech &amp; Slovak Everton Supporters&#039; Club","article_publisher":"https:\/\/www.facebook.com\/everton.fans.cz.sk","article_published_time":"2010-08-19T13:24:01+00:00","article_modified_time":"2021-05-19T10:37:04+00:00","og_image":[{"width":720,"height":405,"url":"https:\/\/evertonfc.cz\/wp-content\/uploads\/2021\/05\/Everton-VS-Wolverhampton-Wanderers.png","type":"image\/png"}],"author":"Me\u0148a","twitter_card":"summary_large_image","twitter_misc":{"Napsal(a)":"Me\u0148a","Odhadovan\u00e1 doba \u010dten\u00ed":"5 minut"},"schema":{"@context":"https:\/\/schema.org","@graph":[{"@type":"Article","@id":"https:\/\/evertonfc.cz\/index.php\/2010\/08\/19\/preview-everton-wolverhampton-wanderers\/#article","isPartOf":{"@id":"https:\/\/evertonfc.cz\/index.php\/2010\/08\/19\/preview-everton-wolverhampton-wanderers\/"},"author":{"name":"Me\u0148a","@id":"https:\/\/evertonfc.cz\/#\/schema\/person\/cd6328a75577de2add7793fd4b0930c3"},"headline":"Preview: Everton &#8211; Wolverhampton Wanderers","datePublished":"2010-08-19T13:24:01+00:00","dateModified":"2021-05-19T10:37:04+00:00","mainEntityOfPage":{"@id":"https:\/\/evertonfc.cz\/index.php\/2010\/08\/19\/preview-everton-wolverhampton-wanderers\/"},"wordCount":1446,"commentCount":0,"publisher":{"@id":"https:\/\/evertonfc.cz\/#organization"},"image":{"@id":"https:\/\/evertonfc.cz\/index.php\/2010\/08\/19\/preview-everton-wolverhampton-wanderers\/#primaryimage"},"thumbnailUrl":"https:\/\/evertonfc.cz\/wp-content\/uploads\/2021\/05\/Everton-VS-Wolverhampton-Wanderers.png","articleSection":["Z\u00e1pasy"],"inLanguage":"cs","potentialAction":[{"@type":"CommentAction","name":"Comment","target":["https:\/\/evertonfc.cz\/index.php\/2010\/08\/19\/preview-everton-wolverhampton-wanderers\/#respond"]}]},{"@type":"WebPage","@id":"https:\/\/evertonfc.cz\/index.php\/2010\/08\/19\/preview-everton-wolverhampton-wanderers\/","url":"https:\/\/evertonfc.cz\/index.php\/2010\/08\/19\/preview-everton-wolverhampton-wanderers\/","name":"Preview: Everton - Wolverhampton Wanderers - Official Czech &amp; Slovak Everton Supporters&#039; Club","isPartOf":{"@id":"https:\/\/evertonfc.cz\/#website"},"primaryImageOfPage":{"@id":"https:\/\/evertonfc.cz\/index.php\/2010\/08\/19\/preview-everton-wolverhampton-wanderers\/#primaryimage"},"image":{"@id":"https:\/\/evertonfc.cz\/index.php\/2010\/08\/19\/preview-everton-wolverhampton-wanderers\/#primaryimage"},"thumbnailUrl":"https:\/\/evertonfc.cz\/wp-content\/uploads\/2021\/05\/Everton-VS-Wolverhampton-Wanderers.png","datePublished":"2010-08-19T13:24:01+00:00","dateModified":"2021-05-19T10:37:04+00:00","breadcrumb":{"@id":"https:\/\/evertonfc.cz\/index.php\/2010\/08\/19\/preview-everton-wolverhampton-wanderers\/#breadcrumb"},"inLanguage":"cs","potentialAction":[{"@type":"ReadAction","target":["https:\/\/evertonfc.cz\/index.php\/2010\/08\/19\/preview-everton-wolverhampton-wanderers\/"]}]},{"@type":"ImageObject","inLanguage":"cs","@id":"https:\/\/evertonfc.cz\/index.php\/2010\/08\/19\/preview-everton-wolverhampton-wanderers\/#primaryimage","url":"https:\/\/evertonfc.cz\/wp-content\/uploads\/2021\/05\/Everton-VS-Wolverhampton-Wanderers.png","contentUrl":"https:\/\/evertonfc.cz\/wp-content\/uploads\/2021\/05\/Everton-VS-Wolverhampton-Wanderers.png","width":720,"height":405},{"@type":"BreadcrumbList","@id":"https:\/\/evertonfc.cz\/index.php\/2010\/08\/19\/preview-everton-wolverhampton-wanderers\/#breadcrumb","itemListElement":[{"@type":"ListItem","position":1,"name":"Home","item":"https:\/\/evertonfc.cz\/"},{"@type":"ListItem","position":2,"name":"Preview: Everton &#8211; Wolverhampton Wanderers"}]},{"@type":"WebSite","@id":"https:\/\/evertonfc.cz\/#website","url":"https:\/\/evertonfc.cz\/","name":"Official Czech &amp; Slovak Everton Supporters&#039; Club","description":"","publisher":{"@id":"https:\/\/evertonfc.cz\/#organization"},"potentialAction":[{"@type":"SearchAction","target":{"@type":"EntryPoint","urlTemplate":"https:\/\/evertonfc.cz\/?s={search_term_string}"},"query-input":{"@type":"PropertyValueSpecification","valueRequired":true,"valueName":"search_term_string"}}],"inLanguage":"cs"},{"@type":"Organization","@id":"https:\/\/evertonfc.cz\/#organization","name":"Official Czech & Slovak Everton Supporters' Club","url":"https:\/\/evertonfc.cz\/","logo":{"@type":"ImageObject","inLanguage":"cs","@id":"https:\/\/evertonfc.cz\/#\/schema\/logo\/image\/","url":"https:\/\/evertonfc.cz\/wp-content\/uploads\/2019\/05\/logo.png","contentUrl":"https:\/\/evertonfc.cz\/wp-content\/uploads\/2019\/05\/logo.png","width":112,"height":112,"caption":"Official Czech & Slovak Everton Supporters' Club"},"image":{"@id":"https:\/\/evertonfc.cz\/#\/schema\/logo\/image\/"},"sameAs":["https:\/\/www.facebook.com\/everton.fans.cz.sk"]},{"@type":"Person","@id":"https:\/\/evertonfc.cz\/#\/schema\/person\/cd6328a75577de2add7793fd4b0930c3","name":"Me\u0148a","url":"https:\/\/evertonfc.cz\/index.php\/author\/mena\/"}]}},"_links":{"self":[{"href":"https:\/\/evertonfc.cz\/index.php\/wp-json\/wp\/v2\/posts\/2998"}],"collection":[{"href":"https:\/\/evertonfc.cz\/index.php\/wp-json\/wp\/v2\/posts"}],"about":[{"href":"https:\/\/evertonfc.cz\/index.php\/wp-json\/wp\/v2\/types\/post"}],"author":[{"embeddable":true,"href":"https:\/\/evertonfc.cz\/index.php\/wp-json\/wp\/v2\/users\/7"}],"replies":[{"embeddable":true,"href":"https:\/\/evertonfc.cz\/index.php\/wp-json\/wp\/v2\/comments?post=2998"}],"version-history":[{"count":3,"href":"https:\/\/evertonfc.cz\/index.php\/wp-json\/wp\/v2\/posts\/2998\/revisions"}],"predecessor-version":[{"id":15384,"href":"https:\/\/evertonfc.cz\/index.php\/wp-json\/wp\/v2\/posts\/2998\/revisions\/15384"}],"wp:featuredmedia":[{"embeddable":true,"href":"https:\/\/evertonfc.cz\/index.php\/wp-json\/wp\/v2\/media\/15370"}],"wp:attachment":[{"href":"https:\/\/evertonfc.cz\/index.php\/wp-json\/wp\/v2\/media?parent=2998"}],"wp:term":[{"taxonomy":"category","embeddable":true,"href":"https:\/\/evertonfc.cz\/index.php\/wp-json\/wp\/v2\/categories?post=2998"},{"taxonomy":"post_tag","embeddable":true,"href":"https:\/\/evertonfc.cz\/index.php\/wp-json\/wp\/v2\/tags?post=2998"}],"curies":[{"name":"wp","href":"https:\/\/api.w.org\/{rel}","templated":true}]}}