{"id":3056,"date":"2010-09-18T18:13:21","date_gmt":"2010-09-18T16:13:21","guid":{"rendered":"http:\/\/evertonfc.cz\/?p=3056"},"modified":"2019-02-10T18:26:17","modified_gmt":"2019-02-10T17:26:17","slug":"moyes-yak-chtel-odejit","status":"publish","type":"post","link":"https:\/\/evertonfc.cz\/index.php\/2010\/09\/18\/moyes-yak-chtel-odejit\/","title":{"rendered":"Moyes: Yak cht\u011bl odej\u00edt"},"content":{"rendered":"<h4>David Moyes p\u0159i\u0161el s p\u0159ekvapiv\u00fdm prohl\u00e1\u0161en\u00edm, mana\u017eer ve\u0159ejn\u011b p\u0159ipustil, \u017ee Yakubu cht\u011bl v l\u00e9t\u011b opustit Everton. O Yaka se zaj\u00edmal lond\u00fdnsk\u00fd West Ham.<\/h4>\n<p>Yakubu nastoupil minul\u00fd t\u00fdden za Everton v\u016fbec poprv\u00e9 v sez\u00f3n\u011b. V 69. minut\u011b se dostal na h\u0159i\u0161t\u011b a i d\u00edky jeho dobr\u00e9mu v\u00fdkonu Everton nakonec dok\u00e1zal zremizovat z\u00e1pas s Manchesterem United. A i kdy\u017e bylo na Nigerijcovi na prvn\u00ed pohled vid\u011bt, \u017ee je\u0161t\u011b na tom nen\u00ed stoprocentn\u011b dob\u0159e fyzicky, dnes proti Newcastlu ho pravd\u011bpodobn\u011b na h\u0159i\u0161ti uvid\u00edme. Louis Saha je toti\u017e zran\u011bn\u00ed, Jermaine Beckford zat\u00edm nep\u0159esv\u011bd\u010duje o sv\u00fdch kvalit\u00e1ch a Tim Cahill m\u00e1 probl\u00e9my s kolenem.<\/p>\n<p>Pokud se Yakovi utk\u00e1n\u00ed proti Newcastlu povede a p\u0159esv\u011bd\u010d\u00ed o sv\u00fdch kvalit\u00e1ch i v n\u00e1sleduj\u00edc\u00edch duelech, m\u016f\u017ee se tak r\u00e1zem z odpadl\u00edka st\u00e1t znovu obl\u00edbencem fanou\u0161k\u016f Toffees. S kol\u00edsavou formou se Yakubu pot\u00fdk\u00e1 od jeho v\u00e1\u017en\u00e9ho zran\u011bn\u00ed achilovky, kter\u00e9 se mu p\u0159ihodilo na podzim roku 2008 a vy\u0159adilo ho na dlouh\u00fdch deset m\u011bs\u00edc\u016f. A prav\u011b kv\u016fli \u0161patn\u00fdm v\u00fdkon\u016fm byl v l\u00e9t\u011b n\u011bkolikr\u00e1t spojov\u00e1n s odchodem z Goodison Parku. S konkr\u00e9tn\u00edmi nab\u00eddkami p\u0159i\u0161el dokonce West Ham United, co\u017e potvrdil David Moyes: <em>\u201eYak cht\u011bl odej\u00edt. Nikdy jsme v\u0161ak za n\u011bj neobdr\u017eeli nab\u00eddku, je\u017e by se dala akceptovat. Mo\u017en\u00e1 i proto na tom byl Yak psychicky \u0161patn\u011b. V sou\u010dasnosti u\u017e m\u00e1 ale dobrou n\u00e1ladu. Bude to nejsp\u00ed\u0161 t\u00edm, \u017ee u\u017e je p\u0159estupov\u00e9 okno uzav\u0159en\u00e9. Yak se vr\u00e1til zp\u011bt do boje a je p\u0159ipraven nastupovat.<\/em><\/p>\n<p><em>S Yakem jsem nikdy probl\u00e9m nem\u011bl, v\u017edy jsme spolu dob\u0159e vych\u00e1zeli. Pravd\u011bpodobn\u011b v\u0161ak c\u00edtil \u010das na zm\u011bnu. U\u017e na konci minul\u00e9 sez\u00f3ny jsme m\u011bli v \u00fatoku velkou konkurenci, mo\u017en\u00e1 prost\u011b nev\u011b\u0159il, \u017ee bude poka\u017ed\u00e9 nastupovat. Tohle je ale sou\u010d\u00e1st fotbalu. Nav\u00edc m\u00e1 u n\u00e1s platnou smlouvu, tak\u017ee nemohl odej\u00edt bez na\u0161eho svolen\u00ed. A my jsme ho cht\u011bli udr\u017eet.<\/em><\/p>\n<p><em>Dostali jsme za n\u011bj nab\u00eddky men\u0161\u00ed, ne\u017e jsme po\u017eadovali. Nejprve to bylo 6 milion\u016f liber, pot\u00e9 5, proto jsme museli \u0159\u00edct ne. Jeho g\u00f3lov\u00e1 bilance Yakovu cenu zvy\u0161uje, proto jsme se rozhodli ho nenechat odej\u00edt za zm\u00edn\u011bn\u00e9 \u010d\u00e1stky.\u201c<\/em><\/p>\n<p>Yakubu za\u010dal svoji kari\u00e9ru v izraelsk\u00e9m Maccabi Haifa. N\u00e1sledn\u011b vedly jeho kroky do anglick\u00e9ho Portsmouthu, kde se za\u010dal prosazovat, a tak na dal\u0161\u00ed p\u0159estup nemusel dlouho \u010dekat. V roce 2005 zam\u00ed\u0159il do Middlesbrough. Zde sice sv\u016fj brankov\u00fd potenci\u00e1l nedok\u00e1zal naplno prom\u011bnit, navzdory tomu ale o dva roky pozd\u011bji za 11.25 milionu liber p\u0159estoupil na Goodison Park. Tehdy se jednalo o nejvy\u0161\u0161\u00ed \u010d\u00e1stku, za jakou byl kdy hr\u00e1\u010d v Evertonu koupen. Ve sv\u00e9 prvn\u00ed sez\u00f3n\u011b za Toffees se stal nej\u00fasp\u011b\u0161n\u011bj\u0161\u00edm st\u0159elcem Evertonu od roku 1992, kdy dal Peter Beardsley 20 branek za sezonu. Yakubu jich dok\u00e1zal d\u00e1t 21. V listopadu 2009 ov\u0161em p\u0159i\u0161lo v\u00fd\u0161e zm\u00edn\u011bn\u00e9 zran\u011bn\u00ed achilovky a s Yakem to \u0161lo postupn\u011b z kopce dol\u016f. Snad se v\u0161ak v\u0161e obr\u00e1t\u00ed a v hledi\u0161ti Goodisonu budou op\u011bt vl\u00e1t transparenty FEED THE YAK.<\/p>\n","protected":false},"excerpt":{"rendered":"<p>David Moyes p\u0159i\u0161el s p\u0159ekvapiv\u00fdm prohl\u00e1\u0161en\u00edm, mana\u017eer ve\u0159ejn\u011b p\u0159ipustil, \u017ee Yakubu cht\u011bl v l\u00e9t\u011b opustit Everton. O Yaka se zaj\u00edmal&hellip;<\/p>\n","protected":false},"author":6,"featured_media":1313,"comment_status":"open","ping_status":"closed","sticky":false,"template":"","format":"standard","meta":{"_eb_attr":"","_monsterinsights_skip_tracking":false,"_monsterinsights_sitenote_active":false,"_monsterinsights_sitenote_note":"","_monsterinsights_sitenote_category":0,"footnotes":""},"categories":[42],"tags":[],"yoast_head":"<!-- This site is optimized with the Yoast SEO plugin v23.4 - https:\/\/yoast.com\/wordpress\/plugins\/seo\/ -->\n<title>Moyes: Yak cht\u011bl odej\u00edt - Official Czech &amp; Slovak Everton Supporters&#039; Club<\/title>\n<meta name=\"robots\" content=\"index, follow, max-snippet:-1, max-image-preview:large, max-video-preview:-1\" \/>\n<link rel=\"canonical\" href=\"https:\/\/evertonfc.cz\/index.php\/2010\/09\/18\/moyes-yak-chtel-odejit\/\" \/>\n<meta property=\"og:locale\" content=\"cs_CZ\" \/>\n<meta property=\"og:type\" content=\"article\" \/>\n<meta property=\"og:title\" content=\"Moyes: Yak cht\u011bl odej\u00edt - Official Czech &amp; Slovak Everton Supporters&#039; Club\" \/>\n<meta property=\"og:description\" content=\"David Moyes p\u0159i\u0161el s p\u0159ekvapiv\u00fdm prohl\u00e1\u0161en\u00edm, mana\u017eer ve\u0159ejn\u011b p\u0159ipustil, \u017ee Yakubu cht\u011bl v l\u00e9t\u011b opustit Everton. O Yaka se zaj\u00edmal&hellip;\" \/>\n<meta property=\"og:url\" content=\"https:\/\/evertonfc.cz\/index.php\/2010\/09\/18\/moyes-yak-chtel-odejit\/\" \/>\n<meta property=\"og:site_name\" content=\"Official Czech &amp; Slovak Everton Supporters&#039; Club\" \/>\n<meta property=\"article:publisher\" content=\"https:\/\/www.facebook.com\/everton.fans.cz.sk\" \/>\n<meta property=\"article:published_time\" content=\"2010-09-18T16:13:21+00:00\" \/>\n<meta property=\"article:modified_time\" content=\"2019-02-10T17:26:17+00:00\" \/>\n<meta property=\"og:image\" content=\"https:\/\/evertonfc.cz\/wp-content\/uploads\/2019\/01\/news.jpg\" \/>\n\t<meta property=\"og:image:width\" content=\"720\" \/>\n\t<meta property=\"og:image:height\" content=\"405\" \/>\n\t<meta property=\"og:image:type\" content=\"image\/jpeg\" \/>\n<meta name=\"author\" content=\"Ri\u010di\" \/>\n<meta name=\"twitter:card\" content=\"summary_large_image\" \/>\n<meta name=\"twitter:creator\" content=\"@rbrejsa\" \/>\n<meta name=\"twitter:label1\" content=\"Napsal(a)\" \/>\n\t<meta name=\"twitter:data1\" content=\"Ri\u010di\" \/>\n\t<meta name=\"twitter:label2\" content=\"Odhadovan\u00e1 doba \u010dten\u00ed\" \/>\n\t<meta name=\"twitter:data2\" content=\"3 minuty\" \/>\n<script type=\"application\/ld+json\" class=\"yoast-schema-graph\">{\"@context\":\"https:\/\/schema.org\",\"@graph\":[{\"@type\":\"Article\",\"@id\":\"https:\/\/evertonfc.cz\/index.php\/2010\/09\/18\/moyes-yak-chtel-odejit\/#article\",\"isPartOf\":{\"@id\":\"https:\/\/evertonfc.cz\/index.php\/2010\/09\/18\/moyes-yak-chtel-odejit\/\"},\"author\":{\"name\":\"Ri\u010di\",\"@id\":\"https:\/\/evertonfc.cz\/#\/schema\/person\/f7a5daedb2ffee98480bc70e191aaef1\"},\"headline\":\"Moyes: Yak cht\u011bl odej\u00edt\",\"datePublished\":\"2010-09-18T16:13:21+00:00\",\"dateModified\":\"2019-02-10T17:26:17+00:00\",\"mainEntityOfPage\":{\"@id\":\"https:\/\/evertonfc.cz\/index.php\/2010\/09\/18\/moyes-yak-chtel-odejit\/\"},\"wordCount\":608,\"commentCount\":0,\"publisher\":{\"@id\":\"https:\/\/evertonfc.cz\/#organization\"},\"image\":{\"@id\":\"https:\/\/evertonfc.cz\/index.php\/2010\/09\/18\/moyes-yak-chtel-odejit\/#primaryimage\"},\"thumbnailUrl\":\"https:\/\/evertonfc.cz\/wp-content\/uploads\/2019\/01\/news.jpg\",\"articleSection\":[\"Aktuality\"],\"inLanguage\":\"cs\",\"potentialAction\":[{\"@type\":\"CommentAction\",\"name\":\"Comment\",\"target\":[\"https:\/\/evertonfc.cz\/index.php\/2010\/09\/18\/moyes-yak-chtel-odejit\/#respond\"]}]},{\"@type\":\"WebPage\",\"@id\":\"https:\/\/evertonfc.cz\/index.php\/2010\/09\/18\/moyes-yak-chtel-odejit\/\",\"url\":\"https:\/\/evertonfc.cz\/index.php\/2010\/09\/18\/moyes-yak-chtel-odejit\/\",\"name\":\"Moyes: Yak cht\u011bl odej\u00edt - Official Czech &amp; Slovak Everton Supporters&#039; Club\",\"isPartOf\":{\"@id\":\"https:\/\/evertonfc.cz\/#website\"},\"primaryImageOfPage\":{\"@id\":\"https:\/\/evertonfc.cz\/index.php\/2010\/09\/18\/moyes-yak-chtel-odejit\/#primaryimage\"},\"image\":{\"@id\":\"https:\/\/evertonfc.cz\/index.php\/2010\/09\/18\/moyes-yak-chtel-odejit\/#primaryimage\"},\"thumbnailUrl\":\"https:\/\/evertonfc.cz\/wp-content\/uploads\/2019\/01\/news.jpg\",\"datePublished\":\"2010-09-18T16:13:21+00:00\",\"dateModified\":\"2019-02-10T17:26:17+00:00\",\"breadcrumb\":{\"@id\":\"https:\/\/evertonfc.cz\/index.php\/2010\/09\/18\/moyes-yak-chtel-odejit\/#breadcrumb\"},\"inLanguage\":\"cs\",\"potentialAction\":[{\"@type\":\"ReadAction\",\"target\":[\"https:\/\/evertonfc.cz\/index.php\/2010\/09\/18\/moyes-yak-chtel-odejit\/\"]}]},{\"@type\":\"ImageObject\",\"inLanguage\":\"cs\",\"@id\":\"https:\/\/evertonfc.cz\/index.php\/2010\/09\/18\/moyes-yak-chtel-odejit\/#primaryimage\",\"url\":\"https:\/\/evertonfc.cz\/wp-content\/uploads\/2019\/01\/news.jpg\",\"contentUrl\":\"https:\/\/evertonfc.cz\/wp-content\/uploads\/2019\/01\/news.jpg\",\"width\":720,\"height\":405},{\"@type\":\"BreadcrumbList\",\"@id\":\"https:\/\/evertonfc.cz\/index.php\/2010\/09\/18\/moyes-yak-chtel-odejit\/#breadcrumb\",\"itemListElement\":[{\"@type\":\"ListItem\",\"position\":1,\"name\":\"Home\",\"item\":\"https:\/\/evertonfc.cz\/\"},{\"@type\":\"ListItem\",\"position\":2,\"name\":\"Moyes: Yak cht\u011bl odej\u00edt\"}]},{\"@type\":\"WebSite\",\"@id\":\"https:\/\/evertonfc.cz\/#website\",\"url\":\"https:\/\/evertonfc.cz\/\",\"name\":\"Official Czech &amp; Slovak Everton Supporters&#039; Club\",\"description\":\"\",\"publisher\":{\"@id\":\"https:\/\/evertonfc.cz\/#organization\"},\"potentialAction\":[{\"@type\":\"SearchAction\",\"target\":{\"@type\":\"EntryPoint\",\"urlTemplate\":\"https:\/\/evertonfc.cz\/?s={search_term_string}\"},\"query-input\":{\"@type\":\"PropertyValueSpecification\",\"valueRequired\":true,\"valueName\":\"search_term_string\"}}],\"inLanguage\":\"cs\"},{\"@type\":\"Organization\",\"@id\":\"https:\/\/evertonfc.cz\/#organization\",\"name\":\"Official Czech & Slovak Everton Supporters' Club\",\"url\":\"https:\/\/evertonfc.cz\/\",\"logo\":{\"@type\":\"ImageObject\",\"inLanguage\":\"cs\",\"@id\":\"https:\/\/evertonfc.cz\/#\/schema\/logo\/image\/\",\"url\":\"https:\/\/evertonfc.cz\/wp-content\/uploads\/2019\/05\/logo.png\",\"contentUrl\":\"https:\/\/evertonfc.cz\/wp-content\/uploads\/2019\/05\/logo.png\",\"width\":112,\"height\":112,\"caption\":\"Official Czech & Slovak Everton Supporters' Club\"},\"image\":{\"@id\":\"https:\/\/evertonfc.cz\/#\/schema\/logo\/image\/\"},\"sameAs\":[\"https:\/\/www.facebook.com\/everton.fans.cz.sk\"]},{\"@type\":\"Person\",\"@id\":\"https:\/\/evertonfc.cz\/#\/schema\/person\/f7a5daedb2ffee98480bc70e191aaef1\",\"name\":\"Ri\u010di\",\"sameAs\":[\"https:\/\/x.com\/rbrejsa\"],\"url\":\"https:\/\/evertonfc.cz\/index.php\/author\/rici\/\"}]}<\/script>\n<!-- \/ Yoast SEO plugin. -->","yoast_head_json":{"title":"Moyes: Yak cht\u011bl odej\u00edt - Official Czech &amp; Slovak Everton Supporters&#039; Club","robots":{"index":"index","follow":"follow","max-snippet":"max-snippet:-1","max-image-preview":"max-image-preview:large","max-video-preview":"max-video-preview:-1"},"canonical":"https:\/\/evertonfc.cz\/index.php\/2010\/09\/18\/moyes-yak-chtel-odejit\/","og_locale":"cs_CZ","og_type":"article","og_title":"Moyes: Yak cht\u011bl odej\u00edt - Official Czech &amp; Slovak Everton Supporters&#039; Club","og_description":"David Moyes p\u0159i\u0161el s p\u0159ekvapiv\u00fdm prohl\u00e1\u0161en\u00edm, mana\u017eer ve\u0159ejn\u011b p\u0159ipustil, \u017ee Yakubu cht\u011bl v l\u00e9t\u011b opustit Everton. O Yaka se zaj\u00edmal&hellip;","og_url":"https:\/\/evertonfc.cz\/index.php\/2010\/09\/18\/moyes-yak-chtel-odejit\/","og_site_name":"Official Czech &amp; Slovak Everton Supporters&#039; Club","article_publisher":"https:\/\/www.facebook.com\/everton.fans.cz.sk","article_published_time":"2010-09-18T16:13:21+00:00","article_modified_time":"2019-02-10T17:26:17+00:00","og_image":[{"width":720,"height":405,"url":"https:\/\/evertonfc.cz\/wp-content\/uploads\/2019\/01\/news.jpg","type":"image\/jpeg"}],"author":"Ri\u010di","twitter_card":"summary_large_image","twitter_creator":"@rbrejsa","twitter_misc":{"Napsal(a)":"Ri\u010di","Odhadovan\u00e1 doba \u010dten\u00ed":"3 minuty"},"schema":{"@context":"https:\/\/schema.org","@graph":[{"@type":"Article","@id":"https:\/\/evertonfc.cz\/index.php\/2010\/09\/18\/moyes-yak-chtel-odejit\/#article","isPartOf":{"@id":"https:\/\/evertonfc.cz\/index.php\/2010\/09\/18\/moyes-yak-chtel-odejit\/"},"author":{"name":"Ri\u010di","@id":"https:\/\/evertonfc.cz\/#\/schema\/person\/f7a5daedb2ffee98480bc70e191aaef1"},"headline":"Moyes: Yak cht\u011bl odej\u00edt","datePublished":"2010-09-18T16:13:21+00:00","dateModified":"2019-02-10T17:26:17+00:00","mainEntityOfPage":{"@id":"https:\/\/evertonfc.cz\/index.php\/2010\/09\/18\/moyes-yak-chtel-odejit\/"},"wordCount":608,"commentCount":0,"publisher":{"@id":"https:\/\/evertonfc.cz\/#organization"},"image":{"@id":"https:\/\/evertonfc.cz\/index.php\/2010\/09\/18\/moyes-yak-chtel-odejit\/#primaryimage"},"thumbnailUrl":"https:\/\/evertonfc.cz\/wp-content\/uploads\/2019\/01\/news.jpg","articleSection":["Aktuality"],"inLanguage":"cs","potentialAction":[{"@type":"CommentAction","name":"Comment","target":["https:\/\/evertonfc.cz\/index.php\/2010\/09\/18\/moyes-yak-chtel-odejit\/#respond"]}]},{"@type":"WebPage","@id":"https:\/\/evertonfc.cz\/index.php\/2010\/09\/18\/moyes-yak-chtel-odejit\/","url":"https:\/\/evertonfc.cz\/index.php\/2010\/09\/18\/moyes-yak-chtel-odejit\/","name":"Moyes: Yak cht\u011bl odej\u00edt - Official Czech &amp; Slovak Everton Supporters&#039; Club","isPartOf":{"@id":"https:\/\/evertonfc.cz\/#website"},"primaryImageOfPage":{"@id":"https:\/\/evertonfc.cz\/index.php\/2010\/09\/18\/moyes-yak-chtel-odejit\/#primaryimage"},"image":{"@id":"https:\/\/evertonfc.cz\/index.php\/2010\/09\/18\/moyes-yak-chtel-odejit\/#primaryimage"},"thumbnailUrl":"https:\/\/evertonfc.cz\/wp-content\/uploads\/2019\/01\/news.jpg","datePublished":"2010-09-18T16:13:21+00:00","dateModified":"2019-02-10T17:26:17+00:00","breadcrumb":{"@id":"https:\/\/evertonfc.cz\/index.php\/2010\/09\/18\/moyes-yak-chtel-odejit\/#breadcrumb"},"inLanguage":"cs","potentialAction":[{"@type":"ReadAction","target":["https:\/\/evertonfc.cz\/index.php\/2010\/09\/18\/moyes-yak-chtel-odejit\/"]}]},{"@type":"ImageObject","inLanguage":"cs","@id":"https:\/\/evertonfc.cz\/index.php\/2010\/09\/18\/moyes-yak-chtel-odejit\/#primaryimage","url":"https:\/\/evertonfc.cz\/wp-content\/uploads\/2019\/01\/news.jpg","contentUrl":"https:\/\/evertonfc.cz\/wp-content\/uploads\/2019\/01\/news.jpg","width":720,"height":405},{"@type":"BreadcrumbList","@id":"https:\/\/evertonfc.cz\/index.php\/2010\/09\/18\/moyes-yak-chtel-odejit\/#breadcrumb","itemListElement":[{"@type":"ListItem","position":1,"name":"Home","item":"https:\/\/evertonfc.cz\/"},{"@type":"ListItem","position":2,"name":"Moyes: Yak cht\u011bl odej\u00edt"}]},{"@type":"WebSite","@id":"https:\/\/evertonfc.cz\/#website","url":"https:\/\/evertonfc.cz\/","name":"Official Czech &amp; Slovak Everton Supporters&#039; Club","description":"","publisher":{"@id":"https:\/\/evertonfc.cz\/#organization"},"potentialAction":[{"@type":"SearchAction","target":{"@type":"EntryPoint","urlTemplate":"https:\/\/evertonfc.cz\/?s={search_term_string}"},"query-input":{"@type":"PropertyValueSpecification","valueRequired":true,"valueName":"search_term_string"}}],"inLanguage":"cs"},{"@type":"Organization","@id":"https:\/\/evertonfc.cz\/#organization","name":"Official Czech & Slovak Everton Supporters' Club","url":"https:\/\/evertonfc.cz\/","logo":{"@type":"ImageObject","inLanguage":"cs","@id":"https:\/\/evertonfc.cz\/#\/schema\/logo\/image\/","url":"https:\/\/evertonfc.cz\/wp-content\/uploads\/2019\/05\/logo.png","contentUrl":"https:\/\/evertonfc.cz\/wp-content\/uploads\/2019\/05\/logo.png","width":112,"height":112,"caption":"Official Czech & Slovak Everton Supporters' Club"},"image":{"@id":"https:\/\/evertonfc.cz\/#\/schema\/logo\/image\/"},"sameAs":["https:\/\/www.facebook.com\/everton.fans.cz.sk"]},{"@type":"Person","@id":"https:\/\/evertonfc.cz\/#\/schema\/person\/f7a5daedb2ffee98480bc70e191aaef1","name":"Ri\u010di","sameAs":["https:\/\/x.com\/rbrejsa"],"url":"https:\/\/evertonfc.cz\/index.php\/author\/rici\/"}]}},"_links":{"self":[{"href":"https:\/\/evertonfc.cz\/index.php\/wp-json\/wp\/v2\/posts\/3056"}],"collection":[{"href":"https:\/\/evertonfc.cz\/index.php\/wp-json\/wp\/v2\/posts"}],"about":[{"href":"https:\/\/evertonfc.cz\/index.php\/wp-json\/wp\/v2\/types\/post"}],"author":[{"embeddable":true,"href":"https:\/\/evertonfc.cz\/index.php\/wp-json\/wp\/v2\/users\/6"}],"replies":[{"embeddable":true,"href":"https:\/\/evertonfc.cz\/index.php\/wp-json\/wp\/v2\/comments?post=3056"}],"version-history":[{"count":1,"href":"https:\/\/evertonfc.cz\/index.php\/wp-json\/wp\/v2\/posts\/3056\/revisions"}],"predecessor-version":[{"id":3062,"href":"https:\/\/evertonfc.cz\/index.php\/wp-json\/wp\/v2\/posts\/3056\/revisions\/3062"}],"wp:featuredmedia":[{"embeddable":true,"href":"https:\/\/evertonfc.cz\/index.php\/wp-json\/wp\/v2\/media\/1313"}],"wp:attachment":[{"href":"https:\/\/evertonfc.cz\/index.php\/wp-json\/wp\/v2\/media?parent=3056"}],"wp:term":[{"taxonomy":"category","embeddable":true,"href":"https:\/\/evertonfc.cz\/index.php\/wp-json\/wp\/v2\/categories?post=3056"},{"taxonomy":"post_tag","embeddable":true,"href":"https:\/\/evertonfc.cz\/index.php\/wp-json\/wp\/v2\/tags?post=3056"}],"curies":[{"name":"wp","href":"https:\/\/api.w.org\/{rel}","templated":true}]}}