{"id":3070,"date":"2010-09-20T18:29:47","date_gmt":"2010-09-20T16:29:47","guid":{"rendered":"http:\/\/evertonfc.cz\/?p=3070"},"modified":"2019-02-10T18:33:15","modified_gmt":"2019-02-10T17:33:15","slug":"proti-brentfordu-o-dalsi-postup","status":"publish","type":"post","link":"https:\/\/evertonfc.cz\/index.php\/2010\/09\/20\/proti-brentfordu-o-dalsi-postup\/","title":{"rendered":"Proti Brentfordu o dal\u0161\u00ed postup"},"content":{"rendered":"<h4>Alespo\u0148 \u010d\u00e1ste\u010dn\u011b napravit svoje neomluviteln\u00e9 ligov\u00e9 v\u00fdkony bude moci Everton v Ligov\u00e9m poh\u00e1ru. Ve t\u0159et\u00edm kole \u010dek\u00e1 Toffees v\u00fdlet do lond\u00fdnsk\u00e9ho Brentfordu.<\/h4>\n<p>Nejhor\u0161\u00ed start do sezony do poloviny devades\u00e1t\u00fdch let nenech\u00e1v\u00e1 nikoho na pochyb\u00e1ch, \u017ee pokud co nejd\u0159\u00edve nep\u0159ijde zm\u011bna k lep\u0161\u00edmu, za\u010dne Evertonu akutn\u011b t\u00e9ct do bot. Zanechme ale protentokr\u00e1t ligov\u00e9 strasti stranou, p\u0159edposledn\u00ed z\u00e1\u0159ijov\u00fd t\u00fdden toti\u017e tradi\u010dn\u011b p\u0159in\u00e1\u0161\u00ed t\u0159et\u00ed kolo Ligov\u00e9ho poh\u00e1ru. V n\u011bm se poprv\u00e9 p\u0159edstav\u00ed i elitn\u00ed prvoligov\u00e1 mu\u017estva, a tak nebude o zaj\u00edmav\u00e1 kl\u00e1n\u00ed nouze. K Evertonu byl ov\u0161em los vcelku milosrdn\u00fd. Znovu si zahraje proti t\u0159etiligov\u00e9mu protivn\u00edkovi; tentokr\u00e1t p\u016fjde o lond\u00fdnsk\u00fd Brentford.<\/p>\n<p>Soupe\u0159e z League One vyzvali Blues i koncem srpna ve druh\u00e9m kole. Huddersfield Town odj\u00ed\u017ed\u011bl z Goodison Parku o\u010dek\u00e1van\u011b s nepo\u0159\u00edzenou. David Moyes do z\u00e1pasu sice pov\u011bt\u0161inou vyslal n\u00e1hradn\u00edky, ale i ti dovedli Terriers sm\u00e9st v pom\u011bru 5-1. \u00davodn\u00ed v\u00fdkon tedy zna\u010d\u00ed, \u017ee pro Everton je \u00fasp\u011b\u0161n\u00e1 \u00fa\u010dast v Carling Cupu d\u016fle\u017eitou sou\u010d\u00e1st\u00ed sezony.\u00a0<em>\u201eM\u00e1me dostate\u010dn\u011b \u0161irok\u00e9 mu\u017estvo na to, abychom mohli naplno bojovat ve v\u0161ech sout\u011b\u017e\u00edch, tak\u017ee po\u010d\u00edt\u00e1me s t\u00edm, \u017ee v nich m\u016f\u017eeme doj\u00edt daleko,\u201c<\/em>\u00a0potvrzuje Tim Cahill.<\/p>\n<p>Motivace by modr\u00fdm chyb\u011bt nem\u011bla. V\u017edy\u0165 jak nejl\u00e9pe od\u010dinit \u0161okuj\u00edc\u00ed dom\u00e1c\u00ed por\u00e1\u017eku od Newcastlu, ne\u017e v\u00edt\u011bzstv\u00edm, by\u0165 jde pouze o Carling Cup. Tim Howard tak vyvrac\u00ed jak\u00e9koliv domn\u011bnky o mo\u017en\u00e9m podcen\u011bn\u00ed z\u00e1padolond\u00fd\u0148an\u016f.<em>\u00a0\u201ePostup je d\u016fle\u017eit\u00fd, ale z\u00e1rove\u0148 v\u00edme, \u017ee vyhr\u00e1t tenhle z\u00e1pas je pro n\u00e1s povinnost\u00ed. Osobn\u011b neberu \u017e\u00e1dn\u00e9 utk\u00e1n\u00ed na lehkou v\u00e1hu a mysl\u00edm, \u017ee ani u ostatn\u00edch tomu tak nen\u00ed.<\/em><\/p>\n<p><em>Brentford hraje doma, tak\u017ee na n\u00e1s budou p\u0159ipraven\u00ed a p\u016fjdou do z\u00e1pasu naplno, proto\u017ee nemaj\u00ed co ztratit. Budou c\u00edtit p\u0159\u00edle\u017eitost postoupit d\u00e1l a toho si mus\u00edme b\u00fdt v\u011bdomi. Mus\u00edme zkr\u00e1tka z\u00edskat dobr\u00fd v\u00fdsledek, dostat se zp\u011bt na pozitivn\u00ed vlnu, a o v\u00edkendu na n\u011bj doufejme nav\u00e1zat.\u201c<\/em><\/p>\n<p>Everton s Brentfordem maj\u00ed jedno spole\u010dn\u00e9 &#8211; pot\u00e1cej\u00ed se na sam\u00e9m dn\u011b tabulky. Dokonce se shoduje i jejich sou\u010dasn\u00e1 p\u0159\u00ed\u010dka, tedy nelichotiv\u00e9 19. m\u00edsto. Bees tedy budou br\u00e1t utk\u00e1n\u00ed ze stejn\u00e9ho pohledu jako Toffees &#8211; vybo\u010den\u00ed z nep\u0159\u00edjemn\u00e9 ligov\u00e9 reality. Pro celek z Griffin Parku o kapacit\u011b necel\u00fdch 13 tis\u00edc div\u00e1k\u016f ov\u0161em p\u016fjde o jeden z vrchol\u016f sezony. Proti prvoligov\u00fdm soupe\u0159\u016fm toho toti\u017e za svoji 121letou historii v\u011bru p\u0159\u00edli\u0161 neodhr\u00e1l.<\/p>\n<p>Nej\u00fasp\u011b\u0161n\u011bj\u0161\u00ed \u010dasy &#8222;v\u010dely&#8220; pro\u017e\u00edvaly ve t\u0159ic\u00e1t\u00fdch letech. V sezon\u011b 1935\/36 fini\u0161ovali v tehdej\u0161\u00ed First Divison na p\u00e1t\u00e9 pozici, co\u017e je nejlep\u0161\u00ed ligov\u00e9 um\u00edst\u011bn\u00ed v klubov\u00e9 historii. Jednou se pak Brentford radoval z mistrovsk\u00e9ho titulu ve druh\u00e9 lize, t\u0159ikr\u00e1t ve t\u0159et\u00ed a ve dvou p\u0159\u00edpadech dominoval \u010dtvrt\u00e9 nejvy\u0161\u0161\u00ed sout\u011b\u017ei. Na poh\u00e1rov\u00e9 sc\u00e9n\u011b Bees nejd\u00e1le do\u0161li v ro\u010dn\u00edku 1937\/38, kdy si zahr\u00e1li \u010dtvrtfin\u00e1le FA Cupu. Co se pr\u00e1v\u011b Ligov\u00e9ho poh\u00e1ru t\u00fdk\u00e1, nejd\u00e1le v n\u011bm do\u0161li v sezon\u011b 1982\/83, kdy se pod\u00edvali do \u010dtvrt\u00e9ho kola. Nesm\u00edme ov\u0161em opomenout tak\u00e9 dv\u011b fin\u00e1lov\u00e9 \u00fa\u010dasti ve Football League Trophy. V tom posledn\u00edm se Brentford uvedl na konci sezony 2000\/01.<\/p>\n<p>Posledn\u00ed vz\u00e1jemn\u00e9 kl\u00e1n\u00ed by v hlav\u011b opr\u00e1\u0161ili jen ti nejzaslou\u017eilej\u0161\u00ed pam\u011btn\u00edci. Stalo\u00a0 se tak p\u0159ed \u0161estapades\u00e1ti roky. Historie nav\u00edc pamatuje jen \u0161estn\u00e1ct vz\u00e1jemn\u00fdch souboj\u016f, v nich\u017e maj\u00ed oba celky po sedmi v\u00fdhr\u00e1ch. Ono posledn\u00ed st\u0159etnut\u00ed m\u011bl v re\u017eii jasn\u011b Everton, kdy\u017e ve star\u00e9 Division Two v \u00fanoru 1954 na Goodison Parku zv\u00edt\u011bzil 6-1.<\/p>\n<p>Moment\u00e1ln\u011b Bees sv\u00fdm t\u0159etiligov\u00fdm soupe\u0159\u016fm p\u0159\u00edli\u0161 v\u00edtr nenah\u00e1n\u011bj\u00ed, a\u010dkoliv doma jednozna\u010dn\u011b zahr\u00e1t um\u011bj\u00ed. Potvrdili to t\u0159eba pr\u00e1v\u011b v minul\u00e9m kole Carling Cupu, kdy zdolali Hull City, nebo za\u010d\u00e1tkem z\u00e1\u0159\u00ed, kdy p\u0159ekvapiv\u011b zv\u00edt\u011bzili nad favoritem League One, sheffieldsk\u00fdmi Wednesday. Obr\u00e1nce Michael Spillane tedy p\u0159ed z\u00e1pasem nen\u00ed pesimistou.<\/p>\n<p><em>\u201eJsme dobr\u00fd t\u00fdm. Lep\u0161\u00ed, ne\u017e \u0159\u00edk\u00e1 ligov\u00e1 tabulka. Nebude to jednoduch\u00e9, ale v\u011b\u0159\u00edm, \u017ee pokud budeme hr\u00e1t tak jak um\u00edme, m\u016f\u017eeme vyhr\u00e1t. Kdy\u017e k n\u00e1m p\u0159ijel Hull, ne\u0161lo o jednostrann\u00e9 utk\u00e1n\u00ed. Byli jsme rovnocenn\u00fdm soupe\u0159em a odm\u011bnou n\u00e1m byla v\u00fdhra. Stejn\u011b tak si nemysl\u00edm, \u017ee p\u016fjde o jednozna\u010dnou z\u00e1le\u017eitost s Evertonem. Mus\u00edme je ale respektovat, maj\u00ed jeden z nejlep\u0161\u00edch t\u00fdm\u016f v zemi. I oni ale p\u0159ed n\u00e1mi mus\u00ed m\u00edt respekt, proto\u017ee jinak by se jim to mohlo vymst\u00edt.\u201c<\/em><\/p>\n<p><em>\u201eHodn\u011b se t\u011b\u0161\u00edme,\u201c<\/em>\u00a0\u0159\u00edk\u00e1 kapit\u00e1n Bees, Kevin O\u00b4Connor.<em> \u201eZ\u00e1pas si u\u017eijeme co jen to p\u016fjde, proto\u017ee s takov\u00fdmi t\u00fdmy nehrajeme p\u0159\u00edli\u0161 \u010dasto. Jsme velc\u00ed outside\u0159i, ale ve\u010der si u\u017eijeme a pokus\u00edme se zahr\u00e1t dobr\u00fd fotbal. Nejsp\u00ed\u0161 p\u016fjde o nejv\u011bt\u0161\u00ed t\u00fdm, se kter\u00fdm hrajeme od t\u00e9 doby, co tu jsem. P\u0159ed p\u00e1r lety jsem byl n\u00e1hradn\u00edkem proti Newcastlu.<\/em><\/p>\n<p><em>Pokud vydr\u017e\u00edme prvn\u00edch dvacet minut, pak bude z\u00e1pas o n\u011b\u010dem jin\u00e9m. Naroste n\u00e1m sebev\u011bdom\u00ed a od toho se zkus\u00edme odrazit. Jsou to ale jasn\u00ed favorit\u00e9. Mus\u00ed b\u00fdt, kdy\u017e se pod\u00edv\u00e1te na jejich soupisku. Ale m\u00e1me za sebou z\u00e1pas s Hullem, tak\u017ee v\u00edme, co m\u016f\u017eeme zopakovat,\u201c\u00a0<\/em>nep\u0159est\u00e1v\u00e1 v\u011b\u0159it.<\/p>\n<p>Proti Brentfordu by se mohl do sestavy vr\u00e1tit Phil Neville, jen\u017e byl p\u0159ipraven zas\u00e1hnout ji\u017e do sobotn\u00edho z\u00e1pasu. Stejn\u011b tak je mo\u017en\u00e1 i \u00fa\u010dast Tima Cahilla, kter\u00fd d\u00edky leh\u010d\u00edm pot\u00ed\u017e\u00edm s kolenem posledn\u00ed utk\u00e1n\u00ed vynechal. Definitivn\u011b mimo hru nad\u00e1le z\u016fst\u00e1v\u00e1 trojice Victor Anichebe, Louis Saha a Jack Rodwell. Velk\u00fd debut naopak mo\u017en\u00e1 \u010dek\u00e1 z\u00e1lo\u017en\u00edka Rosse Barkleyho, kter\u00fd se proti Newcastlu v\u016fbec poprv\u00e9 ve\u0161el do nominace.<\/p>\n<p><strong>Everton:\u00a0<\/strong>Howard, Mucha, Hibbert, Neville, Coleman, Baines, Distin, Jagielka, Heitinga, Pienaar, Arteta, Bilyaletdinov, Barkley, Fellaini, Gueye, Yakubu, Beckford, Osman, Cahill<\/p>\n<ul>\n<li><strong>Kdy:<\/strong>\u00a021.9\u00a0 20:45<\/li>\n<li><strong>Kde:<\/strong>\u00a0Griffin Park, Lond\u00fdn<\/li>\n<\/ul>\n","protected":false},"excerpt":{"rendered":"<p>Alespo\u0148 \u010d\u00e1ste\u010dn\u011b napravit svoje neomluviteln\u00e9 ligov\u00e9 v\u00fdkony bude moci Everton v Ligov\u00e9m poh\u00e1ru. Ve t\u0159et\u00edm kole \u010dek\u00e1 Toffees v\u00fdlet do&hellip;<\/p>\n","protected":false},"author":7,"featured_media":1314,"comment_status":"open","ping_status":"closed","sticky":false,"template":"","format":"standard","meta":{"_eb_attr":"","_monsterinsights_skip_tracking":false,"_monsterinsights_sitenote_active":false,"_monsterinsights_sitenote_note":"","_monsterinsights_sitenote_category":0,"footnotes":""},"categories":[4],"tags":[],"yoast_head":"<!-- This site is optimized with the Yoast SEO plugin v23.4 - https:\/\/yoast.com\/wordpress\/plugins\/seo\/ -->\n<title>Proti Brentfordu o dal\u0161\u00ed postup - Official Czech &amp; Slovak Everton Supporters&#039; Club<\/title>\n<meta name=\"robots\" content=\"index, follow, max-snippet:-1, max-image-preview:large, max-video-preview:-1\" \/>\n<link rel=\"canonical\" href=\"https:\/\/evertonfc.cz\/index.php\/2010\/09\/20\/proti-brentfordu-o-dalsi-postup\/\" \/>\n<meta property=\"og:locale\" content=\"cs_CZ\" \/>\n<meta property=\"og:type\" content=\"article\" \/>\n<meta property=\"og:title\" content=\"Proti Brentfordu o dal\u0161\u00ed postup - Official Czech &amp; Slovak Everton Supporters&#039; Club\" \/>\n<meta property=\"og:description\" content=\"Alespo\u0148 \u010d\u00e1ste\u010dn\u011b napravit svoje neomluviteln\u00e9 ligov\u00e9 v\u00fdkony bude moci Everton v Ligov\u00e9m poh\u00e1ru. Ve t\u0159et\u00edm kole \u010dek\u00e1 Toffees v\u00fdlet do&hellip;\" \/>\n<meta property=\"og:url\" content=\"https:\/\/evertonfc.cz\/index.php\/2010\/09\/20\/proti-brentfordu-o-dalsi-postup\/\" \/>\n<meta property=\"og:site_name\" content=\"Official Czech &amp; Slovak Everton Supporters&#039; Club\" \/>\n<meta property=\"article:publisher\" content=\"https:\/\/www.facebook.com\/everton.fans.cz.sk\" \/>\n<meta property=\"article:published_time\" content=\"2010-09-20T16:29:47+00:00\" \/>\n<meta property=\"article:modified_time\" content=\"2019-02-10T17:33:15+00:00\" \/>\n<meta property=\"og:image\" content=\"https:\/\/evertonfc.cz\/wp-content\/uploads\/2019\/01\/preview.jpg\" \/>\n\t<meta property=\"og:image:width\" content=\"720\" \/>\n\t<meta property=\"og:image:height\" content=\"405\" \/>\n\t<meta property=\"og:image:type\" content=\"image\/jpeg\" \/>\n<meta name=\"author\" content=\"Me\u0148a\" \/>\n<meta name=\"twitter:card\" content=\"summary_large_image\" \/>\n<meta name=\"twitter:label1\" content=\"Napsal(a)\" \/>\n\t<meta name=\"twitter:data1\" content=\"Me\u0148a\" \/>\n\t<meta name=\"twitter:label2\" content=\"Odhadovan\u00e1 doba \u010dten\u00ed\" \/>\n\t<meta name=\"twitter:data2\" content=\"6 minut\" \/>\n<script type=\"application\/ld+json\" class=\"yoast-schema-graph\">{\"@context\":\"https:\/\/schema.org\",\"@graph\":[{\"@type\":\"Article\",\"@id\":\"https:\/\/evertonfc.cz\/index.php\/2010\/09\/20\/proti-brentfordu-o-dalsi-postup\/#article\",\"isPartOf\":{\"@id\":\"https:\/\/evertonfc.cz\/index.php\/2010\/09\/20\/proti-brentfordu-o-dalsi-postup\/\"},\"author\":{\"name\":\"Me\u0148a\",\"@id\":\"https:\/\/evertonfc.cz\/#\/schema\/person\/cd6328a75577de2add7793fd4b0930c3\"},\"headline\":\"Proti Brentfordu o dal\u0161\u00ed postup\",\"datePublished\":\"2010-09-20T16:29:47+00:00\",\"dateModified\":\"2019-02-10T17:33:15+00:00\",\"mainEntityOfPage\":{\"@id\":\"https:\/\/evertonfc.cz\/index.php\/2010\/09\/20\/proti-brentfordu-o-dalsi-postup\/\"},\"wordCount\":1142,\"commentCount\":0,\"publisher\":{\"@id\":\"https:\/\/evertonfc.cz\/#organization\"},\"image\":{\"@id\":\"https:\/\/evertonfc.cz\/index.php\/2010\/09\/20\/proti-brentfordu-o-dalsi-postup\/#primaryimage\"},\"thumbnailUrl\":\"https:\/\/evertonfc.cz\/wp-content\/uploads\/2019\/01\/preview.jpg\",\"articleSection\":[\"Z\u00e1pasy\"],\"inLanguage\":\"cs\",\"potentialAction\":[{\"@type\":\"CommentAction\",\"name\":\"Comment\",\"target\":[\"https:\/\/evertonfc.cz\/index.php\/2010\/09\/20\/proti-brentfordu-o-dalsi-postup\/#respond\"]}]},{\"@type\":\"WebPage\",\"@id\":\"https:\/\/evertonfc.cz\/index.php\/2010\/09\/20\/proti-brentfordu-o-dalsi-postup\/\",\"url\":\"https:\/\/evertonfc.cz\/index.php\/2010\/09\/20\/proti-brentfordu-o-dalsi-postup\/\",\"name\":\"Proti Brentfordu o dal\u0161\u00ed postup - Official Czech &amp; Slovak Everton Supporters&#039; Club\",\"isPartOf\":{\"@id\":\"https:\/\/evertonfc.cz\/#website\"},\"primaryImageOfPage\":{\"@id\":\"https:\/\/evertonfc.cz\/index.php\/2010\/09\/20\/proti-brentfordu-o-dalsi-postup\/#primaryimage\"},\"image\":{\"@id\":\"https:\/\/evertonfc.cz\/index.php\/2010\/09\/20\/proti-brentfordu-o-dalsi-postup\/#primaryimage\"},\"thumbnailUrl\":\"https:\/\/evertonfc.cz\/wp-content\/uploads\/2019\/01\/preview.jpg\",\"datePublished\":\"2010-09-20T16:29:47+00:00\",\"dateModified\":\"2019-02-10T17:33:15+00:00\",\"breadcrumb\":{\"@id\":\"https:\/\/evertonfc.cz\/index.php\/2010\/09\/20\/proti-brentfordu-o-dalsi-postup\/#breadcrumb\"},\"inLanguage\":\"cs\",\"potentialAction\":[{\"@type\":\"ReadAction\",\"target\":[\"https:\/\/evertonfc.cz\/index.php\/2010\/09\/20\/proti-brentfordu-o-dalsi-postup\/\"]}]},{\"@type\":\"ImageObject\",\"inLanguage\":\"cs\",\"@id\":\"https:\/\/evertonfc.cz\/index.php\/2010\/09\/20\/proti-brentfordu-o-dalsi-postup\/#primaryimage\",\"url\":\"https:\/\/evertonfc.cz\/wp-content\/uploads\/2019\/01\/preview.jpg\",\"contentUrl\":\"https:\/\/evertonfc.cz\/wp-content\/uploads\/2019\/01\/preview.jpg\",\"width\":720,\"height\":405},{\"@type\":\"BreadcrumbList\",\"@id\":\"https:\/\/evertonfc.cz\/index.php\/2010\/09\/20\/proti-brentfordu-o-dalsi-postup\/#breadcrumb\",\"itemListElement\":[{\"@type\":\"ListItem\",\"position\":1,\"name\":\"Home\",\"item\":\"https:\/\/evertonfc.cz\/\"},{\"@type\":\"ListItem\",\"position\":2,\"name\":\"Proti Brentfordu o dal\u0161\u00ed postup\"}]},{\"@type\":\"WebSite\",\"@id\":\"https:\/\/evertonfc.cz\/#website\",\"url\":\"https:\/\/evertonfc.cz\/\",\"name\":\"Official Czech &amp; Slovak Everton Supporters&#039; Club\",\"description\":\"\",\"publisher\":{\"@id\":\"https:\/\/evertonfc.cz\/#organization\"},\"potentialAction\":[{\"@type\":\"SearchAction\",\"target\":{\"@type\":\"EntryPoint\",\"urlTemplate\":\"https:\/\/evertonfc.cz\/?s={search_term_string}\"},\"query-input\":{\"@type\":\"PropertyValueSpecification\",\"valueRequired\":true,\"valueName\":\"search_term_string\"}}],\"inLanguage\":\"cs\"},{\"@type\":\"Organization\",\"@id\":\"https:\/\/evertonfc.cz\/#organization\",\"name\":\"Official Czech & Slovak Everton Supporters' Club\",\"url\":\"https:\/\/evertonfc.cz\/\",\"logo\":{\"@type\":\"ImageObject\",\"inLanguage\":\"cs\",\"@id\":\"https:\/\/evertonfc.cz\/#\/schema\/logo\/image\/\",\"url\":\"https:\/\/evertonfc.cz\/wp-content\/uploads\/2019\/05\/logo.png\",\"contentUrl\":\"https:\/\/evertonfc.cz\/wp-content\/uploads\/2019\/05\/logo.png\",\"width\":112,\"height\":112,\"caption\":\"Official Czech & Slovak Everton Supporters' Club\"},\"image\":{\"@id\":\"https:\/\/evertonfc.cz\/#\/schema\/logo\/image\/\"},\"sameAs\":[\"https:\/\/www.facebook.com\/everton.fans.cz.sk\"]},{\"@type\":\"Person\",\"@id\":\"https:\/\/evertonfc.cz\/#\/schema\/person\/cd6328a75577de2add7793fd4b0930c3\",\"name\":\"Me\u0148a\",\"url\":\"https:\/\/evertonfc.cz\/index.php\/author\/mena\/\"}]}<\/script>\n<!-- \/ Yoast SEO plugin. -->","yoast_head_json":{"title":"Proti Brentfordu o dal\u0161\u00ed postup - Official Czech &amp; Slovak Everton Supporters&#039; Club","robots":{"index":"index","follow":"follow","max-snippet":"max-snippet:-1","max-image-preview":"max-image-preview:large","max-video-preview":"max-video-preview:-1"},"canonical":"https:\/\/evertonfc.cz\/index.php\/2010\/09\/20\/proti-brentfordu-o-dalsi-postup\/","og_locale":"cs_CZ","og_type":"article","og_title":"Proti Brentfordu o dal\u0161\u00ed postup - Official Czech &amp; Slovak Everton Supporters&#039; Club","og_description":"Alespo\u0148 \u010d\u00e1ste\u010dn\u011b napravit svoje neomluviteln\u00e9 ligov\u00e9 v\u00fdkony bude moci Everton v Ligov\u00e9m poh\u00e1ru. Ve t\u0159et\u00edm kole \u010dek\u00e1 Toffees v\u00fdlet do&hellip;","og_url":"https:\/\/evertonfc.cz\/index.php\/2010\/09\/20\/proti-brentfordu-o-dalsi-postup\/","og_site_name":"Official Czech &amp; Slovak Everton Supporters&#039; Club","article_publisher":"https:\/\/www.facebook.com\/everton.fans.cz.sk","article_published_time":"2010-09-20T16:29:47+00:00","article_modified_time":"2019-02-10T17:33:15+00:00","og_image":[{"width":720,"height":405,"url":"https:\/\/evertonfc.cz\/wp-content\/uploads\/2019\/01\/preview.jpg","type":"image\/jpeg"}],"author":"Me\u0148a","twitter_card":"summary_large_image","twitter_misc":{"Napsal(a)":"Me\u0148a","Odhadovan\u00e1 doba \u010dten\u00ed":"6 minut"},"schema":{"@context":"https:\/\/schema.org","@graph":[{"@type":"Article","@id":"https:\/\/evertonfc.cz\/index.php\/2010\/09\/20\/proti-brentfordu-o-dalsi-postup\/#article","isPartOf":{"@id":"https:\/\/evertonfc.cz\/index.php\/2010\/09\/20\/proti-brentfordu-o-dalsi-postup\/"},"author":{"name":"Me\u0148a","@id":"https:\/\/evertonfc.cz\/#\/schema\/person\/cd6328a75577de2add7793fd4b0930c3"},"headline":"Proti Brentfordu o dal\u0161\u00ed postup","datePublished":"2010-09-20T16:29:47+00:00","dateModified":"2019-02-10T17:33:15+00:00","mainEntityOfPage":{"@id":"https:\/\/evertonfc.cz\/index.php\/2010\/09\/20\/proti-brentfordu-o-dalsi-postup\/"},"wordCount":1142,"commentCount":0,"publisher":{"@id":"https:\/\/evertonfc.cz\/#organization"},"image":{"@id":"https:\/\/evertonfc.cz\/index.php\/2010\/09\/20\/proti-brentfordu-o-dalsi-postup\/#primaryimage"},"thumbnailUrl":"https:\/\/evertonfc.cz\/wp-content\/uploads\/2019\/01\/preview.jpg","articleSection":["Z\u00e1pasy"],"inLanguage":"cs","potentialAction":[{"@type":"CommentAction","name":"Comment","target":["https:\/\/evertonfc.cz\/index.php\/2010\/09\/20\/proti-brentfordu-o-dalsi-postup\/#respond"]}]},{"@type":"WebPage","@id":"https:\/\/evertonfc.cz\/index.php\/2010\/09\/20\/proti-brentfordu-o-dalsi-postup\/","url":"https:\/\/evertonfc.cz\/index.php\/2010\/09\/20\/proti-brentfordu-o-dalsi-postup\/","name":"Proti Brentfordu o dal\u0161\u00ed postup - Official Czech &amp; Slovak Everton Supporters&#039; Club","isPartOf":{"@id":"https:\/\/evertonfc.cz\/#website"},"primaryImageOfPage":{"@id":"https:\/\/evertonfc.cz\/index.php\/2010\/09\/20\/proti-brentfordu-o-dalsi-postup\/#primaryimage"},"image":{"@id":"https:\/\/evertonfc.cz\/index.php\/2010\/09\/20\/proti-brentfordu-o-dalsi-postup\/#primaryimage"},"thumbnailUrl":"https:\/\/evertonfc.cz\/wp-content\/uploads\/2019\/01\/preview.jpg","datePublished":"2010-09-20T16:29:47+00:00","dateModified":"2019-02-10T17:33:15+00:00","breadcrumb":{"@id":"https:\/\/evertonfc.cz\/index.php\/2010\/09\/20\/proti-brentfordu-o-dalsi-postup\/#breadcrumb"},"inLanguage":"cs","potentialAction":[{"@type":"ReadAction","target":["https:\/\/evertonfc.cz\/index.php\/2010\/09\/20\/proti-brentfordu-o-dalsi-postup\/"]}]},{"@type":"ImageObject","inLanguage":"cs","@id":"https:\/\/evertonfc.cz\/index.php\/2010\/09\/20\/proti-brentfordu-o-dalsi-postup\/#primaryimage","url":"https:\/\/evertonfc.cz\/wp-content\/uploads\/2019\/01\/preview.jpg","contentUrl":"https:\/\/evertonfc.cz\/wp-content\/uploads\/2019\/01\/preview.jpg","width":720,"height":405},{"@type":"BreadcrumbList","@id":"https:\/\/evertonfc.cz\/index.php\/2010\/09\/20\/proti-brentfordu-o-dalsi-postup\/#breadcrumb","itemListElement":[{"@type":"ListItem","position":1,"name":"Home","item":"https:\/\/evertonfc.cz\/"},{"@type":"ListItem","position":2,"name":"Proti Brentfordu o dal\u0161\u00ed postup"}]},{"@type":"WebSite","@id":"https:\/\/evertonfc.cz\/#website","url":"https:\/\/evertonfc.cz\/","name":"Official Czech &amp; Slovak Everton Supporters&#039; Club","description":"","publisher":{"@id":"https:\/\/evertonfc.cz\/#organization"},"potentialAction":[{"@type":"SearchAction","target":{"@type":"EntryPoint","urlTemplate":"https:\/\/evertonfc.cz\/?s={search_term_string}"},"query-input":{"@type":"PropertyValueSpecification","valueRequired":true,"valueName":"search_term_string"}}],"inLanguage":"cs"},{"@type":"Organization","@id":"https:\/\/evertonfc.cz\/#organization","name":"Official Czech & Slovak Everton Supporters' Club","url":"https:\/\/evertonfc.cz\/","logo":{"@type":"ImageObject","inLanguage":"cs","@id":"https:\/\/evertonfc.cz\/#\/schema\/logo\/image\/","url":"https:\/\/evertonfc.cz\/wp-content\/uploads\/2019\/05\/logo.png","contentUrl":"https:\/\/evertonfc.cz\/wp-content\/uploads\/2019\/05\/logo.png","width":112,"height":112,"caption":"Official Czech & Slovak Everton Supporters' Club"},"image":{"@id":"https:\/\/evertonfc.cz\/#\/schema\/logo\/image\/"},"sameAs":["https:\/\/www.facebook.com\/everton.fans.cz.sk"]},{"@type":"Person","@id":"https:\/\/evertonfc.cz\/#\/schema\/person\/cd6328a75577de2add7793fd4b0930c3","name":"Me\u0148a","url":"https:\/\/evertonfc.cz\/index.php\/author\/mena\/"}]}},"_links":{"self":[{"href":"https:\/\/evertonfc.cz\/index.php\/wp-json\/wp\/v2\/posts\/3070"}],"collection":[{"href":"https:\/\/evertonfc.cz\/index.php\/wp-json\/wp\/v2\/posts"}],"about":[{"href":"https:\/\/evertonfc.cz\/index.php\/wp-json\/wp\/v2\/types\/post"}],"author":[{"embeddable":true,"href":"https:\/\/evertonfc.cz\/index.php\/wp-json\/wp\/v2\/users\/7"}],"replies":[{"embeddable":true,"href":"https:\/\/evertonfc.cz\/index.php\/wp-json\/wp\/v2\/comments?post=3070"}],"version-history":[{"count":1,"href":"https:\/\/evertonfc.cz\/index.php\/wp-json\/wp\/v2\/posts\/3070\/revisions"}],"predecessor-version":[{"id":3073,"href":"https:\/\/evertonfc.cz\/index.php\/wp-json\/wp\/v2\/posts\/3070\/revisions\/3073"}],"wp:featuredmedia":[{"embeddable":true,"href":"https:\/\/evertonfc.cz\/index.php\/wp-json\/wp\/v2\/media\/1314"}],"wp:attachment":[{"href":"https:\/\/evertonfc.cz\/index.php\/wp-json\/wp\/v2\/media?parent=3070"}],"wp:term":[{"taxonomy":"category","embeddable":true,"href":"https:\/\/evertonfc.cz\/index.php\/wp-json\/wp\/v2\/categories?post=3070"},{"taxonomy":"post_tag","embeddable":true,"href":"https:\/\/evertonfc.cz\/index.php\/wp-json\/wp\/v2\/tags?post=3070"}],"curies":[{"name":"wp","href":"https:\/\/api.w.org\/{rel}","templated":true}]}}