{"id":3072,"date":"2017-07-10T18:31:52","date_gmt":"2017-07-10T16:31:52","guid":{"rendered":"http:\/\/evertonfc.cz\/?p=3072"},"modified":"2019-02-10T21:50:01","modified_gmt":"2019-02-10T20:50:01","slug":"lukaku-se-dockal-vysneneho-prestupu","status":"publish","type":"post","link":"https:\/\/evertonfc.cz\/index.php\/2017\/07\/10\/lukaku-se-dockal-vysneneho-prestupu\/","title":{"rendered":"Lukaku se do\u010dkal vysn\u011bn\u00e9ho p\u0159estupu"},"content":{"rendered":"<h4 id=\"NewsPostDetailSummary\">Romelu Lukaku je form\u00e1ln\u011b hr\u00e1\u010dem Manchesteru United, Everton i druh\u00e1 strana to dnes v podve\u010der potvrdily na sv\u00fdch webech.<\/h4>\n<div id=\"NewsPostDetailContent\">\n<p>Ofici\u00e1ln\u00ed \u010d\u00edsla p\u0159estupu zve\u0159ejn\u011bna nebyla, britsk\u00e1 m\u00e9dia se ale shoduj\u00ed na \u010d\u00e1stce 75 milion\u016f liber. Dal\u0161\u00edch 15 milion\u016f liber by m\u011bl Everton obdr\u017eet v z\u00e1vislosti na v\u00fdkonnostn\u00edch bonusech. Suma 90 milion\u016f liber by p\u0159edstavovala druhou nejvy\u0161\u0161\u00ed v historii fotbalu. Prim\u00e1t loni stanovil transfer Paula Pogby z Juventusu do Manchesteru United za\u00a089,3 milionu liber s p\u011btimilionov\u00fdm bonusem navrch.<\/p>\n<p>N\u011bkter\u00e9 zdroje rovn\u011b\u017e uv\u00e1d\u011bj\u00ed, \u017ee United v r\u00e1mci dohody uvolnili zdarma do Evertonu Wayna Rooneyho, jeho\u017e tr\u017en\u00ed hodnota \u010din\u00ed deset milion\u016f liber. V tom p\u0159\u00edpad\u011b by se naplnil stomilionov\u00fd po\u017eadavek Moshiriho a spol. ze za\u010d\u00e1tku l\u00e9ta.<\/p>\n<p><em>\u201e\u00davodem bych cht\u011bl pod\u011bkovat Evertonu a jeho fanou\u0161k\u016fm za \u00fa\u017easn\u00e9 \u010dty\u0159i roky. Z\u00edskal jsem n\u011bkolik cenn\u00fdch p\u0159\u00e1tel a za\u017eil mnoho \u00fa\u017easn\u00fdch chvil. Ov\u0161em, kdy\u017e se ozval Manchester United a Jos\u00e9 Mourinho, nemohl jsem odm\u00edtnout. Naskytla se mi \u017eivotn\u00ed p\u0159\u00edle\u017eitost,\u201c\u00a0<\/em>pravil \u010dty\u0159iadvacetilet\u00fd Belgi\u010dan, kter\u00fd na Old Trafford podepsal p\u011btiletou smlouvu.<\/p>\n<p>Lukaku prvn\u011b p\u0159i\u0161el na Goodison Park jako host z Chelsea a v debutuj\u00edc\u00ed sez\u00f3n\u011b 2013\/14 nast\u0159\u00edlel 16 branek. Po \u00fasp\u011b\u0161n\u00e9m roce souhlasili na Stamford Bridge s\u00a0rekordn\u00ed nab\u00eddkou Evertonu ve v\u00fd\u0161i 28 milion\u016f liber.<\/p>\n<p>V n\u00e1sleduj\u00edc\u00edch t\u0159ech sez\u00f3n\u00e1ch byl Big Rom poka\u017ed\u00e9 nejlep\u0161\u00edm st\u0159elcem klubu, p\u0159i\u010dem\u017e v v rozlu\u010dkov\u00e9m\u00a0ro\u010dn\u00edku se\u00a0bl\u00fdskl 25 ligov\u00fdmi g\u00f3ly. Celkov\u011b v dresu Blues zaznamenal 87 branek v 166 z\u00e1pasech a s\u00a068 brankami ur\u010dil rekord v d\u011bjin\u00e1ch Premier League.<\/p>\n<p>Lukaku sv\u016fj \u00famysl odej\u00edt za lep\u0161\u00edm otev\u0159en\u011b prezentoval v posledn\u00edch dvou letech, pov\u011bstn\u00e9 se staly zejm\u00e9na\u00a0rozhovory b\u011bhem reprezenta\u010dn\u00edch sraz\u016f. V b\u0159eznu se v m\u00e9di\u00edch objevila zpr\u00e1va, \u017ee nehodl\u00e1 podepsat nov\u00fd kontrakt. Po konci sez\u00f3ny zase informoval o touze hr\u00e1t na nejvy\u0161\u0161\u00ed \u00farovni. Za v\u0161echna tato prohl\u00e1\u0161en\u00ed skl\u00edzel od fanou\u0161k\u016f kritiku. Everton tak opou\u0161t\u00ed s vizitkou nejlep\u0161\u00edho \u00fato\u010dn\u00edka posledn\u00edch dvou dek\u00e1d, nicm\u00e9n\u011b s popularitou pr\u016fm\u011brn\u00e9ho hr\u00e1\u010de.<\/p>\n<\/div>\n","protected":false},"excerpt":{"rendered":"<p>Romelu Lukaku je form\u00e1ln\u011b hr\u00e1\u010dem Manchesteru United, Everton i druh\u00e1 strana to dnes v podve\u010der potvrdily na sv\u00fdch webech. Ofici\u00e1ln\u00ed&hellip;<\/p>\n","protected":false},"author":6,"featured_media":1316,"comment_status":"open","ping_status":"closed","sticky":false,"template":"","format":"standard","meta":{"_eb_attr":"","_monsterinsights_skip_tracking":false,"_monsterinsights_sitenote_active":false,"_monsterinsights_sitenote_note":"","_monsterinsights_sitenote_category":0,"footnotes":""},"categories":[41],"tags":[],"yoast_head":"<!-- This site is optimized with the Yoast SEO plugin v23.4 - https:\/\/yoast.com\/wordpress\/plugins\/seo\/ -->\n<title>Lukaku se do\u010dkal vysn\u011bn\u00e9ho p\u0159estupu - Official Czech &amp; Slovak Everton Supporters&#039; Club<\/title>\n<meta name=\"robots\" content=\"index, follow, max-snippet:-1, max-image-preview:large, max-video-preview:-1\" \/>\n<link rel=\"canonical\" href=\"https:\/\/evertonfc.cz\/index.php\/2017\/07\/10\/lukaku-se-dockal-vysneneho-prestupu\/\" \/>\n<meta property=\"og:locale\" content=\"cs_CZ\" \/>\n<meta property=\"og:type\" content=\"article\" \/>\n<meta property=\"og:title\" content=\"Lukaku se do\u010dkal vysn\u011bn\u00e9ho p\u0159estupu - Official Czech &amp; Slovak Everton Supporters&#039; Club\" \/>\n<meta property=\"og:description\" content=\"Romelu Lukaku je form\u00e1ln\u011b hr\u00e1\u010dem Manchesteru United, Everton i druh\u00e1 strana to dnes v podve\u010der potvrdily na sv\u00fdch webech. Ofici\u00e1ln\u00ed&hellip;\" \/>\n<meta property=\"og:url\" content=\"https:\/\/evertonfc.cz\/index.php\/2017\/07\/10\/lukaku-se-dockal-vysneneho-prestupu\/\" \/>\n<meta property=\"og:site_name\" content=\"Official Czech &amp; Slovak Everton Supporters&#039; Club\" \/>\n<meta property=\"article:publisher\" content=\"https:\/\/www.facebook.com\/everton.fans.cz.sk\" \/>\n<meta property=\"article:published_time\" content=\"2017-07-10T16:31:52+00:00\" \/>\n<meta property=\"article:modified_time\" content=\"2019-02-10T20:50:01+00:00\" \/>\n<meta property=\"og:image\" content=\"https:\/\/evertonfc.cz\/wp-content\/uploads\/2019\/01\/transfer.jpg\" \/>\n\t<meta property=\"og:image:width\" content=\"720\" \/>\n\t<meta property=\"og:image:height\" content=\"405\" \/>\n\t<meta property=\"og:image:type\" content=\"image\/jpeg\" \/>\n<meta name=\"author\" content=\"Ri\u010di\" \/>\n<meta name=\"twitter:card\" content=\"summary_large_image\" \/>\n<meta name=\"twitter:creator\" content=\"@rbrejsa\" \/>\n<meta name=\"twitter:label1\" content=\"Napsal(a)\" \/>\n\t<meta name=\"twitter:data1\" content=\"Ri\u010di\" \/>\n\t<meta name=\"twitter:label2\" content=\"Odhadovan\u00e1 doba \u010dten\u00ed\" \/>\n\t<meta name=\"twitter:data2\" content=\"2 minuty\" \/>\n<script type=\"application\/ld+json\" class=\"yoast-schema-graph\">{\"@context\":\"https:\/\/schema.org\",\"@graph\":[{\"@type\":\"Article\",\"@id\":\"https:\/\/evertonfc.cz\/index.php\/2017\/07\/10\/lukaku-se-dockal-vysneneho-prestupu\/#article\",\"isPartOf\":{\"@id\":\"https:\/\/evertonfc.cz\/index.php\/2017\/07\/10\/lukaku-se-dockal-vysneneho-prestupu\/\"},\"author\":{\"name\":\"Ri\u010di\",\"@id\":\"https:\/\/evertonfc.cz\/#\/schema\/person\/f7a5daedb2ffee98480bc70e191aaef1\"},\"headline\":\"Lukaku se do\u010dkal vysn\u011bn\u00e9ho p\u0159estupu\",\"datePublished\":\"2017-07-10T16:31:52+00:00\",\"dateModified\":\"2019-02-10T20:50:01+00:00\",\"mainEntityOfPage\":{\"@id\":\"https:\/\/evertonfc.cz\/index.php\/2017\/07\/10\/lukaku-se-dockal-vysneneho-prestupu\/\"},\"wordCount\":409,\"commentCount\":0,\"publisher\":{\"@id\":\"https:\/\/evertonfc.cz\/#organization\"},\"image\":{\"@id\":\"https:\/\/evertonfc.cz\/index.php\/2017\/07\/10\/lukaku-se-dockal-vysneneho-prestupu\/#primaryimage\"},\"thumbnailUrl\":\"https:\/\/evertonfc.cz\/wp-content\/uploads\/2019\/01\/transfer.jpg\",\"articleSection\":[\"P\u0159estupy\"],\"inLanguage\":\"cs\",\"potentialAction\":[{\"@type\":\"CommentAction\",\"name\":\"Comment\",\"target\":[\"https:\/\/evertonfc.cz\/index.php\/2017\/07\/10\/lukaku-se-dockal-vysneneho-prestupu\/#respond\"]}]},{\"@type\":\"WebPage\",\"@id\":\"https:\/\/evertonfc.cz\/index.php\/2017\/07\/10\/lukaku-se-dockal-vysneneho-prestupu\/\",\"url\":\"https:\/\/evertonfc.cz\/index.php\/2017\/07\/10\/lukaku-se-dockal-vysneneho-prestupu\/\",\"name\":\"Lukaku se do\u010dkal vysn\u011bn\u00e9ho p\u0159estupu - Official Czech &amp; Slovak Everton Supporters&#039; Club\",\"isPartOf\":{\"@id\":\"https:\/\/evertonfc.cz\/#website\"},\"primaryImageOfPage\":{\"@id\":\"https:\/\/evertonfc.cz\/index.php\/2017\/07\/10\/lukaku-se-dockal-vysneneho-prestupu\/#primaryimage\"},\"image\":{\"@id\":\"https:\/\/evertonfc.cz\/index.php\/2017\/07\/10\/lukaku-se-dockal-vysneneho-prestupu\/#primaryimage\"},\"thumbnailUrl\":\"https:\/\/evertonfc.cz\/wp-content\/uploads\/2019\/01\/transfer.jpg\",\"datePublished\":\"2017-07-10T16:31:52+00:00\",\"dateModified\":\"2019-02-10T20:50:01+00:00\",\"breadcrumb\":{\"@id\":\"https:\/\/evertonfc.cz\/index.php\/2017\/07\/10\/lukaku-se-dockal-vysneneho-prestupu\/#breadcrumb\"},\"inLanguage\":\"cs\",\"potentialAction\":[{\"@type\":\"ReadAction\",\"target\":[\"https:\/\/evertonfc.cz\/index.php\/2017\/07\/10\/lukaku-se-dockal-vysneneho-prestupu\/\"]}]},{\"@type\":\"ImageObject\",\"inLanguage\":\"cs\",\"@id\":\"https:\/\/evertonfc.cz\/index.php\/2017\/07\/10\/lukaku-se-dockal-vysneneho-prestupu\/#primaryimage\",\"url\":\"https:\/\/evertonfc.cz\/wp-content\/uploads\/2019\/01\/transfer.jpg\",\"contentUrl\":\"https:\/\/evertonfc.cz\/wp-content\/uploads\/2019\/01\/transfer.jpg\",\"width\":720,\"height\":405},{\"@type\":\"BreadcrumbList\",\"@id\":\"https:\/\/evertonfc.cz\/index.php\/2017\/07\/10\/lukaku-se-dockal-vysneneho-prestupu\/#breadcrumb\",\"itemListElement\":[{\"@type\":\"ListItem\",\"position\":1,\"name\":\"Home\",\"item\":\"https:\/\/evertonfc.cz\/\"},{\"@type\":\"ListItem\",\"position\":2,\"name\":\"Lukaku se do\u010dkal vysn\u011bn\u00e9ho p\u0159estupu\"}]},{\"@type\":\"WebSite\",\"@id\":\"https:\/\/evertonfc.cz\/#website\",\"url\":\"https:\/\/evertonfc.cz\/\",\"name\":\"Official Czech &amp; Slovak Everton Supporters&#039; Club\",\"description\":\"\",\"publisher\":{\"@id\":\"https:\/\/evertonfc.cz\/#organization\"},\"potentialAction\":[{\"@type\":\"SearchAction\",\"target\":{\"@type\":\"EntryPoint\",\"urlTemplate\":\"https:\/\/evertonfc.cz\/?s={search_term_string}\"},\"query-input\":{\"@type\":\"PropertyValueSpecification\",\"valueRequired\":true,\"valueName\":\"search_term_string\"}}],\"inLanguage\":\"cs\"},{\"@type\":\"Organization\",\"@id\":\"https:\/\/evertonfc.cz\/#organization\",\"name\":\"Official Czech & Slovak Everton Supporters' Club\",\"url\":\"https:\/\/evertonfc.cz\/\",\"logo\":{\"@type\":\"ImageObject\",\"inLanguage\":\"cs\",\"@id\":\"https:\/\/evertonfc.cz\/#\/schema\/logo\/image\/\",\"url\":\"https:\/\/evertonfc.cz\/wp-content\/uploads\/2019\/05\/logo.png\",\"contentUrl\":\"https:\/\/evertonfc.cz\/wp-content\/uploads\/2019\/05\/logo.png\",\"width\":112,\"height\":112,\"caption\":\"Official Czech & Slovak Everton Supporters' Club\"},\"image\":{\"@id\":\"https:\/\/evertonfc.cz\/#\/schema\/logo\/image\/\"},\"sameAs\":[\"https:\/\/www.facebook.com\/everton.fans.cz.sk\"]},{\"@type\":\"Person\",\"@id\":\"https:\/\/evertonfc.cz\/#\/schema\/person\/f7a5daedb2ffee98480bc70e191aaef1\",\"name\":\"Ri\u010di\",\"sameAs\":[\"https:\/\/x.com\/rbrejsa\"],\"url\":\"https:\/\/evertonfc.cz\/index.php\/author\/rici\/\"}]}<\/script>\n<!-- \/ Yoast SEO plugin. -->","yoast_head_json":{"title":"Lukaku se do\u010dkal vysn\u011bn\u00e9ho p\u0159estupu - Official Czech &amp; Slovak Everton Supporters&#039; Club","robots":{"index":"index","follow":"follow","max-snippet":"max-snippet:-1","max-image-preview":"max-image-preview:large","max-video-preview":"max-video-preview:-1"},"canonical":"https:\/\/evertonfc.cz\/index.php\/2017\/07\/10\/lukaku-se-dockal-vysneneho-prestupu\/","og_locale":"cs_CZ","og_type":"article","og_title":"Lukaku se do\u010dkal vysn\u011bn\u00e9ho p\u0159estupu - Official Czech &amp; Slovak Everton Supporters&#039; Club","og_description":"Romelu Lukaku je form\u00e1ln\u011b hr\u00e1\u010dem Manchesteru United, Everton i druh\u00e1 strana to dnes v podve\u010der potvrdily na sv\u00fdch webech. Ofici\u00e1ln\u00ed&hellip;","og_url":"https:\/\/evertonfc.cz\/index.php\/2017\/07\/10\/lukaku-se-dockal-vysneneho-prestupu\/","og_site_name":"Official Czech &amp; Slovak Everton Supporters&#039; Club","article_publisher":"https:\/\/www.facebook.com\/everton.fans.cz.sk","article_published_time":"2017-07-10T16:31:52+00:00","article_modified_time":"2019-02-10T20:50:01+00:00","og_image":[{"width":720,"height":405,"url":"https:\/\/evertonfc.cz\/wp-content\/uploads\/2019\/01\/transfer.jpg","type":"image\/jpeg"}],"author":"Ri\u010di","twitter_card":"summary_large_image","twitter_creator":"@rbrejsa","twitter_misc":{"Napsal(a)":"Ri\u010di","Odhadovan\u00e1 doba \u010dten\u00ed":"2 minuty"},"schema":{"@context":"https:\/\/schema.org","@graph":[{"@type":"Article","@id":"https:\/\/evertonfc.cz\/index.php\/2017\/07\/10\/lukaku-se-dockal-vysneneho-prestupu\/#article","isPartOf":{"@id":"https:\/\/evertonfc.cz\/index.php\/2017\/07\/10\/lukaku-se-dockal-vysneneho-prestupu\/"},"author":{"name":"Ri\u010di","@id":"https:\/\/evertonfc.cz\/#\/schema\/person\/f7a5daedb2ffee98480bc70e191aaef1"},"headline":"Lukaku se do\u010dkal vysn\u011bn\u00e9ho p\u0159estupu","datePublished":"2017-07-10T16:31:52+00:00","dateModified":"2019-02-10T20:50:01+00:00","mainEntityOfPage":{"@id":"https:\/\/evertonfc.cz\/index.php\/2017\/07\/10\/lukaku-se-dockal-vysneneho-prestupu\/"},"wordCount":409,"commentCount":0,"publisher":{"@id":"https:\/\/evertonfc.cz\/#organization"},"image":{"@id":"https:\/\/evertonfc.cz\/index.php\/2017\/07\/10\/lukaku-se-dockal-vysneneho-prestupu\/#primaryimage"},"thumbnailUrl":"https:\/\/evertonfc.cz\/wp-content\/uploads\/2019\/01\/transfer.jpg","articleSection":["P\u0159estupy"],"inLanguage":"cs","potentialAction":[{"@type":"CommentAction","name":"Comment","target":["https:\/\/evertonfc.cz\/index.php\/2017\/07\/10\/lukaku-se-dockal-vysneneho-prestupu\/#respond"]}]},{"@type":"WebPage","@id":"https:\/\/evertonfc.cz\/index.php\/2017\/07\/10\/lukaku-se-dockal-vysneneho-prestupu\/","url":"https:\/\/evertonfc.cz\/index.php\/2017\/07\/10\/lukaku-se-dockal-vysneneho-prestupu\/","name":"Lukaku se do\u010dkal vysn\u011bn\u00e9ho p\u0159estupu - Official Czech &amp; Slovak Everton Supporters&#039; Club","isPartOf":{"@id":"https:\/\/evertonfc.cz\/#website"},"primaryImageOfPage":{"@id":"https:\/\/evertonfc.cz\/index.php\/2017\/07\/10\/lukaku-se-dockal-vysneneho-prestupu\/#primaryimage"},"image":{"@id":"https:\/\/evertonfc.cz\/index.php\/2017\/07\/10\/lukaku-se-dockal-vysneneho-prestupu\/#primaryimage"},"thumbnailUrl":"https:\/\/evertonfc.cz\/wp-content\/uploads\/2019\/01\/transfer.jpg","datePublished":"2017-07-10T16:31:52+00:00","dateModified":"2019-02-10T20:50:01+00:00","breadcrumb":{"@id":"https:\/\/evertonfc.cz\/index.php\/2017\/07\/10\/lukaku-se-dockal-vysneneho-prestupu\/#breadcrumb"},"inLanguage":"cs","potentialAction":[{"@type":"ReadAction","target":["https:\/\/evertonfc.cz\/index.php\/2017\/07\/10\/lukaku-se-dockal-vysneneho-prestupu\/"]}]},{"@type":"ImageObject","inLanguage":"cs","@id":"https:\/\/evertonfc.cz\/index.php\/2017\/07\/10\/lukaku-se-dockal-vysneneho-prestupu\/#primaryimage","url":"https:\/\/evertonfc.cz\/wp-content\/uploads\/2019\/01\/transfer.jpg","contentUrl":"https:\/\/evertonfc.cz\/wp-content\/uploads\/2019\/01\/transfer.jpg","width":720,"height":405},{"@type":"BreadcrumbList","@id":"https:\/\/evertonfc.cz\/index.php\/2017\/07\/10\/lukaku-se-dockal-vysneneho-prestupu\/#breadcrumb","itemListElement":[{"@type":"ListItem","position":1,"name":"Home","item":"https:\/\/evertonfc.cz\/"},{"@type":"ListItem","position":2,"name":"Lukaku se do\u010dkal vysn\u011bn\u00e9ho p\u0159estupu"}]},{"@type":"WebSite","@id":"https:\/\/evertonfc.cz\/#website","url":"https:\/\/evertonfc.cz\/","name":"Official Czech &amp; Slovak Everton Supporters&#039; Club","description":"","publisher":{"@id":"https:\/\/evertonfc.cz\/#organization"},"potentialAction":[{"@type":"SearchAction","target":{"@type":"EntryPoint","urlTemplate":"https:\/\/evertonfc.cz\/?s={search_term_string}"},"query-input":{"@type":"PropertyValueSpecification","valueRequired":true,"valueName":"search_term_string"}}],"inLanguage":"cs"},{"@type":"Organization","@id":"https:\/\/evertonfc.cz\/#organization","name":"Official Czech & Slovak Everton Supporters' Club","url":"https:\/\/evertonfc.cz\/","logo":{"@type":"ImageObject","inLanguage":"cs","@id":"https:\/\/evertonfc.cz\/#\/schema\/logo\/image\/","url":"https:\/\/evertonfc.cz\/wp-content\/uploads\/2019\/05\/logo.png","contentUrl":"https:\/\/evertonfc.cz\/wp-content\/uploads\/2019\/05\/logo.png","width":112,"height":112,"caption":"Official Czech & Slovak Everton Supporters' Club"},"image":{"@id":"https:\/\/evertonfc.cz\/#\/schema\/logo\/image\/"},"sameAs":["https:\/\/www.facebook.com\/everton.fans.cz.sk"]},{"@type":"Person","@id":"https:\/\/evertonfc.cz\/#\/schema\/person\/f7a5daedb2ffee98480bc70e191aaef1","name":"Ri\u010di","sameAs":["https:\/\/x.com\/rbrejsa"],"url":"https:\/\/evertonfc.cz\/index.php\/author\/rici\/"}]}},"_links":{"self":[{"href":"https:\/\/evertonfc.cz\/index.php\/wp-json\/wp\/v2\/posts\/3072"}],"collection":[{"href":"https:\/\/evertonfc.cz\/index.php\/wp-json\/wp\/v2\/posts"}],"about":[{"href":"https:\/\/evertonfc.cz\/index.php\/wp-json\/wp\/v2\/types\/post"}],"author":[{"embeddable":true,"href":"https:\/\/evertonfc.cz\/index.php\/wp-json\/wp\/v2\/users\/6"}],"replies":[{"embeddable":true,"href":"https:\/\/evertonfc.cz\/index.php\/wp-json\/wp\/v2\/comments?post=3072"}],"version-history":[{"count":2,"href":"https:\/\/evertonfc.cz\/index.php\/wp-json\/wp\/v2\/posts\/3072\/revisions"}],"predecessor-version":[{"id":3295,"href":"https:\/\/evertonfc.cz\/index.php\/wp-json\/wp\/v2\/posts\/3072\/revisions\/3295"}],"wp:featuredmedia":[{"embeddable":true,"href":"https:\/\/evertonfc.cz\/index.php\/wp-json\/wp\/v2\/media\/1316"}],"wp:attachment":[{"href":"https:\/\/evertonfc.cz\/index.php\/wp-json\/wp\/v2\/media?parent=3072"}],"wp:term":[{"taxonomy":"category","embeddable":true,"href":"https:\/\/evertonfc.cz\/index.php\/wp-json\/wp\/v2\/categories?post=3072"},{"taxonomy":"post_tag","embeddable":true,"href":"https:\/\/evertonfc.cz\/index.php\/wp-json\/wp\/v2\/tags?post=3072"}],"curies":[{"name":"wp","href":"https:\/\/api.w.org\/{rel}","templated":true}]}}