{"id":3076,"date":"2017-07-09T18:34:36","date_gmt":"2017-07-09T16:34:36","guid":{"rendered":"http:\/\/evertonfc.cz\/?p=3076"},"modified":"2021-02-24T14:56:12","modified_gmt":"2021-02-24T13:56:12","slug":"pamatate-si-meno-je-spat","status":"publish","type":"post","link":"https:\/\/evertonfc.cz\/index.php\/2017\/07\/09\/pamatate-si-meno-je-spat\/","title":{"rendered":"Pam\u00e4t\u00e1te si meno? Je sp\u00e4\u0165&#8230;"},"content":{"rendered":"<h4 id=\"NewsPostDetailSummary\">Po 13 rokov a 253 g\u00f3loch v inom drese. Najlep\u0161\u00ed strelec anglick\u00e9ho n\u00e1rodn\u00e9ho v\u00fdberu sa vracia do Evertonu. Klubu, ktor\u00fd mu otvoril dvere do sveta, v ktorom sa stal bohom&#8230;<\/h4>\n<div id=\"NewsPostDetailContent\">\n<p>Dvom rokom \u0161pekul\u00e1ci\u00ed je koniec. Prestup Waynea Marka Rooneyho sp\u00e4\u0165 do Evertonu je spe\u010daten\u00fd. Ak\u00e9 pocity prevl\u00e1daj\u00fa? Sklamanie, splnen\u00fd sen, \u010di znovuotvorenie u\u017e \u010dasom zacelen\u00fdch r\u00e1n po jeho drvivom odchode? Kontroverzie v\u0161ak teraz bokom. Cel\u00fd ten cirkus okolo mo\u017en\u00e9ho n\u00e1vratu straten\u00e9ho syna sa za\u010dal pribli\u017ene pred dvomi rokmi, pri oslavnom z\u00e1pase Duncana Fergusona.<\/p>\n<p>Tam si Wazza po \u201edlhom\u201c \u010dase znovu obliekol modr\u00fd dres, ktor\u00fd mu mimochodom omnoho viac sved\u010d\u00ed a dostalo sa mu celkom pozit\u00edvneho ohlasu od fan\u00fa\u0161ikov z trib\u00fan Starej D\u00e1my. \u010co si budeme hovori\u0165, nostalgia. O rok sa testimonial zopakoval, tentoraz v\u0161ak jeho vlastn\u00fd a na Old Trafford. S\u00faper? Predsa Everton.<\/p>\n<p>Wayne sa o svojom n\u00e1vrate nikdy striktne nevyjadril, v\u00e4\u010d\u0161inou to boli diplomatick\u00e9 vyjadrenia o bud\u00facnosti. Kari\u00e9ra je v\u0161ak vrtkav\u00e1 vec. V posledn\u00fdch rokoch za\u010dal herne upada\u0165 a prejavilo sa to aj na jeho minut\u00e1\u017ei. A ak sa mu m\u00e1 dosta\u0165 aspo\u0148 \u0161ance na bud\u00facoro\u010dn\u00fd \u0161ampion\u00e1t, musel sa poobhliadnu\u0165 po in\u00fdch mo\u017enostiach. A Koeman, na svojich tla\u010dov\u00fdch konferenci\u00e1ch, mu len nahr\u00e1val svojim vyjadreniami. Spo\u010diatku to vyzeralo na nez\u00e1ujem ako Evertonu, tak Rooneyho, no ako sa ukazuje, ur\u010dit\u00fa rolu v tom m\u00f4\u017ee zohr\u00e1va\u0165 aj prepieran\u00fd prestup Romela Lukaka. O tom v\u0161ak inde&#8230;<\/p>\n<p>Ako sa teda dohodli? Everton prestupov\u00fa \u010diastku nezverejnil, no s najv\u00e4\u010d\u0161ou pravdepodobnos\u0165ou n\u00e1m ju v Manchesteri radi odpustili, a to v pribli\u017enej hodnote Rooneyho 2 ro\u010dn\u00e9ho kontraktu (1+1 opcia) &#8211; okolo \u00a310m, len aby si vy\u0161krtli najv\u00e4\u010d\u0161iu polo\u017eku na v\u00fdplatnej listine klubu.<\/p>\n<p>V najlep\u0161\u00edch rokoch \u00fato\u010dn\u00edk, podp\u00edsal 2 ro\u010dn\u00fd kontrakt s odhadovan\u00fdm platom v rozmedz\u00ed 115 a\u017e 150 tis\u00edc libier. To m\u00f4\u017ee predstavova\u0165 asi polovicu jeho p\u00f4vodn\u00e9ho a tak je zrejm\u00e9, \u017ee ochota vr\u00e1ti\u0165 sa, bola v\u00e4\u010d\u0161ia ne\u017e ponuky napr. z \u010c\u00edny. Hl\u00e1senie sa do slu\u017eby? Pondelok, pred utorkov\u00fdm odletom do Tanz\u00e1nie. Toho sa Wayne zrejme z\u00fa\u010dastn\u00ed, tak\u017ee nov\u00e9 \u010d\u00edslo 10 v kr\u00e1\u013eovskej modrej, bude m\u00f4c\u0165 ma\u0165 premi\u00e9ru na africkom kontinente. Fan\u00fa\u0161ikov treba pote\u0161i\u0165. \u010co hovor\u00ed s\u00e1m Wayne?<\/p>\n<p><em><strong>\u201e<\/strong>Je to skvel\u00fd pocit, by\u0165 nasp\u00e4\u0165. Som vzru\u0161en\u00fd, neviem sa do\u010dka\u0165 stretnutia s chalanmi, zatr\u00e9nova\u0165 a potom vybehn\u00fa\u0165 na ihrisko hra\u0165. Som unesen\u00fd\u2026 proste neviem vydr\u017ea\u0165, kedy budem znovu hra\u0165. A ako som povedal pred p\u00e1r rokmi, s\u00fa len dva kluby za ktor\u00e9 by som hral, Manchester United a Everton. A ak by som opustil United, nehral by som za \u017eiadny in\u00fd klub v Premier League. Hovoril som pravdu a myslel som to v\u00e1\u017ene.<\/em><\/p>\n<p><em>Nechcel som hra\u0165 za in\u00fd t\u00edm v Anglicku okrem Evertonu. Cez leto som teda rie\u0161il, kam zamierim. Akon\u00e1hle som vedel, \u017ee sa zauj\u00edmaj\u00fa a chc\u00fa ma podp\u00edsa\u0165, dal som m\u00f4jmu agentovi vedie\u0165 \u2013 Cho\u010f a porozpr\u00e1vaj sa s nimi. Zisti \u010di sa to d\u00e1 \u010do najsk\u00f4r. Zaria\u010f to. Chcem tam \u00eds\u0165.<\/em><\/p>\n<p><em>Ronald Koeman bol ve\u013emi vplyvn\u00fd pri mojom pr\u00edchode. Ke\u010f bolo jasn\u00e9, \u017ee toto leto Manchester opust\u00edm, Ronald sa p\u00e1r kr\u00e1t vyjadril, ako ve\u013emi by ma v klube chcel a to malo na m\u0148a ve\u013ek\u00fd dopad. Boli tam aj in\u00e9 mo\u017enosti, ale u\u017e ke\u010f som vedel, \u017ee Everton chce aby som sa vr\u00e1til, bola to pre m\u0148a jedin\u00e1 mo\u017enos\u0165. Bill v tom hral takisto ve\u013ek\u00fa rolu, ale ten d\u00f4le\u017eit\u00fd bol Ronald Koeman. On vyber\u00e1 t\u00edm, pod\u013ea neho sa na ihrisku hr\u00e1.<\/em><\/p>\n<p><em>Samozrejme, v z\u00e1kulis\u00ed sa muselo ve\u013ea vec\u00ed udia\u0165, no pre m\u0148a bolo v prvom rade d\u00f4le\u017eit\u00e9 sa porozpr\u00e1va\u0165 pr\u00e1ve s Koemanom. Ako som aj jemu povedal, videl som to v jeho o\u010diach. Chcel ma do svojho t\u00edmu, tak\u017ee nebolo o \u010dom rozm\u00fd\u0161la\u0165. Jedin\u00e9 miesto, kam by som i\u0161iel.<\/em><\/p>\n<p><em>Som nad\u0161en\u00fd posilami, ktor\u00e9 klub priviedol. Pos\u00fava sa vpred a mal by vyhr\u00e1va\u0165 trofeje. A my rob\u00edme m\u00ed\u013eov\u00e9 kroky, aby sme sa zapojili a pok\u00fasili o to. S nov\u00fdm \u0161tadi\u00f3nom v pl\u00e1ne, je to vzru\u0161uj\u00face obdobie by\u0165 \u010di u\u017e hr\u00e1\u010dom, alebo fan\u00fa\u0161ikom Evertonu. Na n\u00e1s, na hr\u00e1\u010doch je odovzda\u0165 im dobr\u00e9 v\u00fdkony, pom\u00f4c\u0165 by\u0165 \u00faspe\u0161n\u00fd a prinies\u0165 trofeje. Spravi\u0165 t\u00fdm tieto \u010dasy e\u0161te o nie\u010do vzru\u0161uj\u00facej\u0161ie, ne\u017e s\u00fa.<\/em><\/p>\n<p><em>M\u00e1me potenci\u00e1l na to, aby sa n\u00e1m darilo v lige a tie\u017e budeme hra\u0165 poh\u00e1rov\u00e9 s\u00fa\u0165a\u017ee. A to rozhodne sme schopn\u00fd vyhra\u0165 aspo\u0148 jeden z nich. Ale mus\u00edme \u00eds\u0165 krok po kroku. \u0160tart do sez\u00f3ny m\u00e1me \u0165a\u017ek\u00fd, tak\u017ee sa mus\u00edme uisti\u0165, \u017ee absolvujeme dobr\u00fa pr\u00edpravu. Iba tak sez\u00f3nu zah\u00e1jime, ako by sme si \u017eelali.<\/em><\/p>\n<p><em>Prv\u00fd z\u00e1pas bude s istotou doj\u00edmav\u00fd pre m\u0148a a te\u0161\u00edm sa na\u0148. Ale ke\u010f u\u017e budem na ihrisku, budem sa musie\u0165 s\u00fastredi\u0165 na hru. Nepri\u0161iel som sem len preto, \u017ee som v Evertone vyr\u00e1stol, \u017ee ho podporujem. Pri\u0161iel som, preto\u017ee c\u00edtim, \u017ee sa ako klub vie posun\u00fa\u0165 dopredu a by\u0165 \u00faspe\u0161n\u00fd. A chcem by\u0165 toho s\u00fa\u010das\u0165ou. Bude na m\u0148a vyv\u00edjan\u00fd tlak, av\u0161ak na to som pripraven\u00fd. Ver\u00edm, \u017ee dok\u00e1\u017eem prinies\u0165 \u00faspech na ihrisko.<\/em><\/p>\n<p><em>Goodison bol v\u017edy \u0161peci\u00e1lne miesto, i ke\u010f som tam pri\u0161iel ako s\u00faper. Ke\u010f vych\u00e1dzate z tunela, v\u017edy sa v\u00e1m dost\u00e1va TOHO pocitu, tak\u017ee za\u017e\u00edva\u0165 to znova v modrom drese bude v\u00fdnimo\u010dn\u00e9. Ma\u0165 ho na sebe po trin\u00e1stich rokoch je skvel\u00fd pocit. Rovnako nev\u0161edn\u00fd ako predt\u00fdm. U\u017e sa te\u0161\u00edm, a\u017e si v \u0148om zahr\u00e1m. A aby som bol \u00faprimn\u00fd, po t\u00fdch trin\u00e1s\u0165 rokov som to dr\u017eal v tajnosti, doma s mojimi de\u0165mi nos\u00edm Everton py\u017eamo. Musel som by\u0165 \u00a0o tom ticho&#8230;<\/em><\/p>\n<p><em>Moje deti s\u00fa nad\u0161en\u00e9 z m\u00f4jho n\u00e1vratu. Najm\u00e4 m\u00f4j najstar\u0161\u00ed syn je do futbalu a je Evertonian. Bol naj\u0161\u0165astnej\u0161\u00ed spolu s moj\u00edm otcom, ktor\u00fd je obrovsk\u00fd fan\u00fa\u0161ik tie\u017e. Chodil sa pozera\u0165 trin\u00e1s\u0165 rokov do Manchesteru a teraz bude jazdi\u0165 p\u00e4\u0165 min\u00fat autom aby ma videl, tak\u017ee mysl\u00edm \u017ee ho to naozaj pote\u0161ilo.<strong>\u201c<\/strong><\/em><\/p>\n<\/div>\n","protected":false},"excerpt":{"rendered":"<p>Po 13 rokov a 253 g\u00f3loch v inom drese. Najlep\u0161\u00ed strelec anglick\u00e9ho n\u00e1rodn\u00e9ho v\u00fdberu sa vracia do Evertonu. Klubu, ktor\u00fd mu otvoril dvere do sveta, v ktorom sa stal bohom&#8230;<\/p>\n","protected":false},"author":1,"featured_media":1316,"comment_status":"open","ping_status":"closed","sticky":false,"template":"","format":"standard","meta":{"_eb_attr":"","_monsterinsights_skip_tracking":false,"_monsterinsights_sitenote_active":false,"_monsterinsights_sitenote_note":"","_monsterinsights_sitenote_category":0,"footnotes":""},"categories":[41],"tags":[],"yoast_head":"<!-- This site is optimized with the Yoast SEO plugin v23.4 - https:\/\/yoast.com\/wordpress\/plugins\/seo\/ -->\n<title>Pam\u00e4t\u00e1te si meno? Je sp\u00e4\u0165... - Official Czech &amp; Slovak Everton Supporters&#039; Club<\/title>\n<meta name=\"robots\" content=\"index, follow, max-snippet:-1, max-image-preview:large, max-video-preview:-1\" \/>\n<link rel=\"canonical\" href=\"https:\/\/evertonfc.cz\/index.php\/2017\/07\/09\/pamatate-si-meno-je-spat\/\" \/>\n<meta property=\"og:locale\" content=\"cs_CZ\" \/>\n<meta property=\"og:type\" content=\"article\" \/>\n<meta property=\"og:title\" content=\"Pam\u00e4t\u00e1te si meno? Je sp\u00e4\u0165... - Official Czech &amp; Slovak Everton Supporters&#039; Club\" \/>\n<meta property=\"og:description\" content=\"Po 13 rokov a 253 g\u00f3loch v inom drese. Najlep\u0161\u00ed strelec anglick\u00e9ho n\u00e1rodn\u00e9ho v\u00fdberu sa vracia do Evertonu. Klubu, ktor\u00fd mu otvoril dvere do sveta, v ktorom sa stal bohom...\" \/>\n<meta property=\"og:url\" content=\"https:\/\/evertonfc.cz\/index.php\/2017\/07\/09\/pamatate-si-meno-je-spat\/\" \/>\n<meta property=\"og:site_name\" content=\"Official Czech &amp; Slovak Everton Supporters&#039; Club\" \/>\n<meta property=\"article:publisher\" content=\"https:\/\/www.facebook.com\/everton.fans.cz.sk\" \/>\n<meta property=\"article:published_time\" content=\"2017-07-09T16:34:36+00:00\" \/>\n<meta property=\"article:modified_time\" content=\"2021-02-24T13:56:12+00:00\" \/>\n<meta property=\"og:image\" content=\"https:\/\/evertonfc.cz\/wp-content\/uploads\/2019\/01\/transfer.jpg\" \/>\n\t<meta property=\"og:image:width\" content=\"720\" \/>\n\t<meta property=\"og:image:height\" content=\"405\" \/>\n\t<meta property=\"og:image:type\" content=\"image\/jpeg\" \/>\n<meta name=\"author\" content=\"BlueBlooded\" \/>\n<meta name=\"twitter:card\" content=\"summary_large_image\" \/>\n<meta name=\"twitter:label1\" content=\"Napsal(a)\" \/>\n\t<meta name=\"twitter:data1\" content=\"BlueBlooded\" \/>\n\t<meta name=\"twitter:label2\" content=\"Odhadovan\u00e1 doba \u010dten\u00ed\" \/>\n\t<meta name=\"twitter:data2\" content=\"5 minut\" \/>\n<script type=\"application\/ld+json\" class=\"yoast-schema-graph\">{\"@context\":\"https:\/\/schema.org\",\"@graph\":[{\"@type\":\"Article\",\"@id\":\"https:\/\/evertonfc.cz\/index.php\/2017\/07\/09\/pamatate-si-meno-je-spat\/#article\",\"isPartOf\":{\"@id\":\"https:\/\/evertonfc.cz\/index.php\/2017\/07\/09\/pamatate-si-meno-je-spat\/\"},\"author\":{\"name\":\"BlueBlooded\",\"@id\":\"https:\/\/evertonfc.cz\/#\/schema\/person\/d4493b8cbea51532597fbc4685698916\"},\"headline\":\"Pam\u00e4t\u00e1te si meno? Je sp\u00e4\u0165&#8230;\",\"datePublished\":\"2017-07-09T16:34:36+00:00\",\"dateModified\":\"2021-02-24T13:56:12+00:00\",\"mainEntityOfPage\":{\"@id\":\"https:\/\/evertonfc.cz\/index.php\/2017\/07\/09\/pamatate-si-meno-je-spat\/\"},\"wordCount\":1135,\"commentCount\":0,\"publisher\":{\"@id\":\"https:\/\/evertonfc.cz\/#organization\"},\"image\":{\"@id\":\"https:\/\/evertonfc.cz\/index.php\/2017\/07\/09\/pamatate-si-meno-je-spat\/#primaryimage\"},\"thumbnailUrl\":\"https:\/\/evertonfc.cz\/wp-content\/uploads\/2019\/01\/transfer.jpg\",\"articleSection\":[\"P\u0159estupy\"],\"inLanguage\":\"cs\",\"potentialAction\":[{\"@type\":\"CommentAction\",\"name\":\"Comment\",\"target\":[\"https:\/\/evertonfc.cz\/index.php\/2017\/07\/09\/pamatate-si-meno-je-spat\/#respond\"]}]},{\"@type\":\"WebPage\",\"@id\":\"https:\/\/evertonfc.cz\/index.php\/2017\/07\/09\/pamatate-si-meno-je-spat\/\",\"url\":\"https:\/\/evertonfc.cz\/index.php\/2017\/07\/09\/pamatate-si-meno-je-spat\/\",\"name\":\"Pam\u00e4t\u00e1te si meno? Je sp\u00e4\u0165... - Official Czech &amp; Slovak Everton Supporters&#039; Club\",\"isPartOf\":{\"@id\":\"https:\/\/evertonfc.cz\/#website\"},\"primaryImageOfPage\":{\"@id\":\"https:\/\/evertonfc.cz\/index.php\/2017\/07\/09\/pamatate-si-meno-je-spat\/#primaryimage\"},\"image\":{\"@id\":\"https:\/\/evertonfc.cz\/index.php\/2017\/07\/09\/pamatate-si-meno-je-spat\/#primaryimage\"},\"thumbnailUrl\":\"https:\/\/evertonfc.cz\/wp-content\/uploads\/2019\/01\/transfer.jpg\",\"datePublished\":\"2017-07-09T16:34:36+00:00\",\"dateModified\":\"2021-02-24T13:56:12+00:00\",\"breadcrumb\":{\"@id\":\"https:\/\/evertonfc.cz\/index.php\/2017\/07\/09\/pamatate-si-meno-je-spat\/#breadcrumb\"},\"inLanguage\":\"cs\",\"potentialAction\":[{\"@type\":\"ReadAction\",\"target\":[\"https:\/\/evertonfc.cz\/index.php\/2017\/07\/09\/pamatate-si-meno-je-spat\/\"]}]},{\"@type\":\"ImageObject\",\"inLanguage\":\"cs\",\"@id\":\"https:\/\/evertonfc.cz\/index.php\/2017\/07\/09\/pamatate-si-meno-je-spat\/#primaryimage\",\"url\":\"https:\/\/evertonfc.cz\/wp-content\/uploads\/2019\/01\/transfer.jpg\",\"contentUrl\":\"https:\/\/evertonfc.cz\/wp-content\/uploads\/2019\/01\/transfer.jpg\",\"width\":720,\"height\":405},{\"@type\":\"BreadcrumbList\",\"@id\":\"https:\/\/evertonfc.cz\/index.php\/2017\/07\/09\/pamatate-si-meno-je-spat\/#breadcrumb\",\"itemListElement\":[{\"@type\":\"ListItem\",\"position\":1,\"name\":\"Home\",\"item\":\"https:\/\/evertonfc.cz\/\"},{\"@type\":\"ListItem\",\"position\":2,\"name\":\"Pam\u00e4t\u00e1te si meno? Je sp\u00e4\u0165&#8230;\"}]},{\"@type\":\"WebSite\",\"@id\":\"https:\/\/evertonfc.cz\/#website\",\"url\":\"https:\/\/evertonfc.cz\/\",\"name\":\"Official Czech &amp; Slovak Everton Supporters&#039; Club\",\"description\":\"\",\"publisher\":{\"@id\":\"https:\/\/evertonfc.cz\/#organization\"},\"potentialAction\":[{\"@type\":\"SearchAction\",\"target\":{\"@type\":\"EntryPoint\",\"urlTemplate\":\"https:\/\/evertonfc.cz\/?s={search_term_string}\"},\"query-input\":{\"@type\":\"PropertyValueSpecification\",\"valueRequired\":true,\"valueName\":\"search_term_string\"}}],\"inLanguage\":\"cs\"},{\"@type\":\"Organization\",\"@id\":\"https:\/\/evertonfc.cz\/#organization\",\"name\":\"Official Czech & Slovak Everton Supporters' Club\",\"url\":\"https:\/\/evertonfc.cz\/\",\"logo\":{\"@type\":\"ImageObject\",\"inLanguage\":\"cs\",\"@id\":\"https:\/\/evertonfc.cz\/#\/schema\/logo\/image\/\",\"url\":\"https:\/\/evertonfc.cz\/wp-content\/uploads\/2019\/05\/logo.png\",\"contentUrl\":\"https:\/\/evertonfc.cz\/wp-content\/uploads\/2019\/05\/logo.png\",\"width\":112,\"height\":112,\"caption\":\"Official Czech & Slovak Everton Supporters' Club\"},\"image\":{\"@id\":\"https:\/\/evertonfc.cz\/#\/schema\/logo\/image\/\"},\"sameAs\":[\"https:\/\/www.facebook.com\/everton.fans.cz.sk\"]},{\"@type\":\"Person\",\"@id\":\"https:\/\/evertonfc.cz\/#\/schema\/person\/d4493b8cbea51532597fbc4685698916\",\"name\":\"BlueBlooded\",\"url\":\"https:\/\/evertonfc.cz\/index.php\/author\/admin\/\"}]}<\/script>\n<!-- \/ Yoast SEO plugin. -->","yoast_head_json":{"title":"Pam\u00e4t\u00e1te si meno? Je sp\u00e4\u0165... - Official Czech &amp; Slovak Everton Supporters&#039; Club","robots":{"index":"index","follow":"follow","max-snippet":"max-snippet:-1","max-image-preview":"max-image-preview:large","max-video-preview":"max-video-preview:-1"},"canonical":"https:\/\/evertonfc.cz\/index.php\/2017\/07\/09\/pamatate-si-meno-je-spat\/","og_locale":"cs_CZ","og_type":"article","og_title":"Pam\u00e4t\u00e1te si meno? Je sp\u00e4\u0165... - Official Czech &amp; Slovak Everton Supporters&#039; Club","og_description":"Po 13 rokov a 253 g\u00f3loch v inom drese. Najlep\u0161\u00ed strelec anglick\u00e9ho n\u00e1rodn\u00e9ho v\u00fdberu sa vracia do Evertonu. Klubu, ktor\u00fd mu otvoril dvere do sveta, v ktorom sa stal bohom...","og_url":"https:\/\/evertonfc.cz\/index.php\/2017\/07\/09\/pamatate-si-meno-je-spat\/","og_site_name":"Official Czech &amp; Slovak Everton Supporters&#039; Club","article_publisher":"https:\/\/www.facebook.com\/everton.fans.cz.sk","article_published_time":"2017-07-09T16:34:36+00:00","article_modified_time":"2021-02-24T13:56:12+00:00","og_image":[{"width":720,"height":405,"url":"https:\/\/evertonfc.cz\/wp-content\/uploads\/2019\/01\/transfer.jpg","type":"image\/jpeg"}],"author":"BlueBlooded","twitter_card":"summary_large_image","twitter_misc":{"Napsal(a)":"BlueBlooded","Odhadovan\u00e1 doba \u010dten\u00ed":"5 minut"},"schema":{"@context":"https:\/\/schema.org","@graph":[{"@type":"Article","@id":"https:\/\/evertonfc.cz\/index.php\/2017\/07\/09\/pamatate-si-meno-je-spat\/#article","isPartOf":{"@id":"https:\/\/evertonfc.cz\/index.php\/2017\/07\/09\/pamatate-si-meno-je-spat\/"},"author":{"name":"BlueBlooded","@id":"https:\/\/evertonfc.cz\/#\/schema\/person\/d4493b8cbea51532597fbc4685698916"},"headline":"Pam\u00e4t\u00e1te si meno? Je sp\u00e4\u0165&#8230;","datePublished":"2017-07-09T16:34:36+00:00","dateModified":"2021-02-24T13:56:12+00:00","mainEntityOfPage":{"@id":"https:\/\/evertonfc.cz\/index.php\/2017\/07\/09\/pamatate-si-meno-je-spat\/"},"wordCount":1135,"commentCount":0,"publisher":{"@id":"https:\/\/evertonfc.cz\/#organization"},"image":{"@id":"https:\/\/evertonfc.cz\/index.php\/2017\/07\/09\/pamatate-si-meno-je-spat\/#primaryimage"},"thumbnailUrl":"https:\/\/evertonfc.cz\/wp-content\/uploads\/2019\/01\/transfer.jpg","articleSection":["P\u0159estupy"],"inLanguage":"cs","potentialAction":[{"@type":"CommentAction","name":"Comment","target":["https:\/\/evertonfc.cz\/index.php\/2017\/07\/09\/pamatate-si-meno-je-spat\/#respond"]}]},{"@type":"WebPage","@id":"https:\/\/evertonfc.cz\/index.php\/2017\/07\/09\/pamatate-si-meno-je-spat\/","url":"https:\/\/evertonfc.cz\/index.php\/2017\/07\/09\/pamatate-si-meno-je-spat\/","name":"Pam\u00e4t\u00e1te si meno? Je sp\u00e4\u0165... - Official Czech &amp; Slovak Everton Supporters&#039; Club","isPartOf":{"@id":"https:\/\/evertonfc.cz\/#website"},"primaryImageOfPage":{"@id":"https:\/\/evertonfc.cz\/index.php\/2017\/07\/09\/pamatate-si-meno-je-spat\/#primaryimage"},"image":{"@id":"https:\/\/evertonfc.cz\/index.php\/2017\/07\/09\/pamatate-si-meno-je-spat\/#primaryimage"},"thumbnailUrl":"https:\/\/evertonfc.cz\/wp-content\/uploads\/2019\/01\/transfer.jpg","datePublished":"2017-07-09T16:34:36+00:00","dateModified":"2021-02-24T13:56:12+00:00","breadcrumb":{"@id":"https:\/\/evertonfc.cz\/index.php\/2017\/07\/09\/pamatate-si-meno-je-spat\/#breadcrumb"},"inLanguage":"cs","potentialAction":[{"@type":"ReadAction","target":["https:\/\/evertonfc.cz\/index.php\/2017\/07\/09\/pamatate-si-meno-je-spat\/"]}]},{"@type":"ImageObject","inLanguage":"cs","@id":"https:\/\/evertonfc.cz\/index.php\/2017\/07\/09\/pamatate-si-meno-je-spat\/#primaryimage","url":"https:\/\/evertonfc.cz\/wp-content\/uploads\/2019\/01\/transfer.jpg","contentUrl":"https:\/\/evertonfc.cz\/wp-content\/uploads\/2019\/01\/transfer.jpg","width":720,"height":405},{"@type":"BreadcrumbList","@id":"https:\/\/evertonfc.cz\/index.php\/2017\/07\/09\/pamatate-si-meno-je-spat\/#breadcrumb","itemListElement":[{"@type":"ListItem","position":1,"name":"Home","item":"https:\/\/evertonfc.cz\/"},{"@type":"ListItem","position":2,"name":"Pam\u00e4t\u00e1te si meno? Je sp\u00e4\u0165&#8230;"}]},{"@type":"WebSite","@id":"https:\/\/evertonfc.cz\/#website","url":"https:\/\/evertonfc.cz\/","name":"Official Czech &amp; Slovak Everton Supporters&#039; Club","description":"","publisher":{"@id":"https:\/\/evertonfc.cz\/#organization"},"potentialAction":[{"@type":"SearchAction","target":{"@type":"EntryPoint","urlTemplate":"https:\/\/evertonfc.cz\/?s={search_term_string}"},"query-input":{"@type":"PropertyValueSpecification","valueRequired":true,"valueName":"search_term_string"}}],"inLanguage":"cs"},{"@type":"Organization","@id":"https:\/\/evertonfc.cz\/#organization","name":"Official Czech & Slovak Everton Supporters' Club","url":"https:\/\/evertonfc.cz\/","logo":{"@type":"ImageObject","inLanguage":"cs","@id":"https:\/\/evertonfc.cz\/#\/schema\/logo\/image\/","url":"https:\/\/evertonfc.cz\/wp-content\/uploads\/2019\/05\/logo.png","contentUrl":"https:\/\/evertonfc.cz\/wp-content\/uploads\/2019\/05\/logo.png","width":112,"height":112,"caption":"Official Czech & Slovak Everton Supporters' Club"},"image":{"@id":"https:\/\/evertonfc.cz\/#\/schema\/logo\/image\/"},"sameAs":["https:\/\/www.facebook.com\/everton.fans.cz.sk"]},{"@type":"Person","@id":"https:\/\/evertonfc.cz\/#\/schema\/person\/d4493b8cbea51532597fbc4685698916","name":"BlueBlooded","url":"https:\/\/evertonfc.cz\/index.php\/author\/admin\/"}]}},"_links":{"self":[{"href":"https:\/\/evertonfc.cz\/index.php\/wp-json\/wp\/v2\/posts\/3076"}],"collection":[{"href":"https:\/\/evertonfc.cz\/index.php\/wp-json\/wp\/v2\/posts"}],"about":[{"href":"https:\/\/evertonfc.cz\/index.php\/wp-json\/wp\/v2\/types\/post"}],"author":[{"embeddable":true,"href":"https:\/\/evertonfc.cz\/index.php\/wp-json\/wp\/v2\/users\/1"}],"replies":[{"embeddable":true,"href":"https:\/\/evertonfc.cz\/index.php\/wp-json\/wp\/v2\/comments?post=3076"}],"version-history":[{"count":4,"href":"https:\/\/evertonfc.cz\/index.php\/wp-json\/wp\/v2\/posts\/3076\/revisions"}],"predecessor-version":[{"id":14313,"href":"https:\/\/evertonfc.cz\/index.php\/wp-json\/wp\/v2\/posts\/3076\/revisions\/14313"}],"wp:featuredmedia":[{"embeddable":true,"href":"https:\/\/evertonfc.cz\/index.php\/wp-json\/wp\/v2\/media\/1316"}],"wp:attachment":[{"href":"https:\/\/evertonfc.cz\/index.php\/wp-json\/wp\/v2\/media?parent=3076"}],"wp:term":[{"taxonomy":"category","embeddable":true,"href":"https:\/\/evertonfc.cz\/index.php\/wp-json\/wp\/v2\/categories?post=3076"},{"taxonomy":"post_tag","embeddable":true,"href":"https:\/\/evertonfc.cz\/index.php\/wp-json\/wp\/v2\/tags?post=3076"}],"curies":[{"name":"wp","href":"https:\/\/api.w.org\/{rel}","templated":true}]}}