{"id":3079,"date":"2017-07-08T18:36:05","date_gmt":"2017-07-08T16:36:05","guid":{"rendered":"http:\/\/evertonfc.cz\/?p=3079"},"modified":"2019-02-10T18:37:53","modified_gmt":"2019-02-10T17:37:53","slug":"zomrel-bradley-lowery","status":"publish","type":"post","link":"https:\/\/evertonfc.cz\/index.php\/2017\/07\/08\/zomrel-bradley-lowery\/","title":{"rendered":"Zomrel Bradley Lowery"},"content":{"rendered":"<h4 id=\"NewsPostDetailSummary\">6 ro\u010dn\u00e9ho Bradley Loweryho a\u00a0jeho rodi\u010dov pojilo s\u00a0Evertonom po Sunderlande asi najbli\u017eie puto, ale palce v\u00a0jeho nerovnom boji mu dr\u017eala cel\u00e1 futbalov\u00e1 komunita v\u00a0Anglicku a\u00a0mnoh\u00ed vo svete. \u017dia\u013e, po dlhom stato\u010dnom boji so z\u00e1kern\u00fdm neuroblast\u00f3mom,\u00a0ojedinel\u00fdm druhom rakoviny, v\u010dera zomrel.<\/h4>\n<div id=\"NewsPostDetailContent\">\n<p>V\u010dera <strong>7.7.2017 o 13.35 zomrel len 6 ro\u010dn\u00fd Bradley Lowery<\/strong>, fan\u00fa\u0161ik Sunderlandu s obrovsk\u00fdm srdcom leva, po dlhom boji s neuroblast\u00f3miou &#8211; v\u00fdnimo\u010dne sa vyskytuj\u00facim druhom rakoviny.<\/p>\n<p>Bradleymu diagnostikovali rakovinu u\u017e v\u00a018 mesiacoch a\u00a0odvtedy zv\u00e1dzal nerovn\u00fd, bolestiv\u00fd boj s\u00a0touto z\u00e1kernou chorobu a\u017e do v\u010dera. Bradley absolvoval mnoho oper\u00e1ci\u00ed a 2 roky podstupoval chemoterapiu, v\u00fdsledkom \u010doho v\u00a0roku 2015 t\u00e1to choroba u\u00a0neho do\u010dasne ust\u00fapila. \u017dia\u013e, v\u00a0j\u00fani 2016, ke\u010f Bradley ned\u00e1vno osl\u00e1vil 5 rokov, lek\u00e1ri informovali rodi\u010dov \u017ee neuroblast\u00f3mia je spa\u0165 a\u00a0rozrast\u00e1 sa. U\u017e vtedy boli vyhliadky vzh\u013eadom na \u0165a\u017ek\u00fa vylie\u010dite\u013enos\u0165 miziv\u00e9, ale mal\u00fa n\u00e1dej dostali rodi\u010dia v\u00a0podobe pionierskej lie\u010dby v\u00a0USA, ktor\u00e1 v\u0161ak vzh\u013eadom na svoju novos\u0165 a\u00a0n\u00e1ro\u010dnos\u0165 stoj\u00ed vy\u0161e 700\u00a0000 libier. Rodi\u010dia, ktor\u00ed tak\u00fdto majetok nemali, za\u010dali verejn\u00fa zbierku. A\u00a0tu vst\u00fapil do hry Everton. 12. septembra 2016 hral Everton na p\u00f4de Sunderlandu, ktor\u00e9ho bol Bradley v\u00e1\u0161niv\u00fdm fan\u00fa\u0161ikom. Do tej doby sa podarilo vyzbiera\u0165 513\u00a0000 libier. Evertonians sa v\u00a05. min\u00fate z\u00e1pasu pridali k\u00a0chor\u00e1lom na po\u010des\u0165 5 ro\u010dn\u00e9ho Bradleyho. Po z\u00e1vere\u010dnom hvizde ozn\u00e1mil Everton F.C., \u017ee daruje na Bradleyho lie\u010dbu 200\u00a0000 libier, \u010d\u00edm sa v\u00a0tej chv\u00edli naplnila suma, ktor\u00fa potrebovali na pioniersky lie\u010debn\u00fd proces v\u00a0U.S.A. Bola to najv\u00e4\u010d\u0161ia dot\u00e1cia spomedzi v\u0161etk\u00fdch prispievaj\u00facich (vr\u00e1tane Sunderlandu).<\/p>\n<p>\u017dia\u013e, pokia\u013e stihli dokon\u010di\u0165 lie\u010debn\u00e9 proced\u00fary a\u00a0pripravi\u0165 sa na cestu do U.S.A., v\u00a0decembri im lek\u00e1ri ozn\u00e1mili, \u017ee choroba pokro\u010dila tak r\u00fdchle a\u00a0v\u00fdrazne, \u017ee je u\u017e v\u00a0kone\u010dnej f\u00e1ze a\u00a0nie je lie\u010dite\u013en\u00e1 \u017eiadnou met\u00f3dou, teda \u017ee nem\u00e1 zmysel \u00eds\u0165 ani na \u0161peci\u00e1lnu terapiu do U.S.A.<\/p>\n<p>V\u00a0reakcii na to e\u0161te v\u00a0decembri vyrobili fan\u00fa\u0161ikovia Evertonu modr\u00fa vlajku s\u00a0logom EFC a\u00a0n\u00e1pisom \u201eTHERE\u00b4S ONLY 1 BRADLEY LOWERY\u201c, ktor\u00fa nosili na z\u00e1pasy.<\/p>\n<p>Potom Everton pozval Bradleyho a\u00a0jeho rodinu na z\u00e1pas Evertonu s\u00a0Manchesterom City (ke\u010f\u017ee \u017eia\u013e neboli ist\u00e9 \u010di sa v\u00f4bec do\u017eije z\u00e1pasu EFC so Sunderlandom, na ktor\u00fd ho pozvali e\u0161te v\u00a0septembri na Stadium of Light), kde bol ofici\u00e1lnym maskotom z\u00e1pasu, mal pln\u00fd pr\u00edstup k\u00a0hr\u00e1\u010dom a\u00a0mana\u017e\u00e9rom oboch t\u00edmov. Lukaku ho predstavil v\u0161etk\u00fdm hr\u00e1\u010dom s\u00fapera a\u00a0na ruk\u00e1ch ho priniesol na tr\u00e1vnik Goodison parku. 25. febru\u00e1ra sa stal maskotom z\u00e1pasu znovu, tentokr\u00e1t tu hral jeho milovan\u00fd Sunderland. Veden\u00fd svojim idolom a\u00a0kamar\u00e1tom J. Defoeom mal na svojom drese \u010diernych ma\u010diek n\u00e1pis \u201e\u010eakujem Everton\u201c. Evertonians spustili chor\u00e1ly s\u00a0jeho menom, cez pol\u010das strelil g\u00f3l do br\u00e1ny pred Gwladys street. Bradleyho si zamilovalo mnoho \u013eud\u00ed, hlavne okolo futbalu, ale nikde okrem Sunderlandu nemal tak mas\u00edvnu a\u00a0opakovan\u00fa podporu ako od vedenia a fan\u00fa\u0161ikov\u00a0Evertonu.<\/p>\n<p>Bradley Loweryho si zamilovali fan\u00fa\u0161ikovia futbalu a\u00a0futbalisti po celom Anglicku i\u00a0mnoh\u00ed vo svete. Nebola t\u00e1 n\u00e1hoda. Bradley patril do komunity futbalov\u00fdch fan\u00fa\u0161ikov. Naviac jeho rodi\u010dia a\u00a0on \u0161\u00edrili o\u00a0jeho z\u00e1kernej chorobe skvel\u00fa osvetu, m\u00e1lokto tak zv\u00fd\u0161il povedomie o\u00a0tomto \u0161pecificky z\u00e1kernom druhu rakoviny ako Bradley. \u010co viac, vy\u0161e mili\u00f3n libier ktor\u00e9 jeho rodi\u010dia a\u00a0Bradley vyzbierali venuj\u00fa do posledn\u00e9ho centu in\u00fdm de\u0165om postihnut\u00fdm s\u00a0touto chorobu na ich z\u00e1pas. Naviac sa ukazuje, \u017ee charitat\u00edvny fond s\u00a0jeho menom bude zbiera\u0165 peniaze na lie\u010dbu det\u00ed postihnut\u00fdch touto z\u00e1kernou rakovinou aj \u010falej. Peniaze na pomoc in\u00fdm de\u0165om postihnut\u00fdm z\u00e1kern\u00fdmi chorobami v\u0161ak dokonca zbieral aj s\u00e1m Bradley, aj v\u00a0\u010dase ke\u010f na tom nebol najlep\u0161ie a\u00a0u\u017e nemal \u0161ancu na pre\u017eitie, chodil na detsk\u00e9 oddelenia s\u00a0\u0165a\u017eko chor\u00fdmi de\u0165mi a\u00a0robil tam akcie ktor\u00e9 vyniesli in\u00fdm de\u0165om peniaze.<\/p>\n<p>\u010c\u00edm si pod\u013ea m\u0148a z\u00edskal srdcia \u013eud\u00ed e\u0161te viac bol jeho \u00fasmev, pozitivizmus a\u00a0zmysel pre humor po cel\u00fd \u010das. Pokia\u013e netrpel najv\u00e4\u010d\u0161\u00edmi boles\u0165ami, usmieval sa, rozd\u00e1val rados\u0165, aj ke\u010f vedel, \u017ee mu ost\u00e1va m\u00e1lo \u010dasu. Od minulej jesene be\u017ene pre\u017eil cel\u00e9 dni v\u00a0bolestiach a\u00a0sp\u00e1nku, potom ke\u010f sa jeho stav mierne zlep\u0161il, za\u010dal rozd\u00e1va\u0165 \u00fasmevy, \u010fakova\u0165 za podporu a\u00a0napr. \u0161iel zbiera\u0165 peniaze pre in\u00e9 deti. Preto mnoh\u00ed p\u00ed\u0161u o\u00a0tom, ako bol pre nich in\u0161pir\u00e1ciou. Bolo a\u017e neuverite\u013en\u00e9 odkia\u013e bral tak dlho tak\u00fa silu a odhodlanie na tento nef\u00e9rov\u00fd boj. Mnoho \u013eud\u00ed si odrazu uvedomovalo, ako v\u00e1\u017ene sa roz\u010du\u013eujeme a\u00a0tr\u00e1pime kv\u00f4li smie\u0161nym mali\u010dkostiam, ako si m\u00e1lo v\u00e1\u017eime a u\u017e\u00edvame \u017eivot. \u00a0V\u017edy, ke\u010f si budeme naivne myslie\u0165 ako sa \u00fadajne m\u00e1me na ni\u010d, spome\u0148me si na tohto mal\u00e9ho hrdinu &#8211; \u010d\u00edm musel prech\u00e1dza\u0165, \u010do mal pred sebou a s ak\u00fdm \u00fasmevom, pozitivizmom t\u00fdm v\u0161etk\u00fdm pre\u0161iel, ko\u013eko \u013eud\u00ed in\u0161piroval, ako dobre, aj ke\u010f tragicky kr\u00e1tko \u017eil.<\/p>\n<p>Hraj futbal v nebi s anjelmi Bradley (ak nejak\u00e9 je, ak nie, tak odpo\u010d\u00edvaj v\u00a0pokoji). \u00daprimn\u00fa s\u00fastras\u0165 rodine, neviem ani len za\u010da\u0165 prem\u00fd\u0161\u013ea\u0165 o tom, \u010d\u00edm pre\u0161li a \u010d\u00edm prech\u00e1dzaj\u00fa. S\u00fa to hrdinovia za to ak\u00e9 skvel\u00e9 chv\u00edle mu pripravili a ako stato\u010dne ten kr\u00ed\u017e so sebou niesli.<\/p>\n<p><strong>RIP Bradley Lowery<\/strong><\/div>\n","protected":false},"excerpt":{"rendered":"<p>6 ro\u010dn\u00e9ho Bradley Loweryho a\u00a0jeho rodi\u010dov pojilo s\u00a0Evertonom po Sunderlande asi najbli\u017eie puto, ale palce v\u00a0jeho nerovnom boji mu dr\u017eala&hellip;<\/p>\n","protected":false},"author":23,"featured_media":1313,"comment_status":"open","ping_status":"closed","sticky":false,"template":"","format":"standard","meta":{"_eb_attr":"","_monsterinsights_skip_tracking":false,"_monsterinsights_sitenote_active":false,"_monsterinsights_sitenote_note":"","_monsterinsights_sitenote_category":0,"footnotes":""},"categories":[42],"tags":[],"yoast_head":"<!-- This site is optimized with the Yoast SEO plugin v23.4 - https:\/\/yoast.com\/wordpress\/plugins\/seo\/ -->\n<title>Zomrel Bradley Lowery - Official Czech &amp; Slovak Everton Supporters&#039; Club<\/title>\n<meta name=\"robots\" content=\"index, follow, max-snippet:-1, max-image-preview:large, max-video-preview:-1\" \/>\n<link rel=\"canonical\" href=\"https:\/\/evertonfc.cz\/index.php\/2017\/07\/08\/zomrel-bradley-lowery\/\" \/>\n<meta property=\"og:locale\" content=\"cs_CZ\" \/>\n<meta property=\"og:type\" content=\"article\" \/>\n<meta property=\"og:title\" content=\"Zomrel Bradley Lowery - Official Czech &amp; Slovak Everton Supporters&#039; Club\" \/>\n<meta property=\"og:description\" content=\"6 ro\u010dn\u00e9ho Bradley Loweryho a\u00a0jeho rodi\u010dov pojilo s\u00a0Evertonom po Sunderlande asi najbli\u017eie puto, ale palce v\u00a0jeho nerovnom boji mu dr\u017eala&hellip;\" \/>\n<meta property=\"og:url\" content=\"https:\/\/evertonfc.cz\/index.php\/2017\/07\/08\/zomrel-bradley-lowery\/\" \/>\n<meta property=\"og:site_name\" content=\"Official Czech &amp; Slovak Everton Supporters&#039; Club\" \/>\n<meta property=\"article:publisher\" content=\"https:\/\/www.facebook.com\/everton.fans.cz.sk\" \/>\n<meta property=\"article:published_time\" content=\"2017-07-08T16:36:05+00:00\" \/>\n<meta property=\"article:modified_time\" content=\"2019-02-10T17:37:53+00:00\" \/>\n<meta property=\"og:image\" content=\"https:\/\/evertonfc.cz\/wp-content\/uploads\/2019\/01\/news.jpg\" \/>\n\t<meta property=\"og:image:width\" content=\"720\" \/>\n\t<meta property=\"og:image:height\" content=\"405\" \/>\n\t<meta property=\"og:image:type\" content=\"image\/jpeg\" \/>\n<meta name=\"author\" content=\"Everton1878\" \/>\n<meta name=\"twitter:card\" content=\"summary_large_image\" \/>\n<meta name=\"twitter:label1\" content=\"Napsal(a)\" \/>\n\t<meta name=\"twitter:data1\" content=\"Everton1878\" \/>\n\t<meta name=\"twitter:label2\" content=\"Odhadovan\u00e1 doba \u010dten\u00ed\" \/>\n\t<meta name=\"twitter:data2\" content=\"5 minut\" \/>\n<script type=\"application\/ld+json\" class=\"yoast-schema-graph\">{\"@context\":\"https:\/\/schema.org\",\"@graph\":[{\"@type\":\"Article\",\"@id\":\"https:\/\/evertonfc.cz\/index.php\/2017\/07\/08\/zomrel-bradley-lowery\/#article\",\"isPartOf\":{\"@id\":\"https:\/\/evertonfc.cz\/index.php\/2017\/07\/08\/zomrel-bradley-lowery\/\"},\"author\":{\"name\":\"Everton1878\",\"@id\":\"https:\/\/evertonfc.cz\/#\/schema\/person\/c495ad9c14eabaab7ff243473d85758c\"},\"headline\":\"Zomrel Bradley Lowery\",\"datePublished\":\"2017-07-08T16:36:05+00:00\",\"dateModified\":\"2019-02-10T17:37:53+00:00\",\"mainEntityOfPage\":{\"@id\":\"https:\/\/evertonfc.cz\/index.php\/2017\/07\/08\/zomrel-bradley-lowery\/\"},\"wordCount\":1004,\"commentCount\":0,\"publisher\":{\"@id\":\"https:\/\/evertonfc.cz\/#organization\"},\"image\":{\"@id\":\"https:\/\/evertonfc.cz\/index.php\/2017\/07\/08\/zomrel-bradley-lowery\/#primaryimage\"},\"thumbnailUrl\":\"https:\/\/evertonfc.cz\/wp-content\/uploads\/2019\/01\/news.jpg\",\"articleSection\":[\"Aktuality\"],\"inLanguage\":\"cs\",\"potentialAction\":[{\"@type\":\"CommentAction\",\"name\":\"Comment\",\"target\":[\"https:\/\/evertonfc.cz\/index.php\/2017\/07\/08\/zomrel-bradley-lowery\/#respond\"]}]},{\"@type\":\"WebPage\",\"@id\":\"https:\/\/evertonfc.cz\/index.php\/2017\/07\/08\/zomrel-bradley-lowery\/\",\"url\":\"https:\/\/evertonfc.cz\/index.php\/2017\/07\/08\/zomrel-bradley-lowery\/\",\"name\":\"Zomrel Bradley Lowery - Official Czech &amp; Slovak Everton Supporters&#039; Club\",\"isPartOf\":{\"@id\":\"https:\/\/evertonfc.cz\/#website\"},\"primaryImageOfPage\":{\"@id\":\"https:\/\/evertonfc.cz\/index.php\/2017\/07\/08\/zomrel-bradley-lowery\/#primaryimage\"},\"image\":{\"@id\":\"https:\/\/evertonfc.cz\/index.php\/2017\/07\/08\/zomrel-bradley-lowery\/#primaryimage\"},\"thumbnailUrl\":\"https:\/\/evertonfc.cz\/wp-content\/uploads\/2019\/01\/news.jpg\",\"datePublished\":\"2017-07-08T16:36:05+00:00\",\"dateModified\":\"2019-02-10T17:37:53+00:00\",\"breadcrumb\":{\"@id\":\"https:\/\/evertonfc.cz\/index.php\/2017\/07\/08\/zomrel-bradley-lowery\/#breadcrumb\"},\"inLanguage\":\"cs\",\"potentialAction\":[{\"@type\":\"ReadAction\",\"target\":[\"https:\/\/evertonfc.cz\/index.php\/2017\/07\/08\/zomrel-bradley-lowery\/\"]}]},{\"@type\":\"ImageObject\",\"inLanguage\":\"cs\",\"@id\":\"https:\/\/evertonfc.cz\/index.php\/2017\/07\/08\/zomrel-bradley-lowery\/#primaryimage\",\"url\":\"https:\/\/evertonfc.cz\/wp-content\/uploads\/2019\/01\/news.jpg\",\"contentUrl\":\"https:\/\/evertonfc.cz\/wp-content\/uploads\/2019\/01\/news.jpg\",\"width\":720,\"height\":405},{\"@type\":\"BreadcrumbList\",\"@id\":\"https:\/\/evertonfc.cz\/index.php\/2017\/07\/08\/zomrel-bradley-lowery\/#breadcrumb\",\"itemListElement\":[{\"@type\":\"ListItem\",\"position\":1,\"name\":\"Home\",\"item\":\"https:\/\/evertonfc.cz\/\"},{\"@type\":\"ListItem\",\"position\":2,\"name\":\"Zomrel Bradley Lowery\"}]},{\"@type\":\"WebSite\",\"@id\":\"https:\/\/evertonfc.cz\/#website\",\"url\":\"https:\/\/evertonfc.cz\/\",\"name\":\"Official Czech &amp; Slovak Everton Supporters&#039; Club\",\"description\":\"\",\"publisher\":{\"@id\":\"https:\/\/evertonfc.cz\/#organization\"},\"potentialAction\":[{\"@type\":\"SearchAction\",\"target\":{\"@type\":\"EntryPoint\",\"urlTemplate\":\"https:\/\/evertonfc.cz\/?s={search_term_string}\"},\"query-input\":{\"@type\":\"PropertyValueSpecification\",\"valueRequired\":true,\"valueName\":\"search_term_string\"}}],\"inLanguage\":\"cs\"},{\"@type\":\"Organization\",\"@id\":\"https:\/\/evertonfc.cz\/#organization\",\"name\":\"Official Czech & Slovak Everton Supporters' Club\",\"url\":\"https:\/\/evertonfc.cz\/\",\"logo\":{\"@type\":\"ImageObject\",\"inLanguage\":\"cs\",\"@id\":\"https:\/\/evertonfc.cz\/#\/schema\/logo\/image\/\",\"url\":\"https:\/\/evertonfc.cz\/wp-content\/uploads\/2019\/05\/logo.png\",\"contentUrl\":\"https:\/\/evertonfc.cz\/wp-content\/uploads\/2019\/05\/logo.png\",\"width\":112,\"height\":112,\"caption\":\"Official Czech & Slovak Everton Supporters' Club\"},\"image\":{\"@id\":\"https:\/\/evertonfc.cz\/#\/schema\/logo\/image\/\"},\"sameAs\":[\"https:\/\/www.facebook.com\/everton.fans.cz.sk\"]},{\"@type\":\"Person\",\"@id\":\"https:\/\/evertonfc.cz\/#\/schema\/person\/c495ad9c14eabaab7ff243473d85758c\",\"name\":\"Everton1878\",\"url\":\"https:\/\/evertonfc.cz\/index.php\/author\/everton1878\/\"}]}<\/script>\n<!-- \/ Yoast SEO plugin. -->","yoast_head_json":{"title":"Zomrel Bradley Lowery - Official Czech &amp; Slovak Everton Supporters&#039; Club","robots":{"index":"index","follow":"follow","max-snippet":"max-snippet:-1","max-image-preview":"max-image-preview:large","max-video-preview":"max-video-preview:-1"},"canonical":"https:\/\/evertonfc.cz\/index.php\/2017\/07\/08\/zomrel-bradley-lowery\/","og_locale":"cs_CZ","og_type":"article","og_title":"Zomrel Bradley Lowery - Official Czech &amp; Slovak Everton Supporters&#039; Club","og_description":"6 ro\u010dn\u00e9ho Bradley Loweryho a\u00a0jeho rodi\u010dov pojilo s\u00a0Evertonom po Sunderlande asi najbli\u017eie puto, ale palce v\u00a0jeho nerovnom boji mu dr\u017eala&hellip;","og_url":"https:\/\/evertonfc.cz\/index.php\/2017\/07\/08\/zomrel-bradley-lowery\/","og_site_name":"Official Czech &amp; Slovak Everton Supporters&#039; Club","article_publisher":"https:\/\/www.facebook.com\/everton.fans.cz.sk","article_published_time":"2017-07-08T16:36:05+00:00","article_modified_time":"2019-02-10T17:37:53+00:00","og_image":[{"width":720,"height":405,"url":"https:\/\/evertonfc.cz\/wp-content\/uploads\/2019\/01\/news.jpg","type":"image\/jpeg"}],"author":"Everton1878","twitter_card":"summary_large_image","twitter_misc":{"Napsal(a)":"Everton1878","Odhadovan\u00e1 doba \u010dten\u00ed":"5 minut"},"schema":{"@context":"https:\/\/schema.org","@graph":[{"@type":"Article","@id":"https:\/\/evertonfc.cz\/index.php\/2017\/07\/08\/zomrel-bradley-lowery\/#article","isPartOf":{"@id":"https:\/\/evertonfc.cz\/index.php\/2017\/07\/08\/zomrel-bradley-lowery\/"},"author":{"name":"Everton1878","@id":"https:\/\/evertonfc.cz\/#\/schema\/person\/c495ad9c14eabaab7ff243473d85758c"},"headline":"Zomrel Bradley Lowery","datePublished":"2017-07-08T16:36:05+00:00","dateModified":"2019-02-10T17:37:53+00:00","mainEntityOfPage":{"@id":"https:\/\/evertonfc.cz\/index.php\/2017\/07\/08\/zomrel-bradley-lowery\/"},"wordCount":1004,"commentCount":0,"publisher":{"@id":"https:\/\/evertonfc.cz\/#organization"},"image":{"@id":"https:\/\/evertonfc.cz\/index.php\/2017\/07\/08\/zomrel-bradley-lowery\/#primaryimage"},"thumbnailUrl":"https:\/\/evertonfc.cz\/wp-content\/uploads\/2019\/01\/news.jpg","articleSection":["Aktuality"],"inLanguage":"cs","potentialAction":[{"@type":"CommentAction","name":"Comment","target":["https:\/\/evertonfc.cz\/index.php\/2017\/07\/08\/zomrel-bradley-lowery\/#respond"]}]},{"@type":"WebPage","@id":"https:\/\/evertonfc.cz\/index.php\/2017\/07\/08\/zomrel-bradley-lowery\/","url":"https:\/\/evertonfc.cz\/index.php\/2017\/07\/08\/zomrel-bradley-lowery\/","name":"Zomrel Bradley Lowery - Official Czech &amp; Slovak Everton Supporters&#039; Club","isPartOf":{"@id":"https:\/\/evertonfc.cz\/#website"},"primaryImageOfPage":{"@id":"https:\/\/evertonfc.cz\/index.php\/2017\/07\/08\/zomrel-bradley-lowery\/#primaryimage"},"image":{"@id":"https:\/\/evertonfc.cz\/index.php\/2017\/07\/08\/zomrel-bradley-lowery\/#primaryimage"},"thumbnailUrl":"https:\/\/evertonfc.cz\/wp-content\/uploads\/2019\/01\/news.jpg","datePublished":"2017-07-08T16:36:05+00:00","dateModified":"2019-02-10T17:37:53+00:00","breadcrumb":{"@id":"https:\/\/evertonfc.cz\/index.php\/2017\/07\/08\/zomrel-bradley-lowery\/#breadcrumb"},"inLanguage":"cs","potentialAction":[{"@type":"ReadAction","target":["https:\/\/evertonfc.cz\/index.php\/2017\/07\/08\/zomrel-bradley-lowery\/"]}]},{"@type":"ImageObject","inLanguage":"cs","@id":"https:\/\/evertonfc.cz\/index.php\/2017\/07\/08\/zomrel-bradley-lowery\/#primaryimage","url":"https:\/\/evertonfc.cz\/wp-content\/uploads\/2019\/01\/news.jpg","contentUrl":"https:\/\/evertonfc.cz\/wp-content\/uploads\/2019\/01\/news.jpg","width":720,"height":405},{"@type":"BreadcrumbList","@id":"https:\/\/evertonfc.cz\/index.php\/2017\/07\/08\/zomrel-bradley-lowery\/#breadcrumb","itemListElement":[{"@type":"ListItem","position":1,"name":"Home","item":"https:\/\/evertonfc.cz\/"},{"@type":"ListItem","position":2,"name":"Zomrel Bradley Lowery"}]},{"@type":"WebSite","@id":"https:\/\/evertonfc.cz\/#website","url":"https:\/\/evertonfc.cz\/","name":"Official Czech &amp; Slovak Everton Supporters&#039; Club","description":"","publisher":{"@id":"https:\/\/evertonfc.cz\/#organization"},"potentialAction":[{"@type":"SearchAction","target":{"@type":"EntryPoint","urlTemplate":"https:\/\/evertonfc.cz\/?s={search_term_string}"},"query-input":{"@type":"PropertyValueSpecification","valueRequired":true,"valueName":"search_term_string"}}],"inLanguage":"cs"},{"@type":"Organization","@id":"https:\/\/evertonfc.cz\/#organization","name":"Official Czech & Slovak Everton Supporters' Club","url":"https:\/\/evertonfc.cz\/","logo":{"@type":"ImageObject","inLanguage":"cs","@id":"https:\/\/evertonfc.cz\/#\/schema\/logo\/image\/","url":"https:\/\/evertonfc.cz\/wp-content\/uploads\/2019\/05\/logo.png","contentUrl":"https:\/\/evertonfc.cz\/wp-content\/uploads\/2019\/05\/logo.png","width":112,"height":112,"caption":"Official Czech & Slovak Everton Supporters' Club"},"image":{"@id":"https:\/\/evertonfc.cz\/#\/schema\/logo\/image\/"},"sameAs":["https:\/\/www.facebook.com\/everton.fans.cz.sk"]},{"@type":"Person","@id":"https:\/\/evertonfc.cz\/#\/schema\/person\/c495ad9c14eabaab7ff243473d85758c","name":"Everton1878","url":"https:\/\/evertonfc.cz\/index.php\/author\/everton1878\/"}]}},"_links":{"self":[{"href":"https:\/\/evertonfc.cz\/index.php\/wp-json\/wp\/v2\/posts\/3079"}],"collection":[{"href":"https:\/\/evertonfc.cz\/index.php\/wp-json\/wp\/v2\/posts"}],"about":[{"href":"https:\/\/evertonfc.cz\/index.php\/wp-json\/wp\/v2\/types\/post"}],"author":[{"embeddable":true,"href":"https:\/\/evertonfc.cz\/index.php\/wp-json\/wp\/v2\/users\/23"}],"replies":[{"embeddable":true,"href":"https:\/\/evertonfc.cz\/index.php\/wp-json\/wp\/v2\/comments?post=3079"}],"version-history":[{"count":1,"href":"https:\/\/evertonfc.cz\/index.php\/wp-json\/wp\/v2\/posts\/3079\/revisions"}],"predecessor-version":[{"id":3083,"href":"https:\/\/evertonfc.cz\/index.php\/wp-json\/wp\/v2\/posts\/3079\/revisions\/3083"}],"wp:featuredmedia":[{"embeddable":true,"href":"https:\/\/evertonfc.cz\/index.php\/wp-json\/wp\/v2\/media\/1313"}],"wp:attachment":[{"href":"https:\/\/evertonfc.cz\/index.php\/wp-json\/wp\/v2\/media?parent=3079"}],"wp:term":[{"taxonomy":"category","embeddable":true,"href":"https:\/\/evertonfc.cz\/index.php\/wp-json\/wp\/v2\/categories?post=3079"},{"taxonomy":"post_tag","embeddable":true,"href":"https:\/\/evertonfc.cz\/index.php\/wp-json\/wp\/v2\/tags?post=3079"}],"curies":[{"name":"wp","href":"https:\/\/api.w.org\/{rel}","templated":true}]}}