{"id":3086,"date":"2017-07-04T18:39:28","date_gmt":"2017-07-04T16:39:28","guid":{"rendered":"http:\/\/evertonfc.cz\/?p=3086"},"modified":"2019-02-10T18:42:01","modified_gmt":"2019-02-10T17:42:01","slug":"odkial-a-kolko-ma-everton-na-prestupy","status":"publish","type":"post","link":"https:\/\/evertonfc.cz\/index.php\/2017\/07\/04\/odkial-a-kolko-ma-everton-na-prestupy\/","title":{"rendered":"Odkia\u013e a ko\u013eko m\u00e1 Everton na prestupy?"},"content":{"rendered":"<h4 id=\"NewsPostDetailSummary\">Ko\u013eko a odkia\u013e m\u00e1me finan\u010dn\u00fdch prostriedkov na n\u00e1kup pos\u00edl v\u00a0s\u00fa\u010dasnosti? Na z\u00e1klade \u010dl\u00e1nkov The Esk si to sk\u00fasime nahrubo na\u010drtn\u00fa\u0165.<\/h4>\n<div id=\"NewsPostDetailContent\">\n<p>Za\u010diatkom j\u00fana e\u0161te nejeden fan\u00fa\u0161ik EFC neveril, \u017ee m\u00e1me peniaze na v\u00fdraznej\u0161\u00ed net spend. Boli presved\u010den\u00ed, \u017ee najprv mus\u00edme pred\u00e1va\u0165, a\u017e pak nakupova\u0165. The Esk, fan\u00fa\u0161ik Evertonu zn\u00e1my kvalitn\u00fdmi anal\u00fdzami, ktor\u00e9 sa t\u00fdkaj\u00fa klubu, dal dokopy \u010dl\u00e1nok na\u010drt\u00e1vaj\u00faci sumu, ktor\u00fa maj\u00fa Koeman, Walsh a\u00a0vedenie EFC k\u00a0dispoz\u00edcii na n\u00e1kupy (bez predajov).<\/p>\n<p>The Esk na \u00favod pr\u00edzvukuje, \u017ee nem\u00e1 inform\u00e1cie z\u00a0klubu, s\u00fa to jeho vlastn\u00e9 projekcie, ale tie presne reflektuj\u00fa zverejnen\u00e9 inform\u00e1cie o\u00a0prestupoch a\u00a0hodnot\u00e1ch kontraktov. Niektor\u00e9 \u010d\u00edsla (z finan\u010dn\u00e9ho roku 2016\/17, ktor\u00e9 e\u0161te klub nezverejnil) s\u00fa jeho predpokladmi odvoden\u00fdmi z \u010d\u00edsiel z\u00a0roku predt\u00fdm. V\u00a0t\u00fdchto v\u00fdpo\u010dtoch predpoklad\u00e1 splatenie transferov behom 2 rokov.<\/p>\n<p>Presn\u00e1 suma v\u0161ak nie je podstatn\u00e1, pointou \u010dl\u00e1nku je pouk\u00e1za\u0165 na fakt, \u017ee Everton m\u00e1 v\u00a0s\u00fa\u010dasnosti pohodlne na to utrati\u0165 zna\u010dn\u00fa sumu pe\u0148az\u00ed bez toho, aby musel pred\u00e1va\u0165 (osobitne nie hr\u00e1\u010dov, ktor\u00fdch by si rad\u0161ej nechal \u2013 Lukaku, Barkley).<\/p>\n<p>V\u00a0tabu\u013eke s\u00fa uveden\u00e9 hlavn\u00e9 pr\u00edjmy a\u00a0v\u00fddaje Evertonu za predo\u0161l\u00fa sez\u00f3nu 2015\/2016, ktorej \u010d\u00edsla boli ofici\u00e1lne zverejnen\u00e9 a\u00a0pr\u00edjmy a v\u00fddaje 2016\/17, ktor\u00e9 na z\u00e1klade nich odvodil. Z\u00a0toho si m\u00f4\u017eeme odvodi\u0165 pribli\u017ene finan\u010dn\u00fa poz\u00edciu EFC na prestupovom trhu.<\/p>\n<p><strong>Odhadovan\u00e9 pr\u00edjmy a\u00a0v\u00fddavky 2016\/17 v\u00a0mil. \u00a3 <\/strong><\/p>\n<table border=\"1\" frame=\"box\" rules=\"all\" cellpadding=\"3\" align=\"center\">\n<tbody>\n<tr>\n<td><\/td>\n<td><strong>2015\/16<\/strong><\/td>\n<td><strong>Odh. 2016\/17<\/strong><\/td>\n<\/tr>\n<tr>\n<td>Vysielanie<\/td>\n<td>82.50<\/td>\n<td>130.00<\/td>\n<\/tr>\n<tr>\n<td>Div\u00e1ci<\/td>\n<td>17.60<\/td>\n<td>18.00<\/td>\n<\/tr>\n<tr>\n<td>Sponzorstv\u00e1<\/td>\n<td>9.30<\/td>\n<td>11.90<\/td>\n<\/tr>\n<tr>\n<td>Kone\u010dn\u00e9<\/td>\n<td>12.10<\/td>\n<td>12.70<\/td>\n<\/tr>\n<tr>\n<td><strong>Obrat \/ pr\u00edjem<\/strong><\/td>\n<td><strong>121.50<\/strong><\/td>\n<td><strong>172.60<\/strong><\/td>\n<\/tr>\n<tr>\n<td>Mzdy<\/td>\n<td>-84.00<\/td>\n<td>-94.00<\/td>\n<\/tr>\n<tr>\n<td>Prev\u00e1dzkov\u00e9 n\u00e1klady<\/td>\n<td>-30.40<\/td>\n<td>-33.44<\/td>\n<\/tr>\n<tr>\n<td><strong>V\u00fddavky<\/strong><\/td>\n<td><strong>-114.40<\/strong><\/td>\n<td><strong>-127.44<\/strong><\/td>\n<\/tr>\n<tr>\n<td><strong>EBITDA<\/strong><\/td>\n<td><strong>7.10<\/strong><\/td>\n<td><strong>45.16<\/strong><\/td>\n<\/tr>\n<tr>\n<td>V\u00fdnimo\u010dn\u00e9 polo\u017eky<\/td>\n<td>-11.30<\/td>\n<td>-5.00<\/td>\n<\/tr>\n<tr>\n<td>Odp\u00edsanie dlhu \/ hr\u00e1\u010di<\/td>\n<td>-22.40<\/td>\n<td>-41.35<\/td>\n<\/tr>\n<tr>\n<td>Odpis<\/td>\n<td>-1.80<\/td>\n<td>-2.00<\/td>\n<\/tr>\n<tr>\n<td><strong>Prev\u00e1dzkov\u00fd zisk<\/strong><\/td>\n<td><strong>-28.40<\/strong><\/td>\n<td><strong>-3.19<\/strong><\/td>\n<\/tr>\n<tr>\n<td>Zisk z\u00a0predaja hr\u00e1\u010dov<\/td>\n<td>7.80<\/td>\n<td>55.30<\/td>\n<\/tr>\n<tr>\n<td><strong>Zisk pred zdanen\u00edm \/ \u00farokmi<\/strong><\/td>\n<td><strong>-20.60<\/strong><\/td>\n<td><strong>52.11<\/strong><\/td>\n<\/tr>\n<tr>\n<td>Splatn\u00fd \u00farok<\/td>\n<td>-3.70<\/td>\n<td>0.00<\/td>\n<\/tr>\n<tr>\n<td>Da\u0148<\/td>\n<td>0.00<\/td>\n<td>0.00<\/td>\n<\/tr>\n<tr>\n<td><strong>Zisk \/ strata pred zdanen\u00edm<\/strong><\/td>\n<td><strong>-24.30<\/strong><\/td>\n<td><strong>52.11<\/strong><\/td>\n<\/tr>\n<\/tbody>\n<\/table>\n<p>&nbsp;<\/p>\n<p>Na konci m\u00e1ja 2016 sme mali \u00a32.8 mili\u00f3nov v hotovosti. Moshiri v\u00fdrazne zlep\u0161il na\u0161u \u00fa\u010dtovn\u00fa s\u00favahu t\u00fdm, \u017ee vlo\u017eil do Evertonu vlastn\u00e9 peniaze ako bez\u00faro\u010dn\u00fa p\u00f4\u017ei\u010dku bez d\u00e1tumu splatenia v sume \u00a380 mili\u00f3nov libier (skvel\u00e9 gesto a\u00a0\u0165ah, ktor\u00fd n\u00e1m finan\u010dne pomohol).<\/p>\n<p>Z toho boli zaplaten\u00e9 hlavne za\u0165a\u017euj\u00face dlhy s \u00farokmi v sume \u00a358 mili\u00f3nov a odstr\u00e1nenie obmedzen\u00ed, ktor\u00e9 zo sebou dan\u00e9 \u00favery niesli.<\/p>\n<p>To viedlo k n\u00e1rastu hotovosti na hodnotu \u00a322 mil. libier.<\/p>\n<p>Moshiri zlep\u0161il finan\u010dn\u00fa poz\u00edciu Evertonu aj nov\u00fdmi sponzorsk\u00fdmi zmluvami a snahou o inov\u00e1cie v tejto oblasti. Jednou z inov\u00e1ci\u00ed (z poh\u013eadu EFC) je sponzorsk\u00e1 zmluva na naming rights Finch Farm zo strany USM. Druh\u00e1 sa t\u00fdka snahy Evertonu z\u00edska\u0165 sponzora pre ruk\u00e1vy na dresoch (boli by sme druh\u00fd klub v premierleague s tak\u00fdmto sponzorstvom po Man. City).<\/p>\n<p>Sponzorstvo Finach Farm zo strany USM Holding bolo ozn\u00e1men\u00e9 zo strany riadite\u013ea a CEO Evertonu R. Elstonea spolu so sponzorstvom dresov (Sportpesa) celkovo v hodnote 75 mil. libier. Obe s\u00fa na 5 rokov. Elstone z\u00e1rove\u0148 dodal, \u017ee hodnota nov\u00e9ho sponzorstva dresov bude o 300% vy\u0161\u0161ia ne\u017e doteraj\u0161ieho sponzorstva Chang. Malo by to znamena\u0165, \u017ee sponzorstvo dresov EFC zo strany Sportpesa m\u00e1 hodnotu 48 mil. libier na 5 rokov (posledn\u00e1 zmluva s Chang mala hodnotu 16 mil. libier) a USM Finach Farm sponzorstvo ost\u00e1vaj\u00facich 27 mil. libier.<\/p>\n<p>A cie\u013eom Evertonu je \u010falej zvy\u0161ova\u0165 po\u010det komer\u010dn\u00fdch sponzorov, ke\u010f\u017ee v tomto oh\u013eade st\u00e1le zaost\u00e1vame, aj ke\u010f u\u017e menej, za v s\u00fa\u010dasnosti finan\u010dne top 6 klubmi (m\u00e1me ich zatia\u013e 10, na\u0161i s\u00faperi nad nami od 18 do 32).<\/p>\n<p>Tabu\u013eka pr\u00edjmov a v\u00fddajov uveden\u00e1 v \u010dl\u00e1nku nazna\u010duje, \u017ee objem hotovosti, ktor\u00fa m\u00e1 Everton k\u00a0dispoz\u00edcii, sa pohybuje pravdepodobne niekde medzi 60 \u2013 70 mil. libier, ak by boli predpoklady uveden\u00e9 vy\u0161\u0161ie presn\u00e9, tak by to bolo 68 mil. libier (tieto \u010d\u00edsla u\u017e zah\u0155\u0148aj\u00fa aj n\u00e1klady na anga\u017eovanie Walsha, Koemana). <strong>Tieto \u010d\u00edsla znamenaj\u00fa, \u017ee<\/strong> <strong>Everton m\u00e1 k\u00a0dispoz\u00edcii, bez \u010fal\u0161\u00edch v\u00fdznamn\u00fdch pr\u00edjmov <\/strong>(napr. predaj hr\u00e1\u010dov),\u00a0<strong>pribli\u017ene 90 mili\u00f3nov libier<\/strong>.<\/p>\n<p>V s\u00favahe e\u0161te nie je zapo\u010d\u00edtan\u00e1 jedna d\u00f4le\u017eit\u00e1 polo\u017eka, po\u010diato\u010dn\u00e9 n\u00e1klady na nov\u00fd \u0161tadi\u00f3n v\u00a0Bramley Moore Dock. Zatia\u013e Everton rie\u0161i k\u00fapu pozemkov pod nov\u00fd \u0161tadi\u00f3n, zverejnen\u00e1 sume \u010din\u00ed 24 mil. libier. Predpokladajme, \u017ee tieto peniaze s\u00fa u\u017e teraz v\u0161etky viazan\u00e9 (\u010do je neist\u00e9). <strong>Aj tak by ost\u00e1valo Evertonu 66 mili\u00f3nov libier.<\/strong><\/p>\n<p>To s\u00fa pribli\u017ene sumy, ktor\u00e9 m\u00e1me na n\u00e1kupy hr\u00e1\u010dov, pri\u010dom k\u00a0tejto sume e\u0161te m\u00f4\u017eeme pripo\u010d\u00edta\u0165 peniaze, ktor\u00e9 z\u00edskame predajom hr\u00e1\u010dov, ktor\u00ed s\u00fa slab\u00ed a\u00a0chceme sa ich zbavi\u0165:<\/p>\n<p>&#8211; Niasse: 8 \u2013 10 mil,<\/p>\n<p>&#8211; McGeady: 2 \u2013 4,5 mil. (Sunderland \u00fadajne n\u00faka 4,5 mil.)<\/p>\n<p>&#8211; Stekelenburg<\/p>\n<p>&#8211; G. Deulofeu 10,6 mil. libier<\/p>\n<p>&#8211; Tom Cleverley \u2013 predpokladan\u00e1 suma 8 mil. (ofici\u00e1lne predan\u00fd a\u017e 1. j\u00fala, teda v\u00a0novej finan\u010dnej sez\u00f3ne)<\/p>\n<p>&#8211; Zbavenie sa nechcen\u00fdch mlad\u00edkov &#8211; \u00faspora na mzd\u00e1ch.<\/p>\n<p>Len prv\u00fd traja menovan\u00fd n\u00e1m prines\u00fa cca 11 \u2013 14,5 mil. libier a\u00a0\u00fasporu na mzd\u00e1ch cca 120\u00a0000 libier t\u00fd\u017edenne. Ak by Everton predal len uveden\u00fdch nechcen\u00fdch hr\u00e1\u010dov, \u00a0prinesie mu to \u010fal\u0161\u00edch <strong>28,6 \u2013 33,1 mil. libier<\/strong>. Samozrejme tieto pr\u00edjmy u\u017e bud\u00fa zapo\u010d\u00edtan\u00e9 do novej finan\u010dnej sez\u00f3ny 2017\/2018, je v\u0161ak do istej miery na EFC \u010di a\u00a0ko\u013eko z\u00a0nej si ukroj\u00ed u\u017e teraz a\u00a0ko\u013eko si nech\u00e1 na \u010fal\u0161ie prestupov\u00e9 obdobie.<\/p>\n<p><strong>Nech u\u017e s\u00fa presn\u00e9 sumy ak\u00e9ko\u013evek<\/strong>, m\u00f4\u017eu by\u0165 o\u00a0nie\u010do ni\u017e\u0161ie, i\u00a0vy\u0161\u0161ie, aj pesimisti si u\u017e dnes uvedomuj\u00fa, \u017ee <strong>Everton m\u00e1 v\u00a0s\u00fa\u010dasnosti v\u00fdznamn\u00fa sumu pe\u0148az\u00ed na n\u00e1kup pos\u00edl bez potreby pred\u00e1vania <\/strong>hr\u00e1\u010dov, ktor\u00fdch si chce udr\u017ea\u0165. A\u00a0to je po dlhej dobe pre evertonians skvel\u00e1 spr\u00e1va a\u00a0nov\u00e1 situ\u00e1cia. Ozna\u010denia The Mersey Millionaires&#8216; s\u00fa prehnan\u00e9, celkovo m\u00e1me zatia\u013e st\u00e1le o\u00a0nie\u010do men\u0161iu finan\u010dn\u00fa silu ako niektor\u00e9 dlhodobo dotovan\u00e9, resp. \u00faspe\u0161n\u00e9 kluby. Av\u0161ak za\u010d\u00edname sa postupne do\u0165ahova\u0165 a\u00a0by\u0165 konkurencieschopn\u00ed.<\/p>\n<p>Samozrejme, peniaze za predaj R. Barkleyho a\u00a0R. Lukaku bud\u00fa \u010fal\u0161\u00edmi pr\u00edjmami, ktor\u00e9 budeme m\u00f4c\u0165 pou\u017ei\u0165 na k\u00fapu hr\u00e1\u010dov. Ak by sa predal len Barkley za \u010fal\u0161\u00edch cca 25 \u2013 30 mil. (a Lukaku by ostal, pre m\u0148a ide\u00e1lny scen\u00e1r), finan\u010dn\u00e1 situ\u00e1cia by bola e\u0161te silnej\u0161ia. Ak pred\u00e1me aj Lukaka, bude ma\u0165 EFC k\u00a0dispoz\u00edcii sumu z\u00a0ktorej sa bude to\u010di\u0165 hlava mnoh\u00fdm.<\/p>\n<p>P\u00e1r slov k nepodlo\u017een\u00fdm tvrdeniam, \u017ee EFC \u00fadajne len pou\u017e\u00edva peniaze z predaja R. Lukaku. Everton ho nechce preda\u0165 a\u00a0st\u00e1le existuje re\u00e1lna mo\u017enos\u0165, \u017ee nakoniec e\u0161te na sez\u00f3nu ostane. Pokia\u013e nebude predan\u00fd, peniaze z jeho predaja ist\u00e9 nie s\u00fa. Suma, ktor\u00fa chce Everton, je ve\u013emi vysok\u00e1 a\u00a0sme v\u00a0poz\u00edcii, kedy pred\u00e1va\u0165 nemus\u00edme a\u00a0nechceme.\u00a0Zn\u00ed\u017eenie jeho ceny bud\u00face leto (ak ho budeme pred\u00e1va\u0165 a\u017e vtedy a ostane mu len rok do konca zmluvy) m\u00f4\u017ee pokojne Moshiri bra\u0165 ako \u201ev\u00fddavok\u201c do kvality k\u00e1dra. Zatia\u013e sa proces jeho predaja ani neza\u010dal. Sotva m\u00f4\u017eeme utr\u00e1ca\u0165 peniaze za Lukaku, ke\u010f peniaze za neho n\u00e1\u0161 \u00fa\u010det ani nevidel a\u00a0nikde nie je garantovan\u00e9, \u017ee ich toto prestupov\u00e9 obdobie uvid\u00edme.<\/p>\n<p>Aj Phil McNulty z BBC Sport (a hodnovern\u00fd zdroj inform\u00e1ci\u00ed o Evertone) rovnako uviedol, \u017ee je pr\u00edli\u0161 zjednodu\u0161uj\u00face predpoklada\u0165, \u017ee Everton pou\u017e\u00edva na n\u00e1kupy peniaze z potenc\u00e1lneho predaja Lukaku, ke\u010f ho Everton v\u00f4bec nechce preda\u0165. Naopak pod\u013ea neho je pravdepodobn\u00fd opak, ak ho Everton pred\u00e1, bude nasledova\u0165 reinvestovanie ve\u013ek\u00fdch pe\u0148az\u00ed do jeho n\u00e1hrady. Everton ho pod\u013ea P. McNultyho nepred\u00e1, pokia\u013e nedostane ponuku v sume, ktor\u00fa chce a ak sa rozhodne Lukaku e\u0161te chv\u00ed\u013eu osta\u0165, vedenie EFC s n\u00edm okam\u017eite podp\u00ed\u0161e nov\u00fd kontrakt. A rovnako bud\u00fa reinvestovan\u00e9 ve\u013ek\u00e9 peniaze aj v pr\u00edpade predaja Barkleyho &#8211; <a href=\"https:\/\/royalbluemersey.sbnation.com\/2017\/7\/4\/15918738\/everton-summer-spending-lukaku-barkley-transfer-funds-chelsea-tottenham-rumours-news-latest\" target=\"_blank\" rel=\"noopener\">www.royalbluemersey.sbnation.com\/2017\/7\/4\/15918738\/everton-summer-spending-lukaku-barkley-transfer-funds-chelsea-tottenham-rumours-news-latest<\/a>.<\/p>\n<p>Vy\u0161\u0161ie uveden\u00e9 \u010d\u00edsla jasne ukazuj\u00fa na fakt \u017ee Everton m\u00e1 zna\u010dn\u00fa sumu na net spending. Hovoria to aj viacer\u00ed novin\u00e1ri, ktor\u00ed maj\u00fa kontakty v\u00a0klube:<\/p>\n<p>Novin\u00e1ri z Liverpool Echo veria, \u017ee Everton m\u00e1 100 mil. libier net spend &#8211;<a href=\"http:\/\/www.liverpoolecho.co.uk\/sport\/football\/transfer-news\/ronald-koemans-everton-signings-far-13105112\" target=\"_blank\" rel=\"noopener\">www.liverpoolecho.co.uk\/sport\/football\/transfer-news\/ronald-koemans-everton-signings-far-13105112<\/a>.<\/p>\n<p>In\u00e9 zdroje predpokladaj\u00fa, \u017ee everton m\u00e1 na prestupy 100 mil. eur (cca 88 mil. libier) &#8211; <a href=\"http:\/\/sportwitness.co.uk\/koeman-e100m-everton-budget-says-dutch-source-personally-pushing-transfer\/\" target=\"_blank\" rel=\"noopener\">www.sportwitness.co.uk\/koeman-e100m-everton-budget-says-dutch-source-personally-pushing-transfer<\/a>.<\/p>\n<p>Tradi\u010dne preh\u00e1\u0148aj\u00faci bulv\u00e1r dokonca uv\u00e1dza, \u017ee EFC m\u00e1 na prestupy 150 mil. libier.<\/p>\n<p>Finan\u010dn\u00e9 pravidl\u00e1 STCC by nemali predstavova\u0165 pre Everton v\u00a0s\u00fa\u010dasnosti relevantn\u00fd obmedzuj\u00faci faktor vzh\u013eadom na prepustenie ve\u013ek\u00e9ho po\u010dtu nechcen\u00fdch hr\u00e1\u010dov z\u00a0mzdovej listiny a predpokladan\u00e9ho pr\u00edjmu z obchodovania s hr\u00e1\u010dmi v novom finan\u010dnom roku 2017\/18.<\/p>\n<p>Ak by niekoho zauj\u00edmalo, ako n\u00e1s ovplyv\u0148uj\u00fa finan\u010dn\u00e9 pravidl\u00e1 Premier League a\u00a0UEFA, tu sa to do\u010d\u00edtate v\u00a0\u010fal\u0161om dobrom \u010dl\u00e1nku The Esk:<\/p>\n<p><a href=\"http:\/\/www.theblueroomefc.com\/2017\/05\/esk-ffp-mean-evertons-transfer-strategy\/\" target=\"_blank\" rel=\"noopener\">www.theblueroomefc.com\/2017\/05\/esk-ffp-mean-evertons-transfer-strategy<\/a><\/p>\n<p>Skuto\u010dn\u00fdmi limituj\u00facimi faktormi v na\u0161ich transferov\u00fdch aktivit\u00e1ch bude chcenie hr\u00e1\u010da prest\u00fapi\u0165 k n\u00e1m a schopnos\u0165 vedenia EFC zmana\u017eova\u0165 podpisy hr\u00e1\u010dov ktor\u00fdch chceme. To druh\u00e9 sa deje v\u00a0prestupovom lete 2017 v\u00a0Evertone tak r\u00fdchlo, rozhodne, dravo a profesion\u00e1lne, ako si to evertonians nepam\u00e4taj\u00fa cca od roku 1988 (mali sme \u201e\u0165ah na br\u00e1nu\u201c a\u00a0kupovali Tony Cotteeho za vtedy v\u00a0UK rekordn\u00fdch 2,2 mil. libier + \u010fal\u0161\u00edch dobr\u00fdch hr\u00e1\u010dov).<\/p>\n<p>Av\u0161ak ur\u010dite nie je (v\u00fdznamnej\u0161\u00edm) limituj\u00facim faktorom na\u0161a finan\u010dn\u00e1 poz\u00edcia.<\/p>\n<p>Tu je p\u00f4vodn\u00fd \u010dl\u00e1nok The Esk:<\/p>\n<p><a href=\"https:\/\/theesk.org\/2017\/06\/01\/do-we-have-a-transfer-war-chest-this-summer\/\" target=\"_blank\" rel=\"noopener\">www.theesk.org\/2017\/06\/01\/do-we-have-a-transfer-war-chest-this-summer<\/a><\/p>\n<\/div>\n","protected":false},"excerpt":{"rendered":"<p>Ko\u013eko a odkia\u013e m\u00e1me finan\u010dn\u00fdch prostriedkov na n\u00e1kup pos\u00edl v\u00a0s\u00fa\u010dasnosti? Na z\u00e1klade \u010dl\u00e1nkov The Esk si to sk\u00fasime nahrubo na\u010drtn\u00fa\u0165.&hellip;<\/p>\n","protected":false},"author":23,"featured_media":1310,"comment_status":"open","ping_status":"closed","sticky":false,"template":"","format":"standard","meta":{"_eb_attr":"","_monsterinsights_skip_tracking":false,"_monsterinsights_sitenote_active":false,"_monsterinsights_sitenote_note":"","_monsterinsights_sitenote_category":0,"footnotes":""},"categories":[39],"tags":[],"yoast_head":"<!-- This site is optimized with the Yoast SEO plugin v23.4 - https:\/\/yoast.com\/wordpress\/plugins\/seo\/ -->\n<title>Odkia\u013e a ko\u013eko m\u00e1 Everton na prestupy? - Official Czech &amp; Slovak Everton Supporters&#039; Club<\/title>\n<meta name=\"robots\" content=\"index, follow, max-snippet:-1, max-image-preview:large, max-video-preview:-1\" \/>\n<link rel=\"canonical\" href=\"https:\/\/evertonfc.cz\/index.php\/2017\/07\/04\/odkial-a-kolko-ma-everton-na-prestupy\/\" \/>\n<meta property=\"og:locale\" content=\"cs_CZ\" \/>\n<meta property=\"og:type\" content=\"article\" \/>\n<meta property=\"og:title\" content=\"Odkia\u013e a ko\u013eko m\u00e1 Everton na prestupy? - Official Czech &amp; Slovak Everton Supporters&#039; Club\" \/>\n<meta property=\"og:description\" content=\"Ko\u013eko a odkia\u013e m\u00e1me finan\u010dn\u00fdch prostriedkov na n\u00e1kup pos\u00edl v\u00a0s\u00fa\u010dasnosti? Na z\u00e1klade \u010dl\u00e1nkov The Esk si to sk\u00fasime nahrubo na\u010drtn\u00fa\u0165.&hellip;\" \/>\n<meta property=\"og:url\" content=\"https:\/\/evertonfc.cz\/index.php\/2017\/07\/04\/odkial-a-kolko-ma-everton-na-prestupy\/\" \/>\n<meta property=\"og:site_name\" content=\"Official Czech &amp; Slovak Everton Supporters&#039; Club\" \/>\n<meta property=\"article:publisher\" content=\"https:\/\/www.facebook.com\/everton.fans.cz.sk\" \/>\n<meta property=\"article:published_time\" content=\"2017-07-04T16:39:28+00:00\" \/>\n<meta property=\"article:modified_time\" content=\"2019-02-10T17:42:01+00:00\" \/>\n<meta property=\"og:image\" content=\"https:\/\/evertonfc.cz\/wp-content\/uploads\/2019\/01\/blog.jpg\" \/>\n\t<meta property=\"og:image:width\" content=\"720\" \/>\n\t<meta property=\"og:image:height\" content=\"405\" \/>\n\t<meta property=\"og:image:type\" content=\"image\/jpeg\" \/>\n<meta name=\"author\" content=\"Everton1878\" \/>\n<meta name=\"twitter:card\" content=\"summary_large_image\" \/>\n<meta name=\"twitter:label1\" content=\"Napsal(a)\" \/>\n\t<meta name=\"twitter:data1\" content=\"Everton1878\" \/>\n\t<meta name=\"twitter:label2\" content=\"Odhadovan\u00e1 doba \u010dten\u00ed\" \/>\n\t<meta name=\"twitter:data2\" content=\"8 minut\" \/>\n<script type=\"application\/ld+json\" class=\"yoast-schema-graph\">{\"@context\":\"https:\/\/schema.org\",\"@graph\":[{\"@type\":\"Article\",\"@id\":\"https:\/\/evertonfc.cz\/index.php\/2017\/07\/04\/odkial-a-kolko-ma-everton-na-prestupy\/#article\",\"isPartOf\":{\"@id\":\"https:\/\/evertonfc.cz\/index.php\/2017\/07\/04\/odkial-a-kolko-ma-everton-na-prestupy\/\"},\"author\":{\"name\":\"Everton1878\",\"@id\":\"https:\/\/evertonfc.cz\/#\/schema\/person\/c495ad9c14eabaab7ff243473d85758c\"},\"headline\":\"Odkia\u013e a ko\u013eko m\u00e1 Everton na prestupy?\",\"datePublished\":\"2017-07-04T16:39:28+00:00\",\"dateModified\":\"2019-02-10T17:42:01+00:00\",\"mainEntityOfPage\":{\"@id\":\"https:\/\/evertonfc.cz\/index.php\/2017\/07\/04\/odkial-a-kolko-ma-everton-na-prestupy\/\"},\"wordCount\":1688,\"commentCount\":0,\"publisher\":{\"@id\":\"https:\/\/evertonfc.cz\/#organization\"},\"image\":{\"@id\":\"https:\/\/evertonfc.cz\/index.php\/2017\/07\/04\/odkial-a-kolko-ma-everton-na-prestupy\/#primaryimage\"},\"thumbnailUrl\":\"https:\/\/evertonfc.cz\/wp-content\/uploads\/2019\/01\/blog.jpg\",\"articleSection\":[\"Blog\"],\"inLanguage\":\"cs\",\"potentialAction\":[{\"@type\":\"CommentAction\",\"name\":\"Comment\",\"target\":[\"https:\/\/evertonfc.cz\/index.php\/2017\/07\/04\/odkial-a-kolko-ma-everton-na-prestupy\/#respond\"]}]},{\"@type\":\"WebPage\",\"@id\":\"https:\/\/evertonfc.cz\/index.php\/2017\/07\/04\/odkial-a-kolko-ma-everton-na-prestupy\/\",\"url\":\"https:\/\/evertonfc.cz\/index.php\/2017\/07\/04\/odkial-a-kolko-ma-everton-na-prestupy\/\",\"name\":\"Odkia\u013e a ko\u013eko m\u00e1 Everton na prestupy? - Official Czech &amp; Slovak Everton Supporters&#039; Club\",\"isPartOf\":{\"@id\":\"https:\/\/evertonfc.cz\/#website\"},\"primaryImageOfPage\":{\"@id\":\"https:\/\/evertonfc.cz\/index.php\/2017\/07\/04\/odkial-a-kolko-ma-everton-na-prestupy\/#primaryimage\"},\"image\":{\"@id\":\"https:\/\/evertonfc.cz\/index.php\/2017\/07\/04\/odkial-a-kolko-ma-everton-na-prestupy\/#primaryimage\"},\"thumbnailUrl\":\"https:\/\/evertonfc.cz\/wp-content\/uploads\/2019\/01\/blog.jpg\",\"datePublished\":\"2017-07-04T16:39:28+00:00\",\"dateModified\":\"2019-02-10T17:42:01+00:00\",\"breadcrumb\":{\"@id\":\"https:\/\/evertonfc.cz\/index.php\/2017\/07\/04\/odkial-a-kolko-ma-everton-na-prestupy\/#breadcrumb\"},\"inLanguage\":\"cs\",\"potentialAction\":[{\"@type\":\"ReadAction\",\"target\":[\"https:\/\/evertonfc.cz\/index.php\/2017\/07\/04\/odkial-a-kolko-ma-everton-na-prestupy\/\"]}]},{\"@type\":\"ImageObject\",\"inLanguage\":\"cs\",\"@id\":\"https:\/\/evertonfc.cz\/index.php\/2017\/07\/04\/odkial-a-kolko-ma-everton-na-prestupy\/#primaryimage\",\"url\":\"https:\/\/evertonfc.cz\/wp-content\/uploads\/2019\/01\/blog.jpg\",\"contentUrl\":\"https:\/\/evertonfc.cz\/wp-content\/uploads\/2019\/01\/blog.jpg\",\"width\":720,\"height\":405},{\"@type\":\"BreadcrumbList\",\"@id\":\"https:\/\/evertonfc.cz\/index.php\/2017\/07\/04\/odkial-a-kolko-ma-everton-na-prestupy\/#breadcrumb\",\"itemListElement\":[{\"@type\":\"ListItem\",\"position\":1,\"name\":\"Home\",\"item\":\"https:\/\/evertonfc.cz\/\"},{\"@type\":\"ListItem\",\"position\":2,\"name\":\"Odkia\u013e a ko\u013eko m\u00e1 Everton na prestupy?\"}]},{\"@type\":\"WebSite\",\"@id\":\"https:\/\/evertonfc.cz\/#website\",\"url\":\"https:\/\/evertonfc.cz\/\",\"name\":\"Official Czech &amp; Slovak Everton Supporters&#039; Club\",\"description\":\"\",\"publisher\":{\"@id\":\"https:\/\/evertonfc.cz\/#organization\"},\"potentialAction\":[{\"@type\":\"SearchAction\",\"target\":{\"@type\":\"EntryPoint\",\"urlTemplate\":\"https:\/\/evertonfc.cz\/?s={search_term_string}\"},\"query-input\":{\"@type\":\"PropertyValueSpecification\",\"valueRequired\":true,\"valueName\":\"search_term_string\"}}],\"inLanguage\":\"cs\"},{\"@type\":\"Organization\",\"@id\":\"https:\/\/evertonfc.cz\/#organization\",\"name\":\"Official Czech & Slovak Everton Supporters' Club\",\"url\":\"https:\/\/evertonfc.cz\/\",\"logo\":{\"@type\":\"ImageObject\",\"inLanguage\":\"cs\",\"@id\":\"https:\/\/evertonfc.cz\/#\/schema\/logo\/image\/\",\"url\":\"https:\/\/evertonfc.cz\/wp-content\/uploads\/2019\/05\/logo.png\",\"contentUrl\":\"https:\/\/evertonfc.cz\/wp-content\/uploads\/2019\/05\/logo.png\",\"width\":112,\"height\":112,\"caption\":\"Official Czech & Slovak Everton Supporters' Club\"},\"image\":{\"@id\":\"https:\/\/evertonfc.cz\/#\/schema\/logo\/image\/\"},\"sameAs\":[\"https:\/\/www.facebook.com\/everton.fans.cz.sk\"]},{\"@type\":\"Person\",\"@id\":\"https:\/\/evertonfc.cz\/#\/schema\/person\/c495ad9c14eabaab7ff243473d85758c\",\"name\":\"Everton1878\",\"url\":\"https:\/\/evertonfc.cz\/index.php\/author\/everton1878\/\"}]}<\/script>\n<!-- \/ Yoast SEO plugin. -->","yoast_head_json":{"title":"Odkia\u013e a ko\u013eko m\u00e1 Everton na prestupy? - Official Czech &amp; Slovak Everton Supporters&#039; Club","robots":{"index":"index","follow":"follow","max-snippet":"max-snippet:-1","max-image-preview":"max-image-preview:large","max-video-preview":"max-video-preview:-1"},"canonical":"https:\/\/evertonfc.cz\/index.php\/2017\/07\/04\/odkial-a-kolko-ma-everton-na-prestupy\/","og_locale":"cs_CZ","og_type":"article","og_title":"Odkia\u013e a ko\u013eko m\u00e1 Everton na prestupy? - Official Czech &amp; Slovak Everton Supporters&#039; Club","og_description":"Ko\u013eko a odkia\u013e m\u00e1me finan\u010dn\u00fdch prostriedkov na n\u00e1kup pos\u00edl v\u00a0s\u00fa\u010dasnosti? Na z\u00e1klade \u010dl\u00e1nkov The Esk si to sk\u00fasime nahrubo na\u010drtn\u00fa\u0165.&hellip;","og_url":"https:\/\/evertonfc.cz\/index.php\/2017\/07\/04\/odkial-a-kolko-ma-everton-na-prestupy\/","og_site_name":"Official Czech &amp; Slovak Everton Supporters&#039; Club","article_publisher":"https:\/\/www.facebook.com\/everton.fans.cz.sk","article_published_time":"2017-07-04T16:39:28+00:00","article_modified_time":"2019-02-10T17:42:01+00:00","og_image":[{"width":720,"height":405,"url":"https:\/\/evertonfc.cz\/wp-content\/uploads\/2019\/01\/blog.jpg","type":"image\/jpeg"}],"author":"Everton1878","twitter_card":"summary_large_image","twitter_misc":{"Napsal(a)":"Everton1878","Odhadovan\u00e1 doba \u010dten\u00ed":"8 minut"},"schema":{"@context":"https:\/\/schema.org","@graph":[{"@type":"Article","@id":"https:\/\/evertonfc.cz\/index.php\/2017\/07\/04\/odkial-a-kolko-ma-everton-na-prestupy\/#article","isPartOf":{"@id":"https:\/\/evertonfc.cz\/index.php\/2017\/07\/04\/odkial-a-kolko-ma-everton-na-prestupy\/"},"author":{"name":"Everton1878","@id":"https:\/\/evertonfc.cz\/#\/schema\/person\/c495ad9c14eabaab7ff243473d85758c"},"headline":"Odkia\u013e a ko\u013eko m\u00e1 Everton na prestupy?","datePublished":"2017-07-04T16:39:28+00:00","dateModified":"2019-02-10T17:42:01+00:00","mainEntityOfPage":{"@id":"https:\/\/evertonfc.cz\/index.php\/2017\/07\/04\/odkial-a-kolko-ma-everton-na-prestupy\/"},"wordCount":1688,"commentCount":0,"publisher":{"@id":"https:\/\/evertonfc.cz\/#organization"},"image":{"@id":"https:\/\/evertonfc.cz\/index.php\/2017\/07\/04\/odkial-a-kolko-ma-everton-na-prestupy\/#primaryimage"},"thumbnailUrl":"https:\/\/evertonfc.cz\/wp-content\/uploads\/2019\/01\/blog.jpg","articleSection":["Blog"],"inLanguage":"cs","potentialAction":[{"@type":"CommentAction","name":"Comment","target":["https:\/\/evertonfc.cz\/index.php\/2017\/07\/04\/odkial-a-kolko-ma-everton-na-prestupy\/#respond"]}]},{"@type":"WebPage","@id":"https:\/\/evertonfc.cz\/index.php\/2017\/07\/04\/odkial-a-kolko-ma-everton-na-prestupy\/","url":"https:\/\/evertonfc.cz\/index.php\/2017\/07\/04\/odkial-a-kolko-ma-everton-na-prestupy\/","name":"Odkia\u013e a ko\u013eko m\u00e1 Everton na prestupy? - Official Czech &amp; Slovak Everton Supporters&#039; Club","isPartOf":{"@id":"https:\/\/evertonfc.cz\/#website"},"primaryImageOfPage":{"@id":"https:\/\/evertonfc.cz\/index.php\/2017\/07\/04\/odkial-a-kolko-ma-everton-na-prestupy\/#primaryimage"},"image":{"@id":"https:\/\/evertonfc.cz\/index.php\/2017\/07\/04\/odkial-a-kolko-ma-everton-na-prestupy\/#primaryimage"},"thumbnailUrl":"https:\/\/evertonfc.cz\/wp-content\/uploads\/2019\/01\/blog.jpg","datePublished":"2017-07-04T16:39:28+00:00","dateModified":"2019-02-10T17:42:01+00:00","breadcrumb":{"@id":"https:\/\/evertonfc.cz\/index.php\/2017\/07\/04\/odkial-a-kolko-ma-everton-na-prestupy\/#breadcrumb"},"inLanguage":"cs","potentialAction":[{"@type":"ReadAction","target":["https:\/\/evertonfc.cz\/index.php\/2017\/07\/04\/odkial-a-kolko-ma-everton-na-prestupy\/"]}]},{"@type":"ImageObject","inLanguage":"cs","@id":"https:\/\/evertonfc.cz\/index.php\/2017\/07\/04\/odkial-a-kolko-ma-everton-na-prestupy\/#primaryimage","url":"https:\/\/evertonfc.cz\/wp-content\/uploads\/2019\/01\/blog.jpg","contentUrl":"https:\/\/evertonfc.cz\/wp-content\/uploads\/2019\/01\/blog.jpg","width":720,"height":405},{"@type":"BreadcrumbList","@id":"https:\/\/evertonfc.cz\/index.php\/2017\/07\/04\/odkial-a-kolko-ma-everton-na-prestupy\/#breadcrumb","itemListElement":[{"@type":"ListItem","position":1,"name":"Home","item":"https:\/\/evertonfc.cz\/"},{"@type":"ListItem","position":2,"name":"Odkia\u013e a ko\u013eko m\u00e1 Everton na prestupy?"}]},{"@type":"WebSite","@id":"https:\/\/evertonfc.cz\/#website","url":"https:\/\/evertonfc.cz\/","name":"Official Czech &amp; Slovak Everton Supporters&#039; Club","description":"","publisher":{"@id":"https:\/\/evertonfc.cz\/#organization"},"potentialAction":[{"@type":"SearchAction","target":{"@type":"EntryPoint","urlTemplate":"https:\/\/evertonfc.cz\/?s={search_term_string}"},"query-input":{"@type":"PropertyValueSpecification","valueRequired":true,"valueName":"search_term_string"}}],"inLanguage":"cs"},{"@type":"Organization","@id":"https:\/\/evertonfc.cz\/#organization","name":"Official Czech & Slovak Everton Supporters' Club","url":"https:\/\/evertonfc.cz\/","logo":{"@type":"ImageObject","inLanguage":"cs","@id":"https:\/\/evertonfc.cz\/#\/schema\/logo\/image\/","url":"https:\/\/evertonfc.cz\/wp-content\/uploads\/2019\/05\/logo.png","contentUrl":"https:\/\/evertonfc.cz\/wp-content\/uploads\/2019\/05\/logo.png","width":112,"height":112,"caption":"Official Czech & Slovak Everton Supporters' Club"},"image":{"@id":"https:\/\/evertonfc.cz\/#\/schema\/logo\/image\/"},"sameAs":["https:\/\/www.facebook.com\/everton.fans.cz.sk"]},{"@type":"Person","@id":"https:\/\/evertonfc.cz\/#\/schema\/person\/c495ad9c14eabaab7ff243473d85758c","name":"Everton1878","url":"https:\/\/evertonfc.cz\/index.php\/author\/everton1878\/"}]}},"_links":{"self":[{"href":"https:\/\/evertonfc.cz\/index.php\/wp-json\/wp\/v2\/posts\/3086"}],"collection":[{"href":"https:\/\/evertonfc.cz\/index.php\/wp-json\/wp\/v2\/posts"}],"about":[{"href":"https:\/\/evertonfc.cz\/index.php\/wp-json\/wp\/v2\/types\/post"}],"author":[{"embeddable":true,"href":"https:\/\/evertonfc.cz\/index.php\/wp-json\/wp\/v2\/users\/23"}],"replies":[{"embeddable":true,"href":"https:\/\/evertonfc.cz\/index.php\/wp-json\/wp\/v2\/comments?post=3086"}],"version-history":[{"count":1,"href":"https:\/\/evertonfc.cz\/index.php\/wp-json\/wp\/v2\/posts\/3086\/revisions"}],"predecessor-version":[{"id":3091,"href":"https:\/\/evertonfc.cz\/index.php\/wp-json\/wp\/v2\/posts\/3086\/revisions\/3091"}],"wp:featuredmedia":[{"embeddable":true,"href":"https:\/\/evertonfc.cz\/index.php\/wp-json\/wp\/v2\/media\/1310"}],"wp:attachment":[{"href":"https:\/\/evertonfc.cz\/index.php\/wp-json\/wp\/v2\/media?parent=3086"}],"wp:term":[{"taxonomy":"category","embeddable":true,"href":"https:\/\/evertonfc.cz\/index.php\/wp-json\/wp\/v2\/categories?post=3086"},{"taxonomy":"post_tag","embeddable":true,"href":"https:\/\/evertonfc.cz\/index.php\/wp-json\/wp\/v2\/tags?post=3086"}],"curies":[{"name":"wp","href":"https:\/\/api.w.org\/{rel}","templated":true}]}}