{"id":3092,"date":"2017-07-03T18:42:14","date_gmt":"2017-07-03T16:42:14","guid":{"rendered":"http:\/\/evertonfc.cz\/?p=3092"},"modified":"2019-02-11T18:35:33","modified_gmt":"2019-02-11T17:35:33","slug":"mosiriho-revoluce-pokracuje-cast-2-michael-keane-a-sandro-ramirez-hraci-evertonu","status":"publish","type":"post","link":"https:\/\/evertonfc.cz\/index.php\/2017\/07\/03\/mosiriho-revoluce-pokracuje-cast-2-michael-keane-a-sandro-ramirez-hraci-evertonu\/","title":{"rendered":"Mo\u0161\u00edr\u00edho revoluce pokra\u010duje, \u010d\u00e1st 2: Michael Keane a Sandro Ram\u00edrez hr\u00e1\u010di Evertonu"},"content":{"rendered":"<h4>Dobr\u00e9 v\u011bci p\u0159ich\u00e1zej\u00ed ve dvojic\u00edch &#8211; \u010d\u00ednsk\u00e9 p\u0159\u00edslov\u00ed.<\/h4>\n<p>Jsou v\u011bci, na kter\u00e9 si \u010dlov\u011bk zvykne snadno. T\u0159eba na koupi nadpr\u016fm\u011brn\u00fdch a\u017e \u0161pi\u010dkov\u00fdch hr\u00e1\u010d\u016f do va\u0161eho obl\u00edben\u00e9ho klubu na za\u010d\u00e1tku p\u0159estupov\u00e9ho obdob\u00ed. 4 takov\u00e9 posily &#8211; a to je teprve t\u0159et\u00ed \u010dervenec? Evertonians si mus\u00ed mnout o\u010di a pak ruce..<\/p>\n<p>Koeman a spol. nezah\u00e1leli. Pry\u010d je minulost, kdy se musela obr\u00e1tit ka\u017ed\u00e1 libra dvakr\u00e1t. Mana\u017eer uk\u00e1zal na posily, veden\u00ed je p\u0159ivedlo, hr\u00e1\u010di podepsali dlouhodobou smlouvu. Tak to m\u00e1 b\u00fdt. A kdo\u017ee to zatou\u017eil od p\u0159\u00ed\u0161t\u00ed sez\u00f3ny poslouchat rozkazy ry\u0161av\u00e9ho Nizozemce?<\/p>\n<p>Vezmeme-li to dnes chronologicky, tak nejd\u0159\u00edve byla pos\u00edlena \u00fato\u010dn\u00e1 \u010d\u00e1st. Z M\u00e1lagy p\u0159i\u0161lo za 5,2 milionu liber (n\u011bkter\u00e9 zdroje uv\u00e1d\u011bj\u00ed \u010d\u00e1stku o 50 tis\u00edc liber vy\u0161\u0161\u00ed) rychlonoh\u00e9 lehkonoh\u00e9 k\u0159id\u00e9lko (kter\u00e9 je schopno hr\u00e1t i hro\u0165\u00e1ka) Sandro Ram\u00edrez. O n\u011bj m\u011blo velk\u00fd z\u00e1jem i Atl\u00e9tico Madrid, ale to je posti\u017eeno z\u00e1kazem p\u0159estup\u016f. Kdy\u017e se do v\u011bci vlo\u017eil Everton a nijak se netajil ochotou v\u00fdkupn\u00ed klauzuli zac\u00e1lovat, tak nebylo o \u010dem. A jak \u0160pan\u011bl charakterizuje s\u00e1m sebe jako hr\u00e1\u010de?<\/p>\n<p><em>\u201eMou silnou str\u00e1nkou je st\u0159\u00edlen\u00ed branek. To je pro t\u00fdm v\u017edy u\u017eite\u010dn\u00e9 a douf\u00e1m, \u017ee t\u00edm pom\u016f\u017eu. M\u00e1 hra je o pohybu bez m\u00ed\u010de, sna\u017e\u00edm se nal\u00e9zat voln\u00fd prostor a hodn\u011b makat. Mysl\u00edm si, \u017ee je to v Premier League v\u00fdhoda.\u201c<\/em><\/p>\n<p>Rod\u00e1k z ostrova Gran Canaria pro\u0161el zn\u00e1mou barcelonskou akademi\u00ed a v M\u00e1laze str\u00e1vil pouze minulou sezonu, kdy v 31 z\u00e1pasech p\u0159ekonal brank\u00e1\u0159e \u0161estn\u00e1ctkr\u00e1t. Doma h\u00fd\u010dk\u00e1 i dv\u011b zlat\u00e9 medaile za v\u00edt\u011bzstv\u00ed v lize pr\u00e1v\u011b s Barcelonou. Smlouva byla podeps\u00e1na na \u010dty\u0159i roky.<\/p>\n<p>O n\u011bco pozd\u011bji byl pos\u00edlen st\u0159ed obrany. Z Burnley p\u0159estoupil Michael Keane za 25 milion\u016f liber, p\u0159i\u010dem\u017e s bonusy m\u016f\u017ee \u010d\u00e1stka vy\u0161plhat a\u017e na 30 mega. Tam odchovanec \u00da\u010dek str\u00e1vil t\u0159i sez\u00f3ny. A jak charakterizovat jeho minulou sez\u00f3nu? No, \u0159ekn\u011bme, \u017ee z Burnley je do reprezentace cest\u00e1 dlouh\u00e1, ale Keane to zvl\u00e1dl a p\u0159ipsal si na ja\u0159e sv\u00e9 prvn\u00ed dva ma\u010de v dresu se svatoji\u0159sk\u00fdm k\u0159\u00ed\u017eem. Hoch se nijak netaj\u00ed faktem, \u017ee k\u00fdvnut\u00ed na nab\u00eddku Evertonu ovlivnily hodn\u011b dva faktory. Prvn\u00edm je fakt, \u017ee Koeman s\u00e1m byl stoper, tud\u00ed\u017e v\u00ed hodn\u011b o tom, jak by m\u011bla tato pozice b\u00fdt hr\u00e1na. A ze sv\u00e9ho hostov\u00e1n\u00ed v Leicesteru zn\u00e1 sou\u010dasn\u00e9ho \u0159editele fotbalov\u00fdch operac\u00ed Evertonu Steva Walshe. Ale ji\u017e dejme slovo nov\u00e9 posile:<\/p>\n<p><em>\u201eEverton jsem v minul\u00e9 sezon\u011b hodn\u011b sledoval a mysl\u00edm si, \u017ee m\u016fj styl vyhovuje zp\u016fsobu, kter\u00fd cht\u011bj\u00ed Toffees hr\u00e1t. Je mi teprve 24, tak\u017ee jsem na stopera v Premier League pom\u011brn\u011b mlad\u00fd. Douf\u00e1m, \u017ee se pod Koemanov\u00fdm veden\u00edm budu zlep\u0161ovat.\u201c<\/em><\/p>\n<p>Michael Keane podepsal smlouvu na p\u011bt let.<\/p>\n","protected":false},"excerpt":{"rendered":"<p>Dobr\u00e9 v\u011bci p\u0159ich\u00e1zej\u00ed ve dvojic\u00edch &#8211; \u010d\u00ednsk\u00e9 p\u0159\u00edslov\u00ed. Jsou v\u011bci, na kter\u00e9 si \u010dlov\u011bk zvykne snadno. T\u0159eba na koupi nadpr\u016fm\u011brn\u00fdch&hellip;<\/p>\n","protected":false},"author":12,"featured_media":1316,"comment_status":"open","ping_status":"closed","sticky":false,"template":"","format":"standard","meta":{"_eb_attr":"","_monsterinsights_skip_tracking":false,"_monsterinsights_sitenote_active":false,"_monsterinsights_sitenote_note":"","_monsterinsights_sitenote_category":0,"footnotes":""},"categories":[41],"tags":[],"yoast_head":"<!-- This site is optimized with the Yoast SEO plugin v23.4 - https:\/\/yoast.com\/wordpress\/plugins\/seo\/ -->\n<title>Mo\u0161\u00edr\u00edho revoluce pokra\u010duje, \u010d\u00e1st 2: Michael Keane a Sandro Ram\u00edrez hr\u00e1\u010di Evertonu - Official Czech &amp; Slovak Everton Supporters&#039; Club<\/title>\n<meta name=\"robots\" content=\"index, follow, max-snippet:-1, max-image-preview:large, max-video-preview:-1\" \/>\n<link rel=\"canonical\" href=\"https:\/\/evertonfc.cz\/index.php\/2017\/07\/03\/mosiriho-revoluce-pokracuje-cast-2-michael-keane-a-sandro-ramirez-hraci-evertonu\/\" \/>\n<meta property=\"og:locale\" content=\"cs_CZ\" \/>\n<meta property=\"og:type\" content=\"article\" \/>\n<meta property=\"og:title\" content=\"Mo\u0161\u00edr\u00edho revoluce pokra\u010duje, \u010d\u00e1st 2: Michael Keane a Sandro Ram\u00edrez hr\u00e1\u010di Evertonu - Official Czech &amp; Slovak Everton Supporters&#039; Club\" \/>\n<meta property=\"og:description\" content=\"Dobr\u00e9 v\u011bci p\u0159ich\u00e1zej\u00ed ve dvojic\u00edch &#8211; \u010d\u00ednsk\u00e9 p\u0159\u00edslov\u00ed. Jsou v\u011bci, na kter\u00e9 si \u010dlov\u011bk zvykne snadno. T\u0159eba na koupi nadpr\u016fm\u011brn\u00fdch&hellip;\" \/>\n<meta property=\"og:url\" content=\"https:\/\/evertonfc.cz\/index.php\/2017\/07\/03\/mosiriho-revoluce-pokracuje-cast-2-michael-keane-a-sandro-ramirez-hraci-evertonu\/\" \/>\n<meta property=\"og:site_name\" content=\"Official Czech &amp; Slovak Everton Supporters&#039; Club\" \/>\n<meta property=\"article:publisher\" content=\"https:\/\/www.facebook.com\/everton.fans.cz.sk\" \/>\n<meta property=\"article:published_time\" content=\"2017-07-03T16:42:14+00:00\" \/>\n<meta property=\"article:modified_time\" content=\"2019-02-11T17:35:33+00:00\" \/>\n<meta property=\"og:image\" content=\"https:\/\/evertonfc.cz\/wp-content\/uploads\/2019\/01\/transfer.jpg\" \/>\n\t<meta property=\"og:image:width\" content=\"720\" \/>\n\t<meta property=\"og:image:height\" content=\"405\" \/>\n\t<meta property=\"og:image:type\" content=\"image\/jpeg\" \/>\n<meta name=\"author\" content=\"Javor\" \/>\n<meta name=\"twitter:card\" content=\"summary_large_image\" \/>\n<meta name=\"twitter:creator\" content=\"@LoudinJan\" \/>\n<meta name=\"twitter:label1\" content=\"Napsal(a)\" \/>\n\t<meta name=\"twitter:data1\" content=\"Javor\" \/>\n\t<meta name=\"twitter:label2\" content=\"Odhadovan\u00e1 doba \u010dten\u00ed\" \/>\n\t<meta name=\"twitter:data2\" content=\"3 minuty\" \/>\n<script type=\"application\/ld+json\" class=\"yoast-schema-graph\">{\"@context\":\"https:\/\/schema.org\",\"@graph\":[{\"@type\":\"Article\",\"@id\":\"https:\/\/evertonfc.cz\/index.php\/2017\/07\/03\/mosiriho-revoluce-pokracuje-cast-2-michael-keane-a-sandro-ramirez-hraci-evertonu\/#article\",\"isPartOf\":{\"@id\":\"https:\/\/evertonfc.cz\/index.php\/2017\/07\/03\/mosiriho-revoluce-pokracuje-cast-2-michael-keane-a-sandro-ramirez-hraci-evertonu\/\"},\"author\":{\"name\":\"Javor\",\"@id\":\"https:\/\/evertonfc.cz\/#\/schema\/person\/b30daf6a5852f4811f8207a17ec1bf78\"},\"headline\":\"Mo\u0161\u00edr\u00edho revoluce pokra\u010duje, \u010d\u00e1st 2: Michael Keane a Sandro Ram\u00edrez hr\u00e1\u010di Evertonu\",\"datePublished\":\"2017-07-03T16:42:14+00:00\",\"dateModified\":\"2019-02-11T17:35:33+00:00\",\"mainEntityOfPage\":{\"@id\":\"https:\/\/evertonfc.cz\/index.php\/2017\/07\/03\/mosiriho-revoluce-pokracuje-cast-2-michael-keane-a-sandro-ramirez-hraci-evertonu\/\"},\"wordCount\":565,\"commentCount\":0,\"publisher\":{\"@id\":\"https:\/\/evertonfc.cz\/#organization\"},\"image\":{\"@id\":\"https:\/\/evertonfc.cz\/index.php\/2017\/07\/03\/mosiriho-revoluce-pokracuje-cast-2-michael-keane-a-sandro-ramirez-hraci-evertonu\/#primaryimage\"},\"thumbnailUrl\":\"https:\/\/evertonfc.cz\/wp-content\/uploads\/2019\/01\/transfer.jpg\",\"articleSection\":[\"P\u0159estupy\"],\"inLanguage\":\"cs\",\"potentialAction\":[{\"@type\":\"CommentAction\",\"name\":\"Comment\",\"target\":[\"https:\/\/evertonfc.cz\/index.php\/2017\/07\/03\/mosiriho-revoluce-pokracuje-cast-2-michael-keane-a-sandro-ramirez-hraci-evertonu\/#respond\"]}]},{\"@type\":\"WebPage\",\"@id\":\"https:\/\/evertonfc.cz\/index.php\/2017\/07\/03\/mosiriho-revoluce-pokracuje-cast-2-michael-keane-a-sandro-ramirez-hraci-evertonu\/\",\"url\":\"https:\/\/evertonfc.cz\/index.php\/2017\/07\/03\/mosiriho-revoluce-pokracuje-cast-2-michael-keane-a-sandro-ramirez-hraci-evertonu\/\",\"name\":\"Mo\u0161\u00edr\u00edho revoluce pokra\u010duje, \u010d\u00e1st 2: Michael Keane a Sandro Ram\u00edrez hr\u00e1\u010di Evertonu - Official Czech &amp; Slovak Everton Supporters&#039; Club\",\"isPartOf\":{\"@id\":\"https:\/\/evertonfc.cz\/#website\"},\"primaryImageOfPage\":{\"@id\":\"https:\/\/evertonfc.cz\/index.php\/2017\/07\/03\/mosiriho-revoluce-pokracuje-cast-2-michael-keane-a-sandro-ramirez-hraci-evertonu\/#primaryimage\"},\"image\":{\"@id\":\"https:\/\/evertonfc.cz\/index.php\/2017\/07\/03\/mosiriho-revoluce-pokracuje-cast-2-michael-keane-a-sandro-ramirez-hraci-evertonu\/#primaryimage\"},\"thumbnailUrl\":\"https:\/\/evertonfc.cz\/wp-content\/uploads\/2019\/01\/transfer.jpg\",\"datePublished\":\"2017-07-03T16:42:14+00:00\",\"dateModified\":\"2019-02-11T17:35:33+00:00\",\"breadcrumb\":{\"@id\":\"https:\/\/evertonfc.cz\/index.php\/2017\/07\/03\/mosiriho-revoluce-pokracuje-cast-2-michael-keane-a-sandro-ramirez-hraci-evertonu\/#breadcrumb\"},\"inLanguage\":\"cs\",\"potentialAction\":[{\"@type\":\"ReadAction\",\"target\":[\"https:\/\/evertonfc.cz\/index.php\/2017\/07\/03\/mosiriho-revoluce-pokracuje-cast-2-michael-keane-a-sandro-ramirez-hraci-evertonu\/\"]}]},{\"@type\":\"ImageObject\",\"inLanguage\":\"cs\",\"@id\":\"https:\/\/evertonfc.cz\/index.php\/2017\/07\/03\/mosiriho-revoluce-pokracuje-cast-2-michael-keane-a-sandro-ramirez-hraci-evertonu\/#primaryimage\",\"url\":\"https:\/\/evertonfc.cz\/wp-content\/uploads\/2019\/01\/transfer.jpg\",\"contentUrl\":\"https:\/\/evertonfc.cz\/wp-content\/uploads\/2019\/01\/transfer.jpg\",\"width\":720,\"height\":405},{\"@type\":\"BreadcrumbList\",\"@id\":\"https:\/\/evertonfc.cz\/index.php\/2017\/07\/03\/mosiriho-revoluce-pokracuje-cast-2-michael-keane-a-sandro-ramirez-hraci-evertonu\/#breadcrumb\",\"itemListElement\":[{\"@type\":\"ListItem\",\"position\":1,\"name\":\"Home\",\"item\":\"https:\/\/evertonfc.cz\/\"},{\"@type\":\"ListItem\",\"position\":2,\"name\":\"Mo\u0161\u00edr\u00edho revoluce pokra\u010duje, \u010d\u00e1st 2: Michael Keane a Sandro Ram\u00edrez hr\u00e1\u010di Evertonu\"}]},{\"@type\":\"WebSite\",\"@id\":\"https:\/\/evertonfc.cz\/#website\",\"url\":\"https:\/\/evertonfc.cz\/\",\"name\":\"Official Czech &amp; Slovak Everton Supporters&#039; Club\",\"description\":\"\",\"publisher\":{\"@id\":\"https:\/\/evertonfc.cz\/#organization\"},\"potentialAction\":[{\"@type\":\"SearchAction\",\"target\":{\"@type\":\"EntryPoint\",\"urlTemplate\":\"https:\/\/evertonfc.cz\/?s={search_term_string}\"},\"query-input\":{\"@type\":\"PropertyValueSpecification\",\"valueRequired\":true,\"valueName\":\"search_term_string\"}}],\"inLanguage\":\"cs\"},{\"@type\":\"Organization\",\"@id\":\"https:\/\/evertonfc.cz\/#organization\",\"name\":\"Official Czech & Slovak Everton Supporters' Club\",\"url\":\"https:\/\/evertonfc.cz\/\",\"logo\":{\"@type\":\"ImageObject\",\"inLanguage\":\"cs\",\"@id\":\"https:\/\/evertonfc.cz\/#\/schema\/logo\/image\/\",\"url\":\"https:\/\/evertonfc.cz\/wp-content\/uploads\/2019\/05\/logo.png\",\"contentUrl\":\"https:\/\/evertonfc.cz\/wp-content\/uploads\/2019\/05\/logo.png\",\"width\":112,\"height\":112,\"caption\":\"Official Czech & Slovak Everton Supporters' Club\"},\"image\":{\"@id\":\"https:\/\/evertonfc.cz\/#\/schema\/logo\/image\/\"},\"sameAs\":[\"https:\/\/www.facebook.com\/everton.fans.cz.sk\"]},{\"@type\":\"Person\",\"@id\":\"https:\/\/evertonfc.cz\/#\/schema\/person\/b30daf6a5852f4811f8207a17ec1bf78\",\"name\":\"Javor\",\"sameAs\":[\"https:\/\/x.com\/LoudinJan\"],\"url\":\"https:\/\/evertonfc.cz\/index.php\/author\/javor\/\"}]}<\/script>\n<!-- \/ Yoast SEO plugin. -->","yoast_head_json":{"title":"Mo\u0161\u00edr\u00edho revoluce pokra\u010duje, \u010d\u00e1st 2: Michael Keane a Sandro Ram\u00edrez hr\u00e1\u010di Evertonu - Official Czech &amp; Slovak Everton Supporters&#039; Club","robots":{"index":"index","follow":"follow","max-snippet":"max-snippet:-1","max-image-preview":"max-image-preview:large","max-video-preview":"max-video-preview:-1"},"canonical":"https:\/\/evertonfc.cz\/index.php\/2017\/07\/03\/mosiriho-revoluce-pokracuje-cast-2-michael-keane-a-sandro-ramirez-hraci-evertonu\/","og_locale":"cs_CZ","og_type":"article","og_title":"Mo\u0161\u00edr\u00edho revoluce pokra\u010duje, \u010d\u00e1st 2: Michael Keane a Sandro Ram\u00edrez hr\u00e1\u010di Evertonu - Official Czech &amp; Slovak Everton Supporters&#039; Club","og_description":"Dobr\u00e9 v\u011bci p\u0159ich\u00e1zej\u00ed ve dvojic\u00edch &#8211; \u010d\u00ednsk\u00e9 p\u0159\u00edslov\u00ed. Jsou v\u011bci, na kter\u00e9 si \u010dlov\u011bk zvykne snadno. T\u0159eba na koupi nadpr\u016fm\u011brn\u00fdch&hellip;","og_url":"https:\/\/evertonfc.cz\/index.php\/2017\/07\/03\/mosiriho-revoluce-pokracuje-cast-2-michael-keane-a-sandro-ramirez-hraci-evertonu\/","og_site_name":"Official Czech &amp; Slovak Everton Supporters&#039; Club","article_publisher":"https:\/\/www.facebook.com\/everton.fans.cz.sk","article_published_time":"2017-07-03T16:42:14+00:00","article_modified_time":"2019-02-11T17:35:33+00:00","og_image":[{"width":720,"height":405,"url":"https:\/\/evertonfc.cz\/wp-content\/uploads\/2019\/01\/transfer.jpg","type":"image\/jpeg"}],"author":"Javor","twitter_card":"summary_large_image","twitter_creator":"@LoudinJan","twitter_misc":{"Napsal(a)":"Javor","Odhadovan\u00e1 doba \u010dten\u00ed":"3 minuty"},"schema":{"@context":"https:\/\/schema.org","@graph":[{"@type":"Article","@id":"https:\/\/evertonfc.cz\/index.php\/2017\/07\/03\/mosiriho-revoluce-pokracuje-cast-2-michael-keane-a-sandro-ramirez-hraci-evertonu\/#article","isPartOf":{"@id":"https:\/\/evertonfc.cz\/index.php\/2017\/07\/03\/mosiriho-revoluce-pokracuje-cast-2-michael-keane-a-sandro-ramirez-hraci-evertonu\/"},"author":{"name":"Javor","@id":"https:\/\/evertonfc.cz\/#\/schema\/person\/b30daf6a5852f4811f8207a17ec1bf78"},"headline":"Mo\u0161\u00edr\u00edho revoluce pokra\u010duje, \u010d\u00e1st 2: Michael Keane a Sandro Ram\u00edrez hr\u00e1\u010di Evertonu","datePublished":"2017-07-03T16:42:14+00:00","dateModified":"2019-02-11T17:35:33+00:00","mainEntityOfPage":{"@id":"https:\/\/evertonfc.cz\/index.php\/2017\/07\/03\/mosiriho-revoluce-pokracuje-cast-2-michael-keane-a-sandro-ramirez-hraci-evertonu\/"},"wordCount":565,"commentCount":0,"publisher":{"@id":"https:\/\/evertonfc.cz\/#organization"},"image":{"@id":"https:\/\/evertonfc.cz\/index.php\/2017\/07\/03\/mosiriho-revoluce-pokracuje-cast-2-michael-keane-a-sandro-ramirez-hraci-evertonu\/#primaryimage"},"thumbnailUrl":"https:\/\/evertonfc.cz\/wp-content\/uploads\/2019\/01\/transfer.jpg","articleSection":["P\u0159estupy"],"inLanguage":"cs","potentialAction":[{"@type":"CommentAction","name":"Comment","target":["https:\/\/evertonfc.cz\/index.php\/2017\/07\/03\/mosiriho-revoluce-pokracuje-cast-2-michael-keane-a-sandro-ramirez-hraci-evertonu\/#respond"]}]},{"@type":"WebPage","@id":"https:\/\/evertonfc.cz\/index.php\/2017\/07\/03\/mosiriho-revoluce-pokracuje-cast-2-michael-keane-a-sandro-ramirez-hraci-evertonu\/","url":"https:\/\/evertonfc.cz\/index.php\/2017\/07\/03\/mosiriho-revoluce-pokracuje-cast-2-michael-keane-a-sandro-ramirez-hraci-evertonu\/","name":"Mo\u0161\u00edr\u00edho revoluce pokra\u010duje, \u010d\u00e1st 2: Michael Keane a Sandro Ram\u00edrez hr\u00e1\u010di Evertonu - Official Czech &amp; Slovak Everton Supporters&#039; Club","isPartOf":{"@id":"https:\/\/evertonfc.cz\/#website"},"primaryImageOfPage":{"@id":"https:\/\/evertonfc.cz\/index.php\/2017\/07\/03\/mosiriho-revoluce-pokracuje-cast-2-michael-keane-a-sandro-ramirez-hraci-evertonu\/#primaryimage"},"image":{"@id":"https:\/\/evertonfc.cz\/index.php\/2017\/07\/03\/mosiriho-revoluce-pokracuje-cast-2-michael-keane-a-sandro-ramirez-hraci-evertonu\/#primaryimage"},"thumbnailUrl":"https:\/\/evertonfc.cz\/wp-content\/uploads\/2019\/01\/transfer.jpg","datePublished":"2017-07-03T16:42:14+00:00","dateModified":"2019-02-11T17:35:33+00:00","breadcrumb":{"@id":"https:\/\/evertonfc.cz\/index.php\/2017\/07\/03\/mosiriho-revoluce-pokracuje-cast-2-michael-keane-a-sandro-ramirez-hraci-evertonu\/#breadcrumb"},"inLanguage":"cs","potentialAction":[{"@type":"ReadAction","target":["https:\/\/evertonfc.cz\/index.php\/2017\/07\/03\/mosiriho-revoluce-pokracuje-cast-2-michael-keane-a-sandro-ramirez-hraci-evertonu\/"]}]},{"@type":"ImageObject","inLanguage":"cs","@id":"https:\/\/evertonfc.cz\/index.php\/2017\/07\/03\/mosiriho-revoluce-pokracuje-cast-2-michael-keane-a-sandro-ramirez-hraci-evertonu\/#primaryimage","url":"https:\/\/evertonfc.cz\/wp-content\/uploads\/2019\/01\/transfer.jpg","contentUrl":"https:\/\/evertonfc.cz\/wp-content\/uploads\/2019\/01\/transfer.jpg","width":720,"height":405},{"@type":"BreadcrumbList","@id":"https:\/\/evertonfc.cz\/index.php\/2017\/07\/03\/mosiriho-revoluce-pokracuje-cast-2-michael-keane-a-sandro-ramirez-hraci-evertonu\/#breadcrumb","itemListElement":[{"@type":"ListItem","position":1,"name":"Home","item":"https:\/\/evertonfc.cz\/"},{"@type":"ListItem","position":2,"name":"Mo\u0161\u00edr\u00edho revoluce pokra\u010duje, \u010d\u00e1st 2: Michael Keane a Sandro Ram\u00edrez hr\u00e1\u010di Evertonu"}]},{"@type":"WebSite","@id":"https:\/\/evertonfc.cz\/#website","url":"https:\/\/evertonfc.cz\/","name":"Official Czech &amp; Slovak Everton Supporters&#039; Club","description":"","publisher":{"@id":"https:\/\/evertonfc.cz\/#organization"},"potentialAction":[{"@type":"SearchAction","target":{"@type":"EntryPoint","urlTemplate":"https:\/\/evertonfc.cz\/?s={search_term_string}"},"query-input":{"@type":"PropertyValueSpecification","valueRequired":true,"valueName":"search_term_string"}}],"inLanguage":"cs"},{"@type":"Organization","@id":"https:\/\/evertonfc.cz\/#organization","name":"Official Czech & Slovak Everton Supporters' Club","url":"https:\/\/evertonfc.cz\/","logo":{"@type":"ImageObject","inLanguage":"cs","@id":"https:\/\/evertonfc.cz\/#\/schema\/logo\/image\/","url":"https:\/\/evertonfc.cz\/wp-content\/uploads\/2019\/05\/logo.png","contentUrl":"https:\/\/evertonfc.cz\/wp-content\/uploads\/2019\/05\/logo.png","width":112,"height":112,"caption":"Official Czech & Slovak Everton Supporters' Club"},"image":{"@id":"https:\/\/evertonfc.cz\/#\/schema\/logo\/image\/"},"sameAs":["https:\/\/www.facebook.com\/everton.fans.cz.sk"]},{"@type":"Person","@id":"https:\/\/evertonfc.cz\/#\/schema\/person\/b30daf6a5852f4811f8207a17ec1bf78","name":"Javor","sameAs":["https:\/\/x.com\/LoudinJan"],"url":"https:\/\/evertonfc.cz\/index.php\/author\/javor\/"}]}},"_links":{"self":[{"href":"https:\/\/evertonfc.cz\/index.php\/wp-json\/wp\/v2\/posts\/3092"}],"collection":[{"href":"https:\/\/evertonfc.cz\/index.php\/wp-json\/wp\/v2\/posts"}],"about":[{"href":"https:\/\/evertonfc.cz\/index.php\/wp-json\/wp\/v2\/types\/post"}],"author":[{"embeddable":true,"href":"https:\/\/evertonfc.cz\/index.php\/wp-json\/wp\/v2\/users\/12"}],"replies":[{"embeddable":true,"href":"https:\/\/evertonfc.cz\/index.php\/wp-json\/wp\/v2\/comments?post=3092"}],"version-history":[{"count":3,"href":"https:\/\/evertonfc.cz\/index.php\/wp-json\/wp\/v2\/posts\/3092\/revisions"}],"predecessor-version":[{"id":3479,"href":"https:\/\/evertonfc.cz\/index.php\/wp-json\/wp\/v2\/posts\/3092\/revisions\/3479"}],"wp:featuredmedia":[{"embeddable":true,"href":"https:\/\/evertonfc.cz\/index.php\/wp-json\/wp\/v2\/media\/1316"}],"wp:attachment":[{"href":"https:\/\/evertonfc.cz\/index.php\/wp-json\/wp\/v2\/media?parent=3092"}],"wp:term":[{"taxonomy":"category","embeddable":true,"href":"https:\/\/evertonfc.cz\/index.php\/wp-json\/wp\/v2\/categories?post=3092"},{"taxonomy":"post_tag","embeddable":true,"href":"https:\/\/evertonfc.cz\/index.php\/wp-json\/wp\/v2\/tags?post=3092"}],"curies":[{"name":"wp","href":"https:\/\/api.w.org\/{rel}","templated":true}]}}