{"id":3095,"date":"2017-06-30T18:43:19","date_gmt":"2017-06-30T16:43:19","guid":{"rendered":"http:\/\/evertonfc.cz\/?p=3095"},"modified":"2019-02-10T18:44:15","modified_gmt":"2019-02-10T17:44:15","slug":"deulofeu-zpatky-v-barce-onyekuru-hracem-evertonu","status":"publish","type":"post","link":"https:\/\/evertonfc.cz\/index.php\/2017\/06\/30\/deulofeu-zpatky-v-barce-onyekuru-hracem-evertonu\/","title":{"rendered":"Deulofeu zp\u00e1tky v Barce, Onyekuru hr\u00e1\u010dem Evertonu"},"content":{"rendered":"<h4 id=\"NewsPostDetailSummary\">Barcelona uplatnila opci na zp\u011btn\u00fd odkup Gerarda Deulofea, kter\u00fd na Goodison Park p\u0159estoupil p\u0159ed dv\u011bma lety. Modr\u00e9 barvy naopak bude obl\u00e9kat, tedy nejprve a\u017e za rok, talentovan\u00fd \u00fato\u010dn\u00edk Henry Onyekuru.<\/h4>\n<div id=\"NewsPostDetailContent\">\n<p>Deulofeu poprv\u00e9 zam\u00ed\u0159il do Evertonu p\u0159ed sez\u00f3nou 2013\/14 a z\u00e1sluhou poveden\u00e9ho hostov\u00e1n\u00ed zanechal dobr\u00fd dojem. Proto mana\u017eer Roberto Mart\u00ednez v\u00a0l\u00e9t\u011b 2015, kdy m\u011bl \u0161anci hr\u00e1\u010de z\u00edskat na trval\u00fd p\u0159estup, nev\u00e1hal. Barcelona dostala 4,3 milionu liber, p\u0159i\u010dem\u017e v transferu byla zakotvena dva roky trvaj\u00edc\u00ed opce na zp\u011btn\u00fd odkup.<\/p>\n<p>Tuto mo\u017enost Katal\u00e1nci vyu\u017eili v posledn\u00ed \u010dervnov\u00fd den, zpr\u00e1vu ozn\u00e1mili prost\u0159ednictv\u00edm sv\u00e9ho ofici\u00e1ln\u00edho webu. BBC informuje, \u017ee \u010d\u00e1stka za p\u0159estup se pohybuje kolem 10,6 milionu liber. Na Camp Nou t\u0159iadvacetilet\u00fd k\u0159\u00eddeln\u00edk zabojuje o m\u00edsto v sestav\u011b nov\u00e9ho tren\u00e9ra Ernesta Valverdeho. Okam\u017eit\u00fd prodej nep\u0159ipad\u00e1 v \u00favahu, jeliko\u017e podle d\u0159\u00edv\u011bj\u0161\u00ed dohody ho Barcelona m\u016f\u017ee zpen\u011b\u017eit nejd\u0159\u00edve za rok.<\/p>\n<p>Deulofeu za Toffees odehr\u00e1l 36 z\u00e1pas\u016f v z\u00e1kladn\u00ed sestav\u011b a do dal\u0161\u00edch 39 zas\u00e1hl z lavi\u010dky. G\u00f3l\u016f vst\u0159elil osm a na 19 jich p\u0159ihr\u00e1l. S p\u0159\u00edchodem Ronalda Koemana si moc fotbalu neu\u017eil, a tak na ja\u0159e zvolil hostov\u00e1n\u00ed v AC Mil\u00e1n. Po klubov\u00fdch povinnostech si s\u00a0radost\u00ed odjel plnit ty reprezenta\u010dn\u00ed do Polska na mistrovstv\u00ed Evropy fotbalist\u016f do 21 let. V\u00a0Krakov\u011b dnes ve\u010der povede \u0160pan\u011bly jako kapit\u00e1n do fin\u00e1le proti N\u011bmecku.<\/p>\n<p>Jinou novinou je podpis velmi talentovan\u00e9ho \u00fato\u010dn\u00edka. Henry Onyekuru se v ned\u00e1vno skon\u010den\u00e9 sez\u00f3n\u011b stal s 22 g\u00f3ly nejlep\u0161\u00edm st\u0159elcem belgick\u00e9m ligy a nyn\u00ed si vyslou\u017eil anga\u017em\u00e1 v\u00a0Evertonu, jen\u017e za n\u011bj klubu KAS Eupen zaplatil 7 milion\u016f liber, jak zn\u00ed neofici\u00e1ln\u00ed odhady (op\u011bt BBC).<\/p>\n<p>Dvacetilet\u00fd Nigerijec v\u0161ak je\u0161t\u011b z\u016fstane za Laman\u0161sk\u00fdm pr\u016flivem. Hlavn\u011b kv\u016fli nespln\u011bn\u00fdm podm\u00ednk\u00e1m pro vyd\u00e1n\u00ed pracovn\u00edho povolen\u00ed str\u00e1v\u00ed rok na hostov\u00e1n\u00ed v Anderlechtu, kde se mu nask\u00fdt\u00e1 mo\u017enost okusit Ligu mistr\u016f.<\/p>\n<p>V\u00a0belgick\u00e9m KAS Eupen p\u016fsobil dva roky, p\u0159edt\u00edm se od 13 let fotbalov\u011b vzd\u011bl\u00e1val v\u00a0katarsk\u00e9 Aspire Academy. P\u0159ed m\u011bs\u00edcem debutoval v\u00a0nigerijsk\u00e9 seniorsk\u00e9 reprezentaci.<\/p>\n<p>175 centimetr\u016f vysok\u00fd Onyekuru\u00a0m\u016f\u017ee nastoupit na v\u0161ech postech v \u00fatoku, nejl\u00e9pe se ale c\u00edt\u00ed na lev\u00e9 stran\u011b. Obr\u00e1nce zlob\u00ed <a href=\"https:\/\/www.youtube.com\/watch?v=sQrkMMentKE\" target=\"_blank\" rel=\"noopener\">jeho rychlost a veden\u00ed m\u00ed\u010de<\/a>.<\/p>\n<\/div>\n","protected":false},"excerpt":{"rendered":"<p>Barcelona uplatnila opci na zp\u011btn\u00fd odkup Gerarda Deulofea, kter\u00fd na Goodison Park p\u0159estoupil p\u0159ed dv\u011bma lety. Modr\u00e9 barvy naopak bude&hellip;<\/p>\n","protected":false},"author":6,"featured_media":1316,"comment_status":"open","ping_status":"closed","sticky":false,"template":"","format":"standard","meta":{"_eb_attr":"","_monsterinsights_skip_tracking":false,"_monsterinsights_sitenote_active":false,"_monsterinsights_sitenote_note":"","_monsterinsights_sitenote_category":0,"footnotes":""},"categories":[41],"tags":[],"yoast_head":"<!-- This site is optimized with the Yoast SEO plugin v23.4 - https:\/\/yoast.com\/wordpress\/plugins\/seo\/ -->\n<title>Deulofeu zp\u00e1tky v Barce, Onyekuru hr\u00e1\u010dem Evertonu - Official Czech &amp; Slovak Everton Supporters&#039; Club<\/title>\n<meta name=\"robots\" content=\"index, follow, max-snippet:-1, max-image-preview:large, max-video-preview:-1\" \/>\n<link rel=\"canonical\" href=\"https:\/\/evertonfc.cz\/index.php\/2017\/06\/30\/deulofeu-zpatky-v-barce-onyekuru-hracem-evertonu\/\" \/>\n<meta property=\"og:locale\" content=\"cs_CZ\" \/>\n<meta property=\"og:type\" content=\"article\" \/>\n<meta property=\"og:title\" content=\"Deulofeu zp\u00e1tky v Barce, Onyekuru hr\u00e1\u010dem Evertonu - Official Czech &amp; Slovak Everton Supporters&#039; Club\" \/>\n<meta property=\"og:description\" content=\"Barcelona uplatnila opci na zp\u011btn\u00fd odkup Gerarda Deulofea, kter\u00fd na Goodison Park p\u0159estoupil p\u0159ed dv\u011bma lety. Modr\u00e9 barvy naopak bude&hellip;\" \/>\n<meta property=\"og:url\" content=\"https:\/\/evertonfc.cz\/index.php\/2017\/06\/30\/deulofeu-zpatky-v-barce-onyekuru-hracem-evertonu\/\" \/>\n<meta property=\"og:site_name\" content=\"Official Czech &amp; Slovak Everton Supporters&#039; Club\" \/>\n<meta property=\"article:publisher\" content=\"https:\/\/www.facebook.com\/everton.fans.cz.sk\" \/>\n<meta property=\"article:published_time\" content=\"2017-06-30T16:43:19+00:00\" \/>\n<meta property=\"article:modified_time\" content=\"2019-02-10T17:44:15+00:00\" \/>\n<meta property=\"og:image\" content=\"https:\/\/evertonfc.cz\/wp-content\/uploads\/2019\/01\/transfer.jpg\" \/>\n\t<meta property=\"og:image:width\" content=\"720\" \/>\n\t<meta property=\"og:image:height\" content=\"405\" \/>\n\t<meta property=\"og:image:type\" content=\"image\/jpeg\" \/>\n<meta name=\"author\" content=\"Ri\u010di\" \/>\n<meta name=\"twitter:card\" content=\"summary_large_image\" \/>\n<meta name=\"twitter:creator\" content=\"@rbrejsa\" \/>\n<meta name=\"twitter:label1\" content=\"Napsal(a)\" \/>\n\t<meta name=\"twitter:data1\" content=\"Ri\u010di\" \/>\n\t<meta name=\"twitter:label2\" content=\"Odhadovan\u00e1 doba \u010dten\u00ed\" \/>\n\t<meta name=\"twitter:data2\" content=\"2 minuty\" \/>\n<script type=\"application\/ld+json\" class=\"yoast-schema-graph\">{\"@context\":\"https:\/\/schema.org\",\"@graph\":[{\"@type\":\"Article\",\"@id\":\"https:\/\/evertonfc.cz\/index.php\/2017\/06\/30\/deulofeu-zpatky-v-barce-onyekuru-hracem-evertonu\/#article\",\"isPartOf\":{\"@id\":\"https:\/\/evertonfc.cz\/index.php\/2017\/06\/30\/deulofeu-zpatky-v-barce-onyekuru-hracem-evertonu\/\"},\"author\":{\"name\":\"Ri\u010di\",\"@id\":\"https:\/\/evertonfc.cz\/#\/schema\/person\/f7a5daedb2ffee98480bc70e191aaef1\"},\"headline\":\"Deulofeu zp\u00e1tky v Barce, Onyekuru hr\u00e1\u010dem Evertonu\",\"datePublished\":\"2017-06-30T16:43:19+00:00\",\"dateModified\":\"2019-02-10T17:44:15+00:00\",\"mainEntityOfPage\":{\"@id\":\"https:\/\/evertonfc.cz\/index.php\/2017\/06\/30\/deulofeu-zpatky-v-barce-onyekuru-hracem-evertonu\/\"},\"wordCount\":446,\"commentCount\":0,\"publisher\":{\"@id\":\"https:\/\/evertonfc.cz\/#organization\"},\"image\":{\"@id\":\"https:\/\/evertonfc.cz\/index.php\/2017\/06\/30\/deulofeu-zpatky-v-barce-onyekuru-hracem-evertonu\/#primaryimage\"},\"thumbnailUrl\":\"https:\/\/evertonfc.cz\/wp-content\/uploads\/2019\/01\/transfer.jpg\",\"articleSection\":[\"P\u0159estupy\"],\"inLanguage\":\"cs\",\"potentialAction\":[{\"@type\":\"CommentAction\",\"name\":\"Comment\",\"target\":[\"https:\/\/evertonfc.cz\/index.php\/2017\/06\/30\/deulofeu-zpatky-v-barce-onyekuru-hracem-evertonu\/#respond\"]}]},{\"@type\":\"WebPage\",\"@id\":\"https:\/\/evertonfc.cz\/index.php\/2017\/06\/30\/deulofeu-zpatky-v-barce-onyekuru-hracem-evertonu\/\",\"url\":\"https:\/\/evertonfc.cz\/index.php\/2017\/06\/30\/deulofeu-zpatky-v-barce-onyekuru-hracem-evertonu\/\",\"name\":\"Deulofeu zp\u00e1tky v Barce, Onyekuru hr\u00e1\u010dem Evertonu - Official Czech &amp; Slovak Everton Supporters&#039; Club\",\"isPartOf\":{\"@id\":\"https:\/\/evertonfc.cz\/#website\"},\"primaryImageOfPage\":{\"@id\":\"https:\/\/evertonfc.cz\/index.php\/2017\/06\/30\/deulofeu-zpatky-v-barce-onyekuru-hracem-evertonu\/#primaryimage\"},\"image\":{\"@id\":\"https:\/\/evertonfc.cz\/index.php\/2017\/06\/30\/deulofeu-zpatky-v-barce-onyekuru-hracem-evertonu\/#primaryimage\"},\"thumbnailUrl\":\"https:\/\/evertonfc.cz\/wp-content\/uploads\/2019\/01\/transfer.jpg\",\"datePublished\":\"2017-06-30T16:43:19+00:00\",\"dateModified\":\"2019-02-10T17:44:15+00:00\",\"breadcrumb\":{\"@id\":\"https:\/\/evertonfc.cz\/index.php\/2017\/06\/30\/deulofeu-zpatky-v-barce-onyekuru-hracem-evertonu\/#breadcrumb\"},\"inLanguage\":\"cs\",\"potentialAction\":[{\"@type\":\"ReadAction\",\"target\":[\"https:\/\/evertonfc.cz\/index.php\/2017\/06\/30\/deulofeu-zpatky-v-barce-onyekuru-hracem-evertonu\/\"]}]},{\"@type\":\"ImageObject\",\"inLanguage\":\"cs\",\"@id\":\"https:\/\/evertonfc.cz\/index.php\/2017\/06\/30\/deulofeu-zpatky-v-barce-onyekuru-hracem-evertonu\/#primaryimage\",\"url\":\"https:\/\/evertonfc.cz\/wp-content\/uploads\/2019\/01\/transfer.jpg\",\"contentUrl\":\"https:\/\/evertonfc.cz\/wp-content\/uploads\/2019\/01\/transfer.jpg\",\"width\":720,\"height\":405},{\"@type\":\"BreadcrumbList\",\"@id\":\"https:\/\/evertonfc.cz\/index.php\/2017\/06\/30\/deulofeu-zpatky-v-barce-onyekuru-hracem-evertonu\/#breadcrumb\",\"itemListElement\":[{\"@type\":\"ListItem\",\"position\":1,\"name\":\"Home\",\"item\":\"https:\/\/evertonfc.cz\/\"},{\"@type\":\"ListItem\",\"position\":2,\"name\":\"Deulofeu zp\u00e1tky v Barce, Onyekuru hr\u00e1\u010dem Evertonu\"}]},{\"@type\":\"WebSite\",\"@id\":\"https:\/\/evertonfc.cz\/#website\",\"url\":\"https:\/\/evertonfc.cz\/\",\"name\":\"Official Czech &amp; Slovak Everton Supporters&#039; Club\",\"description\":\"\",\"publisher\":{\"@id\":\"https:\/\/evertonfc.cz\/#organization\"},\"potentialAction\":[{\"@type\":\"SearchAction\",\"target\":{\"@type\":\"EntryPoint\",\"urlTemplate\":\"https:\/\/evertonfc.cz\/?s={search_term_string}\"},\"query-input\":{\"@type\":\"PropertyValueSpecification\",\"valueRequired\":true,\"valueName\":\"search_term_string\"}}],\"inLanguage\":\"cs\"},{\"@type\":\"Organization\",\"@id\":\"https:\/\/evertonfc.cz\/#organization\",\"name\":\"Official Czech & Slovak Everton Supporters' Club\",\"url\":\"https:\/\/evertonfc.cz\/\",\"logo\":{\"@type\":\"ImageObject\",\"inLanguage\":\"cs\",\"@id\":\"https:\/\/evertonfc.cz\/#\/schema\/logo\/image\/\",\"url\":\"https:\/\/evertonfc.cz\/wp-content\/uploads\/2019\/05\/logo.png\",\"contentUrl\":\"https:\/\/evertonfc.cz\/wp-content\/uploads\/2019\/05\/logo.png\",\"width\":112,\"height\":112,\"caption\":\"Official Czech & Slovak Everton Supporters' Club\"},\"image\":{\"@id\":\"https:\/\/evertonfc.cz\/#\/schema\/logo\/image\/\"},\"sameAs\":[\"https:\/\/www.facebook.com\/everton.fans.cz.sk\"]},{\"@type\":\"Person\",\"@id\":\"https:\/\/evertonfc.cz\/#\/schema\/person\/f7a5daedb2ffee98480bc70e191aaef1\",\"name\":\"Ri\u010di\",\"sameAs\":[\"https:\/\/x.com\/rbrejsa\"],\"url\":\"https:\/\/evertonfc.cz\/index.php\/author\/rici\/\"}]}<\/script>\n<!-- \/ Yoast SEO plugin. -->","yoast_head_json":{"title":"Deulofeu zp\u00e1tky v Barce, Onyekuru hr\u00e1\u010dem Evertonu - Official Czech &amp; Slovak Everton Supporters&#039; Club","robots":{"index":"index","follow":"follow","max-snippet":"max-snippet:-1","max-image-preview":"max-image-preview:large","max-video-preview":"max-video-preview:-1"},"canonical":"https:\/\/evertonfc.cz\/index.php\/2017\/06\/30\/deulofeu-zpatky-v-barce-onyekuru-hracem-evertonu\/","og_locale":"cs_CZ","og_type":"article","og_title":"Deulofeu zp\u00e1tky v Barce, Onyekuru hr\u00e1\u010dem Evertonu - Official Czech &amp; Slovak Everton Supporters&#039; Club","og_description":"Barcelona uplatnila opci na zp\u011btn\u00fd odkup Gerarda Deulofea, kter\u00fd na Goodison Park p\u0159estoupil p\u0159ed dv\u011bma lety. Modr\u00e9 barvy naopak bude&hellip;","og_url":"https:\/\/evertonfc.cz\/index.php\/2017\/06\/30\/deulofeu-zpatky-v-barce-onyekuru-hracem-evertonu\/","og_site_name":"Official Czech &amp; Slovak Everton Supporters&#039; Club","article_publisher":"https:\/\/www.facebook.com\/everton.fans.cz.sk","article_published_time":"2017-06-30T16:43:19+00:00","article_modified_time":"2019-02-10T17:44:15+00:00","og_image":[{"width":720,"height":405,"url":"https:\/\/evertonfc.cz\/wp-content\/uploads\/2019\/01\/transfer.jpg","type":"image\/jpeg"}],"author":"Ri\u010di","twitter_card":"summary_large_image","twitter_creator":"@rbrejsa","twitter_misc":{"Napsal(a)":"Ri\u010di","Odhadovan\u00e1 doba \u010dten\u00ed":"2 minuty"},"schema":{"@context":"https:\/\/schema.org","@graph":[{"@type":"Article","@id":"https:\/\/evertonfc.cz\/index.php\/2017\/06\/30\/deulofeu-zpatky-v-barce-onyekuru-hracem-evertonu\/#article","isPartOf":{"@id":"https:\/\/evertonfc.cz\/index.php\/2017\/06\/30\/deulofeu-zpatky-v-barce-onyekuru-hracem-evertonu\/"},"author":{"name":"Ri\u010di","@id":"https:\/\/evertonfc.cz\/#\/schema\/person\/f7a5daedb2ffee98480bc70e191aaef1"},"headline":"Deulofeu zp\u00e1tky v Barce, Onyekuru hr\u00e1\u010dem Evertonu","datePublished":"2017-06-30T16:43:19+00:00","dateModified":"2019-02-10T17:44:15+00:00","mainEntityOfPage":{"@id":"https:\/\/evertonfc.cz\/index.php\/2017\/06\/30\/deulofeu-zpatky-v-barce-onyekuru-hracem-evertonu\/"},"wordCount":446,"commentCount":0,"publisher":{"@id":"https:\/\/evertonfc.cz\/#organization"},"image":{"@id":"https:\/\/evertonfc.cz\/index.php\/2017\/06\/30\/deulofeu-zpatky-v-barce-onyekuru-hracem-evertonu\/#primaryimage"},"thumbnailUrl":"https:\/\/evertonfc.cz\/wp-content\/uploads\/2019\/01\/transfer.jpg","articleSection":["P\u0159estupy"],"inLanguage":"cs","potentialAction":[{"@type":"CommentAction","name":"Comment","target":["https:\/\/evertonfc.cz\/index.php\/2017\/06\/30\/deulofeu-zpatky-v-barce-onyekuru-hracem-evertonu\/#respond"]}]},{"@type":"WebPage","@id":"https:\/\/evertonfc.cz\/index.php\/2017\/06\/30\/deulofeu-zpatky-v-barce-onyekuru-hracem-evertonu\/","url":"https:\/\/evertonfc.cz\/index.php\/2017\/06\/30\/deulofeu-zpatky-v-barce-onyekuru-hracem-evertonu\/","name":"Deulofeu zp\u00e1tky v Barce, Onyekuru hr\u00e1\u010dem Evertonu - Official Czech &amp; Slovak Everton Supporters&#039; Club","isPartOf":{"@id":"https:\/\/evertonfc.cz\/#website"},"primaryImageOfPage":{"@id":"https:\/\/evertonfc.cz\/index.php\/2017\/06\/30\/deulofeu-zpatky-v-barce-onyekuru-hracem-evertonu\/#primaryimage"},"image":{"@id":"https:\/\/evertonfc.cz\/index.php\/2017\/06\/30\/deulofeu-zpatky-v-barce-onyekuru-hracem-evertonu\/#primaryimage"},"thumbnailUrl":"https:\/\/evertonfc.cz\/wp-content\/uploads\/2019\/01\/transfer.jpg","datePublished":"2017-06-30T16:43:19+00:00","dateModified":"2019-02-10T17:44:15+00:00","breadcrumb":{"@id":"https:\/\/evertonfc.cz\/index.php\/2017\/06\/30\/deulofeu-zpatky-v-barce-onyekuru-hracem-evertonu\/#breadcrumb"},"inLanguage":"cs","potentialAction":[{"@type":"ReadAction","target":["https:\/\/evertonfc.cz\/index.php\/2017\/06\/30\/deulofeu-zpatky-v-barce-onyekuru-hracem-evertonu\/"]}]},{"@type":"ImageObject","inLanguage":"cs","@id":"https:\/\/evertonfc.cz\/index.php\/2017\/06\/30\/deulofeu-zpatky-v-barce-onyekuru-hracem-evertonu\/#primaryimage","url":"https:\/\/evertonfc.cz\/wp-content\/uploads\/2019\/01\/transfer.jpg","contentUrl":"https:\/\/evertonfc.cz\/wp-content\/uploads\/2019\/01\/transfer.jpg","width":720,"height":405},{"@type":"BreadcrumbList","@id":"https:\/\/evertonfc.cz\/index.php\/2017\/06\/30\/deulofeu-zpatky-v-barce-onyekuru-hracem-evertonu\/#breadcrumb","itemListElement":[{"@type":"ListItem","position":1,"name":"Home","item":"https:\/\/evertonfc.cz\/"},{"@type":"ListItem","position":2,"name":"Deulofeu zp\u00e1tky v Barce, Onyekuru hr\u00e1\u010dem Evertonu"}]},{"@type":"WebSite","@id":"https:\/\/evertonfc.cz\/#website","url":"https:\/\/evertonfc.cz\/","name":"Official Czech &amp; Slovak Everton Supporters&#039; Club","description":"","publisher":{"@id":"https:\/\/evertonfc.cz\/#organization"},"potentialAction":[{"@type":"SearchAction","target":{"@type":"EntryPoint","urlTemplate":"https:\/\/evertonfc.cz\/?s={search_term_string}"},"query-input":{"@type":"PropertyValueSpecification","valueRequired":true,"valueName":"search_term_string"}}],"inLanguage":"cs"},{"@type":"Organization","@id":"https:\/\/evertonfc.cz\/#organization","name":"Official Czech & Slovak Everton Supporters' Club","url":"https:\/\/evertonfc.cz\/","logo":{"@type":"ImageObject","inLanguage":"cs","@id":"https:\/\/evertonfc.cz\/#\/schema\/logo\/image\/","url":"https:\/\/evertonfc.cz\/wp-content\/uploads\/2019\/05\/logo.png","contentUrl":"https:\/\/evertonfc.cz\/wp-content\/uploads\/2019\/05\/logo.png","width":112,"height":112,"caption":"Official Czech & Slovak Everton Supporters' Club"},"image":{"@id":"https:\/\/evertonfc.cz\/#\/schema\/logo\/image\/"},"sameAs":["https:\/\/www.facebook.com\/everton.fans.cz.sk"]},{"@type":"Person","@id":"https:\/\/evertonfc.cz\/#\/schema\/person\/f7a5daedb2ffee98480bc70e191aaef1","name":"Ri\u010di","sameAs":["https:\/\/x.com\/rbrejsa"],"url":"https:\/\/evertonfc.cz\/index.php\/author\/rici\/"}]}},"_links":{"self":[{"href":"https:\/\/evertonfc.cz\/index.php\/wp-json\/wp\/v2\/posts\/3095"}],"collection":[{"href":"https:\/\/evertonfc.cz\/index.php\/wp-json\/wp\/v2\/posts"}],"about":[{"href":"https:\/\/evertonfc.cz\/index.php\/wp-json\/wp\/v2\/types\/post"}],"author":[{"embeddable":true,"href":"https:\/\/evertonfc.cz\/index.php\/wp-json\/wp\/v2\/users\/6"}],"replies":[{"embeddable":true,"href":"https:\/\/evertonfc.cz\/index.php\/wp-json\/wp\/v2\/comments?post=3095"}],"version-history":[{"count":1,"href":"https:\/\/evertonfc.cz\/index.php\/wp-json\/wp\/v2\/posts\/3095\/revisions"}],"predecessor-version":[{"id":3097,"href":"https:\/\/evertonfc.cz\/index.php\/wp-json\/wp\/v2\/posts\/3095\/revisions\/3097"}],"wp:featuredmedia":[{"embeddable":true,"href":"https:\/\/evertonfc.cz\/index.php\/wp-json\/wp\/v2\/media\/1316"}],"wp:attachment":[{"href":"https:\/\/evertonfc.cz\/index.php\/wp-json\/wp\/v2\/media?parent=3095"}],"wp:term":[{"taxonomy":"category","embeddable":true,"href":"https:\/\/evertonfc.cz\/index.php\/wp-json\/wp\/v2\/categories?post=3095"},{"taxonomy":"post_tag","embeddable":true,"href":"https:\/\/evertonfc.cz\/index.php\/wp-json\/wp\/v2\/tags?post=3095"}],"curies":[{"name":"wp","href":"https:\/\/api.w.org\/{rel}","templated":true}]}}