{"id":3098,"date":"2017-06-25T18:44:22","date_gmt":"2017-06-25T16:44:22","guid":{"rendered":"http:\/\/evertonfc.cz\/?p=3098"},"modified":"2021-02-14T10:51:07","modified_gmt":"2021-02-14T09:51:07","slug":"3098","status":"publish","type":"post","link":"https:\/\/evertonfc.cz\/index.php\/2017\/06\/25\/3098\/","title":{"rendered":"Korunovan\u00e1 U23"},"content":{"rendered":"<h4 id=\"NewsPostDetailSummary\">Bud\u00facnos\u0165 je svetl\u00e1, bud\u00facnos\u0165 je ml\u00e1de\u017e. Aj tak by sa dali pop\u00edsa\u0165 \u00faspechy, ktor\u00e9 akad\u00e9mia Evertonu v posledn\u00fdch rokoch dosahuje. A \u010dl\u00e1nok o tom, hoci nesk\u00f4r, nem\u00f4\u017ee ch\u00fdba\u0165.<\/h4>\n<div id=\"NewsPostDetailContent\">\n<p>Ak bol niekto niekto sklaman\u00fd, len z \u201ebleskov\u00e9ho\u201c spravodajstva na na\u0161ej str\u00e1nke, oh\u013eadom diania B\u010dka Karameliek, v nasleduj\u00facich riadkoch sa pok\u00fasim o n\u00e1pravu. A ve\u013emi r\u00e1d. Preto\u017ee tak\u00fdto, podot\u00fdkam \u010dakan\u00fd \u00faspech, si to rozhodne zasl\u00fa\u017ei.<\/p>\n<p>Pre\u010do \u010dakan\u00fd? Odpove\u010f sa n\u00e1jde \u013eahko a to dokonca bez, \u010do i len \u0161tipky namyslenosti. Sta\u010d\u00ed si z\u00e1js\u0165 len trochu do minulosti. K\u013eudne sta\u010d\u00ed len p\u00e1r rokov a spomen\u00fa\u0165 si na hr\u00e1\u010dske osobnosti, ako Kevin Sheedy, Joe Royle a David Unsworth. V poriadku, pri prv\u00fdch dvoch to zrovna p\u00e1r rokov nie je.<\/p>\n<p>Av\u0161ak, nespom\u00ednam ich tu n\u00e1hodne. Prv\u00fd menovan\u00fd zast\u00e1va u\u017e nejak\u00fd ten \u010das, jeden z najvy\u0161\u0161\u00edch postov na Finch Farm, ako Hlavn\u00fd Tr\u00e9ner Akad\u00e9mie. Druh\u00fd, mimochodom Everton Giant, \u00fazko spolupracuje na poste Profesion\u00e1lneho Koordin\u00e1tora V\u00fdvoja ml\u00e1de\u017ee s tret\u00edm, nik\u00fdm in\u00fdm, ako mana\u017e\u00e9rom novope\u010den\u00fdch majstrov do 23 rokov. Mysl\u00edm, \u017ee dos\u0165 s\u013eubn\u00e9 ingrediencie&#8230;<\/p>\n<h4>\u00daspech naprie\u010d gener\u00e1ciou<\/h4>\n<p>Tak\u017ee, nebolo n\u00e1hodou v pr\u00edpade U18, \u017ee sa pravidelne posledn\u00fdch sedem rokov umiest\u0148ovala na vrchn\u00fdch prie\u010dkach tabu\u013eky, a v dvoch pr\u00edpadoch sa im podaril aj titul Premier Academy League. A to konkr\u00e9tne 2010\/11 a 2013\/14. Vtedaj\u0161ie talenty si u\u017e mo\u017eno nepam\u00e4t\u00e1te, vhodn\u00e9 je v\u0161ak spomen\u00fa\u0165, \u017ee z prv\u00e9ho titulu si do dne\u0161n\u00e9ho d\u0148a pr\u00edslu\u0161nos\u0165 k Evertonu zachovali len traja z nich. Tyias Browning, Luke Garbutt a Conor McAleny. Tomu v\u0161ak koncom mesiaca vypr\u0161\u00ed kontrakt a pred\u013a\u017een\u00fd nebude. \u010cerstvej\u0161\u00ed \u00faspech si pam\u00e4t\u00e1 zase men\u00e1 ako Dowell, Williams, Charsley, Dyson, \u010di Jones. To s\u00fa men\u00e1 ktor\u00e9 bud\u00fa pada\u0165 aj ni\u017e\u0161ie v \u010dl\u00e1nku.<\/p>\n<p>Av\u0161ak nie ka\u017ed\u00fd, ve\u013ek\u00fd skok do 21tky pre\u017eije. Nehovoriac o tom, \u017ee pre tento ro\u010dn\u00edk sa kateg\u00f3ria upravila na vekov\u00fd form\u00e1t a\u017e do 23 rokov. N\u00e1roky s\u00fa v\u00e4\u010d\u0161ie, miesta menej a nie ka\u017ed\u00fd m\u00e1 mor\u00e1lku, trpezlivos\u0165 \u010daka\u0165. A niekomu sa len proste nedar\u00ed rozvin\u00fa\u0165 svoj talent za br\u00e1nami akad\u00e9mie ve\u013ek\u00e9ho klubu a potrebuje pravideln\u00e9 vy\u0165a\u017eenie v dospelom futbale v ni\u017e\u0161\u00edch lig\u00e1ch. Tak\u00fdto osud postihol kedysi ve\u013ek\u00e9 dom\u00e1ce n\u00e1deje.<\/p>\n<p>Ak chcem by\u0165 konkr\u00e9tny, tak mrzel odchod ur\u010dite Georga Greena, Ryana Ledsona alebo Chrisa Longa. Na Finch Farm to v\u0161ak \u0161\u013eape \u010falej a kto vie, mo\u017eno presne prerodu vekovej kateg\u00f3rie v\u010fa\u010d\u00edme za mas\u00edvnu minut\u00e1\u017e mladej krvi, v prvom t\u00edme Evertonu, u\u017e \u010do by pioniera Premier League v rozd\u00e1van\u00ed \u0161anc\u00ed, pre anglick\u00fa ml\u00e1de\u017e tak potrebn\u00fa.<\/p>\n<p>Siln\u00e9 slov\u00e1? Len sa pozrime na \u00faspech Anglicka spred p\u00e1r t\u00fd\u017ed\u0148ov v K\u00f3rei, do dvadsa\u0165 rokov. P\u00e4\u0165 reprezentantov. S \u010d\u00edm? S vlajkou Evertonu pri oslav\u00e1ch v\u00fdhry Svetov\u00e9ho Poh\u00e1ra svojej kateg\u00f3rie. Koho nezahrialo v tom momente pri srdci, nech okam\u017eite prestane \u010d\u00edta\u0165 a prehodnot\u00ed svoje preferencie. Moment, nap\u00edsal som p\u00e4\u0165? Tak pardon&#8230; sedem, v\u00e1\u017een\u00ed, sedem! Istej nomin\u00e1ci\u00ed sa podarilo utiec\u0165 Liamovi Walshovi za pomoci zlomenej nohy a ospravedlnenku Tomovi Daviesovi vyprosil Koeman a spol., \u010do je samo o sebe ve\u013ek\u00fd kompliment. Ale trochu som odbo\u010dil od t\u00e9my. Sme tu kv\u00f4li majstr\u00e1ku Unsworthovej dru\u017einy, tak sem s n\u00edm.<\/p>\n<h4>Fam\u00f3zna sez\u00f3na v kocke<\/h4>\n<p>Ako ste sa mohli do\u010d\u00edta\u0165 aj formou bleskoviek, \u00faspe\u0161n\u00e9 \u0165a\u017eenie sa za\u010dalo u\u017e cez letn\u00e9 turnaje pred sez\u00f3nou. Toffees tam prich\u00e1dzali ako na n\u00e1kupy a postupne obohatili zbierku akad\u00e9mie o trofeje zo SuperCupNI, Liverpool Senior Cup a Lancashire Senior Cup. Ako sa uk\u00e1zalo, chu\u0165 v\u00ed\u0165azi\u0165 sa preniesla aj do ligov\u00e9ho diania. Sez\u00f3na tradi\u010dne za\u010dala v auguste a bez straty bodu proti Spurs (0:2), The Rams (2:0), i v demol\u00e1ci\u00ed Leicesteru (1:4). Skvel\u00fd \u0161tart si v\u0161ak pokazili prehrou o jedin\u00fd g\u00f3l doma s Mackems. Zaspanie na vavr\u00ednoch? To asi \u0165a\u017eko, preto\u017ee na nasleduj\u00facej n\u00e1v\u0161teve Gunners nenechali kame\u0148 na kameni \u2013 0:5 pre Everton.<\/p>\n<p>\u010eal\u0161\u00ed na zozname boli Red Devils a t\u00ed s nen\u00e1rokovali taktie\u017e. Z v\u00fdsledku 2:0 sa najviac te\u0161il pravdepodobne Dominic Calvert-Lewin, ktor\u00fd si prip\u00edsal svoj premi\u00e9rov\u00fd g\u00f3l za Everton v\u00f4bec. Po z\u00e1bavnom septembri pri\u0161iel na rad okt\u00f3ber a to je mesiac, v ktorom sa to l\u00e1me nielen s A t\u00edmom. The Royals s\u00edce dostali \u0161estku (3:6), av\u0161ak na rad pri\u0161lo zakomplexovan\u00e9 derby s Liverpoolom a&#8230; po\u010fme \u010falej.<\/p>\n<p>Na spam\u00e4tanie sebavedomia pou\u017eil Unsworth dom\u00e1cu rem\u00edzu s celkom Chelsea (1:1), ke\u010f\u017ee na obzore sa \u010drtali novembrov\u00e9 z\u00e1pasy. Tie boli len dva, no o to d\u00f4le\u017eitej\u0161ie. DCL tentoraz volejom zariadil tesn\u00e9 v\u00ed\u0165azstvo nad Citizens a so Saints sa podarila ukopa\u0165 rem\u00edza, pri ktorej u\u017e bolo jasn\u00e9, \u017ee horn\u00e9 prie\u010dky tabu\u013eky Everton len tak neopust\u00ed. December znamenal repete ako so s\u00faperom, tak s v\u00fdsledkom. Viano\u010dne \u0161tedr\u00e9 sk\u00f3re 4:1 sa t\u00fdm p\u00e1dom postaralo o prv\u00fa prie\u010dku a do nov\u00e9ho roka sa muselo vst\u00fapi\u0165 svedomite. To jest pomsta Sunderlandu (0:1), tentoraz hladk\u00fd \u00faspech s Readingom (3:0) a \u00faspe\u0161n\u00fd duel na uhrisku Diablov (1:3).<\/p>\n<p>Everton sa v tabu\u013eke ani len nepohol, ba \u010do viac, svoj n\u00e1skok touto \u0161es\u0165 z\u00e1pasovou \u0161n\u00farou v\u00ed\u0165azstiev len zn\u00e1sobil. Do nej sa po\u010d\u00edtaj\u00fa aj dom\u00e1ce v\u00ed\u0165azstv\u00e1 nad Arsenalom a Southamptonom. Respekt\u00edve 1 a 2:0. To u\u017e sa ale kon\u010dil febru\u00e1r a vynikaj\u00face v\u00fdkony sa zasl\u00fa\u017eili o individu\u00e1lne ocenenie Liamovi Walshovi, ktor\u00fd si odniesol cenu Hr\u00e1\u010d Mesiaca.<\/p>\n<p>Jar so sebou priniesla vcelku nervy-dr\u00e1saj\u00faci s\u00faboj prv\u00e9ho z druh\u00fdm. Manchester City si v druhom vz\u00e1jomnom z\u00e1pase dok\u00e1zalo hladko poradi\u0165 s Karamelkami 3:0 a zn\u00ed\u017ei\u0165 tak n\u00e1skok na prv\u00fa prie\u010dku. \u010co sa podarilo zv\u00fd\u0161i\u0165, tak to bol tlak na Everton v nasleduj\u00facich z\u00e1pasoch. \u0160tvr\u0165 hodinu pred koncom v Derby County, prehr\u00e1vali Toffees 2:1 a neby\u0165 dvoch g\u00f3lov v troch min\u00fatach, kto vie, ako by s\u00faboj o titul kone\u010dnom vyznen\u00ed dopadol.<\/p>\n<p>Ak by sme mali vybra\u0165 k\u013e\u00fa\u010dov\u00fd z\u00e1pas sez\u00f3ny, bol by to rozhodne tento, hoci nasleduj\u00faca poprava Spurs v apr\u00edlovom Goodison Parku 4:1, bola ako posledn\u00e1 v\u00fdhra v sez\u00f3ne tie\u017e d\u00f4le\u017eit\u00e1, no nie zlomov\u00e1. N\u00e1skok pred rivalom, sa po \u010fal\u0161ej rem\u00edze s Chelsea (2:2) podarilo natiahnu\u0165 na \u0161es\u0165 bodov a to po z\u00e1sluhe (\u00e1no, z\u00e1sluhe) Liverpoolu, ktor\u00fd nedovolil Citizens manko v posledn\u00fdch 2 dueloch zmaza\u0165. Z\u00e1vere\u010dn\u00e1 prehra v Goodison Parku od najv\u00e4\u010d\u0161ieho rivala teda a\u017e tak nebolela a to hne\u010f z dvoch d\u00f4vodov&#8230;<\/p>\n<h4><strong>David Unsworth <\/strong><strong>(po z\u00e1pase s Liverpoolom)<\/strong><strong>:<\/strong><\/h4>\n<p><em>\u201eSom nesmierne hrd\u00fd, hoci st\u00e1le vo mne c\u00edti\u0165 sklamanie z dne\u0161n\u00e9ho z\u00e1pasu. Akoby sme to dnes neboli my. Ale ak sa pozriete na sez\u00f3nu celkovo, nem\u00e1te na v\u00fdber, len by\u0165 hrd\u00fd na t\u00fa bandu hr\u00e1\u010dov. O to v\u00e4\u010d\u0161\u00ed z\u00e1\u017eitok, ak ich vid\u00edte zdvihn\u00fa\u0165 trofej v Goodison Parku. Bol to skvel\u00fd ve\u010der a mrz\u00ed n\u00e1s nedosiahnutie v\u00fdsledku, ktor\u00ed sme chceli pr\u00e1ve kv\u00f4li fan\u00fa\u0161ikom, \u010do n\u00e1s dnes pri\u0161li podpori\u0165. Pre m\u0148a a chlapcov to znamen\u00e1 v\u0161etko. Neviem sa im dostato\u010dne zav\u010fa\u010di\u0165 za t\u00fa neuverite\u013en\u00fa podporu.<\/em><\/p>\n<p><em>&#8222;Od za\u010diatku sez\u00f3ny som bol v \u00fa\u017ease, ak\u00fdm sp\u00f4sobom sa \u013eudia k tomu stavali. Na tr\u00e1vniku, \u010di mimo neho, tento rok mi bolo absol\u00fatnou c\u0165ou. Po\u010das tejto sez\u00f3ny vzi\u0161lo ve\u013ea pozit\u00edvneho. Podarilo sa n\u00e1m dosta\u0165 p\u00e1r chalanov do prv\u00e9ho t\u00edmu a z\u00e1rove\u0148 neoslabi\u0165 U23. Samozrejme, v\u017edy je to hlavne o rozv\u00edjan\u00ed hr\u00e1\u010dov, ale vyhr\u00e1vanie je rovnako d\u00f4le\u017eit\u00e9. Pevne ver\u00edm, \u017ee na tejto vekovej \u00farovni, by sa malo dba\u0165 na oboje. A oni to dok\u00e1zali.\u201c<\/em><\/p>\n<p>Tak\u017ee, ako to prebehlo, u\u017e viete. Teraz sa pozrime, kto bol za t\u00fdm na tr\u00e1vniku, preto\u017ee Davida Unswortha, si mysl\u00edm predstavova\u0165 netreba:<\/p>\n<h4>Br\u00e1na &#8211; <em>Joel Robles, Mateusz Hewelt<\/em><\/h4>\n<p>\u0160paniel si svoj jedin\u00fd z\u00e1pas odchytal pri prehre so Sunderlandom, v ktorej mimochodom nast\u00fapili aj Davies, Holgate a DCL, tak\u017ee k\u013e\u00fa\u010dov\u00e1 postava medzi \u017er\u010fami bol niekto in\u00fd. Odchovanec \u00edrskeho futbalu naroden\u00fd v Po\u013esku si prip\u00edsal 20 \u0161tartov a jeho rozvoj vyzer\u00e1 s\u013eubne, no presadenie sa v prvom t\u00edme je ako obvykle na jeho poste do bud\u00facna ve\u013emi \u0165a\u017ek\u00e9.<\/p>\n<h4>Obrana &#8211;<em><strong> Jonjoe Kenny, Antonee Robinson, Callum Connolly, Morgan Feeney, Matthew Pennington, Mason Holgate, Matty Foulds, Brendan Galloway and Tyias Browning<\/strong><\/em><\/h4>\n<p>Najlep\u0161ia v lige treba poveda\u0165. \u017diadny in\u00fd t\u00fdm doteraz neinkasoval menej ako 20 g\u00f3lov za sez\u00f3nu. Skvel\u00e9 partnerstvo v jej srdci utvorili Feeney s Pennigtonom, ktor\u00ed sa navz\u00e1jom dop\u013a\u0148ali. Prv\u00fd menovan\u00fd je zn\u00e1my pre svoj nekomplikovan\u00fd \u0161t\u00fdl, \u010do ocenia majitelia slab\u00fdch nervov a druh\u00fd pre zmenu dobre organizuje obranu a je jej mozgom. Na \u013eavom kraji operoval Foulds a hlavne Robinson, ktor\u00fd si po minulej sez\u00f3ne zmarenej zranen\u00edm prip\u00edsal 16 z\u00e1rezov.<\/p>\n<p>R\u00fdchlonoh\u00fd, atletick\u00fd obranca m\u00e1 ur\u010dite bud\u00facnos\u0165 aj v prvom t\u00edme, podobne ako Kenny, prirodzen\u00fd vodca, ktor\u00fd u\u017e teraz patr\u00ed medzi najnebezpe\u010dnej\u0161\u00edch krajn\u00fdch obrancov v PL 2. Pred svoj\u00edm hos\u0165ovan\u00edm, sa v t\u00edme Unswortha objavovali aj univerz\u00e1l Callum Conolly a Tyias Browning, v\u0161etko hr\u00e1\u010di s u\u017e prvo-t\u00edmov\u00fdmi sk\u00fasenos\u0165ami.<\/p>\n<h4>Z\u00e1loha &#8211;<em><strong> Mo Be\u0161i\u010d, Tom Davies, Kieran Dowell, Harry Charsley, Liam Walsh, Gethin Jones, Beni Baningime, Jack Kiersey, Joe Williams, Conor Grant<\/strong><\/em><\/h4>\n<p>Stred ihriska m\u00e1 moment\u00e1lne Everton najlep\u0161\u00ed. Ako v A\u010dku, tak v B\u010dku. Nad\u0161tandardn\u00e9 v\u00fdkony tam toti\u017e pod\u00e1vali Walsh, Charsley a Dowell. V\u0161etko chlapci z okolia. Liam Walsh je technick\u00fd nadan\u00fd a napriek svojej \u00fatlej postave disponuje aj zmyslom pre prec\u00edzne odobratie lopty hlboko poli, odkia\u013e dok\u00e1\u017ee efekt\u00edvne diktova\u0165 hru. Harry Charsley vykukol na svetlo len t\u00fato sez\u00f3nu a to najm\u00e4 z\u00e1sluhou Unswortha, ktor\u00fd s n\u00edm popracoval a v\u00fdsledky s\u00fa k videniu na jeho g\u00f3lovom \u00fa\u010dte a pracovnej mor\u00e1lke.<\/p>\n<p>Posledn\u00fd z trojice je Kieran. Ale volajte ho P\u00e1n Prv\u00fd Dotyk. To\u013eko talentu, potenci\u00e1lu a&#8230; lenivosti? V jednej chv\u00edli v\u00e1s vytrhne zo sedadla a v tej druhej vylievate pivo od rozhor\u010denia, ako dok\u00e1\u017ee odkr\u00e1\u010da\u0165 z\u00e1pas. Tvrd\u00e1 realita na hos\u0165ovan\u00ed v spr\u00e1vnom t\u00edme, by mu v\u0161ak mohla pom\u00f4c\u0165. V ka\u017edom pr\u00edpade, v\u0161etci spomenut\u00ed s\u00fa materi\u00e1l do prv\u00e9ho t\u00edmu. A pri Daviesovi len nap\u00ed\u0161em, \u017ee jeho prechod pr\u00e1ve tam mu prospel.<\/p>\n<h4>\u00datok &#8211;<em><strong> Ademola Lookman, Oumar Niasse, Bassala Sambou, Courtney Duffus, David Henen, Calum Dyson, Sam Byrne, Nathan Broadhead, Anthony Evans, Anton Donkor<\/strong><\/em><\/h4>\n<p>Kto by povedal, \u017ee Everton niekedy tak zainvestuje do \u00fato\u010dn\u00edka pre rezervn\u00fd t\u00edm? V\u010faka, Roberto Mart\u00ednez! Na\u0161\u0165astie, predt\u00fdm ne\u017e opadne nadnesen\u00fd pocit z ir\u00f3nie, prv\u00e9 miesto najlep\u0161ieho strelca majstrovsk\u00e9ho t\u00edmu sa del\u00ed, ke\u010f\u017ee Charsley dok\u00e1zal konkurova\u0165 senegalsk\u00e9mu bombard\u00e9rovi Niassemu, taktie\u017e so siedmymi g\u00f3lmi. Av\u0161ak naozajstn\u00fa pochvalu si zasl\u00fa\u017ei Sambou. Po jeho prestupe z Coventry, sa stal ak\u00fdmsi ekvivalentom Ennera Valenciu, \u010doby super n\u00e1hradn\u00edk s neuverite\u013en\u00fdm pokojom na lopte. Pred sebou m\u00e1 v\u0161ak st\u00e1le ve\u013ek\u00e9 mno\u017estvo pr\u00e1ce, ak sa m\u00e1 \u010falej posun\u00fa\u0165.<\/p>\n<p>Na z\u00e1ver by sa patrilo zlo\u017ei\u0165 poklonu, tak\u017ee ja ju sklad\u00e1m. Hlavne pred, v na\u0161ich kon\u010din\u00e1ch nev\u00eddanou n\u00e1v\u0161tevou, 17 525 d\u00edv\u00e1kov, ktor\u00ed pri\u0161li vzda\u0165 hold v posledn\u00fd z\u00e1pas mlad\u00fdm pu\u0161k\u00e1m a potvrdili tak status najvy\u0161\u0161ej n\u00e1v\u0161tevnosti v Premier League 2. A z\u00e1rove\u0148 sa prip\u00e1jam ku Kennymu, ktor\u00fd za v\u0161etko v\u010fa\u010d\u00ed skromn\u00e9mu mu\u017eovi za postrannou \u010diarou, Davidovi Unsworthovi:<\/p>\n<p><em>\u201ePre n\u00e1s bol proste \u00fa\u017easn\u00fd. U\u017e n\u00e1s m\u00e1 na starosti nejak\u00fd ten \u010das a svoje nad\u0161enie pre vec dostal do v\u0161etk\u00fdch \u2013 na ihrisku a aj mimo neho. M\u00f4\u017eete to vidie\u0165 aj po\u010das z\u00e1pasu. My u\u017e len nehr\u00e1vame, my vyhr\u00e1vame.\u201c<\/em><\/p>\n<p>\u010co poviete, ak\u00e1 je bud\u00facnos\u0165?<\/p>\n<\/div>\n","protected":false},"excerpt":{"rendered":"<p>Bud\u00facnos\u0165 je svetl\u00e1, bud\u00facnos\u0165 je ml\u00e1de\u017e. Aj tak by sa dali pop\u00edsa\u0165 \u00faspechy, ktor\u00e9 akad\u00e9mia Evertonu v posledn\u00fdch rokoch dosahuje. A \u010dl\u00e1nok o tom, hoci nesk\u00f4r, nem\u00f4\u017ee ch\u00fdba\u0165.<\/p>\n","protected":false},"author":1,"featured_media":11001,"comment_status":"open","ping_status":"closed","sticky":false,"template":"","format":"standard","meta":{"_eb_attr":"","_monsterinsights_skip_tracking":false,"_monsterinsights_sitenote_active":false,"_monsterinsights_sitenote_note":"","_monsterinsights_sitenote_category":0,"footnotes":""},"categories":[39],"tags":[],"yoast_head":"<!-- This site is optimized with the Yoast SEO plugin v23.4 - https:\/\/yoast.com\/wordpress\/plugins\/seo\/ -->\n<title>Korunovan\u00e1 U23 - Official Czech &amp; Slovak Everton Supporters&#039; Club<\/title>\n<meta name=\"robots\" content=\"index, follow, max-snippet:-1, max-image-preview:large, max-video-preview:-1\" \/>\n<link rel=\"canonical\" href=\"https:\/\/evertonfc.cz\/index.php\/2017\/06\/25\/3098\/\" \/>\n<meta property=\"og:locale\" content=\"cs_CZ\" \/>\n<meta property=\"og:type\" content=\"article\" \/>\n<meta property=\"og:title\" content=\"Korunovan\u00e1 U23 - Official Czech &amp; Slovak Everton Supporters&#039; Club\" \/>\n<meta property=\"og:description\" content=\"Bud\u00facnos\u0165 je svetl\u00e1, bud\u00facnos\u0165 je ml\u00e1de\u017e. Aj tak by sa dali pop\u00edsa\u0165 \u00faspechy, ktor\u00e9 akad\u00e9mia Evertonu v posledn\u00fdch rokoch dosahuje. A \u010dl\u00e1nok o tom, hoci nesk\u00f4r, nem\u00f4\u017ee ch\u00fdba\u0165.\" \/>\n<meta property=\"og:url\" content=\"https:\/\/evertonfc.cz\/index.php\/2017\/06\/25\/3098\/\" \/>\n<meta property=\"og:site_name\" content=\"Official Czech &amp; Slovak Everton Supporters&#039; Club\" \/>\n<meta property=\"article:publisher\" content=\"https:\/\/www.facebook.com\/everton.fans.cz.sk\" \/>\n<meta property=\"article:published_time\" content=\"2017-06-25T16:44:22+00:00\" \/>\n<meta property=\"article:modified_time\" content=\"2021-02-14T09:51:07+00:00\" \/>\n<meta property=\"og:image\" content=\"https:\/\/evertonfc.cz\/wp-content\/uploads\/2020\/05\/Feeney-U23-18-5-2020.jpg\" \/>\n\t<meta property=\"og:image:width\" content=\"720\" \/>\n\t<meta property=\"og:image:height\" content=\"405\" \/>\n\t<meta property=\"og:image:type\" content=\"image\/jpeg\" \/>\n<meta name=\"author\" content=\"BlueBlooded\" \/>\n<meta name=\"twitter:card\" content=\"summary_large_image\" \/>\n<meta name=\"twitter:label1\" content=\"Napsal(a)\" \/>\n\t<meta name=\"twitter:data1\" content=\"BlueBlooded\" \/>\n\t<meta name=\"twitter:label2\" content=\"Odhadovan\u00e1 doba \u010dten\u00ed\" \/>\n\t<meta name=\"twitter:data2\" content=\"8 minut\" \/>\n<script type=\"application\/ld+json\" class=\"yoast-schema-graph\">{\"@context\":\"https:\/\/schema.org\",\"@graph\":[{\"@type\":\"Article\",\"@id\":\"https:\/\/evertonfc.cz\/index.php\/2017\/06\/25\/3098\/#article\",\"isPartOf\":{\"@id\":\"https:\/\/evertonfc.cz\/index.php\/2017\/06\/25\/3098\/\"},\"author\":{\"name\":\"BlueBlooded\",\"@id\":\"https:\/\/evertonfc.cz\/#\/schema\/person\/d4493b8cbea51532597fbc4685698916\"},\"headline\":\"Korunovan\u00e1 U23\",\"datePublished\":\"2017-06-25T16:44:22+00:00\",\"dateModified\":\"2021-02-14T09:51:07+00:00\",\"mainEntityOfPage\":{\"@id\":\"https:\/\/evertonfc.cz\/index.php\/2017\/06\/25\/3098\/\"},\"wordCount\":2158,\"commentCount\":0,\"publisher\":{\"@id\":\"https:\/\/evertonfc.cz\/#organization\"},\"image\":{\"@id\":\"https:\/\/evertonfc.cz\/index.php\/2017\/06\/25\/3098\/#primaryimage\"},\"thumbnailUrl\":\"https:\/\/evertonfc.cz\/wp-content\/uploads\/2020\/05\/Feeney-U23-18-5-2020.jpg\",\"articleSection\":[\"Blog\"],\"inLanguage\":\"cs\",\"potentialAction\":[{\"@type\":\"CommentAction\",\"name\":\"Comment\",\"target\":[\"https:\/\/evertonfc.cz\/index.php\/2017\/06\/25\/3098\/#respond\"]}]},{\"@type\":\"WebPage\",\"@id\":\"https:\/\/evertonfc.cz\/index.php\/2017\/06\/25\/3098\/\",\"url\":\"https:\/\/evertonfc.cz\/index.php\/2017\/06\/25\/3098\/\",\"name\":\"Korunovan\u00e1 U23 - Official Czech &amp; Slovak Everton Supporters&#039; Club\",\"isPartOf\":{\"@id\":\"https:\/\/evertonfc.cz\/#website\"},\"primaryImageOfPage\":{\"@id\":\"https:\/\/evertonfc.cz\/index.php\/2017\/06\/25\/3098\/#primaryimage\"},\"image\":{\"@id\":\"https:\/\/evertonfc.cz\/index.php\/2017\/06\/25\/3098\/#primaryimage\"},\"thumbnailUrl\":\"https:\/\/evertonfc.cz\/wp-content\/uploads\/2020\/05\/Feeney-U23-18-5-2020.jpg\",\"datePublished\":\"2017-06-25T16:44:22+00:00\",\"dateModified\":\"2021-02-14T09:51:07+00:00\",\"breadcrumb\":{\"@id\":\"https:\/\/evertonfc.cz\/index.php\/2017\/06\/25\/3098\/#breadcrumb\"},\"inLanguage\":\"cs\",\"potentialAction\":[{\"@type\":\"ReadAction\",\"target\":[\"https:\/\/evertonfc.cz\/index.php\/2017\/06\/25\/3098\/\"]}]},{\"@type\":\"ImageObject\",\"inLanguage\":\"cs\",\"@id\":\"https:\/\/evertonfc.cz\/index.php\/2017\/06\/25\/3098\/#primaryimage\",\"url\":\"https:\/\/evertonfc.cz\/wp-content\/uploads\/2020\/05\/Feeney-U23-18-5-2020.jpg\",\"contentUrl\":\"https:\/\/evertonfc.cz\/wp-content\/uploads\/2020\/05\/Feeney-U23-18-5-2020.jpg\",\"width\":720,\"height\":405},{\"@type\":\"BreadcrumbList\",\"@id\":\"https:\/\/evertonfc.cz\/index.php\/2017\/06\/25\/3098\/#breadcrumb\",\"itemListElement\":[{\"@type\":\"ListItem\",\"position\":1,\"name\":\"Home\",\"item\":\"https:\/\/evertonfc.cz\/\"},{\"@type\":\"ListItem\",\"position\":2,\"name\":\"Korunovan\u00e1 U23\"}]},{\"@type\":\"WebSite\",\"@id\":\"https:\/\/evertonfc.cz\/#website\",\"url\":\"https:\/\/evertonfc.cz\/\",\"name\":\"Official Czech &amp; Slovak Everton Supporters&#039; Club\",\"description\":\"\",\"publisher\":{\"@id\":\"https:\/\/evertonfc.cz\/#organization\"},\"potentialAction\":[{\"@type\":\"SearchAction\",\"target\":{\"@type\":\"EntryPoint\",\"urlTemplate\":\"https:\/\/evertonfc.cz\/?s={search_term_string}\"},\"query-input\":{\"@type\":\"PropertyValueSpecification\",\"valueRequired\":true,\"valueName\":\"search_term_string\"}}],\"inLanguage\":\"cs\"},{\"@type\":\"Organization\",\"@id\":\"https:\/\/evertonfc.cz\/#organization\",\"name\":\"Official Czech & Slovak Everton Supporters' Club\",\"url\":\"https:\/\/evertonfc.cz\/\",\"logo\":{\"@type\":\"ImageObject\",\"inLanguage\":\"cs\",\"@id\":\"https:\/\/evertonfc.cz\/#\/schema\/logo\/image\/\",\"url\":\"https:\/\/evertonfc.cz\/wp-content\/uploads\/2019\/05\/logo.png\",\"contentUrl\":\"https:\/\/evertonfc.cz\/wp-content\/uploads\/2019\/05\/logo.png\",\"width\":112,\"height\":112,\"caption\":\"Official Czech & Slovak Everton Supporters' Club\"},\"image\":{\"@id\":\"https:\/\/evertonfc.cz\/#\/schema\/logo\/image\/\"},\"sameAs\":[\"https:\/\/www.facebook.com\/everton.fans.cz.sk\"]},{\"@type\":\"Person\",\"@id\":\"https:\/\/evertonfc.cz\/#\/schema\/person\/d4493b8cbea51532597fbc4685698916\",\"name\":\"BlueBlooded\",\"url\":\"https:\/\/evertonfc.cz\/index.php\/author\/admin\/\"}]}<\/script>\n<!-- \/ Yoast SEO plugin. -->","yoast_head_json":{"title":"Korunovan\u00e1 U23 - Official Czech &amp; Slovak Everton Supporters&#039; Club","robots":{"index":"index","follow":"follow","max-snippet":"max-snippet:-1","max-image-preview":"max-image-preview:large","max-video-preview":"max-video-preview:-1"},"canonical":"https:\/\/evertonfc.cz\/index.php\/2017\/06\/25\/3098\/","og_locale":"cs_CZ","og_type":"article","og_title":"Korunovan\u00e1 U23 - Official Czech &amp; Slovak Everton Supporters&#039; Club","og_description":"Bud\u00facnos\u0165 je svetl\u00e1, bud\u00facnos\u0165 je ml\u00e1de\u017e. Aj tak by sa dali pop\u00edsa\u0165 \u00faspechy, ktor\u00e9 akad\u00e9mia Evertonu v posledn\u00fdch rokoch dosahuje. A \u010dl\u00e1nok o tom, hoci nesk\u00f4r, nem\u00f4\u017ee ch\u00fdba\u0165.","og_url":"https:\/\/evertonfc.cz\/index.php\/2017\/06\/25\/3098\/","og_site_name":"Official Czech &amp; Slovak Everton Supporters&#039; Club","article_publisher":"https:\/\/www.facebook.com\/everton.fans.cz.sk","article_published_time":"2017-06-25T16:44:22+00:00","article_modified_time":"2021-02-14T09:51:07+00:00","og_image":[{"width":720,"height":405,"url":"https:\/\/evertonfc.cz\/wp-content\/uploads\/2020\/05\/Feeney-U23-18-5-2020.jpg","type":"image\/jpeg"}],"author":"BlueBlooded","twitter_card":"summary_large_image","twitter_misc":{"Napsal(a)":"BlueBlooded","Odhadovan\u00e1 doba \u010dten\u00ed":"8 minut"},"schema":{"@context":"https:\/\/schema.org","@graph":[{"@type":"Article","@id":"https:\/\/evertonfc.cz\/index.php\/2017\/06\/25\/3098\/#article","isPartOf":{"@id":"https:\/\/evertonfc.cz\/index.php\/2017\/06\/25\/3098\/"},"author":{"name":"BlueBlooded","@id":"https:\/\/evertonfc.cz\/#\/schema\/person\/d4493b8cbea51532597fbc4685698916"},"headline":"Korunovan\u00e1 U23","datePublished":"2017-06-25T16:44:22+00:00","dateModified":"2021-02-14T09:51:07+00:00","mainEntityOfPage":{"@id":"https:\/\/evertonfc.cz\/index.php\/2017\/06\/25\/3098\/"},"wordCount":2158,"commentCount":0,"publisher":{"@id":"https:\/\/evertonfc.cz\/#organization"},"image":{"@id":"https:\/\/evertonfc.cz\/index.php\/2017\/06\/25\/3098\/#primaryimage"},"thumbnailUrl":"https:\/\/evertonfc.cz\/wp-content\/uploads\/2020\/05\/Feeney-U23-18-5-2020.jpg","articleSection":["Blog"],"inLanguage":"cs","potentialAction":[{"@type":"CommentAction","name":"Comment","target":["https:\/\/evertonfc.cz\/index.php\/2017\/06\/25\/3098\/#respond"]}]},{"@type":"WebPage","@id":"https:\/\/evertonfc.cz\/index.php\/2017\/06\/25\/3098\/","url":"https:\/\/evertonfc.cz\/index.php\/2017\/06\/25\/3098\/","name":"Korunovan\u00e1 U23 - Official Czech &amp; Slovak Everton Supporters&#039; Club","isPartOf":{"@id":"https:\/\/evertonfc.cz\/#website"},"primaryImageOfPage":{"@id":"https:\/\/evertonfc.cz\/index.php\/2017\/06\/25\/3098\/#primaryimage"},"image":{"@id":"https:\/\/evertonfc.cz\/index.php\/2017\/06\/25\/3098\/#primaryimage"},"thumbnailUrl":"https:\/\/evertonfc.cz\/wp-content\/uploads\/2020\/05\/Feeney-U23-18-5-2020.jpg","datePublished":"2017-06-25T16:44:22+00:00","dateModified":"2021-02-14T09:51:07+00:00","breadcrumb":{"@id":"https:\/\/evertonfc.cz\/index.php\/2017\/06\/25\/3098\/#breadcrumb"},"inLanguage":"cs","potentialAction":[{"@type":"ReadAction","target":["https:\/\/evertonfc.cz\/index.php\/2017\/06\/25\/3098\/"]}]},{"@type":"ImageObject","inLanguage":"cs","@id":"https:\/\/evertonfc.cz\/index.php\/2017\/06\/25\/3098\/#primaryimage","url":"https:\/\/evertonfc.cz\/wp-content\/uploads\/2020\/05\/Feeney-U23-18-5-2020.jpg","contentUrl":"https:\/\/evertonfc.cz\/wp-content\/uploads\/2020\/05\/Feeney-U23-18-5-2020.jpg","width":720,"height":405},{"@type":"BreadcrumbList","@id":"https:\/\/evertonfc.cz\/index.php\/2017\/06\/25\/3098\/#breadcrumb","itemListElement":[{"@type":"ListItem","position":1,"name":"Home","item":"https:\/\/evertonfc.cz\/"},{"@type":"ListItem","position":2,"name":"Korunovan\u00e1 U23"}]},{"@type":"WebSite","@id":"https:\/\/evertonfc.cz\/#website","url":"https:\/\/evertonfc.cz\/","name":"Official Czech &amp; Slovak Everton Supporters&#039; Club","description":"","publisher":{"@id":"https:\/\/evertonfc.cz\/#organization"},"potentialAction":[{"@type":"SearchAction","target":{"@type":"EntryPoint","urlTemplate":"https:\/\/evertonfc.cz\/?s={search_term_string}"},"query-input":{"@type":"PropertyValueSpecification","valueRequired":true,"valueName":"search_term_string"}}],"inLanguage":"cs"},{"@type":"Organization","@id":"https:\/\/evertonfc.cz\/#organization","name":"Official Czech & Slovak Everton Supporters' Club","url":"https:\/\/evertonfc.cz\/","logo":{"@type":"ImageObject","inLanguage":"cs","@id":"https:\/\/evertonfc.cz\/#\/schema\/logo\/image\/","url":"https:\/\/evertonfc.cz\/wp-content\/uploads\/2019\/05\/logo.png","contentUrl":"https:\/\/evertonfc.cz\/wp-content\/uploads\/2019\/05\/logo.png","width":112,"height":112,"caption":"Official Czech & Slovak Everton Supporters' Club"},"image":{"@id":"https:\/\/evertonfc.cz\/#\/schema\/logo\/image\/"},"sameAs":["https:\/\/www.facebook.com\/everton.fans.cz.sk"]},{"@type":"Person","@id":"https:\/\/evertonfc.cz\/#\/schema\/person\/d4493b8cbea51532597fbc4685698916","name":"BlueBlooded","url":"https:\/\/evertonfc.cz\/index.php\/author\/admin\/"}]}},"_links":{"self":[{"href":"https:\/\/evertonfc.cz\/index.php\/wp-json\/wp\/v2\/posts\/3098"}],"collection":[{"href":"https:\/\/evertonfc.cz\/index.php\/wp-json\/wp\/v2\/posts"}],"about":[{"href":"https:\/\/evertonfc.cz\/index.php\/wp-json\/wp\/v2\/types\/post"}],"author":[{"embeddable":true,"href":"https:\/\/evertonfc.cz\/index.php\/wp-json\/wp\/v2\/users\/1"}],"replies":[{"embeddable":true,"href":"https:\/\/evertonfc.cz\/index.php\/wp-json\/wp\/v2\/comments?post=3098"}],"version-history":[{"count":5,"href":"https:\/\/evertonfc.cz\/index.php\/wp-json\/wp\/v2\/posts\/3098\/revisions"}],"predecessor-version":[{"id":14127,"href":"https:\/\/evertonfc.cz\/index.php\/wp-json\/wp\/v2\/posts\/3098\/revisions\/14127"}],"wp:featuredmedia":[{"embeddable":true,"href":"https:\/\/evertonfc.cz\/index.php\/wp-json\/wp\/v2\/media\/11001"}],"wp:attachment":[{"href":"https:\/\/evertonfc.cz\/index.php\/wp-json\/wp\/v2\/media?parent=3098"}],"wp:term":[{"taxonomy":"category","embeddable":true,"href":"https:\/\/evertonfc.cz\/index.php\/wp-json\/wp\/v2\/categories?post=3098"},{"taxonomy":"post_tag","embeddable":true,"href":"https:\/\/evertonfc.cz\/index.php\/wp-json\/wp\/v2\/tags?post=3098"}],"curies":[{"name":"wp","href":"https:\/\/api.w.org\/{rel}","templated":true}]}}