{"id":3103,"date":"2017-06-15T18:45:50","date_gmt":"2017-06-15T16:45:50","guid":{"rendered":"http:\/\/evertonfc.cz\/?p=3103"},"modified":"2019-02-10T21:53:32","modified_gmt":"2019-02-10T20:53:32","slug":"moshiriho-revoluce-v-plne-parade-pickford-a-klaassen-hraci-evertonu","status":"publish","type":"post","link":"https:\/\/evertonfc.cz\/index.php\/2017\/06\/15\/moshiriho-revoluce-v-plne-parade-pickford-a-klaassen-hraci-evertonu\/","title":{"rendered":"Moshiriho revoluce v pln\u00e9 par\u00e1d\u011b: Pickford a Klaassen hr\u00e1\u010di Evertonu"},"content":{"rendered":"<h4 id=\"NewsPostDetailSummary\">Tomu se \u0159\u00edk\u00e1 za\u010d\u00e1tek p\u0159estupn\u00edho obdob\u00ed! Everton v jeden den dot\u00e1hl p\u0159\u00edchod branka\u0159e Jordana Pickforda ze Sunderlandu za 25 milion\u016f liber (v z\u00e1vislosti na v\u00fdkonnostn\u00edch bonusech se \u010d\u00e1stka m\u016f\u017ee nav\u00fd\u0161it o dal\u0161\u00edch p\u011bt milion\u016f liber) a z\u00e1lo\u017en\u00edka Davyho Klaassena z Ajaxu za 23,6 milionu liber. Oba hr\u00e1\u010di podepsali smlouvu do roku 2022.<\/h4>\n<div id=\"NewsPostDetailContent\">\n<p>T\u0159iadvacetilet\u00fd Pickford moment\u00e1ln\u011b pob\u00fdv\u00e1 v Polsku, kde z\u00edtra v br\u00e1n\u011b anglick\u00e9ho v\u00fdb\u011bru zah\u00e1j\u00ed mistrovstv\u00ed Evropy do 21 let. Na turnaji mu tak o nov\u00e9m p\u016fsobi\u0161ti m\u016f\u017ee poreferovat ode dne\u0161ka spoluhr\u00e1\u010d Mason Holgate.<\/p>\n<p><em>\u201eEverton je skv\u011bl\u00fd a velk\u00fd klub, naskytla se mi jedine\u010dn\u00e1 p\u0159\u00edle\u017eitost,\u201c\u00a0<\/em>uvedl 1,85 metru vysok\u00fd odchovanec Black Cats, kter\u00fd v\u00a0tam\u011bj\u0161\u00edm prvn\u00edm t\u00fdmu debutoval v lednu 2016 a v pr\u00e1v\u011b skon\u010den\u00e9 sez\u00f3n\u011b odchytal 29 ligov\u00fdch z\u00e1pas\u016f. A\u010d Sunderland sestoupil, Pickford si dr\u017eel v\u00fdkonnostn\u00ed la\u0165ku na vysok\u00e9 \u00farovni a \u0161la na n\u011bj chv\u00e1la ze v\u0161ech stran. Jak si porad\u00ed s p\u0159esunem do lep\u0161\u00edho celku, uk\u00e1\u017ee jenom \u010das. I p\u0159es obrovskou investici ale m\u00e1 p\u0159edpoklady b\u00fdt vyda\u0159en\u00fdm podpisem. Nyn\u00ed je nejdra\u017e\u0161\u00edm fotbalistou v historii Evertonu.<\/p>\n<p>Spokojenost s prvn\u00ed letn\u00ed posilou neskr\u00fdval mana\u017eer Ronald Koeman: <em>\u201eJordan je velmi talentovan\u00fd hoch, jen\u017e je hladov\u00fd po \u00fasp\u011bchu. To velmi v\u00edt\u00e1me a u\u017e se nem\u016f\u017eeme do\u010dkat, a\u017e mu v n\u00e1sleduj\u00edc\u00ed sezon\u011b pom\u016f\u017eeme s progresem.\u201c<\/em><\/p>\n<p>Everton prost\u0159ednictv\u00edm Farhada Moshiriho, vlastn\u00edka nejv\u011bt\u0161\u00edho pod\u00edlu v Evertonu, dne\u0161kem v\u00fdrazn\u011b nazna\u010dil sv\u00e9 pl\u00e1ny proniknout mezi anglickou elitu. Historie sv\u011btov\u00e9ho fotbalu zn\u00e1 pouze dva dra\u017e\u0161\u00ed branka\u0159e ne\u017e je Pickford. Za Gianluigiho Buffona Juventus poslal v roce 2001 Parm\u011b 32,5 milionu liber (53 milion\u016f eur) a za Edersona Benfika p\u0159ed t\u00fddnem obdr\u017eela od Manchesteru City 35 milion\u016f liber (40 milion\u016f eur).<\/p>\n<p>Je\u0161t\u011b v ten sam\u00fd den, kdy si Pickford zap\u00f3zoval s oran\u017eov\u00fdm brank\u00e1\u0159sk\u00fdm dresem, Koeman z\u00edskal vytou\u017een\u00e9ho kreativn\u00edho z\u00e1lo\u017en\u00edka. Moshiri mu za 23,6 milionu liber po\u0159\u00eddil \u010dty\u0159iadvacetilet\u00e9ho krajana z Ajaxu.<\/p>\n<p>Davy Klaassen si pro\u0161el slavnou akademi\u00ed amsterdamsk\u00e9ho celku a v A-t\u00fdmu debutoval ve sv\u00fdch 18 letech, p\u0159i\u010dem\u017e natrvalo se do n\u011bj prosadil o dva roky pozd\u011bji. Za Ajax odehr\u00e1l celkem 163 z\u00e1pas\u016f a vst\u0159elil 49 branek. Jinak v\u00fdborn\u00fd ro\u010dn\u00edk 2016\/17 zakon\u010dil nepoveden\u00fdm fin\u00e1lem Evropsk\u00e9 ligy, v n\u011bm\u017e mlad\u00fd celek podlehl Manchesteru United 0:2.<\/p>\n<p>Klaassen na rozd\u00edl od Pickorda pat\u0159\u00ed do seniorsk\u00e9 reprezentace, za Oranjes odkopal 14 utk\u00e1n\u00ed a vs\u00edtil \u010dty\u0159i g\u00f3ly.<em> \u201ePro\u0161el jsem z\u00e1zem\u00ed zde v Evertonu a m\u00e1m ze v\u0161eho dobr\u00fd pocit. S Ronaldem Koemanem jsem hovo\u0159il ji\u017e p\u0159ed p\u00e1r t\u00fddny. Cht\u011bl jsem, aby se p\u0159estup uskute\u010dnil. Je pro m\u011b t\u011b\u017ek\u00e9 opustit Ajax, c\u00edt\u00edm v\u0161ak, \u017ee jsem ud\u011blal spr\u00e1vn\u00fd krok.<\/em><\/p>\n<p><em>Hraji na pozici ofenzivn\u00edho z\u00e1lo\u017en\u00edka a r\u00e1d si nab\u00edh\u00e1m do v\u00e1pna. Tak\u00e9 um\u00edm p\u0159itvrdit hru a nen\u00ed mi ciz\u00ed presink po cel\u00fdch 90 minut,\u201c<\/em>prozradil mistr Eredivisie z let 2012, 2013 a 2014.<\/p>\n<p><em>\u201eJsem r\u00e1d, \u017ee jsme ulovili Davyho,\u201c\u00a0<\/em>nazna\u010dil Ronald Koeman. <em>\u201eJe mu sice jen 24 let, ov\u0161em m\u00e1 \u0159adu zku\u0161enost\u00ed, um\u00ed d\u00e1vat i p\u0159ipravovat branky a t\u00e9\u017e dok\u00e1\u017ee b\u00fdt l\u00eddrem. Posledn\u00ed dv\u011b sez\u00f3ny navl\u00e9kal v Ajaxu kapit\u00e1nskou p\u00e1sku.\u201c<\/em><\/p>\n<\/div>\n","protected":false},"excerpt":{"rendered":"<p>Tomu se \u0159\u00edk\u00e1 za\u010d\u00e1tek p\u0159estupn\u00edho obdob\u00ed! Everton v jeden den dot\u00e1hl p\u0159\u00edchod branka\u0159e Jordana Pickforda ze Sunderlandu za 25 milion\u016f&hellip;<\/p>\n","protected":false},"author":6,"featured_media":1316,"comment_status":"open","ping_status":"closed","sticky":false,"template":"","format":"standard","meta":{"_eb_attr":"","_monsterinsights_skip_tracking":false,"_monsterinsights_sitenote_active":false,"_monsterinsights_sitenote_note":"","_monsterinsights_sitenote_category":0,"footnotes":""},"categories":[41],"tags":[],"yoast_head":"<!-- This site is optimized with the Yoast SEO plugin v23.4 - https:\/\/yoast.com\/wordpress\/plugins\/seo\/ -->\n<title>Moshiriho revoluce v pln\u00e9 par\u00e1d\u011b: Pickford a Klaassen hr\u00e1\u010di Evertonu - Official Czech &amp; Slovak Everton Supporters&#039; Club<\/title>\n<meta name=\"robots\" content=\"index, follow, max-snippet:-1, max-image-preview:large, max-video-preview:-1\" \/>\n<link rel=\"canonical\" href=\"https:\/\/evertonfc.cz\/index.php\/2017\/06\/15\/moshiriho-revoluce-v-plne-parade-pickford-a-klaassen-hraci-evertonu\/\" \/>\n<meta property=\"og:locale\" content=\"cs_CZ\" \/>\n<meta property=\"og:type\" content=\"article\" \/>\n<meta property=\"og:title\" content=\"Moshiriho revoluce v pln\u00e9 par\u00e1d\u011b: Pickford a Klaassen hr\u00e1\u010di Evertonu - Official Czech &amp; Slovak Everton Supporters&#039; Club\" \/>\n<meta property=\"og:description\" content=\"Tomu se \u0159\u00edk\u00e1 za\u010d\u00e1tek p\u0159estupn\u00edho obdob\u00ed! Everton v jeden den dot\u00e1hl p\u0159\u00edchod branka\u0159e Jordana Pickforda ze Sunderlandu za 25 milion\u016f&hellip;\" \/>\n<meta property=\"og:url\" content=\"https:\/\/evertonfc.cz\/index.php\/2017\/06\/15\/moshiriho-revoluce-v-plne-parade-pickford-a-klaassen-hraci-evertonu\/\" \/>\n<meta property=\"og:site_name\" content=\"Official Czech &amp; Slovak Everton Supporters&#039; Club\" \/>\n<meta property=\"article:publisher\" content=\"https:\/\/www.facebook.com\/everton.fans.cz.sk\" \/>\n<meta property=\"article:published_time\" content=\"2017-06-15T16:45:50+00:00\" \/>\n<meta property=\"article:modified_time\" content=\"2019-02-10T20:53:32+00:00\" \/>\n<meta property=\"og:image\" content=\"https:\/\/evertonfc.cz\/wp-content\/uploads\/2019\/01\/transfer.jpg\" \/>\n\t<meta property=\"og:image:width\" content=\"720\" \/>\n\t<meta property=\"og:image:height\" content=\"405\" \/>\n\t<meta property=\"og:image:type\" content=\"image\/jpeg\" \/>\n<meta name=\"author\" content=\"Ri\u010di\" \/>\n<meta name=\"twitter:card\" content=\"summary_large_image\" \/>\n<meta name=\"twitter:creator\" content=\"@rbrejsa\" \/>\n<meta name=\"twitter:label1\" content=\"Napsal(a)\" \/>\n\t<meta name=\"twitter:data1\" content=\"Ri\u010di\" \/>\n\t<meta name=\"twitter:label2\" content=\"Odhadovan\u00e1 doba \u010dten\u00ed\" \/>\n\t<meta name=\"twitter:data2\" content=\"3 minuty\" \/>\n<script type=\"application\/ld+json\" class=\"yoast-schema-graph\">{\"@context\":\"https:\/\/schema.org\",\"@graph\":[{\"@type\":\"Article\",\"@id\":\"https:\/\/evertonfc.cz\/index.php\/2017\/06\/15\/moshiriho-revoluce-v-plne-parade-pickford-a-klaassen-hraci-evertonu\/#article\",\"isPartOf\":{\"@id\":\"https:\/\/evertonfc.cz\/index.php\/2017\/06\/15\/moshiriho-revoluce-v-plne-parade-pickford-a-klaassen-hraci-evertonu\/\"},\"author\":{\"name\":\"Ri\u010di\",\"@id\":\"https:\/\/evertonfc.cz\/#\/schema\/person\/f7a5daedb2ffee98480bc70e191aaef1\"},\"headline\":\"Moshiriho revoluce v pln\u00e9 par\u00e1d\u011b: Pickford a Klaassen hr\u00e1\u010di Evertonu\",\"datePublished\":\"2017-06-15T16:45:50+00:00\",\"dateModified\":\"2019-02-10T20:53:32+00:00\",\"mainEntityOfPage\":{\"@id\":\"https:\/\/evertonfc.cz\/index.php\/2017\/06\/15\/moshiriho-revoluce-v-plne-parade-pickford-a-klaassen-hraci-evertonu\/\"},\"wordCount\":625,\"commentCount\":0,\"publisher\":{\"@id\":\"https:\/\/evertonfc.cz\/#organization\"},\"image\":{\"@id\":\"https:\/\/evertonfc.cz\/index.php\/2017\/06\/15\/moshiriho-revoluce-v-plne-parade-pickford-a-klaassen-hraci-evertonu\/#primaryimage\"},\"thumbnailUrl\":\"https:\/\/evertonfc.cz\/wp-content\/uploads\/2019\/01\/transfer.jpg\",\"articleSection\":[\"P\u0159estupy\"],\"inLanguage\":\"cs\",\"potentialAction\":[{\"@type\":\"CommentAction\",\"name\":\"Comment\",\"target\":[\"https:\/\/evertonfc.cz\/index.php\/2017\/06\/15\/moshiriho-revoluce-v-plne-parade-pickford-a-klaassen-hraci-evertonu\/#respond\"]}]},{\"@type\":\"WebPage\",\"@id\":\"https:\/\/evertonfc.cz\/index.php\/2017\/06\/15\/moshiriho-revoluce-v-plne-parade-pickford-a-klaassen-hraci-evertonu\/\",\"url\":\"https:\/\/evertonfc.cz\/index.php\/2017\/06\/15\/moshiriho-revoluce-v-plne-parade-pickford-a-klaassen-hraci-evertonu\/\",\"name\":\"Moshiriho revoluce v pln\u00e9 par\u00e1d\u011b: Pickford a Klaassen hr\u00e1\u010di Evertonu - Official Czech &amp; Slovak Everton Supporters&#039; Club\",\"isPartOf\":{\"@id\":\"https:\/\/evertonfc.cz\/#website\"},\"primaryImageOfPage\":{\"@id\":\"https:\/\/evertonfc.cz\/index.php\/2017\/06\/15\/moshiriho-revoluce-v-plne-parade-pickford-a-klaassen-hraci-evertonu\/#primaryimage\"},\"image\":{\"@id\":\"https:\/\/evertonfc.cz\/index.php\/2017\/06\/15\/moshiriho-revoluce-v-plne-parade-pickford-a-klaassen-hraci-evertonu\/#primaryimage\"},\"thumbnailUrl\":\"https:\/\/evertonfc.cz\/wp-content\/uploads\/2019\/01\/transfer.jpg\",\"datePublished\":\"2017-06-15T16:45:50+00:00\",\"dateModified\":\"2019-02-10T20:53:32+00:00\",\"breadcrumb\":{\"@id\":\"https:\/\/evertonfc.cz\/index.php\/2017\/06\/15\/moshiriho-revoluce-v-plne-parade-pickford-a-klaassen-hraci-evertonu\/#breadcrumb\"},\"inLanguage\":\"cs\",\"potentialAction\":[{\"@type\":\"ReadAction\",\"target\":[\"https:\/\/evertonfc.cz\/index.php\/2017\/06\/15\/moshiriho-revoluce-v-plne-parade-pickford-a-klaassen-hraci-evertonu\/\"]}]},{\"@type\":\"ImageObject\",\"inLanguage\":\"cs\",\"@id\":\"https:\/\/evertonfc.cz\/index.php\/2017\/06\/15\/moshiriho-revoluce-v-plne-parade-pickford-a-klaassen-hraci-evertonu\/#primaryimage\",\"url\":\"https:\/\/evertonfc.cz\/wp-content\/uploads\/2019\/01\/transfer.jpg\",\"contentUrl\":\"https:\/\/evertonfc.cz\/wp-content\/uploads\/2019\/01\/transfer.jpg\",\"width\":720,\"height\":405},{\"@type\":\"BreadcrumbList\",\"@id\":\"https:\/\/evertonfc.cz\/index.php\/2017\/06\/15\/moshiriho-revoluce-v-plne-parade-pickford-a-klaassen-hraci-evertonu\/#breadcrumb\",\"itemListElement\":[{\"@type\":\"ListItem\",\"position\":1,\"name\":\"Home\",\"item\":\"https:\/\/evertonfc.cz\/\"},{\"@type\":\"ListItem\",\"position\":2,\"name\":\"Moshiriho revoluce v pln\u00e9 par\u00e1d\u011b: Pickford a Klaassen hr\u00e1\u010di Evertonu\"}]},{\"@type\":\"WebSite\",\"@id\":\"https:\/\/evertonfc.cz\/#website\",\"url\":\"https:\/\/evertonfc.cz\/\",\"name\":\"Official Czech &amp; Slovak Everton Supporters&#039; Club\",\"description\":\"\",\"publisher\":{\"@id\":\"https:\/\/evertonfc.cz\/#organization\"},\"potentialAction\":[{\"@type\":\"SearchAction\",\"target\":{\"@type\":\"EntryPoint\",\"urlTemplate\":\"https:\/\/evertonfc.cz\/?s={search_term_string}\"},\"query-input\":{\"@type\":\"PropertyValueSpecification\",\"valueRequired\":true,\"valueName\":\"search_term_string\"}}],\"inLanguage\":\"cs\"},{\"@type\":\"Organization\",\"@id\":\"https:\/\/evertonfc.cz\/#organization\",\"name\":\"Official Czech & Slovak Everton Supporters' Club\",\"url\":\"https:\/\/evertonfc.cz\/\",\"logo\":{\"@type\":\"ImageObject\",\"inLanguage\":\"cs\",\"@id\":\"https:\/\/evertonfc.cz\/#\/schema\/logo\/image\/\",\"url\":\"https:\/\/evertonfc.cz\/wp-content\/uploads\/2019\/05\/logo.png\",\"contentUrl\":\"https:\/\/evertonfc.cz\/wp-content\/uploads\/2019\/05\/logo.png\",\"width\":112,\"height\":112,\"caption\":\"Official Czech & Slovak Everton Supporters' Club\"},\"image\":{\"@id\":\"https:\/\/evertonfc.cz\/#\/schema\/logo\/image\/\"},\"sameAs\":[\"https:\/\/www.facebook.com\/everton.fans.cz.sk\"]},{\"@type\":\"Person\",\"@id\":\"https:\/\/evertonfc.cz\/#\/schema\/person\/f7a5daedb2ffee98480bc70e191aaef1\",\"name\":\"Ri\u010di\",\"sameAs\":[\"https:\/\/x.com\/rbrejsa\"],\"url\":\"https:\/\/evertonfc.cz\/index.php\/author\/rici\/\"}]}<\/script>\n<!-- \/ Yoast SEO plugin. -->","yoast_head_json":{"title":"Moshiriho revoluce v pln\u00e9 par\u00e1d\u011b: Pickford a Klaassen hr\u00e1\u010di Evertonu - Official Czech &amp; Slovak Everton Supporters&#039; Club","robots":{"index":"index","follow":"follow","max-snippet":"max-snippet:-1","max-image-preview":"max-image-preview:large","max-video-preview":"max-video-preview:-1"},"canonical":"https:\/\/evertonfc.cz\/index.php\/2017\/06\/15\/moshiriho-revoluce-v-plne-parade-pickford-a-klaassen-hraci-evertonu\/","og_locale":"cs_CZ","og_type":"article","og_title":"Moshiriho revoluce v pln\u00e9 par\u00e1d\u011b: Pickford a Klaassen hr\u00e1\u010di Evertonu - Official Czech &amp; Slovak Everton Supporters&#039; Club","og_description":"Tomu se \u0159\u00edk\u00e1 za\u010d\u00e1tek p\u0159estupn\u00edho obdob\u00ed! Everton v jeden den dot\u00e1hl p\u0159\u00edchod branka\u0159e Jordana Pickforda ze Sunderlandu za 25 milion\u016f&hellip;","og_url":"https:\/\/evertonfc.cz\/index.php\/2017\/06\/15\/moshiriho-revoluce-v-plne-parade-pickford-a-klaassen-hraci-evertonu\/","og_site_name":"Official Czech &amp; Slovak Everton Supporters&#039; Club","article_publisher":"https:\/\/www.facebook.com\/everton.fans.cz.sk","article_published_time":"2017-06-15T16:45:50+00:00","article_modified_time":"2019-02-10T20:53:32+00:00","og_image":[{"width":720,"height":405,"url":"https:\/\/evertonfc.cz\/wp-content\/uploads\/2019\/01\/transfer.jpg","type":"image\/jpeg"}],"author":"Ri\u010di","twitter_card":"summary_large_image","twitter_creator":"@rbrejsa","twitter_misc":{"Napsal(a)":"Ri\u010di","Odhadovan\u00e1 doba \u010dten\u00ed":"3 minuty"},"schema":{"@context":"https:\/\/schema.org","@graph":[{"@type":"Article","@id":"https:\/\/evertonfc.cz\/index.php\/2017\/06\/15\/moshiriho-revoluce-v-plne-parade-pickford-a-klaassen-hraci-evertonu\/#article","isPartOf":{"@id":"https:\/\/evertonfc.cz\/index.php\/2017\/06\/15\/moshiriho-revoluce-v-plne-parade-pickford-a-klaassen-hraci-evertonu\/"},"author":{"name":"Ri\u010di","@id":"https:\/\/evertonfc.cz\/#\/schema\/person\/f7a5daedb2ffee98480bc70e191aaef1"},"headline":"Moshiriho revoluce v pln\u00e9 par\u00e1d\u011b: Pickford a Klaassen hr\u00e1\u010di Evertonu","datePublished":"2017-06-15T16:45:50+00:00","dateModified":"2019-02-10T20:53:32+00:00","mainEntityOfPage":{"@id":"https:\/\/evertonfc.cz\/index.php\/2017\/06\/15\/moshiriho-revoluce-v-plne-parade-pickford-a-klaassen-hraci-evertonu\/"},"wordCount":625,"commentCount":0,"publisher":{"@id":"https:\/\/evertonfc.cz\/#organization"},"image":{"@id":"https:\/\/evertonfc.cz\/index.php\/2017\/06\/15\/moshiriho-revoluce-v-plne-parade-pickford-a-klaassen-hraci-evertonu\/#primaryimage"},"thumbnailUrl":"https:\/\/evertonfc.cz\/wp-content\/uploads\/2019\/01\/transfer.jpg","articleSection":["P\u0159estupy"],"inLanguage":"cs","potentialAction":[{"@type":"CommentAction","name":"Comment","target":["https:\/\/evertonfc.cz\/index.php\/2017\/06\/15\/moshiriho-revoluce-v-plne-parade-pickford-a-klaassen-hraci-evertonu\/#respond"]}]},{"@type":"WebPage","@id":"https:\/\/evertonfc.cz\/index.php\/2017\/06\/15\/moshiriho-revoluce-v-plne-parade-pickford-a-klaassen-hraci-evertonu\/","url":"https:\/\/evertonfc.cz\/index.php\/2017\/06\/15\/moshiriho-revoluce-v-plne-parade-pickford-a-klaassen-hraci-evertonu\/","name":"Moshiriho revoluce v pln\u00e9 par\u00e1d\u011b: Pickford a Klaassen hr\u00e1\u010di Evertonu - Official Czech &amp; Slovak Everton Supporters&#039; Club","isPartOf":{"@id":"https:\/\/evertonfc.cz\/#website"},"primaryImageOfPage":{"@id":"https:\/\/evertonfc.cz\/index.php\/2017\/06\/15\/moshiriho-revoluce-v-plne-parade-pickford-a-klaassen-hraci-evertonu\/#primaryimage"},"image":{"@id":"https:\/\/evertonfc.cz\/index.php\/2017\/06\/15\/moshiriho-revoluce-v-plne-parade-pickford-a-klaassen-hraci-evertonu\/#primaryimage"},"thumbnailUrl":"https:\/\/evertonfc.cz\/wp-content\/uploads\/2019\/01\/transfer.jpg","datePublished":"2017-06-15T16:45:50+00:00","dateModified":"2019-02-10T20:53:32+00:00","breadcrumb":{"@id":"https:\/\/evertonfc.cz\/index.php\/2017\/06\/15\/moshiriho-revoluce-v-plne-parade-pickford-a-klaassen-hraci-evertonu\/#breadcrumb"},"inLanguage":"cs","potentialAction":[{"@type":"ReadAction","target":["https:\/\/evertonfc.cz\/index.php\/2017\/06\/15\/moshiriho-revoluce-v-plne-parade-pickford-a-klaassen-hraci-evertonu\/"]}]},{"@type":"ImageObject","inLanguage":"cs","@id":"https:\/\/evertonfc.cz\/index.php\/2017\/06\/15\/moshiriho-revoluce-v-plne-parade-pickford-a-klaassen-hraci-evertonu\/#primaryimage","url":"https:\/\/evertonfc.cz\/wp-content\/uploads\/2019\/01\/transfer.jpg","contentUrl":"https:\/\/evertonfc.cz\/wp-content\/uploads\/2019\/01\/transfer.jpg","width":720,"height":405},{"@type":"BreadcrumbList","@id":"https:\/\/evertonfc.cz\/index.php\/2017\/06\/15\/moshiriho-revoluce-v-plne-parade-pickford-a-klaassen-hraci-evertonu\/#breadcrumb","itemListElement":[{"@type":"ListItem","position":1,"name":"Home","item":"https:\/\/evertonfc.cz\/"},{"@type":"ListItem","position":2,"name":"Moshiriho revoluce v pln\u00e9 par\u00e1d\u011b: Pickford a Klaassen hr\u00e1\u010di Evertonu"}]},{"@type":"WebSite","@id":"https:\/\/evertonfc.cz\/#website","url":"https:\/\/evertonfc.cz\/","name":"Official Czech &amp; Slovak Everton Supporters&#039; Club","description":"","publisher":{"@id":"https:\/\/evertonfc.cz\/#organization"},"potentialAction":[{"@type":"SearchAction","target":{"@type":"EntryPoint","urlTemplate":"https:\/\/evertonfc.cz\/?s={search_term_string}"},"query-input":{"@type":"PropertyValueSpecification","valueRequired":true,"valueName":"search_term_string"}}],"inLanguage":"cs"},{"@type":"Organization","@id":"https:\/\/evertonfc.cz\/#organization","name":"Official Czech & Slovak Everton Supporters' Club","url":"https:\/\/evertonfc.cz\/","logo":{"@type":"ImageObject","inLanguage":"cs","@id":"https:\/\/evertonfc.cz\/#\/schema\/logo\/image\/","url":"https:\/\/evertonfc.cz\/wp-content\/uploads\/2019\/05\/logo.png","contentUrl":"https:\/\/evertonfc.cz\/wp-content\/uploads\/2019\/05\/logo.png","width":112,"height":112,"caption":"Official Czech & Slovak Everton Supporters' Club"},"image":{"@id":"https:\/\/evertonfc.cz\/#\/schema\/logo\/image\/"},"sameAs":["https:\/\/www.facebook.com\/everton.fans.cz.sk"]},{"@type":"Person","@id":"https:\/\/evertonfc.cz\/#\/schema\/person\/f7a5daedb2ffee98480bc70e191aaef1","name":"Ri\u010di","sameAs":["https:\/\/x.com\/rbrejsa"],"url":"https:\/\/evertonfc.cz\/index.php\/author\/rici\/"}]}},"_links":{"self":[{"href":"https:\/\/evertonfc.cz\/index.php\/wp-json\/wp\/v2\/posts\/3103"}],"collection":[{"href":"https:\/\/evertonfc.cz\/index.php\/wp-json\/wp\/v2\/posts"}],"about":[{"href":"https:\/\/evertonfc.cz\/index.php\/wp-json\/wp\/v2\/types\/post"}],"author":[{"embeddable":true,"href":"https:\/\/evertonfc.cz\/index.php\/wp-json\/wp\/v2\/users\/6"}],"replies":[{"embeddable":true,"href":"https:\/\/evertonfc.cz\/index.php\/wp-json\/wp\/v2\/comments?post=3103"}],"version-history":[{"count":3,"href":"https:\/\/evertonfc.cz\/index.php\/wp-json\/wp\/v2\/posts\/3103\/revisions"}],"predecessor-version":[{"id":3297,"href":"https:\/\/evertonfc.cz\/index.php\/wp-json\/wp\/v2\/posts\/3103\/revisions\/3297"}],"wp:featuredmedia":[{"embeddable":true,"href":"https:\/\/evertonfc.cz\/index.php\/wp-json\/wp\/v2\/media\/1316"}],"wp:attachment":[{"href":"https:\/\/evertonfc.cz\/index.php\/wp-json\/wp\/v2\/media?parent=3103"}],"wp:term":[{"taxonomy":"category","embeddable":true,"href":"https:\/\/evertonfc.cz\/index.php\/wp-json\/wp\/v2\/categories?post=3103"},{"taxonomy":"post_tag","embeddable":true,"href":"https:\/\/evertonfc.cz\/index.php\/wp-json\/wp\/v2\/tags?post=3103"}],"curies":[{"name":"wp","href":"https:\/\/api.w.org\/{rel}","templated":true}]}}