{"id":3108,"date":"2010-09-13T18:50:19","date_gmt":"2010-09-13T16:50:19","guid":{"rendered":"http:\/\/evertonfc.cz\/?p=3108"},"modified":"2019-02-10T18:51:25","modified_gmt":"2019-02-10T17:51:25","slug":"artetovi-se-kapitanska-paska-libi","status":"publish","type":"post","link":"https:\/\/evertonfc.cz\/index.php\/2010\/09\/13\/artetovi-se-kapitanska-paska-libi\/","title":{"rendered":"Artetovi se kapit\u00e1nsk\u00e1 p\u00e1ska l\u00edb\u00ed"},"content":{"rendered":"<h4>Hrdina sobotn\u00edho souboje s Machesterem United a sou\u010dasn\u00fd n\u00e1hradn\u00ed kapit\u00e1n, Mikel Arteta, si sv\u00e9 nov\u00e9 pozice velmi u\u017e\u00edv\u00e1. Jedn\u00edm dechem ale p\u0159itak\u00e1v\u00e1, \u017ee p\u00e1ska pat\u0159\u00ed na rameno Philu Nevillovi.<\/h4>\n<p>\u0160pan\u011blsk\u00fd playmaker zastupuje v roli skippera Phila Nevilla v posledn\u00edch dvou z\u00e1pasech Premier League. A v tom posledn\u00edm proti Red Devils se jako spr\u00e1vn\u00fd v\u016fdce zachoval, kdy\u017e v nastaven\u00ed vyrovnal na kone\u010dn\u00fdch 3:3.<\/p>\n<p>Pro samotn\u00e9ho hr\u00e1\u010de je to pochopiteln\u011b velk\u00e1 pocta a svou novou roli komentoval takto:<\/p>\n<p><em>\u201ePodle m\u011b je Phil Neville skv\u011bl\u00fd kapit\u00e1n. Jeho charakter a odpov\u011bdnost&#8230; Velice si ho v\u00e1\u017e\u00edm. Jsem r\u00e1d, \u017ee d\u011bl\u00e1 kapit\u00e1na.<\/em><\/p>\n<p><em>Te\u010f jsem kapit\u00e1n j\u00e1, co\u017e zn\u00ed opravdu v\u00fdborn\u011b. Beru to jako d\u016fle\u017eitou v\u011bc, ukazuje to toti\u017e, \u017ee jsem si z\u00edskal respekt klubov\u00e9ho person\u00e1lu, hr\u00e1\u010d\u016f a fanou\u0161k\u016f.<\/em><\/p>\n<p><em>Jsem nav\u00edc cizinec, tak\u017ee i z tohoto d\u016fvodu m\u011b to t\u011b\u0161\u00ed. I kdy\u017e u\u017e v klubu p\u016fsob\u00edm dlouho, neum\u00edm t\u0159eba mluvit anglicky stejn\u011b dob\u0159e jako ostatn\u00ed kluci. Sna\u017e\u00edm se kapit\u00e1novat, jak nejl\u00e9pe mohu a pokud si to mysl\u00ed i spoluhr\u00e1\u010di, je to skv\u011bl\u00e9.\u201c<\/em><\/p>\n<p>N\u00e1sledn\u011b se Arteta vyj\u00e1d\u0159il i z\u00e1pasu proti Manchesteru United:\u00a0<em>\u201eNezaslou\u017eili jsme to utk\u00e1n\u00ed prohr\u00e1t.<\/em><\/p>\n<p><em>\u201eVyrobili jsme sice n\u011bkolik chyb, kter\u00e9 byly potrest\u00e1ny inkasovan\u00fdmi brankami, m\u011bli jsme ale i p\u00e1r dobr\u00fdch moment\u016f. Hlavn\u011b Tim Howard byl \u00fa\u017easn\u00fd, d\u00edky n\u011bmu jsme mohli neust\u00e1le pom\u00fd\u0161let na dobr\u00fd v\u00fdsledek.<\/em><\/p>\n<p><em>V sobotu n\u00e1s \u010dek\u00e1 t\u011b\u017ek\u00fd z\u00e1pas proti Newcastlu. Uv\u011bdomujeme si, jak je d\u016fle\u017e\u00edt\u00e9 vyhr\u00e1vat dom\u00e1c\u00ed z\u00e1pasy. Velkou roli ale budou hr\u00e1t i fanou\u0161ci. Proti United byli \u00fa\u017easn\u00ed, i kdy\u017e to pro n\u00e1s v z\u00e1pase nevypadalo v\u016fbec dob\u0159e. Nikdo p\u0159ed\u010dasn\u011b neodch\u00e1zel ze h\u0159i\u0161t\u011b, byli prost\u011b skv\u011bl\u00ed a mus\u00edme jim pod\u011bkovat za podporu.\u201c<\/em><\/p>\n","protected":false},"excerpt":{"rendered":"<p>Hrdina sobotn\u00edho souboje s Machesterem United a sou\u010dasn\u00fd n\u00e1hradn\u00ed kapit\u00e1n, Mikel Arteta, si sv\u00e9 nov\u00e9 pozice velmi u\u017e\u00edv\u00e1. Jedn\u00edm dechem&hellip;<\/p>\n","protected":false},"author":6,"featured_media":1312,"comment_status":"open","ping_status":"closed","sticky":false,"template":"","format":"standard","meta":{"_eb_attr":"","_monsterinsights_skip_tracking":false,"_monsterinsights_sitenote_active":false,"_monsterinsights_sitenote_note":"","_monsterinsights_sitenote_category":0,"footnotes":""},"categories":[1],"tags":[],"yoast_head":"<!-- This site is optimized with the Yoast SEO plugin v23.4 - https:\/\/yoast.com\/wordpress\/plugins\/seo\/ -->\n<title>Artetovi se kapit\u00e1nsk\u00e1 p\u00e1ska l\u00edb\u00ed - Official Czech &amp; Slovak Everton Supporters&#039; Club<\/title>\n<meta name=\"robots\" content=\"index, follow, max-snippet:-1, max-image-preview:large, max-video-preview:-1\" \/>\n<link rel=\"canonical\" href=\"https:\/\/evertonfc.cz\/index.php\/2010\/09\/13\/artetovi-se-kapitanska-paska-libi\/\" \/>\n<meta property=\"og:locale\" content=\"cs_CZ\" \/>\n<meta property=\"og:type\" content=\"article\" \/>\n<meta property=\"og:title\" content=\"Artetovi se kapit\u00e1nsk\u00e1 p\u00e1ska l\u00edb\u00ed - Official Czech &amp; Slovak Everton Supporters&#039; Club\" \/>\n<meta property=\"og:description\" content=\"Hrdina sobotn\u00edho souboje s Machesterem United a sou\u010dasn\u00fd n\u00e1hradn\u00ed kapit\u00e1n, Mikel Arteta, si sv\u00e9 nov\u00e9 pozice velmi u\u017e\u00edv\u00e1. Jedn\u00edm dechem&hellip;\" \/>\n<meta property=\"og:url\" content=\"https:\/\/evertonfc.cz\/index.php\/2010\/09\/13\/artetovi-se-kapitanska-paska-libi\/\" \/>\n<meta property=\"og:site_name\" content=\"Official Czech &amp; Slovak Everton Supporters&#039; Club\" \/>\n<meta property=\"article:publisher\" content=\"https:\/\/www.facebook.com\/everton.fans.cz.sk\" \/>\n<meta property=\"article:published_time\" content=\"2010-09-13T16:50:19+00:00\" \/>\n<meta property=\"article:modified_time\" content=\"2019-02-10T17:51:25+00:00\" \/>\n<meta property=\"og:image\" content=\"https:\/\/evertonfc.cz\/wp-content\/uploads\/2019\/01\/interview.jpg\" \/>\n\t<meta property=\"og:image:width\" content=\"720\" \/>\n\t<meta property=\"og:image:height\" content=\"405\" \/>\n\t<meta property=\"og:image:type\" content=\"image\/jpeg\" \/>\n<meta name=\"author\" content=\"Ri\u010di\" \/>\n<meta name=\"twitter:card\" content=\"summary_large_image\" \/>\n<meta name=\"twitter:creator\" content=\"@rbrejsa\" \/>\n<meta name=\"twitter:label1\" content=\"Napsal(a)\" \/>\n\t<meta name=\"twitter:data1\" content=\"Ri\u010di\" \/>\n\t<meta name=\"twitter:label2\" content=\"Odhadovan\u00e1 doba \u010dten\u00ed\" \/>\n\t<meta name=\"twitter:data2\" content=\"2 minuty\" \/>\n<script type=\"application\/ld+json\" class=\"yoast-schema-graph\">{\"@context\":\"https:\/\/schema.org\",\"@graph\":[{\"@type\":\"Article\",\"@id\":\"https:\/\/evertonfc.cz\/index.php\/2010\/09\/13\/artetovi-se-kapitanska-paska-libi\/#article\",\"isPartOf\":{\"@id\":\"https:\/\/evertonfc.cz\/index.php\/2010\/09\/13\/artetovi-se-kapitanska-paska-libi\/\"},\"author\":{\"name\":\"Ri\u010di\",\"@id\":\"https:\/\/evertonfc.cz\/#\/schema\/person\/f7a5daedb2ffee98480bc70e191aaef1\"},\"headline\":\"Artetovi se kapit\u00e1nsk\u00e1 p\u00e1ska l\u00edb\u00ed\",\"datePublished\":\"2010-09-13T16:50:19+00:00\",\"dateModified\":\"2019-02-10T17:51:25+00:00\",\"mainEntityOfPage\":{\"@id\":\"https:\/\/evertonfc.cz\/index.php\/2010\/09\/13\/artetovi-se-kapitanska-paska-libi\/\"},\"wordCount\":357,\"commentCount\":0,\"publisher\":{\"@id\":\"https:\/\/evertonfc.cz\/#organization\"},\"image\":{\"@id\":\"https:\/\/evertonfc.cz\/index.php\/2010\/09\/13\/artetovi-se-kapitanska-paska-libi\/#primaryimage\"},\"thumbnailUrl\":\"https:\/\/evertonfc.cz\/wp-content\/uploads\/2019\/01\/interview.jpg\",\"articleSection\":[\"Rozhovory\"],\"inLanguage\":\"cs\",\"potentialAction\":[{\"@type\":\"CommentAction\",\"name\":\"Comment\",\"target\":[\"https:\/\/evertonfc.cz\/index.php\/2010\/09\/13\/artetovi-se-kapitanska-paska-libi\/#respond\"]}]},{\"@type\":\"WebPage\",\"@id\":\"https:\/\/evertonfc.cz\/index.php\/2010\/09\/13\/artetovi-se-kapitanska-paska-libi\/\",\"url\":\"https:\/\/evertonfc.cz\/index.php\/2010\/09\/13\/artetovi-se-kapitanska-paska-libi\/\",\"name\":\"Artetovi se kapit\u00e1nsk\u00e1 p\u00e1ska l\u00edb\u00ed - Official Czech &amp; Slovak Everton Supporters&#039; Club\",\"isPartOf\":{\"@id\":\"https:\/\/evertonfc.cz\/#website\"},\"primaryImageOfPage\":{\"@id\":\"https:\/\/evertonfc.cz\/index.php\/2010\/09\/13\/artetovi-se-kapitanska-paska-libi\/#primaryimage\"},\"image\":{\"@id\":\"https:\/\/evertonfc.cz\/index.php\/2010\/09\/13\/artetovi-se-kapitanska-paska-libi\/#primaryimage\"},\"thumbnailUrl\":\"https:\/\/evertonfc.cz\/wp-content\/uploads\/2019\/01\/interview.jpg\",\"datePublished\":\"2010-09-13T16:50:19+00:00\",\"dateModified\":\"2019-02-10T17:51:25+00:00\",\"breadcrumb\":{\"@id\":\"https:\/\/evertonfc.cz\/index.php\/2010\/09\/13\/artetovi-se-kapitanska-paska-libi\/#breadcrumb\"},\"inLanguage\":\"cs\",\"potentialAction\":[{\"@type\":\"ReadAction\",\"target\":[\"https:\/\/evertonfc.cz\/index.php\/2010\/09\/13\/artetovi-se-kapitanska-paska-libi\/\"]}]},{\"@type\":\"ImageObject\",\"inLanguage\":\"cs\",\"@id\":\"https:\/\/evertonfc.cz\/index.php\/2010\/09\/13\/artetovi-se-kapitanska-paska-libi\/#primaryimage\",\"url\":\"https:\/\/evertonfc.cz\/wp-content\/uploads\/2019\/01\/interview.jpg\",\"contentUrl\":\"https:\/\/evertonfc.cz\/wp-content\/uploads\/2019\/01\/interview.jpg\",\"width\":720,\"height\":405},{\"@type\":\"BreadcrumbList\",\"@id\":\"https:\/\/evertonfc.cz\/index.php\/2010\/09\/13\/artetovi-se-kapitanska-paska-libi\/#breadcrumb\",\"itemListElement\":[{\"@type\":\"ListItem\",\"position\":1,\"name\":\"Home\",\"item\":\"https:\/\/evertonfc.cz\/\"},{\"@type\":\"ListItem\",\"position\":2,\"name\":\"Artetovi se kapit\u00e1nsk\u00e1 p\u00e1ska l\u00edb\u00ed\"}]},{\"@type\":\"WebSite\",\"@id\":\"https:\/\/evertonfc.cz\/#website\",\"url\":\"https:\/\/evertonfc.cz\/\",\"name\":\"Official Czech &amp; Slovak Everton Supporters&#039; Club\",\"description\":\"\",\"publisher\":{\"@id\":\"https:\/\/evertonfc.cz\/#organization\"},\"potentialAction\":[{\"@type\":\"SearchAction\",\"target\":{\"@type\":\"EntryPoint\",\"urlTemplate\":\"https:\/\/evertonfc.cz\/?s={search_term_string}\"},\"query-input\":{\"@type\":\"PropertyValueSpecification\",\"valueRequired\":true,\"valueName\":\"search_term_string\"}}],\"inLanguage\":\"cs\"},{\"@type\":\"Organization\",\"@id\":\"https:\/\/evertonfc.cz\/#organization\",\"name\":\"Official Czech & Slovak Everton Supporters' Club\",\"url\":\"https:\/\/evertonfc.cz\/\",\"logo\":{\"@type\":\"ImageObject\",\"inLanguage\":\"cs\",\"@id\":\"https:\/\/evertonfc.cz\/#\/schema\/logo\/image\/\",\"url\":\"https:\/\/evertonfc.cz\/wp-content\/uploads\/2019\/05\/logo.png\",\"contentUrl\":\"https:\/\/evertonfc.cz\/wp-content\/uploads\/2019\/05\/logo.png\",\"width\":112,\"height\":112,\"caption\":\"Official Czech & Slovak Everton Supporters' Club\"},\"image\":{\"@id\":\"https:\/\/evertonfc.cz\/#\/schema\/logo\/image\/\"},\"sameAs\":[\"https:\/\/www.facebook.com\/everton.fans.cz.sk\"]},{\"@type\":\"Person\",\"@id\":\"https:\/\/evertonfc.cz\/#\/schema\/person\/f7a5daedb2ffee98480bc70e191aaef1\",\"name\":\"Ri\u010di\",\"sameAs\":[\"https:\/\/x.com\/rbrejsa\"],\"url\":\"https:\/\/evertonfc.cz\/index.php\/author\/rici\/\"}]}<\/script>\n<!-- \/ Yoast SEO plugin. -->","yoast_head_json":{"title":"Artetovi se kapit\u00e1nsk\u00e1 p\u00e1ska l\u00edb\u00ed - Official Czech &amp; Slovak Everton Supporters&#039; Club","robots":{"index":"index","follow":"follow","max-snippet":"max-snippet:-1","max-image-preview":"max-image-preview:large","max-video-preview":"max-video-preview:-1"},"canonical":"https:\/\/evertonfc.cz\/index.php\/2010\/09\/13\/artetovi-se-kapitanska-paska-libi\/","og_locale":"cs_CZ","og_type":"article","og_title":"Artetovi se kapit\u00e1nsk\u00e1 p\u00e1ska l\u00edb\u00ed - Official Czech &amp; Slovak Everton Supporters&#039; Club","og_description":"Hrdina sobotn\u00edho souboje s Machesterem United a sou\u010dasn\u00fd n\u00e1hradn\u00ed kapit\u00e1n, Mikel Arteta, si sv\u00e9 nov\u00e9 pozice velmi u\u017e\u00edv\u00e1. Jedn\u00edm dechem&hellip;","og_url":"https:\/\/evertonfc.cz\/index.php\/2010\/09\/13\/artetovi-se-kapitanska-paska-libi\/","og_site_name":"Official Czech &amp; Slovak Everton Supporters&#039; Club","article_publisher":"https:\/\/www.facebook.com\/everton.fans.cz.sk","article_published_time":"2010-09-13T16:50:19+00:00","article_modified_time":"2019-02-10T17:51:25+00:00","og_image":[{"width":720,"height":405,"url":"https:\/\/evertonfc.cz\/wp-content\/uploads\/2019\/01\/interview.jpg","type":"image\/jpeg"}],"author":"Ri\u010di","twitter_card":"summary_large_image","twitter_creator":"@rbrejsa","twitter_misc":{"Napsal(a)":"Ri\u010di","Odhadovan\u00e1 doba \u010dten\u00ed":"2 minuty"},"schema":{"@context":"https:\/\/schema.org","@graph":[{"@type":"Article","@id":"https:\/\/evertonfc.cz\/index.php\/2010\/09\/13\/artetovi-se-kapitanska-paska-libi\/#article","isPartOf":{"@id":"https:\/\/evertonfc.cz\/index.php\/2010\/09\/13\/artetovi-se-kapitanska-paska-libi\/"},"author":{"name":"Ri\u010di","@id":"https:\/\/evertonfc.cz\/#\/schema\/person\/f7a5daedb2ffee98480bc70e191aaef1"},"headline":"Artetovi se kapit\u00e1nsk\u00e1 p\u00e1ska l\u00edb\u00ed","datePublished":"2010-09-13T16:50:19+00:00","dateModified":"2019-02-10T17:51:25+00:00","mainEntityOfPage":{"@id":"https:\/\/evertonfc.cz\/index.php\/2010\/09\/13\/artetovi-se-kapitanska-paska-libi\/"},"wordCount":357,"commentCount":0,"publisher":{"@id":"https:\/\/evertonfc.cz\/#organization"},"image":{"@id":"https:\/\/evertonfc.cz\/index.php\/2010\/09\/13\/artetovi-se-kapitanska-paska-libi\/#primaryimage"},"thumbnailUrl":"https:\/\/evertonfc.cz\/wp-content\/uploads\/2019\/01\/interview.jpg","articleSection":["Rozhovory"],"inLanguage":"cs","potentialAction":[{"@type":"CommentAction","name":"Comment","target":["https:\/\/evertonfc.cz\/index.php\/2010\/09\/13\/artetovi-se-kapitanska-paska-libi\/#respond"]}]},{"@type":"WebPage","@id":"https:\/\/evertonfc.cz\/index.php\/2010\/09\/13\/artetovi-se-kapitanska-paska-libi\/","url":"https:\/\/evertonfc.cz\/index.php\/2010\/09\/13\/artetovi-se-kapitanska-paska-libi\/","name":"Artetovi se kapit\u00e1nsk\u00e1 p\u00e1ska l\u00edb\u00ed - Official Czech &amp; Slovak Everton Supporters&#039; Club","isPartOf":{"@id":"https:\/\/evertonfc.cz\/#website"},"primaryImageOfPage":{"@id":"https:\/\/evertonfc.cz\/index.php\/2010\/09\/13\/artetovi-se-kapitanska-paska-libi\/#primaryimage"},"image":{"@id":"https:\/\/evertonfc.cz\/index.php\/2010\/09\/13\/artetovi-se-kapitanska-paska-libi\/#primaryimage"},"thumbnailUrl":"https:\/\/evertonfc.cz\/wp-content\/uploads\/2019\/01\/interview.jpg","datePublished":"2010-09-13T16:50:19+00:00","dateModified":"2019-02-10T17:51:25+00:00","breadcrumb":{"@id":"https:\/\/evertonfc.cz\/index.php\/2010\/09\/13\/artetovi-se-kapitanska-paska-libi\/#breadcrumb"},"inLanguage":"cs","potentialAction":[{"@type":"ReadAction","target":["https:\/\/evertonfc.cz\/index.php\/2010\/09\/13\/artetovi-se-kapitanska-paska-libi\/"]}]},{"@type":"ImageObject","inLanguage":"cs","@id":"https:\/\/evertonfc.cz\/index.php\/2010\/09\/13\/artetovi-se-kapitanska-paska-libi\/#primaryimage","url":"https:\/\/evertonfc.cz\/wp-content\/uploads\/2019\/01\/interview.jpg","contentUrl":"https:\/\/evertonfc.cz\/wp-content\/uploads\/2019\/01\/interview.jpg","width":720,"height":405},{"@type":"BreadcrumbList","@id":"https:\/\/evertonfc.cz\/index.php\/2010\/09\/13\/artetovi-se-kapitanska-paska-libi\/#breadcrumb","itemListElement":[{"@type":"ListItem","position":1,"name":"Home","item":"https:\/\/evertonfc.cz\/"},{"@type":"ListItem","position":2,"name":"Artetovi se kapit\u00e1nsk\u00e1 p\u00e1ska l\u00edb\u00ed"}]},{"@type":"WebSite","@id":"https:\/\/evertonfc.cz\/#website","url":"https:\/\/evertonfc.cz\/","name":"Official Czech &amp; Slovak Everton Supporters&#039; Club","description":"","publisher":{"@id":"https:\/\/evertonfc.cz\/#organization"},"potentialAction":[{"@type":"SearchAction","target":{"@type":"EntryPoint","urlTemplate":"https:\/\/evertonfc.cz\/?s={search_term_string}"},"query-input":{"@type":"PropertyValueSpecification","valueRequired":true,"valueName":"search_term_string"}}],"inLanguage":"cs"},{"@type":"Organization","@id":"https:\/\/evertonfc.cz\/#organization","name":"Official Czech & Slovak Everton Supporters' Club","url":"https:\/\/evertonfc.cz\/","logo":{"@type":"ImageObject","inLanguage":"cs","@id":"https:\/\/evertonfc.cz\/#\/schema\/logo\/image\/","url":"https:\/\/evertonfc.cz\/wp-content\/uploads\/2019\/05\/logo.png","contentUrl":"https:\/\/evertonfc.cz\/wp-content\/uploads\/2019\/05\/logo.png","width":112,"height":112,"caption":"Official Czech & Slovak Everton Supporters' Club"},"image":{"@id":"https:\/\/evertonfc.cz\/#\/schema\/logo\/image\/"},"sameAs":["https:\/\/www.facebook.com\/everton.fans.cz.sk"]},{"@type":"Person","@id":"https:\/\/evertonfc.cz\/#\/schema\/person\/f7a5daedb2ffee98480bc70e191aaef1","name":"Ri\u010di","sameAs":["https:\/\/x.com\/rbrejsa"],"url":"https:\/\/evertonfc.cz\/index.php\/author\/rici\/"}]}},"_links":{"self":[{"href":"https:\/\/evertonfc.cz\/index.php\/wp-json\/wp\/v2\/posts\/3108"}],"collection":[{"href":"https:\/\/evertonfc.cz\/index.php\/wp-json\/wp\/v2\/posts"}],"about":[{"href":"https:\/\/evertonfc.cz\/index.php\/wp-json\/wp\/v2\/types\/post"}],"author":[{"embeddable":true,"href":"https:\/\/evertonfc.cz\/index.php\/wp-json\/wp\/v2\/users\/6"}],"replies":[{"embeddable":true,"href":"https:\/\/evertonfc.cz\/index.php\/wp-json\/wp\/v2\/comments?post=3108"}],"version-history":[{"count":1,"href":"https:\/\/evertonfc.cz\/index.php\/wp-json\/wp\/v2\/posts\/3108\/revisions"}],"predecessor-version":[{"id":3109,"href":"https:\/\/evertonfc.cz\/index.php\/wp-json\/wp\/v2\/posts\/3108\/revisions\/3109"}],"wp:featuredmedia":[{"embeddable":true,"href":"https:\/\/evertonfc.cz\/index.php\/wp-json\/wp\/v2\/media\/1312"}],"wp:attachment":[{"href":"https:\/\/evertonfc.cz\/index.php\/wp-json\/wp\/v2\/media?parent=3108"}],"wp:term":[{"taxonomy":"category","embeddable":true,"href":"https:\/\/evertonfc.cz\/index.php\/wp-json\/wp\/v2\/categories?post=3108"},{"taxonomy":"post_tag","embeddable":true,"href":"https:\/\/evertonfc.cz\/index.php\/wp-json\/wp\/v2\/tags?post=3108"}],"curies":[{"name":"wp","href":"https:\/\/api.w.org\/{rel}","templated":true}]}}