{"id":3110,"date":"2010-09-15T18:51:36","date_gmt":"2010-09-15T16:51:36","guid":{"rendered":"http:\/\/evertonfc.cz\/?p=3110"},"modified":"2019-02-10T18:53:00","modified_gmt":"2019-02-10T17:53:00","slug":"speed-vyhlizi-utkani-proti-newcastlu","status":"publish","type":"post","link":"https:\/\/evertonfc.cz\/index.php\/2010\/09\/15\/speed-vyhlizi-utkani-proti-newcastlu\/","title":{"rendered":"Speed vyhl\u00ed\u017e\u00ed utk\u00e1n\u00ed proti Newcastlu"},"content":{"rendered":"<h4>Gary Speed se u\u017e t\u011b\u0161\u00ed na sobotn\u00ed z\u00e1pas Evertonu proti Newcastlu. Pro vel\u0161skou legendu p\u016fjde o velmi zaj\u00edmav\u00e9 utk\u00e1n\u00ed, nebo\u0165 v obou klubech p\u016fsobila.<\/h4>\n<p>Speed, jen\u017e nyn\u00ed d\u011bl\u00e1 mana\u017eera v druholigov\u00e9m Sheffieldu United, hr\u00e1l za Toffees dva roky mezi lety 1996 a 1998, v 58 z\u00e1pasech nast\u0159\u00edlel 15 branek. Za Newcastle zase odehr\u00e1l \u0161est sez\u00f3n, p\u0159esto p\u0159izn\u00e1v\u00e1, \u017ee je u\u017e od mali\u010dka fanou\u0161kem Evertonu.<\/p>\n<p><em>\u201eDavid Moyes odv\u00e1d\u00ed v Evertonu mimo\u0159\u00e1dnou pr\u00e1ci,&#8220;<\/em>\u00a0prozradil Speed. A hned i svoje prohl\u00e1\u0161en\u00ed zd\u016fvodnil: <em>\u201eI p\u0159es p\u0159ek\u00e1\u017eky dok\u00e1\u017ee s Evertonem konkurovat nejlep\u0161\u00edm t\u00fdm\u016fm v Premier League. K dispozici m\u00e1 v\u017edy mnohem men\u0161\u00ed rozpo\u010det ne\u017e mnoho ost\u00e1tn\u00edch velk\u00fdch klub\u016f. Nep\u0159ekvapuje m\u011b proto, \u017ee u\u017e n\u011bkolikr\u00e1t z\u00edskal ocenen\u011bn\u00ed pro mana\u017eera roku.<\/em><\/p>\n<p><em>V Newcastlu jste stejn\u011b tak jako v Evertonu v\u017edy v\u0159ele v\u00edtani. V tom jsou si oba kluby velmi podobn\u00e9. Kdy\u017e spolu hraj\u00ed, jde poka\u017edn\u00e9 o zaj\u00edmav\u00fd duel, obzvl\u00e1\u0161\u0165 teda pro m\u011b.<\/em><\/p>\n<p><em>Newcastle uhr\u00e1l skv\u011bl\u00fd v\u00fdsledek proti Aston Ville (v\u00fdhra 6:0), pot\u00e9 ale prohr\u00e1l s Blackpoolem. Z\u00e1pas na Goodison Parku bude pro n\u011bj velmi t\u011b\u017ek\u00fd.\u201c<\/em><\/p>\n<p>Sou\u010dasn\u00fd \u0161\u00e9f Blades tak\u00e9 zavzpom\u00ednal na l\u00e9ta u Toffees, kter\u00e9 \u0159ad\u00ed mezi sv\u00e9 nejlep\u0161\u00ed momenty v kari\u00e9\u0159e. Jedn\u00edm z d\u016fvod\u016f m\u016f\u017ee b\u00fdt i skute\u010dnost, \u017ee Speed nast\u0159\u00edlel za Everton sv\u016fj jedin\u00fd hattrick v \u017eivot\u011b. Stalo se tak v roce 1996 p\u0159i debaklu 7:1 Southamptonu: <em>\u201eHran\u00ed za Everton pro m\u011b znamenalo spln\u011bn\u00ed m\u00e9ho snu. Bylo pro m\u011b zvl\u00e1\u0161tn\u00ed nastupovat za t\u00fdm, jemu\u017e jsem jako mal\u00fd chlapec fandil. Opravdu je to neobvykl\u00fd pocit.<\/em><\/p>\n<p><em>A d\u011bl\u00e1n\u00ed kapit\u00e1na bylo pro m\u011b obrovkou ct\u00ed. Nav\u017edy si budu pamatovat okam\u017eik, kdy\u017e mi Howard Kendall p\u0159edal kapit\u00e1nskou p\u00e1sku. Tento okam\u017eik byl pro m\u011b vrcholem a nav\u017edy si uchov\u00e1m v hlav\u011b. Za Everton jsem tak\u00e9 zaznamenal sv\u016fj jedin\u00fd hattrick v kari\u00e9\u0159e, co\u017e je specifick\u00e9.\u201c<\/em><\/p>\n","protected":false},"excerpt":{"rendered":"<p>Gary Speed se u\u017e t\u011b\u0161\u00ed na sobotn\u00ed z\u00e1pas Evertonu proti Newcastlu. Pro vel\u0161skou legendu p\u016fjde o velmi zaj\u00edmav\u00e9 utk\u00e1n\u00ed, nebo\u0165&hellip;<\/p>\n","protected":false},"author":6,"featured_media":1312,"comment_status":"open","ping_status":"closed","sticky":false,"template":"","format":"standard","meta":{"_eb_attr":"","_monsterinsights_skip_tracking":false,"_monsterinsights_sitenote_active":false,"_monsterinsights_sitenote_note":"","_monsterinsights_sitenote_category":0,"footnotes":""},"categories":[1],"tags":[],"yoast_head":"<!-- This site is optimized with the Yoast SEO plugin v23.4 - https:\/\/yoast.com\/wordpress\/plugins\/seo\/ -->\n<title>Speed vyhl\u00ed\u017e\u00ed utk\u00e1n\u00ed proti Newcastlu - Official Czech &amp; Slovak Everton Supporters&#039; Club<\/title>\n<meta name=\"robots\" content=\"index, follow, max-snippet:-1, max-image-preview:large, max-video-preview:-1\" \/>\n<link rel=\"canonical\" href=\"https:\/\/evertonfc.cz\/index.php\/2010\/09\/15\/speed-vyhlizi-utkani-proti-newcastlu\/\" \/>\n<meta property=\"og:locale\" content=\"cs_CZ\" \/>\n<meta property=\"og:type\" content=\"article\" \/>\n<meta property=\"og:title\" content=\"Speed vyhl\u00ed\u017e\u00ed utk\u00e1n\u00ed proti Newcastlu - Official Czech &amp; Slovak Everton Supporters&#039; Club\" \/>\n<meta property=\"og:description\" content=\"Gary Speed se u\u017e t\u011b\u0161\u00ed na sobotn\u00ed z\u00e1pas Evertonu proti Newcastlu. Pro vel\u0161skou legendu p\u016fjde o velmi zaj\u00edmav\u00e9 utk\u00e1n\u00ed, nebo\u0165&hellip;\" \/>\n<meta property=\"og:url\" content=\"https:\/\/evertonfc.cz\/index.php\/2010\/09\/15\/speed-vyhlizi-utkani-proti-newcastlu\/\" \/>\n<meta property=\"og:site_name\" content=\"Official Czech &amp; Slovak Everton Supporters&#039; Club\" \/>\n<meta property=\"article:publisher\" content=\"https:\/\/www.facebook.com\/everton.fans.cz.sk\" \/>\n<meta property=\"article:published_time\" content=\"2010-09-15T16:51:36+00:00\" \/>\n<meta property=\"article:modified_time\" content=\"2019-02-10T17:53:00+00:00\" \/>\n<meta property=\"og:image\" content=\"https:\/\/evertonfc.cz\/wp-content\/uploads\/2019\/01\/interview.jpg\" \/>\n\t<meta property=\"og:image:width\" content=\"720\" \/>\n\t<meta property=\"og:image:height\" content=\"405\" \/>\n\t<meta property=\"og:image:type\" content=\"image\/jpeg\" \/>\n<meta name=\"author\" content=\"Ri\u010di\" \/>\n<meta name=\"twitter:card\" content=\"summary_large_image\" \/>\n<meta name=\"twitter:creator\" content=\"@rbrejsa\" \/>\n<meta name=\"twitter:label1\" content=\"Napsal(a)\" \/>\n\t<meta name=\"twitter:data1\" content=\"Ri\u010di\" \/>\n\t<meta name=\"twitter:label2\" content=\"Odhadovan\u00e1 doba \u010dten\u00ed\" \/>\n\t<meta name=\"twitter:data2\" content=\"2 minuty\" \/>\n<script type=\"application\/ld+json\" class=\"yoast-schema-graph\">{\"@context\":\"https:\/\/schema.org\",\"@graph\":[{\"@type\":\"Article\",\"@id\":\"https:\/\/evertonfc.cz\/index.php\/2010\/09\/15\/speed-vyhlizi-utkani-proti-newcastlu\/#article\",\"isPartOf\":{\"@id\":\"https:\/\/evertonfc.cz\/index.php\/2010\/09\/15\/speed-vyhlizi-utkani-proti-newcastlu\/\"},\"author\":{\"name\":\"Ri\u010di\",\"@id\":\"https:\/\/evertonfc.cz\/#\/schema\/person\/f7a5daedb2ffee98480bc70e191aaef1\"},\"headline\":\"Speed vyhl\u00ed\u017e\u00ed utk\u00e1n\u00ed proti Newcastlu\",\"datePublished\":\"2010-09-15T16:51:36+00:00\",\"dateModified\":\"2019-02-10T17:53:00+00:00\",\"mainEntityOfPage\":{\"@id\":\"https:\/\/evertonfc.cz\/index.php\/2010\/09\/15\/speed-vyhlizi-utkani-proti-newcastlu\/\"},\"wordCount\":367,\"commentCount\":0,\"publisher\":{\"@id\":\"https:\/\/evertonfc.cz\/#organization\"},\"image\":{\"@id\":\"https:\/\/evertonfc.cz\/index.php\/2010\/09\/15\/speed-vyhlizi-utkani-proti-newcastlu\/#primaryimage\"},\"thumbnailUrl\":\"https:\/\/evertonfc.cz\/wp-content\/uploads\/2019\/01\/interview.jpg\",\"articleSection\":[\"Rozhovory\"],\"inLanguage\":\"cs\",\"potentialAction\":[{\"@type\":\"CommentAction\",\"name\":\"Comment\",\"target\":[\"https:\/\/evertonfc.cz\/index.php\/2010\/09\/15\/speed-vyhlizi-utkani-proti-newcastlu\/#respond\"]}]},{\"@type\":\"WebPage\",\"@id\":\"https:\/\/evertonfc.cz\/index.php\/2010\/09\/15\/speed-vyhlizi-utkani-proti-newcastlu\/\",\"url\":\"https:\/\/evertonfc.cz\/index.php\/2010\/09\/15\/speed-vyhlizi-utkani-proti-newcastlu\/\",\"name\":\"Speed vyhl\u00ed\u017e\u00ed utk\u00e1n\u00ed proti Newcastlu - Official Czech &amp; Slovak Everton Supporters&#039; Club\",\"isPartOf\":{\"@id\":\"https:\/\/evertonfc.cz\/#website\"},\"primaryImageOfPage\":{\"@id\":\"https:\/\/evertonfc.cz\/index.php\/2010\/09\/15\/speed-vyhlizi-utkani-proti-newcastlu\/#primaryimage\"},\"image\":{\"@id\":\"https:\/\/evertonfc.cz\/index.php\/2010\/09\/15\/speed-vyhlizi-utkani-proti-newcastlu\/#primaryimage\"},\"thumbnailUrl\":\"https:\/\/evertonfc.cz\/wp-content\/uploads\/2019\/01\/interview.jpg\",\"datePublished\":\"2010-09-15T16:51:36+00:00\",\"dateModified\":\"2019-02-10T17:53:00+00:00\",\"breadcrumb\":{\"@id\":\"https:\/\/evertonfc.cz\/index.php\/2010\/09\/15\/speed-vyhlizi-utkani-proti-newcastlu\/#breadcrumb\"},\"inLanguage\":\"cs\",\"potentialAction\":[{\"@type\":\"ReadAction\",\"target\":[\"https:\/\/evertonfc.cz\/index.php\/2010\/09\/15\/speed-vyhlizi-utkani-proti-newcastlu\/\"]}]},{\"@type\":\"ImageObject\",\"inLanguage\":\"cs\",\"@id\":\"https:\/\/evertonfc.cz\/index.php\/2010\/09\/15\/speed-vyhlizi-utkani-proti-newcastlu\/#primaryimage\",\"url\":\"https:\/\/evertonfc.cz\/wp-content\/uploads\/2019\/01\/interview.jpg\",\"contentUrl\":\"https:\/\/evertonfc.cz\/wp-content\/uploads\/2019\/01\/interview.jpg\",\"width\":720,\"height\":405},{\"@type\":\"BreadcrumbList\",\"@id\":\"https:\/\/evertonfc.cz\/index.php\/2010\/09\/15\/speed-vyhlizi-utkani-proti-newcastlu\/#breadcrumb\",\"itemListElement\":[{\"@type\":\"ListItem\",\"position\":1,\"name\":\"Home\",\"item\":\"https:\/\/evertonfc.cz\/\"},{\"@type\":\"ListItem\",\"position\":2,\"name\":\"Speed vyhl\u00ed\u017e\u00ed utk\u00e1n\u00ed proti Newcastlu\"}]},{\"@type\":\"WebSite\",\"@id\":\"https:\/\/evertonfc.cz\/#website\",\"url\":\"https:\/\/evertonfc.cz\/\",\"name\":\"Official Czech &amp; Slovak Everton Supporters&#039; Club\",\"description\":\"\",\"publisher\":{\"@id\":\"https:\/\/evertonfc.cz\/#organization\"},\"potentialAction\":[{\"@type\":\"SearchAction\",\"target\":{\"@type\":\"EntryPoint\",\"urlTemplate\":\"https:\/\/evertonfc.cz\/?s={search_term_string}\"},\"query-input\":{\"@type\":\"PropertyValueSpecification\",\"valueRequired\":true,\"valueName\":\"search_term_string\"}}],\"inLanguage\":\"cs\"},{\"@type\":\"Organization\",\"@id\":\"https:\/\/evertonfc.cz\/#organization\",\"name\":\"Official Czech & Slovak Everton Supporters' Club\",\"url\":\"https:\/\/evertonfc.cz\/\",\"logo\":{\"@type\":\"ImageObject\",\"inLanguage\":\"cs\",\"@id\":\"https:\/\/evertonfc.cz\/#\/schema\/logo\/image\/\",\"url\":\"https:\/\/evertonfc.cz\/wp-content\/uploads\/2019\/05\/logo.png\",\"contentUrl\":\"https:\/\/evertonfc.cz\/wp-content\/uploads\/2019\/05\/logo.png\",\"width\":112,\"height\":112,\"caption\":\"Official Czech & Slovak Everton Supporters' Club\"},\"image\":{\"@id\":\"https:\/\/evertonfc.cz\/#\/schema\/logo\/image\/\"},\"sameAs\":[\"https:\/\/www.facebook.com\/everton.fans.cz.sk\"]},{\"@type\":\"Person\",\"@id\":\"https:\/\/evertonfc.cz\/#\/schema\/person\/f7a5daedb2ffee98480bc70e191aaef1\",\"name\":\"Ri\u010di\",\"sameAs\":[\"https:\/\/x.com\/rbrejsa\"],\"url\":\"https:\/\/evertonfc.cz\/index.php\/author\/rici\/\"}]}<\/script>\n<!-- \/ Yoast SEO plugin. -->","yoast_head_json":{"title":"Speed vyhl\u00ed\u017e\u00ed utk\u00e1n\u00ed proti Newcastlu - Official Czech &amp; Slovak Everton Supporters&#039; Club","robots":{"index":"index","follow":"follow","max-snippet":"max-snippet:-1","max-image-preview":"max-image-preview:large","max-video-preview":"max-video-preview:-1"},"canonical":"https:\/\/evertonfc.cz\/index.php\/2010\/09\/15\/speed-vyhlizi-utkani-proti-newcastlu\/","og_locale":"cs_CZ","og_type":"article","og_title":"Speed vyhl\u00ed\u017e\u00ed utk\u00e1n\u00ed proti Newcastlu - Official Czech &amp; Slovak Everton Supporters&#039; Club","og_description":"Gary Speed se u\u017e t\u011b\u0161\u00ed na sobotn\u00ed z\u00e1pas Evertonu proti Newcastlu. Pro vel\u0161skou legendu p\u016fjde o velmi zaj\u00edmav\u00e9 utk\u00e1n\u00ed, nebo\u0165&hellip;","og_url":"https:\/\/evertonfc.cz\/index.php\/2010\/09\/15\/speed-vyhlizi-utkani-proti-newcastlu\/","og_site_name":"Official Czech &amp; Slovak Everton Supporters&#039; Club","article_publisher":"https:\/\/www.facebook.com\/everton.fans.cz.sk","article_published_time":"2010-09-15T16:51:36+00:00","article_modified_time":"2019-02-10T17:53:00+00:00","og_image":[{"width":720,"height":405,"url":"https:\/\/evertonfc.cz\/wp-content\/uploads\/2019\/01\/interview.jpg","type":"image\/jpeg"}],"author":"Ri\u010di","twitter_card":"summary_large_image","twitter_creator":"@rbrejsa","twitter_misc":{"Napsal(a)":"Ri\u010di","Odhadovan\u00e1 doba \u010dten\u00ed":"2 minuty"},"schema":{"@context":"https:\/\/schema.org","@graph":[{"@type":"Article","@id":"https:\/\/evertonfc.cz\/index.php\/2010\/09\/15\/speed-vyhlizi-utkani-proti-newcastlu\/#article","isPartOf":{"@id":"https:\/\/evertonfc.cz\/index.php\/2010\/09\/15\/speed-vyhlizi-utkani-proti-newcastlu\/"},"author":{"name":"Ri\u010di","@id":"https:\/\/evertonfc.cz\/#\/schema\/person\/f7a5daedb2ffee98480bc70e191aaef1"},"headline":"Speed vyhl\u00ed\u017e\u00ed utk\u00e1n\u00ed proti Newcastlu","datePublished":"2010-09-15T16:51:36+00:00","dateModified":"2019-02-10T17:53:00+00:00","mainEntityOfPage":{"@id":"https:\/\/evertonfc.cz\/index.php\/2010\/09\/15\/speed-vyhlizi-utkani-proti-newcastlu\/"},"wordCount":367,"commentCount":0,"publisher":{"@id":"https:\/\/evertonfc.cz\/#organization"},"image":{"@id":"https:\/\/evertonfc.cz\/index.php\/2010\/09\/15\/speed-vyhlizi-utkani-proti-newcastlu\/#primaryimage"},"thumbnailUrl":"https:\/\/evertonfc.cz\/wp-content\/uploads\/2019\/01\/interview.jpg","articleSection":["Rozhovory"],"inLanguage":"cs","potentialAction":[{"@type":"CommentAction","name":"Comment","target":["https:\/\/evertonfc.cz\/index.php\/2010\/09\/15\/speed-vyhlizi-utkani-proti-newcastlu\/#respond"]}]},{"@type":"WebPage","@id":"https:\/\/evertonfc.cz\/index.php\/2010\/09\/15\/speed-vyhlizi-utkani-proti-newcastlu\/","url":"https:\/\/evertonfc.cz\/index.php\/2010\/09\/15\/speed-vyhlizi-utkani-proti-newcastlu\/","name":"Speed vyhl\u00ed\u017e\u00ed utk\u00e1n\u00ed proti Newcastlu - Official Czech &amp; Slovak Everton Supporters&#039; Club","isPartOf":{"@id":"https:\/\/evertonfc.cz\/#website"},"primaryImageOfPage":{"@id":"https:\/\/evertonfc.cz\/index.php\/2010\/09\/15\/speed-vyhlizi-utkani-proti-newcastlu\/#primaryimage"},"image":{"@id":"https:\/\/evertonfc.cz\/index.php\/2010\/09\/15\/speed-vyhlizi-utkani-proti-newcastlu\/#primaryimage"},"thumbnailUrl":"https:\/\/evertonfc.cz\/wp-content\/uploads\/2019\/01\/interview.jpg","datePublished":"2010-09-15T16:51:36+00:00","dateModified":"2019-02-10T17:53:00+00:00","breadcrumb":{"@id":"https:\/\/evertonfc.cz\/index.php\/2010\/09\/15\/speed-vyhlizi-utkani-proti-newcastlu\/#breadcrumb"},"inLanguage":"cs","potentialAction":[{"@type":"ReadAction","target":["https:\/\/evertonfc.cz\/index.php\/2010\/09\/15\/speed-vyhlizi-utkani-proti-newcastlu\/"]}]},{"@type":"ImageObject","inLanguage":"cs","@id":"https:\/\/evertonfc.cz\/index.php\/2010\/09\/15\/speed-vyhlizi-utkani-proti-newcastlu\/#primaryimage","url":"https:\/\/evertonfc.cz\/wp-content\/uploads\/2019\/01\/interview.jpg","contentUrl":"https:\/\/evertonfc.cz\/wp-content\/uploads\/2019\/01\/interview.jpg","width":720,"height":405},{"@type":"BreadcrumbList","@id":"https:\/\/evertonfc.cz\/index.php\/2010\/09\/15\/speed-vyhlizi-utkani-proti-newcastlu\/#breadcrumb","itemListElement":[{"@type":"ListItem","position":1,"name":"Home","item":"https:\/\/evertonfc.cz\/"},{"@type":"ListItem","position":2,"name":"Speed vyhl\u00ed\u017e\u00ed utk\u00e1n\u00ed proti Newcastlu"}]},{"@type":"WebSite","@id":"https:\/\/evertonfc.cz\/#website","url":"https:\/\/evertonfc.cz\/","name":"Official Czech &amp; Slovak Everton Supporters&#039; Club","description":"","publisher":{"@id":"https:\/\/evertonfc.cz\/#organization"},"potentialAction":[{"@type":"SearchAction","target":{"@type":"EntryPoint","urlTemplate":"https:\/\/evertonfc.cz\/?s={search_term_string}"},"query-input":{"@type":"PropertyValueSpecification","valueRequired":true,"valueName":"search_term_string"}}],"inLanguage":"cs"},{"@type":"Organization","@id":"https:\/\/evertonfc.cz\/#organization","name":"Official Czech & Slovak Everton Supporters' Club","url":"https:\/\/evertonfc.cz\/","logo":{"@type":"ImageObject","inLanguage":"cs","@id":"https:\/\/evertonfc.cz\/#\/schema\/logo\/image\/","url":"https:\/\/evertonfc.cz\/wp-content\/uploads\/2019\/05\/logo.png","contentUrl":"https:\/\/evertonfc.cz\/wp-content\/uploads\/2019\/05\/logo.png","width":112,"height":112,"caption":"Official Czech & Slovak Everton Supporters' Club"},"image":{"@id":"https:\/\/evertonfc.cz\/#\/schema\/logo\/image\/"},"sameAs":["https:\/\/www.facebook.com\/everton.fans.cz.sk"]},{"@type":"Person","@id":"https:\/\/evertonfc.cz\/#\/schema\/person\/f7a5daedb2ffee98480bc70e191aaef1","name":"Ri\u010di","sameAs":["https:\/\/x.com\/rbrejsa"],"url":"https:\/\/evertonfc.cz\/index.php\/author\/rici\/"}]}},"_links":{"self":[{"href":"https:\/\/evertonfc.cz\/index.php\/wp-json\/wp\/v2\/posts\/3110"}],"collection":[{"href":"https:\/\/evertonfc.cz\/index.php\/wp-json\/wp\/v2\/posts"}],"about":[{"href":"https:\/\/evertonfc.cz\/index.php\/wp-json\/wp\/v2\/types\/post"}],"author":[{"embeddable":true,"href":"https:\/\/evertonfc.cz\/index.php\/wp-json\/wp\/v2\/users\/6"}],"replies":[{"embeddable":true,"href":"https:\/\/evertonfc.cz\/index.php\/wp-json\/wp\/v2\/comments?post=3110"}],"version-history":[{"count":1,"href":"https:\/\/evertonfc.cz\/index.php\/wp-json\/wp\/v2\/posts\/3110\/revisions"}],"predecessor-version":[{"id":3111,"href":"https:\/\/evertonfc.cz\/index.php\/wp-json\/wp\/v2\/posts\/3110\/revisions\/3111"}],"wp:featuredmedia":[{"embeddable":true,"href":"https:\/\/evertonfc.cz\/index.php\/wp-json\/wp\/v2\/media\/1312"}],"wp:attachment":[{"href":"https:\/\/evertonfc.cz\/index.php\/wp-json\/wp\/v2\/media?parent=3110"}],"wp:term":[{"taxonomy":"category","embeddable":true,"href":"https:\/\/evertonfc.cz\/index.php\/wp-json\/wp\/v2\/categories?post=3110"},{"taxonomy":"post_tag","embeddable":true,"href":"https:\/\/evertonfc.cz\/index.php\/wp-json\/wp\/v2\/tags?post=3110"}],"curies":[{"name":"wp","href":"https:\/\/api.w.org\/{rel}","templated":true}]}}