{"id":3112,"date":"2010-09-16T18:53:09","date_gmt":"2010-09-16T16:53:09","guid":{"rendered":"http:\/\/evertonfc.cz\/?p=3112"},"modified":"2019-02-10T18:54:18","modified_gmt":"2019-02-10T17:54:18","slug":"fans-interview-newcastle-united","status":"publish","type":"post","link":"https:\/\/evertonfc.cz\/index.php\/2010\/09\/16\/fans-interview-newcastle-united\/","title":{"rendered":"Fans interview: Newcastle United"},"content":{"rendered":"<h4>V dal\u0161\u00edm d\u00edle rozhovor\u016f s fanou\u0161ky soupe\u0159\u016f Evertonu zodpov\u00eddal na ot\u00e1zky Milan Merhaut, admin \u010deskoslovensk\u00e9ho webu Magpies www.nufccz.cz.<\/h4>\n<p><strong>Newcastle m\u00e1 jako nov\u00e1\u010dek po \u010dty\u0159ech kolech stejn\u00fd po\u010det bod\u016f. Napov\u011bd\u011bla ti \u00favodn\u00ed utk\u00e1n\u00ed, v jak\u00fdch patrech tabulky se budou Straky pohybovat?<\/strong><\/p>\n<p>Start Premier League jsem o\u010dek\u00e1val se strachem, proto\u017ee n\u00e1\u0161 k\u00e1dr je mo\u017en\u00e1 dobr\u00fd na Championship, ale ur\u010dit\u011b ne na prvn\u00ed ligu. M\u00e1me p\u00e1r dobr\u00fdch individualit, ale nen\u00ed to t\u00fdm. Budeme zase dole a budeme r\u00e1di, kdy\u017e se nevr\u00e1t\u00edme o patro n\u00ed\u017e. \u017de u n\u00e1s nen\u00ed n\u011bco v po\u0159\u00e1dku nazna\u010duj\u00ed n\u00e1v\u0161t\u011bvy na stadionu, je\u0161t\u011b nebylo vyprod\u00e1no.<\/p>\n<p><strong>Jmenuj d\u016fvody, podle nich\u017e by se m\u011bl Newcastle zachr\u00e1nit.<\/strong><\/p>\n<p>Takov\u00e9 d\u016fvody neexistuj\u00ed, rozhodne se na h\u0159i\u0161ti a mysl\u00edm, \u017ee bude hr\u00e1t roli rozd\u00edl jedin\u00e9ho bodu nebo i sk\u00f3re. V na\u0161e plus nebo m\u00ednus, pokud se zachr\u00e1n\u00edme, tak v tom bude jen \u0161t\u011bst\u00ed. T\u00edm odpov\u00edd\u00e1m na ot\u00e1zku &#8211; Newcastle pat\u0159\u00ed historicky do prvn\u00ed ligy, ale v sou\u010dasnosti si j\u00ed nezaslou\u017e\u00ed.<\/p>\n<p><b>Jak hodnot\u00ed\u0161 letn\u00ed posily s v\u00fdhledem do budoucna, pop\u0159\u00edpad\u011b m\u011bl p\u0159ij\u00edt\u00a0je\u0161t\u011b n\u011bkdo dal\u0161\u00ed?<\/b><\/p>\n<p>V podstat\u011b nijak, te\u010f v tuto chv\u00edli nijak. Jedin\u00fdm kdo z\u016fstane do konce sezony je Chaik Tiote, ale ten zat\u00edm nenastoupil, abych mohl hodnotit. Hatem Ben Arfa je na hostov\u00e1n\u00ed a pokud nebude hr\u00e1t a Hughton neuko\u010d\u00edruje jeho temperament, tak se st\u011bhuje zp\u00e1tky do Marseille nebo jinam. Gosling je zran\u011bn\u00fd a Campbell st\u00e1le hled\u00e1 fyzi\u010dku, jeho zku\u0161enosti jsou v\u00edt\u00e1ny, ale pokud bude jen na l\u00e1vce tak je n\u00e1m tak\u00e9 k ni\u010demu. A Perch? Na Premier League nem\u00e1, dok\u00e1zal to ve v\u0161ech zat\u00edm odehran\u00fdch utk\u00e1n\u00edch, zat\u00edm nejslab\u0161\u00ed \u010dl\u00e1nek sestavy Magpies.<\/p>\n<p><strong>Z Evertonu se na St.James Park st\u011bhoval zadarmo mlad\u00fd Angli\u010dan Dan Gosling, co\u017e zn\u00ed na prvn\u00ed pohled jako dobr\u00fd obchod, souhlas\u00ed\u0161 ale s jeho t\u00fddenn\u00edm platem 25 000 liber?<\/strong><\/p>\n<p>Tento obchod jsem dosud nepochopil. Dan pat\u0159\u00ed k talent\u016fm, ale p\u0159i\u0161lo v\u00e1\u017en\u00e9 zran\u011bn\u00ed kolena a operace. A\u017e n\u00e1sledn\u00e1 rehabilitace a n\u00e1vrat na tr\u00e1vn\u00edk uk\u00e1\u017ee jak se na n\u011bm zran\u011bn\u00ed podepsalo. Kolik takov\u00fdch talent\u016f p\u0159i\u0161lo o z\u00e1\u0159nou kari\u00e9ru jen d\u00edky zran\u011bn\u00edm v mlad\u00e9m v\u011bku. P\u0159\u00edkladem je t\u0159eba u n\u00e1s Alan Smith, nad\u011bjn\u00fd kanon\u00fdr, kter\u00fd po t\u011b\u017ek\u00e9 zlomenin\u011b kotn\u00edku ode\u0161el z ManU k n\u00e1m za 6 milion\u016f liber. U\u017e za\u010d\u00edn\u00e1 \u010dtvrtou sezonu a je\u0161t\u011b nedal jedin\u00fd g\u00f3l. Ohledn\u011b platu se vyjad\u0159ovat nebudu, proto\u017ee m\u016fj n\u00e1zor je, \u017ee sou\u010dasn\u00fd fotbal ji\u017e nen\u00ed sportem, ale byznysem.<\/p>\n<p><strong>Jak si reagoval na p\u0159esunut\u00ed opory Stevena Taylora na transfer listinu?<\/strong><\/p>\n<p>Ne\u0161\u0165astn\u00e9 rozhodnut\u00ed, absolutn\u00ed nesmysl. Steven je odchovanec a chce hr\u00e1t za Newcastle. To, \u017ee odm\u00edtl podepsat novou smlouvu nic neznamen\u00e1. Sou\u010dasn\u00fd kontrakt mu vypr\u0161\u00ed na konci sezony a v\u011b\u0159\u00edm, \u017ee chce podepsat nov\u00fd, ale chce se o n\u011bm dohadovat na konci sezony, te\u010f je zran\u011bn a nem\u00e1 mu\u017estvu co nab\u00eddnout, proto te\u010f podepsat nechce. Rozhodnut\u00ed veden\u00ed klubu o um\u00edst\u011bn\u00ed Stevena na transfer listinu je uk\u00e1zka fotbalov\u00e9ho neumu Mikea Ashleye i jeho nohsled\u016f.<\/p>\n<p><strong>V \u00fatoku Newcastlu nastupuje talentovan\u00fd Andy Carroll, jak\u00e9 do n\u011bj vkl\u00e1d\u00e1\u0161 nad\u011bje?<\/strong><\/p>\n<p>Andy pat\u0159\u00ed mezi nad\u011bje, ale je mlad\u00fd a mus\u00ed se u\u010dit. Mysl\u00edm, \u017ee v n\u011bkter\u00fdch momentech za\u010d\u00edn\u00e1 ukazovat svoj\u00ed nafoukanost a hv\u011bzdn\u00e9 man\u00fdry, co\u017e mu m\u016f\u017ee ubl\u00ed\u017eit. Bude z\u00e1le\u017eet jak ho Hughton uko\u010d\u00edruje, ale boj\u00edm se, \u017ee kdy\u017e bude nad\u00e1le ukazovat sv\u016fj st\u0159eleck\u00fd potenci\u00e1l, p\u0159ijde lukrativn\u00ed nab\u00eddka, kterou Ashley neodm\u00edtne.<\/p>\n<p><strong>Je pro tebe Chris Hughton t\u00edm prav\u00fdm mu\u017eem na lavi\u010dce?<\/strong><\/p>\n<p>Zat\u00edm se zd\u00e1, \u017ee ano, ale po\u0159\u00e1d m\u011b p\u0159ipad\u00e1 jako loutka Ashleye a p\u0159edsedy Llambiase. Mluv\u00ed chyt\u0159e, ale je z n\u011bj c\u00edtit, \u017ee si nem\u016f\u017ee vyskakovat. Zase na druhou stranu, kdo jin\u00fd by to za takov\u00e9 pen\u00edze d\u011blal?<\/p>\n<p><strong>Jak\u00fd sd\u00edl\u00ed\u0161 n\u00e1zor na kontroverzn\u00edho majitele Mika Ashleyho?<\/strong><\/p>\n<p>Ve v\u011bt\u0161in\u011b p\u0159edchoz\u00edch odpov\u011bd\u00ed je nazna\u010deno, \u017ee tohoto \u010dlov\u011bka z du\u0161e nesn\u00e1\u0161\u00edm. Mo\u017en\u00e1 je to dobr\u00fd obchodn\u00edk, ale fotbalu nerozum\u00ed a obklopuje se lidmi, kte\u0159\u00ed jsou na tom stejn\u011b jako on. Mo\u017en\u00e1 n\u00e1s zachr\u00e1nil p\u0159ed krachem, ale n\u00e1sledn\u00e9 kroky byly \u0161l\u00e1pnut\u00edm vedle. Prodej Milnera, odchod Keegana, vyhl\u00e1\u0161en\u00ed embarga na zpr\u00e1vy z klubu, prohl\u00e1\u0161en\u00ed, \u017ee neposkytne ani libru na p\u0159estupy, um\u00edst\u011bn\u00ed Stevena na transfer listinu &#8230; atd. Ten \u010dlov\u011bk n\u00e1m nep\u0159in\u00e1\u0161\u00ed nic dobr\u00e9ho. Vyhl\u00e1sil p\u011btilet\u00fd pl\u00e1n na stabilizaci klubu, co\u017e je dobr\u00fd z\u00e1m\u011br, ale jen na odchovanc\u00edch se hr\u00e1t ned\u00e1. Vychov\u00e1vat a draze prod\u00e1vat m\u016f\u017ee b\u00fdt snem druholigov\u00e9ho, t\u0159etiligov\u00e9ho klubu, ale ne n\u011bkoho kdo chce hr\u00e1t Premier League. Bez investice \u017e\u00e1dn\u00fd klub nikdy nic nevyhr\u00e1l.<\/p>\n<p><strong>A kone\u010dn\u011b tip na z\u00e1pas?<\/strong><\/p>\n<p>2:1<\/p>\n<p>B\u016fh ochra\u0148uj kr\u00e1lovnu a Newcastle United.<\/p>\n","protected":false},"excerpt":{"rendered":"<p>V dal\u0161\u00edm d\u00edle rozhovor\u016f s fanou\u0161ky soupe\u0159\u016f Evertonu zodpov\u00eddal na ot\u00e1zky Milan Merhaut, admin \u010deskoslovensk\u00e9ho webu Magpies www.nufccz.cz. Newcastle m\u00e1&hellip;<\/p>\n","protected":false},"author":6,"featured_media":1312,"comment_status":"open","ping_status":"closed","sticky":false,"template":"","format":"standard","meta":{"_eb_attr":"","_monsterinsights_skip_tracking":false,"_monsterinsights_sitenote_active":false,"_monsterinsights_sitenote_note":"","_monsterinsights_sitenote_category":0,"footnotes":""},"categories":[1],"tags":[],"yoast_head":"<!-- This site is optimized with the Yoast SEO plugin v23.4 - https:\/\/yoast.com\/wordpress\/plugins\/seo\/ -->\n<title>Fans interview: Newcastle United - Official Czech &amp; Slovak Everton Supporters&#039; Club<\/title>\n<meta name=\"robots\" content=\"index, follow, max-snippet:-1, max-image-preview:large, max-video-preview:-1\" \/>\n<link rel=\"canonical\" href=\"https:\/\/evertonfc.cz\/index.php\/2010\/09\/16\/fans-interview-newcastle-united\/\" \/>\n<meta property=\"og:locale\" content=\"cs_CZ\" \/>\n<meta property=\"og:type\" content=\"article\" \/>\n<meta property=\"og:title\" content=\"Fans interview: Newcastle United - Official Czech &amp; Slovak Everton Supporters&#039; Club\" \/>\n<meta property=\"og:description\" content=\"V dal\u0161\u00edm d\u00edle rozhovor\u016f s fanou\u0161ky soupe\u0159\u016f Evertonu zodpov\u00eddal na ot\u00e1zky Milan Merhaut, admin \u010deskoslovensk\u00e9ho webu Magpies www.nufccz.cz. Newcastle m\u00e1&hellip;\" \/>\n<meta property=\"og:url\" content=\"https:\/\/evertonfc.cz\/index.php\/2010\/09\/16\/fans-interview-newcastle-united\/\" \/>\n<meta property=\"og:site_name\" content=\"Official Czech &amp; Slovak Everton Supporters&#039; Club\" \/>\n<meta property=\"article:publisher\" content=\"https:\/\/www.facebook.com\/everton.fans.cz.sk\" \/>\n<meta property=\"article:published_time\" content=\"2010-09-16T16:53:09+00:00\" \/>\n<meta property=\"article:modified_time\" content=\"2019-02-10T17:54:18+00:00\" \/>\n<meta property=\"og:image\" content=\"https:\/\/evertonfc.cz\/wp-content\/uploads\/2019\/01\/interview.jpg\" \/>\n\t<meta property=\"og:image:width\" content=\"720\" \/>\n\t<meta property=\"og:image:height\" content=\"405\" \/>\n\t<meta property=\"og:image:type\" content=\"image\/jpeg\" \/>\n<meta name=\"author\" content=\"Ri\u010di\" \/>\n<meta name=\"twitter:card\" content=\"summary_large_image\" \/>\n<meta name=\"twitter:creator\" content=\"@rbrejsa\" \/>\n<meta name=\"twitter:label1\" content=\"Napsal(a)\" \/>\n\t<meta name=\"twitter:data1\" content=\"Ri\u010di\" \/>\n\t<meta name=\"twitter:label2\" content=\"Odhadovan\u00e1 doba \u010dten\u00ed\" \/>\n\t<meta name=\"twitter:data2\" content=\"5 minut\" \/>\n<script type=\"application\/ld+json\" class=\"yoast-schema-graph\">{\"@context\":\"https:\/\/schema.org\",\"@graph\":[{\"@type\":\"Article\",\"@id\":\"https:\/\/evertonfc.cz\/index.php\/2010\/09\/16\/fans-interview-newcastle-united\/#article\",\"isPartOf\":{\"@id\":\"https:\/\/evertonfc.cz\/index.php\/2010\/09\/16\/fans-interview-newcastle-united\/\"},\"author\":{\"name\":\"Ri\u010di\",\"@id\":\"https:\/\/evertonfc.cz\/#\/schema\/person\/f7a5daedb2ffee98480bc70e191aaef1\"},\"headline\":\"Fans interview: Newcastle United\",\"datePublished\":\"2010-09-16T16:53:09+00:00\",\"dateModified\":\"2019-02-10T17:54:18+00:00\",\"mainEntityOfPage\":{\"@id\":\"https:\/\/evertonfc.cz\/index.php\/2010\/09\/16\/fans-interview-newcastle-united\/\"},\"wordCount\":944,\"commentCount\":0,\"publisher\":{\"@id\":\"https:\/\/evertonfc.cz\/#organization\"},\"image\":{\"@id\":\"https:\/\/evertonfc.cz\/index.php\/2010\/09\/16\/fans-interview-newcastle-united\/#primaryimage\"},\"thumbnailUrl\":\"https:\/\/evertonfc.cz\/wp-content\/uploads\/2019\/01\/interview.jpg\",\"articleSection\":[\"Rozhovory\"],\"inLanguage\":\"cs\",\"potentialAction\":[{\"@type\":\"CommentAction\",\"name\":\"Comment\",\"target\":[\"https:\/\/evertonfc.cz\/index.php\/2010\/09\/16\/fans-interview-newcastle-united\/#respond\"]}]},{\"@type\":\"WebPage\",\"@id\":\"https:\/\/evertonfc.cz\/index.php\/2010\/09\/16\/fans-interview-newcastle-united\/\",\"url\":\"https:\/\/evertonfc.cz\/index.php\/2010\/09\/16\/fans-interview-newcastle-united\/\",\"name\":\"Fans interview: Newcastle United - Official Czech &amp; Slovak Everton Supporters&#039; Club\",\"isPartOf\":{\"@id\":\"https:\/\/evertonfc.cz\/#website\"},\"primaryImageOfPage\":{\"@id\":\"https:\/\/evertonfc.cz\/index.php\/2010\/09\/16\/fans-interview-newcastle-united\/#primaryimage\"},\"image\":{\"@id\":\"https:\/\/evertonfc.cz\/index.php\/2010\/09\/16\/fans-interview-newcastle-united\/#primaryimage\"},\"thumbnailUrl\":\"https:\/\/evertonfc.cz\/wp-content\/uploads\/2019\/01\/interview.jpg\",\"datePublished\":\"2010-09-16T16:53:09+00:00\",\"dateModified\":\"2019-02-10T17:54:18+00:00\",\"breadcrumb\":{\"@id\":\"https:\/\/evertonfc.cz\/index.php\/2010\/09\/16\/fans-interview-newcastle-united\/#breadcrumb\"},\"inLanguage\":\"cs\",\"potentialAction\":[{\"@type\":\"ReadAction\",\"target\":[\"https:\/\/evertonfc.cz\/index.php\/2010\/09\/16\/fans-interview-newcastle-united\/\"]}]},{\"@type\":\"ImageObject\",\"inLanguage\":\"cs\",\"@id\":\"https:\/\/evertonfc.cz\/index.php\/2010\/09\/16\/fans-interview-newcastle-united\/#primaryimage\",\"url\":\"https:\/\/evertonfc.cz\/wp-content\/uploads\/2019\/01\/interview.jpg\",\"contentUrl\":\"https:\/\/evertonfc.cz\/wp-content\/uploads\/2019\/01\/interview.jpg\",\"width\":720,\"height\":405},{\"@type\":\"BreadcrumbList\",\"@id\":\"https:\/\/evertonfc.cz\/index.php\/2010\/09\/16\/fans-interview-newcastle-united\/#breadcrumb\",\"itemListElement\":[{\"@type\":\"ListItem\",\"position\":1,\"name\":\"Home\",\"item\":\"https:\/\/evertonfc.cz\/\"},{\"@type\":\"ListItem\",\"position\":2,\"name\":\"Fans interview: Newcastle United\"}]},{\"@type\":\"WebSite\",\"@id\":\"https:\/\/evertonfc.cz\/#website\",\"url\":\"https:\/\/evertonfc.cz\/\",\"name\":\"Official Czech &amp; Slovak Everton Supporters&#039; Club\",\"description\":\"\",\"publisher\":{\"@id\":\"https:\/\/evertonfc.cz\/#organization\"},\"potentialAction\":[{\"@type\":\"SearchAction\",\"target\":{\"@type\":\"EntryPoint\",\"urlTemplate\":\"https:\/\/evertonfc.cz\/?s={search_term_string}\"},\"query-input\":{\"@type\":\"PropertyValueSpecification\",\"valueRequired\":true,\"valueName\":\"search_term_string\"}}],\"inLanguage\":\"cs\"},{\"@type\":\"Organization\",\"@id\":\"https:\/\/evertonfc.cz\/#organization\",\"name\":\"Official Czech & Slovak Everton Supporters' Club\",\"url\":\"https:\/\/evertonfc.cz\/\",\"logo\":{\"@type\":\"ImageObject\",\"inLanguage\":\"cs\",\"@id\":\"https:\/\/evertonfc.cz\/#\/schema\/logo\/image\/\",\"url\":\"https:\/\/evertonfc.cz\/wp-content\/uploads\/2019\/05\/logo.png\",\"contentUrl\":\"https:\/\/evertonfc.cz\/wp-content\/uploads\/2019\/05\/logo.png\",\"width\":112,\"height\":112,\"caption\":\"Official Czech & Slovak Everton Supporters' Club\"},\"image\":{\"@id\":\"https:\/\/evertonfc.cz\/#\/schema\/logo\/image\/\"},\"sameAs\":[\"https:\/\/www.facebook.com\/everton.fans.cz.sk\"]},{\"@type\":\"Person\",\"@id\":\"https:\/\/evertonfc.cz\/#\/schema\/person\/f7a5daedb2ffee98480bc70e191aaef1\",\"name\":\"Ri\u010di\",\"sameAs\":[\"https:\/\/x.com\/rbrejsa\"],\"url\":\"https:\/\/evertonfc.cz\/index.php\/author\/rici\/\"}]}<\/script>\n<!-- \/ Yoast SEO plugin. -->","yoast_head_json":{"title":"Fans interview: Newcastle United - Official Czech &amp; Slovak Everton Supporters&#039; Club","robots":{"index":"index","follow":"follow","max-snippet":"max-snippet:-1","max-image-preview":"max-image-preview:large","max-video-preview":"max-video-preview:-1"},"canonical":"https:\/\/evertonfc.cz\/index.php\/2010\/09\/16\/fans-interview-newcastle-united\/","og_locale":"cs_CZ","og_type":"article","og_title":"Fans interview: Newcastle United - Official Czech &amp; Slovak Everton Supporters&#039; Club","og_description":"V dal\u0161\u00edm d\u00edle rozhovor\u016f s fanou\u0161ky soupe\u0159\u016f Evertonu zodpov\u00eddal na ot\u00e1zky Milan Merhaut, admin \u010deskoslovensk\u00e9ho webu Magpies www.nufccz.cz. Newcastle m\u00e1&hellip;","og_url":"https:\/\/evertonfc.cz\/index.php\/2010\/09\/16\/fans-interview-newcastle-united\/","og_site_name":"Official Czech &amp; Slovak Everton Supporters&#039; Club","article_publisher":"https:\/\/www.facebook.com\/everton.fans.cz.sk","article_published_time":"2010-09-16T16:53:09+00:00","article_modified_time":"2019-02-10T17:54:18+00:00","og_image":[{"width":720,"height":405,"url":"https:\/\/evertonfc.cz\/wp-content\/uploads\/2019\/01\/interview.jpg","type":"image\/jpeg"}],"author":"Ri\u010di","twitter_card":"summary_large_image","twitter_creator":"@rbrejsa","twitter_misc":{"Napsal(a)":"Ri\u010di","Odhadovan\u00e1 doba \u010dten\u00ed":"5 minut"},"schema":{"@context":"https:\/\/schema.org","@graph":[{"@type":"Article","@id":"https:\/\/evertonfc.cz\/index.php\/2010\/09\/16\/fans-interview-newcastle-united\/#article","isPartOf":{"@id":"https:\/\/evertonfc.cz\/index.php\/2010\/09\/16\/fans-interview-newcastle-united\/"},"author":{"name":"Ri\u010di","@id":"https:\/\/evertonfc.cz\/#\/schema\/person\/f7a5daedb2ffee98480bc70e191aaef1"},"headline":"Fans interview: Newcastle United","datePublished":"2010-09-16T16:53:09+00:00","dateModified":"2019-02-10T17:54:18+00:00","mainEntityOfPage":{"@id":"https:\/\/evertonfc.cz\/index.php\/2010\/09\/16\/fans-interview-newcastle-united\/"},"wordCount":944,"commentCount":0,"publisher":{"@id":"https:\/\/evertonfc.cz\/#organization"},"image":{"@id":"https:\/\/evertonfc.cz\/index.php\/2010\/09\/16\/fans-interview-newcastle-united\/#primaryimage"},"thumbnailUrl":"https:\/\/evertonfc.cz\/wp-content\/uploads\/2019\/01\/interview.jpg","articleSection":["Rozhovory"],"inLanguage":"cs","potentialAction":[{"@type":"CommentAction","name":"Comment","target":["https:\/\/evertonfc.cz\/index.php\/2010\/09\/16\/fans-interview-newcastle-united\/#respond"]}]},{"@type":"WebPage","@id":"https:\/\/evertonfc.cz\/index.php\/2010\/09\/16\/fans-interview-newcastle-united\/","url":"https:\/\/evertonfc.cz\/index.php\/2010\/09\/16\/fans-interview-newcastle-united\/","name":"Fans interview: Newcastle United - Official Czech &amp; Slovak Everton Supporters&#039; Club","isPartOf":{"@id":"https:\/\/evertonfc.cz\/#website"},"primaryImageOfPage":{"@id":"https:\/\/evertonfc.cz\/index.php\/2010\/09\/16\/fans-interview-newcastle-united\/#primaryimage"},"image":{"@id":"https:\/\/evertonfc.cz\/index.php\/2010\/09\/16\/fans-interview-newcastle-united\/#primaryimage"},"thumbnailUrl":"https:\/\/evertonfc.cz\/wp-content\/uploads\/2019\/01\/interview.jpg","datePublished":"2010-09-16T16:53:09+00:00","dateModified":"2019-02-10T17:54:18+00:00","breadcrumb":{"@id":"https:\/\/evertonfc.cz\/index.php\/2010\/09\/16\/fans-interview-newcastle-united\/#breadcrumb"},"inLanguage":"cs","potentialAction":[{"@type":"ReadAction","target":["https:\/\/evertonfc.cz\/index.php\/2010\/09\/16\/fans-interview-newcastle-united\/"]}]},{"@type":"ImageObject","inLanguage":"cs","@id":"https:\/\/evertonfc.cz\/index.php\/2010\/09\/16\/fans-interview-newcastle-united\/#primaryimage","url":"https:\/\/evertonfc.cz\/wp-content\/uploads\/2019\/01\/interview.jpg","contentUrl":"https:\/\/evertonfc.cz\/wp-content\/uploads\/2019\/01\/interview.jpg","width":720,"height":405},{"@type":"BreadcrumbList","@id":"https:\/\/evertonfc.cz\/index.php\/2010\/09\/16\/fans-interview-newcastle-united\/#breadcrumb","itemListElement":[{"@type":"ListItem","position":1,"name":"Home","item":"https:\/\/evertonfc.cz\/"},{"@type":"ListItem","position":2,"name":"Fans interview: Newcastle United"}]},{"@type":"WebSite","@id":"https:\/\/evertonfc.cz\/#website","url":"https:\/\/evertonfc.cz\/","name":"Official Czech &amp; Slovak Everton Supporters&#039; Club","description":"","publisher":{"@id":"https:\/\/evertonfc.cz\/#organization"},"potentialAction":[{"@type":"SearchAction","target":{"@type":"EntryPoint","urlTemplate":"https:\/\/evertonfc.cz\/?s={search_term_string}"},"query-input":{"@type":"PropertyValueSpecification","valueRequired":true,"valueName":"search_term_string"}}],"inLanguage":"cs"},{"@type":"Organization","@id":"https:\/\/evertonfc.cz\/#organization","name":"Official Czech & Slovak Everton Supporters' Club","url":"https:\/\/evertonfc.cz\/","logo":{"@type":"ImageObject","inLanguage":"cs","@id":"https:\/\/evertonfc.cz\/#\/schema\/logo\/image\/","url":"https:\/\/evertonfc.cz\/wp-content\/uploads\/2019\/05\/logo.png","contentUrl":"https:\/\/evertonfc.cz\/wp-content\/uploads\/2019\/05\/logo.png","width":112,"height":112,"caption":"Official Czech & Slovak Everton Supporters' Club"},"image":{"@id":"https:\/\/evertonfc.cz\/#\/schema\/logo\/image\/"},"sameAs":["https:\/\/www.facebook.com\/everton.fans.cz.sk"]},{"@type":"Person","@id":"https:\/\/evertonfc.cz\/#\/schema\/person\/f7a5daedb2ffee98480bc70e191aaef1","name":"Ri\u010di","sameAs":["https:\/\/x.com\/rbrejsa"],"url":"https:\/\/evertonfc.cz\/index.php\/author\/rici\/"}]}},"_links":{"self":[{"href":"https:\/\/evertonfc.cz\/index.php\/wp-json\/wp\/v2\/posts\/3112"}],"collection":[{"href":"https:\/\/evertonfc.cz\/index.php\/wp-json\/wp\/v2\/posts"}],"about":[{"href":"https:\/\/evertonfc.cz\/index.php\/wp-json\/wp\/v2\/types\/post"}],"author":[{"embeddable":true,"href":"https:\/\/evertonfc.cz\/index.php\/wp-json\/wp\/v2\/users\/6"}],"replies":[{"embeddable":true,"href":"https:\/\/evertonfc.cz\/index.php\/wp-json\/wp\/v2\/comments?post=3112"}],"version-history":[{"count":1,"href":"https:\/\/evertonfc.cz\/index.php\/wp-json\/wp\/v2\/posts\/3112\/revisions"}],"predecessor-version":[{"id":3113,"href":"https:\/\/evertonfc.cz\/index.php\/wp-json\/wp\/v2\/posts\/3112\/revisions\/3113"}],"wp:featuredmedia":[{"embeddable":true,"href":"https:\/\/evertonfc.cz\/index.php\/wp-json\/wp\/v2\/media\/1312"}],"wp:attachment":[{"href":"https:\/\/evertonfc.cz\/index.php\/wp-json\/wp\/v2\/media?parent=3112"}],"wp:term":[{"taxonomy":"category","embeddable":true,"href":"https:\/\/evertonfc.cz\/index.php\/wp-json\/wp\/v2\/categories?post=3112"},{"taxonomy":"post_tag","embeddable":true,"href":"https:\/\/evertonfc.cz\/index.php\/wp-json\/wp\/v2\/tags?post=3112"}],"curies":[{"name":"wp","href":"https:\/\/api.w.org\/{rel}","templated":true}]}}