{"id":3130,"date":"2017-05-11T19:26:59","date_gmt":"2017-05-11T17:26:59","guid":{"rendered":"http:\/\/evertonfc.cz\/?p=3130"},"modified":"2019-02-10T19:28:15","modified_gmt":"2019-02-10T18:28:15","slug":"preview-everton-watford-3","status":"publish","type":"post","link":"https:\/\/evertonfc.cz\/index.php\/2017\/05\/11\/preview-everton-watford-3\/","title":{"rendered":"Preview: Everton &#8211; Watford"},"content":{"rendered":"<h4 id=\"NewsPostDetailSummary\">Posledn\u00ed dom\u00e1c\u00ed z\u00e1pas leto\u0161n\u00ed sez\u00f3ny se hraje netradi\u010dn\u011b v p\u00e1tek. Tv\u016frci rozpis\u016f ud\u011blali zvl\u00e1\u0161tn\u00ed rozhodnut\u00ed, proto\u017ee v\u0161ichni ostatn\u00ed budou sledovat ten druh\u00fd ma\u010d, kter\u00fd z\u0159ejm\u011b definitivn\u011b rozhodne o titulu pro jin\u00e9 modr\u00e9.<\/h4>\n<div id=\"NewsPostDetailContent\">\n<p>Po v\u010derej\u0161\u00ed v\u00fdh\u0159e Arsenalu v Southamptonu je jist\u00e1 jedna v\u011bc. Everton ligov\u00fd ro\u010dn\u00edk 2016-2017 zakon\u010d\u00ed sedm\u00fd. V\u00edce se o tom rozepisuje BlueBlooded v \u010dl\u00e1nku pod t\u00edmto. To ale neznamen\u00e1, \u017ee jen dohr\u00e1v\u00e1me sez\u00f3nu, klub se samoz\u0159ejm\u011b chce rozlou\u010dit s fanou\u0161ky v\u00fdhrou. Snad se tedy do\u010dk\u00e1me adekv\u00e1tn\u00edho v\u00fdkonu a p\u0159\u00edstup &#8222;nechci se zranit p\u0159ed dovolenou&#8220; z\u016fstane v \u0161atn\u011b.<\/p>\n<p>Co se t\u00fdk\u00e1 smluv, tak to vypad\u00e1, \u017ee Barkley po t\u00e9to sez\u00f3n\u011b odejde. K podpisu nov\u00e9ho kontraktu se nem\u00e1 a Koeman ze sv\u00e9ho ultim\u00e1ta neustoupil. A kolik \u010dasu na zm\u011bnu n\u00e1zoru odchovanec Evertonu m\u00e1? 10 dn\u00ed. Nov\u00e1 smlouva je naopak p\u0159ipravena pro Mirallase, do\u0161lo k \u00fastn\u00ed dohod\u011b. Mana\u017eer na margo belgick\u00e9 jeden\u00e1ctky poznamenal, \u017ee od n\u011bj \u010dek\u00e1 v\u00edce branek.<\/p>\n<p>Sestava bude v\u016fbec zaj\u00edmav\u00e1. P\u011btice hr\u00e1\u010d\u016f byla povol\u00e1na do anglick\u00e9 reprezentace, kterou od 20. kv\u011btna \u010dek\u00e1 MS do 20 let v Ji\u017en\u00ed Koreji. Prakticky to znamen\u00e1, \u017ee pro tento a posledn\u00ed z\u00e1pas nelze po\u010d\u00edtat s dvojic\u00ed Lookman a Calvert-Lewin. (Zbyl\u00e1 trojice, tedy Connolly, Dowell a Kenny nebyla letos \u010dleny \u00e1\u010dka, by\u0165 n\u011bjak\u00e9 to sezen\u00ed na lavi\u010dce prob\u011bhlo.) Lze tedy o\u010dek\u00e1vat nasazen\u00ed Valencii minim\u00e1ln\u011b jako st\u0159\u00eddaj\u00edc\u00edho hr\u00e1\u010de, do hry ur\u010dit\u011b v podhrotov\u00fdch pozic\u00edch zas\u00e1hnou i Mirallas a Barkley.<\/p>\n<p>A kdy\u017e u\u017e jsem u lavi\u010dky, tak tam se nakonec posad\u00ed i Be\u0161i\u0107. Vypad\u00e1 to, \u017ee se jedn\u00e1 o \u00fapln\u00e9 zotaven\u00ed po velmi v\u00e1\u017en\u00e9m zran\u011bn\u00ed a osobn\u011b si mysl\u00edm, \u017ee si p\u00e1r minut zahraje. Spole\u010dnost mu bude d\u011blat i vyl\u00e9\u010den\u00fd Schneiderlin, naopak Stekelenburg m\u00e1 zran\u011bn\u00e9 t\u0159\u00edslo, tak\u017ee se do branky od za\u010d\u00e1tku vr\u00e1t\u00ed Robles. Jako n\u00e1hradn\u00ed \u010dapajev bude z\u0159ejm\u011b figurovat Hewelt. I nad\u00e1le je mimo hru \u010dtve\u0159ice Bolasie &#8211; Coleman &#8211; McCarthy &#8211; Mori.<\/p>\n<p>A o co bude bojovat Watford? O udr\u017een\u00ed. Sestup je nepravd\u011bpodobn\u00fd (pokud by prob\u011bhl, tak na sk\u00f3re), ale k definitivn\u00ed jistot\u011b bod chyb\u00ed. Pokud by ho z\u00edt\u0159ej\u0161\u00ed host\u00e9 z\u00edskali, tak by jist\u011b byli spokojeni. Cleverley je ofici\u00e1ln\u011b ve Watfordu st\u00e1le je\u0161t\u011b na hostov\u00e1n\u00ed, tak\u017ee ur\u010dit\u011b nenastoup\u00ed (by\u0165 letn\u00ed p\u0159estup je ji\u017e domluven). Dal\u0161\u00edmi absent\u00e9ry jsou Britos (l\u00fdtko) a Cathcart (koleno), stejn\u011b jako trojice dlouhodob\u00fdch marod\u016f, tedy Kaboul, Pereyra a Z\u00e1rate. Pozici Cleverleyho by mohl zaujmout Behram\u00ed a nad nominov\u00e1n\u00edm Holebase k utk\u00e1n\u00ed vis\u00ed otazn\u00edk.<\/p>\n<p><strong>Co:<\/strong> Everton FC &#8211; Watford FC, 37. kolo Premier League<br \/>\n<strong>Kdy:<\/strong> 12. 5. 2017 od 20:45 SE\u010c<br \/>\n<strong>Kde: <\/strong>Goodison Park, Liverpool (kapacita: 40 221)<br \/>\n<strong>Rozhod\u010d\u00ed:<\/strong> Kevin Friend<\/p>\n<\/div>\n","protected":false},"excerpt":{"rendered":"<p>Posledn\u00ed dom\u00e1c\u00ed z\u00e1pas leto\u0161n\u00ed sez\u00f3ny se hraje netradi\u010dn\u011b v p\u00e1tek. Tv\u016frci rozpis\u016f ud\u011blali zvl\u00e1\u0161tn\u00ed rozhodnut\u00ed, proto\u017ee v\u0161ichni ostatn\u00ed budou sledovat&hellip;<\/p>\n","protected":false},"author":12,"featured_media":1314,"comment_status":"open","ping_status":"closed","sticky":false,"template":"","format":"standard","meta":{"_eb_attr":"","_monsterinsights_skip_tracking":false,"_monsterinsights_sitenote_active":false,"_monsterinsights_sitenote_note":"","_monsterinsights_sitenote_category":0,"footnotes":""},"categories":[4],"tags":[],"yoast_head":"<!-- This site is optimized with the Yoast SEO plugin v23.4 - https:\/\/yoast.com\/wordpress\/plugins\/seo\/ -->\n<title>Preview: Everton - Watford - Official Czech &amp; Slovak Everton Supporters&#039; Club<\/title>\n<meta name=\"robots\" content=\"index, follow, max-snippet:-1, max-image-preview:large, max-video-preview:-1\" \/>\n<link rel=\"canonical\" href=\"https:\/\/evertonfc.cz\/index.php\/2017\/05\/11\/preview-everton-watford-3\/\" \/>\n<meta property=\"og:locale\" content=\"cs_CZ\" \/>\n<meta property=\"og:type\" content=\"article\" \/>\n<meta property=\"og:title\" content=\"Preview: Everton - Watford - Official Czech &amp; Slovak Everton Supporters&#039; Club\" \/>\n<meta property=\"og:description\" content=\"Posledn\u00ed dom\u00e1c\u00ed z\u00e1pas leto\u0161n\u00ed sez\u00f3ny se hraje netradi\u010dn\u011b v p\u00e1tek. Tv\u016frci rozpis\u016f ud\u011blali zvl\u00e1\u0161tn\u00ed rozhodnut\u00ed, proto\u017ee v\u0161ichni ostatn\u00ed budou sledovat&hellip;\" \/>\n<meta property=\"og:url\" content=\"https:\/\/evertonfc.cz\/index.php\/2017\/05\/11\/preview-everton-watford-3\/\" \/>\n<meta property=\"og:site_name\" content=\"Official Czech &amp; Slovak Everton Supporters&#039; Club\" \/>\n<meta property=\"article:publisher\" content=\"https:\/\/www.facebook.com\/everton.fans.cz.sk\" \/>\n<meta property=\"article:published_time\" content=\"2017-05-11T17:26:59+00:00\" \/>\n<meta property=\"article:modified_time\" content=\"2019-02-10T18:28:15+00:00\" \/>\n<meta property=\"og:image\" content=\"https:\/\/evertonfc.cz\/wp-content\/uploads\/2019\/01\/preview.jpg\" \/>\n\t<meta property=\"og:image:width\" content=\"720\" \/>\n\t<meta property=\"og:image:height\" content=\"405\" \/>\n\t<meta property=\"og:image:type\" content=\"image\/jpeg\" \/>\n<meta name=\"author\" content=\"Javor\" \/>\n<meta name=\"twitter:card\" content=\"summary_large_image\" \/>\n<meta name=\"twitter:creator\" content=\"@LoudinJan\" \/>\n<meta name=\"twitter:label1\" content=\"Napsal(a)\" \/>\n\t<meta name=\"twitter:data1\" content=\"Javor\" \/>\n\t<meta name=\"twitter:label2\" content=\"Odhadovan\u00e1 doba \u010dten\u00ed\" \/>\n\t<meta name=\"twitter:data2\" content=\"3 minuty\" \/>\n<script type=\"application\/ld+json\" class=\"yoast-schema-graph\">{\"@context\":\"https:\/\/schema.org\",\"@graph\":[{\"@type\":\"Article\",\"@id\":\"https:\/\/evertonfc.cz\/index.php\/2017\/05\/11\/preview-everton-watford-3\/#article\",\"isPartOf\":{\"@id\":\"https:\/\/evertonfc.cz\/index.php\/2017\/05\/11\/preview-everton-watford-3\/\"},\"author\":{\"name\":\"Javor\",\"@id\":\"https:\/\/evertonfc.cz\/#\/schema\/person\/b30daf6a5852f4811f8207a17ec1bf78\"},\"headline\":\"Preview: Everton &#8211; Watford\",\"datePublished\":\"2017-05-11T17:26:59+00:00\",\"dateModified\":\"2019-02-10T18:28:15+00:00\",\"mainEntityOfPage\":{\"@id\":\"https:\/\/evertonfc.cz\/index.php\/2017\/05\/11\/preview-everton-watford-3\/\"},\"wordCount\":518,\"commentCount\":0,\"publisher\":{\"@id\":\"https:\/\/evertonfc.cz\/#organization\"},\"image\":{\"@id\":\"https:\/\/evertonfc.cz\/index.php\/2017\/05\/11\/preview-everton-watford-3\/#primaryimage\"},\"thumbnailUrl\":\"https:\/\/evertonfc.cz\/wp-content\/uploads\/2019\/01\/preview.jpg\",\"articleSection\":[\"Z\u00e1pasy\"],\"inLanguage\":\"cs\",\"potentialAction\":[{\"@type\":\"CommentAction\",\"name\":\"Comment\",\"target\":[\"https:\/\/evertonfc.cz\/index.php\/2017\/05\/11\/preview-everton-watford-3\/#respond\"]}]},{\"@type\":\"WebPage\",\"@id\":\"https:\/\/evertonfc.cz\/index.php\/2017\/05\/11\/preview-everton-watford-3\/\",\"url\":\"https:\/\/evertonfc.cz\/index.php\/2017\/05\/11\/preview-everton-watford-3\/\",\"name\":\"Preview: Everton - Watford - Official Czech &amp; Slovak Everton Supporters&#039; Club\",\"isPartOf\":{\"@id\":\"https:\/\/evertonfc.cz\/#website\"},\"primaryImageOfPage\":{\"@id\":\"https:\/\/evertonfc.cz\/index.php\/2017\/05\/11\/preview-everton-watford-3\/#primaryimage\"},\"image\":{\"@id\":\"https:\/\/evertonfc.cz\/index.php\/2017\/05\/11\/preview-everton-watford-3\/#primaryimage\"},\"thumbnailUrl\":\"https:\/\/evertonfc.cz\/wp-content\/uploads\/2019\/01\/preview.jpg\",\"datePublished\":\"2017-05-11T17:26:59+00:00\",\"dateModified\":\"2019-02-10T18:28:15+00:00\",\"breadcrumb\":{\"@id\":\"https:\/\/evertonfc.cz\/index.php\/2017\/05\/11\/preview-everton-watford-3\/#breadcrumb\"},\"inLanguage\":\"cs\",\"potentialAction\":[{\"@type\":\"ReadAction\",\"target\":[\"https:\/\/evertonfc.cz\/index.php\/2017\/05\/11\/preview-everton-watford-3\/\"]}]},{\"@type\":\"ImageObject\",\"inLanguage\":\"cs\",\"@id\":\"https:\/\/evertonfc.cz\/index.php\/2017\/05\/11\/preview-everton-watford-3\/#primaryimage\",\"url\":\"https:\/\/evertonfc.cz\/wp-content\/uploads\/2019\/01\/preview.jpg\",\"contentUrl\":\"https:\/\/evertonfc.cz\/wp-content\/uploads\/2019\/01\/preview.jpg\",\"width\":720,\"height\":405},{\"@type\":\"BreadcrumbList\",\"@id\":\"https:\/\/evertonfc.cz\/index.php\/2017\/05\/11\/preview-everton-watford-3\/#breadcrumb\",\"itemListElement\":[{\"@type\":\"ListItem\",\"position\":1,\"name\":\"Home\",\"item\":\"https:\/\/evertonfc.cz\/\"},{\"@type\":\"ListItem\",\"position\":2,\"name\":\"Preview: Everton &#8211; Watford\"}]},{\"@type\":\"WebSite\",\"@id\":\"https:\/\/evertonfc.cz\/#website\",\"url\":\"https:\/\/evertonfc.cz\/\",\"name\":\"Official Czech &amp; Slovak Everton Supporters&#039; Club\",\"description\":\"\",\"publisher\":{\"@id\":\"https:\/\/evertonfc.cz\/#organization\"},\"potentialAction\":[{\"@type\":\"SearchAction\",\"target\":{\"@type\":\"EntryPoint\",\"urlTemplate\":\"https:\/\/evertonfc.cz\/?s={search_term_string}\"},\"query-input\":{\"@type\":\"PropertyValueSpecification\",\"valueRequired\":true,\"valueName\":\"search_term_string\"}}],\"inLanguage\":\"cs\"},{\"@type\":\"Organization\",\"@id\":\"https:\/\/evertonfc.cz\/#organization\",\"name\":\"Official Czech & Slovak Everton Supporters' Club\",\"url\":\"https:\/\/evertonfc.cz\/\",\"logo\":{\"@type\":\"ImageObject\",\"inLanguage\":\"cs\",\"@id\":\"https:\/\/evertonfc.cz\/#\/schema\/logo\/image\/\",\"url\":\"https:\/\/evertonfc.cz\/wp-content\/uploads\/2019\/05\/logo.png\",\"contentUrl\":\"https:\/\/evertonfc.cz\/wp-content\/uploads\/2019\/05\/logo.png\",\"width\":112,\"height\":112,\"caption\":\"Official Czech & Slovak Everton Supporters' Club\"},\"image\":{\"@id\":\"https:\/\/evertonfc.cz\/#\/schema\/logo\/image\/\"},\"sameAs\":[\"https:\/\/www.facebook.com\/everton.fans.cz.sk\"]},{\"@type\":\"Person\",\"@id\":\"https:\/\/evertonfc.cz\/#\/schema\/person\/b30daf6a5852f4811f8207a17ec1bf78\",\"name\":\"Javor\",\"sameAs\":[\"https:\/\/x.com\/LoudinJan\"],\"url\":\"https:\/\/evertonfc.cz\/index.php\/author\/javor\/\"}]}<\/script>\n<!-- \/ Yoast SEO plugin. -->","yoast_head_json":{"title":"Preview: Everton - Watford - Official Czech &amp; Slovak Everton Supporters&#039; Club","robots":{"index":"index","follow":"follow","max-snippet":"max-snippet:-1","max-image-preview":"max-image-preview:large","max-video-preview":"max-video-preview:-1"},"canonical":"https:\/\/evertonfc.cz\/index.php\/2017\/05\/11\/preview-everton-watford-3\/","og_locale":"cs_CZ","og_type":"article","og_title":"Preview: Everton - Watford - Official Czech &amp; Slovak Everton Supporters&#039; Club","og_description":"Posledn\u00ed dom\u00e1c\u00ed z\u00e1pas leto\u0161n\u00ed sez\u00f3ny se hraje netradi\u010dn\u011b v p\u00e1tek. Tv\u016frci rozpis\u016f ud\u011blali zvl\u00e1\u0161tn\u00ed rozhodnut\u00ed, proto\u017ee v\u0161ichni ostatn\u00ed budou sledovat&hellip;","og_url":"https:\/\/evertonfc.cz\/index.php\/2017\/05\/11\/preview-everton-watford-3\/","og_site_name":"Official Czech &amp; Slovak Everton Supporters&#039; Club","article_publisher":"https:\/\/www.facebook.com\/everton.fans.cz.sk","article_published_time":"2017-05-11T17:26:59+00:00","article_modified_time":"2019-02-10T18:28:15+00:00","og_image":[{"width":720,"height":405,"url":"https:\/\/evertonfc.cz\/wp-content\/uploads\/2019\/01\/preview.jpg","type":"image\/jpeg"}],"author":"Javor","twitter_card":"summary_large_image","twitter_creator":"@LoudinJan","twitter_misc":{"Napsal(a)":"Javor","Odhadovan\u00e1 doba \u010dten\u00ed":"3 minuty"},"schema":{"@context":"https:\/\/schema.org","@graph":[{"@type":"Article","@id":"https:\/\/evertonfc.cz\/index.php\/2017\/05\/11\/preview-everton-watford-3\/#article","isPartOf":{"@id":"https:\/\/evertonfc.cz\/index.php\/2017\/05\/11\/preview-everton-watford-3\/"},"author":{"name":"Javor","@id":"https:\/\/evertonfc.cz\/#\/schema\/person\/b30daf6a5852f4811f8207a17ec1bf78"},"headline":"Preview: Everton &#8211; Watford","datePublished":"2017-05-11T17:26:59+00:00","dateModified":"2019-02-10T18:28:15+00:00","mainEntityOfPage":{"@id":"https:\/\/evertonfc.cz\/index.php\/2017\/05\/11\/preview-everton-watford-3\/"},"wordCount":518,"commentCount":0,"publisher":{"@id":"https:\/\/evertonfc.cz\/#organization"},"image":{"@id":"https:\/\/evertonfc.cz\/index.php\/2017\/05\/11\/preview-everton-watford-3\/#primaryimage"},"thumbnailUrl":"https:\/\/evertonfc.cz\/wp-content\/uploads\/2019\/01\/preview.jpg","articleSection":["Z\u00e1pasy"],"inLanguage":"cs","potentialAction":[{"@type":"CommentAction","name":"Comment","target":["https:\/\/evertonfc.cz\/index.php\/2017\/05\/11\/preview-everton-watford-3\/#respond"]}]},{"@type":"WebPage","@id":"https:\/\/evertonfc.cz\/index.php\/2017\/05\/11\/preview-everton-watford-3\/","url":"https:\/\/evertonfc.cz\/index.php\/2017\/05\/11\/preview-everton-watford-3\/","name":"Preview: Everton - Watford - Official Czech &amp; Slovak Everton Supporters&#039; Club","isPartOf":{"@id":"https:\/\/evertonfc.cz\/#website"},"primaryImageOfPage":{"@id":"https:\/\/evertonfc.cz\/index.php\/2017\/05\/11\/preview-everton-watford-3\/#primaryimage"},"image":{"@id":"https:\/\/evertonfc.cz\/index.php\/2017\/05\/11\/preview-everton-watford-3\/#primaryimage"},"thumbnailUrl":"https:\/\/evertonfc.cz\/wp-content\/uploads\/2019\/01\/preview.jpg","datePublished":"2017-05-11T17:26:59+00:00","dateModified":"2019-02-10T18:28:15+00:00","breadcrumb":{"@id":"https:\/\/evertonfc.cz\/index.php\/2017\/05\/11\/preview-everton-watford-3\/#breadcrumb"},"inLanguage":"cs","potentialAction":[{"@type":"ReadAction","target":["https:\/\/evertonfc.cz\/index.php\/2017\/05\/11\/preview-everton-watford-3\/"]}]},{"@type":"ImageObject","inLanguage":"cs","@id":"https:\/\/evertonfc.cz\/index.php\/2017\/05\/11\/preview-everton-watford-3\/#primaryimage","url":"https:\/\/evertonfc.cz\/wp-content\/uploads\/2019\/01\/preview.jpg","contentUrl":"https:\/\/evertonfc.cz\/wp-content\/uploads\/2019\/01\/preview.jpg","width":720,"height":405},{"@type":"BreadcrumbList","@id":"https:\/\/evertonfc.cz\/index.php\/2017\/05\/11\/preview-everton-watford-3\/#breadcrumb","itemListElement":[{"@type":"ListItem","position":1,"name":"Home","item":"https:\/\/evertonfc.cz\/"},{"@type":"ListItem","position":2,"name":"Preview: Everton &#8211; Watford"}]},{"@type":"WebSite","@id":"https:\/\/evertonfc.cz\/#website","url":"https:\/\/evertonfc.cz\/","name":"Official Czech &amp; Slovak Everton Supporters&#039; Club","description":"","publisher":{"@id":"https:\/\/evertonfc.cz\/#organization"},"potentialAction":[{"@type":"SearchAction","target":{"@type":"EntryPoint","urlTemplate":"https:\/\/evertonfc.cz\/?s={search_term_string}"},"query-input":{"@type":"PropertyValueSpecification","valueRequired":true,"valueName":"search_term_string"}}],"inLanguage":"cs"},{"@type":"Organization","@id":"https:\/\/evertonfc.cz\/#organization","name":"Official Czech & Slovak Everton Supporters' Club","url":"https:\/\/evertonfc.cz\/","logo":{"@type":"ImageObject","inLanguage":"cs","@id":"https:\/\/evertonfc.cz\/#\/schema\/logo\/image\/","url":"https:\/\/evertonfc.cz\/wp-content\/uploads\/2019\/05\/logo.png","contentUrl":"https:\/\/evertonfc.cz\/wp-content\/uploads\/2019\/05\/logo.png","width":112,"height":112,"caption":"Official Czech & Slovak Everton Supporters' Club"},"image":{"@id":"https:\/\/evertonfc.cz\/#\/schema\/logo\/image\/"},"sameAs":["https:\/\/www.facebook.com\/everton.fans.cz.sk"]},{"@type":"Person","@id":"https:\/\/evertonfc.cz\/#\/schema\/person\/b30daf6a5852f4811f8207a17ec1bf78","name":"Javor","sameAs":["https:\/\/x.com\/LoudinJan"],"url":"https:\/\/evertonfc.cz\/index.php\/author\/javor\/"}]}},"_links":{"self":[{"href":"https:\/\/evertonfc.cz\/index.php\/wp-json\/wp\/v2\/posts\/3130"}],"collection":[{"href":"https:\/\/evertonfc.cz\/index.php\/wp-json\/wp\/v2\/posts"}],"about":[{"href":"https:\/\/evertonfc.cz\/index.php\/wp-json\/wp\/v2\/types\/post"}],"author":[{"embeddable":true,"href":"https:\/\/evertonfc.cz\/index.php\/wp-json\/wp\/v2\/users\/12"}],"replies":[{"embeddable":true,"href":"https:\/\/evertonfc.cz\/index.php\/wp-json\/wp\/v2\/comments?post=3130"}],"version-history":[{"count":1,"href":"https:\/\/evertonfc.cz\/index.php\/wp-json\/wp\/v2\/posts\/3130\/revisions"}],"predecessor-version":[{"id":3131,"href":"https:\/\/evertonfc.cz\/index.php\/wp-json\/wp\/v2\/posts\/3130\/revisions\/3131"}],"wp:featuredmedia":[{"embeddable":true,"href":"https:\/\/evertonfc.cz\/index.php\/wp-json\/wp\/v2\/media\/1314"}],"wp:attachment":[{"href":"https:\/\/evertonfc.cz\/index.php\/wp-json\/wp\/v2\/media?parent=3130"}],"wp:term":[{"taxonomy":"category","embeddable":true,"href":"https:\/\/evertonfc.cz\/index.php\/wp-json\/wp\/v2\/categories?post=3130"},{"taxonomy":"post_tag","embeddable":true,"href":"https:\/\/evertonfc.cz\/index.php\/wp-json\/wp\/v2\/tags?post=3130"}],"curies":[{"name":"wp","href":"https:\/\/api.w.org\/{rel}","templated":true}]}}