{"id":3132,"date":"2017-05-11T19:30:00","date_gmt":"2017-05-11T17:30:00","guid":{"rendered":"http:\/\/evertonfc.cz\/?p=3132"},"modified":"2021-02-14T10:44:19","modified_gmt":"2021-02-14T09:44:19","slug":"koeman-splnil-europsky-ciel","status":"publish","type":"post","link":"https:\/\/evertonfc.cz\/index.php\/2017\/05\/11\/koeman-splnil-europsky-ciel\/","title":{"rendered":"Koeman splnil eur\u00f3psky cie\u013e"},"content":{"rendered":"<h4 id=\"NewsPostDetailSummary\">Po v\u010deraj\u0161om z\u00e1pase Southamptonu s Arsenalom je jasn\u00e9, \u017ee Karamelky bez oh\u013eadu na \u010fal\u0161\u00ed v\u00fdvoj svojich, \u010di in\u00fdch z\u00e1pasov, skon\u010dia na siedmom mieste.<\/h4>\n<div id=\"NewsPostDetailContent\">\n<p>Plan\u00fdch re\u010d\u00ed bolo dos\u0165. A ke\u010f bolo treba doru\u010di\u0165, Everton na \u010dele s Koemanom doru\u010dili. Cie\u013e splnen\u00fd a potenci\u00e1l bohu\u017eia\u013e vy\u010derpan\u00fd. T\u00e1to sez\u00f3na s vysokou pravdepodobnos\u0165ou uk\u00e1zala pravdiv\u00fd obraz mu\u017estva, jeho siln\u00e9 str\u00e1nky a hlavn\u00e9 ve\u013ek\u00e9 medzery. Bl\u00ed\u017ei sa leto. \u010cas oddychu pre hr\u00e1\u010dov, mo\u017eno aj fan\u00fa\u0161ikov, no rozhodne nie pre n\u00e1borov\u00e9 oddelenie na \u010dele s Walshom. \u00c1no, Toffees si po dvoch rokoch znova zahraj\u00fa eur\u00f3psku kontinent\u00e1lnu s\u00fa\u0165a\u017e \u010d\u00edslo 2!<\/p>\n<p>S\u00edce na poslednom mo\u017enom kvalifika\u010dnom mieste, ale predsa. Aj to sa po\u010d\u00edta. Preto neprem\u00e1rnime t\u00fato mo\u017enos\u0165, ako lond\u00fdnske kladiv\u00e1, dva ro\u010dn\u00edky po sebe. Z\u00e1rukou vr\u00e1tenia sa, bola u\u017e prehra Baggies s Leicesterom v apr\u00edli, no n\u00e1dej na ambici\u00f3znej\u0161ie umiestnenie \u017eila, povedzme do v\u010dera. Na Top 6 si v\u0161ak Koeman bude musie\u0165 vy\u010dka\u0165, e\u0161te aspo\u0148 rok. Bud\u00faci ligov\u00fd ro\u010dn\u00edk sa za\u010d\u00edna u\u017e 12. augusta a ak bude Everton v predkol\u00e1ch \u00faspe\u0161n\u00fd, vy\u0165a\u017eenos\u0165 bude pre fan\u00fa\u0161ika bla\u017een\u00e1. Povedzme si teda, \u010do bud\u00fa letn\u00e9 mesiace znamena\u0165 pre Evertonians.<\/p>\n<p>Koeman, d\u00fafajme u\u017e aj s nov\u00fdmi posilami, vst\u00fapi do s\u00fa\u0165a\u017ee v spomenutom tre\u0165om kvalifika\u010dnom kole, ktor\u00e9ho los je napl\u00e1novan\u00fd na 14. j\u00fal. Prv\u00fd z\u00e1pas sa odohr\u00e1 27. j\u00fala a odveta bude na programe o t\u00fd\u017ede\u0148, 3. augusta. V pr\u00edpade postupu do Play-Off, sa jeho los uskuto\u010dn\u00ed hne\u010f 4. augusta. Op\u00e4\u0165 dvojkolov\u00fd syst\u00e9m, v\u0161ak m\u00f4\u017ee prinies\u0165 17. a 24. augusta aj ne\u00faspe\u0161n\u00e9ho \u00fa\u010dastn\u00edka z kvalifik\u00e1\u010dn\u00fdch k\u00f4l Ligy Majstrov. K\u013e\u00fa\u010d sa m\u00e1 toti\u017e tak, \u017ee 29 postupuj\u00facich z tretieho predkola Eur\u00f3pskej Ligy, dopln\u00ed 15 porazen\u00fdch z tretieho predkola Ligy Majstrov.<\/p>\n<p>Verme, \u017ee Everton si zav\u00e1hania nepripust\u00ed a dostane sa medzi 48 t\u00edmov na skupinov\u00fd los, s d\u00e1tumom 25. august. Skor\u00fd prestupov\u00fd biznis, s poctivo dolie\u010den\u00fdmi zraneniami a spolu s patri\u010dne skorou predpr\u00edpravou je nevyhnutn\u00fd. Do za\u010diatku ligy je treba odohra\u0165 potenci\u00e1lne a\u017e osem z\u00e1pasov.<\/p>\n<p style=\"text-align: center;\"><em>We&#8217;re all going on a European tour, <\/em><br \/>\n<em>A European tour, <\/em><br \/>\n<em>A European tour, <\/em><br \/>\n<em>We&#8217;re all going on a European tour,<\/em><\/p>\n<p id=\"chant-lyrics-extra\" style=\"text-align: center;\"><em>A European tour, <\/em><br \/>\n<em>A European tour&#8230;<\/em><\/p>\n<\/div>\n","protected":false},"excerpt":{"rendered":"<p>Po v\u010deraj\u0161om z\u00e1pase Southamptonu s Arsenalom je jasn\u00e9, \u017ee Karamelky bez oh\u013eadu na \u010fal\u0161\u00ed v\u00fdvoj svojich, \u010di in\u00fdch z\u00e1pasov, skon\u010dia na siedmom mieste.<\/p>\n","protected":false},"author":1,"featured_media":1310,"comment_status":"open","ping_status":"closed","sticky":false,"template":"","format":"standard","meta":{"_eb_attr":"","_monsterinsights_skip_tracking":false,"_monsterinsights_sitenote_active":false,"_monsterinsights_sitenote_note":"","_monsterinsights_sitenote_category":0,"footnotes":""},"categories":[39],"tags":[],"yoast_head":"<!-- This site is optimized with the Yoast SEO plugin v23.4 - https:\/\/yoast.com\/wordpress\/plugins\/seo\/ -->\n<title>Koeman splnil eur\u00f3psky cie\u013e - Official Czech &amp; Slovak Everton Supporters&#039; Club<\/title>\n<meta name=\"robots\" content=\"index, follow, max-snippet:-1, max-image-preview:large, max-video-preview:-1\" \/>\n<link rel=\"canonical\" href=\"https:\/\/evertonfc.cz\/index.php\/2017\/05\/11\/koeman-splnil-europsky-ciel\/\" \/>\n<meta property=\"og:locale\" content=\"cs_CZ\" \/>\n<meta property=\"og:type\" content=\"article\" \/>\n<meta property=\"og:title\" content=\"Koeman splnil eur\u00f3psky cie\u013e - Official Czech &amp; Slovak Everton Supporters&#039; Club\" \/>\n<meta property=\"og:description\" content=\"Po v\u010deraj\u0161om z\u00e1pase Southamptonu s Arsenalom je jasn\u00e9, \u017ee Karamelky bez oh\u013eadu na \u010fal\u0161\u00ed v\u00fdvoj svojich, \u010di in\u00fdch z\u00e1pasov, skon\u010dia na siedmom mieste.\" \/>\n<meta property=\"og:url\" content=\"https:\/\/evertonfc.cz\/index.php\/2017\/05\/11\/koeman-splnil-europsky-ciel\/\" \/>\n<meta property=\"og:site_name\" content=\"Official Czech &amp; Slovak Everton Supporters&#039; Club\" \/>\n<meta property=\"article:publisher\" content=\"https:\/\/www.facebook.com\/everton.fans.cz.sk\" \/>\n<meta property=\"article:published_time\" content=\"2017-05-11T17:30:00+00:00\" \/>\n<meta property=\"article:modified_time\" content=\"2021-02-14T09:44:19+00:00\" \/>\n<meta property=\"og:image\" content=\"https:\/\/evertonfc.cz\/wp-content\/uploads\/2019\/01\/blog.jpg\" \/>\n\t<meta property=\"og:image:width\" content=\"720\" \/>\n\t<meta property=\"og:image:height\" content=\"405\" \/>\n\t<meta property=\"og:image:type\" content=\"image\/jpeg\" \/>\n<meta name=\"author\" content=\"BlueBlooded\" \/>\n<meta name=\"twitter:card\" content=\"summary_large_image\" \/>\n<meta name=\"twitter:label1\" content=\"Napsal(a)\" \/>\n\t<meta name=\"twitter:data1\" content=\"BlueBlooded\" \/>\n\t<meta name=\"twitter:label2\" content=\"Odhadovan\u00e1 doba \u010dten\u00ed\" \/>\n\t<meta name=\"twitter:data2\" content=\"2 minuty\" \/>\n<script type=\"application\/ld+json\" class=\"yoast-schema-graph\">{\"@context\":\"https:\/\/schema.org\",\"@graph\":[{\"@type\":\"Article\",\"@id\":\"https:\/\/evertonfc.cz\/index.php\/2017\/05\/11\/koeman-splnil-europsky-ciel\/#article\",\"isPartOf\":{\"@id\":\"https:\/\/evertonfc.cz\/index.php\/2017\/05\/11\/koeman-splnil-europsky-ciel\/\"},\"author\":{\"name\":\"BlueBlooded\",\"@id\":\"https:\/\/evertonfc.cz\/#\/schema\/person\/d4493b8cbea51532597fbc4685698916\"},\"headline\":\"Koeman splnil eur\u00f3psky cie\u013e\",\"datePublished\":\"2017-05-11T17:30:00+00:00\",\"dateModified\":\"2021-02-14T09:44:19+00:00\",\"mainEntityOfPage\":{\"@id\":\"https:\/\/evertonfc.cz\/index.php\/2017\/05\/11\/koeman-splnil-europsky-ciel\/\"},\"wordCount\":425,\"commentCount\":0,\"publisher\":{\"@id\":\"https:\/\/evertonfc.cz\/#organization\"},\"image\":{\"@id\":\"https:\/\/evertonfc.cz\/index.php\/2017\/05\/11\/koeman-splnil-europsky-ciel\/#primaryimage\"},\"thumbnailUrl\":\"https:\/\/evertonfc.cz\/wp-content\/uploads\/2019\/01\/blog.jpg\",\"articleSection\":[\"Blog\"],\"inLanguage\":\"cs\",\"potentialAction\":[{\"@type\":\"CommentAction\",\"name\":\"Comment\",\"target\":[\"https:\/\/evertonfc.cz\/index.php\/2017\/05\/11\/koeman-splnil-europsky-ciel\/#respond\"]}]},{\"@type\":\"WebPage\",\"@id\":\"https:\/\/evertonfc.cz\/index.php\/2017\/05\/11\/koeman-splnil-europsky-ciel\/\",\"url\":\"https:\/\/evertonfc.cz\/index.php\/2017\/05\/11\/koeman-splnil-europsky-ciel\/\",\"name\":\"Koeman splnil eur\u00f3psky cie\u013e - Official Czech &amp; Slovak Everton Supporters&#039; Club\",\"isPartOf\":{\"@id\":\"https:\/\/evertonfc.cz\/#website\"},\"primaryImageOfPage\":{\"@id\":\"https:\/\/evertonfc.cz\/index.php\/2017\/05\/11\/koeman-splnil-europsky-ciel\/#primaryimage\"},\"image\":{\"@id\":\"https:\/\/evertonfc.cz\/index.php\/2017\/05\/11\/koeman-splnil-europsky-ciel\/#primaryimage\"},\"thumbnailUrl\":\"https:\/\/evertonfc.cz\/wp-content\/uploads\/2019\/01\/blog.jpg\",\"datePublished\":\"2017-05-11T17:30:00+00:00\",\"dateModified\":\"2021-02-14T09:44:19+00:00\",\"breadcrumb\":{\"@id\":\"https:\/\/evertonfc.cz\/index.php\/2017\/05\/11\/koeman-splnil-europsky-ciel\/#breadcrumb\"},\"inLanguage\":\"cs\",\"potentialAction\":[{\"@type\":\"ReadAction\",\"target\":[\"https:\/\/evertonfc.cz\/index.php\/2017\/05\/11\/koeman-splnil-europsky-ciel\/\"]}]},{\"@type\":\"ImageObject\",\"inLanguage\":\"cs\",\"@id\":\"https:\/\/evertonfc.cz\/index.php\/2017\/05\/11\/koeman-splnil-europsky-ciel\/#primaryimage\",\"url\":\"https:\/\/evertonfc.cz\/wp-content\/uploads\/2019\/01\/blog.jpg\",\"contentUrl\":\"https:\/\/evertonfc.cz\/wp-content\/uploads\/2019\/01\/blog.jpg\",\"width\":720,\"height\":405},{\"@type\":\"BreadcrumbList\",\"@id\":\"https:\/\/evertonfc.cz\/index.php\/2017\/05\/11\/koeman-splnil-europsky-ciel\/#breadcrumb\",\"itemListElement\":[{\"@type\":\"ListItem\",\"position\":1,\"name\":\"Home\",\"item\":\"https:\/\/evertonfc.cz\/\"},{\"@type\":\"ListItem\",\"position\":2,\"name\":\"Koeman splnil eur\u00f3psky cie\u013e\"}]},{\"@type\":\"WebSite\",\"@id\":\"https:\/\/evertonfc.cz\/#website\",\"url\":\"https:\/\/evertonfc.cz\/\",\"name\":\"Official Czech &amp; Slovak Everton Supporters&#039; Club\",\"description\":\"\",\"publisher\":{\"@id\":\"https:\/\/evertonfc.cz\/#organization\"},\"potentialAction\":[{\"@type\":\"SearchAction\",\"target\":{\"@type\":\"EntryPoint\",\"urlTemplate\":\"https:\/\/evertonfc.cz\/?s={search_term_string}\"},\"query-input\":{\"@type\":\"PropertyValueSpecification\",\"valueRequired\":true,\"valueName\":\"search_term_string\"}}],\"inLanguage\":\"cs\"},{\"@type\":\"Organization\",\"@id\":\"https:\/\/evertonfc.cz\/#organization\",\"name\":\"Official Czech & Slovak Everton Supporters' Club\",\"url\":\"https:\/\/evertonfc.cz\/\",\"logo\":{\"@type\":\"ImageObject\",\"inLanguage\":\"cs\",\"@id\":\"https:\/\/evertonfc.cz\/#\/schema\/logo\/image\/\",\"url\":\"https:\/\/evertonfc.cz\/wp-content\/uploads\/2019\/05\/logo.png\",\"contentUrl\":\"https:\/\/evertonfc.cz\/wp-content\/uploads\/2019\/05\/logo.png\",\"width\":112,\"height\":112,\"caption\":\"Official Czech & Slovak Everton Supporters' Club\"},\"image\":{\"@id\":\"https:\/\/evertonfc.cz\/#\/schema\/logo\/image\/\"},\"sameAs\":[\"https:\/\/www.facebook.com\/everton.fans.cz.sk\"]},{\"@type\":\"Person\",\"@id\":\"https:\/\/evertonfc.cz\/#\/schema\/person\/d4493b8cbea51532597fbc4685698916\",\"name\":\"BlueBlooded\",\"url\":\"https:\/\/evertonfc.cz\/index.php\/author\/admin\/\"}]}<\/script>\n<!-- \/ Yoast SEO plugin. -->","yoast_head_json":{"title":"Koeman splnil eur\u00f3psky cie\u013e - Official Czech &amp; Slovak Everton Supporters&#039; Club","robots":{"index":"index","follow":"follow","max-snippet":"max-snippet:-1","max-image-preview":"max-image-preview:large","max-video-preview":"max-video-preview:-1"},"canonical":"https:\/\/evertonfc.cz\/index.php\/2017\/05\/11\/koeman-splnil-europsky-ciel\/","og_locale":"cs_CZ","og_type":"article","og_title":"Koeman splnil eur\u00f3psky cie\u013e - Official Czech &amp; Slovak Everton Supporters&#039; Club","og_description":"Po v\u010deraj\u0161om z\u00e1pase Southamptonu s Arsenalom je jasn\u00e9, \u017ee Karamelky bez oh\u013eadu na \u010fal\u0161\u00ed v\u00fdvoj svojich, \u010di in\u00fdch z\u00e1pasov, skon\u010dia na siedmom mieste.","og_url":"https:\/\/evertonfc.cz\/index.php\/2017\/05\/11\/koeman-splnil-europsky-ciel\/","og_site_name":"Official Czech &amp; Slovak Everton Supporters&#039; Club","article_publisher":"https:\/\/www.facebook.com\/everton.fans.cz.sk","article_published_time":"2017-05-11T17:30:00+00:00","article_modified_time":"2021-02-14T09:44:19+00:00","og_image":[{"width":720,"height":405,"url":"https:\/\/evertonfc.cz\/wp-content\/uploads\/2019\/01\/blog.jpg","type":"image\/jpeg"}],"author":"BlueBlooded","twitter_card":"summary_large_image","twitter_misc":{"Napsal(a)":"BlueBlooded","Odhadovan\u00e1 doba \u010dten\u00ed":"2 minuty"},"schema":{"@context":"https:\/\/schema.org","@graph":[{"@type":"Article","@id":"https:\/\/evertonfc.cz\/index.php\/2017\/05\/11\/koeman-splnil-europsky-ciel\/#article","isPartOf":{"@id":"https:\/\/evertonfc.cz\/index.php\/2017\/05\/11\/koeman-splnil-europsky-ciel\/"},"author":{"name":"BlueBlooded","@id":"https:\/\/evertonfc.cz\/#\/schema\/person\/d4493b8cbea51532597fbc4685698916"},"headline":"Koeman splnil eur\u00f3psky cie\u013e","datePublished":"2017-05-11T17:30:00+00:00","dateModified":"2021-02-14T09:44:19+00:00","mainEntityOfPage":{"@id":"https:\/\/evertonfc.cz\/index.php\/2017\/05\/11\/koeman-splnil-europsky-ciel\/"},"wordCount":425,"commentCount":0,"publisher":{"@id":"https:\/\/evertonfc.cz\/#organization"},"image":{"@id":"https:\/\/evertonfc.cz\/index.php\/2017\/05\/11\/koeman-splnil-europsky-ciel\/#primaryimage"},"thumbnailUrl":"https:\/\/evertonfc.cz\/wp-content\/uploads\/2019\/01\/blog.jpg","articleSection":["Blog"],"inLanguage":"cs","potentialAction":[{"@type":"CommentAction","name":"Comment","target":["https:\/\/evertonfc.cz\/index.php\/2017\/05\/11\/koeman-splnil-europsky-ciel\/#respond"]}]},{"@type":"WebPage","@id":"https:\/\/evertonfc.cz\/index.php\/2017\/05\/11\/koeman-splnil-europsky-ciel\/","url":"https:\/\/evertonfc.cz\/index.php\/2017\/05\/11\/koeman-splnil-europsky-ciel\/","name":"Koeman splnil eur\u00f3psky cie\u013e - Official Czech &amp; Slovak Everton Supporters&#039; Club","isPartOf":{"@id":"https:\/\/evertonfc.cz\/#website"},"primaryImageOfPage":{"@id":"https:\/\/evertonfc.cz\/index.php\/2017\/05\/11\/koeman-splnil-europsky-ciel\/#primaryimage"},"image":{"@id":"https:\/\/evertonfc.cz\/index.php\/2017\/05\/11\/koeman-splnil-europsky-ciel\/#primaryimage"},"thumbnailUrl":"https:\/\/evertonfc.cz\/wp-content\/uploads\/2019\/01\/blog.jpg","datePublished":"2017-05-11T17:30:00+00:00","dateModified":"2021-02-14T09:44:19+00:00","breadcrumb":{"@id":"https:\/\/evertonfc.cz\/index.php\/2017\/05\/11\/koeman-splnil-europsky-ciel\/#breadcrumb"},"inLanguage":"cs","potentialAction":[{"@type":"ReadAction","target":["https:\/\/evertonfc.cz\/index.php\/2017\/05\/11\/koeman-splnil-europsky-ciel\/"]}]},{"@type":"ImageObject","inLanguage":"cs","@id":"https:\/\/evertonfc.cz\/index.php\/2017\/05\/11\/koeman-splnil-europsky-ciel\/#primaryimage","url":"https:\/\/evertonfc.cz\/wp-content\/uploads\/2019\/01\/blog.jpg","contentUrl":"https:\/\/evertonfc.cz\/wp-content\/uploads\/2019\/01\/blog.jpg","width":720,"height":405},{"@type":"BreadcrumbList","@id":"https:\/\/evertonfc.cz\/index.php\/2017\/05\/11\/koeman-splnil-europsky-ciel\/#breadcrumb","itemListElement":[{"@type":"ListItem","position":1,"name":"Home","item":"https:\/\/evertonfc.cz\/"},{"@type":"ListItem","position":2,"name":"Koeman splnil eur\u00f3psky cie\u013e"}]},{"@type":"WebSite","@id":"https:\/\/evertonfc.cz\/#website","url":"https:\/\/evertonfc.cz\/","name":"Official Czech &amp; Slovak Everton Supporters&#039; Club","description":"","publisher":{"@id":"https:\/\/evertonfc.cz\/#organization"},"potentialAction":[{"@type":"SearchAction","target":{"@type":"EntryPoint","urlTemplate":"https:\/\/evertonfc.cz\/?s={search_term_string}"},"query-input":{"@type":"PropertyValueSpecification","valueRequired":true,"valueName":"search_term_string"}}],"inLanguage":"cs"},{"@type":"Organization","@id":"https:\/\/evertonfc.cz\/#organization","name":"Official Czech & Slovak Everton Supporters' Club","url":"https:\/\/evertonfc.cz\/","logo":{"@type":"ImageObject","inLanguage":"cs","@id":"https:\/\/evertonfc.cz\/#\/schema\/logo\/image\/","url":"https:\/\/evertonfc.cz\/wp-content\/uploads\/2019\/05\/logo.png","contentUrl":"https:\/\/evertonfc.cz\/wp-content\/uploads\/2019\/05\/logo.png","width":112,"height":112,"caption":"Official Czech & Slovak Everton Supporters' Club"},"image":{"@id":"https:\/\/evertonfc.cz\/#\/schema\/logo\/image\/"},"sameAs":["https:\/\/www.facebook.com\/everton.fans.cz.sk"]},{"@type":"Person","@id":"https:\/\/evertonfc.cz\/#\/schema\/person\/d4493b8cbea51532597fbc4685698916","name":"BlueBlooded","url":"https:\/\/evertonfc.cz\/index.php\/author\/admin\/"}]}},"_links":{"self":[{"href":"https:\/\/evertonfc.cz\/index.php\/wp-json\/wp\/v2\/posts\/3132"}],"collection":[{"href":"https:\/\/evertonfc.cz\/index.php\/wp-json\/wp\/v2\/posts"}],"about":[{"href":"https:\/\/evertonfc.cz\/index.php\/wp-json\/wp\/v2\/types\/post"}],"author":[{"embeddable":true,"href":"https:\/\/evertonfc.cz\/index.php\/wp-json\/wp\/v2\/users\/1"}],"replies":[{"embeddable":true,"href":"https:\/\/evertonfc.cz\/index.php\/wp-json\/wp\/v2\/comments?post=3132"}],"version-history":[{"count":3,"href":"https:\/\/evertonfc.cz\/index.php\/wp-json\/wp\/v2\/posts\/3132\/revisions"}],"predecessor-version":[{"id":14126,"href":"https:\/\/evertonfc.cz\/index.php\/wp-json\/wp\/v2\/posts\/3132\/revisions\/14126"}],"wp:featuredmedia":[{"embeddable":true,"href":"https:\/\/evertonfc.cz\/index.php\/wp-json\/wp\/v2\/media\/1310"}],"wp:attachment":[{"href":"https:\/\/evertonfc.cz\/index.php\/wp-json\/wp\/v2\/media?parent=3132"}],"wp:term":[{"taxonomy":"category","embeddable":true,"href":"https:\/\/evertonfc.cz\/index.php\/wp-json\/wp\/v2\/categories?post=3132"},{"taxonomy":"post_tag","embeddable":true,"href":"https:\/\/evertonfc.cz\/index.php\/wp-json\/wp\/v2\/tags?post=3132"}],"curies":[{"name":"wp","href":"https:\/\/api.w.org\/{rel}","templated":true}]}}