{"id":3145,"date":"2017-04-28T19:40:24","date_gmt":"2017-04-28T17:40:24","guid":{"rendered":"http:\/\/evertonfc.cz\/?p=3145"},"modified":"2020-12-12T13:09:55","modified_gmt":"2020-12-12T12:09:55","slug":"preview-everton-chelsea-2","status":"publish","type":"post","link":"https:\/\/evertonfc.cz\/index.php\/2017\/04\/28\/preview-everton-chelsea-2\/","title":{"rendered":"Preview: Everton &#8211; Chelsea"},"content":{"rendered":"<h4 id=\"NewsPostDetailSummary\">Ned\u011bln\u00ed odpoledne stane se, pro mnoh\u00e9 chv\u00edl\u00ed volna, n\u011bkdo si b\u011bh\u00e1 jen tak po lese, jin\u00fd zas zhl\u00e9dne fotbal.<\/h4>\n<div id=\"NewsPostDetailContent\">\n<p>Ji\u0159\u00ed Schelinger mi snad odpust\u00ed men\u0161\u00ed p\u0159ed\u011bl\u00e1vku jeho kultovn\u00ed p\u00edsn\u011b, kter\u00e1 n\u00e1s uvedla do programu 35. kola. Na Goodison Park zav\u00edt\u00e1 Chelsea, nebo-li nejlep\u0161\u00ed mu\u017estvo Premier League.<\/p>\n<p>Lond\u00fdnsk\u00e9ho celku se p\u0159ed sez\u00f3nou ujal italsk\u00fd strat\u00e9g Antonio Conte a p\u0159es v\u0161echny kulturn\u00ed rozd\u00edly si vede nad o\u010dek\u00e1v\u00e1n\u00ed v\u00fdborn\u011b. Po rozpa\u010dit\u00e9m rozjedu zm\u011bnil rozestaven\u00ed na 3-4-3. V\u00fdsledek? Chelsea si p\u011bt utk\u00e1n\u00ed p\u0159ed koncem ligy h\u00fd\u010dk\u00e1 n\u00e1skok \u010dty\u0159 bod\u016f na druh\u00fd Tottenham. V\u00fdhra proti Evertonu by tedy m\u011bla cenu zlata, zvl\u00e1\u0161t\u011b p\u0159i mo\u017en\u00e9 ztr\u00e1t\u011b Spurs, kte\u0159\u00ed vyhl\u00ed\u017e\u00ed derby s Arsenalem.<\/p>\n<p>L\u00edd\u0159i tabulky v \u00fater\u00fd porazili Southampton 4:2. Na dom\u00e1c\u00ed v\u00fdh\u0159e se v\u00fdraznou m\u011brou (jako u\u017e tradi\u010dn\u011b) pod\u00edleli Eden Hazard a po jarn\u00edm hibernaci tak\u00e9 Diego Costa. Brazilsk\u00e9mu rod\u00e1kovi v zim\u011b popletla hlavu lukrativn\u00ed nab\u00eddka z \u010c\u00edny, v jej\u00ed\u017e souvislosti se vyrojily spekulace spojen\u00e9 s Romelem Lukakem. Evertonsk\u00fd kanon\u00fdr je d\u00e1v\u00e1n do souvislosti s letn\u00edm odchodem do Chelsea jako n\u00e1hrada za Costu.<\/p>\n<p>Aby v\u0161ak Lukaku p\u0159esv\u011bd\u010dil o sv\u00fdch schopnostech hr\u00e1t na nejvy\u0161\u0161\u00ed \u00farovni, bude muset zlep\u0161it v\u00fdkony proti top mu\u017estv\u016fm. V leto\u0161n\u00edch 10 z\u00e1pasech proti celk\u016fm z elitn\u00ed \u0161estky vst\u0159elil jen 3 branky (dvakr\u00e1t proti Manchesteru City, jednou proti Tottenhamu).<\/p>\n<p>Ronald Koeman na p\u0159edz\u00e1pasov\u00e9 tiskov\u00e9 konferenci vyj\u00e1d\u0159il nespokojenost s posledn\u00edm duelem na p\u016fd\u011b West Hamu. Laxn\u00ed v\u00fdkon vysv\u011btloval ztr\u00e1tou motivace zap\u0159\u00ed\u010din\u011bnou pohodl\u00edm sedm\u00e9ho m\u00edsta. Se v\u0161\u00edm respektem k\u00a0Hammers \u2013 burcuj\u00edc\u00ed Goodison a siln\u00fd soupe\u0159 snad vr\u00e1t\u00ed chu\u0165 propotit triko.<\/p>\n<p>Mana\u017eer Toffees by mohl zv\u00e1\u017eit zhu\u0161t\u011bn\u00ed z\u00e1lo\u017en\u00ed \u0159\u00e1dy, k \u010demu by vyu\u017eil nasazen\u00ed Garetha Barryho. Ten by ve st\u0159edu pole doplnil Schneiderlina a Ganu. Za tohoto p\u0159edpokladu by se Tom Davies vysunul na ofenzivn\u011bj\u0161\u00ed pozici, nebo usedl na lavi\u010dku. Lze rovn\u011b\u017e o\u010dek\u00e1vat, \u017ee si Maarten Stekelenburg udr\u017e\u00ed m\u00edsto mezi t\u0159emi ty\u010demi. Co se t\u00fd\u010de absenc\u00ed, Evertonu chyb\u00ed u\u017e tradi\u010dn\u00ed marodi Seamus Coleman, Ramiro Funes Mori, James McCarthy, Muhamed Be\u0161i\u0107 a Yannick Bolasie. Chelsea je v pln\u00e9 zbroji.<\/p>\n<p><strong>Co:<\/strong> Everton FC &#8211; Chelsea FC, 35. kolo Premier League<br \/>\n<strong>Kdy:<\/strong> 30. 4. 2017 od 15:05 SE\u010c<br \/>\n<strong>Kde:<\/strong> Goodison Park, Liverpool (kapacita: 40 221)<br \/>\n<strong>Rozhod\u010d\u00ed:<\/strong> Jonathan Moss<\/p>\n<p><strong>COYB!<\/strong><\/p>\n<\/div>\n","protected":false},"excerpt":{"rendered":"<p>Ned\u011bln\u00ed odpoledne stane se, pro mnoh\u00e9 chv\u00edl\u00ed volna, n\u011bkdo si b\u011bh\u00e1 jen tak po lese, jin\u00fd zas zhl\u00e9dne fotbal. Ji\u0159\u00ed&hellip;<\/p>\n","protected":false},"author":6,"featured_media":13143,"comment_status":"open","ping_status":"closed","sticky":false,"template":"","format":"standard","meta":{"_eb_attr":"","_monsterinsights_skip_tracking":false,"_monsterinsights_sitenote_active":false,"_monsterinsights_sitenote_note":"","_monsterinsights_sitenote_category":0,"footnotes":""},"categories":[4],"tags":[],"yoast_head":"<!-- This site is optimized with the Yoast SEO plugin v23.4 - https:\/\/yoast.com\/wordpress\/plugins\/seo\/ -->\n<title>Preview: Everton - Chelsea - Official Czech &amp; Slovak Everton Supporters&#039; Club<\/title>\n<meta name=\"robots\" content=\"index, follow, max-snippet:-1, max-image-preview:large, max-video-preview:-1\" \/>\n<link rel=\"canonical\" href=\"https:\/\/evertonfc.cz\/index.php\/2017\/04\/28\/preview-everton-chelsea-2\/\" \/>\n<meta property=\"og:locale\" content=\"cs_CZ\" \/>\n<meta property=\"og:type\" content=\"article\" \/>\n<meta property=\"og:title\" content=\"Preview: Everton - Chelsea - Official Czech &amp; Slovak Everton Supporters&#039; Club\" \/>\n<meta property=\"og:description\" content=\"Ned\u011bln\u00ed odpoledne stane se, pro mnoh\u00e9 chv\u00edl\u00ed volna, n\u011bkdo si b\u011bh\u00e1 jen tak po lese, jin\u00fd zas zhl\u00e9dne fotbal. Ji\u0159\u00ed&hellip;\" \/>\n<meta property=\"og:url\" content=\"https:\/\/evertonfc.cz\/index.php\/2017\/04\/28\/preview-everton-chelsea-2\/\" \/>\n<meta property=\"og:site_name\" content=\"Official Czech &amp; Slovak Everton Supporters&#039; Club\" \/>\n<meta property=\"article:publisher\" content=\"https:\/\/www.facebook.com\/everton.fans.cz.sk\" \/>\n<meta property=\"article:published_time\" content=\"2017-04-28T17:40:24+00:00\" \/>\n<meta property=\"article:modified_time\" content=\"2020-12-12T12:09:55+00:00\" \/>\n<meta property=\"og:image\" content=\"https:\/\/evertonfc.cz\/wp-content\/uploads\/2020\/12\/Everton-VS-Chelsea.jpg\" \/>\n\t<meta property=\"og:image:width\" content=\"720\" \/>\n\t<meta property=\"og:image:height\" content=\"405\" \/>\n\t<meta property=\"og:image:type\" content=\"image\/jpeg\" \/>\n<meta name=\"author\" content=\"Ri\u010di\" \/>\n<meta name=\"twitter:card\" content=\"summary_large_image\" \/>\n<meta name=\"twitter:creator\" content=\"@rbrejsa\" \/>\n<meta name=\"twitter:label1\" content=\"Napsal(a)\" \/>\n\t<meta name=\"twitter:data1\" content=\"Ri\u010di\" \/>\n\t<meta name=\"twitter:label2\" content=\"Odhadovan\u00e1 doba \u010dten\u00ed\" \/>\n\t<meta name=\"twitter:data2\" content=\"2 minuty\" \/>\n<script type=\"application\/ld+json\" class=\"yoast-schema-graph\">{\"@context\":\"https:\/\/schema.org\",\"@graph\":[{\"@type\":\"Article\",\"@id\":\"https:\/\/evertonfc.cz\/index.php\/2017\/04\/28\/preview-everton-chelsea-2\/#article\",\"isPartOf\":{\"@id\":\"https:\/\/evertonfc.cz\/index.php\/2017\/04\/28\/preview-everton-chelsea-2\/\"},\"author\":{\"name\":\"Ri\u010di\",\"@id\":\"https:\/\/evertonfc.cz\/#\/schema\/person\/f7a5daedb2ffee98480bc70e191aaef1\"},\"headline\":\"Preview: Everton &#8211; Chelsea\",\"datePublished\":\"2017-04-28T17:40:24+00:00\",\"dateModified\":\"2020-12-12T12:09:55+00:00\",\"mainEntityOfPage\":{\"@id\":\"https:\/\/evertonfc.cz\/index.php\/2017\/04\/28\/preview-everton-chelsea-2\/\"},\"wordCount\":452,\"commentCount\":0,\"publisher\":{\"@id\":\"https:\/\/evertonfc.cz\/#organization\"},\"image\":{\"@id\":\"https:\/\/evertonfc.cz\/index.php\/2017\/04\/28\/preview-everton-chelsea-2\/#primaryimage\"},\"thumbnailUrl\":\"https:\/\/evertonfc.cz\/wp-content\/uploads\/2020\/12\/Everton-VS-Chelsea.jpg\",\"articleSection\":[\"Z\u00e1pasy\"],\"inLanguage\":\"cs\",\"potentialAction\":[{\"@type\":\"CommentAction\",\"name\":\"Comment\",\"target\":[\"https:\/\/evertonfc.cz\/index.php\/2017\/04\/28\/preview-everton-chelsea-2\/#respond\"]}]},{\"@type\":\"WebPage\",\"@id\":\"https:\/\/evertonfc.cz\/index.php\/2017\/04\/28\/preview-everton-chelsea-2\/\",\"url\":\"https:\/\/evertonfc.cz\/index.php\/2017\/04\/28\/preview-everton-chelsea-2\/\",\"name\":\"Preview: Everton - Chelsea - Official Czech &amp; Slovak Everton Supporters&#039; Club\",\"isPartOf\":{\"@id\":\"https:\/\/evertonfc.cz\/#website\"},\"primaryImageOfPage\":{\"@id\":\"https:\/\/evertonfc.cz\/index.php\/2017\/04\/28\/preview-everton-chelsea-2\/#primaryimage\"},\"image\":{\"@id\":\"https:\/\/evertonfc.cz\/index.php\/2017\/04\/28\/preview-everton-chelsea-2\/#primaryimage\"},\"thumbnailUrl\":\"https:\/\/evertonfc.cz\/wp-content\/uploads\/2020\/12\/Everton-VS-Chelsea.jpg\",\"datePublished\":\"2017-04-28T17:40:24+00:00\",\"dateModified\":\"2020-12-12T12:09:55+00:00\",\"breadcrumb\":{\"@id\":\"https:\/\/evertonfc.cz\/index.php\/2017\/04\/28\/preview-everton-chelsea-2\/#breadcrumb\"},\"inLanguage\":\"cs\",\"potentialAction\":[{\"@type\":\"ReadAction\",\"target\":[\"https:\/\/evertonfc.cz\/index.php\/2017\/04\/28\/preview-everton-chelsea-2\/\"]}]},{\"@type\":\"ImageObject\",\"inLanguage\":\"cs\",\"@id\":\"https:\/\/evertonfc.cz\/index.php\/2017\/04\/28\/preview-everton-chelsea-2\/#primaryimage\",\"url\":\"https:\/\/evertonfc.cz\/wp-content\/uploads\/2020\/12\/Everton-VS-Chelsea.jpg\",\"contentUrl\":\"https:\/\/evertonfc.cz\/wp-content\/uploads\/2020\/12\/Everton-VS-Chelsea.jpg\",\"width\":720,\"height\":405},{\"@type\":\"BreadcrumbList\",\"@id\":\"https:\/\/evertonfc.cz\/index.php\/2017\/04\/28\/preview-everton-chelsea-2\/#breadcrumb\",\"itemListElement\":[{\"@type\":\"ListItem\",\"position\":1,\"name\":\"Home\",\"item\":\"https:\/\/evertonfc.cz\/\"},{\"@type\":\"ListItem\",\"position\":2,\"name\":\"Preview: Everton &#8211; Chelsea\"}]},{\"@type\":\"WebSite\",\"@id\":\"https:\/\/evertonfc.cz\/#website\",\"url\":\"https:\/\/evertonfc.cz\/\",\"name\":\"Official Czech &amp; Slovak Everton Supporters&#039; Club\",\"description\":\"\",\"publisher\":{\"@id\":\"https:\/\/evertonfc.cz\/#organization\"},\"potentialAction\":[{\"@type\":\"SearchAction\",\"target\":{\"@type\":\"EntryPoint\",\"urlTemplate\":\"https:\/\/evertonfc.cz\/?s={search_term_string}\"},\"query-input\":{\"@type\":\"PropertyValueSpecification\",\"valueRequired\":true,\"valueName\":\"search_term_string\"}}],\"inLanguage\":\"cs\"},{\"@type\":\"Organization\",\"@id\":\"https:\/\/evertonfc.cz\/#organization\",\"name\":\"Official Czech & Slovak Everton Supporters' Club\",\"url\":\"https:\/\/evertonfc.cz\/\",\"logo\":{\"@type\":\"ImageObject\",\"inLanguage\":\"cs\",\"@id\":\"https:\/\/evertonfc.cz\/#\/schema\/logo\/image\/\",\"url\":\"https:\/\/evertonfc.cz\/wp-content\/uploads\/2019\/05\/logo.png\",\"contentUrl\":\"https:\/\/evertonfc.cz\/wp-content\/uploads\/2019\/05\/logo.png\",\"width\":112,\"height\":112,\"caption\":\"Official Czech & Slovak Everton Supporters' Club\"},\"image\":{\"@id\":\"https:\/\/evertonfc.cz\/#\/schema\/logo\/image\/\"},\"sameAs\":[\"https:\/\/www.facebook.com\/everton.fans.cz.sk\"]},{\"@type\":\"Person\",\"@id\":\"https:\/\/evertonfc.cz\/#\/schema\/person\/f7a5daedb2ffee98480bc70e191aaef1\",\"name\":\"Ri\u010di\",\"sameAs\":[\"https:\/\/x.com\/rbrejsa\"],\"url\":\"https:\/\/evertonfc.cz\/index.php\/author\/rici\/\"}]}<\/script>\n<!-- \/ Yoast SEO plugin. -->","yoast_head_json":{"title":"Preview: Everton - Chelsea - Official Czech &amp; Slovak Everton Supporters&#039; Club","robots":{"index":"index","follow":"follow","max-snippet":"max-snippet:-1","max-image-preview":"max-image-preview:large","max-video-preview":"max-video-preview:-1"},"canonical":"https:\/\/evertonfc.cz\/index.php\/2017\/04\/28\/preview-everton-chelsea-2\/","og_locale":"cs_CZ","og_type":"article","og_title":"Preview: Everton - Chelsea - Official Czech &amp; Slovak Everton Supporters&#039; Club","og_description":"Ned\u011bln\u00ed odpoledne stane se, pro mnoh\u00e9 chv\u00edl\u00ed volna, n\u011bkdo si b\u011bh\u00e1 jen tak po lese, jin\u00fd zas zhl\u00e9dne fotbal. Ji\u0159\u00ed&hellip;","og_url":"https:\/\/evertonfc.cz\/index.php\/2017\/04\/28\/preview-everton-chelsea-2\/","og_site_name":"Official Czech &amp; Slovak Everton Supporters&#039; Club","article_publisher":"https:\/\/www.facebook.com\/everton.fans.cz.sk","article_published_time":"2017-04-28T17:40:24+00:00","article_modified_time":"2020-12-12T12:09:55+00:00","og_image":[{"width":720,"height":405,"url":"https:\/\/evertonfc.cz\/wp-content\/uploads\/2020\/12\/Everton-VS-Chelsea.jpg","type":"image\/jpeg"}],"author":"Ri\u010di","twitter_card":"summary_large_image","twitter_creator":"@rbrejsa","twitter_misc":{"Napsal(a)":"Ri\u010di","Odhadovan\u00e1 doba \u010dten\u00ed":"2 minuty"},"schema":{"@context":"https:\/\/schema.org","@graph":[{"@type":"Article","@id":"https:\/\/evertonfc.cz\/index.php\/2017\/04\/28\/preview-everton-chelsea-2\/#article","isPartOf":{"@id":"https:\/\/evertonfc.cz\/index.php\/2017\/04\/28\/preview-everton-chelsea-2\/"},"author":{"name":"Ri\u010di","@id":"https:\/\/evertonfc.cz\/#\/schema\/person\/f7a5daedb2ffee98480bc70e191aaef1"},"headline":"Preview: Everton &#8211; Chelsea","datePublished":"2017-04-28T17:40:24+00:00","dateModified":"2020-12-12T12:09:55+00:00","mainEntityOfPage":{"@id":"https:\/\/evertonfc.cz\/index.php\/2017\/04\/28\/preview-everton-chelsea-2\/"},"wordCount":452,"commentCount":0,"publisher":{"@id":"https:\/\/evertonfc.cz\/#organization"},"image":{"@id":"https:\/\/evertonfc.cz\/index.php\/2017\/04\/28\/preview-everton-chelsea-2\/#primaryimage"},"thumbnailUrl":"https:\/\/evertonfc.cz\/wp-content\/uploads\/2020\/12\/Everton-VS-Chelsea.jpg","articleSection":["Z\u00e1pasy"],"inLanguage":"cs","potentialAction":[{"@type":"CommentAction","name":"Comment","target":["https:\/\/evertonfc.cz\/index.php\/2017\/04\/28\/preview-everton-chelsea-2\/#respond"]}]},{"@type":"WebPage","@id":"https:\/\/evertonfc.cz\/index.php\/2017\/04\/28\/preview-everton-chelsea-2\/","url":"https:\/\/evertonfc.cz\/index.php\/2017\/04\/28\/preview-everton-chelsea-2\/","name":"Preview: Everton - Chelsea - Official Czech &amp; Slovak Everton Supporters&#039; Club","isPartOf":{"@id":"https:\/\/evertonfc.cz\/#website"},"primaryImageOfPage":{"@id":"https:\/\/evertonfc.cz\/index.php\/2017\/04\/28\/preview-everton-chelsea-2\/#primaryimage"},"image":{"@id":"https:\/\/evertonfc.cz\/index.php\/2017\/04\/28\/preview-everton-chelsea-2\/#primaryimage"},"thumbnailUrl":"https:\/\/evertonfc.cz\/wp-content\/uploads\/2020\/12\/Everton-VS-Chelsea.jpg","datePublished":"2017-04-28T17:40:24+00:00","dateModified":"2020-12-12T12:09:55+00:00","breadcrumb":{"@id":"https:\/\/evertonfc.cz\/index.php\/2017\/04\/28\/preview-everton-chelsea-2\/#breadcrumb"},"inLanguage":"cs","potentialAction":[{"@type":"ReadAction","target":["https:\/\/evertonfc.cz\/index.php\/2017\/04\/28\/preview-everton-chelsea-2\/"]}]},{"@type":"ImageObject","inLanguage":"cs","@id":"https:\/\/evertonfc.cz\/index.php\/2017\/04\/28\/preview-everton-chelsea-2\/#primaryimage","url":"https:\/\/evertonfc.cz\/wp-content\/uploads\/2020\/12\/Everton-VS-Chelsea.jpg","contentUrl":"https:\/\/evertonfc.cz\/wp-content\/uploads\/2020\/12\/Everton-VS-Chelsea.jpg","width":720,"height":405},{"@type":"BreadcrumbList","@id":"https:\/\/evertonfc.cz\/index.php\/2017\/04\/28\/preview-everton-chelsea-2\/#breadcrumb","itemListElement":[{"@type":"ListItem","position":1,"name":"Home","item":"https:\/\/evertonfc.cz\/"},{"@type":"ListItem","position":2,"name":"Preview: Everton &#8211; Chelsea"}]},{"@type":"WebSite","@id":"https:\/\/evertonfc.cz\/#website","url":"https:\/\/evertonfc.cz\/","name":"Official Czech &amp; Slovak Everton Supporters&#039; Club","description":"","publisher":{"@id":"https:\/\/evertonfc.cz\/#organization"},"potentialAction":[{"@type":"SearchAction","target":{"@type":"EntryPoint","urlTemplate":"https:\/\/evertonfc.cz\/?s={search_term_string}"},"query-input":{"@type":"PropertyValueSpecification","valueRequired":true,"valueName":"search_term_string"}}],"inLanguage":"cs"},{"@type":"Organization","@id":"https:\/\/evertonfc.cz\/#organization","name":"Official Czech & Slovak Everton Supporters' Club","url":"https:\/\/evertonfc.cz\/","logo":{"@type":"ImageObject","inLanguage":"cs","@id":"https:\/\/evertonfc.cz\/#\/schema\/logo\/image\/","url":"https:\/\/evertonfc.cz\/wp-content\/uploads\/2019\/05\/logo.png","contentUrl":"https:\/\/evertonfc.cz\/wp-content\/uploads\/2019\/05\/logo.png","width":112,"height":112,"caption":"Official Czech & Slovak Everton Supporters' Club"},"image":{"@id":"https:\/\/evertonfc.cz\/#\/schema\/logo\/image\/"},"sameAs":["https:\/\/www.facebook.com\/everton.fans.cz.sk"]},{"@type":"Person","@id":"https:\/\/evertonfc.cz\/#\/schema\/person\/f7a5daedb2ffee98480bc70e191aaef1","name":"Ri\u010di","sameAs":["https:\/\/x.com\/rbrejsa"],"url":"https:\/\/evertonfc.cz\/index.php\/author\/rici\/"}]}},"_links":{"self":[{"href":"https:\/\/evertonfc.cz\/index.php\/wp-json\/wp\/v2\/posts\/3145"}],"collection":[{"href":"https:\/\/evertonfc.cz\/index.php\/wp-json\/wp\/v2\/posts"}],"about":[{"href":"https:\/\/evertonfc.cz\/index.php\/wp-json\/wp\/v2\/types\/post"}],"author":[{"embeddable":true,"href":"https:\/\/evertonfc.cz\/index.php\/wp-json\/wp\/v2\/users\/6"}],"replies":[{"embeddable":true,"href":"https:\/\/evertonfc.cz\/index.php\/wp-json\/wp\/v2\/comments?post=3145"}],"version-history":[{"count":1,"href":"https:\/\/evertonfc.cz\/index.php\/wp-json\/wp\/v2\/posts\/3145\/revisions"}],"predecessor-version":[{"id":3150,"href":"https:\/\/evertonfc.cz\/index.php\/wp-json\/wp\/v2\/posts\/3145\/revisions\/3150"}],"wp:featuredmedia":[{"embeddable":true,"href":"https:\/\/evertonfc.cz\/index.php\/wp-json\/wp\/v2\/media\/13143"}],"wp:attachment":[{"href":"https:\/\/evertonfc.cz\/index.php\/wp-json\/wp\/v2\/media?parent=3145"}],"wp:term":[{"taxonomy":"category","embeddable":true,"href":"https:\/\/evertonfc.cz\/index.php\/wp-json\/wp\/v2\/categories?post=3145"},{"taxonomy":"post_tag","embeddable":true,"href":"https:\/\/evertonfc.cz\/index.php\/wp-json\/wp\/v2\/tags?post=3145"}],"curies":[{"name":"wp","href":"https:\/\/api.w.org\/{rel}","templated":true}]}}