{"id":3152,"date":"2017-03-31T19:45:17","date_gmt":"2017-03-31T17:45:17","guid":{"rendered":"http:\/\/evertonfc.cz\/?p=3152"},"modified":"2021-02-20T11:46:30","modified_gmt":"2021-02-20T10:46:30","slug":"preview-liverpool-everton-3","status":"publish","type":"post","link":"https:\/\/evertonfc.cz\/index.php\/2017\/03\/31\/preview-liverpool-everton-3\/","title":{"rendered":"Preview: Liverpool &#8211; Everton"},"content":{"rendered":"<h4 id=\"NewsPostDetailSummary\"><em>\u201eNevid\u00edm d\u016fvod, pro\u010d bychom se m\u011bli b\u00e1t Liverpoolu,\u201c\u00a0<\/em>prozradil na tiskov\u00e9 konferenci mana\u017eer Ronald Koeman.<\/h4>\n<div id=\"NewsPostDetailContent\">\n<p>Po n\u011bkolika letech je s\u00edla obou mu\u017estev p\u0159ibli\u017en\u011b na stejn\u00e9 \u00farovni. Sedm\u00fd Everton ztr\u00e1c\u00ed na \u010dtvrt\u00fd Liverpool \u0161est bod\u016f a v prosp\u011bch Toffees hraje skv\u011bl\u00e1 moment\u00e1ln\u00ed forma. Od nov\u00e9ho roku v\u00a0lize nenajdete lep\u0161\u00ed mu\u017estvo.<\/p>\n<p>Liverpool odstartoval sez\u00f3nu ve velk\u00e9m stylu a n\u00e1tlakov\u00fd fotbal J\u00fcrgena Kloppa slavil \u00fasp\u011bch. N\u011bmec i s n\u011bkolika pochybn\u00fdmi kop\u00e1\u010di v sestav\u011b dlouho setrv\u00e1val na \u010dele tabulky. Klopp ale podcenil n\u00e1ro\u010dnost ostrovn\u00edho fotbalu a v zimn\u00edch m\u011bs\u00edc\u00edch doplatil na d\u0159\u00edv\u011bj\u0161\u00ed neochotu operovat se \u0161ir\u0161\u00edm k\u00e1drem. Dostavila se \u00fanava a v\u00fdsledkem je boj o \u010dtvrt\u00e9 m\u00edsto, kter\u00e9 v konkurenci Arsenalu a Manchesteru United (\u010di je\u0161t\u011b n\u011bkoho dal\u0161\u00edho?) nen\u00ed samoz\u0159ejmost\u00ed.<\/p>\n<p>LFC bude postr\u00e1dat jednoho dobr\u00e9ho st\u0159edopola\u0159e Adama Lallanu a jednoho pr\u016fm\u011brn\u00e9ho st\u0159edopola\u0159e Jordana Hendersona. \u0160anci na start m\u00e1 tak legend\u00e1rn\u00ed dribl\u00e9r Lucas, krout\u00edc\u00ed posledn\u00ed p\u016flrok desetilet\u00e9ho anga\u017em\u00e1 v klubu. Chyb\u00ed pochopiteln\u011b tak\u00e9 marod Daniel Sturridge.<\/p>\n<p>N\u00e1ladu v t\u00e1bo\u0159e Evertonu trochu srazila reprezenta\u010dn\u00ed p\u0159est\u00e1vka. P\u0159\u00e1n\u00ed k brzk\u00e9mu uzdraven\u00ed sm\u011b\u0159uj\u00ed k Seamusovi Colemanovi, jen\u017e bude zlomeninu nohy l\u00e9\u010dit \u0161est a\u017e dev\u011bt m\u011bs\u00edc\u016f. Zran\u011bn\u00e9 koleno Ramira Funese Moriho si vy\u017e\u00e1d\u00e1 operaci a Argentinec si u\u017e do konce sez\u00f3ny nezahraje. Pro sobotn\u00ed z\u00e1pas Colemana nahrad\u00ed Mason Holgate a Funese Moriho zastoup\u00ed kapit\u00e1n Jagielka.\u00a0Ve zbytku ro\u010dn\u00edku potom \u0161anci dostanou i mlad\u00edc\u00ed z \u00fasp\u011b\u0161n\u00e9 U23 \u2013 stoper Matthew Pennington a prav\u00fd obr\u00e1nce Jonjoe Kenny.<\/p>\n<p>St\u0159edn\u00ed obrana ve slo\u017een\u00ed Jagielka, Williams a jej\u00ed omezen\u00e1 pohyblivost by mohly b\u00fdt onou Achillovou patou Evertonu, zvl\u00e1\u0161\u0165 kdy\u017e soupe\u0159 vyrukuje s\u00a0\u00fato\u010dn\u00fdm triem Man\u00e9, Firmino, Coutinho. V z\u00e1lo\u017en\u00ed \u0159ad\u011b nav\u00edc tempu nemus\u00ed st\u00edhat Gareth Barry, jeho\u017e start se p\u0159i absenci Schneiderlina a McCarthyho rovn\u00e1 jistot\u011b. Kdo v ofenziv\u011b dopln\u00ed Barkleyho a Lukaka je t\u00e9\u017e ot\u00e1zkou. Rozhodne se mezi Mirallasem a Calvertem-Lewinem.<\/p>\n<p>Poda\u0159\u00ed se kone\u010dn\u011b zlomit 17,5 let starou kletbu Anfieldu? Prvn\u00edho apr\u00edla zn\u00ed jako vhodn\u00e9 datum.<\/p>\n<p><strong>P\u0159edpokl\u00e1dan\u00e1 sestava &#8211; Liverpool:<\/strong> Mignolet &#8211; Clyne, Matip, Lovren, Milner &#8211; Wijnaldum, Can, Lucas &#8211; Man\u00e9, Firmino, Coutinho.<\/p>\n<p><strong>P\u0159edpokl\u00e1dan\u00e1 sestava &#8211; Everton:<\/strong> Robles &#8211; Holgate, Jagielka, Williams, Baines &#8211; Barry, Gueye, Davies &#8211; Barkley, Mirallas &#8211; Lukaku.<\/p>\n<p><strong>Co:<\/strong> Liverpool FC &#8211; Everton FC, 30. kolo Premier League<br \/>\n<strong>Kdy:<\/strong> 1. 4. od 13:30 SE\u010c<br \/>\n<strong>Kde:<\/strong> Anfield, Liverpool (kapacita: 54 074)<br \/>\n<strong>Rozhod\u010d\u00ed:<\/strong> Anthony Taylor<\/p>\n<\/div>\n","protected":false},"excerpt":{"rendered":"<p>\u201eNevid\u00edm d\u016fvod, pro\u010d bychom se m\u011bli b\u00e1t Liverpoolu,\u201c\u00a0prozradil na tiskov\u00e9 konferenci mana\u017eer Ronald Koeman.<\/p>\n","protected":false},"author":6,"featured_media":14233,"comment_status":"open","ping_status":"closed","sticky":false,"template":"","format":"standard","meta":{"_eb_attr":"","_monsterinsights_skip_tracking":false,"_monsterinsights_sitenote_active":false,"_monsterinsights_sitenote_note":"","_monsterinsights_sitenote_category":0,"footnotes":""},"categories":[4],"tags":[],"yoast_head":"<!-- This site is optimized with the Yoast SEO plugin v23.4 - https:\/\/yoast.com\/wordpress\/plugins\/seo\/ -->\n<title>Preview: Liverpool - Everton - Official Czech &amp; Slovak Everton Supporters&#039; Club<\/title>\n<meta name=\"robots\" content=\"index, follow, max-snippet:-1, max-image-preview:large, max-video-preview:-1\" \/>\n<link rel=\"canonical\" href=\"https:\/\/evertonfc.cz\/index.php\/2017\/03\/31\/preview-liverpool-everton-3\/\" \/>\n<meta property=\"og:locale\" content=\"cs_CZ\" \/>\n<meta property=\"og:type\" content=\"article\" \/>\n<meta property=\"og:title\" content=\"Preview: Liverpool - Everton - Official Czech &amp; Slovak Everton Supporters&#039; Club\" \/>\n<meta property=\"og:description\" content=\"\u201eNevid\u00edm d\u016fvod, pro\u010d bychom se m\u011bli b\u00e1t Liverpoolu,\u201c\u00a0prozradil na tiskov\u00e9 konferenci mana\u017eer Ronald Koeman.\" \/>\n<meta property=\"og:url\" content=\"https:\/\/evertonfc.cz\/index.php\/2017\/03\/31\/preview-liverpool-everton-3\/\" \/>\n<meta property=\"og:site_name\" content=\"Official Czech &amp; Slovak Everton Supporters&#039; Club\" \/>\n<meta property=\"article:publisher\" content=\"https:\/\/www.facebook.com\/everton.fans.cz.sk\" \/>\n<meta property=\"article:published_time\" content=\"2017-03-31T17:45:17+00:00\" \/>\n<meta property=\"article:modified_time\" content=\"2021-02-20T10:46:30+00:00\" \/>\n<meta property=\"og:image\" content=\"https:\/\/evertonfc.cz\/wp-content\/uploads\/2021\/02\/Liverpool-VS-Everton.jpg\" \/>\n\t<meta property=\"og:image:width\" content=\"720\" \/>\n\t<meta property=\"og:image:height\" content=\"405\" \/>\n\t<meta property=\"og:image:type\" content=\"image\/jpeg\" \/>\n<meta name=\"author\" content=\"Ri\u010di\" \/>\n<meta name=\"twitter:card\" content=\"summary_large_image\" \/>\n<meta name=\"twitter:creator\" content=\"@rbrejsa\" \/>\n<meta name=\"twitter:label1\" content=\"Napsal(a)\" \/>\n\t<meta name=\"twitter:data1\" content=\"Ri\u010di\" \/>\n\t<meta name=\"twitter:label2\" content=\"Odhadovan\u00e1 doba \u010dten\u00ed\" \/>\n\t<meta name=\"twitter:data2\" content=\"2 minuty\" \/>\n<script type=\"application\/ld+json\" class=\"yoast-schema-graph\">{\"@context\":\"https:\/\/schema.org\",\"@graph\":[{\"@type\":\"Article\",\"@id\":\"https:\/\/evertonfc.cz\/index.php\/2017\/03\/31\/preview-liverpool-everton-3\/#article\",\"isPartOf\":{\"@id\":\"https:\/\/evertonfc.cz\/index.php\/2017\/03\/31\/preview-liverpool-everton-3\/\"},\"author\":{\"name\":\"Ri\u010di\",\"@id\":\"https:\/\/evertonfc.cz\/#\/schema\/person\/f7a5daedb2ffee98480bc70e191aaef1\"},\"headline\":\"Preview: Liverpool &#8211; Everton\",\"datePublished\":\"2017-03-31T17:45:17+00:00\",\"dateModified\":\"2021-02-20T10:46:30+00:00\",\"mainEntityOfPage\":{\"@id\":\"https:\/\/evertonfc.cz\/index.php\/2017\/03\/31\/preview-liverpool-everton-3\/\"},\"wordCount\":460,\"commentCount\":0,\"publisher\":{\"@id\":\"https:\/\/evertonfc.cz\/#organization\"},\"image\":{\"@id\":\"https:\/\/evertonfc.cz\/index.php\/2017\/03\/31\/preview-liverpool-everton-3\/#primaryimage\"},\"thumbnailUrl\":\"https:\/\/evertonfc.cz\/wp-content\/uploads\/2021\/02\/Liverpool-VS-Everton.jpg\",\"articleSection\":[\"Z\u00e1pasy\"],\"inLanguage\":\"cs\",\"potentialAction\":[{\"@type\":\"CommentAction\",\"name\":\"Comment\",\"target\":[\"https:\/\/evertonfc.cz\/index.php\/2017\/03\/31\/preview-liverpool-everton-3\/#respond\"]}]},{\"@type\":\"WebPage\",\"@id\":\"https:\/\/evertonfc.cz\/index.php\/2017\/03\/31\/preview-liverpool-everton-3\/\",\"url\":\"https:\/\/evertonfc.cz\/index.php\/2017\/03\/31\/preview-liverpool-everton-3\/\",\"name\":\"Preview: Liverpool - Everton - Official Czech &amp; Slovak Everton Supporters&#039; Club\",\"isPartOf\":{\"@id\":\"https:\/\/evertonfc.cz\/#website\"},\"primaryImageOfPage\":{\"@id\":\"https:\/\/evertonfc.cz\/index.php\/2017\/03\/31\/preview-liverpool-everton-3\/#primaryimage\"},\"image\":{\"@id\":\"https:\/\/evertonfc.cz\/index.php\/2017\/03\/31\/preview-liverpool-everton-3\/#primaryimage\"},\"thumbnailUrl\":\"https:\/\/evertonfc.cz\/wp-content\/uploads\/2021\/02\/Liverpool-VS-Everton.jpg\",\"datePublished\":\"2017-03-31T17:45:17+00:00\",\"dateModified\":\"2021-02-20T10:46:30+00:00\",\"breadcrumb\":{\"@id\":\"https:\/\/evertonfc.cz\/index.php\/2017\/03\/31\/preview-liverpool-everton-3\/#breadcrumb\"},\"inLanguage\":\"cs\",\"potentialAction\":[{\"@type\":\"ReadAction\",\"target\":[\"https:\/\/evertonfc.cz\/index.php\/2017\/03\/31\/preview-liverpool-everton-3\/\"]}]},{\"@type\":\"ImageObject\",\"inLanguage\":\"cs\",\"@id\":\"https:\/\/evertonfc.cz\/index.php\/2017\/03\/31\/preview-liverpool-everton-3\/#primaryimage\",\"url\":\"https:\/\/evertonfc.cz\/wp-content\/uploads\/2021\/02\/Liverpool-VS-Everton.jpg\",\"contentUrl\":\"https:\/\/evertonfc.cz\/wp-content\/uploads\/2021\/02\/Liverpool-VS-Everton.jpg\",\"width\":720,\"height\":405},{\"@type\":\"BreadcrumbList\",\"@id\":\"https:\/\/evertonfc.cz\/index.php\/2017\/03\/31\/preview-liverpool-everton-3\/#breadcrumb\",\"itemListElement\":[{\"@type\":\"ListItem\",\"position\":1,\"name\":\"Home\",\"item\":\"https:\/\/evertonfc.cz\/\"},{\"@type\":\"ListItem\",\"position\":2,\"name\":\"Preview: Liverpool &#8211; Everton\"}]},{\"@type\":\"WebSite\",\"@id\":\"https:\/\/evertonfc.cz\/#website\",\"url\":\"https:\/\/evertonfc.cz\/\",\"name\":\"Official Czech &amp; Slovak Everton Supporters&#039; Club\",\"description\":\"\",\"publisher\":{\"@id\":\"https:\/\/evertonfc.cz\/#organization\"},\"potentialAction\":[{\"@type\":\"SearchAction\",\"target\":{\"@type\":\"EntryPoint\",\"urlTemplate\":\"https:\/\/evertonfc.cz\/?s={search_term_string}\"},\"query-input\":{\"@type\":\"PropertyValueSpecification\",\"valueRequired\":true,\"valueName\":\"search_term_string\"}}],\"inLanguage\":\"cs\"},{\"@type\":\"Organization\",\"@id\":\"https:\/\/evertonfc.cz\/#organization\",\"name\":\"Official Czech & Slovak Everton Supporters' Club\",\"url\":\"https:\/\/evertonfc.cz\/\",\"logo\":{\"@type\":\"ImageObject\",\"inLanguage\":\"cs\",\"@id\":\"https:\/\/evertonfc.cz\/#\/schema\/logo\/image\/\",\"url\":\"https:\/\/evertonfc.cz\/wp-content\/uploads\/2019\/05\/logo.png\",\"contentUrl\":\"https:\/\/evertonfc.cz\/wp-content\/uploads\/2019\/05\/logo.png\",\"width\":112,\"height\":112,\"caption\":\"Official Czech & Slovak Everton Supporters' Club\"},\"image\":{\"@id\":\"https:\/\/evertonfc.cz\/#\/schema\/logo\/image\/\"},\"sameAs\":[\"https:\/\/www.facebook.com\/everton.fans.cz.sk\"]},{\"@type\":\"Person\",\"@id\":\"https:\/\/evertonfc.cz\/#\/schema\/person\/f7a5daedb2ffee98480bc70e191aaef1\",\"name\":\"Ri\u010di\",\"sameAs\":[\"https:\/\/x.com\/rbrejsa\"],\"url\":\"https:\/\/evertonfc.cz\/index.php\/author\/rici\/\"}]}<\/script>\n<!-- \/ Yoast SEO plugin. -->","yoast_head_json":{"title":"Preview: Liverpool - Everton - Official Czech &amp; Slovak Everton Supporters&#039; Club","robots":{"index":"index","follow":"follow","max-snippet":"max-snippet:-1","max-image-preview":"max-image-preview:large","max-video-preview":"max-video-preview:-1"},"canonical":"https:\/\/evertonfc.cz\/index.php\/2017\/03\/31\/preview-liverpool-everton-3\/","og_locale":"cs_CZ","og_type":"article","og_title":"Preview: Liverpool - Everton - Official Czech &amp; Slovak Everton Supporters&#039; Club","og_description":"\u201eNevid\u00edm d\u016fvod, pro\u010d bychom se m\u011bli b\u00e1t Liverpoolu,\u201c\u00a0prozradil na tiskov\u00e9 konferenci mana\u017eer Ronald Koeman.","og_url":"https:\/\/evertonfc.cz\/index.php\/2017\/03\/31\/preview-liverpool-everton-3\/","og_site_name":"Official Czech &amp; Slovak Everton Supporters&#039; Club","article_publisher":"https:\/\/www.facebook.com\/everton.fans.cz.sk","article_published_time":"2017-03-31T17:45:17+00:00","article_modified_time":"2021-02-20T10:46:30+00:00","og_image":[{"width":720,"height":405,"url":"https:\/\/evertonfc.cz\/wp-content\/uploads\/2021\/02\/Liverpool-VS-Everton.jpg","type":"image\/jpeg"}],"author":"Ri\u010di","twitter_card":"summary_large_image","twitter_creator":"@rbrejsa","twitter_misc":{"Napsal(a)":"Ri\u010di","Odhadovan\u00e1 doba \u010dten\u00ed":"2 minuty"},"schema":{"@context":"https:\/\/schema.org","@graph":[{"@type":"Article","@id":"https:\/\/evertonfc.cz\/index.php\/2017\/03\/31\/preview-liverpool-everton-3\/#article","isPartOf":{"@id":"https:\/\/evertonfc.cz\/index.php\/2017\/03\/31\/preview-liverpool-everton-3\/"},"author":{"name":"Ri\u010di","@id":"https:\/\/evertonfc.cz\/#\/schema\/person\/f7a5daedb2ffee98480bc70e191aaef1"},"headline":"Preview: Liverpool &#8211; Everton","datePublished":"2017-03-31T17:45:17+00:00","dateModified":"2021-02-20T10:46:30+00:00","mainEntityOfPage":{"@id":"https:\/\/evertonfc.cz\/index.php\/2017\/03\/31\/preview-liverpool-everton-3\/"},"wordCount":460,"commentCount":0,"publisher":{"@id":"https:\/\/evertonfc.cz\/#organization"},"image":{"@id":"https:\/\/evertonfc.cz\/index.php\/2017\/03\/31\/preview-liverpool-everton-3\/#primaryimage"},"thumbnailUrl":"https:\/\/evertonfc.cz\/wp-content\/uploads\/2021\/02\/Liverpool-VS-Everton.jpg","articleSection":["Z\u00e1pasy"],"inLanguage":"cs","potentialAction":[{"@type":"CommentAction","name":"Comment","target":["https:\/\/evertonfc.cz\/index.php\/2017\/03\/31\/preview-liverpool-everton-3\/#respond"]}]},{"@type":"WebPage","@id":"https:\/\/evertonfc.cz\/index.php\/2017\/03\/31\/preview-liverpool-everton-3\/","url":"https:\/\/evertonfc.cz\/index.php\/2017\/03\/31\/preview-liverpool-everton-3\/","name":"Preview: Liverpool - Everton - Official Czech &amp; Slovak Everton Supporters&#039; Club","isPartOf":{"@id":"https:\/\/evertonfc.cz\/#website"},"primaryImageOfPage":{"@id":"https:\/\/evertonfc.cz\/index.php\/2017\/03\/31\/preview-liverpool-everton-3\/#primaryimage"},"image":{"@id":"https:\/\/evertonfc.cz\/index.php\/2017\/03\/31\/preview-liverpool-everton-3\/#primaryimage"},"thumbnailUrl":"https:\/\/evertonfc.cz\/wp-content\/uploads\/2021\/02\/Liverpool-VS-Everton.jpg","datePublished":"2017-03-31T17:45:17+00:00","dateModified":"2021-02-20T10:46:30+00:00","breadcrumb":{"@id":"https:\/\/evertonfc.cz\/index.php\/2017\/03\/31\/preview-liverpool-everton-3\/#breadcrumb"},"inLanguage":"cs","potentialAction":[{"@type":"ReadAction","target":["https:\/\/evertonfc.cz\/index.php\/2017\/03\/31\/preview-liverpool-everton-3\/"]}]},{"@type":"ImageObject","inLanguage":"cs","@id":"https:\/\/evertonfc.cz\/index.php\/2017\/03\/31\/preview-liverpool-everton-3\/#primaryimage","url":"https:\/\/evertonfc.cz\/wp-content\/uploads\/2021\/02\/Liverpool-VS-Everton.jpg","contentUrl":"https:\/\/evertonfc.cz\/wp-content\/uploads\/2021\/02\/Liverpool-VS-Everton.jpg","width":720,"height":405},{"@type":"BreadcrumbList","@id":"https:\/\/evertonfc.cz\/index.php\/2017\/03\/31\/preview-liverpool-everton-3\/#breadcrumb","itemListElement":[{"@type":"ListItem","position":1,"name":"Home","item":"https:\/\/evertonfc.cz\/"},{"@type":"ListItem","position":2,"name":"Preview: Liverpool &#8211; Everton"}]},{"@type":"WebSite","@id":"https:\/\/evertonfc.cz\/#website","url":"https:\/\/evertonfc.cz\/","name":"Official Czech &amp; Slovak Everton Supporters&#039; Club","description":"","publisher":{"@id":"https:\/\/evertonfc.cz\/#organization"},"potentialAction":[{"@type":"SearchAction","target":{"@type":"EntryPoint","urlTemplate":"https:\/\/evertonfc.cz\/?s={search_term_string}"},"query-input":{"@type":"PropertyValueSpecification","valueRequired":true,"valueName":"search_term_string"}}],"inLanguage":"cs"},{"@type":"Organization","@id":"https:\/\/evertonfc.cz\/#organization","name":"Official Czech & Slovak Everton Supporters' Club","url":"https:\/\/evertonfc.cz\/","logo":{"@type":"ImageObject","inLanguage":"cs","@id":"https:\/\/evertonfc.cz\/#\/schema\/logo\/image\/","url":"https:\/\/evertonfc.cz\/wp-content\/uploads\/2019\/05\/logo.png","contentUrl":"https:\/\/evertonfc.cz\/wp-content\/uploads\/2019\/05\/logo.png","width":112,"height":112,"caption":"Official Czech & Slovak Everton Supporters' Club"},"image":{"@id":"https:\/\/evertonfc.cz\/#\/schema\/logo\/image\/"},"sameAs":["https:\/\/www.facebook.com\/everton.fans.cz.sk"]},{"@type":"Person","@id":"https:\/\/evertonfc.cz\/#\/schema\/person\/f7a5daedb2ffee98480bc70e191aaef1","name":"Ri\u010di","sameAs":["https:\/\/x.com\/rbrejsa"],"url":"https:\/\/evertonfc.cz\/index.php\/author\/rici\/"}]}},"_links":{"self":[{"href":"https:\/\/evertonfc.cz\/index.php\/wp-json\/wp\/v2\/posts\/3152"}],"collection":[{"href":"https:\/\/evertonfc.cz\/index.php\/wp-json\/wp\/v2\/posts"}],"about":[{"href":"https:\/\/evertonfc.cz\/index.php\/wp-json\/wp\/v2\/types\/post"}],"author":[{"embeddable":true,"href":"https:\/\/evertonfc.cz\/index.php\/wp-json\/wp\/v2\/users\/6"}],"replies":[{"embeddable":true,"href":"https:\/\/evertonfc.cz\/index.php\/wp-json\/wp\/v2\/comments?post=3152"}],"version-history":[{"count":4,"href":"https:\/\/evertonfc.cz\/index.php\/wp-json\/wp\/v2\/posts\/3152\/revisions"}],"predecessor-version":[{"id":14246,"href":"https:\/\/evertonfc.cz\/index.php\/wp-json\/wp\/v2\/posts\/3152\/revisions\/14246"}],"wp:featuredmedia":[{"embeddable":true,"href":"https:\/\/evertonfc.cz\/index.php\/wp-json\/wp\/v2\/media\/14233"}],"wp:attachment":[{"href":"https:\/\/evertonfc.cz\/index.php\/wp-json\/wp\/v2\/media?parent=3152"}],"wp:term":[{"taxonomy":"category","embeddable":true,"href":"https:\/\/evertonfc.cz\/index.php\/wp-json\/wp\/v2\/categories?post=3152"},{"taxonomy":"post_tag","embeddable":true,"href":"https:\/\/evertonfc.cz\/index.php\/wp-json\/wp\/v2\/tags?post=3152"}],"curies":[{"name":"wp","href":"https:\/\/api.w.org\/{rel}","templated":true}]}}