{"id":3154,"date":"2017-03-25T19:46:24","date_gmt":"2017-03-25T18:46:24","guid":{"rendered":"http:\/\/evertonfc.cz\/?p=3154"},"modified":"2019-02-10T19:47:38","modified_gmt":"2019-02-10T18:47:38","slug":"silny-zaver-kampane-ma-prvu-trhlinu-a-to-zlomenu-nohu-seamusa-colemana","status":"publish","type":"post","link":"https:\/\/evertonfc.cz\/index.php\/2017\/03\/25\/silny-zaver-kampane-ma-prvu-trhlinu-a-to-zlomenu-nohu-seamusa-colemana\/","title":{"rendered":"Siln\u00fd z\u00e1ver kampane m\u00e1 prv\u00fa trhlinu, a to zlomen\u00fa nohu Seamusa Colemana"},"content":{"rendered":"<h4 id=\"NewsPostDetailSummary\">Vo v\u010deraj\u0161om kvalifika\u010dnom dueli medzi \u00cdrskom a Walesom, sa okrem zrodenej rem\u00edzy 0:0, udialo aj nie\u010do in\u00e9, op\u00e4\u0165 nehodn\u00e9 futbalu. A doplat\u00ed na to Everton.<\/h4>\n<div id=\"NewsPostDetailContent\">\n<p>Incident sa udial v 69. min\u00fate, ke\u010f do na prv\u00fd poh\u013ead be\u017en\u00e9ho s\u00faboja s kapit\u00e1nom \u00edrskej reprezent\u00e1cie vletel po zav\u00e1han\u00ed Neil Taylor, inak \u013eav\u00fd obranca Villans, a nevyberavo zo zdvihnutou nohou skosil \u010d\u00edslo 2, \u010d\u00edm efekt\u00edvne ukon\u010dil jeho sez\u00f3nu. Seamus po p\u00e1r min\u00fatach v opatere lek\u00e1rov, kysl\u00edkovej masky a podpory od spoluhr\u00e1\u010dov, opustil pri potlesku \u0161tadi\u00f3na ihrisko na nosidl\u00e1ch a bol ihne\u010f prevezen\u00fd do nemocnice.\u00a0Rozhodca nemal nad \u010d\u00edm v\u00e1ha\u0165. Taylor bol okam\u017eite poslan\u00fd pod sprchy a z\u00e1pas sa dohr\u00e1val v pochm\u00farnej atmosf\u00e9re. Ak sa niekto \u010dudoval nad pr\u00edsnou \u010dervenou spred t\u00fd\u017ed\u0148a, ktor\u00fa vyfasoval Huddlestone za \u201ez\u00e1krok\u201c na Gueyeho, teraz m\u00f4\u017ee pos\u00fadi\u0165 d\u00f4le\u017eitos\u0165 v\u00fdstrahy, ktor\u00fa treba adresova\u0165 hr\u00e1\u010dom, nedbal\u00fdm na s\u00fadnos\u0165 z\u00e1krokov v sklze. Vinn\u00edk sa samozrejme ihne\u010f ospravedlnil obidvom stran\u00e1m.<\/p>\n<p>Presn\u00fa d\u013a\u017eku absencie si zatia\u013e nikto odhadn\u00fa\u0165 netr\u00fafol, ale hovor\u00ed sa predbe\u017ene o \u0161iestich a\u017e desiatich mesiacoch. Potvrdilo sa, \u017ee ide o dvojit\u00fa zlomeninu &#8211; p\u00ed\u0161\u0165ala aj ihlica &#8211; podobn\u00fa ako pred tromi rokmi utrpel Bryan Oviedo. Coleman e\u0161te dnes \u00faspe\u0161ne absolvoval oper\u00e1ciu a v r\u00e1mci\u00a0Club Protection Programme bude FIFA hradi\u0165 po dobu absencie cel\u00fd jeho plat, pohybuj\u00faci sa v okol\u00ed 50 000 libier t\u00fd\u017ede\u0148ne.<\/p>\n<p>Volajte to ako chcete \u2013 od Karmy a\u017e po Murphyho z\u00e1kony. Po superpozit\u00edvnom t\u00fd\u017edni, kedy sa modr\u00e1 \u010das\u0165 Liverpoolu po rokoch m\u00e1rnych s\u013eubov kone\u010dne do\u010dkala ozn\u00e1menia nov\u00e9ho domova, sa Toffees nach\u00e1dzaj\u00fa na pomyselnom vrchole sez\u00f3ny, s k\u013e\u00fa\u010dov\u00fdmi z\u00e1pasmi pred sebou. Ako bude Ronald Koeman sklada\u0165 obranu na Anfielde a Old Trafford, to bude ot\u00e1zka mesiaca Apr\u00edl.<\/p>\n<p>Na doplnenie k nervov\u00e9mu zr\u00fateniu mus\u00edm doda\u0165, \u017ee James McCarthy bol nominovan\u00fd do z\u00e1kladnej zostavy, no e\u0161te predt\u00fdm ne\u017e sa ho Martinovi O\u00b4Neillovi podarilo zruinova\u0165 v z\u00e1pase, sa Macca zranil pri rozcvi\u010dke, \u010di\u017ee do duelu o kvalifik\u00e1ciu na Svetov\u00fd Poh\u00e1r na\u0161\u0165astie nezasiahol.<\/p>\n<\/div>\n","protected":false},"excerpt":{"rendered":"<p>Vo v\u010deraj\u0161om kvalifika\u010dnom dueli medzi \u00cdrskom a Walesom, sa okrem zrodenej rem\u00edzy 0:0, udialo aj nie\u010do in\u00e9, op\u00e4\u0165 nehodn\u00e9 futbalu.&hellip;<\/p>\n","protected":false},"author":1,"featured_media":1313,"comment_status":"open","ping_status":"closed","sticky":false,"template":"","format":"standard","meta":{"_eb_attr":"","_monsterinsights_skip_tracking":false,"_monsterinsights_sitenote_active":false,"_monsterinsights_sitenote_note":"","_monsterinsights_sitenote_category":0,"footnotes":""},"categories":[42],"tags":[],"yoast_head":"<!-- This site is optimized with the Yoast SEO plugin v23.4 - https:\/\/yoast.com\/wordpress\/plugins\/seo\/ -->\n<title>Siln\u00fd z\u00e1ver kampane m\u00e1 prv\u00fa trhlinu, a to zlomen\u00fa nohu Seamusa Colemana - Official Czech &amp; Slovak Everton Supporters&#039; Club<\/title>\n<meta name=\"robots\" content=\"index, follow, max-snippet:-1, max-image-preview:large, max-video-preview:-1\" \/>\n<link rel=\"canonical\" href=\"https:\/\/evertonfc.cz\/index.php\/2017\/03\/25\/silny-zaver-kampane-ma-prvu-trhlinu-a-to-zlomenu-nohu-seamusa-colemana\/\" \/>\n<meta property=\"og:locale\" content=\"cs_CZ\" \/>\n<meta property=\"og:type\" content=\"article\" \/>\n<meta property=\"og:title\" content=\"Siln\u00fd z\u00e1ver kampane m\u00e1 prv\u00fa trhlinu, a to zlomen\u00fa nohu Seamusa Colemana - Official Czech &amp; Slovak Everton Supporters&#039; Club\" \/>\n<meta property=\"og:description\" content=\"Vo v\u010deraj\u0161om kvalifika\u010dnom dueli medzi \u00cdrskom a Walesom, sa okrem zrodenej rem\u00edzy 0:0, udialo aj nie\u010do in\u00e9, op\u00e4\u0165 nehodn\u00e9 futbalu.&hellip;\" \/>\n<meta property=\"og:url\" content=\"https:\/\/evertonfc.cz\/index.php\/2017\/03\/25\/silny-zaver-kampane-ma-prvu-trhlinu-a-to-zlomenu-nohu-seamusa-colemana\/\" \/>\n<meta property=\"og:site_name\" content=\"Official Czech &amp; Slovak Everton Supporters&#039; Club\" \/>\n<meta property=\"article:publisher\" content=\"https:\/\/www.facebook.com\/everton.fans.cz.sk\" \/>\n<meta property=\"article:published_time\" content=\"2017-03-25T18:46:24+00:00\" \/>\n<meta property=\"article:modified_time\" content=\"2019-02-10T18:47:38+00:00\" \/>\n<meta property=\"og:image\" content=\"https:\/\/evertonfc.cz\/wp-content\/uploads\/2019\/01\/news.jpg\" \/>\n\t<meta property=\"og:image:width\" content=\"720\" \/>\n\t<meta property=\"og:image:height\" content=\"405\" \/>\n\t<meta property=\"og:image:type\" content=\"image\/jpeg\" \/>\n<meta name=\"author\" content=\"BlueBlooded\" \/>\n<meta name=\"twitter:card\" content=\"summary_large_image\" \/>\n<meta name=\"twitter:label1\" content=\"Napsal(a)\" \/>\n\t<meta name=\"twitter:data1\" content=\"BlueBlooded\" \/>\n\t<meta name=\"twitter:label2\" content=\"Odhadovan\u00e1 doba \u010dten\u00ed\" \/>\n\t<meta name=\"twitter:data2\" content=\"2 minuty\" \/>\n<script type=\"application\/ld+json\" class=\"yoast-schema-graph\">{\"@context\":\"https:\/\/schema.org\",\"@graph\":[{\"@type\":\"Article\",\"@id\":\"https:\/\/evertonfc.cz\/index.php\/2017\/03\/25\/silny-zaver-kampane-ma-prvu-trhlinu-a-to-zlomenu-nohu-seamusa-colemana\/#article\",\"isPartOf\":{\"@id\":\"https:\/\/evertonfc.cz\/index.php\/2017\/03\/25\/silny-zaver-kampane-ma-prvu-trhlinu-a-to-zlomenu-nohu-seamusa-colemana\/\"},\"author\":{\"name\":\"BlueBlooded\",\"@id\":\"https:\/\/evertonfc.cz\/#\/schema\/person\/d4493b8cbea51532597fbc4685698916\"},\"headline\":\"Siln\u00fd z\u00e1ver kampane m\u00e1 prv\u00fa trhlinu, a to zlomen\u00fa nohu Seamusa Colemana\",\"datePublished\":\"2017-03-25T18:46:24+00:00\",\"dateModified\":\"2019-02-10T18:47:38+00:00\",\"mainEntityOfPage\":{\"@id\":\"https:\/\/evertonfc.cz\/index.php\/2017\/03\/25\/silny-zaver-kampane-ma-prvu-trhlinu-a-to-zlomenu-nohu-seamusa-colemana\/\"},\"wordCount\":401,\"commentCount\":0,\"publisher\":{\"@id\":\"https:\/\/evertonfc.cz\/#organization\"},\"image\":{\"@id\":\"https:\/\/evertonfc.cz\/index.php\/2017\/03\/25\/silny-zaver-kampane-ma-prvu-trhlinu-a-to-zlomenu-nohu-seamusa-colemana\/#primaryimage\"},\"thumbnailUrl\":\"https:\/\/evertonfc.cz\/wp-content\/uploads\/2019\/01\/news.jpg\",\"articleSection\":[\"Aktuality\"],\"inLanguage\":\"cs\",\"potentialAction\":[{\"@type\":\"CommentAction\",\"name\":\"Comment\",\"target\":[\"https:\/\/evertonfc.cz\/index.php\/2017\/03\/25\/silny-zaver-kampane-ma-prvu-trhlinu-a-to-zlomenu-nohu-seamusa-colemana\/#respond\"]}]},{\"@type\":\"WebPage\",\"@id\":\"https:\/\/evertonfc.cz\/index.php\/2017\/03\/25\/silny-zaver-kampane-ma-prvu-trhlinu-a-to-zlomenu-nohu-seamusa-colemana\/\",\"url\":\"https:\/\/evertonfc.cz\/index.php\/2017\/03\/25\/silny-zaver-kampane-ma-prvu-trhlinu-a-to-zlomenu-nohu-seamusa-colemana\/\",\"name\":\"Siln\u00fd z\u00e1ver kampane m\u00e1 prv\u00fa trhlinu, a to zlomen\u00fa nohu Seamusa Colemana - Official Czech &amp; Slovak Everton Supporters&#039; Club\",\"isPartOf\":{\"@id\":\"https:\/\/evertonfc.cz\/#website\"},\"primaryImageOfPage\":{\"@id\":\"https:\/\/evertonfc.cz\/index.php\/2017\/03\/25\/silny-zaver-kampane-ma-prvu-trhlinu-a-to-zlomenu-nohu-seamusa-colemana\/#primaryimage\"},\"image\":{\"@id\":\"https:\/\/evertonfc.cz\/index.php\/2017\/03\/25\/silny-zaver-kampane-ma-prvu-trhlinu-a-to-zlomenu-nohu-seamusa-colemana\/#primaryimage\"},\"thumbnailUrl\":\"https:\/\/evertonfc.cz\/wp-content\/uploads\/2019\/01\/news.jpg\",\"datePublished\":\"2017-03-25T18:46:24+00:00\",\"dateModified\":\"2019-02-10T18:47:38+00:00\",\"breadcrumb\":{\"@id\":\"https:\/\/evertonfc.cz\/index.php\/2017\/03\/25\/silny-zaver-kampane-ma-prvu-trhlinu-a-to-zlomenu-nohu-seamusa-colemana\/#breadcrumb\"},\"inLanguage\":\"cs\",\"potentialAction\":[{\"@type\":\"ReadAction\",\"target\":[\"https:\/\/evertonfc.cz\/index.php\/2017\/03\/25\/silny-zaver-kampane-ma-prvu-trhlinu-a-to-zlomenu-nohu-seamusa-colemana\/\"]}]},{\"@type\":\"ImageObject\",\"inLanguage\":\"cs\",\"@id\":\"https:\/\/evertonfc.cz\/index.php\/2017\/03\/25\/silny-zaver-kampane-ma-prvu-trhlinu-a-to-zlomenu-nohu-seamusa-colemana\/#primaryimage\",\"url\":\"https:\/\/evertonfc.cz\/wp-content\/uploads\/2019\/01\/news.jpg\",\"contentUrl\":\"https:\/\/evertonfc.cz\/wp-content\/uploads\/2019\/01\/news.jpg\",\"width\":720,\"height\":405},{\"@type\":\"BreadcrumbList\",\"@id\":\"https:\/\/evertonfc.cz\/index.php\/2017\/03\/25\/silny-zaver-kampane-ma-prvu-trhlinu-a-to-zlomenu-nohu-seamusa-colemana\/#breadcrumb\",\"itemListElement\":[{\"@type\":\"ListItem\",\"position\":1,\"name\":\"Home\",\"item\":\"https:\/\/evertonfc.cz\/\"},{\"@type\":\"ListItem\",\"position\":2,\"name\":\"Siln\u00fd z\u00e1ver kampane m\u00e1 prv\u00fa trhlinu, a to zlomen\u00fa nohu Seamusa Colemana\"}]},{\"@type\":\"WebSite\",\"@id\":\"https:\/\/evertonfc.cz\/#website\",\"url\":\"https:\/\/evertonfc.cz\/\",\"name\":\"Official Czech &amp; Slovak Everton Supporters&#039; Club\",\"description\":\"\",\"publisher\":{\"@id\":\"https:\/\/evertonfc.cz\/#organization\"},\"potentialAction\":[{\"@type\":\"SearchAction\",\"target\":{\"@type\":\"EntryPoint\",\"urlTemplate\":\"https:\/\/evertonfc.cz\/?s={search_term_string}\"},\"query-input\":{\"@type\":\"PropertyValueSpecification\",\"valueRequired\":true,\"valueName\":\"search_term_string\"}}],\"inLanguage\":\"cs\"},{\"@type\":\"Organization\",\"@id\":\"https:\/\/evertonfc.cz\/#organization\",\"name\":\"Official Czech & Slovak Everton Supporters' Club\",\"url\":\"https:\/\/evertonfc.cz\/\",\"logo\":{\"@type\":\"ImageObject\",\"inLanguage\":\"cs\",\"@id\":\"https:\/\/evertonfc.cz\/#\/schema\/logo\/image\/\",\"url\":\"https:\/\/evertonfc.cz\/wp-content\/uploads\/2019\/05\/logo.png\",\"contentUrl\":\"https:\/\/evertonfc.cz\/wp-content\/uploads\/2019\/05\/logo.png\",\"width\":112,\"height\":112,\"caption\":\"Official Czech & Slovak Everton Supporters' Club\"},\"image\":{\"@id\":\"https:\/\/evertonfc.cz\/#\/schema\/logo\/image\/\"},\"sameAs\":[\"https:\/\/www.facebook.com\/everton.fans.cz.sk\"]},{\"@type\":\"Person\",\"@id\":\"https:\/\/evertonfc.cz\/#\/schema\/person\/d4493b8cbea51532597fbc4685698916\",\"name\":\"BlueBlooded\",\"url\":\"https:\/\/evertonfc.cz\/index.php\/author\/admin\/\"}]}<\/script>\n<!-- \/ Yoast SEO plugin. -->","yoast_head_json":{"title":"Siln\u00fd z\u00e1ver kampane m\u00e1 prv\u00fa trhlinu, a to zlomen\u00fa nohu Seamusa Colemana - Official Czech &amp; Slovak Everton Supporters&#039; Club","robots":{"index":"index","follow":"follow","max-snippet":"max-snippet:-1","max-image-preview":"max-image-preview:large","max-video-preview":"max-video-preview:-1"},"canonical":"https:\/\/evertonfc.cz\/index.php\/2017\/03\/25\/silny-zaver-kampane-ma-prvu-trhlinu-a-to-zlomenu-nohu-seamusa-colemana\/","og_locale":"cs_CZ","og_type":"article","og_title":"Siln\u00fd z\u00e1ver kampane m\u00e1 prv\u00fa trhlinu, a to zlomen\u00fa nohu Seamusa Colemana - Official Czech &amp; Slovak Everton Supporters&#039; Club","og_description":"Vo v\u010deraj\u0161om kvalifika\u010dnom dueli medzi \u00cdrskom a Walesom, sa okrem zrodenej rem\u00edzy 0:0, udialo aj nie\u010do in\u00e9, op\u00e4\u0165 nehodn\u00e9 futbalu.&hellip;","og_url":"https:\/\/evertonfc.cz\/index.php\/2017\/03\/25\/silny-zaver-kampane-ma-prvu-trhlinu-a-to-zlomenu-nohu-seamusa-colemana\/","og_site_name":"Official Czech &amp; Slovak Everton Supporters&#039; Club","article_publisher":"https:\/\/www.facebook.com\/everton.fans.cz.sk","article_published_time":"2017-03-25T18:46:24+00:00","article_modified_time":"2019-02-10T18:47:38+00:00","og_image":[{"width":720,"height":405,"url":"https:\/\/evertonfc.cz\/wp-content\/uploads\/2019\/01\/news.jpg","type":"image\/jpeg"}],"author":"BlueBlooded","twitter_card":"summary_large_image","twitter_misc":{"Napsal(a)":"BlueBlooded","Odhadovan\u00e1 doba \u010dten\u00ed":"2 minuty"},"schema":{"@context":"https:\/\/schema.org","@graph":[{"@type":"Article","@id":"https:\/\/evertonfc.cz\/index.php\/2017\/03\/25\/silny-zaver-kampane-ma-prvu-trhlinu-a-to-zlomenu-nohu-seamusa-colemana\/#article","isPartOf":{"@id":"https:\/\/evertonfc.cz\/index.php\/2017\/03\/25\/silny-zaver-kampane-ma-prvu-trhlinu-a-to-zlomenu-nohu-seamusa-colemana\/"},"author":{"name":"BlueBlooded","@id":"https:\/\/evertonfc.cz\/#\/schema\/person\/d4493b8cbea51532597fbc4685698916"},"headline":"Siln\u00fd z\u00e1ver kampane m\u00e1 prv\u00fa trhlinu, a to zlomen\u00fa nohu Seamusa Colemana","datePublished":"2017-03-25T18:46:24+00:00","dateModified":"2019-02-10T18:47:38+00:00","mainEntityOfPage":{"@id":"https:\/\/evertonfc.cz\/index.php\/2017\/03\/25\/silny-zaver-kampane-ma-prvu-trhlinu-a-to-zlomenu-nohu-seamusa-colemana\/"},"wordCount":401,"commentCount":0,"publisher":{"@id":"https:\/\/evertonfc.cz\/#organization"},"image":{"@id":"https:\/\/evertonfc.cz\/index.php\/2017\/03\/25\/silny-zaver-kampane-ma-prvu-trhlinu-a-to-zlomenu-nohu-seamusa-colemana\/#primaryimage"},"thumbnailUrl":"https:\/\/evertonfc.cz\/wp-content\/uploads\/2019\/01\/news.jpg","articleSection":["Aktuality"],"inLanguage":"cs","potentialAction":[{"@type":"CommentAction","name":"Comment","target":["https:\/\/evertonfc.cz\/index.php\/2017\/03\/25\/silny-zaver-kampane-ma-prvu-trhlinu-a-to-zlomenu-nohu-seamusa-colemana\/#respond"]}]},{"@type":"WebPage","@id":"https:\/\/evertonfc.cz\/index.php\/2017\/03\/25\/silny-zaver-kampane-ma-prvu-trhlinu-a-to-zlomenu-nohu-seamusa-colemana\/","url":"https:\/\/evertonfc.cz\/index.php\/2017\/03\/25\/silny-zaver-kampane-ma-prvu-trhlinu-a-to-zlomenu-nohu-seamusa-colemana\/","name":"Siln\u00fd z\u00e1ver kampane m\u00e1 prv\u00fa trhlinu, a to zlomen\u00fa nohu Seamusa Colemana - Official Czech &amp; Slovak Everton Supporters&#039; Club","isPartOf":{"@id":"https:\/\/evertonfc.cz\/#website"},"primaryImageOfPage":{"@id":"https:\/\/evertonfc.cz\/index.php\/2017\/03\/25\/silny-zaver-kampane-ma-prvu-trhlinu-a-to-zlomenu-nohu-seamusa-colemana\/#primaryimage"},"image":{"@id":"https:\/\/evertonfc.cz\/index.php\/2017\/03\/25\/silny-zaver-kampane-ma-prvu-trhlinu-a-to-zlomenu-nohu-seamusa-colemana\/#primaryimage"},"thumbnailUrl":"https:\/\/evertonfc.cz\/wp-content\/uploads\/2019\/01\/news.jpg","datePublished":"2017-03-25T18:46:24+00:00","dateModified":"2019-02-10T18:47:38+00:00","breadcrumb":{"@id":"https:\/\/evertonfc.cz\/index.php\/2017\/03\/25\/silny-zaver-kampane-ma-prvu-trhlinu-a-to-zlomenu-nohu-seamusa-colemana\/#breadcrumb"},"inLanguage":"cs","potentialAction":[{"@type":"ReadAction","target":["https:\/\/evertonfc.cz\/index.php\/2017\/03\/25\/silny-zaver-kampane-ma-prvu-trhlinu-a-to-zlomenu-nohu-seamusa-colemana\/"]}]},{"@type":"ImageObject","inLanguage":"cs","@id":"https:\/\/evertonfc.cz\/index.php\/2017\/03\/25\/silny-zaver-kampane-ma-prvu-trhlinu-a-to-zlomenu-nohu-seamusa-colemana\/#primaryimage","url":"https:\/\/evertonfc.cz\/wp-content\/uploads\/2019\/01\/news.jpg","contentUrl":"https:\/\/evertonfc.cz\/wp-content\/uploads\/2019\/01\/news.jpg","width":720,"height":405},{"@type":"BreadcrumbList","@id":"https:\/\/evertonfc.cz\/index.php\/2017\/03\/25\/silny-zaver-kampane-ma-prvu-trhlinu-a-to-zlomenu-nohu-seamusa-colemana\/#breadcrumb","itemListElement":[{"@type":"ListItem","position":1,"name":"Home","item":"https:\/\/evertonfc.cz\/"},{"@type":"ListItem","position":2,"name":"Siln\u00fd z\u00e1ver kampane m\u00e1 prv\u00fa trhlinu, a to zlomen\u00fa nohu Seamusa Colemana"}]},{"@type":"WebSite","@id":"https:\/\/evertonfc.cz\/#website","url":"https:\/\/evertonfc.cz\/","name":"Official Czech &amp; Slovak Everton Supporters&#039; Club","description":"","publisher":{"@id":"https:\/\/evertonfc.cz\/#organization"},"potentialAction":[{"@type":"SearchAction","target":{"@type":"EntryPoint","urlTemplate":"https:\/\/evertonfc.cz\/?s={search_term_string}"},"query-input":{"@type":"PropertyValueSpecification","valueRequired":true,"valueName":"search_term_string"}}],"inLanguage":"cs"},{"@type":"Organization","@id":"https:\/\/evertonfc.cz\/#organization","name":"Official Czech & Slovak Everton Supporters' Club","url":"https:\/\/evertonfc.cz\/","logo":{"@type":"ImageObject","inLanguage":"cs","@id":"https:\/\/evertonfc.cz\/#\/schema\/logo\/image\/","url":"https:\/\/evertonfc.cz\/wp-content\/uploads\/2019\/05\/logo.png","contentUrl":"https:\/\/evertonfc.cz\/wp-content\/uploads\/2019\/05\/logo.png","width":112,"height":112,"caption":"Official Czech & Slovak Everton Supporters' Club"},"image":{"@id":"https:\/\/evertonfc.cz\/#\/schema\/logo\/image\/"},"sameAs":["https:\/\/www.facebook.com\/everton.fans.cz.sk"]},{"@type":"Person","@id":"https:\/\/evertonfc.cz\/#\/schema\/person\/d4493b8cbea51532597fbc4685698916","name":"BlueBlooded","url":"https:\/\/evertonfc.cz\/index.php\/author\/admin\/"}]}},"_links":{"self":[{"href":"https:\/\/evertonfc.cz\/index.php\/wp-json\/wp\/v2\/posts\/3154"}],"collection":[{"href":"https:\/\/evertonfc.cz\/index.php\/wp-json\/wp\/v2\/posts"}],"about":[{"href":"https:\/\/evertonfc.cz\/index.php\/wp-json\/wp\/v2\/types\/post"}],"author":[{"embeddable":true,"href":"https:\/\/evertonfc.cz\/index.php\/wp-json\/wp\/v2\/users\/1"}],"replies":[{"embeddable":true,"href":"https:\/\/evertonfc.cz\/index.php\/wp-json\/wp\/v2\/comments?post=3154"}],"version-history":[{"count":1,"href":"https:\/\/evertonfc.cz\/index.php\/wp-json\/wp\/v2\/posts\/3154\/revisions"}],"predecessor-version":[{"id":3155,"href":"https:\/\/evertonfc.cz\/index.php\/wp-json\/wp\/v2\/posts\/3154\/revisions\/3155"}],"wp:featuredmedia":[{"embeddable":true,"href":"https:\/\/evertonfc.cz\/index.php\/wp-json\/wp\/v2\/media\/1313"}],"wp:attachment":[{"href":"https:\/\/evertonfc.cz\/index.php\/wp-json\/wp\/v2\/media?parent=3154"}],"wp:term":[{"taxonomy":"category","embeddable":true,"href":"https:\/\/evertonfc.cz\/index.php\/wp-json\/wp\/v2\/categories?post=3154"},{"taxonomy":"post_tag","embeddable":true,"href":"https:\/\/evertonfc.cz\/index.php\/wp-json\/wp\/v2\/tags?post=3154"}],"curies":[{"name":"wp","href":"https:\/\/api.w.org\/{rel}","templated":true}]}}