{"id":3156,"date":"2017-03-24T19:47:47","date_gmt":"2017-03-24T18:47:47","guid":{"rendered":"http:\/\/evertonfc.cz\/?p=3156"},"modified":"2025-02-18T09:14:12","modified_gmt":"2025-02-18T08:14:12","slug":"prvy-vazny-krok-k-novemu-stadionu-evertonu","status":"publish","type":"post","link":"https:\/\/evertonfc.cz\/index.php\/2017\/03\/24\/prvy-vazny-krok-k-novemu-stadionu-evertonu\/","title":{"rendered":"Prv\u00fd v\u00e1\u017eny krok k nov\u00e9mu \u0161tadi\u00f3nu Evertonu"},"content":{"rendered":"<h4 id=\"NewsPostDetailSummary\">Za\u010diatkom t\u00fd\u017ed\u0148a sa Everton dohodol s developerom Peel Holdings \u00a0na predbe\u017en\u00fdch podmienkach z\u00edskania pozemku v Bramley Moore dokoch na brehu rieky Mersey, po podrobn\u00fdch jednaniach sprostredkovan\u00fdch prim\u00e1torom mesta J. Andersonom.<\/h4>\n<p id=\"NewsPostDetailSummary\">Po podrobn\u00fdch jednaniach, sprostredkovan\u00fdch prim\u00e1torom mesta J. Andersonom, tak m\u00e1 Evertonu \u201ekontrolu\u201c nad pozemkom pre zam\u00fd\u0161\u013ean\u00fd \u0161tadi\u00f3n. A v\u010dera 23. marca pri\u0161lo d\u00f4le\u017eit\u00e9 vyhl\u00e1senie &#8211; mestsk\u00e1 rada Liverpoolu a Everton s\u00fa pripraven\u00ed ods\u00fahlasi\u0165 princ\u00edpy inovat\u00edvneho finan\u010dn\u00e9ho modelu, ktor\u00fd podpor\u00ed z\u00e1mer klubu postavi\u0165 ikonick\u00fd \u0161tadi\u00f3n na n\u00e1bre\u017e\u00ed, ne\u010faleko centra mesta.<\/p>\n<div id=\"NewsPostDetailContent\">\n<p>Sumu za pozemok zn\u00ed\u017eilo vedenie EFC z Peel H. p\u00f4vodne po\u017eadovan\u00fdch 30 mil. libier na 22,5 mil. libier. Bud\u00faci piatok 31. marca bude mestskej rade prezentovan\u00e1 spr\u00e1va odpor\u00fa\u010daj\u00faca schv\u00e1li\u0165 predbe\u017en\u00e9 podmienky pre vytvorenie novej spolo\u010dnosti <strong><a href=\"http:\/\/www.investopedia.com\/terms\/s\/spv.asp\">Special Purpose Vehicle<\/a><\/strong>. T\u00e1 bude zohr\u00e1va\u0165 \u00falohu garanta bezpe\u010dn\u00e9ho spl\u00e1cania \u00faveru, stojac medzi medzi verite\u013eom a po\u017ei\u010diavaj\u00facim si (Everton). Odpor\u00fa\u010dania v r\u00e1mci spr\u00e1vy boli predlo\u017een\u00e9 po mesiacoch rozhovorov medzi klubom a samospr\u00e1vou a na z\u00e1klade anal\u00fdz nez\u00e1visl\u00fdch finan\u010dn\u00fdch a pr\u00e1vnych expertov.<\/p>\n<p>V s\u00fa\u010dasnosti sa n\u00e1klady na \u0161tadi\u00f3n odhaduj\u00fa na vy\u0161e 300 mili\u00f3nov libier. Doteraj\u0161ie \u00favahy sa zaoberali kapacitou 50 000 miest, aj ke\u010f tu je potrebn\u00e9 zd\u00f4razni\u0165, \u017ee \u017eiadne rozhodnutie oh\u013eadne kapacity a \u010fal\u0161\u00edch konkr\u00e9tnych aspektov \u0161tadi\u00f3na e\u0161te nepadlo. Vedenie EFC bude k\u013e\u00fa\u010dov\u00e9 aspekty \u0161tadi\u00f3na, vr\u00e1tane jeho kapacity, e\u0161te konzultova\u0165 aj s fan\u00fa\u0161ikmi. Predpoklad\u00e1 sa, \u017ee v\u00fdstavba \u0161tadi\u00f3na Evertonu v Bramley Moore dokoch, ktor\u00e9 le\u017eia relat\u00edvne ne\u010faleko centra mesta (z Cavern Club-u je to 1,8 m\u00edle), bude katalyz\u00e1torom ekonomick\u00e9ho o\u017eivenia severnej \u010dasti mesta a vygeneruje 600 pracovn\u00fdch miest.<\/p>\n<p>Tento socioekonomick\u00fd rozvojov\u00fd impulz sa bude dop\u013a\u0148a\u0165 so 100 mil. projektom o\u017eivenia tejto \u010dasti mesta zo strany samospr\u00e1vy. A taktie\u017e, s vy\u0161e 5 miliardov\u00fdm rozvojov\u00fdm projektom Peel Holdings \u201eLiverpool Waters\u201c, ktor\u00fd pl\u00e1nuje v okolitom \u0161ir\u0161om priestore vybudovanie podnikate\u013esk\u00fdch a obytn\u00fdch priestorov, vr\u00e1tane 23 000 bytov, 17 000 pracovn\u00fdch miest a 4 hotelov. Mimochodom, doky Bramley Moore s\u00fa s\u00fa\u010das\u0165ou svetov\u00e9ho kult\u00farneho dedi\u010dstva UNESCO.<\/p>\n<h4>\u010eal\u0161\u00edie pl\u00e1novan\u00e9 kroky:<\/h4>\n<ul>\n<li>Bud\u00faci piatok 31.3. sa o\u010dak\u00e1va schv\u00e1lenie finan\u010dn\u00e9ho modelu financovania zo strany mestskej rady. N\u00e1sledne sa zalo\u017e\u00ed a za\u010dne p\u00f4sobi\u0165 SPV.<\/li>\n<li>Najbli\u017e\u0161ie min. 3 mesiace bude Everton potrebova\u0165 na z\u00edskanie verite\u013ea \/ potrebn\u00fdch pe\u0148az\u00ed v hodnote nie\u010do vy\u0161e 300 mil. libier.<\/li>\n<li>Do leta mestsk\u00e1 rada sfinalizuje predbe\u017en\u00e9 podmienky finan\u010dn\u00e9ho modelu.<\/li>\n<li>Z\u00e1rove\u0148 bud\u00fa pokra\u010dova\u0165 pr\u00e1ce na finaliz\u00e1cii podoby \u0161tadi\u00f3na. Everton pl\u00e1nuje aj konzult\u00e1cie s k\u013e\u00fa\u010dov\u00fdmi partnermi a fan\u00fa\u0161ikmi oh\u013eadne kapacity, v\u00fdzoru a konfigur\u00e1cie. L\u00edder Everton Forum (klubom iniciovanej platormy, cez ktor\u00fa vedenie EFC komunikuje so z\u00e1stupcami fan\u00fa\u0161ikov) sa u\u017e vyjadril, \u017ee pr\u00e1ve vypracov\u00e1vaj\u00fa strat\u00e9giu konzult\u00e1ci\u00ed vedenia EFC s fan\u00fa\u0161ikmi.<\/li>\n<li>Ukon\u010denie celej dokument\u00e1cie a jej predlo\u017eenie na schv\u00e1lenie kompetentn\u00fdm org\u00e1nom sa predpoklad\u00e1 na koniec roka a schv\u00e1lenie za\u010diatkom bud\u00faceho roku. Everton z\u00edska pozemok definit\u00edvne a\u017e vo chv\u00edli, ke\u010f v\u0161etky tieto kroky prebehn\u00fa.<\/li>\n<li>V\u00fdstavba nov\u00e9ho \u0161tadi\u00f3na Evertonu v dokoch sa za\u010dne e\u0161te v roku 2018.<\/li>\n<li>\u010casov\u00fd r\u00e1mec EFC pre v\u00fdstavbu \u0161tadi\u00f3na po\u010d\u00edta s 3 rokmi, v Goodisone pl\u00e1nuje vedenie Evertonu osta\u0165 do za\u010diatku sez\u00f3ny 2020 \/ 2021.<\/li>\n<\/ul>\n<p>Odchod z\u00a0Goodisonu je v\u00a0pr\u00edpade vedenia EFC motivovan\u00fd hlavne finan\u010dne. Po pres\u0165ahovan\u00ed sa na nov\u00fd \u0161tadi\u00f3n bude \u010dist\u00fd zisk generovan\u00fd len touto skuto\u010dnos\u0165ou vy\u0161\u0161\u00ed o\u00a03% a\u00a0tento \u010dist\u00fd zisk bude postupne narasta\u0165 a\u017e do v\u00fd\u0161ky 9% na konci spl\u00e1tkov\u00e9ho obdobia.<\/p>\n<h4>A ako bude vlastne inovat\u00edvna sch\u00e9ma financovania nov\u00e9ho \u0161tadi\u00f3nu Evertonu fungova\u0165?<\/h4>\n<p>Ve\u013ek\u00ed veritelia &#8211; banky, penzijn\u00e9 fondy, pois\u0165ovne a pod. neradi po\u017ei\u010diavaj\u00fa ve\u013ek\u00fa sumy futbalov\u00fdm klubom. A naopak radi po\u017ei\u010diavaj\u00fa ve\u013ek\u00e9 sumy in\u0161tit\u00faci\u00e1m verejnej spr\u00e1vy ako mestsk\u00fdm rad\u00e1m ve\u013ek\u00fdch miest. Tieto invest\u00edcie s\u00fa pova\u017eovan\u00e9 za ve\u013emi bezpe\u010dn\u00e9. Mestsk\u00e1 rada Liverpoolu sama \u017eiadne peniaze Evertonu nepo\u017ei\u010dia (a samozrejme ni\u010d nedaruje), ale pou\u017eije svoj \u0161tat\u00fat a postavenie aby pomohla Evertonu k potrebnej p\u00f4\u017ei\u010dke.<\/p>\n<p>Najprv si Everton mus\u00ed n\u00e1js\u0165 verite\u013ea. Pr\u00e1ve v tomto h\u013eadan\u00ed v\u0161ak existencia garanta v podobe mesta Liverpoool (vo forme SPV) v\u00fdrazne zvy\u0161uje atraktivitu pre potenci\u00e1lnych investorov. T\u00ed tak bud\u00fa vidie\u0165 spl\u00e1canie po\u017ei\u010dan\u00fdch pe\u0148az\u00ed ve\u013emi bezpe\u010dne. T\u00e1to bezpe\u010dnos\u0165 garantovan\u00e1 mestom a s\u00fa\u010dasn\u00e1 finan\u010dn\u00e1 poz\u00edcia Evertonu (bohat\u0161\u00ed majite\u013e, ktor\u00fd o\u010distil EFC od komer\u010dn\u00fdch dlhov at\u010f.) pod\u013ea niektor\u00fdch analytikov sp\u00f4sob\u00ed, \u017ee si Everton bude vybera\u0165 z n\u00e1poru pon\u00fak verite\u013eov, ktor\u00ed bud\u00fa chcie\u0165 na nov\u00fd \u0161tadi\u00f3n Evertonu po\u017ei\u010da\u0165, \u010do by malo pom\u00f4c\u0165 zn\u00ed\u017ei\u0165 \u00faroky \/ zv\u00fdhodni\u0165 podmienky spl\u00e1cania pre EFC. \u201eGaran\u010dn\u00e1\u201c spolo\u010dnos\u0165 mesta Liverpool SPV bude dost\u00e1va\u0165 od Evertonu ro\u010dn\u00e9 spl\u00e1tky. V\u00e4\u010d\u0161ina tej spl\u00e1tky p\u00f4jde priamo verite\u013eovi, cca 4,4 mili\u00f3na libier p\u00f4jde na \u00fa\u010det mesta.<\/p>\n<p>Inak povedan\u00e9, mesto Liverpool ned\u00e1 z pe\u0148az\u00ed da\u0148ov\u00fdch poplatn\u00edkov Evertonu ni\u010d, len poskytne bezpe\u010dnostn\u00e9 garancie, naopak, z\u00edska ka\u017edoro\u010dn\u00fd pr\u00edjem 4,4 mili\u00f3na libier po dobu 40 rokov. Presnej\u0161ie, verite\u013e k\u00fapy na 200 ro\u010dn\u00fd l\u00edzing nehnutenos\u0165, ktor\u00fa bude n\u00e1sledne l\u00edzova\u0165 mestskej SPV na 40 rokov a t\u00e1 ju d\u00e1 na l\u00edzing Evertonu na 40 rokov m\u00ednus 1 de\u0148. Po 40 rokoch bude ma\u0165 Everton mo\u017enos\u0165 odk\u00fapi\u0165 ost\u00e1vaj\u00faci l\u00edzing priamo od verite\u013ea. <strong><a href=\"http:\/\/www.liverpoolecho.co.uk\/news\/liverpool-news\/new-everton-stadium-money-from-12788250\">Viac inform\u00e1ci\u00ed n\u00e1jdete napr\u00edklad tu. \u00a0<\/a><\/strong>A odpor\u00fa\u010dam tie\u017e sledova\u0165 \u010do k tomu nap\u00ed\u0161e napr\u00edklad The Esk.<\/p>\n<h4>A ak\u00fd bude \u010fal\u0161\u00ed osud najstar\u0161ieho futbalov\u00e9ho \u0161tadi\u00f3na na svete &#8211; Goodison parku?<\/h4>\n<p>Podot\u00fdkam &#8211; \u00fa\u010delov\u00e9ho, toto prvenstvo dr\u017e\u00ed spolo\u010dne s Celtic parkom, boli otvoren\u00e9 v ten ist\u00fd de\u0148. Rozhodnutie zatia\u013e nepadlo, ale na prvom mieste je zatia\u013e my\u0161lienka zachova\u0165 Goodison park ako s\u00fa\u010das\u0165 rast\u00facej charity Evertonu, pri\u010dom Goodison by sa z \u010dasti premenil na zariadenia pre miestnych ob\u010danov, komunitn\u00e9 centrum a Everton Free School (to je \u0161kola so \u0161peci\u00e1lnymi v\u00fdukov\u00fdmi pr\u00edstupmi, schopn\u00e1 zvl\u00e1dnu\u0165 v\u00fdu\u010dbu det\u00ed, ktor\u00e9 maj\u00fa probl\u00e9my v be\u017en\u00fdch \u0161kol\u00e1ch so spr\u00e1van\u00edm, u\u010den\u00edm sa &#8211; napr. s autizmom, kriminalitou, drogami, n\u00e1sil\u00edm doma, m\u00e1 v\u00fdborn\u00e9 v\u00fdsledky a zatia\u013e u\u010d\u00ed 120 &#8222;probl\u00e9mov\u00fdch&#8220; det\u00ed). Everton je rozhodnut\u00fd zanecha\u0165 v lokalite L4 aj po odchode svoje &#8222;dedi\u010dstvo&#8220; d\u00f4le\u017eit\u00e9 \/ u\u017eito\u010dn\u00e9 pre miestnu komunitu.<\/p>\n<p>Perli\u010dka na z\u00e1ver \u2013 de\u0148 pred v\u010deraj\u0161kom, 22.3., akur\u00e1t v roku 1895, sa rozhodlo vedenie Evertonu odk\u00fapi\u0165 p\u00f4vodne prenajat\u00fd Goodison Park. Karma?<\/p>\n<p>Lokalitu, v ktorej teraz u\u017e s ve\u013ekou pravdepodobnos\u0165ou bude st\u00e1\u0165 o cca 3,5 \/ 4 roky nov\u00fd \u0161tadi\u00f3n Evertonu, predstavuje <strong><a href=\"http:\/\/youtube.com\/watch?v=5Q8uM-mIfsA\">video ToffeeTV<\/a><\/strong>.<\/p>\n<p><a href=\"http:\/\/www.liverpoolecho.co.uk\/incoming\/gallery\/bramley-moore-dock-12411212\"><strong>Fotogal\u00e9ria z Bramley Moore dokov.<\/strong><\/a><\/p>\n<\/div>\n","protected":false},"excerpt":{"rendered":"<p>Za\u010diatkom t\u00fd\u017ed\u0148a sa Everton dohodol s developerom Peel Holdings \u00a0na predbe\u017en\u00fdch podmienkach z\u00edskania pozemku v Bramley Moore dokoch na brehu rieky Mersey.<\/p>\n","protected":false},"author":23,"featured_media":1418,"comment_status":"open","ping_status":"closed","sticky":false,"template":"","format":"standard","meta":{"_eb_attr":"","_monsterinsights_skip_tracking":false,"_monsterinsights_sitenote_active":false,"_monsterinsights_sitenote_note":"","_monsterinsights_sitenote_category":0,"footnotes":""},"categories":[146],"tags":[],"yoast_head":"<!-- This site is optimized with the Yoast SEO plugin v23.4 - https:\/\/yoast.com\/wordpress\/plugins\/seo\/ -->\n<title>Prv\u00fd v\u00e1\u017eny krok k nov\u00e9mu \u0161tadi\u00f3nu Evertonu - Official Czech &amp; Slovak Everton Supporters&#039; Club<\/title>\n<meta name=\"robots\" content=\"index, follow, max-snippet:-1, max-image-preview:large, max-video-preview:-1\" \/>\n<link rel=\"canonical\" href=\"https:\/\/evertonfc.cz\/index.php\/2017\/03\/24\/prvy-vazny-krok-k-novemu-stadionu-evertonu\/\" \/>\n<meta property=\"og:locale\" content=\"cs_CZ\" \/>\n<meta property=\"og:type\" content=\"article\" \/>\n<meta property=\"og:title\" content=\"Prv\u00fd v\u00e1\u017eny krok k nov\u00e9mu \u0161tadi\u00f3nu Evertonu - Official Czech &amp; Slovak Everton Supporters&#039; Club\" \/>\n<meta property=\"og:description\" content=\"Za\u010diatkom t\u00fd\u017ed\u0148a sa Everton dohodol s developerom Peel Holdings \u00a0na predbe\u017en\u00fdch podmienkach z\u00edskania pozemku v Bramley Moore dokoch na brehu rieky Mersey.\" \/>\n<meta property=\"og:url\" content=\"https:\/\/evertonfc.cz\/index.php\/2017\/03\/24\/prvy-vazny-krok-k-novemu-stadionu-evertonu\/\" \/>\n<meta property=\"og:site_name\" content=\"Official Czech &amp; Slovak Everton Supporters&#039; Club\" \/>\n<meta property=\"article:publisher\" content=\"https:\/\/www.facebook.com\/everton.fans.cz.sk\" \/>\n<meta property=\"article:published_time\" content=\"2017-03-24T18:47:47+00:00\" \/>\n<meta property=\"article:modified_time\" content=\"2025-02-18T08:14:12+00:00\" \/>\n<meta property=\"og:image\" content=\"https:\/\/evertonfc.cz\/wp-content\/uploads\/2019\/01\/bramley_22_12_2018.jpg\" \/>\n\t<meta property=\"og:image:width\" content=\"720\" \/>\n\t<meta property=\"og:image:height\" content=\"405\" \/>\n\t<meta property=\"og:image:type\" content=\"image\/jpeg\" \/>\n<meta name=\"author\" content=\"Everton1878\" \/>\n<meta name=\"twitter:card\" content=\"summary_large_image\" \/>\n<meta name=\"twitter:label1\" content=\"Napsal(a)\" \/>\n\t<meta name=\"twitter:data1\" content=\"Everton1878\" \/>\n\t<meta name=\"twitter:label2\" content=\"Odhadovan\u00e1 doba \u010dten\u00ed\" \/>\n\t<meta name=\"twitter:data2\" content=\"6 minut\" \/>\n<script type=\"application\/ld+json\" class=\"yoast-schema-graph\">{\"@context\":\"https:\/\/schema.org\",\"@graph\":[{\"@type\":\"Article\",\"@id\":\"https:\/\/evertonfc.cz\/index.php\/2017\/03\/24\/prvy-vazny-krok-k-novemu-stadionu-evertonu\/#article\",\"isPartOf\":{\"@id\":\"https:\/\/evertonfc.cz\/index.php\/2017\/03\/24\/prvy-vazny-krok-k-novemu-stadionu-evertonu\/\"},\"author\":{\"name\":\"Everton1878\",\"@id\":\"https:\/\/evertonfc.cz\/#\/schema\/person\/c495ad9c14eabaab7ff243473d85758c\"},\"headline\":\"Prv\u00fd v\u00e1\u017eny krok k nov\u00e9mu \u0161tadi\u00f3nu Evertonu\",\"datePublished\":\"2017-03-24T18:47:47+00:00\",\"dateModified\":\"2025-02-18T08:14:12+00:00\",\"mainEntityOfPage\":{\"@id\":\"https:\/\/evertonfc.cz\/index.php\/2017\/03\/24\/prvy-vazny-krok-k-novemu-stadionu-evertonu\/\"},\"wordCount\":1251,\"commentCount\":0,\"publisher\":{\"@id\":\"https:\/\/evertonfc.cz\/#organization\"},\"image\":{\"@id\":\"https:\/\/evertonfc.cz\/index.php\/2017\/03\/24\/prvy-vazny-krok-k-novemu-stadionu-evertonu\/#primaryimage\"},\"thumbnailUrl\":\"https:\/\/evertonfc.cz\/wp-content\/uploads\/2019\/01\/bramley_22_12_2018.jpg\",\"articleSection\":[\"Making of Bramley-Moore\"],\"inLanguage\":\"cs\",\"potentialAction\":[{\"@type\":\"CommentAction\",\"name\":\"Comment\",\"target\":[\"https:\/\/evertonfc.cz\/index.php\/2017\/03\/24\/prvy-vazny-krok-k-novemu-stadionu-evertonu\/#respond\"]}]},{\"@type\":\"WebPage\",\"@id\":\"https:\/\/evertonfc.cz\/index.php\/2017\/03\/24\/prvy-vazny-krok-k-novemu-stadionu-evertonu\/\",\"url\":\"https:\/\/evertonfc.cz\/index.php\/2017\/03\/24\/prvy-vazny-krok-k-novemu-stadionu-evertonu\/\",\"name\":\"Prv\u00fd v\u00e1\u017eny krok k nov\u00e9mu \u0161tadi\u00f3nu Evertonu - Official Czech &amp; Slovak Everton Supporters&#039; Club\",\"isPartOf\":{\"@id\":\"https:\/\/evertonfc.cz\/#website\"},\"primaryImageOfPage\":{\"@id\":\"https:\/\/evertonfc.cz\/index.php\/2017\/03\/24\/prvy-vazny-krok-k-novemu-stadionu-evertonu\/#primaryimage\"},\"image\":{\"@id\":\"https:\/\/evertonfc.cz\/index.php\/2017\/03\/24\/prvy-vazny-krok-k-novemu-stadionu-evertonu\/#primaryimage\"},\"thumbnailUrl\":\"https:\/\/evertonfc.cz\/wp-content\/uploads\/2019\/01\/bramley_22_12_2018.jpg\",\"datePublished\":\"2017-03-24T18:47:47+00:00\",\"dateModified\":\"2025-02-18T08:14:12+00:00\",\"breadcrumb\":{\"@id\":\"https:\/\/evertonfc.cz\/index.php\/2017\/03\/24\/prvy-vazny-krok-k-novemu-stadionu-evertonu\/#breadcrumb\"},\"inLanguage\":\"cs\",\"potentialAction\":[{\"@type\":\"ReadAction\",\"target\":[\"https:\/\/evertonfc.cz\/index.php\/2017\/03\/24\/prvy-vazny-krok-k-novemu-stadionu-evertonu\/\"]}]},{\"@type\":\"ImageObject\",\"inLanguage\":\"cs\",\"@id\":\"https:\/\/evertonfc.cz\/index.php\/2017\/03\/24\/prvy-vazny-krok-k-novemu-stadionu-evertonu\/#primaryimage\",\"url\":\"https:\/\/evertonfc.cz\/wp-content\/uploads\/2019\/01\/bramley_22_12_2018.jpg\",\"contentUrl\":\"https:\/\/evertonfc.cz\/wp-content\/uploads\/2019\/01\/bramley_22_12_2018.jpg\",\"width\":720,\"height\":405},{\"@type\":\"BreadcrumbList\",\"@id\":\"https:\/\/evertonfc.cz\/index.php\/2017\/03\/24\/prvy-vazny-krok-k-novemu-stadionu-evertonu\/#breadcrumb\",\"itemListElement\":[{\"@type\":\"ListItem\",\"position\":1,\"name\":\"Home\",\"item\":\"https:\/\/evertonfc.cz\/\"},{\"@type\":\"ListItem\",\"position\":2,\"name\":\"Prv\u00fd v\u00e1\u017eny krok k nov\u00e9mu \u0161tadi\u00f3nu Evertonu\"}]},{\"@type\":\"WebSite\",\"@id\":\"https:\/\/evertonfc.cz\/#website\",\"url\":\"https:\/\/evertonfc.cz\/\",\"name\":\"Official Czech &amp; Slovak Everton Supporters&#039; Club\",\"description\":\"\",\"publisher\":{\"@id\":\"https:\/\/evertonfc.cz\/#organization\"},\"potentialAction\":[{\"@type\":\"SearchAction\",\"target\":{\"@type\":\"EntryPoint\",\"urlTemplate\":\"https:\/\/evertonfc.cz\/?s={search_term_string}\"},\"query-input\":{\"@type\":\"PropertyValueSpecification\",\"valueRequired\":true,\"valueName\":\"search_term_string\"}}],\"inLanguage\":\"cs\"},{\"@type\":\"Organization\",\"@id\":\"https:\/\/evertonfc.cz\/#organization\",\"name\":\"Official Czech & Slovak Everton Supporters' Club\",\"url\":\"https:\/\/evertonfc.cz\/\",\"logo\":{\"@type\":\"ImageObject\",\"inLanguage\":\"cs\",\"@id\":\"https:\/\/evertonfc.cz\/#\/schema\/logo\/image\/\",\"url\":\"https:\/\/evertonfc.cz\/wp-content\/uploads\/2019\/05\/logo.png\",\"contentUrl\":\"https:\/\/evertonfc.cz\/wp-content\/uploads\/2019\/05\/logo.png\",\"width\":112,\"height\":112,\"caption\":\"Official Czech & Slovak Everton Supporters' Club\"},\"image\":{\"@id\":\"https:\/\/evertonfc.cz\/#\/schema\/logo\/image\/\"},\"sameAs\":[\"https:\/\/www.facebook.com\/everton.fans.cz.sk\"]},{\"@type\":\"Person\",\"@id\":\"https:\/\/evertonfc.cz\/#\/schema\/person\/c495ad9c14eabaab7ff243473d85758c\",\"name\":\"Everton1878\",\"url\":\"https:\/\/evertonfc.cz\/index.php\/author\/everton1878\/\"}]}<\/script>\n<!-- \/ Yoast SEO plugin. -->","yoast_head_json":{"title":"Prv\u00fd v\u00e1\u017eny krok k nov\u00e9mu \u0161tadi\u00f3nu Evertonu - Official Czech &amp; Slovak Everton Supporters&#039; Club","robots":{"index":"index","follow":"follow","max-snippet":"max-snippet:-1","max-image-preview":"max-image-preview:large","max-video-preview":"max-video-preview:-1"},"canonical":"https:\/\/evertonfc.cz\/index.php\/2017\/03\/24\/prvy-vazny-krok-k-novemu-stadionu-evertonu\/","og_locale":"cs_CZ","og_type":"article","og_title":"Prv\u00fd v\u00e1\u017eny krok k nov\u00e9mu \u0161tadi\u00f3nu Evertonu - Official Czech &amp; Slovak Everton Supporters&#039; Club","og_description":"Za\u010diatkom t\u00fd\u017ed\u0148a sa Everton dohodol s developerom Peel Holdings \u00a0na predbe\u017en\u00fdch podmienkach z\u00edskania pozemku v Bramley Moore dokoch na brehu rieky Mersey.","og_url":"https:\/\/evertonfc.cz\/index.php\/2017\/03\/24\/prvy-vazny-krok-k-novemu-stadionu-evertonu\/","og_site_name":"Official Czech &amp; Slovak Everton Supporters&#039; Club","article_publisher":"https:\/\/www.facebook.com\/everton.fans.cz.sk","article_published_time":"2017-03-24T18:47:47+00:00","article_modified_time":"2025-02-18T08:14:12+00:00","og_image":[{"width":720,"height":405,"url":"https:\/\/evertonfc.cz\/wp-content\/uploads\/2019\/01\/bramley_22_12_2018.jpg","type":"image\/jpeg"}],"author":"Everton1878","twitter_card":"summary_large_image","twitter_misc":{"Napsal(a)":"Everton1878","Odhadovan\u00e1 doba \u010dten\u00ed":"6 minut"},"schema":{"@context":"https:\/\/schema.org","@graph":[{"@type":"Article","@id":"https:\/\/evertonfc.cz\/index.php\/2017\/03\/24\/prvy-vazny-krok-k-novemu-stadionu-evertonu\/#article","isPartOf":{"@id":"https:\/\/evertonfc.cz\/index.php\/2017\/03\/24\/prvy-vazny-krok-k-novemu-stadionu-evertonu\/"},"author":{"name":"Everton1878","@id":"https:\/\/evertonfc.cz\/#\/schema\/person\/c495ad9c14eabaab7ff243473d85758c"},"headline":"Prv\u00fd v\u00e1\u017eny krok k nov\u00e9mu \u0161tadi\u00f3nu Evertonu","datePublished":"2017-03-24T18:47:47+00:00","dateModified":"2025-02-18T08:14:12+00:00","mainEntityOfPage":{"@id":"https:\/\/evertonfc.cz\/index.php\/2017\/03\/24\/prvy-vazny-krok-k-novemu-stadionu-evertonu\/"},"wordCount":1251,"commentCount":0,"publisher":{"@id":"https:\/\/evertonfc.cz\/#organization"},"image":{"@id":"https:\/\/evertonfc.cz\/index.php\/2017\/03\/24\/prvy-vazny-krok-k-novemu-stadionu-evertonu\/#primaryimage"},"thumbnailUrl":"https:\/\/evertonfc.cz\/wp-content\/uploads\/2019\/01\/bramley_22_12_2018.jpg","articleSection":["Making of Bramley-Moore"],"inLanguage":"cs","potentialAction":[{"@type":"CommentAction","name":"Comment","target":["https:\/\/evertonfc.cz\/index.php\/2017\/03\/24\/prvy-vazny-krok-k-novemu-stadionu-evertonu\/#respond"]}]},{"@type":"WebPage","@id":"https:\/\/evertonfc.cz\/index.php\/2017\/03\/24\/prvy-vazny-krok-k-novemu-stadionu-evertonu\/","url":"https:\/\/evertonfc.cz\/index.php\/2017\/03\/24\/prvy-vazny-krok-k-novemu-stadionu-evertonu\/","name":"Prv\u00fd v\u00e1\u017eny krok k nov\u00e9mu \u0161tadi\u00f3nu Evertonu - Official Czech &amp; Slovak Everton Supporters&#039; Club","isPartOf":{"@id":"https:\/\/evertonfc.cz\/#website"},"primaryImageOfPage":{"@id":"https:\/\/evertonfc.cz\/index.php\/2017\/03\/24\/prvy-vazny-krok-k-novemu-stadionu-evertonu\/#primaryimage"},"image":{"@id":"https:\/\/evertonfc.cz\/index.php\/2017\/03\/24\/prvy-vazny-krok-k-novemu-stadionu-evertonu\/#primaryimage"},"thumbnailUrl":"https:\/\/evertonfc.cz\/wp-content\/uploads\/2019\/01\/bramley_22_12_2018.jpg","datePublished":"2017-03-24T18:47:47+00:00","dateModified":"2025-02-18T08:14:12+00:00","breadcrumb":{"@id":"https:\/\/evertonfc.cz\/index.php\/2017\/03\/24\/prvy-vazny-krok-k-novemu-stadionu-evertonu\/#breadcrumb"},"inLanguage":"cs","potentialAction":[{"@type":"ReadAction","target":["https:\/\/evertonfc.cz\/index.php\/2017\/03\/24\/prvy-vazny-krok-k-novemu-stadionu-evertonu\/"]}]},{"@type":"ImageObject","inLanguage":"cs","@id":"https:\/\/evertonfc.cz\/index.php\/2017\/03\/24\/prvy-vazny-krok-k-novemu-stadionu-evertonu\/#primaryimage","url":"https:\/\/evertonfc.cz\/wp-content\/uploads\/2019\/01\/bramley_22_12_2018.jpg","contentUrl":"https:\/\/evertonfc.cz\/wp-content\/uploads\/2019\/01\/bramley_22_12_2018.jpg","width":720,"height":405},{"@type":"BreadcrumbList","@id":"https:\/\/evertonfc.cz\/index.php\/2017\/03\/24\/prvy-vazny-krok-k-novemu-stadionu-evertonu\/#breadcrumb","itemListElement":[{"@type":"ListItem","position":1,"name":"Home","item":"https:\/\/evertonfc.cz\/"},{"@type":"ListItem","position":2,"name":"Prv\u00fd v\u00e1\u017eny krok k nov\u00e9mu \u0161tadi\u00f3nu Evertonu"}]},{"@type":"WebSite","@id":"https:\/\/evertonfc.cz\/#website","url":"https:\/\/evertonfc.cz\/","name":"Official Czech &amp; Slovak Everton Supporters&#039; Club","description":"","publisher":{"@id":"https:\/\/evertonfc.cz\/#organization"},"potentialAction":[{"@type":"SearchAction","target":{"@type":"EntryPoint","urlTemplate":"https:\/\/evertonfc.cz\/?s={search_term_string}"},"query-input":{"@type":"PropertyValueSpecification","valueRequired":true,"valueName":"search_term_string"}}],"inLanguage":"cs"},{"@type":"Organization","@id":"https:\/\/evertonfc.cz\/#organization","name":"Official Czech & Slovak Everton Supporters' Club","url":"https:\/\/evertonfc.cz\/","logo":{"@type":"ImageObject","inLanguage":"cs","@id":"https:\/\/evertonfc.cz\/#\/schema\/logo\/image\/","url":"https:\/\/evertonfc.cz\/wp-content\/uploads\/2019\/05\/logo.png","contentUrl":"https:\/\/evertonfc.cz\/wp-content\/uploads\/2019\/05\/logo.png","width":112,"height":112,"caption":"Official Czech & Slovak Everton Supporters' Club"},"image":{"@id":"https:\/\/evertonfc.cz\/#\/schema\/logo\/image\/"},"sameAs":["https:\/\/www.facebook.com\/everton.fans.cz.sk"]},{"@type":"Person","@id":"https:\/\/evertonfc.cz\/#\/schema\/person\/c495ad9c14eabaab7ff243473d85758c","name":"Everton1878","url":"https:\/\/evertonfc.cz\/index.php\/author\/everton1878\/"}]}},"_links":{"self":[{"href":"https:\/\/evertonfc.cz\/index.php\/wp-json\/wp\/v2\/posts\/3156"}],"collection":[{"href":"https:\/\/evertonfc.cz\/index.php\/wp-json\/wp\/v2\/posts"}],"about":[{"href":"https:\/\/evertonfc.cz\/index.php\/wp-json\/wp\/v2\/types\/post"}],"author":[{"embeddable":true,"href":"https:\/\/evertonfc.cz\/index.php\/wp-json\/wp\/v2\/users\/23"}],"replies":[{"embeddable":true,"href":"https:\/\/evertonfc.cz\/index.php\/wp-json\/wp\/v2\/comments?post=3156"}],"version-history":[{"count":5,"href":"https:\/\/evertonfc.cz\/index.php\/wp-json\/wp\/v2\/posts\/3156\/revisions"}],"predecessor-version":[{"id":26353,"href":"https:\/\/evertonfc.cz\/index.php\/wp-json\/wp\/v2\/posts\/3156\/revisions\/26353"}],"wp:featuredmedia":[{"embeddable":true,"href":"https:\/\/evertonfc.cz\/index.php\/wp-json\/wp\/v2\/media\/1418"}],"wp:attachment":[{"href":"https:\/\/evertonfc.cz\/index.php\/wp-json\/wp\/v2\/media?parent=3156"}],"wp:term":[{"taxonomy":"category","embeddable":true,"href":"https:\/\/evertonfc.cz\/index.php\/wp-json\/wp\/v2\/categories?post=3156"},{"taxonomy":"post_tag","embeddable":true,"href":"https:\/\/evertonfc.cz\/index.php\/wp-json\/wp\/v2\/tags?post=3156"}],"curies":[{"name":"wp","href":"https:\/\/api.w.org\/{rel}","templated":true}]}}