{"id":316,"date":"2011-10-12T15:54:34","date_gmt":"2011-10-12T13:54:34","guid":{"rendered":"http:\/\/evertonfc.cz\/?p=316"},"modified":"2019-12-15T14:11:19","modified_gmt":"2019-12-15T13:11:19","slug":"duncan-ferguson","status":"publish","type":"post","link":"https:\/\/evertonfc.cz\/index.php\/2011\/10\/12\/duncan-ferguson\/","title":{"rendered":"Legenda: Duncan Ferguson"},"content":{"rendered":"<h4 id=\"NewsPostDetailSummary\">Novodob\u00e1 legenda Goodison Parku, hrdina fanou\u0161k\u016f, srdca\u0159. Je mnoho p\u0159\u00edvlastk\u016f, kter\u00e9 symbolizuj\u00ed postavu i charakter Duncana Fergusona, fotbalisty nesmazateln\u011b zapsan\u00e9ho v srdc\u00edch v\u0161ech fand\u016f Blues, av\u0161ak jedno slovo jej vystihuje dokonale&#8230;<\/h4>\n<div id=\"NewsPostDetailContent\">\n<p>&#8230; to slovo je Evertonian. V dne\u0161n\u00edm fotbale zka\u017een\u00e9m pen\u011bzi, touhou po okam\u017eit\u00e9m \u00fasp\u011bchu a \u017eold\u00e1ctv\u00edm, je \u010d\u00edm d\u00e1l vz\u00e1cn\u011bj\u0161\u00ed narazit na hr\u00e1\u010de, pro n\u011bho\u017e p\u0159edstavuje mo\u017enost obl\u00e9knout si dres sv\u00e9ho milovan\u00e9ho klubu, obrovskou \u010dest. Jedn\u00edm z takov\u00fdch byl i fotbalista jemu\u017e budou pat\u0159it n\u00e1sleduj\u00edc\u00ed \u0159\u00e1dky, mu\u017e oddan\u00fd jedin\u00e9mu klubu, mu\u017e kter\u00fd si na d\u016fkaz sv\u00e9 v\u011brnosti nechal na rameno vytetovat klubov\u00fd znak, mu\u017e kter\u00fd by pro Everton pro\u0161el betonovou zd\u00ed. Duncan Ferguson.<\/p>\n<p>Jedn\u00edm z hlavn\u00edch rys\u016f, kter\u00e9 skotsk\u00e9ho \u00fato\u010dn\u00edka charakterizovaly, byla jeho bojovnost a temperament, kter\u00fd \u0161el nez\u0159\u00eddkakdy ruku v ruce s \u010dast\u00fdmi disciplin\u00e1rn\u00edmi proh\u0159e\u0161ky. Ne nadarmo si Ferguson vydobyl u obr\u00e1nc\u016f jako John Terry \u010di Sami Hyppia status hr\u00e1\u010de, jen\u017e se jim br\u00e1n\u00ed ze v\u0161ech nejh\u016f\u0159e. Zkr\u00e1tka Duncan se nikdy s nik\u00fdm moc nep\u00e1ral a jednal tak jak uznal za vhodn\u00e9. Jako p\u0159\u00edklad m\u016f\u017eeme pou\u017e\u00edt situaci, kdy Duncan chytne obr\u00e1nce Leicesteru City, Steffena Freunda pod krkem, za co\u017e samoz\u0159ejm\u011b spat\u0159\u00ed \u010dervenou kartu, \u010di moment, kdy Duncan svrhne Paula Ince z Liverpoolu rukama na zem, jakoby hadrov\u00e9ho pan\u00e1ka. Ale pr\u00e1v\u011b i pro tyto momenty se &#8222;Big Dunc&#8220; t\u011b\u0161\u00ed u Evertonians tak velk\u00e9 oblib\u011b.<\/p>\n<p>Duncan p\u0159i\u0161el na sv\u011bt 27. prosince 1971 ve skotsk\u00e9m Stirlingu. Fotbalov\u00fdm dovednostem se za\u010dal u\u010dit v Carse Thistle, za kter\u00fd tak\u00e9 v roce 1989 odehr\u00e1l prvn\u00ed profesion\u00e1ln\u00ed z\u00e1pas sv\u00e9 kari\u00e9ry. Tam v\u0161ak p\u016fsobil jen rok, pozd\u011bji si jeho schopnost\u00ed v\u0161iml v\u011bhlasn\u011bj\u0161\u00ed Dundee United a tak se Duncan st\u011bhoval za prvn\u00ed velkou v\u00fdzvou sv\u00e9 za\u010d\u00ednaj\u00edc\u00ed kari\u00e9ry. Debut v dresu United si Duncan odbyl v osmn\u00e1cti letech v z\u00e1pase proti Rangers na Ibrox Stadium, kter\u00fd jeho nov\u00fd klub zvl\u00e1dl a zv\u00edt\u011bzil 2:1. Duncan se v z\u00e1pase uvedl solidn\u011b a nad\u00e1le nastupoval pravideln\u011b v prvn\u00edm t\u00fdmu. Ve stejn\u00e9 sezon\u011b, tedy ro\u010dn\u00edku 1990\/91 Dundee dos\u00e1hlo na zisk Skotsk\u00e9ho poh\u00e1ru, \u010demu\u017e mlad\u00fd \u00fato\u010dn\u00edk vydatn\u011b pomohl. I dal\u0161\u00ed dv\u011b sezony se Duncanovi povedly, v obou na konci sezony v\u00e9vodil klubov\u00e9 tabulce st\u0159elc\u016f. Dundee si sv\u00e9ho kanon\u00fdra st\u0159e\u017eilo; odm\u00edtlo nab\u00eddky jak Bayernu Mnichov \u010di Chelsea. Neodolalo v\u0161ak lukrativn\u00ed nab\u00eddce \u010dty\u0159 milion\u016f liber, toho \u010dasu rekordn\u00ed britsk\u00e9 p\u0159estupov\u00e9 \u010d\u00e1stce, kterou nab\u00edzeli Rangers.<\/p>\n<p>Ferguson tedy nabral sm\u011br\u00a0Glasgow.\u00a0V\u00a0nejv\u011bt\u0161\u00edm m\u011bst\u011b Skotska, kam p\u0159estoupil v roce 1993,\u00a0se mu ale neda\u0159ilo tak jako v Dundee. Nevyrovnan\u00e9 v\u00fdkony\u00a0st\u0159\u00eddal s \u010dast\u00fdm pobytem na marodce a tak za The Gers b\u011bhem jedin\u00e9 sezony nastoupil jen ve \u010dtrn\u00e1cti z\u00e1pasech, k nim\u017e p\u0159idal p\u011bt branek.<\/p>\n<p>Mezit\u00edm se v Anglii v\u016fbec neda\u0159ilo Evertonu.\u00a0T\u00fdm pod mana\u017eerem Mikem Walkerem pod\u00e1val mizern\u00e9 v\u00fdkony a Walker se tak miz\u00e9rii sna\u017eil vy\u0159e\u0161it ziskem hr\u00e1\u010d\u016f na hostov\u00e1n\u00ed. Vhod mu tedy p\u0159i\u0161lo zap\u016fj\u010den\u00ed dvou hr\u00e1\u010d\u016f &#8211; Iana Durranta a Duncana Fergusona, kter\u00e9mu v Rangers Walter Smith p\u0159\u00edli\u0161 ned\u016fv\u011b\u0159oval. To se psal \u0159\u00edjen 1994. Evertonians \u017eij\u00edc\u00ed ve strachu, \u017ee by jejich klub mohl po v\u00edce ne\u017e \u010dty\u0159iceti letech spadnout do druh\u00e9 nejvy\u0161\u0161\u00ed sout\u011b\u017ee, toho o nov\u011b p\u0159\u00edchoz\u00edch p\u0159\u00edli\u0161 nev\u011bd\u011bli a o Fergusonovi u\u017e v\u016fbec ne.<\/p>\n<p>Uplynul m\u011bs\u00edc a Walker se z mana\u017eersk\u00e9ho k\u0159esla na Goodison Parku o\u010dek\u00e1van\u011b pakoval. Jeho m\u00edsto zaujal b\u00fdval\u00fd v\u011bhlasn\u00fd \u00fato\u010dn\u00edk Toffees, Joe Royle. Ten\u00a0ve vyt\u00e1hl\u00e9m Skotovi vyc\u00edtil potenci\u00e1l\u00a0a za \u010dty\u0159i miliony liber jej z\u00edskal natrvalo. Kdo mohl tu\u0161it, \u017ee za patn\u00e1ct let se tento &#8222;zelen\u00e1\u010d&#8220; bude uch\u00e1zet o m\u00edsto v klubov\u00e9 s\u00edni sl\u00e1vy.<\/p>\n<p>Ov\u0161em Duncan nikoho nenechal na pochyb\u00e1ch a okam\u017eit\u011b se uvedl ve sv\u00e9 pln\u00e9 par\u00e1d\u011b. Ve sv\u00e9m debutov\u00e9m utk\u00e1n\u00ed v dresu Royal Blue vst\u0159elil jeden ze dvou g\u00f3l\u016f do s\u00edt\u011b Liverpoolu. Lep\u0161\u00ed premi\u00e9ru si mlad\u00fd forvard p\u0159\u00e1t nemohl. Povzbudiv\u00e1 v\u00fdhra nad m\u011bstsk\u00fdm rivalem nalila hr\u00e1\u010d\u016fm Evertonu do \u017eil novou krev a v n\u00e1sleduj\u00edc\u00edch t\u0159ech z\u00e1pasech Blues z\u00edskali pln\u00fd bodov\u00fd zisk, co\u017e jim sta\u010dilo na to, aby unikli do klidn\u011bj\u0161\u00edch vod tabulky. Osm branek z 23 z\u00e1pas\u016f sta\u010dilo k tomu, aby se Duncan stal v hledi\u0161ti jedn\u00edm z nejv\u011bt\u0161\u00edch obl\u00edbenc\u016f Evertonians. Sv\u00fdmi g\u00f3ly toti\u017e mimo z\u00e1chrany v nejvy\u0161\u0161\u00ed sout\u011b\u017ei, pomohl sv\u00e9mu nov\u00e9mu klubu vybojovat i fin\u00e1le Anglick\u00e9ho poh\u00e1ru. Ve fin\u00e1lov\u00e9m z\u00e1pase proti Manchesteru United, t\u00fdmu, kter\u00fd s\u00e1m Ferguson o n\u011bkolik t\u00fddn\u016f d\u0159\u00edve p\u0159esnou hlavi\u010dkou skolil v lize, se na h\u0159i\u0161t\u011b dostal jako st\u0159\u00eddaj\u00edc\u00ed hr\u00e1\u010d a dopomohl Toffees ubr\u00e1nit jednobrankov\u00fd n\u00e1skok.<\/p>\n<p>S p\u00e1t\u00fdm FA Cupem v kapse tak mnoz\u00ed vyhl\u00ed\u017eeli n\u00e1sleduj\u00edc\u00ed sezonu pln\u00ed nad\u011bje. V letn\u00edm p\u0159estupov\u00e9m term\u00ednu nav\u00edc na Goodison Park dorazil vyhl\u00e1\u0161en\u00fd st\u0159elec Andrei Kanchelskis, od kter\u00e9ho si fanou\u0161ci slibovali, \u017ee spolu s Fergusonem vytvo\u0159\u00ed \u00fadernou \u00fato\u010dnou dvojici. Nicm\u00e9n\u011b vyklouben\u00e9 rameno vy\u0159adilo na n\u011bkolik m\u011bs\u00edc\u016f ukrajinsk\u00e9ho fotbalistu ze hry.\u00a0Kdy\u017e se nov\u011b p\u0159\u00edchoz\u00ed \u00fato\u010dn\u00edk kone\u010dn\u011b uzdravil, na marodku pro zm\u011bnu putoval Duncan, a to kv\u016fli dlouhotrvaj\u00edc\u00ed k\u00fdle. Tehdy se u\u017e ov\u0161em objevila i odvr\u00e1cen\u011bj\u0161\u00ed tv\u00e1\u0159 skotsk\u00e9ho rebela. Po rva\u010dce s Johnem McStayem ze skotsk\u00fdch Raith Rovers si pobyl n\u011bkolik dn\u00ed ve v\u011bzen\u00ed a od veden\u00ed se do\u010dkal n\u011bkolikaz\u00e1pasov\u00e9ho trestu. Joe Royle rozru\u0161en\u00fd ze ztr\u00e1ty obou \u00fato\u010dn\u00edk\u016f, pozd\u011bji tvrdil, \u017ee pokud by m\u011bl Fergusona i Kanchelskise po celou sezonu k dispozici, Everton by atakoval kvalifikaci do evropsk\u00fdch poh\u00e1r\u016f. To se koneckonc\u016f t\u00fdmu m\u00e1lem povedlo. Evertonu toti\u017e m\u00edsto v poh\u00e1ru b\u011bhem posledn\u00edho dne sezony 1995\/96 ukradl Dennis Bergkamp z Arsenalu, kdy\u017e zajistil sv\u00e9mu celku v\u00fdhru nad sestupuj\u00edc\u00edm Boltonem a z\u00e1rove\u0148 tak Gunners posunul na m\u00edsto postupuj\u00edc\u00edho do poh\u00e1ru UEFA.<\/p>\n<p>Sezona 1996\/97 za\u010dala pro &#8222;Big Dunca&#8220; slibn\u011b. Sv\u00e9mu t\u00fdmu cht\u011bl od\u010dinit lo\u0148sk\u00e9 probl\u00e9my a dychtiv\u011b tou\u017eil po g\u00f3lech. V \u00favodn\u00edch t\u0159ech z\u00e1pasech sezony podal fenomen\u00e1ln\u00ed v\u00fdkony, mezi n\u011b\u017e pat\u0159\u00ed i rem\u00edza 2:2 s Manchesterem United, ov\u0161em \u010dert tomu tak cht\u011bl a Duncana ze hry vy\u0159adilo dal\u0161\u00ed v\u00e1\u017en\u00e9 zran\u011bn\u00ed, tentokr\u00e1t kolene, kter\u00e9 si nutn\u011b vy\u017e\u00e1dalo operaci. P\u0159esto se Skot dok\u00e1zal na tr\u00e1vn\u00edky ve stejn\u00e9 sezon\u011b vr\u00e1tit a op\u011bt dopomohl zahnat stra\u0161\u00e1ka v podob\u011b sestupu. To u\u017e u kormidla Evertonu nicm\u00e9n\u011b nebyl Joe Royle, jen\u017e v b\u0159eznu 1997 rezignoval.<\/p>\n<p>Fra\u0161kovit\u00e9 hled\u00e1n\u00ed nov\u00e9ho mana\u017eera v l\u00e9t\u011b 1997 jakoby p\u0159edznamen\u00e1valo nadch\u00e1zej\u00edc\u00ed m\u011bs\u00edce zklam\u00e1n\u00ed. V\u00fdborn\u00e1 forma a hr\u00e1\u010dsk\u00e1 vysp\u011blost sice ukazovala Duncanovu v\u016fli splatit klubu v\u0161echny dluhy, co\u017e fanou\u0161ci oce\u0148ovali a Big Dunc se v ochozech stal nadobro modlou, jen\u017ee t\u0159et\u00ed n\u00e1vrat Howarda Kendalla na mana\u017eerskou \u017eidli dopadl p\u0159\u00edmo katastrof\u00e1ln\u011b. P\u0159ed V\u00e1noci, kdy byla Duncanovi mimochodem p\u0159id\u011blena kapit\u00e1nsk\u00e1 p\u00e1ska, se Everton opakovan\u011b ut\u00e1p\u011bl v sestupov\u00fdch vod\u00e1ch. Nad\u011bji a odhodl\u00e1n\u00ed dod\u00e1val spoluhr\u00e1\u010d\u016fm pr\u00e1v\u011b talisman Duncan a t\u00fdm tak dovedl k z\u00e1chran\u011b by\u0165 velmi t\u011bsn\u00e9 a vyd\u0159en\u00e9.<\/p>\n<p>Mezin\u00e1rodn\u00ed z\u00e1pasy v n\u00e1rodn\u00edm dresu sv\u00e9 zem\u011b, b\u00fdvaj\u00ed pro v\u011bt\u0161inu hr\u00e1\u010d\u016f poctou. Ne \u017ee by Duncan nebyl hrd\u00fd na svou n\u00e1rodnost, u n\u011bj se ov\u0161em problematika reprezentov\u00e1n\u00ed Skotska\u00a0m\u011bla trochu jinak.\u00a0V roce 1997 Duncan informoval skotskou fotbalovou asociaci, \u017ee u\u017e Tartan Army d\u00e1le reprezentovat nebude. U\u010dinil tak z d\u016fvodu vzdoru proti rozhodnut\u00ed skotsk\u00e9 FA, kter\u00e1 se o rok d\u0159\u00edve rozhodla ud\u011blit fotbalistovi dvan\u00e1ctiz\u00e1pasov\u00fd reprezenta\u010dn\u00ed z\u00e1kaz kv\u016fli ji\u017e zm\u00edn\u011bn\u00e9mu incidentu, jen\u017e m\u011bl za n\u00e1sledek pobyt ve v\u011bzen\u00ed. Duncan tak z\u016fstal pouze u sedmi reprezenta\u010dn\u00edch start\u016f.<\/p>\n<p>I p\u0159esto, \u017ee Howard Kendall tedy dovedl Everton k z\u00e1chran\u011b, klubov\u00e9 veden\u00ed v \u010dele s p\u0159edsedou Peterem Johnsonem, dosadilo na m\u00edsto jeho n\u00e1stupce Waltera Smithe. Jeho jmenov\u00e1n\u00ed a Johnson\u016fv slib zaru\u010duj\u00edc\u00ed dostatek finan\u010dn\u00edch prost\u0159edk\u016f k z\u00edsk\u00e1n\u00ed nov\u00fdch posil, ohla\u0161ovalo na Goodisonu nov\u00fd za\u010d\u00e1tek. To, \u017ee Everton ji\u017e nebojoval o z\u00e1chranu sice nebylo p\u0159\u00edli\u0161nou satisfakc\u00ed, ale samotn\u00e1 Fergusonova p\u0159\u00edtomnost a jeho efektivnost ve vzduchu, znamenala, \u017ee t\u00fdm se na sv\u00e9ho l\u00eddra m\u016f\u017ee pln\u011b spolehnout. I p\u0159esto, \u017ee v t\u00fdmu toho \u010dasu p\u016fsobilo n\u011bkolik schopn\u00fdch z\u00e1lo\u017en\u00edk\u016f jako Nick Barmby, John Collins \u010di Don Hutchinson a obr\u00e1nci ostatn\u00edch klub\u016f se museli pomalu u\u010dit jak si s touto hrozbou poradit, v\u00fdsledky se nedostavovaly a nespokojenost nar\u016fstala. Znepokojen\u00ed nabralo na intenzit\u011b ve t\u0159et\u00edm kole Ligov\u00e9ho poh\u00e1ru proti Sunderlandu, kdy do\u0161lo na pokutov\u00e9 kopy. Kapit\u00e1n Ferguson tehdy odm\u00edtl exekuci penalty, Everton z poh\u00e1ru vypadl a o t\u00fdden pozd\u011bji ji\u017e Duncan Ferguson nebyl hr\u00e1\u010dem Evertonu.<\/p>\n<p>Ve snaze uspokojit bank\u00e9\u0159e, byl Ferguson prod\u00e1n Walteru Smithovi p\u0159\u00edmo pod rukama. V pozad\u00ed ve\u010dern\u00edho utk\u00e1n\u00ed s Newcastlem, byly se stejn\u00fdm klubem vedeny vyjedn\u00e1v\u00e1n\u00ed a nakonec Duncan p\u0159estoupil za \u010d\u00e1stku osm milion\u016f liber na St. James\u00b4 Park. Okam\u017eit\u011b po ozn\u00e1men\u00ed zpr\u00e1vy, se\u00a0mezi Evertonians objevila obrovsk\u00e1 vlna \u0161oku a negativn\u00edch reakc\u00ed. Fanou\u0161ci nebyli ani tak rozru\u0161eni faktem, \u017ee Duncan byl prod\u00e1n, ale sp\u00ed\u0161 t\u00edm, jak\u00fdm zp\u016fsobem. Johnson byl nakonec p\u0159inucen odstoupit ze sv\u00e9 funkce.<\/p>\n<p>Duncan sice nen\u00ed dokonal\u00fdm \u010dlov\u011bkem, nezanedbateln\u00fd je i jeho \u010das, kter\u00fd str\u00e1vil kv\u016fli r\u016fzn\u00fdm zran\u011bn\u00edm mimo hru, ale jeho styl hry, jeho \u00factyhodn\u00e1 bilance v z\u00e1pasech proti Liverpoolu, jeho odhodl\u00e1n\u00ed pro Everton ud\u011blat prvn\u00ed posledn\u00ed a v neposledn\u00ed \u0159ad\u011b jeho slavn\u00e9 klubov\u00e9 tetov\u00e1n\u00ed jej za\u0159adilo do klubov\u00e9ho folkloru. Fanou\u0161ci byli pravd\u011bpodobn\u011b p\u0159ipraveni kapitolu s n\u00e1zvem Duncan Ferguson uzav\u0159\u00edt, jen\u017ee v srpnu 2000 byl ztracen\u00fd syn zp\u00e1tky.<\/p>\n<p>V Newcastlu se Big Duncovi v\u016fbec neda\u0159ilo, b\u011bhem dvou sezon, kter\u00e1 z velk\u00e9 \u010d\u00e1sti zaplnila op\u011bt zran\u011bn\u00ed, si Duncan zahr\u00e1l ve t\u0159iceti z\u00e1pasech, v nich\u017e se trefil osmkr\u00e1t. Everton byl nav\u00edc pro p\u00e1r prvn\u00edch m\u011bs\u00edc\u016f sezony 2000\/01 bez hlavn\u00edho \u00fato\u010dn\u00edka Kevina Campbella a tak se mohl slavit velk\u00fd n\u00e1vrat, pod n\u00edm\u017e je podeps\u00e1n ji\u017e sou\u010dasn\u00fd p\u0159edseda Bill Kenwright. Evertonians se p\u0159i jeho n\u00e1vratu rozd\u011blili na dva t\u00e1bory. Jedni slavili n\u00e1vrat klubov\u00e9ho talismanu dom\u016f, druz\u00ed a\u010d byli v men\u0161in\u011b, s p\u0159estupem nesouhlasili a to kv\u016fli zejm\u00e9na jeho vlekl\u00fdm probl\u00e9m\u016fm se zran\u011bn\u00edmi. Everton Newcastlu zaplatil 3,75 milion\u016f liber.<\/p>\n<p>Ironie zakoupen\u00ed \u010dasto zran\u011bn\u00e9ho hr\u00e1\u010de, kter\u00fd nahrad\u00ed jin\u00e9ho zran\u011bn\u00e9ho hr\u00e1\u010de se z\u00e1hy potvrdila. Ferguson se zranil ji\u017e ve sv\u00e9m druh\u00e9m z\u00e1pase. Po celou sezonu vyst\u0159\u00eddal obdob\u00ed kdy hr\u00e1l a pak op\u011bt p\u0159i\u0161lo zran\u011bn\u00ed. Opakuj\u00edc\u00ed se pot\u00ed\u017ee nakonec vyvrcholily v operaci ale i tak stihl Duncan v sezon\u011b odehr\u00e1t t\u0159in\u00e1ct z\u00e1pas\u016f ve kter\u00fdch vs\u00edtil \u0161est branek.<\/p>\n<p>Podobn\u011b to s Big Duncem bylo i v dal\u0161\u00edch sezon\u00e1ch. Svou formu, kterou prokazoval ve sv\u00e9m prvn\u00edm p\u016fsoben\u00ed v Evertonu, ji\u017e pot\u00e9 nena\u0161el. Sice se zd\u00e1lo \u017ee omezil svou pov\u011bstnou v\u00fdbu\u0161nost k protihr\u00e1\u010d\u016fm i rozhod\u010d\u00edm, na druhou stranu Duncan vypadal, \u017ee ztr\u00e1c\u00ed motivaci, svou pohyblivost a hlad po g\u00f3lech. Po n\u011bkolika p\u0159eru\u0161ovan\u00fdch pokusech o n\u00e1vrat do pln\u00e9 kondice a mnoh\u00fdch z\u00e1zra\u010dn\u00fdch l\u00e9\u010div\u00fdch k\u016fr\u00e1ch, se p\u0159i\u0161lo na p\u0159\u00ed\u010dinu chronick\u00fdch zran\u011bn\u00ed skotsk\u00e9ho \u00fato\u010dn\u00edka. Jist\u00fd n\u011bmeck\u00fd doktor sice nejd\u0159\u00edve ozn\u00e1mil, \u017ee Duncan m\u00e1 probl\u00e9my s krv\u00ed, ov\u0161em skute\u010dn\u00e1 p\u0159\u00ed\u010dina tkv\u011bla ve stla\u010den\u00e9m sedac\u00edm nervu. P\u0159i operaci l\u00e9ka\u0159i zjistili, \u017ee m\u00edsto toho, aby byl nerv v\u00e1lcovit\u00e9ho tvaru, byl zcela ploch\u00fd. Klubov\u00fd fyzioterapeut ozn\u00e1mil, \u017ee t\u011bmito pot\u00ed\u017eemi Duncan trp\u011bl z\u0159ejm\u011b po \u010dty\u0159i roky a pr\u00fd byl v\u016fbec z\u00e1zrak \u017ee mohl b\u011bhat, i p\u0159esto, \u017ee musel c\u00edtit ohromnou bolest. Probl\u00e9m t\u011bchto zdravotn\u00edch pat\u00e1li\u00ed v\u011bz\u00ed v tom, \u017ee bolest se m\u016f\u017ee objevit kdekoliv &#8211; v noze, v z\u00e1dech, v p\u00e1nvi nebo v t\u0159\u00edslech, tud\u00ed\u017e je velmi slo\u017eit\u00e9 sedac\u00ed nerv diagnostikovat.<\/p>\n<p>Nakonec se tedy Duncan mohl dostat znovu do pln\u00e9 kondice a znovu za\u010d\u00edt st\u0159\u00edlet g\u00f3ly\u00a0v sezon\u011b 2003\/04. Jako d\u016fkaz toho, \u017ee star\u00fd Big Dunc je zp\u00e1tky m\u016f\u017ee slou\u017eit\u00a0nazv\u00e1n\u00ed Louise Boa Morteho z Fulhamu &#8222;\u010dernou kurvou&#8220;. Krom\u011b tohoto v\u00fdst\u0159elku se ale celkem dr\u017eel na uzd\u011b, dokud&#8230;<\/p>\n<p>Dokud nep\u0159i\u0161el z\u00e1pas s Leicesterem, kdy Big Duncovi znovu zrudlo p\u0159ed o\u010dima a situace vyplynula k v\u00fd\u0161e zm\u00edn\u011bn\u00e9mu incidentu. Duncan se po druh\u00e9 \u017elut\u00e9 kart\u011b porou\u010del ze h\u0159i\u0161t\u011b.<\/p>\n<p>P\u0159i\u0161el rok 2002 a Waltera Smithe, kter\u00fd se vr\u00e1til dom\u016f k Rangers, vyst\u0159\u00eddal mlad\u00fd a ambici\u00f3zn\u00ed David Moyes. Ani pod n\u00edm u\u017e Duncan nebyl ve sv\u00e9 top form\u011b a pro skotsk\u00e9ho mana\u017eera se tak stal \u017eol\u00edkem. Jako n\u00e1hradn\u00edk si tak zahr\u00e1l v t\u00e9m\u011b\u0159 ka\u017ed\u00e9m z\u00e1pase. V\u00a0duelu s Charltonem z\u00edskal u\u017e sedmou \u010dervenou kartu sv\u00e9 kari\u00e9ry v Merseyside. Stalo se tak po loktu v tv\u00e1\u0159i Hreidara Hreidarssona.<\/p>\n<p>Jak z \u010dl\u00e1nku vypl\u00fdv\u00e1, Duncan se stal legendou ani na h\u0159i\u0161ti, ale hlavn\u011b mimo n\u011bj. Sv\u016fj potenci\u00e1l ale mohl rozvinout daleko v\u00edce. Kr\u00e1tk\u00e1 perioda z podzimu 1994 tomu napov\u00eddala. Ospravedl\u0148ovat jej mohou jeho \u010dast\u00e9 zdravotn\u00ed probl\u00e9my ale ji\u017e jen gesta a pochopen\u00ed toho, co pro\u00a0fanou\u0161ky znamenal a co znamen\u00e1\u00a0m\u00edt mo\u017enost obl\u00e9kat na sebe modr\u00fd dres\u00a0potvrzuj\u00ed jeho legend\u00e1rn\u00ed status. Kdy\u017e v roce 2005 p\u0159estoupil do Realu Madrid Tommy Gravesen, jeho ztr\u00e1ta byla citeln\u011b zn\u00e1t. Big Dunc ale na sebe vzal zodpov\u011bdnost, a jako \u017eol\u00edk vyst\u0159\u00edlel Evertonu n\u011bkolik velmi cenn\u00fdch bod\u016f, kter\u00e9 dopomohly tomu, \u017ee Toffees nabourali hierarchii big four a postoupili do kvalifikace o Ligu Mistr\u016f. Duncan\u016fv v\u00edt\u011bzn\u00fd g\u00f3l Manchesteru United byl jen t\u0159e\u0161ni\u010dkou na dortu neo\u010dek\u00e1van\u011b vynikaj\u00edc\u00ed sezony.<\/p>\n<p>Kdy\u017e se schylovalo k definitivn\u00edmu konci Fergusonovy kari\u00e9ry na Goodison Parku, David Moyes nab\u00eddl zku\u0161en\u00e9mu \u00fato\u010dn\u00edkovi ro\u010dn\u00ed prodlou\u017een\u00ed kontraktu. Big Dunc podle o\u010dek\u00e1v\u00e1n\u00ed na nab\u00eddku p\u0159istoupil. Svou posledn\u00ed sezonu ve sv\u00e9m milovan\u00e9m klubu si ur\u010dit\u011b p\u0159edstavoval jinak, proto\u017ee vst\u0159elil jen jedin\u00fd g\u00f3l. Ten ale p\u0159i\u0161el v tom nejide\u00e1ln\u011bj\u0161\u00edm momentu. Posledn\u00ed z\u00e1pas sezony 2005\/06, na Goodison Park p\u0159ij\u00ed\u017ed\u00ed West Bromwich Albion a deset minut p\u0159ed koncem vede o dv\u011b branky. O sn\u00ed\u017een\u00ed se ale postar\u00e1 mlad\u00ed\u010dek Victor Anichebe a v posledn\u00ed minut\u011b z\u00e1pasu dost\u00e1v\u00e1 Everton mo\u017enost kopat pokutov\u00fd kop. Zodpov\u011bdnost na sebe ani nem\u016f\u017ee vz\u00edt nikdo jin\u00fd ne\u017e Duncan. Jeho r\u00e1nu sice Thomas Kusczak vyr\u00e1\u017e\u00ed, ov\u0161em p\u0159\u00edmo k noh\u00e1m Duncana a ten st\u0159\u00edl\u00ed sv\u016fj posledn\u00ed g\u00f3l za Everton v posledn\u00ed minut\u011b z\u00e1pasu a v posledn\u00edm utk\u00e1n\u00ed sv\u00e9 kari\u00e9ry. Ide\u00e1ln\u011bj\u0161\u00ed konec byste nevymysleli.<\/p>\n<p>Po skon\u010den\u00ed z\u00e1pasu n\u00e1sledovalo emotivn\u00ed kole\u010dko kolem tribun, Duncan se naposledy lou\u010dil se sv\u00fdmi Evertonians. V tu chv\u00edli cel\u00fd Goodison Park st\u00e1l a tleskal. Tleskal skute\u010dn\u00e9 legend\u011b.<\/p>\n<p><em>\u201eEmoce, kter\u00e9 jsem na konci z\u00e1pasu uc\u00edtil, kdy\u017e jsem uvid\u011bl svou rodinu a cel\u00fd Goodison Park aplaudovat, byly ohromuj\u00edc\u00ed. Byl to \u010dist\u011b magick\u00fd moment, na kter\u00fd nikdy nezapomenu.\u201c<\/em><\/p>\n<table border=\"1\" width=\"100%\" frame=\"void\" cellpadding=\"3\" align=\"center\">\n<tbody>\n<tr>\n<td colspan=\"8\">\n<h4><strong>Statistiky v Evertonu<\/strong><\/h4>\n<\/td>\n<\/tr>\n<tr bgcolor=\"#ffffff\">\n<td width=\"47\"><strong>Sez\u00f3na<\/strong><\/td>\n<td style=\"text-align: center;\" width=\"47\"><b>\u010c\u00edslo dresu<\/b><\/td>\n<td style=\"text-align: center;\" width=\"69\"><strong>Ligov\u00e9 starty (st\u0159\u00eddal)<\/strong><\/td>\n<td style=\"text-align: center;\" width=\"51\">Ligov\u00e9 g\u00f3ly<\/td>\n<td style=\"text-align: center;\" width=\"63\">Poh\u00e1rov\u00e9 starty (st\u0159\u00eddal)<\/td>\n<td style=\"text-align: center;\" width=\"65\">Poh\u00e1rov\u00e9 g\u00f3ly<\/td>\n<td style=\"text-align: center;\" width=\"65\">Celkem starty (st\u0159\u00eddal)<\/td>\n<td style=\"text-align: center;\" width=\"56\"><b>Celkem g\u00f3ly<\/b><\/td>\n<\/tr>\n<tr bgcolor=\"#ffffff\">\n<td style=\"text-align: left;\" width=\"65\"><strong>1994-95<\/strong><\/td>\n<td style=\"text-align: center;\" width=\"47\">9<\/td>\n<td style=\"text-align: center;\" width=\"69\">22 (1)<\/td>\n<td style=\"text-align: center;\" width=\"51\">7<\/td>\n<td style=\"text-align: center;\" width=\"43\">4 (1)<\/td>\n<td style=\"text-align: center;\" width=\"63\">1<\/td>\n<td style=\"text-align: center;\" width=\"65\">26 (2)<\/td>\n<td style=\"text-align: center;\" width=\"56\">8<\/td>\n<\/tr>\n<tr bgcolor=\"#ffffff\">\n<td width=\"65\"><strong>1995-96<\/strong><\/td>\n<td style=\"text-align: center;\" width=\"47\">9<\/td>\n<td style=\"text-align: center;\" width=\"69\">16 (2)<\/td>\n<td style=\"text-align: center;\" width=\"51\">5<\/td>\n<td style=\"text-align: center;\" width=\"43\">2 (0)<\/td>\n<td style=\"text-align: center;\" width=\"63\">2<\/td>\n<td style=\"text-align: center;\" width=\"65\">18 (2)<\/td>\n<td style=\"text-align: center;\" width=\"56\">7<\/td>\n<\/tr>\n<tr bgcolor=\"#ffffff\">\n<td style=\"text-align: left;\" width=\"65\"><strong>1996-97<\/strong><\/td>\n<td style=\"text-align: center;\" width=\"47\">9<\/td>\n<td style=\"text-align: center;\" width=\"69\">31 (2)<\/td>\n<td style=\"text-align: center;\" width=\"51\">10<\/td>\n<td style=\"text-align: center;\" width=\"43\">3 (0)<\/td>\n<td style=\"text-align: center;\" width=\"63\">1<\/td>\n<td style=\"text-align: center;\" width=\"65\">34 (2)<\/td>\n<td style=\"text-align: center;\" width=\"56\">11<\/td>\n<\/tr>\n<tr bgcolor=\"#ffffff\">\n<td width=\"65\"><strong>1997-98<\/strong><\/td>\n<td style=\"text-align: center;\" width=\"47\">9<\/td>\n<td style=\"text-align: center;\" width=\"69\">28 (1)<\/td>\n<td style=\"text-align: center;\" width=\"51\">11<\/td>\n<td style=\"text-align: center;\" width=\"43\">3 (0)<\/td>\n<td style=\"text-align: center;\" width=\"63\">0<\/td>\n<td style=\"text-align: center;\" width=\"65\">31 (1)<\/td>\n<td style=\"text-align: center;\" width=\"56\">11<\/td>\n<\/tr>\n<tr bgcolor=\"#ffffff\">\n<td width=\"65\"><strong>1998-99<\/strong><\/td>\n<td style=\"text-align: center;\" width=\"47\">9<\/td>\n<td style=\"text-align: center;\" width=\"69\">13 (0)<\/td>\n<td style=\"text-align: center;\" width=\"51\">4<\/td>\n<td style=\"text-align: center;\" width=\"43\">4 (0)<\/td>\n<td style=\"text-align: center;\" width=\"63\">1<\/td>\n<td style=\"text-align: center;\" width=\"65\">17 (0)<\/td>\n<td style=\"text-align: center;\" width=\"56\">5<\/td>\n<\/tr>\n<tr bgcolor=\"#ffffff\">\n<td width=\"65\"><strong>2000-01<\/strong><\/td>\n<td style=\"text-align: center;\" width=\"47\">24<\/td>\n<td style=\"text-align: center;\" width=\"69\">9 (3)<\/td>\n<td style=\"text-align: center;\" width=\"51\">6<\/td>\n<td style=\"text-align: center;\" width=\"43\">1 (0)<\/td>\n<td style=\"text-align: center;\" width=\"63\">0<\/td>\n<td style=\"text-align: center;\" width=\"65\">10 (3)<\/td>\n<td style=\"text-align: center;\" width=\"56\">6<\/td>\n<\/tr>\n<tr bgcolor=\"#ffffff\">\n<td width=\"65\"><strong>2001-02<\/strong><\/td>\n<td style=\"text-align: center;\" width=\"47\">10<\/td>\n<td style=\"text-align: center;\" width=\"69\">17 (5)<\/td>\n<td style=\"text-align: center;\" width=\"51\">6<\/td>\n<td style=\"text-align: center;\" width=\"43\">3 (0)<\/td>\n<td style=\"text-align: center;\" width=\"63\">2<\/td>\n<td style=\"text-align: center;\" width=\"65\">20 (5)<\/td>\n<td style=\"text-align: center;\" width=\"56\">8<\/td>\n<\/tr>\n<tr bgcolor=\"#ffffff\">\n<td width=\"65\"><strong>2002-03<\/strong><\/td>\n<td style=\"text-align: center;\" width=\"47\">10<\/td>\n<td style=\"text-align: center;\" width=\"69\">0 (7)<\/td>\n<td style=\"text-align: center;\" width=\"51\">0<\/td>\n<td style=\"text-align: center;\" width=\"43\">0 (1)<\/td>\n<td style=\"text-align: center;\" width=\"63\">0<\/td>\n<td style=\"text-align: center;\" width=\"65\">0 (8)<\/td>\n<td style=\"text-align: center;\" width=\"56\">0<\/td>\n<\/tr>\n<tr bgcolor=\"#ffffff\">\n<td width=\"65\"><strong>2003-04<\/strong><\/td>\n<td style=\"text-align: center;\" width=\"47\">10<\/td>\n<td style=\"text-align: center;\" width=\"69\">13\u00a0(7)<\/td>\n<td style=\"text-align: center;\" width=\"51\">5<\/td>\n<td style=\"text-align: center;\" width=\"43\">4\u00a0(0)<\/td>\n<td style=\"text-align: center;\" width=\"63\">4<\/td>\n<td style=\"text-align: center;\" width=\"65\">17\u00a0(7)<\/td>\n<td style=\"text-align: center;\" width=\"56\">9<\/td>\n<\/tr>\n<tr bgcolor=\"#ffffff\">\n<td width=\"65\"><strong>2004-05<\/strong><\/td>\n<td style=\"text-align: center;\" width=\"47\">10<\/td>\n<td style=\"text-align: center;\" width=\"69\">6\u00a0(29)<\/td>\n<td style=\"text-align: center;\" width=\"51\">5<\/td>\n<td style=\"text-align: center;\" width=\"43\">2\u00a0(0)<\/td>\n<td style=\"text-align: center;\" width=\"63\">1<\/td>\n<td style=\"text-align: center;\" width=\"65\">8\u00a0(29)<\/td>\n<td style=\"text-align: center;\" width=\"56\">6<\/td>\n<\/tr>\n<tr bgcolor=\"#ffffff\">\n<td width=\"65\"><strong>2005-06<\/strong><\/td>\n<td style=\"text-align: center;\" width=\"47\">9<\/td>\n<td style=\"text-align: center;\" width=\"69\">7\u00a0(19)<\/td>\n<td style=\"text-align: center;\" width=\"51\">1<\/td>\n<td style=\"text-align: center;\" width=\"43\">3\u00a0(3)<\/td>\n<td style=\"text-align: center;\" width=\"63\">0<\/td>\n<td style=\"text-align: center;\" width=\"65\">10\u00a0(22)<\/td>\n<td style=\"text-align: center;\" width=\"56\">1<\/td>\n<\/tr>\n<tr bgcolor=\"#ffffff\">\n<td style=\"text-align: center;\" width=\"47\"><\/td>\n<td style=\"text-align: center;\" width=\"47\"><strong>Celkem<\/strong><\/td>\n<td style=\"text-align: center;\" width=\"69\">162\u00a0(76)<\/td>\n<td style=\"text-align: center;\" width=\"51\">60<\/td>\n<td style=\"text-align: center;\" width=\"43\">29\u00a0(5)<\/td>\n<td style=\"text-align: center;\" width=\"63\">12<\/td>\n<td style=\"text-align: center;\" width=\"65\">191\u00a0(81)<\/td>\n<td style=\"text-align: center;\" width=\"56\">72<\/td>\n<\/tr>\n<\/tbody>\n<\/table>\n<\/div>\n","protected":false},"excerpt":{"rendered":"<p>Novodob\u00e1 legenda Goodison Parku, hrdina fanou\u0161k\u016f, srdca\u0159. Je mnoho p\u0159\u00edvlastk\u016f, kter\u00e9 symbolizuj\u00ed postavu i charakter Duncana Fergusona, fotbalisty nesmazateln\u011b zapsan\u00e9ho&hellip;<\/p>\n","protected":false},"author":7,"featured_media":714,"comment_status":"open","ping_status":"closed","sticky":false,"template":"","format":"standard","meta":{"_eb_attr":"","_monsterinsights_skip_tracking":false,"_monsterinsights_sitenote_active":false,"_monsterinsights_sitenote_note":"","_monsterinsights_sitenote_category":0,"footnotes":""},"categories":[11],"tags":[],"yoast_head":"<!-- This site is optimized with the Yoast SEO plugin v23.4 - https:\/\/yoast.com\/wordpress\/plugins\/seo\/ -->\n<title>Legenda: Duncan Ferguson - Official Czech &amp; Slovak Everton Supporters&#039; Club<\/title>\n<meta name=\"robots\" content=\"index, follow, max-snippet:-1, max-image-preview:large, max-video-preview:-1\" \/>\n<link rel=\"canonical\" href=\"https:\/\/evertonfc.cz\/index.php\/2011\/10\/12\/duncan-ferguson\/\" \/>\n<meta property=\"og:locale\" content=\"cs_CZ\" \/>\n<meta property=\"og:type\" content=\"article\" \/>\n<meta property=\"og:title\" content=\"Legenda: Duncan Ferguson - Official Czech &amp; Slovak Everton Supporters&#039; Club\" \/>\n<meta property=\"og:description\" content=\"Novodob\u00e1 legenda Goodison Parku, hrdina fanou\u0161k\u016f, srdca\u0159. Je mnoho p\u0159\u00edvlastk\u016f, kter\u00e9 symbolizuj\u00ed postavu i charakter Duncana Fergusona, fotbalisty nesmazateln\u011b zapsan\u00e9ho&hellip;\" \/>\n<meta property=\"og:url\" content=\"https:\/\/evertonfc.cz\/index.php\/2011\/10\/12\/duncan-ferguson\/\" \/>\n<meta property=\"og:site_name\" content=\"Official Czech &amp; Slovak Everton Supporters&#039; Club\" \/>\n<meta property=\"article:publisher\" content=\"https:\/\/www.facebook.com\/everton.fans.cz.sk\" \/>\n<meta property=\"article:published_time\" content=\"2011-10-12T13:54:34+00:00\" \/>\n<meta property=\"article:modified_time\" content=\"2019-12-15T13:11:19+00:00\" \/>\n<meta property=\"og:image\" content=\"https:\/\/evertonfc.cz\/wp-content\/uploads\/2019\/01\/duncan_ferguson_legendy.jpg\" \/>\n\t<meta property=\"og:image:width\" content=\"720\" \/>\n\t<meta property=\"og:image:height\" content=\"405\" \/>\n\t<meta property=\"og:image:type\" content=\"image\/jpeg\" \/>\n<meta name=\"author\" content=\"Me\u0148a\" \/>\n<meta name=\"twitter:card\" content=\"summary_large_image\" \/>\n<meta name=\"twitter:label1\" content=\"Napsal(a)\" \/>\n\t<meta name=\"twitter:data1\" content=\"Me\u0148a\" \/>\n\t<meta name=\"twitter:label2\" content=\"Odhadovan\u00e1 doba \u010dten\u00ed\" \/>\n\t<meta name=\"twitter:data2\" content=\"15 minut\" \/>\n<script type=\"application\/ld+json\" class=\"yoast-schema-graph\">{\"@context\":\"https:\/\/schema.org\",\"@graph\":[{\"@type\":\"Article\",\"@id\":\"https:\/\/evertonfc.cz\/index.php\/2011\/10\/12\/duncan-ferguson\/#article\",\"isPartOf\":{\"@id\":\"https:\/\/evertonfc.cz\/index.php\/2011\/10\/12\/duncan-ferguson\/\"},\"author\":{\"name\":\"Me\u0148a\",\"@id\":\"https:\/\/evertonfc.cz\/#\/schema\/person\/cd6328a75577de2add7793fd4b0930c3\"},\"headline\":\"Legenda: Duncan Ferguson\",\"datePublished\":\"2011-10-12T13:54:34+00:00\",\"dateModified\":\"2019-12-15T13:11:19+00:00\",\"mainEntityOfPage\":{\"@id\":\"https:\/\/evertonfc.cz\/index.php\/2011\/10\/12\/duncan-ferguson\/\"},\"wordCount\":2962,\"commentCount\":0,\"publisher\":{\"@id\":\"https:\/\/evertonfc.cz\/#organization\"},\"image\":{\"@id\":\"https:\/\/evertonfc.cz\/index.php\/2011\/10\/12\/duncan-ferguson\/#primaryimage\"},\"thumbnailUrl\":\"https:\/\/evertonfc.cz\/wp-content\/uploads\/2019\/01\/duncan_ferguson_legendy.jpg\",\"articleSection\":[\"Legendy\"],\"inLanguage\":\"cs\",\"potentialAction\":[{\"@type\":\"CommentAction\",\"name\":\"Comment\",\"target\":[\"https:\/\/evertonfc.cz\/index.php\/2011\/10\/12\/duncan-ferguson\/#respond\"]}]},{\"@type\":\"WebPage\",\"@id\":\"https:\/\/evertonfc.cz\/index.php\/2011\/10\/12\/duncan-ferguson\/\",\"url\":\"https:\/\/evertonfc.cz\/index.php\/2011\/10\/12\/duncan-ferguson\/\",\"name\":\"Legenda: Duncan Ferguson - Official Czech &amp; Slovak Everton Supporters&#039; Club\",\"isPartOf\":{\"@id\":\"https:\/\/evertonfc.cz\/#website\"},\"primaryImageOfPage\":{\"@id\":\"https:\/\/evertonfc.cz\/index.php\/2011\/10\/12\/duncan-ferguson\/#primaryimage\"},\"image\":{\"@id\":\"https:\/\/evertonfc.cz\/index.php\/2011\/10\/12\/duncan-ferguson\/#primaryimage\"},\"thumbnailUrl\":\"https:\/\/evertonfc.cz\/wp-content\/uploads\/2019\/01\/duncan_ferguson_legendy.jpg\",\"datePublished\":\"2011-10-12T13:54:34+00:00\",\"dateModified\":\"2019-12-15T13:11:19+00:00\",\"breadcrumb\":{\"@id\":\"https:\/\/evertonfc.cz\/index.php\/2011\/10\/12\/duncan-ferguson\/#breadcrumb\"},\"inLanguage\":\"cs\",\"potentialAction\":[{\"@type\":\"ReadAction\",\"target\":[\"https:\/\/evertonfc.cz\/index.php\/2011\/10\/12\/duncan-ferguson\/\"]}]},{\"@type\":\"ImageObject\",\"inLanguage\":\"cs\",\"@id\":\"https:\/\/evertonfc.cz\/index.php\/2011\/10\/12\/duncan-ferguson\/#primaryimage\",\"url\":\"https:\/\/evertonfc.cz\/wp-content\/uploads\/2019\/01\/duncan_ferguson_legendy.jpg\",\"contentUrl\":\"https:\/\/evertonfc.cz\/wp-content\/uploads\/2019\/01\/duncan_ferguson_legendy.jpg\",\"width\":720,\"height\":405},{\"@type\":\"BreadcrumbList\",\"@id\":\"https:\/\/evertonfc.cz\/index.php\/2011\/10\/12\/duncan-ferguson\/#breadcrumb\",\"itemListElement\":[{\"@type\":\"ListItem\",\"position\":1,\"name\":\"Home\",\"item\":\"https:\/\/evertonfc.cz\/\"},{\"@type\":\"ListItem\",\"position\":2,\"name\":\"Legenda: Duncan Ferguson\"}]},{\"@type\":\"WebSite\",\"@id\":\"https:\/\/evertonfc.cz\/#website\",\"url\":\"https:\/\/evertonfc.cz\/\",\"name\":\"Official Czech &amp; Slovak Everton Supporters&#039; Club\",\"description\":\"\",\"publisher\":{\"@id\":\"https:\/\/evertonfc.cz\/#organization\"},\"potentialAction\":[{\"@type\":\"SearchAction\",\"target\":{\"@type\":\"EntryPoint\",\"urlTemplate\":\"https:\/\/evertonfc.cz\/?s={search_term_string}\"},\"query-input\":{\"@type\":\"PropertyValueSpecification\",\"valueRequired\":true,\"valueName\":\"search_term_string\"}}],\"inLanguage\":\"cs\"},{\"@type\":\"Organization\",\"@id\":\"https:\/\/evertonfc.cz\/#organization\",\"name\":\"Official Czech & Slovak Everton Supporters' Club\",\"url\":\"https:\/\/evertonfc.cz\/\",\"logo\":{\"@type\":\"ImageObject\",\"inLanguage\":\"cs\",\"@id\":\"https:\/\/evertonfc.cz\/#\/schema\/logo\/image\/\",\"url\":\"https:\/\/evertonfc.cz\/wp-content\/uploads\/2019\/05\/logo.png\",\"contentUrl\":\"https:\/\/evertonfc.cz\/wp-content\/uploads\/2019\/05\/logo.png\",\"width\":112,\"height\":112,\"caption\":\"Official Czech & Slovak Everton Supporters' Club\"},\"image\":{\"@id\":\"https:\/\/evertonfc.cz\/#\/schema\/logo\/image\/\"},\"sameAs\":[\"https:\/\/www.facebook.com\/everton.fans.cz.sk\"]},{\"@type\":\"Person\",\"@id\":\"https:\/\/evertonfc.cz\/#\/schema\/person\/cd6328a75577de2add7793fd4b0930c3\",\"name\":\"Me\u0148a\",\"url\":\"https:\/\/evertonfc.cz\/index.php\/author\/mena\/\"}]}<\/script>\n<!-- \/ Yoast SEO plugin. -->","yoast_head_json":{"title":"Legenda: Duncan Ferguson - Official Czech &amp; Slovak Everton Supporters&#039; Club","robots":{"index":"index","follow":"follow","max-snippet":"max-snippet:-1","max-image-preview":"max-image-preview:large","max-video-preview":"max-video-preview:-1"},"canonical":"https:\/\/evertonfc.cz\/index.php\/2011\/10\/12\/duncan-ferguson\/","og_locale":"cs_CZ","og_type":"article","og_title":"Legenda: Duncan Ferguson - Official Czech &amp; Slovak Everton Supporters&#039; Club","og_description":"Novodob\u00e1 legenda Goodison Parku, hrdina fanou\u0161k\u016f, srdca\u0159. Je mnoho p\u0159\u00edvlastk\u016f, kter\u00e9 symbolizuj\u00ed postavu i charakter Duncana Fergusona, fotbalisty nesmazateln\u011b zapsan\u00e9ho&hellip;","og_url":"https:\/\/evertonfc.cz\/index.php\/2011\/10\/12\/duncan-ferguson\/","og_site_name":"Official Czech &amp; Slovak Everton Supporters&#039; Club","article_publisher":"https:\/\/www.facebook.com\/everton.fans.cz.sk","article_published_time":"2011-10-12T13:54:34+00:00","article_modified_time":"2019-12-15T13:11:19+00:00","og_image":[{"width":720,"height":405,"url":"https:\/\/evertonfc.cz\/wp-content\/uploads\/2019\/01\/duncan_ferguson_legendy.jpg","type":"image\/jpeg"}],"author":"Me\u0148a","twitter_card":"summary_large_image","twitter_misc":{"Napsal(a)":"Me\u0148a","Odhadovan\u00e1 doba \u010dten\u00ed":"15 minut"},"schema":{"@context":"https:\/\/schema.org","@graph":[{"@type":"Article","@id":"https:\/\/evertonfc.cz\/index.php\/2011\/10\/12\/duncan-ferguson\/#article","isPartOf":{"@id":"https:\/\/evertonfc.cz\/index.php\/2011\/10\/12\/duncan-ferguson\/"},"author":{"name":"Me\u0148a","@id":"https:\/\/evertonfc.cz\/#\/schema\/person\/cd6328a75577de2add7793fd4b0930c3"},"headline":"Legenda: Duncan Ferguson","datePublished":"2011-10-12T13:54:34+00:00","dateModified":"2019-12-15T13:11:19+00:00","mainEntityOfPage":{"@id":"https:\/\/evertonfc.cz\/index.php\/2011\/10\/12\/duncan-ferguson\/"},"wordCount":2962,"commentCount":0,"publisher":{"@id":"https:\/\/evertonfc.cz\/#organization"},"image":{"@id":"https:\/\/evertonfc.cz\/index.php\/2011\/10\/12\/duncan-ferguson\/#primaryimage"},"thumbnailUrl":"https:\/\/evertonfc.cz\/wp-content\/uploads\/2019\/01\/duncan_ferguson_legendy.jpg","articleSection":["Legendy"],"inLanguage":"cs","potentialAction":[{"@type":"CommentAction","name":"Comment","target":["https:\/\/evertonfc.cz\/index.php\/2011\/10\/12\/duncan-ferguson\/#respond"]}]},{"@type":"WebPage","@id":"https:\/\/evertonfc.cz\/index.php\/2011\/10\/12\/duncan-ferguson\/","url":"https:\/\/evertonfc.cz\/index.php\/2011\/10\/12\/duncan-ferguson\/","name":"Legenda: Duncan Ferguson - Official Czech &amp; Slovak Everton Supporters&#039; Club","isPartOf":{"@id":"https:\/\/evertonfc.cz\/#website"},"primaryImageOfPage":{"@id":"https:\/\/evertonfc.cz\/index.php\/2011\/10\/12\/duncan-ferguson\/#primaryimage"},"image":{"@id":"https:\/\/evertonfc.cz\/index.php\/2011\/10\/12\/duncan-ferguson\/#primaryimage"},"thumbnailUrl":"https:\/\/evertonfc.cz\/wp-content\/uploads\/2019\/01\/duncan_ferguson_legendy.jpg","datePublished":"2011-10-12T13:54:34+00:00","dateModified":"2019-12-15T13:11:19+00:00","breadcrumb":{"@id":"https:\/\/evertonfc.cz\/index.php\/2011\/10\/12\/duncan-ferguson\/#breadcrumb"},"inLanguage":"cs","potentialAction":[{"@type":"ReadAction","target":["https:\/\/evertonfc.cz\/index.php\/2011\/10\/12\/duncan-ferguson\/"]}]},{"@type":"ImageObject","inLanguage":"cs","@id":"https:\/\/evertonfc.cz\/index.php\/2011\/10\/12\/duncan-ferguson\/#primaryimage","url":"https:\/\/evertonfc.cz\/wp-content\/uploads\/2019\/01\/duncan_ferguson_legendy.jpg","contentUrl":"https:\/\/evertonfc.cz\/wp-content\/uploads\/2019\/01\/duncan_ferguson_legendy.jpg","width":720,"height":405},{"@type":"BreadcrumbList","@id":"https:\/\/evertonfc.cz\/index.php\/2011\/10\/12\/duncan-ferguson\/#breadcrumb","itemListElement":[{"@type":"ListItem","position":1,"name":"Home","item":"https:\/\/evertonfc.cz\/"},{"@type":"ListItem","position":2,"name":"Legenda: Duncan Ferguson"}]},{"@type":"WebSite","@id":"https:\/\/evertonfc.cz\/#website","url":"https:\/\/evertonfc.cz\/","name":"Official Czech &amp; Slovak Everton Supporters&#039; Club","description":"","publisher":{"@id":"https:\/\/evertonfc.cz\/#organization"},"potentialAction":[{"@type":"SearchAction","target":{"@type":"EntryPoint","urlTemplate":"https:\/\/evertonfc.cz\/?s={search_term_string}"},"query-input":{"@type":"PropertyValueSpecification","valueRequired":true,"valueName":"search_term_string"}}],"inLanguage":"cs"},{"@type":"Organization","@id":"https:\/\/evertonfc.cz\/#organization","name":"Official Czech & Slovak Everton Supporters' Club","url":"https:\/\/evertonfc.cz\/","logo":{"@type":"ImageObject","inLanguage":"cs","@id":"https:\/\/evertonfc.cz\/#\/schema\/logo\/image\/","url":"https:\/\/evertonfc.cz\/wp-content\/uploads\/2019\/05\/logo.png","contentUrl":"https:\/\/evertonfc.cz\/wp-content\/uploads\/2019\/05\/logo.png","width":112,"height":112,"caption":"Official Czech & Slovak Everton Supporters' Club"},"image":{"@id":"https:\/\/evertonfc.cz\/#\/schema\/logo\/image\/"},"sameAs":["https:\/\/www.facebook.com\/everton.fans.cz.sk"]},{"@type":"Person","@id":"https:\/\/evertonfc.cz\/#\/schema\/person\/cd6328a75577de2add7793fd4b0930c3","name":"Me\u0148a","url":"https:\/\/evertonfc.cz\/index.php\/author\/mena\/"}]}},"_links":{"self":[{"href":"https:\/\/evertonfc.cz\/index.php\/wp-json\/wp\/v2\/posts\/316"}],"collection":[{"href":"https:\/\/evertonfc.cz\/index.php\/wp-json\/wp\/v2\/posts"}],"about":[{"href":"https:\/\/evertonfc.cz\/index.php\/wp-json\/wp\/v2\/types\/post"}],"author":[{"embeddable":true,"href":"https:\/\/evertonfc.cz\/index.php\/wp-json\/wp\/v2\/users\/7"}],"replies":[{"embeddable":true,"href":"https:\/\/evertonfc.cz\/index.php\/wp-json\/wp\/v2\/comments?post=316"}],"version-history":[{"count":10,"href":"https:\/\/evertonfc.cz\/index.php\/wp-json\/wp\/v2\/posts\/316\/revisions"}],"predecessor-version":[{"id":9749,"href":"https:\/\/evertonfc.cz\/index.php\/wp-json\/wp\/v2\/posts\/316\/revisions\/9749"}],"wp:featuredmedia":[{"embeddable":true,"href":"https:\/\/evertonfc.cz\/index.php\/wp-json\/wp\/v2\/media\/714"}],"wp:attachment":[{"href":"https:\/\/evertonfc.cz\/index.php\/wp-json\/wp\/v2\/media?parent=316"}],"wp:term":[{"taxonomy":"category","embeddable":true,"href":"https:\/\/evertonfc.cz\/index.php\/wp-json\/wp\/v2\/categories?post=316"},{"taxonomy":"post_tag","embeddable":true,"href":"https:\/\/evertonfc.cz\/index.php\/wp-json\/wp\/v2\/tags?post=316"}],"curies":[{"name":"wp","href":"https:\/\/api.w.org\/{rel}","templated":true}]}}