{"id":3161,"date":"2017-03-19T19:53:03","date_gmt":"2017-03-19T18:53:03","guid":{"rendered":"http:\/\/evertonfc.cz\/?p=3161"},"modified":"2019-02-10T19:55:57","modified_gmt":"2019-02-10T18:55:57","slug":"everton-hull-city-40","status":"publish","type":"post","link":"https:\/\/evertonfc.cz\/index.php\/2017\/03\/19\/everton-hull-city-40\/","title":{"rendered":"Everton &#8211; Hull City 4:0"},"content":{"rendered":"<h4 id=\"NewsPostDetailSummary\">Tyg\u0159i? Sp\u00ed\u0161e ne\u0161kodn\u00e1 ko\u0165\u00e1tka. Nebylo t\u0159eba je moc krotit.<\/h4>\n<div id=\"NewsPostDetailContent\">\n<p>Jagielka pokra\u010doval ve st\u0159edu obrany a Barkleymu s Lukakem pom\u00e1hal v \u00fato\u010den\u00ed Calvert-Lewin, zjevn\u011b jeden z obl\u00edbenc\u016f Koemana. Za hosty samoz\u0159ejm\u011b nemohl b\u00fdt v nominaci k z\u00e1pasu Niass\u00e9, kter\u00fd tam hostuje pr\u00e1v\u011b z Evertonu.<\/p>\n<p>A jeho nasazen\u00ed do z\u00e1kladn\u00ed sestavy se vyplatilo. Barkley na\u0161el za obranou Daviese, ten se rozhl\u00e9dl a asi metr p\u0159ed brankovou \u010darou p\u0159ihr\u00e1l ke vzd\u00e1len\u011bj\u0161\u00ed ty\u010di. Calvert-Lewin s uklizen\u00edm m\u00ed\u010de do br\u00e1ny ze \u010dty\u0159 metr\u016f nem\u011bl probl\u00e9m &#8211;\u00a0<strong>1:0! <\/strong>Everton i nad\u00e1le pokra\u010doval v \u00fatoku, ale ze st\u0159el Barkleyho a Lukaka nic nebylo. V polovin\u011b p\u016fle mohli dom\u00e1c\u00ed zv\u00fd\u0161it, ale centr na Calverta-Lewina (kter\u00fd by jinak hlavi\u010dkoval do pr\u00e1zdn\u00e9 kysny) byl moc dlouh\u00fd a p\u0159ihr\u00e1vka Daviese na Lukaka byla do ofsajdu, g\u00f3l tedy belgick\u00e9mu \u00fato\u010dn\u00edkovi nemohl b\u00fdt uzn\u00e1n. Ve 30. minut\u011b p\u0159i\u0161el na h\u0159i\u0161t\u011b nucen\u011b Barry, proto\u017ee zran\u011bn\u00fd Schneiderlin nemohl pokra\u010dovat. Francouzova absence je odhadnuta na n\u011bkolik t\u00fddn\u016f. K zakon\u010den\u00ed hlavou se o chv\u00edli pozd\u011bji dostal i Ashley Williams, ale hodn\u011b zbl\u00edzka Jakupovi\u0107e v br\u00e1n\u011b host\u016f nep\u0159ekonal. Za hosty obstaral nejv\u011bt\u0161\u00ed \u0161anci prvn\u00ed p\u016fle Clucas, t\u011bsn\u011b p\u0159est\u0159elil.<\/p>\n<p>Zast\u0159elov\u00e1n\u00ed Lukaka pokra\u010dovalo i po pauze, ale tentokr\u00e1t je\u0161t\u011b m\u00ed\u0159il vedle. Hned pot\u00e9 vyst\u0159\u00eddal Mori dob\u0159e hraj\u00edc\u00edho Calverta-Lewina. N\u00e1sledn\u011b vyt\u00e1hl nejlep\u0161\u00ed z\u00e1krok utk\u00e1n\u00ed Jakupovi\u0107, kdy\u017e vyt\u00e1hl m\u00ed\u010d ze sv\u00e9 prav\u00e9 \u0161ibenice op\u011bt po st\u0159ele Lukaka. Pot\u00e9 dostal \u017elutou kartu Ashley Williams a Davies byl v t\u00fdmu host\u016f vyst\u0159\u00edd\u00e1n Grosickim. Ti zahrozili st\u0159elou Robertsona, ta ale trefila bo\u010dn\u00ed s\u00ed\u0165. V 73. minut\u011b byl vylou\u010den za faul Huddlestone, pro\u0161l\u00e1pnut\u00fd kotn\u00edk Toma Daviese v\u016fbec nevypadal dob\u0159e, tak\u017ee rad\u0161i byl vyst\u0159\u00edd\u00e1n Valenciou. A \u0161lo o povedenou v\u00fdm\u011bnu. Narazil si s Lukakem, jeho p\u0159ihr\u00e1vku zpracoval uk\u00e1zkov\u011b na prsa a prost\u0159elil brank\u00e1\u0159e k bli\u017e\u0161\u00ed ty\u010di &#8211; <strong>2:0!<\/strong> V posledn\u00edch deseti minut\u00e1ch si vzal slovo Barry, nejd\u0159\u00edv dostal svou obvyklou \u017elutou kartu a n\u00e1sledn\u011b se m\u00e1lem zapsal do listiny st\u0159elc\u016f, m\u00ed\u010d \u0161el nad b\u0159evnem po p\u0159ihr\u00e1vce Barkleyho opravdu t\u011bsn\u011b.<\/p>\n<p>Host\u00e9 vyu\u017eili dal\u0161\u00ed dv\u011b mo\u017enosti st\u0159\u00eddat, Diomand\u00e9 vyst\u0159\u00eddal Hern\u00e1ndeze a Elmohamady Markovi\u0107e. Konec utk\u00e1n\u00ed si pro sebe ukradl Lukaku. Valenciova \u010desk\u00e1 uli\u010dka byla v\u00fdstavn\u00ed, tak\u017ee Belgi\u010dan pouze prvn\u00edm dotekem poslal m\u00ed\u010d pod brank\u00e1\u0159em &#8211; <strong>3:0! <\/strong>A v posledn\u00ed akci z\u00e1pasu vystihl dlouhou malou dom\u016f, ud\u011blal kli\u010dku Jakupovi\u0107ovi a vs\u00edtil do pr\u00e1zdn\u00e9 &#8211; <strong>4:0! <\/strong>Osamostatnil se tak v sout\u011b\u017ei o kr\u00e1le st\u0159elc\u016f, p\u0159i\u010dem\u017e nutno poznamenati, \u017ee zran\u011bn\u00fd Kane z Tottenhamu, jeho nejv\u011bt\u0161\u00ed konkurent, m\u00e1 te\u010f opravdu jin\u00e9 starosti. Snaha o postup do Evropsk\u00e9 ligy tak \u00fasp\u011b\u0161n\u011b pokra\u010duje.<\/p>\n<p>P. S. Juanu Mirallas pov\u00fd\u0161il v p\u00e1tek do pozice star\u0161\u00edho bratra, proto jeho otec nebyl nominov\u00e1n k z\u00e1pasu.<\/p>\n<p><strong>Branky:<\/strong> 9. Calvert-Lewin, 77.Valencia, 90+1. a 90+4. Lukaku<\/p>\n<p><strong>Karty: \u017dK: <\/strong>Barry, Williams,<strong> \u010cK: <\/strong>Huddlestone<\/p>\n<p><strong>Everton FC:<\/strong> Robles \u2013 Baines, Jagielka, Williams, Coleman \u2013 Schneiderlin (30. Barry), Barkley, Davies (76. Valencia), Gueye \u2013 Calvert-Lewin (57. Mori), Lukaku<\/p>\n<p><strong>Hull City:<\/strong> Jakupovi\u0107 \u2013 Robertson, Maguire, Ranocchia, Davies (64. Grosicki) \u2013 Elabdellaoui, Markovi\u0107 (88. Elmohamady), Huddlestone, N&#8217;Diaye \u2013 Clucas, Hern\u00e1ndez (83. Diomand\u00e9)<\/p>\n<p><strong>Div\u00e1ci<\/strong>: 39 248<\/p>\n<p><strong>Rozhod\u010d\u00ed: <\/strong>Paul Tierney<\/p>\n<\/div>\n","protected":false},"excerpt":{"rendered":"<p>Tyg\u0159i? Sp\u00ed\u0161e ne\u0161kodn\u00e1 ko\u0165\u00e1tka. Nebylo t\u0159eba je moc krotit. Jagielka pokra\u010doval ve st\u0159edu obrany a Barkleymu s Lukakem pom\u00e1hal v&hellip;<\/p>\n","protected":false},"author":12,"featured_media":1315,"comment_status":"open","ping_status":"closed","sticky":false,"template":"","format":"standard","meta":{"_eb_attr":"","_monsterinsights_skip_tracking":false,"_monsterinsights_sitenote_active":false,"_monsterinsights_sitenote_note":"","_monsterinsights_sitenote_category":0,"footnotes":""},"categories":[4],"tags":[],"yoast_head":"<!-- This site is optimized with the Yoast SEO plugin v23.4 - https:\/\/yoast.com\/wordpress\/plugins\/seo\/ -->\n<title>Everton - Hull City 4:0 - Official Czech &amp; Slovak Everton Supporters&#039; Club<\/title>\n<meta name=\"robots\" content=\"index, follow, max-snippet:-1, max-image-preview:large, max-video-preview:-1\" \/>\n<link rel=\"canonical\" href=\"https:\/\/evertonfc.cz\/index.php\/2017\/03\/19\/everton-hull-city-40\/\" \/>\n<meta property=\"og:locale\" content=\"cs_CZ\" \/>\n<meta property=\"og:type\" content=\"article\" \/>\n<meta property=\"og:title\" content=\"Everton - Hull City 4:0 - Official Czech &amp; Slovak Everton Supporters&#039; Club\" \/>\n<meta property=\"og:description\" content=\"Tyg\u0159i? Sp\u00ed\u0161e ne\u0161kodn\u00e1 ko\u0165\u00e1tka. Nebylo t\u0159eba je moc krotit. Jagielka pokra\u010doval ve st\u0159edu obrany a Barkleymu s Lukakem pom\u00e1hal v&hellip;\" \/>\n<meta property=\"og:url\" content=\"https:\/\/evertonfc.cz\/index.php\/2017\/03\/19\/everton-hull-city-40\/\" \/>\n<meta property=\"og:site_name\" content=\"Official Czech &amp; Slovak Everton Supporters&#039; Club\" \/>\n<meta property=\"article:publisher\" content=\"https:\/\/www.facebook.com\/everton.fans.cz.sk\" \/>\n<meta property=\"article:published_time\" content=\"2017-03-19T18:53:03+00:00\" \/>\n<meta property=\"article:modified_time\" content=\"2019-02-10T18:55:57+00:00\" \/>\n<meta property=\"og:image\" content=\"https:\/\/evertonfc.cz\/wp-content\/uploads\/2019\/01\/report.jpg\" \/>\n\t<meta property=\"og:image:width\" content=\"720\" \/>\n\t<meta property=\"og:image:height\" content=\"405\" \/>\n\t<meta property=\"og:image:type\" content=\"image\/jpeg\" \/>\n<meta name=\"author\" content=\"Javor\" \/>\n<meta name=\"twitter:card\" content=\"summary_large_image\" \/>\n<meta name=\"twitter:creator\" content=\"@LoudinJan\" \/>\n<meta name=\"twitter:label1\" content=\"Napsal(a)\" \/>\n\t<meta name=\"twitter:data1\" content=\"Javor\" \/>\n\t<meta name=\"twitter:label2\" content=\"Odhadovan\u00e1 doba \u010dten\u00ed\" \/>\n\t<meta name=\"twitter:data2\" content=\"3 minuty\" \/>\n<script type=\"application\/ld+json\" class=\"yoast-schema-graph\">{\"@context\":\"https:\/\/schema.org\",\"@graph\":[{\"@type\":\"Article\",\"@id\":\"https:\/\/evertonfc.cz\/index.php\/2017\/03\/19\/everton-hull-city-40\/#article\",\"isPartOf\":{\"@id\":\"https:\/\/evertonfc.cz\/index.php\/2017\/03\/19\/everton-hull-city-40\/\"},\"author\":{\"name\":\"Javor\",\"@id\":\"https:\/\/evertonfc.cz\/#\/schema\/person\/b30daf6a5852f4811f8207a17ec1bf78\"},\"headline\":\"Everton &#8211; Hull City 4:0\",\"datePublished\":\"2017-03-19T18:53:03+00:00\",\"dateModified\":\"2019-02-10T18:55:57+00:00\",\"mainEntityOfPage\":{\"@id\":\"https:\/\/evertonfc.cz\/index.php\/2017\/03\/19\/everton-hull-city-40\/\"},\"wordCount\":611,\"commentCount\":0,\"publisher\":{\"@id\":\"https:\/\/evertonfc.cz\/#organization\"},\"image\":{\"@id\":\"https:\/\/evertonfc.cz\/index.php\/2017\/03\/19\/everton-hull-city-40\/#primaryimage\"},\"thumbnailUrl\":\"https:\/\/evertonfc.cz\/wp-content\/uploads\/2019\/01\/report.jpg\",\"articleSection\":[\"Z\u00e1pasy\"],\"inLanguage\":\"cs\",\"potentialAction\":[{\"@type\":\"CommentAction\",\"name\":\"Comment\",\"target\":[\"https:\/\/evertonfc.cz\/index.php\/2017\/03\/19\/everton-hull-city-40\/#respond\"]}]},{\"@type\":\"WebPage\",\"@id\":\"https:\/\/evertonfc.cz\/index.php\/2017\/03\/19\/everton-hull-city-40\/\",\"url\":\"https:\/\/evertonfc.cz\/index.php\/2017\/03\/19\/everton-hull-city-40\/\",\"name\":\"Everton - Hull City 4:0 - Official Czech &amp; Slovak Everton Supporters&#039; Club\",\"isPartOf\":{\"@id\":\"https:\/\/evertonfc.cz\/#website\"},\"primaryImageOfPage\":{\"@id\":\"https:\/\/evertonfc.cz\/index.php\/2017\/03\/19\/everton-hull-city-40\/#primaryimage\"},\"image\":{\"@id\":\"https:\/\/evertonfc.cz\/index.php\/2017\/03\/19\/everton-hull-city-40\/#primaryimage\"},\"thumbnailUrl\":\"https:\/\/evertonfc.cz\/wp-content\/uploads\/2019\/01\/report.jpg\",\"datePublished\":\"2017-03-19T18:53:03+00:00\",\"dateModified\":\"2019-02-10T18:55:57+00:00\",\"breadcrumb\":{\"@id\":\"https:\/\/evertonfc.cz\/index.php\/2017\/03\/19\/everton-hull-city-40\/#breadcrumb\"},\"inLanguage\":\"cs\",\"potentialAction\":[{\"@type\":\"ReadAction\",\"target\":[\"https:\/\/evertonfc.cz\/index.php\/2017\/03\/19\/everton-hull-city-40\/\"]}]},{\"@type\":\"ImageObject\",\"inLanguage\":\"cs\",\"@id\":\"https:\/\/evertonfc.cz\/index.php\/2017\/03\/19\/everton-hull-city-40\/#primaryimage\",\"url\":\"https:\/\/evertonfc.cz\/wp-content\/uploads\/2019\/01\/report.jpg\",\"contentUrl\":\"https:\/\/evertonfc.cz\/wp-content\/uploads\/2019\/01\/report.jpg\",\"width\":720,\"height\":405},{\"@type\":\"BreadcrumbList\",\"@id\":\"https:\/\/evertonfc.cz\/index.php\/2017\/03\/19\/everton-hull-city-40\/#breadcrumb\",\"itemListElement\":[{\"@type\":\"ListItem\",\"position\":1,\"name\":\"Home\",\"item\":\"https:\/\/evertonfc.cz\/\"},{\"@type\":\"ListItem\",\"position\":2,\"name\":\"Everton &#8211; Hull City 4:0\"}]},{\"@type\":\"WebSite\",\"@id\":\"https:\/\/evertonfc.cz\/#website\",\"url\":\"https:\/\/evertonfc.cz\/\",\"name\":\"Official Czech &amp; Slovak Everton Supporters&#039; Club\",\"description\":\"\",\"publisher\":{\"@id\":\"https:\/\/evertonfc.cz\/#organization\"},\"potentialAction\":[{\"@type\":\"SearchAction\",\"target\":{\"@type\":\"EntryPoint\",\"urlTemplate\":\"https:\/\/evertonfc.cz\/?s={search_term_string}\"},\"query-input\":{\"@type\":\"PropertyValueSpecification\",\"valueRequired\":true,\"valueName\":\"search_term_string\"}}],\"inLanguage\":\"cs\"},{\"@type\":\"Organization\",\"@id\":\"https:\/\/evertonfc.cz\/#organization\",\"name\":\"Official Czech & Slovak Everton Supporters' Club\",\"url\":\"https:\/\/evertonfc.cz\/\",\"logo\":{\"@type\":\"ImageObject\",\"inLanguage\":\"cs\",\"@id\":\"https:\/\/evertonfc.cz\/#\/schema\/logo\/image\/\",\"url\":\"https:\/\/evertonfc.cz\/wp-content\/uploads\/2019\/05\/logo.png\",\"contentUrl\":\"https:\/\/evertonfc.cz\/wp-content\/uploads\/2019\/05\/logo.png\",\"width\":112,\"height\":112,\"caption\":\"Official Czech & Slovak Everton Supporters' Club\"},\"image\":{\"@id\":\"https:\/\/evertonfc.cz\/#\/schema\/logo\/image\/\"},\"sameAs\":[\"https:\/\/www.facebook.com\/everton.fans.cz.sk\"]},{\"@type\":\"Person\",\"@id\":\"https:\/\/evertonfc.cz\/#\/schema\/person\/b30daf6a5852f4811f8207a17ec1bf78\",\"name\":\"Javor\",\"sameAs\":[\"https:\/\/x.com\/LoudinJan\"],\"url\":\"https:\/\/evertonfc.cz\/index.php\/author\/javor\/\"}]}<\/script>\n<!-- \/ Yoast SEO plugin. -->","yoast_head_json":{"title":"Everton - Hull City 4:0 - Official Czech &amp; Slovak Everton Supporters&#039; Club","robots":{"index":"index","follow":"follow","max-snippet":"max-snippet:-1","max-image-preview":"max-image-preview:large","max-video-preview":"max-video-preview:-1"},"canonical":"https:\/\/evertonfc.cz\/index.php\/2017\/03\/19\/everton-hull-city-40\/","og_locale":"cs_CZ","og_type":"article","og_title":"Everton - Hull City 4:0 - Official Czech &amp; Slovak Everton Supporters&#039; Club","og_description":"Tyg\u0159i? Sp\u00ed\u0161e ne\u0161kodn\u00e1 ko\u0165\u00e1tka. Nebylo t\u0159eba je moc krotit. Jagielka pokra\u010doval ve st\u0159edu obrany a Barkleymu s Lukakem pom\u00e1hal v&hellip;","og_url":"https:\/\/evertonfc.cz\/index.php\/2017\/03\/19\/everton-hull-city-40\/","og_site_name":"Official Czech &amp; Slovak Everton Supporters&#039; Club","article_publisher":"https:\/\/www.facebook.com\/everton.fans.cz.sk","article_published_time":"2017-03-19T18:53:03+00:00","article_modified_time":"2019-02-10T18:55:57+00:00","og_image":[{"width":720,"height":405,"url":"https:\/\/evertonfc.cz\/wp-content\/uploads\/2019\/01\/report.jpg","type":"image\/jpeg"}],"author":"Javor","twitter_card":"summary_large_image","twitter_creator":"@LoudinJan","twitter_misc":{"Napsal(a)":"Javor","Odhadovan\u00e1 doba \u010dten\u00ed":"3 minuty"},"schema":{"@context":"https:\/\/schema.org","@graph":[{"@type":"Article","@id":"https:\/\/evertonfc.cz\/index.php\/2017\/03\/19\/everton-hull-city-40\/#article","isPartOf":{"@id":"https:\/\/evertonfc.cz\/index.php\/2017\/03\/19\/everton-hull-city-40\/"},"author":{"name":"Javor","@id":"https:\/\/evertonfc.cz\/#\/schema\/person\/b30daf6a5852f4811f8207a17ec1bf78"},"headline":"Everton &#8211; Hull City 4:0","datePublished":"2017-03-19T18:53:03+00:00","dateModified":"2019-02-10T18:55:57+00:00","mainEntityOfPage":{"@id":"https:\/\/evertonfc.cz\/index.php\/2017\/03\/19\/everton-hull-city-40\/"},"wordCount":611,"commentCount":0,"publisher":{"@id":"https:\/\/evertonfc.cz\/#organization"},"image":{"@id":"https:\/\/evertonfc.cz\/index.php\/2017\/03\/19\/everton-hull-city-40\/#primaryimage"},"thumbnailUrl":"https:\/\/evertonfc.cz\/wp-content\/uploads\/2019\/01\/report.jpg","articleSection":["Z\u00e1pasy"],"inLanguage":"cs","potentialAction":[{"@type":"CommentAction","name":"Comment","target":["https:\/\/evertonfc.cz\/index.php\/2017\/03\/19\/everton-hull-city-40\/#respond"]}]},{"@type":"WebPage","@id":"https:\/\/evertonfc.cz\/index.php\/2017\/03\/19\/everton-hull-city-40\/","url":"https:\/\/evertonfc.cz\/index.php\/2017\/03\/19\/everton-hull-city-40\/","name":"Everton - Hull City 4:0 - Official Czech &amp; Slovak Everton Supporters&#039; Club","isPartOf":{"@id":"https:\/\/evertonfc.cz\/#website"},"primaryImageOfPage":{"@id":"https:\/\/evertonfc.cz\/index.php\/2017\/03\/19\/everton-hull-city-40\/#primaryimage"},"image":{"@id":"https:\/\/evertonfc.cz\/index.php\/2017\/03\/19\/everton-hull-city-40\/#primaryimage"},"thumbnailUrl":"https:\/\/evertonfc.cz\/wp-content\/uploads\/2019\/01\/report.jpg","datePublished":"2017-03-19T18:53:03+00:00","dateModified":"2019-02-10T18:55:57+00:00","breadcrumb":{"@id":"https:\/\/evertonfc.cz\/index.php\/2017\/03\/19\/everton-hull-city-40\/#breadcrumb"},"inLanguage":"cs","potentialAction":[{"@type":"ReadAction","target":["https:\/\/evertonfc.cz\/index.php\/2017\/03\/19\/everton-hull-city-40\/"]}]},{"@type":"ImageObject","inLanguage":"cs","@id":"https:\/\/evertonfc.cz\/index.php\/2017\/03\/19\/everton-hull-city-40\/#primaryimage","url":"https:\/\/evertonfc.cz\/wp-content\/uploads\/2019\/01\/report.jpg","contentUrl":"https:\/\/evertonfc.cz\/wp-content\/uploads\/2019\/01\/report.jpg","width":720,"height":405},{"@type":"BreadcrumbList","@id":"https:\/\/evertonfc.cz\/index.php\/2017\/03\/19\/everton-hull-city-40\/#breadcrumb","itemListElement":[{"@type":"ListItem","position":1,"name":"Home","item":"https:\/\/evertonfc.cz\/"},{"@type":"ListItem","position":2,"name":"Everton &#8211; Hull City 4:0"}]},{"@type":"WebSite","@id":"https:\/\/evertonfc.cz\/#website","url":"https:\/\/evertonfc.cz\/","name":"Official Czech &amp; Slovak Everton Supporters&#039; Club","description":"","publisher":{"@id":"https:\/\/evertonfc.cz\/#organization"},"potentialAction":[{"@type":"SearchAction","target":{"@type":"EntryPoint","urlTemplate":"https:\/\/evertonfc.cz\/?s={search_term_string}"},"query-input":{"@type":"PropertyValueSpecification","valueRequired":true,"valueName":"search_term_string"}}],"inLanguage":"cs"},{"@type":"Organization","@id":"https:\/\/evertonfc.cz\/#organization","name":"Official Czech & Slovak Everton Supporters' Club","url":"https:\/\/evertonfc.cz\/","logo":{"@type":"ImageObject","inLanguage":"cs","@id":"https:\/\/evertonfc.cz\/#\/schema\/logo\/image\/","url":"https:\/\/evertonfc.cz\/wp-content\/uploads\/2019\/05\/logo.png","contentUrl":"https:\/\/evertonfc.cz\/wp-content\/uploads\/2019\/05\/logo.png","width":112,"height":112,"caption":"Official Czech & Slovak Everton Supporters' Club"},"image":{"@id":"https:\/\/evertonfc.cz\/#\/schema\/logo\/image\/"},"sameAs":["https:\/\/www.facebook.com\/everton.fans.cz.sk"]},{"@type":"Person","@id":"https:\/\/evertonfc.cz\/#\/schema\/person\/b30daf6a5852f4811f8207a17ec1bf78","name":"Javor","sameAs":["https:\/\/x.com\/LoudinJan"],"url":"https:\/\/evertonfc.cz\/index.php\/author\/javor\/"}]}},"_links":{"self":[{"href":"https:\/\/evertonfc.cz\/index.php\/wp-json\/wp\/v2\/posts\/3161"}],"collection":[{"href":"https:\/\/evertonfc.cz\/index.php\/wp-json\/wp\/v2\/posts"}],"about":[{"href":"https:\/\/evertonfc.cz\/index.php\/wp-json\/wp\/v2\/types\/post"}],"author":[{"embeddable":true,"href":"https:\/\/evertonfc.cz\/index.php\/wp-json\/wp\/v2\/users\/12"}],"replies":[{"embeddable":true,"href":"https:\/\/evertonfc.cz\/index.php\/wp-json\/wp\/v2\/comments?post=3161"}],"version-history":[{"count":1,"href":"https:\/\/evertonfc.cz\/index.php\/wp-json\/wp\/v2\/posts\/3161\/revisions"}],"predecessor-version":[{"id":3165,"href":"https:\/\/evertonfc.cz\/index.php\/wp-json\/wp\/v2\/posts\/3161\/revisions\/3165"}],"wp:featuredmedia":[{"embeddable":true,"href":"https:\/\/evertonfc.cz\/index.php\/wp-json\/wp\/v2\/media\/1315"}],"wp:attachment":[{"href":"https:\/\/evertonfc.cz\/index.php\/wp-json\/wp\/v2\/media?parent=3161"}],"wp:term":[{"taxonomy":"category","embeddable":true,"href":"https:\/\/evertonfc.cz\/index.php\/wp-json\/wp\/v2\/categories?post=3161"},{"taxonomy":"post_tag","embeddable":true,"href":"https:\/\/evertonfc.cz\/index.php\/wp-json\/wp\/v2\/tags?post=3161"}],"curies":[{"name":"wp","href":"https:\/\/api.w.org\/{rel}","templated":true}]}}