{"id":3175,"date":"2017-04-14T20:02:15","date_gmt":"2017-04-14T18:02:15","guid":{"rendered":"http:\/\/evertonfc.cz\/?p=3175"},"modified":"2021-03-12T10:47:55","modified_gmt":"2021-03-12T09:47:55","slug":"preview-everton-burnley-2","status":"publish","type":"post","link":"https:\/\/evertonfc.cz\/index.php\/2017\/04\/14\/preview-everton-burnley-2\/","title":{"rendered":"Preview: Everton &#8211; Burnley"},"content":{"rendered":"<h4 id=\"NewsPostDetailSummary\">Dok\u00e1\u017ee Everton vyu\u017e\u00edt tristn\u00ed formy Arsenalu a zabojovat o \u0161estou p\u0159\u00ed\u010dku? Tak zn\u00ed hlavn\u00ed h\u00e1danka posledn\u00edch p\u011bti kol ligov\u00e9ho ro\u010dn\u00edku 2016\/17.<\/h4>\n<div id=\"NewsPostDetailContent\">\n<p>Faz\u00f3nu Toffees na Goodison Parku, kter\u00e1 prost\u0159ednictv\u00edm sedmi ligov\u00fdch v\u00fdher v \u0159ad\u011b vyb\u00edz\u00ed k respektu, p\u0159ijede otestovat nov\u00e1\u010dek z Burnley. Sv\u011b\u0159enci Seana Dychea se po roce vr\u00e1tili mezi anglickou elitu, a i p\u0159es pap\u00edrov\u00e9 p\u0159edpoklady sm\u011b\u0159uj\u00ed k z\u00e1chran\u011b. Moment\u00e1ln\u011b okupuj\u00ed bezpe\u010dn\u00e9 12. m\u00edsto s 36 body, na mu\u017estvo s nejni\u017e\u0161\u00edm rozpo\u010dtem z Premier League jde o velmi slu\u0161nou vizitku.<\/p>\n<p>Co ale Everton zaj\u00edm\u00e1, jsou venkovn\u00ed z\u00e1pasy Burnley. Na h\u0159i\u0161t\u00edch soupe\u0159\u016f Burnley vydolovalo pouze \u010dty\u0159i rem\u00edzy: pochopiteln\u011b na Manchesteru United, d\u00e1le v Hullu, Sunderlandu a p\u0159ed t\u00fddnem v Middlesbrough. S\u00edle Clarets v\u011bz\u00ed na Turf Moor, o \u010dem\u017e se v\u00a0\u0159\u00edjnu p\u0159esv\u011bd\u010dil i Everton, kdy\u017e tam prohr\u00e1l <a href=\"http:\/\/www.evertonfc.cz\/news\/1651\/15\/Burnley---Everton-2-1\" target=\"_blank\" rel=\"noopener\">1:2<\/a>.<\/p>\n<p>Everton sp\u011bje k napln\u011bn\u00ed p\u0159edsez\u00f3nn\u00edho c\u00edle, \u010d\u00edm\u017e bylo sedm\u00e9 m\u00edsto. N\u00e1skok na osm\u00fd West Brom je desetibodov\u00fd, a tak by Blues u\u017e nem\u011bl uniknout n\u00e1vrat do poh\u00e1rov\u00e9 Evropy (sedm\u00e9 p\u0159\u00ed\u010dka by byla bez poh\u00e1r\u016f, jen pokud Leicester vyhraje Ligu mistr\u016f).\u00a0 Mezi sedm\u00fdm a \u0161est\u00fdm m\u00edstem je v\u0161ak z\u00e1sadn\u00ed rozd\u00edl, co se t\u00fd\u010de nasazen\u00ed do Evropsk\u00e9 ligy. Aby si sedm\u00fd celek z Premier League zahr\u00e1l hlavn\u00ed f\u00e1zi Evropsk\u00e9 ligy, mus\u00ed zdolat dv\u011b p\u0159edkola, p\u0159i\u010dem\u017e do sout\u011b\u017ee vstupuje u\u017e na konci \u010dervence, t\u0159i t\u00fddny p\u0159ed startem ligov\u00e9ho ro\u010dn\u00edku.<\/p>\n<p>\u0160est\u00e9 mu\u017estvo bude nasazenou rovnou do skupinov\u00e9 f\u00e1ze, je\u017e za\u010d\u00edn\u00e1 v z\u00e1\u0159\u00ed. Asi nep\u0159ekvap\u00ed, \u017ee p\u0159ed moment\u00e1ln\u011b \u0161est\u00fd Arsenal by se r\u00e1d dostal i mana\u017eer Ronald Koeman. Arsenal a Everton maj\u00ed stejn\u011b bod\u016f, zm\u011b\u0159\u00ed s\u00edly ve vz\u00e1jemn\u00e9m st\u0159etnut\u00ed, nicm\u00e9n\u011b t\u0159eba br\u00e1t v potaz, \u017ee Gunners odehr\u00e1li o dv\u011b kola m\u00e9n\u011b. Toffees v\u0161ak rovn\u011b\u017e mohou posko\u010dit na vy\u0161\u0161\u00ed pozici na \u00fakor Manchesteru United. Tak \u010di tak, i sedm\u00e9 m\u00edsto by bylo vynikaj\u00edc\u00edm po\u010dinem.<\/p>\n<p>Do sestavy Evertonu se po trestu za branka\u0159skou vlo\u017eku na Old Traffordu vrac\u00ed Ashley Williams. M\u00edsto ve stopersk\u00e9 dvojici mu uvoln\u00ed mlad\u00edk Matthew Pennington. Jinak Ronald Koeman nebude m\u00edt p\u0159\u00edli\u0161 d\u016fvod\u016f m\u011bnit z\u00e1kladn\u00ed sestavu. Snad jen za p\u0159\u00edzniv\u00e9ho stavu by se \u0161ance z lavi\u010dky mohli do\u010dkat mlad\u00edci Jonjoe Kenny, Ademola Lookman \u010di Dominic Calvert-Lewin, U23 hraje dal\u0161\u00ed z\u00e1pas a\u017e p\u0159\u00ed\u0161t\u00ed t\u00fdden. Mimo hru nad\u00e1le z\u016fst\u00e1vaj\u00ed Funes Mori, Coleman, Be\u0161i\u0107, McCarthy, Bolasie a Lennon.<\/p>\n<p>Burnley se uzdravila rekordn\u00ed posila Steven Defour, belgick\u00fd st\u0159edopola\u0159 p\u0159i\u0161el do klubu v l\u00e9t\u011b z\u00a0Anderlechtu za \u00a38m. O start \u00fato\u010dn\u00edka J\u00f3hanna Gudmundssona se rozhodne a\u017e p\u0159ed v\u00fdkopem. S ur\u010ditost\u00ed budou chyb\u011bt dlouhodob\u00ed marodi Kevin Long a Dean Marney. Osobn\u011b se doporu\u010duji zam\u011b\u0159it se branka\u0159e Toma Heatona. Odchovanec Red Devils pat\u0159\u00ed k nejlep\u0161\u00edm branka\u0159\u016fm leto\u0161n\u00edho ro\u010dn\u00edku a na kont\u011b m\u00e1 nejv\u00edce \u00fasp\u011b\u0161n\u00fdch z\u00e1krok\u016f (120).<\/p>\n<h3 style=\"text-align: center;\"><em><span style=\"color: #3366ff;\"><strong>COYB!<\/strong><\/span><\/em><\/h3>\n<p><strong>Co:<\/strong> Everton FC &#8211; Burnley FC, 33. kolo Premier League<br \/>\n<strong>Kdy:<\/strong> 15. 4. 2017 od 16:00 SE\u010c<br \/>\n<strong>Kde:<\/strong> Goodison Park, Liverpool (kapacita: 40 221)<br \/>\n<strong>Rozhod\u010d\u00ed:<\/strong> Mark Clattenburg<\/p>\n<\/div>\n","protected":false},"excerpt":{"rendered":"<p>Dok\u00e1\u017ee Everton vyu\u017e\u00edt tristn\u00ed formy Arsenalu a zabojovat o \u0161estou p\u0159\u00ed\u010dku? Tak zn\u00ed hlavn\u00ed h\u00e1danka posledn\u00edch p\u011bti kol ligov\u00e9ho ro\u010dn\u00edku 2016\/17.<\/p>\n","protected":false},"author":6,"featured_media":14586,"comment_status":"open","ping_status":"closed","sticky":false,"template":"","format":"standard","meta":{"_eb_attr":"","_monsterinsights_skip_tracking":false,"_monsterinsights_sitenote_active":false,"_monsterinsights_sitenote_note":"","_monsterinsights_sitenote_category":0,"footnotes":""},"categories":[4],"tags":[],"yoast_head":"<!-- This site is optimized with the Yoast SEO plugin v23.4 - https:\/\/yoast.com\/wordpress\/plugins\/seo\/ -->\n<title>Preview: Everton - Burnley - Official Czech &amp; Slovak Everton Supporters&#039; Club<\/title>\n<meta name=\"robots\" content=\"index, follow, max-snippet:-1, max-image-preview:large, max-video-preview:-1\" \/>\n<link rel=\"canonical\" href=\"https:\/\/evertonfc.cz\/index.php\/2017\/04\/14\/preview-everton-burnley-2\/\" \/>\n<meta property=\"og:locale\" content=\"cs_CZ\" \/>\n<meta property=\"og:type\" content=\"article\" \/>\n<meta property=\"og:title\" content=\"Preview: Everton - Burnley - Official Czech &amp; Slovak Everton Supporters&#039; Club\" \/>\n<meta property=\"og:description\" content=\"Dok\u00e1\u017ee Everton vyu\u017e\u00edt tristn\u00ed formy Arsenalu a zabojovat o \u0161estou p\u0159\u00ed\u010dku? Tak zn\u00ed hlavn\u00ed h\u00e1danka posledn\u00edch p\u011bti kol ligov\u00e9ho ro\u010dn\u00edku 2016\/17.\" \/>\n<meta property=\"og:url\" content=\"https:\/\/evertonfc.cz\/index.php\/2017\/04\/14\/preview-everton-burnley-2\/\" \/>\n<meta property=\"og:site_name\" content=\"Official Czech &amp; Slovak Everton Supporters&#039; Club\" \/>\n<meta property=\"article:publisher\" content=\"https:\/\/www.facebook.com\/everton.fans.cz.sk\" \/>\n<meta property=\"article:published_time\" content=\"2017-04-14T18:02:15+00:00\" \/>\n<meta property=\"article:modified_time\" content=\"2021-03-12T09:47:55+00:00\" \/>\n<meta property=\"og:image\" content=\"https:\/\/evertonfc.cz\/wp-content\/uploads\/2021\/03\/Everton-VS-Burnley.jpg\" \/>\n\t<meta property=\"og:image:width\" content=\"720\" \/>\n\t<meta property=\"og:image:height\" content=\"405\" \/>\n\t<meta property=\"og:image:type\" content=\"image\/jpeg\" \/>\n<meta name=\"author\" content=\"Ri\u010di\" \/>\n<meta name=\"twitter:card\" content=\"summary_large_image\" \/>\n<meta name=\"twitter:creator\" content=\"@rbrejsa\" \/>\n<meta name=\"twitter:label1\" content=\"Napsal(a)\" \/>\n\t<meta name=\"twitter:data1\" content=\"Ri\u010di\" \/>\n\t<meta name=\"twitter:label2\" content=\"Odhadovan\u00e1 doba \u010dten\u00ed\" \/>\n\t<meta name=\"twitter:data2\" content=\"2 minuty\" \/>\n<script type=\"application\/ld+json\" class=\"yoast-schema-graph\">{\"@context\":\"https:\/\/schema.org\",\"@graph\":[{\"@type\":\"Article\",\"@id\":\"https:\/\/evertonfc.cz\/index.php\/2017\/04\/14\/preview-everton-burnley-2\/#article\",\"isPartOf\":{\"@id\":\"https:\/\/evertonfc.cz\/index.php\/2017\/04\/14\/preview-everton-burnley-2\/\"},\"author\":{\"name\":\"Ri\u010di\",\"@id\":\"https:\/\/evertonfc.cz\/#\/schema\/person\/f7a5daedb2ffee98480bc70e191aaef1\"},\"headline\":\"Preview: Everton &#8211; Burnley\",\"datePublished\":\"2017-04-14T18:02:15+00:00\",\"dateModified\":\"2021-03-12T09:47:55+00:00\",\"mainEntityOfPage\":{\"@id\":\"https:\/\/evertonfc.cz\/index.php\/2017\/04\/14\/preview-everton-burnley-2\/\"},\"wordCount\":589,\"commentCount\":0,\"publisher\":{\"@id\":\"https:\/\/evertonfc.cz\/#organization\"},\"image\":{\"@id\":\"https:\/\/evertonfc.cz\/index.php\/2017\/04\/14\/preview-everton-burnley-2\/#primaryimage\"},\"thumbnailUrl\":\"https:\/\/evertonfc.cz\/wp-content\/uploads\/2021\/03\/Everton-VS-Burnley.jpg\",\"articleSection\":[\"Z\u00e1pasy\"],\"inLanguage\":\"cs\",\"potentialAction\":[{\"@type\":\"CommentAction\",\"name\":\"Comment\",\"target\":[\"https:\/\/evertonfc.cz\/index.php\/2017\/04\/14\/preview-everton-burnley-2\/#respond\"]}]},{\"@type\":\"WebPage\",\"@id\":\"https:\/\/evertonfc.cz\/index.php\/2017\/04\/14\/preview-everton-burnley-2\/\",\"url\":\"https:\/\/evertonfc.cz\/index.php\/2017\/04\/14\/preview-everton-burnley-2\/\",\"name\":\"Preview: Everton - Burnley - Official Czech &amp; Slovak Everton Supporters&#039; Club\",\"isPartOf\":{\"@id\":\"https:\/\/evertonfc.cz\/#website\"},\"primaryImageOfPage\":{\"@id\":\"https:\/\/evertonfc.cz\/index.php\/2017\/04\/14\/preview-everton-burnley-2\/#primaryimage\"},\"image\":{\"@id\":\"https:\/\/evertonfc.cz\/index.php\/2017\/04\/14\/preview-everton-burnley-2\/#primaryimage\"},\"thumbnailUrl\":\"https:\/\/evertonfc.cz\/wp-content\/uploads\/2021\/03\/Everton-VS-Burnley.jpg\",\"datePublished\":\"2017-04-14T18:02:15+00:00\",\"dateModified\":\"2021-03-12T09:47:55+00:00\",\"breadcrumb\":{\"@id\":\"https:\/\/evertonfc.cz\/index.php\/2017\/04\/14\/preview-everton-burnley-2\/#breadcrumb\"},\"inLanguage\":\"cs\",\"potentialAction\":[{\"@type\":\"ReadAction\",\"target\":[\"https:\/\/evertonfc.cz\/index.php\/2017\/04\/14\/preview-everton-burnley-2\/\"]}]},{\"@type\":\"ImageObject\",\"inLanguage\":\"cs\",\"@id\":\"https:\/\/evertonfc.cz\/index.php\/2017\/04\/14\/preview-everton-burnley-2\/#primaryimage\",\"url\":\"https:\/\/evertonfc.cz\/wp-content\/uploads\/2021\/03\/Everton-VS-Burnley.jpg\",\"contentUrl\":\"https:\/\/evertonfc.cz\/wp-content\/uploads\/2021\/03\/Everton-VS-Burnley.jpg\",\"width\":720,\"height\":405},{\"@type\":\"BreadcrumbList\",\"@id\":\"https:\/\/evertonfc.cz\/index.php\/2017\/04\/14\/preview-everton-burnley-2\/#breadcrumb\",\"itemListElement\":[{\"@type\":\"ListItem\",\"position\":1,\"name\":\"Home\",\"item\":\"https:\/\/evertonfc.cz\/\"},{\"@type\":\"ListItem\",\"position\":2,\"name\":\"Preview: Everton &#8211; Burnley\"}]},{\"@type\":\"WebSite\",\"@id\":\"https:\/\/evertonfc.cz\/#website\",\"url\":\"https:\/\/evertonfc.cz\/\",\"name\":\"Official Czech &amp; Slovak Everton Supporters&#039; Club\",\"description\":\"\",\"publisher\":{\"@id\":\"https:\/\/evertonfc.cz\/#organization\"},\"potentialAction\":[{\"@type\":\"SearchAction\",\"target\":{\"@type\":\"EntryPoint\",\"urlTemplate\":\"https:\/\/evertonfc.cz\/?s={search_term_string}\"},\"query-input\":{\"@type\":\"PropertyValueSpecification\",\"valueRequired\":true,\"valueName\":\"search_term_string\"}}],\"inLanguage\":\"cs\"},{\"@type\":\"Organization\",\"@id\":\"https:\/\/evertonfc.cz\/#organization\",\"name\":\"Official Czech & Slovak Everton Supporters' Club\",\"url\":\"https:\/\/evertonfc.cz\/\",\"logo\":{\"@type\":\"ImageObject\",\"inLanguage\":\"cs\",\"@id\":\"https:\/\/evertonfc.cz\/#\/schema\/logo\/image\/\",\"url\":\"https:\/\/evertonfc.cz\/wp-content\/uploads\/2019\/05\/logo.png\",\"contentUrl\":\"https:\/\/evertonfc.cz\/wp-content\/uploads\/2019\/05\/logo.png\",\"width\":112,\"height\":112,\"caption\":\"Official Czech & Slovak Everton Supporters' Club\"},\"image\":{\"@id\":\"https:\/\/evertonfc.cz\/#\/schema\/logo\/image\/\"},\"sameAs\":[\"https:\/\/www.facebook.com\/everton.fans.cz.sk\"]},{\"@type\":\"Person\",\"@id\":\"https:\/\/evertonfc.cz\/#\/schema\/person\/f7a5daedb2ffee98480bc70e191aaef1\",\"name\":\"Ri\u010di\",\"sameAs\":[\"https:\/\/x.com\/rbrejsa\"],\"url\":\"https:\/\/evertonfc.cz\/index.php\/author\/rici\/\"}]}<\/script>\n<!-- \/ Yoast SEO plugin. -->","yoast_head_json":{"title":"Preview: Everton - Burnley - Official Czech &amp; Slovak Everton Supporters&#039; Club","robots":{"index":"index","follow":"follow","max-snippet":"max-snippet:-1","max-image-preview":"max-image-preview:large","max-video-preview":"max-video-preview:-1"},"canonical":"https:\/\/evertonfc.cz\/index.php\/2017\/04\/14\/preview-everton-burnley-2\/","og_locale":"cs_CZ","og_type":"article","og_title":"Preview: Everton - Burnley - Official Czech &amp; Slovak Everton Supporters&#039; Club","og_description":"Dok\u00e1\u017ee Everton vyu\u017e\u00edt tristn\u00ed formy Arsenalu a zabojovat o \u0161estou p\u0159\u00ed\u010dku? Tak zn\u00ed hlavn\u00ed h\u00e1danka posledn\u00edch p\u011bti kol ligov\u00e9ho ro\u010dn\u00edku 2016\/17.","og_url":"https:\/\/evertonfc.cz\/index.php\/2017\/04\/14\/preview-everton-burnley-2\/","og_site_name":"Official Czech &amp; Slovak Everton Supporters&#039; Club","article_publisher":"https:\/\/www.facebook.com\/everton.fans.cz.sk","article_published_time":"2017-04-14T18:02:15+00:00","article_modified_time":"2021-03-12T09:47:55+00:00","og_image":[{"width":720,"height":405,"url":"https:\/\/evertonfc.cz\/wp-content\/uploads\/2021\/03\/Everton-VS-Burnley.jpg","type":"image\/jpeg"}],"author":"Ri\u010di","twitter_card":"summary_large_image","twitter_creator":"@rbrejsa","twitter_misc":{"Napsal(a)":"Ri\u010di","Odhadovan\u00e1 doba \u010dten\u00ed":"2 minuty"},"schema":{"@context":"https:\/\/schema.org","@graph":[{"@type":"Article","@id":"https:\/\/evertonfc.cz\/index.php\/2017\/04\/14\/preview-everton-burnley-2\/#article","isPartOf":{"@id":"https:\/\/evertonfc.cz\/index.php\/2017\/04\/14\/preview-everton-burnley-2\/"},"author":{"name":"Ri\u010di","@id":"https:\/\/evertonfc.cz\/#\/schema\/person\/f7a5daedb2ffee98480bc70e191aaef1"},"headline":"Preview: Everton &#8211; Burnley","datePublished":"2017-04-14T18:02:15+00:00","dateModified":"2021-03-12T09:47:55+00:00","mainEntityOfPage":{"@id":"https:\/\/evertonfc.cz\/index.php\/2017\/04\/14\/preview-everton-burnley-2\/"},"wordCount":589,"commentCount":0,"publisher":{"@id":"https:\/\/evertonfc.cz\/#organization"},"image":{"@id":"https:\/\/evertonfc.cz\/index.php\/2017\/04\/14\/preview-everton-burnley-2\/#primaryimage"},"thumbnailUrl":"https:\/\/evertonfc.cz\/wp-content\/uploads\/2021\/03\/Everton-VS-Burnley.jpg","articleSection":["Z\u00e1pasy"],"inLanguage":"cs","potentialAction":[{"@type":"CommentAction","name":"Comment","target":["https:\/\/evertonfc.cz\/index.php\/2017\/04\/14\/preview-everton-burnley-2\/#respond"]}]},{"@type":"WebPage","@id":"https:\/\/evertonfc.cz\/index.php\/2017\/04\/14\/preview-everton-burnley-2\/","url":"https:\/\/evertonfc.cz\/index.php\/2017\/04\/14\/preview-everton-burnley-2\/","name":"Preview: Everton - Burnley - Official Czech &amp; Slovak Everton Supporters&#039; Club","isPartOf":{"@id":"https:\/\/evertonfc.cz\/#website"},"primaryImageOfPage":{"@id":"https:\/\/evertonfc.cz\/index.php\/2017\/04\/14\/preview-everton-burnley-2\/#primaryimage"},"image":{"@id":"https:\/\/evertonfc.cz\/index.php\/2017\/04\/14\/preview-everton-burnley-2\/#primaryimage"},"thumbnailUrl":"https:\/\/evertonfc.cz\/wp-content\/uploads\/2021\/03\/Everton-VS-Burnley.jpg","datePublished":"2017-04-14T18:02:15+00:00","dateModified":"2021-03-12T09:47:55+00:00","breadcrumb":{"@id":"https:\/\/evertonfc.cz\/index.php\/2017\/04\/14\/preview-everton-burnley-2\/#breadcrumb"},"inLanguage":"cs","potentialAction":[{"@type":"ReadAction","target":["https:\/\/evertonfc.cz\/index.php\/2017\/04\/14\/preview-everton-burnley-2\/"]}]},{"@type":"ImageObject","inLanguage":"cs","@id":"https:\/\/evertonfc.cz\/index.php\/2017\/04\/14\/preview-everton-burnley-2\/#primaryimage","url":"https:\/\/evertonfc.cz\/wp-content\/uploads\/2021\/03\/Everton-VS-Burnley.jpg","contentUrl":"https:\/\/evertonfc.cz\/wp-content\/uploads\/2021\/03\/Everton-VS-Burnley.jpg","width":720,"height":405},{"@type":"BreadcrumbList","@id":"https:\/\/evertonfc.cz\/index.php\/2017\/04\/14\/preview-everton-burnley-2\/#breadcrumb","itemListElement":[{"@type":"ListItem","position":1,"name":"Home","item":"https:\/\/evertonfc.cz\/"},{"@type":"ListItem","position":2,"name":"Preview: Everton &#8211; Burnley"}]},{"@type":"WebSite","@id":"https:\/\/evertonfc.cz\/#website","url":"https:\/\/evertonfc.cz\/","name":"Official Czech &amp; Slovak Everton Supporters&#039; Club","description":"","publisher":{"@id":"https:\/\/evertonfc.cz\/#organization"},"potentialAction":[{"@type":"SearchAction","target":{"@type":"EntryPoint","urlTemplate":"https:\/\/evertonfc.cz\/?s={search_term_string}"},"query-input":{"@type":"PropertyValueSpecification","valueRequired":true,"valueName":"search_term_string"}}],"inLanguage":"cs"},{"@type":"Organization","@id":"https:\/\/evertonfc.cz\/#organization","name":"Official Czech & Slovak Everton Supporters' Club","url":"https:\/\/evertonfc.cz\/","logo":{"@type":"ImageObject","inLanguage":"cs","@id":"https:\/\/evertonfc.cz\/#\/schema\/logo\/image\/","url":"https:\/\/evertonfc.cz\/wp-content\/uploads\/2019\/05\/logo.png","contentUrl":"https:\/\/evertonfc.cz\/wp-content\/uploads\/2019\/05\/logo.png","width":112,"height":112,"caption":"Official Czech & Slovak Everton Supporters' Club"},"image":{"@id":"https:\/\/evertonfc.cz\/#\/schema\/logo\/image\/"},"sameAs":["https:\/\/www.facebook.com\/everton.fans.cz.sk"]},{"@type":"Person","@id":"https:\/\/evertonfc.cz\/#\/schema\/person\/f7a5daedb2ffee98480bc70e191aaef1","name":"Ri\u010di","sameAs":["https:\/\/x.com\/rbrejsa"],"url":"https:\/\/evertonfc.cz\/index.php\/author\/rici\/"}]}},"_links":{"self":[{"href":"https:\/\/evertonfc.cz\/index.php\/wp-json\/wp\/v2\/posts\/3175"}],"collection":[{"href":"https:\/\/evertonfc.cz\/index.php\/wp-json\/wp\/v2\/posts"}],"about":[{"href":"https:\/\/evertonfc.cz\/index.php\/wp-json\/wp\/v2\/types\/post"}],"author":[{"embeddable":true,"href":"https:\/\/evertonfc.cz\/index.php\/wp-json\/wp\/v2\/users\/6"}],"replies":[{"embeddable":true,"href":"https:\/\/evertonfc.cz\/index.php\/wp-json\/wp\/v2\/comments?post=3175"}],"version-history":[{"count":3,"href":"https:\/\/evertonfc.cz\/index.php\/wp-json\/wp\/v2\/posts\/3175\/revisions"}],"predecessor-version":[{"id":14592,"href":"https:\/\/evertonfc.cz\/index.php\/wp-json\/wp\/v2\/posts\/3175\/revisions\/14592"}],"wp:featuredmedia":[{"embeddable":true,"href":"https:\/\/evertonfc.cz\/index.php\/wp-json\/wp\/v2\/media\/14586"}],"wp:attachment":[{"href":"https:\/\/evertonfc.cz\/index.php\/wp-json\/wp\/v2\/media?parent=3175"}],"wp:term":[{"taxonomy":"category","embeddable":true,"href":"https:\/\/evertonfc.cz\/index.php\/wp-json\/wp\/v2\/categories?post=3175"},{"taxonomy":"post_tag","embeddable":true,"href":"https:\/\/evertonfc.cz\/index.php\/wp-json\/wp\/v2\/tags?post=3175"}],"curies":[{"name":"wp","href":"https:\/\/api.w.org\/{rel}","templated":true}]}}