{"id":3183,"date":"2017-01-21T20:08:07","date_gmt":"2017-01-21T19:08:07","guid":{"rendered":"http:\/\/evertonfc.cz\/?p=3183"},"modified":"2021-04-04T14:00:46","modified_gmt":"2021-04-04T12:00:46","slug":"preview-crystal-palace-everton-2","status":"publish","type":"post","link":"https:\/\/evertonfc.cz\/index.php\/2017\/01\/21\/preview-crystal-palace-everton-2\/","title":{"rendered":"Preview: Crystal Palace &#8211; Everton"},"content":{"rendered":"<h4 id=\"NewsPostDetailSummary\">Po \u010dty\u0159g\u00f3lovem n\u00e1\u0161upu proti Manchesteru City se l\u00e9t\u00e1 vysoko. Bylo by dobr\u00e9 nespadnout na zem p\u0159i prvn\u00ed p\u0159\u00edle\u017eitosti.<\/h4>\n<div id=\"NewsPostDetailContent\">\n<p>Dne\u0161n\u00ed dom\u00e1c\u00ed jsou na tom \u0161patn\u011b. Nen\u00ed se co divit. Z posledn\u00edch p\u011bti z\u00e1pas\u016f uhr\u00e1li pouze jeden bod za rem\u00edzu ve Watfordu. V\u00fdsledkem je prvn\u00ed nesestupov\u00e1 pozice, \u010dist\u011b kv\u016fli lep\u0161\u00edmu sk\u00f3re ve srovn\u00e1n\u00ed s Hullem. Do\u0161lo tedy k logick\u00e9mu \u0159e\u0161en\u00ed &#8211; p\u0159ed m\u011bs\u00edcem vyhodili mana\u017eera. Saky paky si sbalil Alan Pardew a vyst\u0159\u00eddal ho milovn\u00edk hry na jednoho bijce na hrotu, tedy Sam Allardyce. I ten ale jde zat\u00edm od por\u00e1\u017eky k por\u00e1\u017ece. Hlavn\u011b ta se Swansea, p\u0159\u00edm\u00e9mu konkurentovi v boji o z\u00e1chranu, dost zabolela.<\/p>\n<p>Z toho v\u0161eho samoz\u0159ejm\u011b vypl\u00fdv\u00e1, \u017ee Everton je favoritem. Psychika t\u00fdmu po ned\u011bln\u00ed v\u00fdh\u0159e a skv\u011bl\u00e9m v\u00fdkonu je samoz\u0159ejm\u011b naho\u0159e, zvl\u00e1\u0161\u0165, kdy\u017e se nikdo nezranil. M\u00edrn\u00e9 probl\u00e9my ale p\u0159ece jen m\u00e1 Leighton Baines, trochu ho bol\u00ed \u017eebra, le\u010d m\u011bl by b\u00fdt v po\u0159\u00e1dku. Pak jsou na marodce ji\u017e jen dlouhodob\u011b zran\u011bn\u00ed, tedy Be\u0161i\u0107, Calvert-Lewin a Bolasie. Zcela fit je ji\u017e Stekelenburg, jeho absence vyu\u017eil k velmi dobr\u00fdm v\u00fdkon\u016fm Robles, a tak m\u00e1 Koeman p\u0159ed dne\u0161n\u00edm z\u00e1pasem p\u0159\u00edjemn\u00e9 brank\u00e1\u0159sk\u00e9 dilema. Osobn\u011b si mysl\u00edm, \u017ee nastoup\u00ed \u0160pan\u011bl a v z\u00e1kladu bude i synovec Alana Whittlea, tedy Tom Davies. Host\u00e9 jsou t\u00e9\u017e bez Gany, kter\u00fd pln\u00ed sv\u00e9 reprezenta\u010dn\u00ed povinnosti.<\/p>\n<p>V dresu dom\u00e1c\u00edch bude ze stejn\u00e9ho d\u016fvodu chyb\u011bt Zaha, po zran\u011bn\u00ed se naopak vrac\u00ed trojice Campbell, Dann a McArthur, poprv\u00e9 od za\u010d\u00e1tku za t\u00fdm by mohl nastoupit Schlupp. Chyb\u011bt budou dlouhodob\u00ed absent\u00e9\u0159i, konkr\u00e9tn\u011b to jsou Benteke, Mandana, Souar\u00e9 a Wickham. Stoper Dann byl loni v l\u00e9t\u011b spojov\u00e1n s p\u0159estupem pr\u00e1v\u011b do Evertonu. Nen\u00ed ale v\u0161echno tak \u0161patn\u00e9, v \u00fater\u00fd Eagles postupili do \u010dtvrt\u00e9ho kola Anglick\u00e9ho poh\u00e1ru, kdy\u017e vyklepli doma Bolton.<\/p>\n<p>Utk\u00e1n\u00ed vys\u00edl\u00e1 ze z\u00e1znamu stanice Digi sport 2 od 20:30.<\/p>\n<p><strong>Co:<\/strong> Crystal Palace FC &#8211; Everton FC, 22. kolo Premier League<br \/>\n<strong>Kdy:<\/strong> 21. 01. 2017 od 16:00 SE\u010c<br \/>\n<strong>Kde:<\/strong> Whitehorse Lane, Lond\u00fdn (kapacita: 26 456)<br \/>\n<strong>Rozhod\u010d\u00ed:<\/strong> Anthony Taylor<\/p>\n<\/div>\n","protected":false},"excerpt":{"rendered":"<p>Po \u010dty\u0159g\u00f3lovem n\u00e1\u0161upu proti Manchesteru City se l\u00e9t\u00e1 vysoko. Bylo by dobr\u00e9 nespadnout na zem p\u0159i prvn\u00ed p\u0159\u00edle\u017eitosti.<\/p>\n","protected":false},"author":12,"featured_media":12110,"comment_status":"open","ping_status":"closed","sticky":false,"template":"","format":"standard","meta":{"_eb_attr":"","_monsterinsights_skip_tracking":false,"_monsterinsights_sitenote_active":false,"_monsterinsights_sitenote_note":"","_monsterinsights_sitenote_category":0,"footnotes":""},"categories":[4],"tags":[],"yoast_head":"<!-- This site is optimized with the Yoast SEO plugin v23.4 - https:\/\/yoast.com\/wordpress\/plugins\/seo\/ -->\n<title>Preview: Crystal Palace - Everton - Official Czech &amp; Slovak Everton Supporters&#039; Club<\/title>\n<meta name=\"robots\" content=\"index, follow, max-snippet:-1, max-image-preview:large, max-video-preview:-1\" \/>\n<link rel=\"canonical\" href=\"https:\/\/evertonfc.cz\/index.php\/2017\/01\/21\/preview-crystal-palace-everton-2\/\" \/>\n<meta property=\"og:locale\" content=\"cs_CZ\" \/>\n<meta property=\"og:type\" content=\"article\" \/>\n<meta property=\"og:title\" content=\"Preview: Crystal Palace - Everton - Official Czech &amp; Slovak Everton Supporters&#039; Club\" \/>\n<meta property=\"og:description\" content=\"Po \u010dty\u0159g\u00f3lovem n\u00e1\u0161upu proti Manchesteru City se l\u00e9t\u00e1 vysoko. Bylo by dobr\u00e9 nespadnout na zem p\u0159i prvn\u00ed p\u0159\u00edle\u017eitosti.\" \/>\n<meta property=\"og:url\" content=\"https:\/\/evertonfc.cz\/index.php\/2017\/01\/21\/preview-crystal-palace-everton-2\/\" \/>\n<meta property=\"og:site_name\" content=\"Official Czech &amp; Slovak Everton Supporters&#039; Club\" \/>\n<meta property=\"article:publisher\" content=\"https:\/\/www.facebook.com\/everton.fans.cz.sk\" \/>\n<meta property=\"article:published_time\" content=\"2017-01-21T19:08:07+00:00\" \/>\n<meta property=\"article:modified_time\" content=\"2021-04-04T12:00:46+00:00\" \/>\n<meta property=\"og:image\" content=\"https:\/\/evertonfc.cz\/wp-content\/uploads\/2020\/09\/Crystal-Palace-VS-Everton-26-9-2020.jpg\" \/>\n\t<meta property=\"og:image:width\" content=\"720\" \/>\n\t<meta property=\"og:image:height\" content=\"405\" \/>\n\t<meta property=\"og:image:type\" content=\"image\/jpeg\" \/>\n<meta name=\"author\" content=\"Javor\" \/>\n<meta name=\"twitter:card\" content=\"summary_large_image\" \/>\n<meta name=\"twitter:creator\" content=\"@LoudinJan\" \/>\n<meta name=\"twitter:label1\" content=\"Napsal(a)\" \/>\n\t<meta name=\"twitter:data1\" content=\"Javor\" \/>\n\t<meta name=\"twitter:label2\" content=\"Odhadovan\u00e1 doba \u010dten\u00ed\" \/>\n\t<meta name=\"twitter:data2\" content=\"2 minuty\" \/>\n<script type=\"application\/ld+json\" class=\"yoast-schema-graph\">{\"@context\":\"https:\/\/schema.org\",\"@graph\":[{\"@type\":\"Article\",\"@id\":\"https:\/\/evertonfc.cz\/index.php\/2017\/01\/21\/preview-crystal-palace-everton-2\/#article\",\"isPartOf\":{\"@id\":\"https:\/\/evertonfc.cz\/index.php\/2017\/01\/21\/preview-crystal-palace-everton-2\/\"},\"author\":{\"name\":\"Javor\",\"@id\":\"https:\/\/evertonfc.cz\/#\/schema\/person\/b30daf6a5852f4811f8207a17ec1bf78\"},\"headline\":\"Preview: Crystal Palace &#8211; Everton\",\"datePublished\":\"2017-01-21T19:08:07+00:00\",\"dateModified\":\"2021-04-04T12:00:46+00:00\",\"mainEntityOfPage\":{\"@id\":\"https:\/\/evertonfc.cz\/index.php\/2017\/01\/21\/preview-crystal-palace-everton-2\/\"},\"wordCount\":404,\"commentCount\":0,\"publisher\":{\"@id\":\"https:\/\/evertonfc.cz\/#organization\"},\"image\":{\"@id\":\"https:\/\/evertonfc.cz\/index.php\/2017\/01\/21\/preview-crystal-palace-everton-2\/#primaryimage\"},\"thumbnailUrl\":\"https:\/\/evertonfc.cz\/wp-content\/uploads\/2020\/09\/Crystal-Palace-VS-Everton-26-9-2020.jpg\",\"articleSection\":[\"Z\u00e1pasy\"],\"inLanguage\":\"cs\",\"potentialAction\":[{\"@type\":\"CommentAction\",\"name\":\"Comment\",\"target\":[\"https:\/\/evertonfc.cz\/index.php\/2017\/01\/21\/preview-crystal-palace-everton-2\/#respond\"]}]},{\"@type\":\"WebPage\",\"@id\":\"https:\/\/evertonfc.cz\/index.php\/2017\/01\/21\/preview-crystal-palace-everton-2\/\",\"url\":\"https:\/\/evertonfc.cz\/index.php\/2017\/01\/21\/preview-crystal-palace-everton-2\/\",\"name\":\"Preview: Crystal Palace - Everton - Official Czech &amp; Slovak Everton Supporters&#039; Club\",\"isPartOf\":{\"@id\":\"https:\/\/evertonfc.cz\/#website\"},\"primaryImageOfPage\":{\"@id\":\"https:\/\/evertonfc.cz\/index.php\/2017\/01\/21\/preview-crystal-palace-everton-2\/#primaryimage\"},\"image\":{\"@id\":\"https:\/\/evertonfc.cz\/index.php\/2017\/01\/21\/preview-crystal-palace-everton-2\/#primaryimage\"},\"thumbnailUrl\":\"https:\/\/evertonfc.cz\/wp-content\/uploads\/2020\/09\/Crystal-Palace-VS-Everton-26-9-2020.jpg\",\"datePublished\":\"2017-01-21T19:08:07+00:00\",\"dateModified\":\"2021-04-04T12:00:46+00:00\",\"breadcrumb\":{\"@id\":\"https:\/\/evertonfc.cz\/index.php\/2017\/01\/21\/preview-crystal-palace-everton-2\/#breadcrumb\"},\"inLanguage\":\"cs\",\"potentialAction\":[{\"@type\":\"ReadAction\",\"target\":[\"https:\/\/evertonfc.cz\/index.php\/2017\/01\/21\/preview-crystal-palace-everton-2\/\"]}]},{\"@type\":\"ImageObject\",\"inLanguage\":\"cs\",\"@id\":\"https:\/\/evertonfc.cz\/index.php\/2017\/01\/21\/preview-crystal-palace-everton-2\/#primaryimage\",\"url\":\"https:\/\/evertonfc.cz\/wp-content\/uploads\/2020\/09\/Crystal-Palace-VS-Everton-26-9-2020.jpg\",\"contentUrl\":\"https:\/\/evertonfc.cz\/wp-content\/uploads\/2020\/09\/Crystal-Palace-VS-Everton-26-9-2020.jpg\",\"width\":720,\"height\":405},{\"@type\":\"BreadcrumbList\",\"@id\":\"https:\/\/evertonfc.cz\/index.php\/2017\/01\/21\/preview-crystal-palace-everton-2\/#breadcrumb\",\"itemListElement\":[{\"@type\":\"ListItem\",\"position\":1,\"name\":\"Home\",\"item\":\"https:\/\/evertonfc.cz\/\"},{\"@type\":\"ListItem\",\"position\":2,\"name\":\"Preview: Crystal Palace &#8211; Everton\"}]},{\"@type\":\"WebSite\",\"@id\":\"https:\/\/evertonfc.cz\/#website\",\"url\":\"https:\/\/evertonfc.cz\/\",\"name\":\"Official Czech &amp; Slovak Everton Supporters&#039; Club\",\"description\":\"\",\"publisher\":{\"@id\":\"https:\/\/evertonfc.cz\/#organization\"},\"potentialAction\":[{\"@type\":\"SearchAction\",\"target\":{\"@type\":\"EntryPoint\",\"urlTemplate\":\"https:\/\/evertonfc.cz\/?s={search_term_string}\"},\"query-input\":{\"@type\":\"PropertyValueSpecification\",\"valueRequired\":true,\"valueName\":\"search_term_string\"}}],\"inLanguage\":\"cs\"},{\"@type\":\"Organization\",\"@id\":\"https:\/\/evertonfc.cz\/#organization\",\"name\":\"Official Czech & Slovak Everton Supporters' Club\",\"url\":\"https:\/\/evertonfc.cz\/\",\"logo\":{\"@type\":\"ImageObject\",\"inLanguage\":\"cs\",\"@id\":\"https:\/\/evertonfc.cz\/#\/schema\/logo\/image\/\",\"url\":\"https:\/\/evertonfc.cz\/wp-content\/uploads\/2019\/05\/logo.png\",\"contentUrl\":\"https:\/\/evertonfc.cz\/wp-content\/uploads\/2019\/05\/logo.png\",\"width\":112,\"height\":112,\"caption\":\"Official Czech & Slovak Everton Supporters' Club\"},\"image\":{\"@id\":\"https:\/\/evertonfc.cz\/#\/schema\/logo\/image\/\"},\"sameAs\":[\"https:\/\/www.facebook.com\/everton.fans.cz.sk\"]},{\"@type\":\"Person\",\"@id\":\"https:\/\/evertonfc.cz\/#\/schema\/person\/b30daf6a5852f4811f8207a17ec1bf78\",\"name\":\"Javor\",\"sameAs\":[\"https:\/\/x.com\/LoudinJan\"],\"url\":\"https:\/\/evertonfc.cz\/index.php\/author\/javor\/\"}]}<\/script>\n<!-- \/ Yoast SEO plugin. -->","yoast_head_json":{"title":"Preview: Crystal Palace - Everton - Official Czech &amp; Slovak Everton Supporters&#039; Club","robots":{"index":"index","follow":"follow","max-snippet":"max-snippet:-1","max-image-preview":"max-image-preview:large","max-video-preview":"max-video-preview:-1"},"canonical":"https:\/\/evertonfc.cz\/index.php\/2017\/01\/21\/preview-crystal-palace-everton-2\/","og_locale":"cs_CZ","og_type":"article","og_title":"Preview: Crystal Palace - Everton - Official Czech &amp; Slovak Everton Supporters&#039; Club","og_description":"Po \u010dty\u0159g\u00f3lovem n\u00e1\u0161upu proti Manchesteru City se l\u00e9t\u00e1 vysoko. Bylo by dobr\u00e9 nespadnout na zem p\u0159i prvn\u00ed p\u0159\u00edle\u017eitosti.","og_url":"https:\/\/evertonfc.cz\/index.php\/2017\/01\/21\/preview-crystal-palace-everton-2\/","og_site_name":"Official Czech &amp; Slovak Everton Supporters&#039; Club","article_publisher":"https:\/\/www.facebook.com\/everton.fans.cz.sk","article_published_time":"2017-01-21T19:08:07+00:00","article_modified_time":"2021-04-04T12:00:46+00:00","og_image":[{"width":720,"height":405,"url":"https:\/\/evertonfc.cz\/wp-content\/uploads\/2020\/09\/Crystal-Palace-VS-Everton-26-9-2020.jpg","type":"image\/jpeg"}],"author":"Javor","twitter_card":"summary_large_image","twitter_creator":"@LoudinJan","twitter_misc":{"Napsal(a)":"Javor","Odhadovan\u00e1 doba \u010dten\u00ed":"2 minuty"},"schema":{"@context":"https:\/\/schema.org","@graph":[{"@type":"Article","@id":"https:\/\/evertonfc.cz\/index.php\/2017\/01\/21\/preview-crystal-palace-everton-2\/#article","isPartOf":{"@id":"https:\/\/evertonfc.cz\/index.php\/2017\/01\/21\/preview-crystal-palace-everton-2\/"},"author":{"name":"Javor","@id":"https:\/\/evertonfc.cz\/#\/schema\/person\/b30daf6a5852f4811f8207a17ec1bf78"},"headline":"Preview: Crystal Palace &#8211; Everton","datePublished":"2017-01-21T19:08:07+00:00","dateModified":"2021-04-04T12:00:46+00:00","mainEntityOfPage":{"@id":"https:\/\/evertonfc.cz\/index.php\/2017\/01\/21\/preview-crystal-palace-everton-2\/"},"wordCount":404,"commentCount":0,"publisher":{"@id":"https:\/\/evertonfc.cz\/#organization"},"image":{"@id":"https:\/\/evertonfc.cz\/index.php\/2017\/01\/21\/preview-crystal-palace-everton-2\/#primaryimage"},"thumbnailUrl":"https:\/\/evertonfc.cz\/wp-content\/uploads\/2020\/09\/Crystal-Palace-VS-Everton-26-9-2020.jpg","articleSection":["Z\u00e1pasy"],"inLanguage":"cs","potentialAction":[{"@type":"CommentAction","name":"Comment","target":["https:\/\/evertonfc.cz\/index.php\/2017\/01\/21\/preview-crystal-palace-everton-2\/#respond"]}]},{"@type":"WebPage","@id":"https:\/\/evertonfc.cz\/index.php\/2017\/01\/21\/preview-crystal-palace-everton-2\/","url":"https:\/\/evertonfc.cz\/index.php\/2017\/01\/21\/preview-crystal-palace-everton-2\/","name":"Preview: Crystal Palace - Everton - Official Czech &amp; Slovak Everton Supporters&#039; Club","isPartOf":{"@id":"https:\/\/evertonfc.cz\/#website"},"primaryImageOfPage":{"@id":"https:\/\/evertonfc.cz\/index.php\/2017\/01\/21\/preview-crystal-palace-everton-2\/#primaryimage"},"image":{"@id":"https:\/\/evertonfc.cz\/index.php\/2017\/01\/21\/preview-crystal-palace-everton-2\/#primaryimage"},"thumbnailUrl":"https:\/\/evertonfc.cz\/wp-content\/uploads\/2020\/09\/Crystal-Palace-VS-Everton-26-9-2020.jpg","datePublished":"2017-01-21T19:08:07+00:00","dateModified":"2021-04-04T12:00:46+00:00","breadcrumb":{"@id":"https:\/\/evertonfc.cz\/index.php\/2017\/01\/21\/preview-crystal-palace-everton-2\/#breadcrumb"},"inLanguage":"cs","potentialAction":[{"@type":"ReadAction","target":["https:\/\/evertonfc.cz\/index.php\/2017\/01\/21\/preview-crystal-palace-everton-2\/"]}]},{"@type":"ImageObject","inLanguage":"cs","@id":"https:\/\/evertonfc.cz\/index.php\/2017\/01\/21\/preview-crystal-palace-everton-2\/#primaryimage","url":"https:\/\/evertonfc.cz\/wp-content\/uploads\/2020\/09\/Crystal-Palace-VS-Everton-26-9-2020.jpg","contentUrl":"https:\/\/evertonfc.cz\/wp-content\/uploads\/2020\/09\/Crystal-Palace-VS-Everton-26-9-2020.jpg","width":720,"height":405},{"@type":"BreadcrumbList","@id":"https:\/\/evertonfc.cz\/index.php\/2017\/01\/21\/preview-crystal-palace-everton-2\/#breadcrumb","itemListElement":[{"@type":"ListItem","position":1,"name":"Home","item":"https:\/\/evertonfc.cz\/"},{"@type":"ListItem","position":2,"name":"Preview: Crystal Palace &#8211; Everton"}]},{"@type":"WebSite","@id":"https:\/\/evertonfc.cz\/#website","url":"https:\/\/evertonfc.cz\/","name":"Official Czech &amp; Slovak Everton Supporters&#039; Club","description":"","publisher":{"@id":"https:\/\/evertonfc.cz\/#organization"},"potentialAction":[{"@type":"SearchAction","target":{"@type":"EntryPoint","urlTemplate":"https:\/\/evertonfc.cz\/?s={search_term_string}"},"query-input":{"@type":"PropertyValueSpecification","valueRequired":true,"valueName":"search_term_string"}}],"inLanguage":"cs"},{"@type":"Organization","@id":"https:\/\/evertonfc.cz\/#organization","name":"Official Czech & Slovak Everton Supporters' Club","url":"https:\/\/evertonfc.cz\/","logo":{"@type":"ImageObject","inLanguage":"cs","@id":"https:\/\/evertonfc.cz\/#\/schema\/logo\/image\/","url":"https:\/\/evertonfc.cz\/wp-content\/uploads\/2019\/05\/logo.png","contentUrl":"https:\/\/evertonfc.cz\/wp-content\/uploads\/2019\/05\/logo.png","width":112,"height":112,"caption":"Official Czech & Slovak Everton Supporters' Club"},"image":{"@id":"https:\/\/evertonfc.cz\/#\/schema\/logo\/image\/"},"sameAs":["https:\/\/www.facebook.com\/everton.fans.cz.sk"]},{"@type":"Person","@id":"https:\/\/evertonfc.cz\/#\/schema\/person\/b30daf6a5852f4811f8207a17ec1bf78","name":"Javor","sameAs":["https:\/\/x.com\/LoudinJan"],"url":"https:\/\/evertonfc.cz\/index.php\/author\/javor\/"}]}},"_links":{"self":[{"href":"https:\/\/evertonfc.cz\/index.php\/wp-json\/wp\/v2\/posts\/3183"}],"collection":[{"href":"https:\/\/evertonfc.cz\/index.php\/wp-json\/wp\/v2\/posts"}],"about":[{"href":"https:\/\/evertonfc.cz\/index.php\/wp-json\/wp\/v2\/types\/post"}],"author":[{"embeddable":true,"href":"https:\/\/evertonfc.cz\/index.php\/wp-json\/wp\/v2\/users\/12"}],"replies":[{"embeddable":true,"href":"https:\/\/evertonfc.cz\/index.php\/wp-json\/wp\/v2\/comments?post=3183"}],"version-history":[{"count":2,"href":"https:\/\/evertonfc.cz\/index.php\/wp-json\/wp\/v2\/posts\/3183\/revisions"}],"predecessor-version":[{"id":14875,"href":"https:\/\/evertonfc.cz\/index.php\/wp-json\/wp\/v2\/posts\/3183\/revisions\/14875"}],"wp:featuredmedia":[{"embeddable":true,"href":"https:\/\/evertonfc.cz\/index.php\/wp-json\/wp\/v2\/media\/12110"}],"wp:attachment":[{"href":"https:\/\/evertonfc.cz\/index.php\/wp-json\/wp\/v2\/media?parent=3183"}],"wp:term":[{"taxonomy":"category","embeddable":true,"href":"https:\/\/evertonfc.cz\/index.php\/wp-json\/wp\/v2\/categories?post=3183"},{"taxonomy":"post_tag","embeddable":true,"href":"https:\/\/evertonfc.cz\/index.php\/wp-json\/wp\/v2\/tags?post=3183"}],"curies":[{"name":"wp","href":"https:\/\/api.w.org\/{rel}","templated":true}]}}