{"id":3189,"date":"2017-01-14T20:11:55","date_gmt":"2017-01-14T19:11:55","guid":{"rendered":"http:\/\/evertonfc.cz\/?p=3189"},"modified":"2020-05-14T12:37:19","modified_gmt":"2020-05-14T10:37:19","slug":"oviedo-nehraje-a-tak-premysli-o-odchodu","status":"publish","type":"post","link":"https:\/\/evertonfc.cz\/index.php\/2017\/01\/14\/oviedo-nehraje-a-tak-premysli-o-odchodu\/","title":{"rendered":"Oviedo nehraje, a tak p\u0159em\u00fd\u0161l\u00ed o odchodu"},"content":{"rendered":"<h4 id=\"NewsPostDetailSummary\">Bryan Oviedo vyj\u00e1d\u0159il frustraci ohledn\u011b sv\u00e9 sou\u010dasn\u00e9 pozice v t\u00fdmu. R\u00e1d by zkusil \u0161t\u011bst\u00ed mimo Goodison Park, ov\u0161em Ronald Koeman odm\u00edt\u00e1 jeho zimn\u00ed prodej.<\/h4>\n<div id=\"NewsPostDetailContent\">\n<p>U fanou\u0161k\u016f obl\u00edben\u00fd Kostari\u010dan za\u017e\u00edv\u00e1 t\u011b\u017ek\u00e9 \u010dasy. V leto\u0161n\u00edm ro\u010dn\u00edku nastoupil jenom k sedmi z\u00e1pas\u016fm, Koeman na postu lev\u00e9ho obr\u00e1nce evidentn\u011b up\u0159ednost\u0148uje Leightona Bainese.<\/p>\n<p>Brzy sedmadvacetilet\u00e9ho fotbalistu koupil David Moyes z FC Kodan\u011b v roce 2012 za \u010d\u00e1stku\u00a0\u00a31,2m \u0161plhaj\u00edc\u00ed se s bonusy a\u017e do v\u00fd\u0161e mezi \u00a33-4m.\u00a0Po del\u0161\u00ed aklimatizaci Oviedo zaujal b\u011bhem sez\u00f3ny 2013\/14. Nejprve se dob\u0159e prezentoval v z\u00e1loze a p\u0159i Bainesov\u011b absenci pokra\u010doval v kvalitn\u00edch v\u00fdkonech tak\u00e9 na beku. Bohu\u017eel na za\u010d\u00e1tku roku 2014 utrp\u011bl dvojitou zlomeninu nohy a po t\u011b\u017ek\u00e9m zran\u011bn\u00ed se ji\u017e nedok\u00e1zal vr\u00e1tit do d\u0159\u00edv\u011bj\u0161\u00ed formy.<\/p>\n<p><em>\u201eJedn\u00e1 se o m\u00e9 nejhor\u0161\u00ed obdob\u00ed v Evertonu, pochopiteln\u011b kdy\u017e nepo\u010d\u00edt\u00e1m zran\u011bn\u00ed. V posledn\u00edch dvou m\u011bs\u00edc\u00edch jsem se dokonce ani neve\u0161el na lavi\u010dku n\u00e1hradn\u00edk\u016f.<\/em><\/p>\n<p><em>Mana\u017eer mi \u0159ekl, \u017ee se jedn\u00e1 o o\u0161emetnou situaci, proto\u017ee preferuje m\u00edt ofenzivn\u00ed hr\u00e1\u010de mezi n\u00e1hradn\u00edky. Mus\u00edm si po\u010dkat na \u0161anci. Vyrovn\u00e1v\u00e1m se s t\u00edm celkem slo\u017eit\u011b, v\u017edy se p\u0159ipravujete, abyste mohl nasko\u010dit do utk\u00e1n\u00ed, nikoliv abyste byl pouh\u00fdm div\u00e1kem.<\/em><\/p>\n<p><em>P\u0159em\u00fd\u0161l\u00edm o mo\u017enosti odchodu do jin\u00e9ho klubu, kde bych pravideln\u011b nastupoval. Pros\u00edm Boha o trp\u011blivost, nehodl\u00e1m propadnout chmur\u00e1m. Na druhou stranu bude velmi obt\u00ed\u017en\u00e9 p\u0159estoupit v lednu, jeliko\u017e m\u011b mana\u017eer upozornil, \u017ee m\u011b do \u010dervna pot\u0159ebuje jako n\u00e1hradn\u00edka za Leightona Bainese. T\u0159eba do konce sez\u00f3ny\u00a0dostanu v\u00edce p\u0159\u00edle\u017eitost\u00ed. Uvid\u00edm,\u201d <\/em>prozradil Oviedo.<\/p>\n<\/div>\n","protected":false},"excerpt":{"rendered":"<p>Bryan Oviedo vyj\u00e1d\u0159il frustraci ohledn\u011b sv\u00e9 sou\u010dasn\u00e9 pozice v t\u00fdmu. R\u00e1d by zkusil \u0161t\u011bst\u00ed mimo Goodison Park, ov\u0161em Ronald Koeman&hellip;<\/p>\n","protected":false},"author":6,"featured_media":1313,"comment_status":"open","ping_status":"closed","sticky":false,"template":"","format":"standard","meta":{"_eb_attr":"","_monsterinsights_skip_tracking":false,"_monsterinsights_sitenote_active":false,"_monsterinsights_sitenote_note":"","_monsterinsights_sitenote_category":0,"footnotes":""},"categories":[42],"tags":[],"yoast_head":"<!-- This site is optimized with the Yoast SEO plugin v23.4 - https:\/\/yoast.com\/wordpress\/plugins\/seo\/ -->\n<title>Oviedo nehraje, a tak p\u0159em\u00fd\u0161l\u00ed o odchodu - Official Czech &amp; Slovak Everton Supporters&#039; Club<\/title>\n<meta name=\"robots\" content=\"index, follow, max-snippet:-1, max-image-preview:large, max-video-preview:-1\" \/>\n<link rel=\"canonical\" href=\"https:\/\/evertonfc.cz\/index.php\/2017\/01\/14\/oviedo-nehraje-a-tak-premysli-o-odchodu\/\" \/>\n<meta property=\"og:locale\" content=\"cs_CZ\" \/>\n<meta property=\"og:type\" content=\"article\" \/>\n<meta property=\"og:title\" content=\"Oviedo nehraje, a tak p\u0159em\u00fd\u0161l\u00ed o odchodu - Official Czech &amp; Slovak Everton Supporters&#039; Club\" \/>\n<meta property=\"og:description\" content=\"Bryan Oviedo vyj\u00e1d\u0159il frustraci ohledn\u011b sv\u00e9 sou\u010dasn\u00e9 pozice v t\u00fdmu. R\u00e1d by zkusil \u0161t\u011bst\u00ed mimo Goodison Park, ov\u0161em Ronald Koeman&hellip;\" \/>\n<meta property=\"og:url\" content=\"https:\/\/evertonfc.cz\/index.php\/2017\/01\/14\/oviedo-nehraje-a-tak-premysli-o-odchodu\/\" \/>\n<meta property=\"og:site_name\" content=\"Official Czech &amp; Slovak Everton Supporters&#039; Club\" \/>\n<meta property=\"article:publisher\" content=\"https:\/\/www.facebook.com\/everton.fans.cz.sk\" \/>\n<meta property=\"article:published_time\" content=\"2017-01-14T19:11:55+00:00\" \/>\n<meta property=\"article:modified_time\" content=\"2020-05-14T10:37:19+00:00\" \/>\n<meta property=\"og:image\" content=\"https:\/\/evertonfc.cz\/wp-content\/uploads\/2019\/01\/news.jpg\" \/>\n\t<meta property=\"og:image:width\" content=\"720\" \/>\n\t<meta property=\"og:image:height\" content=\"405\" \/>\n\t<meta property=\"og:image:type\" content=\"image\/jpeg\" \/>\n<meta name=\"author\" content=\"Ri\u010di\" \/>\n<meta name=\"twitter:card\" content=\"summary_large_image\" \/>\n<meta name=\"twitter:creator\" content=\"@rbrejsa\" \/>\n<meta name=\"twitter:label1\" content=\"Napsal(a)\" \/>\n\t<meta name=\"twitter:data1\" content=\"Ri\u010di\" \/>\n\t<meta name=\"twitter:label2\" content=\"Odhadovan\u00e1 doba \u010dten\u00ed\" \/>\n\t<meta name=\"twitter:data2\" content=\"2 minuty\" \/>\n<script type=\"application\/ld+json\" class=\"yoast-schema-graph\">{\"@context\":\"https:\/\/schema.org\",\"@graph\":[{\"@type\":\"Article\",\"@id\":\"https:\/\/evertonfc.cz\/index.php\/2017\/01\/14\/oviedo-nehraje-a-tak-premysli-o-odchodu\/#article\",\"isPartOf\":{\"@id\":\"https:\/\/evertonfc.cz\/index.php\/2017\/01\/14\/oviedo-nehraje-a-tak-premysli-o-odchodu\/\"},\"author\":{\"name\":\"Ri\u010di\",\"@id\":\"https:\/\/evertonfc.cz\/#\/schema\/person\/f7a5daedb2ffee98480bc70e191aaef1\"},\"headline\":\"Oviedo nehraje, a tak p\u0159em\u00fd\u0161l\u00ed o odchodu\",\"datePublished\":\"2017-01-14T19:11:55+00:00\",\"dateModified\":\"2020-05-14T10:37:19+00:00\",\"mainEntityOfPage\":{\"@id\":\"https:\/\/evertonfc.cz\/index.php\/2017\/01\/14\/oviedo-nehraje-a-tak-premysli-o-odchodu\/\"},\"wordCount\":334,\"commentCount\":0,\"publisher\":{\"@id\":\"https:\/\/evertonfc.cz\/#organization\"},\"image\":{\"@id\":\"https:\/\/evertonfc.cz\/index.php\/2017\/01\/14\/oviedo-nehraje-a-tak-premysli-o-odchodu\/#primaryimage\"},\"thumbnailUrl\":\"https:\/\/evertonfc.cz\/wp-content\/uploads\/2019\/01\/news.jpg\",\"articleSection\":[\"Aktuality\"],\"inLanguage\":\"cs\",\"potentialAction\":[{\"@type\":\"CommentAction\",\"name\":\"Comment\",\"target\":[\"https:\/\/evertonfc.cz\/index.php\/2017\/01\/14\/oviedo-nehraje-a-tak-premysli-o-odchodu\/#respond\"]}]},{\"@type\":\"WebPage\",\"@id\":\"https:\/\/evertonfc.cz\/index.php\/2017\/01\/14\/oviedo-nehraje-a-tak-premysli-o-odchodu\/\",\"url\":\"https:\/\/evertonfc.cz\/index.php\/2017\/01\/14\/oviedo-nehraje-a-tak-premysli-o-odchodu\/\",\"name\":\"Oviedo nehraje, a tak p\u0159em\u00fd\u0161l\u00ed o odchodu - Official Czech &amp; Slovak Everton Supporters&#039; Club\",\"isPartOf\":{\"@id\":\"https:\/\/evertonfc.cz\/#website\"},\"primaryImageOfPage\":{\"@id\":\"https:\/\/evertonfc.cz\/index.php\/2017\/01\/14\/oviedo-nehraje-a-tak-premysli-o-odchodu\/#primaryimage\"},\"image\":{\"@id\":\"https:\/\/evertonfc.cz\/index.php\/2017\/01\/14\/oviedo-nehraje-a-tak-premysli-o-odchodu\/#primaryimage\"},\"thumbnailUrl\":\"https:\/\/evertonfc.cz\/wp-content\/uploads\/2019\/01\/news.jpg\",\"datePublished\":\"2017-01-14T19:11:55+00:00\",\"dateModified\":\"2020-05-14T10:37:19+00:00\",\"breadcrumb\":{\"@id\":\"https:\/\/evertonfc.cz\/index.php\/2017\/01\/14\/oviedo-nehraje-a-tak-premysli-o-odchodu\/#breadcrumb\"},\"inLanguage\":\"cs\",\"potentialAction\":[{\"@type\":\"ReadAction\",\"target\":[\"https:\/\/evertonfc.cz\/index.php\/2017\/01\/14\/oviedo-nehraje-a-tak-premysli-o-odchodu\/\"]}]},{\"@type\":\"ImageObject\",\"inLanguage\":\"cs\",\"@id\":\"https:\/\/evertonfc.cz\/index.php\/2017\/01\/14\/oviedo-nehraje-a-tak-premysli-o-odchodu\/#primaryimage\",\"url\":\"https:\/\/evertonfc.cz\/wp-content\/uploads\/2019\/01\/news.jpg\",\"contentUrl\":\"https:\/\/evertonfc.cz\/wp-content\/uploads\/2019\/01\/news.jpg\",\"width\":720,\"height\":405},{\"@type\":\"BreadcrumbList\",\"@id\":\"https:\/\/evertonfc.cz\/index.php\/2017\/01\/14\/oviedo-nehraje-a-tak-premysli-o-odchodu\/#breadcrumb\",\"itemListElement\":[{\"@type\":\"ListItem\",\"position\":1,\"name\":\"Home\",\"item\":\"https:\/\/evertonfc.cz\/\"},{\"@type\":\"ListItem\",\"position\":2,\"name\":\"Oviedo nehraje, a tak p\u0159em\u00fd\u0161l\u00ed o odchodu\"}]},{\"@type\":\"WebSite\",\"@id\":\"https:\/\/evertonfc.cz\/#website\",\"url\":\"https:\/\/evertonfc.cz\/\",\"name\":\"Official Czech &amp; Slovak Everton Supporters&#039; Club\",\"description\":\"\",\"publisher\":{\"@id\":\"https:\/\/evertonfc.cz\/#organization\"},\"potentialAction\":[{\"@type\":\"SearchAction\",\"target\":{\"@type\":\"EntryPoint\",\"urlTemplate\":\"https:\/\/evertonfc.cz\/?s={search_term_string}\"},\"query-input\":{\"@type\":\"PropertyValueSpecification\",\"valueRequired\":true,\"valueName\":\"search_term_string\"}}],\"inLanguage\":\"cs\"},{\"@type\":\"Organization\",\"@id\":\"https:\/\/evertonfc.cz\/#organization\",\"name\":\"Official Czech & Slovak Everton Supporters' Club\",\"url\":\"https:\/\/evertonfc.cz\/\",\"logo\":{\"@type\":\"ImageObject\",\"inLanguage\":\"cs\",\"@id\":\"https:\/\/evertonfc.cz\/#\/schema\/logo\/image\/\",\"url\":\"https:\/\/evertonfc.cz\/wp-content\/uploads\/2019\/05\/logo.png\",\"contentUrl\":\"https:\/\/evertonfc.cz\/wp-content\/uploads\/2019\/05\/logo.png\",\"width\":112,\"height\":112,\"caption\":\"Official Czech & Slovak Everton Supporters' Club\"},\"image\":{\"@id\":\"https:\/\/evertonfc.cz\/#\/schema\/logo\/image\/\"},\"sameAs\":[\"https:\/\/www.facebook.com\/everton.fans.cz.sk\"]},{\"@type\":\"Person\",\"@id\":\"https:\/\/evertonfc.cz\/#\/schema\/person\/f7a5daedb2ffee98480bc70e191aaef1\",\"name\":\"Ri\u010di\",\"sameAs\":[\"https:\/\/x.com\/rbrejsa\"],\"url\":\"https:\/\/evertonfc.cz\/index.php\/author\/rici\/\"}]}<\/script>\n<!-- \/ Yoast SEO plugin. -->","yoast_head_json":{"title":"Oviedo nehraje, a tak p\u0159em\u00fd\u0161l\u00ed o odchodu - Official Czech &amp; Slovak Everton Supporters&#039; Club","robots":{"index":"index","follow":"follow","max-snippet":"max-snippet:-1","max-image-preview":"max-image-preview:large","max-video-preview":"max-video-preview:-1"},"canonical":"https:\/\/evertonfc.cz\/index.php\/2017\/01\/14\/oviedo-nehraje-a-tak-premysli-o-odchodu\/","og_locale":"cs_CZ","og_type":"article","og_title":"Oviedo nehraje, a tak p\u0159em\u00fd\u0161l\u00ed o odchodu - Official Czech &amp; Slovak Everton Supporters&#039; Club","og_description":"Bryan Oviedo vyj\u00e1d\u0159il frustraci ohledn\u011b sv\u00e9 sou\u010dasn\u00e9 pozice v t\u00fdmu. R\u00e1d by zkusil \u0161t\u011bst\u00ed mimo Goodison Park, ov\u0161em Ronald Koeman&hellip;","og_url":"https:\/\/evertonfc.cz\/index.php\/2017\/01\/14\/oviedo-nehraje-a-tak-premysli-o-odchodu\/","og_site_name":"Official Czech &amp; Slovak Everton Supporters&#039; Club","article_publisher":"https:\/\/www.facebook.com\/everton.fans.cz.sk","article_published_time":"2017-01-14T19:11:55+00:00","article_modified_time":"2020-05-14T10:37:19+00:00","og_image":[{"width":720,"height":405,"url":"https:\/\/evertonfc.cz\/wp-content\/uploads\/2019\/01\/news.jpg","type":"image\/jpeg"}],"author":"Ri\u010di","twitter_card":"summary_large_image","twitter_creator":"@rbrejsa","twitter_misc":{"Napsal(a)":"Ri\u010di","Odhadovan\u00e1 doba \u010dten\u00ed":"2 minuty"},"schema":{"@context":"https:\/\/schema.org","@graph":[{"@type":"Article","@id":"https:\/\/evertonfc.cz\/index.php\/2017\/01\/14\/oviedo-nehraje-a-tak-premysli-o-odchodu\/#article","isPartOf":{"@id":"https:\/\/evertonfc.cz\/index.php\/2017\/01\/14\/oviedo-nehraje-a-tak-premysli-o-odchodu\/"},"author":{"name":"Ri\u010di","@id":"https:\/\/evertonfc.cz\/#\/schema\/person\/f7a5daedb2ffee98480bc70e191aaef1"},"headline":"Oviedo nehraje, a tak p\u0159em\u00fd\u0161l\u00ed o odchodu","datePublished":"2017-01-14T19:11:55+00:00","dateModified":"2020-05-14T10:37:19+00:00","mainEntityOfPage":{"@id":"https:\/\/evertonfc.cz\/index.php\/2017\/01\/14\/oviedo-nehraje-a-tak-premysli-o-odchodu\/"},"wordCount":334,"commentCount":0,"publisher":{"@id":"https:\/\/evertonfc.cz\/#organization"},"image":{"@id":"https:\/\/evertonfc.cz\/index.php\/2017\/01\/14\/oviedo-nehraje-a-tak-premysli-o-odchodu\/#primaryimage"},"thumbnailUrl":"https:\/\/evertonfc.cz\/wp-content\/uploads\/2019\/01\/news.jpg","articleSection":["Aktuality"],"inLanguage":"cs","potentialAction":[{"@type":"CommentAction","name":"Comment","target":["https:\/\/evertonfc.cz\/index.php\/2017\/01\/14\/oviedo-nehraje-a-tak-premysli-o-odchodu\/#respond"]}]},{"@type":"WebPage","@id":"https:\/\/evertonfc.cz\/index.php\/2017\/01\/14\/oviedo-nehraje-a-tak-premysli-o-odchodu\/","url":"https:\/\/evertonfc.cz\/index.php\/2017\/01\/14\/oviedo-nehraje-a-tak-premysli-o-odchodu\/","name":"Oviedo nehraje, a tak p\u0159em\u00fd\u0161l\u00ed o odchodu - Official Czech &amp; Slovak Everton Supporters&#039; Club","isPartOf":{"@id":"https:\/\/evertonfc.cz\/#website"},"primaryImageOfPage":{"@id":"https:\/\/evertonfc.cz\/index.php\/2017\/01\/14\/oviedo-nehraje-a-tak-premysli-o-odchodu\/#primaryimage"},"image":{"@id":"https:\/\/evertonfc.cz\/index.php\/2017\/01\/14\/oviedo-nehraje-a-tak-premysli-o-odchodu\/#primaryimage"},"thumbnailUrl":"https:\/\/evertonfc.cz\/wp-content\/uploads\/2019\/01\/news.jpg","datePublished":"2017-01-14T19:11:55+00:00","dateModified":"2020-05-14T10:37:19+00:00","breadcrumb":{"@id":"https:\/\/evertonfc.cz\/index.php\/2017\/01\/14\/oviedo-nehraje-a-tak-premysli-o-odchodu\/#breadcrumb"},"inLanguage":"cs","potentialAction":[{"@type":"ReadAction","target":["https:\/\/evertonfc.cz\/index.php\/2017\/01\/14\/oviedo-nehraje-a-tak-premysli-o-odchodu\/"]}]},{"@type":"ImageObject","inLanguage":"cs","@id":"https:\/\/evertonfc.cz\/index.php\/2017\/01\/14\/oviedo-nehraje-a-tak-premysli-o-odchodu\/#primaryimage","url":"https:\/\/evertonfc.cz\/wp-content\/uploads\/2019\/01\/news.jpg","contentUrl":"https:\/\/evertonfc.cz\/wp-content\/uploads\/2019\/01\/news.jpg","width":720,"height":405},{"@type":"BreadcrumbList","@id":"https:\/\/evertonfc.cz\/index.php\/2017\/01\/14\/oviedo-nehraje-a-tak-premysli-o-odchodu\/#breadcrumb","itemListElement":[{"@type":"ListItem","position":1,"name":"Home","item":"https:\/\/evertonfc.cz\/"},{"@type":"ListItem","position":2,"name":"Oviedo nehraje, a tak p\u0159em\u00fd\u0161l\u00ed o odchodu"}]},{"@type":"WebSite","@id":"https:\/\/evertonfc.cz\/#website","url":"https:\/\/evertonfc.cz\/","name":"Official Czech &amp; Slovak Everton Supporters&#039; Club","description":"","publisher":{"@id":"https:\/\/evertonfc.cz\/#organization"},"potentialAction":[{"@type":"SearchAction","target":{"@type":"EntryPoint","urlTemplate":"https:\/\/evertonfc.cz\/?s={search_term_string}"},"query-input":{"@type":"PropertyValueSpecification","valueRequired":true,"valueName":"search_term_string"}}],"inLanguage":"cs"},{"@type":"Organization","@id":"https:\/\/evertonfc.cz\/#organization","name":"Official Czech & Slovak Everton Supporters' Club","url":"https:\/\/evertonfc.cz\/","logo":{"@type":"ImageObject","inLanguage":"cs","@id":"https:\/\/evertonfc.cz\/#\/schema\/logo\/image\/","url":"https:\/\/evertonfc.cz\/wp-content\/uploads\/2019\/05\/logo.png","contentUrl":"https:\/\/evertonfc.cz\/wp-content\/uploads\/2019\/05\/logo.png","width":112,"height":112,"caption":"Official Czech & Slovak Everton Supporters' Club"},"image":{"@id":"https:\/\/evertonfc.cz\/#\/schema\/logo\/image\/"},"sameAs":["https:\/\/www.facebook.com\/everton.fans.cz.sk"]},{"@type":"Person","@id":"https:\/\/evertonfc.cz\/#\/schema\/person\/f7a5daedb2ffee98480bc70e191aaef1","name":"Ri\u010di","sameAs":["https:\/\/x.com\/rbrejsa"],"url":"https:\/\/evertonfc.cz\/index.php\/author\/rici\/"}]}},"_links":{"self":[{"href":"https:\/\/evertonfc.cz\/index.php\/wp-json\/wp\/v2\/posts\/3189"}],"collection":[{"href":"https:\/\/evertonfc.cz\/index.php\/wp-json\/wp\/v2\/posts"}],"about":[{"href":"https:\/\/evertonfc.cz\/index.php\/wp-json\/wp\/v2\/types\/post"}],"author":[{"embeddable":true,"href":"https:\/\/evertonfc.cz\/index.php\/wp-json\/wp\/v2\/users\/6"}],"replies":[{"embeddable":true,"href":"https:\/\/evertonfc.cz\/index.php\/wp-json\/wp\/v2\/comments?post=3189"}],"version-history":[{"count":1,"href":"https:\/\/evertonfc.cz\/index.php\/wp-json\/wp\/v2\/posts\/3189\/revisions"}],"predecessor-version":[{"id":3190,"href":"https:\/\/evertonfc.cz\/index.php\/wp-json\/wp\/v2\/posts\/3189\/revisions\/3190"}],"wp:featuredmedia":[{"embeddable":true,"href":"https:\/\/evertonfc.cz\/index.php\/wp-json\/wp\/v2\/media\/1313"}],"wp:attachment":[{"href":"https:\/\/evertonfc.cz\/index.php\/wp-json\/wp\/v2\/media?parent=3189"}],"wp:term":[{"taxonomy":"category","embeddable":true,"href":"https:\/\/evertonfc.cz\/index.php\/wp-json\/wp\/v2\/categories?post=3189"},{"taxonomy":"post_tag","embeddable":true,"href":"https:\/\/evertonfc.cz\/index.php\/wp-json\/wp\/v2\/tags?post=3189"}],"curies":[{"name":"wp","href":"https:\/\/api.w.org\/{rel}","templated":true}]}}