{"id":3206,"date":"2017-05-16T20:20:38","date_gmt":"2017-05-16T18:20:38","guid":{"rendered":"http:\/\/evertonfc.cz\/?p=3206"},"modified":"2019-02-10T20:23:00","modified_gmt":"2019-02-10T19:23:00","slug":"everton-odtajnil-nove-domaci-dresy","status":"publish","type":"post","link":"https:\/\/evertonfc.cz\/index.php\/2017\/05\/16\/everton-odtajnil-nove-domaci-dresy\/","title":{"rendered":"Everton odtajnil nov\u00e9 dom\u00e1c\u00ed dresy"},"content":{"rendered":"<h4>Everton ve spolupr\u00e1ci s firmou Umbro, jak je znovu tradic\u00ed od roku 2014, zve\u0159ejnil dom\u00e1c\u00ed dresy pro sez\u00f3nu 2017\/18. Krom\u011b pozm\u011bn\u011bn\u00e9ho designu na prvn\u00ed pohled zaujme i nov\u00fd sponzor &#8211; SportPesa.<\/h4>\n<p>Sto lid\u00ed, sto chut\u00ed. \u0158\u00edk\u00e1 se. P\u0159ejdu tedy k fakt\u016fm. Everton po 13 letech ukon\u010dil spolupr\u00e1ci s thajsk\u00fdm pivovarem Chang. Nyn\u00ed se na jeho na dresu bude vyj\u00edmat SportPesa, internetov\u00e1 s\u00e1zkov\u00e1 kancel\u00e1\u0159 p\u016fvodem z Keni.<\/p>\n<p>Everton za p\u011btilet\u00e9 partnerstv\u00ed, zahrnuj\u00edc\u00ed rovn\u011b\u017e pr\u00e1vo na n\u00e1zev tr\u00e9ninkov\u00e9 centra Finch Farm, kter\u00e9 bylo prod\u00e1no spole\u010dnosti USM, inkasuje rekordn\u00edch \u00a375m. Kdy\u017e v roce 2014 klub prodlu\u017eoval smlouvu s Changem, za t\u0159\u00edlet\u00e9 obdob\u00ed si vyjednal\u00a0\u00a316m.<\/p>\n<p>Ve srovn\u00e1n\u00ed s ostatn\u00edmi celky Premier League, Everton obdr\u017e\u00ed od sponzora na dresu sedmou nejvy\u0161\u0161\u00ed sumu.<\/p>\n<p>V oblasti \u0161\u00edje dom\u00e1c\u00edho dresu je um\u00edst\u011bn motiv Dixieho Deana, pokochat se m\u016f\u017eete prost\u0159ednictv\u00edm\u00a0<a href=\"https:\/\/www.youtube.com\/watch?v=LN7JjpO6Nf4\" target=\"_blank\" rel=\"noopener\">ofici\u00e1ln\u00edho videa k\u00a0odhalen\u00ed soupravy<\/a>. Video je nato\u010deno na motivy my\u0161lenky &#8222;Together Blue&#8220; (Spole\u010dn\u00ed mod\u0159\u00ed) a \u00fa\u010dinkuj\u00ed v n\u011bm hr\u00e1\u010di, kte\u0159\u00ed v Evertonu za\u010d\u00ednali od sv\u00fdch mlad\u00fdch let. Bainese, Daviese, Kennyho, J. Williamse dopl\u0148uje Ross Barkley. Znamen\u00e1 to, \u017ee z\u016fst\u00e1v\u00e1?<\/p>\n<p><img loading=\"lazy\" decoding=\"async\" class=\"alignnone size-full wp-image-3204 aligncenter\" src=\"http:\/\/evertonfc.cz\/wp-content\/uploads\/2019\/02\/kit.jpg\" alt=\"\" width=\"450\" height=\"450\" srcset=\"https:\/\/evertonfc.cz\/wp-content\/uploads\/2019\/02\/kit.jpg 450w, https:\/\/evertonfc.cz\/wp-content\/uploads\/2019\/02\/kit-150x150.jpg 150w, https:\/\/evertonfc.cz\/wp-content\/uploads\/2019\/02\/kit-300x300.jpg 300w\" sizes=\"(max-width: 450px) 100vw, 450px\" \/><\/p>\n<p style=\"text-align: center;\"><img loading=\"lazy\" decoding=\"async\" class=\"alignnone size-full wp-image-3203\" src=\"http:\/\/evertonfc.cz\/wp-content\/uploads\/2019\/02\/201718-Home-Kit-3.jpg\" alt=\"\" width=\"450\" height=\"450\" srcset=\"https:\/\/evertonfc.cz\/wp-content\/uploads\/2019\/02\/201718-Home-Kit-3.jpg 450w, https:\/\/evertonfc.cz\/wp-content\/uploads\/2019\/02\/201718-Home-Kit-3-150x150.jpg 150w, https:\/\/evertonfc.cz\/wp-content\/uploads\/2019\/02\/201718-Home-Kit-3-300x300.jpg 300w\" sizes=\"(max-width: 450px) 100vw, 450px\" \/><\/p>\n<p style=\"text-align: center;\"><img loading=\"lazy\" decoding=\"async\" class=\"alignnone size-full wp-image-3202\" src=\"http:\/\/evertonfc.cz\/wp-content\/uploads\/2019\/02\/201718-Home-Kit-1.jpg\" alt=\"\" width=\"423\" height=\"423\" srcset=\"https:\/\/evertonfc.cz\/wp-content\/uploads\/2019\/02\/201718-Home-Kit-1.jpg 423w, https:\/\/evertonfc.cz\/wp-content\/uploads\/2019\/02\/201718-Home-Kit-1-150x150.jpg 150w, https:\/\/evertonfc.cz\/wp-content\/uploads\/2019\/02\/201718-Home-Kit-1-300x300.jpg 300w\" sizes=\"(max-width: 423px) 100vw, 423px\" \/><\/p>\n<h4 style=\"text-align: center;\">Brank\u00e1\u0159sk\u00fd dres<\/h4>\n<p style=\"text-align: center;\"><img loading=\"lazy\" decoding=\"async\" class=\"alignnone size-full wp-image-3201\" src=\"http:\/\/evertonfc.cz\/wp-content\/uploads\/2019\/02\/201718-Goalkeeper-Kit-2.jpg\" alt=\"\" width=\"450\" height=\"450\" srcset=\"https:\/\/evertonfc.cz\/wp-content\/uploads\/2019\/02\/201718-Goalkeeper-Kit-2.jpg 450w, https:\/\/evertonfc.cz\/wp-content\/uploads\/2019\/02\/201718-Goalkeeper-Kit-2-150x150.jpg 150w, https:\/\/evertonfc.cz\/wp-content\/uploads\/2019\/02\/201718-Goalkeeper-Kit-2-300x300.jpg 300w\" sizes=\"(max-width: 450px) 100vw, 450px\" \/><\/p>\n<p style=\"text-align: center;\"><img loading=\"lazy\" decoding=\"async\" class=\"alignnone size-full wp-image-3200\" src=\"http:\/\/evertonfc.cz\/wp-content\/uploads\/2019\/02\/201718-Goalkeeper-Kit-1.jpg\" alt=\"\" width=\"450\" height=\"450\" srcset=\"https:\/\/evertonfc.cz\/wp-content\/uploads\/2019\/02\/201718-Goalkeeper-Kit-1.jpg 450w, https:\/\/evertonfc.cz\/wp-content\/uploads\/2019\/02\/201718-Goalkeeper-Kit-1-150x150.jpg 150w, https:\/\/evertonfc.cz\/wp-content\/uploads\/2019\/02\/201718-Goalkeeper-Kit-1-300x300.jpg 300w\" sizes=\"(max-width: 450px) 100vw, 450px\" \/><\/p>\n<p><img loading=\"lazy\" decoding=\"async\" class=\"alignnone size-full wp-image-3205 aligncenter\" src=\"http:\/\/evertonfc.cz\/wp-content\/uploads\/2019\/02\/goalkeeper.png\" alt=\"\" width=\"423\" height=\"410\" srcset=\"https:\/\/evertonfc.cz\/wp-content\/uploads\/2019\/02\/goalkeeper.png 423w, https:\/\/evertonfc.cz\/wp-content\/uploads\/2019\/02\/goalkeeper-300x291.png 300w\" sizes=\"(max-width: 423px) 100vw, 423px\" \/><\/p>\n","protected":false},"excerpt":{"rendered":"<p>Everton ve spolupr\u00e1ci s firmou Umbro, jak je znovu tradic\u00ed od roku 2014, zve\u0159ejnil dom\u00e1c\u00ed dresy pro sez\u00f3nu 2017\/18. Krom\u011b&hellip;<\/p>\n","protected":false},"author":6,"featured_media":1313,"comment_status":"open","ping_status":"closed","sticky":false,"template":"","format":"standard","meta":{"_eb_attr":"","_monsterinsights_skip_tracking":false,"_monsterinsights_sitenote_active":false,"_monsterinsights_sitenote_note":"","_monsterinsights_sitenote_category":0,"footnotes":""},"categories":[42],"tags":[],"yoast_head":"<!-- This site is optimized with the Yoast SEO plugin v23.4 - https:\/\/yoast.com\/wordpress\/plugins\/seo\/ -->\n<title>Everton odtajnil nov\u00e9 dom\u00e1c\u00ed dresy - Official Czech &amp; Slovak Everton Supporters&#039; Club<\/title>\n<meta name=\"robots\" content=\"index, follow, max-snippet:-1, max-image-preview:large, max-video-preview:-1\" \/>\n<link rel=\"canonical\" href=\"https:\/\/evertonfc.cz\/index.php\/2017\/05\/16\/everton-odtajnil-nove-domaci-dresy\/\" \/>\n<meta property=\"og:locale\" content=\"cs_CZ\" \/>\n<meta property=\"og:type\" content=\"article\" \/>\n<meta property=\"og:title\" content=\"Everton odtajnil nov\u00e9 dom\u00e1c\u00ed dresy - Official Czech &amp; Slovak Everton Supporters&#039; Club\" \/>\n<meta property=\"og:description\" content=\"Everton ve spolupr\u00e1ci s firmou Umbro, jak je znovu tradic\u00ed od roku 2014, zve\u0159ejnil dom\u00e1c\u00ed dresy pro sez\u00f3nu 2017\/18. Krom\u011b&hellip;\" \/>\n<meta property=\"og:url\" content=\"https:\/\/evertonfc.cz\/index.php\/2017\/05\/16\/everton-odtajnil-nove-domaci-dresy\/\" \/>\n<meta property=\"og:site_name\" content=\"Official Czech &amp; Slovak Everton Supporters&#039; Club\" \/>\n<meta property=\"article:publisher\" content=\"https:\/\/www.facebook.com\/everton.fans.cz.sk\" \/>\n<meta property=\"article:published_time\" content=\"2017-05-16T18:20:38+00:00\" \/>\n<meta property=\"article:modified_time\" content=\"2019-02-10T19:23:00+00:00\" \/>\n<meta property=\"og:image\" content=\"https:\/\/evertonfc.cz\/wp-content\/uploads\/2019\/01\/news.jpg\" \/>\n\t<meta property=\"og:image:width\" content=\"720\" \/>\n\t<meta property=\"og:image:height\" content=\"405\" \/>\n\t<meta property=\"og:image:type\" content=\"image\/jpeg\" \/>\n<meta name=\"author\" content=\"Ri\u010di\" \/>\n<meta name=\"twitter:card\" content=\"summary_large_image\" \/>\n<meta name=\"twitter:creator\" content=\"@rbrejsa\" \/>\n<meta name=\"twitter:label1\" content=\"Napsal(a)\" \/>\n\t<meta name=\"twitter:data1\" content=\"Ri\u010di\" \/>\n\t<meta name=\"twitter:label2\" content=\"Odhadovan\u00e1 doba \u010dten\u00ed\" \/>\n\t<meta name=\"twitter:data2\" content=\"1 minuta\" \/>\n<script type=\"application\/ld+json\" class=\"yoast-schema-graph\">{\"@context\":\"https:\/\/schema.org\",\"@graph\":[{\"@type\":\"Article\",\"@id\":\"https:\/\/evertonfc.cz\/index.php\/2017\/05\/16\/everton-odtajnil-nove-domaci-dresy\/#article\",\"isPartOf\":{\"@id\":\"https:\/\/evertonfc.cz\/index.php\/2017\/05\/16\/everton-odtajnil-nove-domaci-dresy\/\"},\"author\":{\"name\":\"Ri\u010di\",\"@id\":\"https:\/\/evertonfc.cz\/#\/schema\/person\/f7a5daedb2ffee98480bc70e191aaef1\"},\"headline\":\"Everton odtajnil nov\u00e9 dom\u00e1c\u00ed dresy\",\"datePublished\":\"2017-05-16T18:20:38+00:00\",\"dateModified\":\"2019-02-10T19:23:00+00:00\",\"mainEntityOfPage\":{\"@id\":\"https:\/\/evertonfc.cz\/index.php\/2017\/05\/16\/everton-odtajnil-nove-domaci-dresy\/\"},\"wordCount\":224,\"commentCount\":0,\"publisher\":{\"@id\":\"https:\/\/evertonfc.cz\/#organization\"},\"image\":{\"@id\":\"https:\/\/evertonfc.cz\/index.php\/2017\/05\/16\/everton-odtajnil-nove-domaci-dresy\/#primaryimage\"},\"thumbnailUrl\":\"https:\/\/evertonfc.cz\/wp-content\/uploads\/2019\/01\/news.jpg\",\"articleSection\":[\"Aktuality\"],\"inLanguage\":\"cs\",\"potentialAction\":[{\"@type\":\"CommentAction\",\"name\":\"Comment\",\"target\":[\"https:\/\/evertonfc.cz\/index.php\/2017\/05\/16\/everton-odtajnil-nove-domaci-dresy\/#respond\"]}]},{\"@type\":\"WebPage\",\"@id\":\"https:\/\/evertonfc.cz\/index.php\/2017\/05\/16\/everton-odtajnil-nove-domaci-dresy\/\",\"url\":\"https:\/\/evertonfc.cz\/index.php\/2017\/05\/16\/everton-odtajnil-nove-domaci-dresy\/\",\"name\":\"Everton odtajnil nov\u00e9 dom\u00e1c\u00ed dresy - Official Czech &amp; Slovak Everton Supporters&#039; Club\",\"isPartOf\":{\"@id\":\"https:\/\/evertonfc.cz\/#website\"},\"primaryImageOfPage\":{\"@id\":\"https:\/\/evertonfc.cz\/index.php\/2017\/05\/16\/everton-odtajnil-nove-domaci-dresy\/#primaryimage\"},\"image\":{\"@id\":\"https:\/\/evertonfc.cz\/index.php\/2017\/05\/16\/everton-odtajnil-nove-domaci-dresy\/#primaryimage\"},\"thumbnailUrl\":\"https:\/\/evertonfc.cz\/wp-content\/uploads\/2019\/01\/news.jpg\",\"datePublished\":\"2017-05-16T18:20:38+00:00\",\"dateModified\":\"2019-02-10T19:23:00+00:00\",\"breadcrumb\":{\"@id\":\"https:\/\/evertonfc.cz\/index.php\/2017\/05\/16\/everton-odtajnil-nove-domaci-dresy\/#breadcrumb\"},\"inLanguage\":\"cs\",\"potentialAction\":[{\"@type\":\"ReadAction\",\"target\":[\"https:\/\/evertonfc.cz\/index.php\/2017\/05\/16\/everton-odtajnil-nove-domaci-dresy\/\"]}]},{\"@type\":\"ImageObject\",\"inLanguage\":\"cs\",\"@id\":\"https:\/\/evertonfc.cz\/index.php\/2017\/05\/16\/everton-odtajnil-nove-domaci-dresy\/#primaryimage\",\"url\":\"https:\/\/evertonfc.cz\/wp-content\/uploads\/2019\/01\/news.jpg\",\"contentUrl\":\"https:\/\/evertonfc.cz\/wp-content\/uploads\/2019\/01\/news.jpg\",\"width\":720,\"height\":405},{\"@type\":\"BreadcrumbList\",\"@id\":\"https:\/\/evertonfc.cz\/index.php\/2017\/05\/16\/everton-odtajnil-nove-domaci-dresy\/#breadcrumb\",\"itemListElement\":[{\"@type\":\"ListItem\",\"position\":1,\"name\":\"Home\",\"item\":\"https:\/\/evertonfc.cz\/\"},{\"@type\":\"ListItem\",\"position\":2,\"name\":\"Everton odtajnil nov\u00e9 dom\u00e1c\u00ed dresy\"}]},{\"@type\":\"WebSite\",\"@id\":\"https:\/\/evertonfc.cz\/#website\",\"url\":\"https:\/\/evertonfc.cz\/\",\"name\":\"Official Czech &amp; Slovak Everton Supporters&#039; Club\",\"description\":\"\",\"publisher\":{\"@id\":\"https:\/\/evertonfc.cz\/#organization\"},\"potentialAction\":[{\"@type\":\"SearchAction\",\"target\":{\"@type\":\"EntryPoint\",\"urlTemplate\":\"https:\/\/evertonfc.cz\/?s={search_term_string}\"},\"query-input\":{\"@type\":\"PropertyValueSpecification\",\"valueRequired\":true,\"valueName\":\"search_term_string\"}}],\"inLanguage\":\"cs\"},{\"@type\":\"Organization\",\"@id\":\"https:\/\/evertonfc.cz\/#organization\",\"name\":\"Official Czech & Slovak Everton Supporters' Club\",\"url\":\"https:\/\/evertonfc.cz\/\",\"logo\":{\"@type\":\"ImageObject\",\"inLanguage\":\"cs\",\"@id\":\"https:\/\/evertonfc.cz\/#\/schema\/logo\/image\/\",\"url\":\"https:\/\/evertonfc.cz\/wp-content\/uploads\/2019\/05\/logo.png\",\"contentUrl\":\"https:\/\/evertonfc.cz\/wp-content\/uploads\/2019\/05\/logo.png\",\"width\":112,\"height\":112,\"caption\":\"Official Czech & Slovak Everton Supporters' Club\"},\"image\":{\"@id\":\"https:\/\/evertonfc.cz\/#\/schema\/logo\/image\/\"},\"sameAs\":[\"https:\/\/www.facebook.com\/everton.fans.cz.sk\"]},{\"@type\":\"Person\",\"@id\":\"https:\/\/evertonfc.cz\/#\/schema\/person\/f7a5daedb2ffee98480bc70e191aaef1\",\"name\":\"Ri\u010di\",\"sameAs\":[\"https:\/\/x.com\/rbrejsa\"],\"url\":\"https:\/\/evertonfc.cz\/index.php\/author\/rici\/\"}]}<\/script>\n<!-- \/ Yoast SEO plugin. -->","yoast_head_json":{"title":"Everton odtajnil nov\u00e9 dom\u00e1c\u00ed dresy - Official Czech &amp; Slovak Everton Supporters&#039; Club","robots":{"index":"index","follow":"follow","max-snippet":"max-snippet:-1","max-image-preview":"max-image-preview:large","max-video-preview":"max-video-preview:-1"},"canonical":"https:\/\/evertonfc.cz\/index.php\/2017\/05\/16\/everton-odtajnil-nove-domaci-dresy\/","og_locale":"cs_CZ","og_type":"article","og_title":"Everton odtajnil nov\u00e9 dom\u00e1c\u00ed dresy - Official Czech &amp; Slovak Everton Supporters&#039; Club","og_description":"Everton ve spolupr\u00e1ci s firmou Umbro, jak je znovu tradic\u00ed od roku 2014, zve\u0159ejnil dom\u00e1c\u00ed dresy pro sez\u00f3nu 2017\/18. Krom\u011b&hellip;","og_url":"https:\/\/evertonfc.cz\/index.php\/2017\/05\/16\/everton-odtajnil-nove-domaci-dresy\/","og_site_name":"Official Czech &amp; Slovak Everton Supporters&#039; Club","article_publisher":"https:\/\/www.facebook.com\/everton.fans.cz.sk","article_published_time":"2017-05-16T18:20:38+00:00","article_modified_time":"2019-02-10T19:23:00+00:00","og_image":[{"width":720,"height":405,"url":"https:\/\/evertonfc.cz\/wp-content\/uploads\/2019\/01\/news.jpg","type":"image\/jpeg"}],"author":"Ri\u010di","twitter_card":"summary_large_image","twitter_creator":"@rbrejsa","twitter_misc":{"Napsal(a)":"Ri\u010di","Odhadovan\u00e1 doba \u010dten\u00ed":"1 minuta"},"schema":{"@context":"https:\/\/schema.org","@graph":[{"@type":"Article","@id":"https:\/\/evertonfc.cz\/index.php\/2017\/05\/16\/everton-odtajnil-nove-domaci-dresy\/#article","isPartOf":{"@id":"https:\/\/evertonfc.cz\/index.php\/2017\/05\/16\/everton-odtajnil-nove-domaci-dresy\/"},"author":{"name":"Ri\u010di","@id":"https:\/\/evertonfc.cz\/#\/schema\/person\/f7a5daedb2ffee98480bc70e191aaef1"},"headline":"Everton odtajnil nov\u00e9 dom\u00e1c\u00ed dresy","datePublished":"2017-05-16T18:20:38+00:00","dateModified":"2019-02-10T19:23:00+00:00","mainEntityOfPage":{"@id":"https:\/\/evertonfc.cz\/index.php\/2017\/05\/16\/everton-odtajnil-nove-domaci-dresy\/"},"wordCount":224,"commentCount":0,"publisher":{"@id":"https:\/\/evertonfc.cz\/#organization"},"image":{"@id":"https:\/\/evertonfc.cz\/index.php\/2017\/05\/16\/everton-odtajnil-nove-domaci-dresy\/#primaryimage"},"thumbnailUrl":"https:\/\/evertonfc.cz\/wp-content\/uploads\/2019\/01\/news.jpg","articleSection":["Aktuality"],"inLanguage":"cs","potentialAction":[{"@type":"CommentAction","name":"Comment","target":["https:\/\/evertonfc.cz\/index.php\/2017\/05\/16\/everton-odtajnil-nove-domaci-dresy\/#respond"]}]},{"@type":"WebPage","@id":"https:\/\/evertonfc.cz\/index.php\/2017\/05\/16\/everton-odtajnil-nove-domaci-dresy\/","url":"https:\/\/evertonfc.cz\/index.php\/2017\/05\/16\/everton-odtajnil-nove-domaci-dresy\/","name":"Everton odtajnil nov\u00e9 dom\u00e1c\u00ed dresy - Official Czech &amp; Slovak Everton Supporters&#039; Club","isPartOf":{"@id":"https:\/\/evertonfc.cz\/#website"},"primaryImageOfPage":{"@id":"https:\/\/evertonfc.cz\/index.php\/2017\/05\/16\/everton-odtajnil-nove-domaci-dresy\/#primaryimage"},"image":{"@id":"https:\/\/evertonfc.cz\/index.php\/2017\/05\/16\/everton-odtajnil-nove-domaci-dresy\/#primaryimage"},"thumbnailUrl":"https:\/\/evertonfc.cz\/wp-content\/uploads\/2019\/01\/news.jpg","datePublished":"2017-05-16T18:20:38+00:00","dateModified":"2019-02-10T19:23:00+00:00","breadcrumb":{"@id":"https:\/\/evertonfc.cz\/index.php\/2017\/05\/16\/everton-odtajnil-nove-domaci-dresy\/#breadcrumb"},"inLanguage":"cs","potentialAction":[{"@type":"ReadAction","target":["https:\/\/evertonfc.cz\/index.php\/2017\/05\/16\/everton-odtajnil-nove-domaci-dresy\/"]}]},{"@type":"ImageObject","inLanguage":"cs","@id":"https:\/\/evertonfc.cz\/index.php\/2017\/05\/16\/everton-odtajnil-nove-domaci-dresy\/#primaryimage","url":"https:\/\/evertonfc.cz\/wp-content\/uploads\/2019\/01\/news.jpg","contentUrl":"https:\/\/evertonfc.cz\/wp-content\/uploads\/2019\/01\/news.jpg","width":720,"height":405},{"@type":"BreadcrumbList","@id":"https:\/\/evertonfc.cz\/index.php\/2017\/05\/16\/everton-odtajnil-nove-domaci-dresy\/#breadcrumb","itemListElement":[{"@type":"ListItem","position":1,"name":"Home","item":"https:\/\/evertonfc.cz\/"},{"@type":"ListItem","position":2,"name":"Everton odtajnil nov\u00e9 dom\u00e1c\u00ed dresy"}]},{"@type":"WebSite","@id":"https:\/\/evertonfc.cz\/#website","url":"https:\/\/evertonfc.cz\/","name":"Official Czech &amp; Slovak Everton Supporters&#039; Club","description":"","publisher":{"@id":"https:\/\/evertonfc.cz\/#organization"},"potentialAction":[{"@type":"SearchAction","target":{"@type":"EntryPoint","urlTemplate":"https:\/\/evertonfc.cz\/?s={search_term_string}"},"query-input":{"@type":"PropertyValueSpecification","valueRequired":true,"valueName":"search_term_string"}}],"inLanguage":"cs"},{"@type":"Organization","@id":"https:\/\/evertonfc.cz\/#organization","name":"Official Czech & Slovak Everton Supporters' Club","url":"https:\/\/evertonfc.cz\/","logo":{"@type":"ImageObject","inLanguage":"cs","@id":"https:\/\/evertonfc.cz\/#\/schema\/logo\/image\/","url":"https:\/\/evertonfc.cz\/wp-content\/uploads\/2019\/05\/logo.png","contentUrl":"https:\/\/evertonfc.cz\/wp-content\/uploads\/2019\/05\/logo.png","width":112,"height":112,"caption":"Official Czech & Slovak Everton Supporters' Club"},"image":{"@id":"https:\/\/evertonfc.cz\/#\/schema\/logo\/image\/"},"sameAs":["https:\/\/www.facebook.com\/everton.fans.cz.sk"]},{"@type":"Person","@id":"https:\/\/evertonfc.cz\/#\/schema\/person\/f7a5daedb2ffee98480bc70e191aaef1","name":"Ri\u010di","sameAs":["https:\/\/x.com\/rbrejsa"],"url":"https:\/\/evertonfc.cz\/index.php\/author\/rici\/"}]}},"_links":{"self":[{"href":"https:\/\/evertonfc.cz\/index.php\/wp-json\/wp\/v2\/posts\/3206"}],"collection":[{"href":"https:\/\/evertonfc.cz\/index.php\/wp-json\/wp\/v2\/posts"}],"about":[{"href":"https:\/\/evertonfc.cz\/index.php\/wp-json\/wp\/v2\/types\/post"}],"author":[{"embeddable":true,"href":"https:\/\/evertonfc.cz\/index.php\/wp-json\/wp\/v2\/users\/6"}],"replies":[{"embeddable":true,"href":"https:\/\/evertonfc.cz\/index.php\/wp-json\/wp\/v2\/comments?post=3206"}],"version-history":[{"count":1,"href":"https:\/\/evertonfc.cz\/index.php\/wp-json\/wp\/v2\/posts\/3206\/revisions"}],"predecessor-version":[{"id":3212,"href":"https:\/\/evertonfc.cz\/index.php\/wp-json\/wp\/v2\/posts\/3206\/revisions\/3212"}],"wp:featuredmedia":[{"embeddable":true,"href":"https:\/\/evertonfc.cz\/index.php\/wp-json\/wp\/v2\/media\/1313"}],"wp:attachment":[{"href":"https:\/\/evertonfc.cz\/index.php\/wp-json\/wp\/v2\/media?parent=3206"}],"wp:term":[{"taxonomy":"category","embeddable":true,"href":"https:\/\/evertonfc.cz\/index.php\/wp-json\/wp\/v2\/categories?post=3206"},{"taxonomy":"post_tag","embeddable":true,"href":"https:\/\/evertonfc.cz\/index.php\/wp-json\/wp\/v2\/tags?post=3206"}],"curies":[{"name":"wp","href":"https:\/\/api.w.org\/{rel}","templated":true}]}}