{"id":3219,"date":"2016-12-29T20:26:47","date_gmt":"2016-12-29T19:26:47","guid":{"rendered":"http:\/\/evertonfc.cz\/?p=3219"},"modified":"2022-01-08T13:34:01","modified_gmt":"2022-01-08T12:34:01","slug":"preview-hull-city-everton","status":"publish","type":"post","link":"https:\/\/evertonfc.cz\/index.php\/2016\/12\/29\/preview-hull-city-everton\/","title":{"rendered":"Preview: Hull City &#8211; Everton"},"content":{"rendered":"<h4 id=\"NewsPostDetailSummary\">Rok 2016 by bylo dobr\u00e9 zakon\u010dit v\u00edt\u011bzstv\u00edm. A kde jinde, ne\u017e na h\u0159i\u0161ti posledn\u00edho t\u00fdmu tabulky, \u017ee?<\/h4>\n<div id=\"NewsPostDetailContent\">\n<p>Jak na tom je n\u00e1\u0161 z\u00edt\u0159ej\u0161\u00ed soupe\u0159? V lize \u0161patn\u011b. Posledn\u00ed m\u00edsto, nejhor\u0161\u00ed \u00fatok v sout\u011b\u017ei a jeden bod z minul\u00fdch p\u011bti ligov\u00fdch z\u00e1pas\u016f. Evertonian by tedy \u0159ekl, \u017ee dovoz t\u0159\u00ed bod\u016f na Merseyside by nem\u011bl b\u00fdt probl\u00e9m. Jen\u017ee snadn\u00e9 to nebude, dom\u00e1c\u00ed hraj\u00ed o sv\u016fj ligov\u00fd \u017eivot a jist\u011b necht\u011bji do silvestrovsk\u00fdch oslav j\u00edt posmutn\u011bl\u00ed. Oba pot\u0159ebuj\u00ed bodovat, jak to tak u\u017e b\u00fdv\u00e1. Co se tedy Hullu v t\u00e9to sez\u00f3n\u011b (aspo\u0148 zat\u00edm) povedlo? Ligov\u00fd poh\u00e1r. Tam postoupil do semifin\u00e1le a zahraje si proti Manchesteru United.<\/p>\n<p>Toffees ji\u017e v Ligov\u00e9m poh\u00e1ru nejsou, ale zaknihovali v\u00fdhru v Leicesteru. Nikdo se nezranil, zlep\u0161en\u00fd v\u00fdkon ve druh\u00e9 p\u016fli korunovala belgick\u00e1 dvojice, ka\u017ed\u00fd jednu branku vst\u0159elil. Zkr\u00e1tka sam\u00e1 pozitiva a soci\u00e1ln\u00ed jistoty. Barry tak m\u016f\u017ee pokra\u010dovat ve stahov\u00e1n\u00ed Giggsova n\u00e1skoku v po\u010dtu odehran\u00fdch ligov\u00fdch z\u00e1pas\u016f.<\/p>\n<p>Kdo si ale nezahraje? Samoz\u0159ejm\u011b dlouhodob\u00ed absent\u00e9\u0159i, tedy Be\u0161i\u0107 a Bolasie. I nad\u00e1le zran\u011bn\u00ed, by\u0165 kr\u00e1tkodob\u011b, jsou McCarthy a Stekelenburg. Je tedy jasn\u00e9, \u017ee v brance bude pokra\u010dovat Robles a \u0161t\u00edtov\u00e1 dvojice nejsp\u00ed\u0161 ve slo\u017een\u00ed Barry &#8211; Gana. Senegalec odlet\u00ed na mistrovstv\u00ed Afriky brzy, ale v pond\u011bl\u00ed proti Southamptonu bude je\u0161t\u011b k dispozici. Nu a Ovieda tak\u00e9 neuvid\u00edme.<\/p>\n<p>Dom\u00e1c\u00ed maj\u00ed po\u010detn\u011bj\u0161\u00ed marodku, dlouhodob\u011b mimo jsou Bruce (noha), Hernandez (k\u00fdla), Keane, Lenihan, Luer a Odubajo. Zbyl\u00e1 \u010dtve\u0159ice m\u00e1 probl\u00e9my s kolenem, k pln\u00e9mu tr\u00e9ninku se naopak po zran\u011bn\u00ed zad vr\u00e1til brank\u00e1\u0159 McGregor.<\/p>\n<p>Utk\u00e1n\u00ed vys\u00edl\u00e1 p\u0159\u00edm\u00fdm p\u0159enosem stanice Digi sport 1.<\/p>\n<p><strong>Co:<\/strong> Hull City AFC &#8211; Everton FC, 19. kolo Premier League<br \/>\n<strong>Kdy:<\/strong> 30.12. 2016 od 21:00 SE\u010c<br \/>\n<strong>Kde:<\/strong> KCOM Stadium, The Circle, Walton Street, Anlaby Road, Hull (kapacita: 25 400)<br \/>\n<strong>Rozhod\u010d\u00ed:<\/strong> Jonathan Moss<\/p>\n<\/div>\n","protected":false},"excerpt":{"rendered":"<p>Rok 2016 by bylo dobr\u00e9 zakon\u010dit v\u00edt\u011bzstv\u00edm. A kde jinde, ne\u017e na h\u0159i\u0161ti posledn\u00edho t\u00fdmu tabulky, \u017ee?<\/p>\n","protected":false},"author":12,"featured_media":17398,"comment_status":"open","ping_status":"closed","sticky":false,"template":"","format":"standard","meta":{"_eb_attr":"","_monsterinsights_skip_tracking":false,"_monsterinsights_sitenote_active":false,"_monsterinsights_sitenote_note":"","_monsterinsights_sitenote_category":0,"footnotes":""},"categories":[4],"tags":[],"yoast_head":"<!-- This site is optimized with the Yoast SEO plugin v23.4 - https:\/\/yoast.com\/wordpress\/plugins\/seo\/ -->\n<title>Preview: Hull City - Everton - Official Czech &amp; Slovak Everton Supporters&#039; Club<\/title>\n<meta name=\"robots\" content=\"index, follow, max-snippet:-1, max-image-preview:large, max-video-preview:-1\" \/>\n<link rel=\"canonical\" href=\"https:\/\/evertonfc.cz\/index.php\/2016\/12\/29\/preview-hull-city-everton\/\" \/>\n<meta property=\"og:locale\" content=\"cs_CZ\" \/>\n<meta property=\"og:type\" content=\"article\" \/>\n<meta property=\"og:title\" content=\"Preview: Hull City - Everton - Official Czech &amp; Slovak Everton Supporters&#039; Club\" \/>\n<meta property=\"og:description\" content=\"Rok 2016 by bylo dobr\u00e9 zakon\u010dit v\u00edt\u011bzstv\u00edm. A kde jinde, ne\u017e na h\u0159i\u0161ti posledn\u00edho t\u00fdmu tabulky, \u017ee?\" \/>\n<meta property=\"og:url\" content=\"https:\/\/evertonfc.cz\/index.php\/2016\/12\/29\/preview-hull-city-everton\/\" \/>\n<meta property=\"og:site_name\" content=\"Official Czech &amp; Slovak Everton Supporters&#039; Club\" \/>\n<meta property=\"article:publisher\" content=\"https:\/\/www.facebook.com\/everton.fans.cz.sk\" \/>\n<meta property=\"article:published_time\" content=\"2016-12-29T19:26:47+00:00\" \/>\n<meta property=\"article:modified_time\" content=\"2022-01-08T12:34:01+00:00\" \/>\n<meta property=\"og:image\" content=\"https:\/\/evertonfc.cz\/wp-content\/uploads\/2022\/01\/Hull-City-VS-Everton.png\" \/>\n\t<meta property=\"og:image:width\" content=\"720\" \/>\n\t<meta property=\"og:image:height\" content=\"405\" \/>\n\t<meta property=\"og:image:type\" content=\"image\/png\" \/>\n<meta name=\"author\" content=\"Javor\" \/>\n<meta name=\"twitter:card\" content=\"summary_large_image\" \/>\n<meta name=\"twitter:creator\" content=\"@LoudinJan\" \/>\n<meta name=\"twitter:label1\" content=\"Napsal(a)\" \/>\n\t<meta name=\"twitter:data1\" content=\"Javor\" \/>\n\t<meta name=\"twitter:label2\" content=\"Odhadovan\u00e1 doba \u010dten\u00ed\" \/>\n\t<meta name=\"twitter:data2\" content=\"2 minuty\" \/>\n<script type=\"application\/ld+json\" class=\"yoast-schema-graph\">{\"@context\":\"https:\/\/schema.org\",\"@graph\":[{\"@type\":\"Article\",\"@id\":\"https:\/\/evertonfc.cz\/index.php\/2016\/12\/29\/preview-hull-city-everton\/#article\",\"isPartOf\":{\"@id\":\"https:\/\/evertonfc.cz\/index.php\/2016\/12\/29\/preview-hull-city-everton\/\"},\"author\":{\"name\":\"Javor\",\"@id\":\"https:\/\/evertonfc.cz\/#\/schema\/person\/b30daf6a5852f4811f8207a17ec1bf78\"},\"headline\":\"Preview: Hull City &#8211; Everton\",\"datePublished\":\"2016-12-29T19:26:47+00:00\",\"dateModified\":\"2022-01-08T12:34:01+00:00\",\"mainEntityOfPage\":{\"@id\":\"https:\/\/evertonfc.cz\/index.php\/2016\/12\/29\/preview-hull-city-everton\/\"},\"wordCount\":355,\"commentCount\":0,\"publisher\":{\"@id\":\"https:\/\/evertonfc.cz\/#organization\"},\"image\":{\"@id\":\"https:\/\/evertonfc.cz\/index.php\/2016\/12\/29\/preview-hull-city-everton\/#primaryimage\"},\"thumbnailUrl\":\"https:\/\/evertonfc.cz\/wp-content\/uploads\/2022\/01\/Hull-City-VS-Everton.png\",\"articleSection\":[\"Z\u00e1pasy\"],\"inLanguage\":\"cs\",\"potentialAction\":[{\"@type\":\"CommentAction\",\"name\":\"Comment\",\"target\":[\"https:\/\/evertonfc.cz\/index.php\/2016\/12\/29\/preview-hull-city-everton\/#respond\"]}]},{\"@type\":\"WebPage\",\"@id\":\"https:\/\/evertonfc.cz\/index.php\/2016\/12\/29\/preview-hull-city-everton\/\",\"url\":\"https:\/\/evertonfc.cz\/index.php\/2016\/12\/29\/preview-hull-city-everton\/\",\"name\":\"Preview: Hull City - Everton - Official Czech &amp; Slovak Everton Supporters&#039; Club\",\"isPartOf\":{\"@id\":\"https:\/\/evertonfc.cz\/#website\"},\"primaryImageOfPage\":{\"@id\":\"https:\/\/evertonfc.cz\/index.php\/2016\/12\/29\/preview-hull-city-everton\/#primaryimage\"},\"image\":{\"@id\":\"https:\/\/evertonfc.cz\/index.php\/2016\/12\/29\/preview-hull-city-everton\/#primaryimage\"},\"thumbnailUrl\":\"https:\/\/evertonfc.cz\/wp-content\/uploads\/2022\/01\/Hull-City-VS-Everton.png\",\"datePublished\":\"2016-12-29T19:26:47+00:00\",\"dateModified\":\"2022-01-08T12:34:01+00:00\",\"breadcrumb\":{\"@id\":\"https:\/\/evertonfc.cz\/index.php\/2016\/12\/29\/preview-hull-city-everton\/#breadcrumb\"},\"inLanguage\":\"cs\",\"potentialAction\":[{\"@type\":\"ReadAction\",\"target\":[\"https:\/\/evertonfc.cz\/index.php\/2016\/12\/29\/preview-hull-city-everton\/\"]}]},{\"@type\":\"ImageObject\",\"inLanguage\":\"cs\",\"@id\":\"https:\/\/evertonfc.cz\/index.php\/2016\/12\/29\/preview-hull-city-everton\/#primaryimage\",\"url\":\"https:\/\/evertonfc.cz\/wp-content\/uploads\/2022\/01\/Hull-City-VS-Everton.png\",\"contentUrl\":\"https:\/\/evertonfc.cz\/wp-content\/uploads\/2022\/01\/Hull-City-VS-Everton.png\",\"width\":720,\"height\":405},{\"@type\":\"BreadcrumbList\",\"@id\":\"https:\/\/evertonfc.cz\/index.php\/2016\/12\/29\/preview-hull-city-everton\/#breadcrumb\",\"itemListElement\":[{\"@type\":\"ListItem\",\"position\":1,\"name\":\"Home\",\"item\":\"https:\/\/evertonfc.cz\/\"},{\"@type\":\"ListItem\",\"position\":2,\"name\":\"Preview: Hull City &#8211; Everton\"}]},{\"@type\":\"WebSite\",\"@id\":\"https:\/\/evertonfc.cz\/#website\",\"url\":\"https:\/\/evertonfc.cz\/\",\"name\":\"Official Czech &amp; Slovak Everton Supporters&#039; Club\",\"description\":\"\",\"publisher\":{\"@id\":\"https:\/\/evertonfc.cz\/#organization\"},\"potentialAction\":[{\"@type\":\"SearchAction\",\"target\":{\"@type\":\"EntryPoint\",\"urlTemplate\":\"https:\/\/evertonfc.cz\/?s={search_term_string}\"},\"query-input\":{\"@type\":\"PropertyValueSpecification\",\"valueRequired\":true,\"valueName\":\"search_term_string\"}}],\"inLanguage\":\"cs\"},{\"@type\":\"Organization\",\"@id\":\"https:\/\/evertonfc.cz\/#organization\",\"name\":\"Official Czech & Slovak Everton Supporters' Club\",\"url\":\"https:\/\/evertonfc.cz\/\",\"logo\":{\"@type\":\"ImageObject\",\"inLanguage\":\"cs\",\"@id\":\"https:\/\/evertonfc.cz\/#\/schema\/logo\/image\/\",\"url\":\"https:\/\/evertonfc.cz\/wp-content\/uploads\/2019\/05\/logo.png\",\"contentUrl\":\"https:\/\/evertonfc.cz\/wp-content\/uploads\/2019\/05\/logo.png\",\"width\":112,\"height\":112,\"caption\":\"Official Czech & Slovak Everton Supporters' Club\"},\"image\":{\"@id\":\"https:\/\/evertonfc.cz\/#\/schema\/logo\/image\/\"},\"sameAs\":[\"https:\/\/www.facebook.com\/everton.fans.cz.sk\"]},{\"@type\":\"Person\",\"@id\":\"https:\/\/evertonfc.cz\/#\/schema\/person\/b30daf6a5852f4811f8207a17ec1bf78\",\"name\":\"Javor\",\"sameAs\":[\"https:\/\/x.com\/LoudinJan\"],\"url\":\"https:\/\/evertonfc.cz\/index.php\/author\/javor\/\"}]}<\/script>\n<!-- \/ Yoast SEO plugin. -->","yoast_head_json":{"title":"Preview: Hull City - Everton - Official Czech &amp; Slovak Everton Supporters&#039; Club","robots":{"index":"index","follow":"follow","max-snippet":"max-snippet:-1","max-image-preview":"max-image-preview:large","max-video-preview":"max-video-preview:-1"},"canonical":"https:\/\/evertonfc.cz\/index.php\/2016\/12\/29\/preview-hull-city-everton\/","og_locale":"cs_CZ","og_type":"article","og_title":"Preview: Hull City - Everton - Official Czech &amp; Slovak Everton Supporters&#039; Club","og_description":"Rok 2016 by bylo dobr\u00e9 zakon\u010dit v\u00edt\u011bzstv\u00edm. A kde jinde, ne\u017e na h\u0159i\u0161ti posledn\u00edho t\u00fdmu tabulky, \u017ee?","og_url":"https:\/\/evertonfc.cz\/index.php\/2016\/12\/29\/preview-hull-city-everton\/","og_site_name":"Official Czech &amp; Slovak Everton Supporters&#039; Club","article_publisher":"https:\/\/www.facebook.com\/everton.fans.cz.sk","article_published_time":"2016-12-29T19:26:47+00:00","article_modified_time":"2022-01-08T12:34:01+00:00","og_image":[{"width":720,"height":405,"url":"https:\/\/evertonfc.cz\/wp-content\/uploads\/2022\/01\/Hull-City-VS-Everton.png","type":"image\/png"}],"author":"Javor","twitter_card":"summary_large_image","twitter_creator":"@LoudinJan","twitter_misc":{"Napsal(a)":"Javor","Odhadovan\u00e1 doba \u010dten\u00ed":"2 minuty"},"schema":{"@context":"https:\/\/schema.org","@graph":[{"@type":"Article","@id":"https:\/\/evertonfc.cz\/index.php\/2016\/12\/29\/preview-hull-city-everton\/#article","isPartOf":{"@id":"https:\/\/evertonfc.cz\/index.php\/2016\/12\/29\/preview-hull-city-everton\/"},"author":{"name":"Javor","@id":"https:\/\/evertonfc.cz\/#\/schema\/person\/b30daf6a5852f4811f8207a17ec1bf78"},"headline":"Preview: Hull City &#8211; Everton","datePublished":"2016-12-29T19:26:47+00:00","dateModified":"2022-01-08T12:34:01+00:00","mainEntityOfPage":{"@id":"https:\/\/evertonfc.cz\/index.php\/2016\/12\/29\/preview-hull-city-everton\/"},"wordCount":355,"commentCount":0,"publisher":{"@id":"https:\/\/evertonfc.cz\/#organization"},"image":{"@id":"https:\/\/evertonfc.cz\/index.php\/2016\/12\/29\/preview-hull-city-everton\/#primaryimage"},"thumbnailUrl":"https:\/\/evertonfc.cz\/wp-content\/uploads\/2022\/01\/Hull-City-VS-Everton.png","articleSection":["Z\u00e1pasy"],"inLanguage":"cs","potentialAction":[{"@type":"CommentAction","name":"Comment","target":["https:\/\/evertonfc.cz\/index.php\/2016\/12\/29\/preview-hull-city-everton\/#respond"]}]},{"@type":"WebPage","@id":"https:\/\/evertonfc.cz\/index.php\/2016\/12\/29\/preview-hull-city-everton\/","url":"https:\/\/evertonfc.cz\/index.php\/2016\/12\/29\/preview-hull-city-everton\/","name":"Preview: Hull City - Everton - Official Czech &amp; Slovak Everton Supporters&#039; Club","isPartOf":{"@id":"https:\/\/evertonfc.cz\/#website"},"primaryImageOfPage":{"@id":"https:\/\/evertonfc.cz\/index.php\/2016\/12\/29\/preview-hull-city-everton\/#primaryimage"},"image":{"@id":"https:\/\/evertonfc.cz\/index.php\/2016\/12\/29\/preview-hull-city-everton\/#primaryimage"},"thumbnailUrl":"https:\/\/evertonfc.cz\/wp-content\/uploads\/2022\/01\/Hull-City-VS-Everton.png","datePublished":"2016-12-29T19:26:47+00:00","dateModified":"2022-01-08T12:34:01+00:00","breadcrumb":{"@id":"https:\/\/evertonfc.cz\/index.php\/2016\/12\/29\/preview-hull-city-everton\/#breadcrumb"},"inLanguage":"cs","potentialAction":[{"@type":"ReadAction","target":["https:\/\/evertonfc.cz\/index.php\/2016\/12\/29\/preview-hull-city-everton\/"]}]},{"@type":"ImageObject","inLanguage":"cs","@id":"https:\/\/evertonfc.cz\/index.php\/2016\/12\/29\/preview-hull-city-everton\/#primaryimage","url":"https:\/\/evertonfc.cz\/wp-content\/uploads\/2022\/01\/Hull-City-VS-Everton.png","contentUrl":"https:\/\/evertonfc.cz\/wp-content\/uploads\/2022\/01\/Hull-City-VS-Everton.png","width":720,"height":405},{"@type":"BreadcrumbList","@id":"https:\/\/evertonfc.cz\/index.php\/2016\/12\/29\/preview-hull-city-everton\/#breadcrumb","itemListElement":[{"@type":"ListItem","position":1,"name":"Home","item":"https:\/\/evertonfc.cz\/"},{"@type":"ListItem","position":2,"name":"Preview: Hull City &#8211; Everton"}]},{"@type":"WebSite","@id":"https:\/\/evertonfc.cz\/#website","url":"https:\/\/evertonfc.cz\/","name":"Official Czech &amp; Slovak Everton Supporters&#039; Club","description":"","publisher":{"@id":"https:\/\/evertonfc.cz\/#organization"},"potentialAction":[{"@type":"SearchAction","target":{"@type":"EntryPoint","urlTemplate":"https:\/\/evertonfc.cz\/?s={search_term_string}"},"query-input":{"@type":"PropertyValueSpecification","valueRequired":true,"valueName":"search_term_string"}}],"inLanguage":"cs"},{"@type":"Organization","@id":"https:\/\/evertonfc.cz\/#organization","name":"Official Czech & Slovak Everton Supporters' Club","url":"https:\/\/evertonfc.cz\/","logo":{"@type":"ImageObject","inLanguage":"cs","@id":"https:\/\/evertonfc.cz\/#\/schema\/logo\/image\/","url":"https:\/\/evertonfc.cz\/wp-content\/uploads\/2019\/05\/logo.png","contentUrl":"https:\/\/evertonfc.cz\/wp-content\/uploads\/2019\/05\/logo.png","width":112,"height":112,"caption":"Official Czech & Slovak Everton Supporters' Club"},"image":{"@id":"https:\/\/evertonfc.cz\/#\/schema\/logo\/image\/"},"sameAs":["https:\/\/www.facebook.com\/everton.fans.cz.sk"]},{"@type":"Person","@id":"https:\/\/evertonfc.cz\/#\/schema\/person\/b30daf6a5852f4811f8207a17ec1bf78","name":"Javor","sameAs":["https:\/\/x.com\/LoudinJan"],"url":"https:\/\/evertonfc.cz\/index.php\/author\/javor\/"}]}},"_links":{"self":[{"href":"https:\/\/evertonfc.cz\/index.php\/wp-json\/wp\/v2\/posts\/3219"}],"collection":[{"href":"https:\/\/evertonfc.cz\/index.php\/wp-json\/wp\/v2\/posts"}],"about":[{"href":"https:\/\/evertonfc.cz\/index.php\/wp-json\/wp\/v2\/types\/post"}],"author":[{"embeddable":true,"href":"https:\/\/evertonfc.cz\/index.php\/wp-json\/wp\/v2\/users\/12"}],"replies":[{"embeddable":true,"href":"https:\/\/evertonfc.cz\/index.php\/wp-json\/wp\/v2\/comments?post=3219"}],"version-history":[{"count":3,"href":"https:\/\/evertonfc.cz\/index.php\/wp-json\/wp\/v2\/posts\/3219\/revisions"}],"predecessor-version":[{"id":17403,"href":"https:\/\/evertonfc.cz\/index.php\/wp-json\/wp\/v2\/posts\/3219\/revisions\/17403"}],"wp:featuredmedia":[{"embeddable":true,"href":"https:\/\/evertonfc.cz\/index.php\/wp-json\/wp\/v2\/media\/17398"}],"wp:attachment":[{"href":"https:\/\/evertonfc.cz\/index.php\/wp-json\/wp\/v2\/media?parent=3219"}],"wp:term":[{"taxonomy":"category","embeddable":true,"href":"https:\/\/evertonfc.cz\/index.php\/wp-json\/wp\/v2\/categories?post=3219"},{"taxonomy":"post_tag","embeddable":true,"href":"https:\/\/evertonfc.cz\/index.php\/wp-json\/wp\/v2\/tags?post=3219"}],"curies":[{"name":"wp","href":"https:\/\/api.w.org\/{rel}","templated":true}]}}